{"id":128027,"date":"2023-03-16T10:49:56","date_gmt":"2023-03-16T13:49:56","guid":{"rendered":"https:\/\/www.informelitoral.com.ar\/?p=128027"},"modified":"2023-03-16T22:47:11","modified_gmt":"2023-03-17T01:47:11","slug":"plazos-fijos-evaluan-una-inminente-suba-de-las-tasas-de-interes","status":"publish","type":"post","link":"https:\/\/informelitoral.com.ar\/plazos-fijos-evaluan-una-inminente-suba-de-las-tasas-de-interes\/","title":{"rendered":"Plazos fijos: eval\u00faan una inminente suba de las tasas de inter\u00e9s"},"content":{"rendered":"<p>El Banco Central de la Rep\u00fablica Argentina (BCRA) analizar\u00e1 en las pr\u00f3ximas horas un aumento de la tasa de inter\u00e9s de referencia -actualmente en 75%- tras conocerse la variaci\u00f3n de precios de febrero, que incluy\u00f3 un fuerte aumento de la inflaci\u00f3n n\u00facleo, que hab\u00eda sido tomada como ancla por la entidad para sostener su pol\u00edtica monetaria.<\/p>\n<p>El Instituto Nacional de Estad\u00edstica y Censos (INDEC) inform\u00f3 que la variaci\u00f3n general del \u00cdndice de Precios al Consumidor (IPC) fue del 6,6%, pero en el desglose de este indicador surgi\u00f3 un dato extremadamente preocupante: la inflaci\u00f3n n\u00facleo fue del 7,7%.<\/p>\n<p>La inflaci\u00f3n n\u00facleo es aquella que mide el organismo despejando factores estacionales y que, por su composici\u00f3n, tiende a sostenerse con menos volatilidad en el mediano plazo. Sus movimientos ofrecen una mayor certeza de c\u00f3mo es la inercia inflacionaria.<\/p>\n<p>El Banco Central mantiene desde hace seis meses su tasa de pol\u00edtica monetaria en 75%. La \u00faltima correcci\u00f3n fue el 15 de septiembre de 2022 cuando la elev\u00f3 desde el 69,5% previo.<\/p>\n<p>Desde esa fecha, pudo sostenerla por la desaceleraci\u00f3n inflacionaria de noviembre y los resultados de diciembre y enero, meses en los que la inflaci\u00f3n n\u00facleo se hab\u00eda mantenido en par\u00e1metros consistentes con la pol\u00edtica monetaria.<\/p>\n<p>Es m\u00e1s, los comunicados de la entidad argumentaban a favor de ese punto, pero el dato de febrero result\u00f3 altamente preocupante ya que la inflaci\u00f3n n\u00facleo salt\u00f3 del 5,4% en enero al 7,7% en febrero. Pero el an\u00e1lisis que entrega el INDEC ofrece puntos alarmantes como, por ejemplo, que en el Noroeste fue del 9,2%, en el Noreste del 8,9% y en Cuyo del 8,3%.<\/p>\n","protected":false},"excerpt":{"rendered":"<p>El Banco Central mantiene desde hace seis meses su tasa de pol\u00edtica monetaria en 75%. La \u00faltima correcci\u00f3n fue el 15 de septiembre de 2022. Tras un fuerte aumento de la inflaci\u00f3n n\u00facleo, analizar\u00e1 si aplica un incremento.<\/p>\n","protected":false},"author":8,"featured_media":127944,"comment_status":"open","ping_status":"open","sticky":false,"template":"","format":"standard","meta":{"fifu_image_url":"","fifu_image_alt":"","footnotes":""},"categories":[1594,7],"tags":[3617,2059],"class_list":{"0":"post-128027","1":"post","2":"type-post","3":"status-publish","4":"format-standard","5":"has-post-thumbnail","7":"category-economia","8":"category-nacionales","9":"tag-plazo-fijo","10":"tag-plazos-fijos"},"yoast_head":"<title>Plazos fijos: eval\u00faan una inminente suba de las tasas de inter\u00e9s - Informe Litoral<\/title>\n<meta name=\"robots\" content=\"index, follow, max-snippet:-1, max-image-preview:large, max-video-preview:-1\" \/>\n<link rel=\"canonical\" href=\"https:\/\/informelitoral.com.ar\/plazos-fijos-evaluan-una-inminente-suba-de-las-tasas-de-interes\/\" \/>\n<meta property=\"og:locale\" content=\"es_ES\" \/>\n<meta property=\"og:type\" content=\"article\" \/>\n<meta property=\"og:title\" content=\"Plazos fijos: eval\u00faan una inminente suba de las tasas de inter\u00e9s - Informe Litoral\" \/>\n<meta property=\"og:description\" content=\"El Banco Central mantiene desde hace seis meses su tasa de pol\u00edtica monetaria en 75%. La \u00faltima correcci\u00f3n fue el 15 de septiembre de 2022. Tras un fuerte aumento de la inflaci\u00f3n n\u00facleo, analizar\u00e1 si aplica un incremento.\" \/>\n<meta property=\"og:url\" content=\"https:\/\/informelitoral.com.ar\/plazos-fijos-evaluan-una-inminente-suba-de-las-tasas-de-interes\/\" \/>\n<meta property=\"og:site_name\" content=\"Informe Litoral\" \/>\n<meta property=\"article:publisher\" content=\"https:\/\/www.facebook.com\/informelitoral\/\" \/>\n<meta property=\"article:published_time\" content=\"2023-03-16T13:49:56+00:00\" \/>\n<meta property=\"article:modified_time\" content=\"2023-03-17T01:47:11+00:00\" \/>\n<meta property=\"og:image\" content=\"https:\/\/informelitoral.com.ar\/%77%70%2d%63%6f%6e%74%65%6e%74\/uploads\/2023\/03\/5eb9bca371c56_905_510.jpg\" \/>\n\t<meta property=\"og:image:width\" content=\"905\" \/>\n\t<meta property=\"og:image:height\" content=\"510\" \/>\n\t<meta property=\"og:image:type\" content=\"image\/jpeg\" \/>\n<meta name=\"author\" content=\"Sebastian\" \/>\n<meta name=\"twitter:card\" content=\"summary_large_image\" \/>\n<meta name=\"twitter:creator\" content=\"@InformeLitoral\" \/>\n<meta name=\"twitter:site\" content=\"@InformeLitoral\" \/>\n<meta name=\"twitter:label1\" content=\"Escrito por\" \/>\n\t<meta name=\"twitter:data1\" content=\"Sebastian\" \/>\n\t<meta name=\"twitter:label2\" content=\"Tiempo de lectura\" \/>\n\t<meta name=\"twitter:data2\" content=\"1 minuto\" \/>\n<script type=\"application\/ld+json\" class=\"yoast-schema-graph\">{\"@context\":\"https:\\\/\\\/schema.org\",\"@graph\":[{\"@type\":\"Article\",\"@id\":\"https:\\\/\\\/informelitoral.com.ar\\\/plazos-fijos-evaluan-una-inminente-suba-de-las-tasas-de-interes\\\/#article\",\"isPartOf\":{\"@id\":\"https:\\\/\\\/informelitoral.com.ar\\\/plazos-fijos-evaluan-una-inminente-suba-de-las-tasas-de-interes\\\/\"},\"author\":{\"name\":\"Sebastian\",\"@id\":\"https:\\\/\\\/informelitoral.com.ar\\\/#\\\/schema\\\/person\\\/f05f9f461677119578717524b127d6d5\"},\"headline\":\"Plazos fijos: eval\u00faan una inminente suba de las tasas de inter\u00e9s\",\"datePublished\":\"2023-03-16T13:49:56+00:00\",\"dateModified\":\"2023-03-17T01:47:11+00:00\",\"mainEntityOfPage\":{\"@id\":\"https:\\\/\\\/informelitoral.com.ar\\\/plazos-fijos-evaluan-una-inminente-suba-de-las-tasas-de-interes\\\/\"},\"wordCount\":298,\"commentCount\":0,\"publisher\":{\"@id\":\"https:\\\/\\\/informelitoral.com.ar\\\/#organization\"},\"image\":{\"@id\":\"https:\\\/\\\/informelitoral.com.ar\\\/plazos-fijos-evaluan-una-inminente-suba-de-las-tasas-de-interes\\\/#primaryimage\"},\"thumbnailUrl\":\"https:\\\/\\\/informelitoral.com.ar\\\/%77%70%2d%63%6f%6e%74%65%6e%74\\\/uploads\\\/2023\\\/03\\\/5eb9bca371c56_905_510.jpg\",\"keywords\":[\"Plazo fijo\",\"Plazos fijos\"],\"articleSection\":[\"Econom\u00eda\",\"Nacionales\"],\"inLanguage\":\"es\",\"potentialAction\":[{\"@type\":\"CommentAction\",\"name\":\"Comment\",\"target\":[\"https:\\\/\\\/informelitoral.com.ar\\\/plazos-fijos-evaluan-una-inminente-suba-de-las-tasas-de-interes\\\/#respond\"]}]},{\"@type\":\"WebPage\",\"@id\":\"https:\\\/\\\/informelitoral.com.ar\\\/plazos-fijos-evaluan-una-inminente-suba-de-las-tasas-de-interes\\\/\",\"url\":\"https:\\\/\\\/informelitoral.com.ar\\\/plazos-fijos-evaluan-una-inminente-suba-de-las-tasas-de-interes\\\/\",\"name\":\"Plazos fijos: eval\u00faan una inminente suba de las tasas de inter\u00e9s - Informe Litoral\",\"isPartOf\":{\"@id\":\"https:\\\/\\\/informelitoral.com.ar\\\/#website\"},\"primaryImageOfPage\":{\"@id\":\"https:\\\/\\\/informelitoral.com.ar\\\/plazos-fijos-evaluan-una-inminente-suba-de-las-tasas-de-interes\\\/#primaryimage\"},\"image\":{\"@id\":\"https:\\\/\\\/informelitoral.com.ar\\\/plazos-fijos-evaluan-una-inminente-suba-de-las-tasas-de-interes\\\/#primaryimage\"},\"thumbnailUrl\":\"https:\\\/\\\/informelitoral.com.ar\\\/%77%70%2d%63%6f%6e%74%65%6e%74\\\/uploads\\\/2023\\\/03\\\/5eb9bca371c56_905_510.jpg\",\"datePublished\":\"2023-03-16T13:49:56+00:00\",\"dateModified\":\"2023-03-17T01:47:11+00:00\",\"breadcrumb\":{\"@id\":\"https:\\\/\\\/informelitoral.com.ar\\\/plazos-fijos-evaluan-una-inminente-suba-de-las-tasas-de-interes\\\/#breadcrumb\"},\"inLanguage\":\"es\",\"potentialAction\":[{\"@type\":\"ReadAction\",\"target\":[\"https:\\\/\\\/informelitoral.com.ar\\\/plazos-fijos-evaluan-una-inminente-suba-de-las-tasas-de-interes\\\/\"]}]},{\"@type\":\"ImageObject\",\"inLanguage\":\"es\",\"@id\":\"https:\\\/\\\/informelitoral.com.ar\\\/plazos-fijos-evaluan-una-inminente-suba-de-las-tasas-de-interes\\\/#primaryimage\",\"url\":\"https:\\\/\\\/informelitoral.com.ar\\\/%77%70%2d%63%6f%6e%74%65%6e%74\\\/uploads\\\/2023\\\/03\\\/5eb9bca371c56_905_510.jpg\",\"contentUrl\":\"https:\\\/\\\/informelitoral.com.ar\\\/%77%70%2d%63%6f%6e%74%65%6e%74\\\/uploads\\\/2023\\\/03\\\/5eb9bca371c56_905_510.jpg\",\"width\":905,\"height\":510},{\"@type\":\"BreadcrumbList\",\"@id\":\"https:\\\/\\\/informelitoral.com.ar\\\/plazos-fijos-evaluan-una-inminente-suba-de-las-tasas-de-interes\\\/#breadcrumb\",\"itemListElement\":[{\"@type\":\"ListItem\",\"position\":1,\"name\":\"Portada\",\"item\":\"https:\\\/\\\/informelitoral.com.ar\\\/\"},{\"@type\":\"ListItem\",\"position\":2,\"name\":\"Plazos fijos: eval\u00faan una inminente suba de las tasas de inter\u00e9s\"}]},{\"@type\":\"WebSite\",\"@id\":\"https:\\\/\\\/informelitoral.com.ar\\\/#website\",\"url\":\"https:\\\/\\\/informelitoral.com.ar\\\/\",\"name\":\"Informe Litoral\",\"description\":\"&quot;Nos informamos&quot; \",\"publisher\":{\"@id\":\"https:\\\/\\\/informelitoral.com.ar\\\/#organization\"},\"potentialAction\":[{\"@type\":\"SearchAction\",\"target\":{\"@type\":\"EntryPoint\",\"urlTemplate\":\"https:\\\/\\\/informelitoral.com.ar\\\/?s={search_term_string}\"},\"query-input\":{\"@type\":\"PropertyValueSpecification\",\"valueRequired\":true,\"valueName\":\"search_term_string\"}}],\"inLanguage\":\"es\"},{\"@type\":\"Organization\",\"@id\":\"https:\\\/\\\/informelitoral.com.ar\\\/#organization\",\"name\":\"Informe Litoral\",\"url\":\"https:\\\/\\\/informelitoral.com.ar\\\/\",\"logo\":{\"@type\":\"ImageObject\",\"inLanguage\":\"es\",\"@id\":\"https:\\\/\\\/informelitoral.com.ar\\\/#\\\/schema\\\/logo\\\/image\\\/\",\"url\":\"https:\\\/\\\/informelitoral.com.ar\\\/%77%70%2d%63%6f%6e%74%65%6e%74\\\/uploads\\\/2021\\\/01\\\/circulo.png\",\"contentUrl\":\"https:\\\/\\\/informelitoral.com.ar\\\/%77%70%2d%63%6f%6e%74%65%6e%74\\\/uploads\\\/2021\\\/01\\\/circulo.png\",\"width\":723,\"height\":731,\"caption\":\"Informe Litoral\"},\"image\":{\"@id\":\"https:\\\/\\\/informelitoral.com.ar\\\/#\\\/schema\\\/logo\\\/image\\\/\"},\"sameAs\":[\"https:\\\/\\\/www.facebook.com\\\/informelitoral\\\/\",\"https:\\\/\\\/x.com\\\/InformeLitoral\",\"https:\\\/\\\/www.instagram.com\\\/informelitoral\\\/\",\"https:\\\/\\\/www.youtube.com\\\/channel\\\/UCua4Qvz8Icb6MYqhoq9xLXw\"]},{\"@type\":\"Person\",\"@id\":\"https:\\\/\\\/informelitoral.com.ar\\\/#\\\/schema\\\/person\\\/f05f9f461677119578717524b127d6d5\",\"name\":\"Sebastian\",\"image\":{\"@type\":\"ImageObject\",\"inLanguage\":\"es\",\"@id\":\"https:\\\/\\\/secure.gravatar.com\\\/avatar\\\/b71bf7481d447dfb9583c7f2798e7cc64de6efb9067b74633ed8c31059a3bd82?s=96&d=mm&r=g\",\"url\":\"https:\\\/\\\/secure.gravatar.com\\\/avatar\\\/b71bf7481d447dfb9583c7f2798e7cc64de6efb9067b74633ed8c31059a3bd82?s=96&d=mm&r=g\",\"contentUrl\":\"https:\\\/\\\/secure.gravatar.com\\\/avatar\\\/b71bf7481d447dfb9583c7f2798e7cc64de6efb9067b74633ed8c31059a3bd82?s=96&d=mm&r=g\",\"caption\":\"Sebastian\"},\"url\":\"https:\\\/\\\/informelitoral.com.ar\\\/author\\\/sebastian\\\/\"}]}<\/script>","yoast_head_json":{"title":"Plazos fijos: eval\u00faan una inminente suba de las tasas de inter\u00e9s - Informe Litoral","robots":{"index":"index","follow":"follow","max-snippet":"max-snippet:-1","max-image-preview":"max-image-preview:large","max-video-preview":"max-video-preview:-1"},"canonical":"https:\/\/informelitoral.com.ar\/plazos-fijos-evaluan-una-inminente-suba-de-las-tasas-de-interes\/","og_locale":"es_ES","og_type":"article","og_title":"Plazos fijos: eval\u00faan una inminente suba de las tasas de inter\u00e9s - Informe Litoral","og_description":"El Banco Central mantiene desde hace seis meses su tasa de pol\u00edtica monetaria en 75%. La \u00faltima correcci\u00f3n fue el 15 de septiembre de 2022. Tras un fuerte aumento de la inflaci\u00f3n n\u00facleo, analizar\u00e1 si aplica un incremento.","og_url":"https:\/\/informelitoral.com.ar\/plazos-fijos-evaluan-una-inminente-suba-de-las-tasas-de-interes\/","og_site_name":"Informe Litoral","article_publisher":"https:\/\/www.facebook.com\/informelitoral\/","article_published_time":"2023-03-16T13:49:56+00:00","article_modified_time":"2023-03-17T01:47:11+00:00","og_image":[{"width":905,"height":510,"url":"https:\/\/informelitoral.com.ar\/%77%70%2d%63%6f%6e%74%65%6e%74\/uploads\/2023\/03\/5eb9bca371c56_905_510.jpg","type":"image\/jpeg"}],"author":"Sebastian","twitter_card":"summary_large_image","twitter_creator":"@InformeLitoral","twitter_site":"@InformeLitoral","twitter_misc":{"Escrito por":"Sebastian","Tiempo de lectura":"1 minuto"},"schema":{"@context":"https:\/\/schema.org","@graph":[{"@type":"Article","@id":"https:\/\/informelitoral.com.ar\/plazos-fijos-evaluan-una-inminente-suba-de-las-tasas-de-interes\/#article","isPartOf":{"@id":"https:\/\/informelitoral.com.ar\/plazos-fijos-evaluan-una-inminente-suba-de-las-tasas-de-interes\/"},"author":{"name":"Sebastian","@id":"https:\/\/informelitoral.com.ar\/#\/schema\/person\/f05f9f461677119578717524b127d6d5"},"headline":"Plazos fijos: eval\u00faan una inminente suba de las tasas de inter\u00e9s","datePublished":"2023-03-16T13:49:56+00:00","dateModified":"2023-03-17T01:47:11+00:00","mainEntityOfPage":{"@id":"https:\/\/informelitoral.com.ar\/plazos-fijos-evaluan-una-inminente-suba-de-las-tasas-de-interes\/"},"wordCount":298,"commentCount":0,"publisher":{"@id":"https:\/\/informelitoral.com.ar\/#organization"},"image":{"@id":"https:\/\/informelitoral.com.ar\/plazos-fijos-evaluan-una-inminente-suba-de-las-tasas-de-interes\/#primaryimage"},"thumbnailUrl":"https:\/\/informelitoral.com.ar\/%77%70%2d%63%6f%6e%74%65%6e%74\/uploads\/2023\/03\/5eb9bca371c56_905_510.jpg","keywords":["Plazo fijo","Plazos fijos"],"articleSection":["Econom\u00eda","Nacionales"],"inLanguage":"es","potentialAction":[{"@type":"CommentAction","name":"Comment","target":["https:\/\/informelitoral.com.ar\/plazos-fijos-evaluan-una-inminente-suba-de-las-tasas-de-interes\/#respond"]}]},{"@type":"WebPage","@id":"https:\/\/informelitoral.com.ar\/plazos-fijos-evaluan-una-inminente-suba-de-las-tasas-de-interes\/","url":"https:\/\/informelitoral.com.ar\/plazos-fijos-evaluan-una-inminente-suba-de-las-tasas-de-interes\/","name":"Plazos fijos: eval\u00faan una inminente suba de las tasas de inter\u00e9s - Informe Litoral","isPartOf":{"@id":"https:\/\/informelitoral.com.ar\/#website"},"primaryImageOfPage":{"@id":"https:\/\/informelitoral.com.ar\/plazos-fijos-evaluan-una-inminente-suba-de-las-tasas-de-interes\/#primaryimage"},"image":{"@id":"https:\/\/informelitoral.com.ar\/plazos-fijos-evaluan-una-inminente-suba-de-las-tasas-de-interes\/#primaryimage"},"thumbnailUrl":"https:\/\/informelitoral.com.ar\/%77%70%2d%63%6f%6e%74%65%6e%74\/uploads\/2023\/03\/5eb9bca371c56_905_510.jpg","datePublished":"2023-03-16T13:49:56+00:00","dateModified":"2023-03-17T01:47:11+00:00","breadcrumb":{"@id":"https:\/\/informelitoral.com.ar\/plazos-fijos-evaluan-una-inminente-suba-de-las-tasas-de-interes\/#breadcrumb"},"inLanguage":"es","potentialAction":[{"@type":"ReadAction","target":["https:\/\/informelitoral.com.ar\/plazos-fijos-evaluan-una-inminente-suba-de-las-tasas-de-interes\/"]}]},{"@type":"ImageObject","inLanguage":"es","@id":"https:\/\/informelitoral.com.ar\/plazos-fijos-evaluan-una-inminente-suba-de-las-tasas-de-interes\/#primaryimage","url":"https:\/\/informelitoral.com.ar\/%77%70%2d%63%6f%6e%74%65%6e%74\/uploads\/2023\/03\/5eb9bca371c56_905_510.jpg","contentUrl":"https:\/\/informelitoral.com.ar\/%77%70%2d%63%6f%6e%74%65%6e%74\/uploads\/2023\/03\/5eb9bca371c56_905_510.jpg","width":905,"height":510},{"@type":"BreadcrumbList","@id":"https:\/\/informelitoral.com.ar\/plazos-fijos-evaluan-una-inminente-suba-de-las-tasas-de-interes\/#breadcrumb","itemListElement":[{"@type":"ListItem","position":1,"name":"Portada","item":"https:\/\/informelitoral.com.ar\/"},{"@type":"ListItem","position":2,"name":"Plazos fijos: eval\u00faan una inminente suba de las tasas de inter\u00e9s"}]},{"@type":"WebSite","@id":"https:\/\/informelitoral.com.ar\/#website","url":"https:\/\/informelitoral.com.ar\/","name":"Informe Litoral","description":"&quot;Nos informamos&quot; ","publisher":{"@id":"https:\/\/informelitoral.com.ar\/#organization"},"potentialAction":[{"@type":"SearchAction","target":{"@type":"EntryPoint","urlTemplate":"https:\/\/informelitoral.com.ar\/?s={search_term_string}"},"query-input":{"@type":"PropertyValueSpecification","valueRequired":true,"valueName":"search_term_string"}}],"inLanguage":"es"},{"@type":"Organization","@id":"https:\/\/informelitoral.com.ar\/#organization","name":"Informe Litoral","url":"https:\/\/informelitoral.com.ar\/","logo":{"@type":"ImageObject","inLanguage":"es","@id":"https:\/\/informelitoral.com.ar\/#\/schema\/logo\/image\/","url":"https:\/\/informelitoral.com.ar\/%77%70%2d%63%6f%6e%74%65%6e%74\/uploads\/2021\/01\/circulo.png","contentUrl":"https:\/\/informelitoral.com.ar\/%77%70%2d%63%6f%6e%74%65%6e%74\/uploads\/2021\/01\/circulo.png","width":723,"height":731,"caption":"Informe Litoral"},"image":{"@id":"https:\/\/informelitoral.com.ar\/#\/schema\/logo\/image\/"},"sameAs":["https:\/\/www.facebook.com\/informelitoral\/","https:\/\/x.com\/InformeLitoral","https:\/\/www.instagram.com\/informelitoral\/","https:\/\/www.youtube.com\/channel\/UCua4Qvz8Icb6MYqhoq9xLXw"]},{"@type":"Person","@id":"https:\/\/informelitoral.com.ar\/#\/schema\/person\/f05f9f461677119578717524b127d6d5","name":"Sebastian","image":{"@type":"ImageObject","inLanguage":"es","@id":"https:\/\/secure.gravatar.com\/avatar\/b71bf7481d447dfb9583c7f2798e7cc64de6efb9067b74633ed8c31059a3bd82?s=96&d=mm&r=g","url":"https:\/\/secure.gravatar.com\/avatar\/b71bf7481d447dfb9583c7f2798e7cc64de6efb9067b74633ed8c31059a3bd82?s=96&d=mm&r=g","contentUrl":"https:\/\/secure.gravatar.com\/avatar\/b71bf7481d447dfb9583c7f2798e7cc64de6efb9067b74633ed8c31059a3bd82?s=96&d=mm&r=g","caption":"Sebastian"},"url":"https:\/\/informelitoral.com.ar\/author\/sebastian\/"}]}},"_links":{"self":[{"href":"https:\/\/informelitoral.com.ar\/%77%70%2d%6a%73%6f%6e\/wp\/v2\/posts\/128027","targetHints":{"allow":["GET"]}}],"collection":[{"href":"https:\/\/informelitoral.com.ar\/%77%70%2d%6a%73%6f%6e\/wp\/v2\/posts"}],"about":[{"href":"https:\/\/informelitoral.com.ar\/%77%70%2d%6a%73%6f%6e\/wp\/v2\/types\/post"}],"author":[{"embeddable":true,"href":"https:\/\/informelitoral.com.ar\/%77%70%2d%6a%73%6f%6e\/wp\/v2\/users\/8"}],"replies":[{"embeddable":true,"href":"https:\/\/informelitoral.com.ar\/%77%70%2d%6a%73%6f%6e\/wp\/v2\/comments?post=128027"}],"version-history":[{"count":0,"href":"https:\/\/informelitoral.com.ar\/%77%70%2d%6a%73%6f%6e\/wp\/v2\/posts\/128027\/revisions"}],"wp:featuredmedia":[{"embeddable":true,"href":"https:\/\/informelitoral.com.ar\/%77%70%2d%6a%73%6f%6e\/wp\/v2\/media\/127944"}],"wp:attachment":[{"href":"https:\/\/informelitoral.com.ar\/%77%70%2d%6a%73%6f%6e\/wp\/v2\/media?parent=128027"}],"wp:term":[{"taxonomy":"category","embeddable":true,"href":"https:\/\/informelitoral.com.ar\/%77%70%2d%6a%73%6f%6e\/wp\/v2\/categories?post=128027"},{"taxonomy":"post_tag","embeddable":true,"href":"https:\/\/informelitoral.com.ar\/%77%70%2d%6a%73%6f%6e\/wp\/v2\/tags?post=128027"}],"curies":[{"name":"wp","href":"https:\/\/api.w.org\/{rel}","templated":true}]}}