{"id":127775,"date":"2023-03-16T08:32:10","date_gmt":"2023-03-16T11:32:10","guid":{"rendered":"https:\/\/www.informelitoral.com.ar\/?p=127775"},"modified":"2023-03-16T22:55:12","modified_gmt":"2023-03-17T01:55:12","slug":"bordet-propuso-restablecer-la-exportacion-avicola-por-regiones-ante-autoridades-de-estados-unidos","status":"publish","type":"post","link":"https:\/\/informelitoral.com.ar\/bordet-propuso-restablecer-la-exportacion-avicola-por-regiones-ante-autoridades-de-estados-unidos\/","title":{"rendered":"Bordet propuso restablecer la exportaci\u00f3n av\u00edcola por regiones ante autoridades de Estados Unidos"},"content":{"rendered":"<p>\u201cEntre R\u00edos no solo es el principal productor de pollo de la Argentina sino el principal exportador. De esto depende la sostenibilidad de muchas granjas y tambi\u00e9n la fuente de empleo de muchas personas que trabajan en los frigor\u00edficos procesadores de pollos\u201d, expres\u00f3 el mandatario entrerriano.<\/p>\n<p>En ese marco, mantuvo un encuentro de trabajo con la subsecretaria de Agricultura para Comercio Exterior y Asuntos Agr\u00edcolas Internacionales de Estados Unidos, Alexis Taylor y el secretario de Agricultura, Ganader\u00eda y Pesca de la Naci\u00f3n, Juan Jos\u00e9 Bahillo, en la que \u201cgeneramos estrategias conjuntas para poder restablecer por regiones o zonas las exportaciones de pollo\u201d.<\/p>\n<p>\u201cLos casos de gripe aviar que se produjeron en la Argentina fueron en Neuqu\u00e9n, en Entre R\u00edos no hay ning\u00fan caso. Lo que estamos planteando, como se hizo en Estados Unidos, es regionalizar. Es decir, si Entre R\u00edos no presenta casos de gripe aviar, poder seguir con las exportaciones de nuestros productos av\u00edcolas a m\u00e1s de 60 pa\u00edses en el mundo\u201d, detall\u00f3 Bordet.<\/p>\n<p>\u201cTodos estos temas los hablamos en el Departamento de Agricultura y estamos buscando estas estrategias junto con el secretario Juan Jos\u00e9 Bahillo, con las gestiones en el Senasa y, por supuesto, con los productores y procesadores para poder resolver esta situaci\u00f3n que se present\u00f3\u201d.<\/p>\n<p>Por otra parte, el mandatario provincial resalt\u00f3 que \u201chemos planteado un incremento de la cuota de exportaciones de carnes bovina a Estados Unidos, que tambi\u00e9n tuvo una muy buena recepci\u00f3n\u201d, y precis\u00f3 que \u201cse ir\u00e1 trabajando entre la Secretar\u00eda de Agricultura de Argentina y el Departamento de Agricultura de Estados Unidos, para incrementar la cuota del mercado estadounidense de carne argentina que, dicho sea de paso, tiene una muy buena aceptaci\u00f3n en las g\u00f3ndolas de este pa\u00eds\u201d.<\/p>\n<p>Bordet desarroll\u00f3 distintas agendas de trabajo en Washinton y Nueva York enfocado en la b\u00fasqueda de inversiones productivas para la provincia, y la apertura y ampliaci\u00f3n del mercado norteamericano a distintos productos entrerrianos. Fue en el marco de la misi\u00f3n comercial financiada por el Consejo Federal de Inversiones (CFI). Estuvo acompa\u00f1ado por el ministro de Econom\u00eda, Hugo Ballay y, en Washington, particip\u00f3 tambi\u00e9n Bahillo.<\/p>\n<p>Adem\u00e1s, puso de relieve el di\u00e1logo con los tenedores de t\u00edtulos del bono que emiti\u00f3 la provincia en 2017, y la valoraci\u00f3n que hicieron los inversionistas sobre la solidez fiscal y financiera de Entre R\u00edos. \u201cRegresamos muy satisfechos porque colmamos las expectativas en el inicio de esta misi\u00f3n comercial y t\u00e9cnica\u201d, afirm\u00f3 el mandatario entrerriano.<\/p>\n<p><b>Misi\u00f3n comercial inversa<\/b><\/p>\n<p>Al realizar un balance de la misi\u00f3n, Bordet destac\u00f3 la posibilidad de concretar \u201clo que se denomina una misi\u00f3n comercial inversa\u201d. Es decir, \u201cempresas de Estados Unidos que vendr\u00e1n en junio a nuestra provincia para buscar oportunidades de negocios con contrapartes entrerrianas\u201d, precis\u00f3.<\/p>\n<p>Explic\u00f3 que esta misi\u00f3n inversa brindar\u00e1 oportunidades a \u201cmuchas empresas de las econom\u00edas regionales\u201d. \u201cDe aqu\u00ed a junio, ya firmado el convenio, empezaremos trabajar en la agenda para construir una buena oportunidad para muchas empresas del sector agroindustrial de Entre R\u00edos\u201d, agreg\u00f3.<\/p>\n<p>Subray\u00f3 que junto a Bahillo se reunieron con la subsecretaria de Agricultura para Comercio Exterior y Asuntos Agr\u00edcolas Internacionales de Estados Unidos, Alexis Taylor. Durante el encuentro avanzaron \u201cen la introducci\u00f3n y exportaci\u00f3n de c\u00edtricos dulces entrerrianos al mercado noretamericano, que resulta muy importante y es algo que se viene trabajando desde hace mucho tiempo\u201d, apunt\u00f3.<\/p>\n<p><b>Solidez fiscal y financiera de Entre R\u00edos<\/b><\/p>\n<p>Luego se refiri\u00f3 a la agenda desarrollada junto con Ballay en Nueva York. \u201cEmprendimos una ronda con todos los tenedores de deuda de nuestra provincia para generar las condiciones de confianza respecto al cumplimiento que estamos teniendo\u201d, expres\u00f3.<\/p>\n<p>\u201cEntre R\u00edos es la primera provincia de Argentina que comienza a amortizar capital, y esto habla de la solidez del sistema financiero entrerriano que permite, no solo hacer frente a los compromisos que hab\u00edamos asumido, sino tambi\u00e9n generar obra p\u00fablica, asistencia en salud a la poblaci\u00f3n, condiciones de acompa\u00f1amiento a nuestros sectores productivos y poder llevar adelante una gesti\u00f3n de gobierno ordenada y previsible\u201d, resalt\u00f3 Bordet.<\/p>\n","protected":false},"excerpt":{"rendered":"<p>El gobernador Gustavo Bordet valor\u00f3 los resultados de la misi\u00f3n comercial a Estados Unidos. Destac\u00f3 los avances para concretar la visita de empresas norteamericanas a la provincia, y gestion\u00f3 medidas para sostener las exportaciones av\u00edcolas de Entre R\u00edos ante el brote de gripe aviar en Neuqu\u00e9n.<\/p>\n","protected":false},"author":8,"featured_media":127780,"comment_status":"open","ping_status":"open","sticky":false,"template":"","format":"standard","meta":{"fifu_image_url":"","fifu_image_alt":"","footnotes":""},"categories":[6,16],"tags":[336,83,4145],"class_list":{"0":"post-127775","1":"post","2":"type-post","3":"status-publish","4":"format-standard","5":"has-post-thumbnail","7":"category-entre-rios","8":"category-politi","9":"tag-avicultura","10":"tag-exportaciones","11":"tag-influenza-aviar"},"yoast_head":"<title>Bordet propuso restablecer la exportaci\u00f3n av\u00edcola por regiones ante autoridades de Estados Unidos - Informe Litoral<\/title>\n<meta name=\"robots\" content=\"index, follow, max-snippet:-1, max-image-preview:large, max-video-preview:-1\" \/>\n<link rel=\"canonical\" href=\"https:\/\/informelitoral.com.ar\/bordet-propuso-restablecer-la-exportacion-avicola-por-regiones-ante-autoridades-de-estados-unidos\/\" \/>\n<meta property=\"og:locale\" content=\"es_ES\" \/>\n<meta property=\"og:type\" content=\"article\" \/>\n<meta property=\"og:title\" content=\"Bordet propuso restablecer la exportaci\u00f3n av\u00edcola por regiones ante autoridades de Estados Unidos - Informe Litoral\" \/>\n<meta property=\"og:description\" content=\"El gobernador Gustavo Bordet valor\u00f3 los resultados de la misi\u00f3n comercial a Estados Unidos. Destac\u00f3 los avances para concretar la visita de empresas norteamericanas a la provincia, y gestion\u00f3 medidas para sostener las exportaciones av\u00edcolas de Entre R\u00edos ante el brote de gripe aviar en Neuqu\u00e9n.\" \/>\n<meta property=\"og:url\" content=\"https:\/\/informelitoral.com.ar\/bordet-propuso-restablecer-la-exportacion-avicola-por-regiones-ante-autoridades-de-estados-unidos\/\" \/>\n<meta property=\"og:site_name\" content=\"Informe Litoral\" \/>\n<meta property=\"article:publisher\" content=\"https:\/\/www.facebook.com\/informelitoral\/\" \/>\n<meta property=\"article:published_time\" content=\"2023-03-16T11:32:10+00:00\" \/>\n<meta property=\"article:modified_time\" content=\"2023-03-17T01:55:12+00:00\" \/>\n<meta property=\"og:image\" content=\"https:\/\/informelitoral.com.ar\/%77%70%2d%63%6f%6e%74%65%6e%74\/uploads\/2023\/03\/p_1678908707.jpg\" \/>\n\t<meta property=\"og:image:width\" content=\"1920\" \/>\n\t<meta property=\"og:image:height\" content=\"800\" \/>\n\t<meta property=\"og:image:type\" content=\"image\/jpeg\" \/>\n<meta name=\"author\" content=\"Sebastian\" \/>\n<meta name=\"twitter:card\" content=\"summary_large_image\" \/>\n<meta name=\"twitter:creator\" content=\"@InformeLitoral\" \/>\n<meta name=\"twitter:site\" content=\"@InformeLitoral\" \/>\n<meta name=\"twitter:label1\" content=\"Escrito por\" \/>\n\t<meta name=\"twitter:data1\" content=\"Sebastian\" \/>\n\t<meta name=\"twitter:label2\" content=\"Tiempo de lectura\" \/>\n\t<meta name=\"twitter:data2\" content=\"4 minutos\" \/>\n<script type=\"application\/ld+json\" class=\"yoast-schema-graph\">{\"@context\":\"https:\\\/\\\/schema.org\",\"@graph\":[{\"@type\":\"Article\",\"@id\":\"https:\\\/\\\/informelitoral.com.ar\\\/bordet-propuso-restablecer-la-exportacion-avicola-por-regiones-ante-autoridades-de-estados-unidos\\\/#article\",\"isPartOf\":{\"@id\":\"https:\\\/\\\/informelitoral.com.ar\\\/bordet-propuso-restablecer-la-exportacion-avicola-por-regiones-ante-autoridades-de-estados-unidos\\\/\"},\"author\":{\"name\":\"Sebastian\",\"@id\":\"https:\\\/\\\/informelitoral.com.ar\\\/#\\\/schema\\\/person\\\/f05f9f461677119578717524b127d6d5\"},\"headline\":\"Bordet propuso restablecer la exportaci\u00f3n av\u00edcola por regiones ante autoridades de Estados Unidos\",\"datePublished\":\"2023-03-16T11:32:10+00:00\",\"dateModified\":\"2023-03-17T01:55:12+00:00\",\"mainEntityOfPage\":{\"@id\":\"https:\\\/\\\/informelitoral.com.ar\\\/bordet-propuso-restablecer-la-exportacion-avicola-por-regiones-ante-autoridades-de-estados-unidos\\\/\"},\"wordCount\":725,\"commentCount\":0,\"publisher\":{\"@id\":\"https:\\\/\\\/informelitoral.com.ar\\\/#organization\"},\"image\":{\"@id\":\"https:\\\/\\\/informelitoral.com.ar\\\/bordet-propuso-restablecer-la-exportacion-avicola-por-regiones-ante-autoridades-de-estados-unidos\\\/#primaryimage\"},\"thumbnailUrl\":\"https:\\\/\\\/informelitoral.com.ar\\\/%77%70%2d%63%6f%6e%74%65%6e%74\\\/uploads\\\/2023\\\/03\\\/p_1678908707.jpg\",\"keywords\":[\"Avicultura\",\"Exportaciones\",\"Influenza aviar\"],\"articleSection\":[\"Entre R\u00edos\",\"Politica\"],\"inLanguage\":\"es\",\"potentialAction\":[{\"@type\":\"CommentAction\",\"name\":\"Comment\",\"target\":[\"https:\\\/\\\/informelitoral.com.ar\\\/bordet-propuso-restablecer-la-exportacion-avicola-por-regiones-ante-autoridades-de-estados-unidos\\\/#respond\"]}]},{\"@type\":\"WebPage\",\"@id\":\"https:\\\/\\\/informelitoral.com.ar\\\/bordet-propuso-restablecer-la-exportacion-avicola-por-regiones-ante-autoridades-de-estados-unidos\\\/\",\"url\":\"https:\\\/\\\/informelitoral.com.ar\\\/bordet-propuso-restablecer-la-exportacion-avicola-por-regiones-ante-autoridades-de-estados-unidos\\\/\",\"name\":\"Bordet propuso restablecer la exportaci\u00f3n av\u00edcola por regiones ante autoridades de Estados Unidos - Informe Litoral\",\"isPartOf\":{\"@id\":\"https:\\\/\\\/informelitoral.com.ar\\\/#website\"},\"primaryImageOfPage\":{\"@id\":\"https:\\\/\\\/informelitoral.com.ar\\\/bordet-propuso-restablecer-la-exportacion-avicola-por-regiones-ante-autoridades-de-estados-unidos\\\/#primaryimage\"},\"image\":{\"@id\":\"https:\\\/\\\/informelitoral.com.ar\\\/bordet-propuso-restablecer-la-exportacion-avicola-por-regiones-ante-autoridades-de-estados-unidos\\\/#primaryimage\"},\"thumbnailUrl\":\"https:\\\/\\\/informelitoral.com.ar\\\/%77%70%2d%63%6f%6e%74%65%6e%74\\\/uploads\\\/2023\\\/03\\\/p_1678908707.jpg\",\"datePublished\":\"2023-03-16T11:32:10+00:00\",\"dateModified\":\"2023-03-17T01:55:12+00:00\",\"breadcrumb\":{\"@id\":\"https:\\\/\\\/informelitoral.com.ar\\\/bordet-propuso-restablecer-la-exportacion-avicola-por-regiones-ante-autoridades-de-estados-unidos\\\/#breadcrumb\"},\"inLanguage\":\"es\",\"potentialAction\":[{\"@type\":\"ReadAction\",\"target\":[\"https:\\\/\\\/informelitoral.com.ar\\\/bordet-propuso-restablecer-la-exportacion-avicola-por-regiones-ante-autoridades-de-estados-unidos\\\/\"]}]},{\"@type\":\"ImageObject\",\"inLanguage\":\"es\",\"@id\":\"https:\\\/\\\/informelitoral.com.ar\\\/bordet-propuso-restablecer-la-exportacion-avicola-por-regiones-ante-autoridades-de-estados-unidos\\\/#primaryimage\",\"url\":\"https:\\\/\\\/informelitoral.com.ar\\\/%77%70%2d%63%6f%6e%74%65%6e%74\\\/uploads\\\/2023\\\/03\\\/p_1678908707.jpg\",\"contentUrl\":\"https:\\\/\\\/informelitoral.com.ar\\\/%77%70%2d%63%6f%6e%74%65%6e%74\\\/uploads\\\/2023\\\/03\\\/p_1678908707.jpg\",\"width\":1920,\"height\":800},{\"@type\":\"BreadcrumbList\",\"@id\":\"https:\\\/\\\/informelitoral.com.ar\\\/bordet-propuso-restablecer-la-exportacion-avicola-por-regiones-ante-autoridades-de-estados-unidos\\\/#breadcrumb\",\"itemListElement\":[{\"@type\":\"ListItem\",\"position\":1,\"name\":\"Portada\",\"item\":\"https:\\\/\\\/informelitoral.com.ar\\\/\"},{\"@type\":\"ListItem\",\"position\":2,\"name\":\"Bordet propuso restablecer la exportaci\u00f3n av\u00edcola por regiones ante autoridades de Estados Unidos\"}]},{\"@type\":\"WebSite\",\"@id\":\"https:\\\/\\\/informelitoral.com.ar\\\/#website\",\"url\":\"https:\\\/\\\/informelitoral.com.ar\\\/\",\"name\":\"Informe Litoral\",\"description\":\"&quot;Nos informamos&quot; \",\"publisher\":{\"@id\":\"https:\\\/\\\/informelitoral.com.ar\\\/#organization\"},\"potentialAction\":[{\"@type\":\"SearchAction\",\"target\":{\"@type\":\"EntryPoint\",\"urlTemplate\":\"https:\\\/\\\/informelitoral.com.ar\\\/?s={search_term_string}\"},\"query-input\":{\"@type\":\"PropertyValueSpecification\",\"valueRequired\":true,\"valueName\":\"search_term_string\"}}],\"inLanguage\":\"es\"},{\"@type\":\"Organization\",\"@id\":\"https:\\\/\\\/informelitoral.com.ar\\\/#organization\",\"name\":\"Informe Litoral\",\"url\":\"https:\\\/\\\/informelitoral.com.ar\\\/\",\"logo\":{\"@type\":\"ImageObject\",\"inLanguage\":\"es\",\"@id\":\"https:\\\/\\\/informelitoral.com.ar\\\/#\\\/schema\\\/logo\\\/image\\\/\",\"url\":\"https:\\\/\\\/informelitoral.com.ar\\\/%77%70%2d%63%6f%6e%74%65%6e%74\\\/uploads\\\/2021\\\/01\\\/circulo.png\",\"contentUrl\":\"https:\\\/\\\/informelitoral.com.ar\\\/%77%70%2d%63%6f%6e%74%65%6e%74\\\/uploads\\\/2021\\\/01\\\/circulo.png\",\"width\":723,\"height\":731,\"caption\":\"Informe Litoral\"},\"image\":{\"@id\":\"https:\\\/\\\/informelitoral.com.ar\\\/#\\\/schema\\\/logo\\\/image\\\/\"},\"sameAs\":[\"https:\\\/\\\/www.facebook.com\\\/informelitoral\\\/\",\"https:\\\/\\\/x.com\\\/InformeLitoral\",\"https:\\\/\\\/www.instagram.com\\\/informelitoral\\\/\",\"https:\\\/\\\/www.youtube.com\\\/channel\\\/UCua4Qvz8Icb6MYqhoq9xLXw\"]},{\"@type\":\"Person\",\"@id\":\"https:\\\/\\\/informelitoral.com.ar\\\/#\\\/schema\\\/person\\\/f05f9f461677119578717524b127d6d5\",\"name\":\"Sebastian\",\"image\":{\"@type\":\"ImageObject\",\"inLanguage\":\"es\",\"@id\":\"https:\\\/\\\/secure.gravatar.com\\\/avatar\\\/b71bf7481d447dfb9583c7f2798e7cc64de6efb9067b74633ed8c31059a3bd82?s=96&d=mm&r=g\",\"url\":\"https:\\\/\\\/secure.gravatar.com\\\/avatar\\\/b71bf7481d447dfb9583c7f2798e7cc64de6efb9067b74633ed8c31059a3bd82?s=96&d=mm&r=g\",\"contentUrl\":\"https:\\\/\\\/secure.gravatar.com\\\/avatar\\\/b71bf7481d447dfb9583c7f2798e7cc64de6efb9067b74633ed8c31059a3bd82?s=96&d=mm&r=g\",\"caption\":\"Sebastian\"},\"url\":\"https:\\\/\\\/informelitoral.com.ar\\\/author\\\/sebastian\\\/\"}]}<\/script>","yoast_head_json":{"title":"Bordet propuso restablecer la exportaci\u00f3n av\u00edcola por regiones ante autoridades de Estados Unidos - Informe Litoral","robots":{"index":"index","follow":"follow","max-snippet":"max-snippet:-1","max-image-preview":"max-image-preview:large","max-video-preview":"max-video-preview:-1"},"canonical":"https:\/\/informelitoral.com.ar\/bordet-propuso-restablecer-la-exportacion-avicola-por-regiones-ante-autoridades-de-estados-unidos\/","og_locale":"es_ES","og_type":"article","og_title":"Bordet propuso restablecer la exportaci\u00f3n av\u00edcola por regiones ante autoridades de Estados Unidos - Informe Litoral","og_description":"El gobernador Gustavo Bordet valor\u00f3 los resultados de la misi\u00f3n comercial a Estados Unidos. Destac\u00f3 los avances para concretar la visita de empresas norteamericanas a la provincia, y gestion\u00f3 medidas para sostener las exportaciones av\u00edcolas de Entre R\u00edos ante el brote de gripe aviar en Neuqu\u00e9n.","og_url":"https:\/\/informelitoral.com.ar\/bordet-propuso-restablecer-la-exportacion-avicola-por-regiones-ante-autoridades-de-estados-unidos\/","og_site_name":"Informe Litoral","article_publisher":"https:\/\/www.facebook.com\/informelitoral\/","article_published_time":"2023-03-16T11:32:10+00:00","article_modified_time":"2023-03-17T01:55:12+00:00","og_image":[{"width":1920,"height":800,"url":"https:\/\/informelitoral.com.ar\/%77%70%2d%63%6f%6e%74%65%6e%74\/uploads\/2023\/03\/p_1678908707.jpg","type":"image\/jpeg"}],"author":"Sebastian","twitter_card":"summary_large_image","twitter_creator":"@InformeLitoral","twitter_site":"@InformeLitoral","twitter_misc":{"Escrito por":"Sebastian","Tiempo de lectura":"4 minutos"},"schema":{"@context":"https:\/\/schema.org","@graph":[{"@type":"Article","@id":"https:\/\/informelitoral.com.ar\/bordet-propuso-restablecer-la-exportacion-avicola-por-regiones-ante-autoridades-de-estados-unidos\/#article","isPartOf":{"@id":"https:\/\/informelitoral.com.ar\/bordet-propuso-restablecer-la-exportacion-avicola-por-regiones-ante-autoridades-de-estados-unidos\/"},"author":{"name":"Sebastian","@id":"https:\/\/informelitoral.com.ar\/#\/schema\/person\/f05f9f461677119578717524b127d6d5"},"headline":"Bordet propuso restablecer la exportaci\u00f3n av\u00edcola por regiones ante autoridades de Estados Unidos","datePublished":"2023-03-16T11:32:10+00:00","dateModified":"2023-03-17T01:55:12+00:00","mainEntityOfPage":{"@id":"https:\/\/informelitoral.com.ar\/bordet-propuso-restablecer-la-exportacion-avicola-por-regiones-ante-autoridades-de-estados-unidos\/"},"wordCount":725,"commentCount":0,"publisher":{"@id":"https:\/\/informelitoral.com.ar\/#organization"},"image":{"@id":"https:\/\/informelitoral.com.ar\/bordet-propuso-restablecer-la-exportacion-avicola-por-regiones-ante-autoridades-de-estados-unidos\/#primaryimage"},"thumbnailUrl":"https:\/\/informelitoral.com.ar\/%77%70%2d%63%6f%6e%74%65%6e%74\/uploads\/2023\/03\/p_1678908707.jpg","keywords":["Avicultura","Exportaciones","Influenza aviar"],"articleSection":["Entre R\u00edos","Politica"],"inLanguage":"es","potentialAction":[{"@type":"CommentAction","name":"Comment","target":["https:\/\/informelitoral.com.ar\/bordet-propuso-restablecer-la-exportacion-avicola-por-regiones-ante-autoridades-de-estados-unidos\/#respond"]}]},{"@type":"WebPage","@id":"https:\/\/informelitoral.com.ar\/bordet-propuso-restablecer-la-exportacion-avicola-por-regiones-ante-autoridades-de-estados-unidos\/","url":"https:\/\/informelitoral.com.ar\/bordet-propuso-restablecer-la-exportacion-avicola-por-regiones-ante-autoridades-de-estados-unidos\/","name":"Bordet propuso restablecer la exportaci\u00f3n av\u00edcola por regiones ante autoridades de Estados Unidos - Informe Litoral","isPartOf":{"@id":"https:\/\/informelitoral.com.ar\/#website"},"primaryImageOfPage":{"@id":"https:\/\/informelitoral.com.ar\/bordet-propuso-restablecer-la-exportacion-avicola-por-regiones-ante-autoridades-de-estados-unidos\/#primaryimage"},"image":{"@id":"https:\/\/informelitoral.com.ar\/bordet-propuso-restablecer-la-exportacion-avicola-por-regiones-ante-autoridades-de-estados-unidos\/#primaryimage"},"thumbnailUrl":"https:\/\/informelitoral.com.ar\/%77%70%2d%63%6f%6e%74%65%6e%74\/uploads\/2023\/03\/p_1678908707.jpg","datePublished":"2023-03-16T11:32:10+00:00","dateModified":"2023-03-17T01:55:12+00:00","breadcrumb":{"@id":"https:\/\/informelitoral.com.ar\/bordet-propuso-restablecer-la-exportacion-avicola-por-regiones-ante-autoridades-de-estados-unidos\/#breadcrumb"},"inLanguage":"es","potentialAction":[{"@type":"ReadAction","target":["https:\/\/informelitoral.com.ar\/bordet-propuso-restablecer-la-exportacion-avicola-por-regiones-ante-autoridades-de-estados-unidos\/"]}]},{"@type":"ImageObject","inLanguage":"es","@id":"https:\/\/informelitoral.com.ar\/bordet-propuso-restablecer-la-exportacion-avicola-por-regiones-ante-autoridades-de-estados-unidos\/#primaryimage","url":"https:\/\/informelitoral.com.ar\/%77%70%2d%63%6f%6e%74%65%6e%74\/uploads\/2023\/03\/p_1678908707.jpg","contentUrl":"https:\/\/informelitoral.com.ar\/%77%70%2d%63%6f%6e%74%65%6e%74\/uploads\/2023\/03\/p_1678908707.jpg","width":1920,"height":800},{"@type":"BreadcrumbList","@id":"https:\/\/informelitoral.com.ar\/bordet-propuso-restablecer-la-exportacion-avicola-por-regiones-ante-autoridades-de-estados-unidos\/#breadcrumb","itemListElement":[{"@type":"ListItem","position":1,"name":"Portada","item":"https:\/\/informelitoral.com.ar\/"},{"@type":"ListItem","position":2,"name":"Bordet propuso restablecer la exportaci\u00f3n av\u00edcola por regiones ante autoridades de Estados Unidos"}]},{"@type":"WebSite","@id":"https:\/\/informelitoral.com.ar\/#website","url":"https:\/\/informelitoral.com.ar\/","name":"Informe Litoral","description":"&quot;Nos informamos&quot; ","publisher":{"@id":"https:\/\/informelitoral.com.ar\/#organization"},"potentialAction":[{"@type":"SearchAction","target":{"@type":"EntryPoint","urlTemplate":"https:\/\/informelitoral.com.ar\/?s={search_term_string}"},"query-input":{"@type":"PropertyValueSpecification","valueRequired":true,"valueName":"search_term_string"}}],"inLanguage":"es"},{"@type":"Organization","@id":"https:\/\/informelitoral.com.ar\/#organization","name":"Informe Litoral","url":"https:\/\/informelitoral.com.ar\/","logo":{"@type":"ImageObject","inLanguage":"es","@id":"https:\/\/informelitoral.com.ar\/#\/schema\/logo\/image\/","url":"https:\/\/informelitoral.com.ar\/%77%70%2d%63%6f%6e%74%65%6e%74\/uploads\/2021\/01\/circulo.png","contentUrl":"https:\/\/informelitoral.com.ar\/%77%70%2d%63%6f%6e%74%65%6e%74\/uploads\/2021\/01\/circulo.png","width":723,"height":731,"caption":"Informe Litoral"},"image":{"@id":"https:\/\/informelitoral.com.ar\/#\/schema\/logo\/image\/"},"sameAs":["https:\/\/www.facebook.com\/informelitoral\/","https:\/\/x.com\/InformeLitoral","https:\/\/www.instagram.com\/informelitoral\/","https:\/\/www.youtube.com\/channel\/UCua4Qvz8Icb6MYqhoq9xLXw"]},{"@type":"Person","@id":"https:\/\/informelitoral.com.ar\/#\/schema\/person\/f05f9f461677119578717524b127d6d5","name":"Sebastian","image":{"@type":"ImageObject","inLanguage":"es","@id":"https:\/\/secure.gravatar.com\/avatar\/b71bf7481d447dfb9583c7f2798e7cc64de6efb9067b74633ed8c31059a3bd82?s=96&d=mm&r=g","url":"https:\/\/secure.gravatar.com\/avatar\/b71bf7481d447dfb9583c7f2798e7cc64de6efb9067b74633ed8c31059a3bd82?s=96&d=mm&r=g","contentUrl":"https:\/\/secure.gravatar.com\/avatar\/b71bf7481d447dfb9583c7f2798e7cc64de6efb9067b74633ed8c31059a3bd82?s=96&d=mm&r=g","caption":"Sebastian"},"url":"https:\/\/informelitoral.com.ar\/author\/sebastian\/"}]}},"_links":{"self":[{"href":"https:\/\/informelitoral.com.ar\/%77%70%2d%6a%73%6f%6e\/wp\/v2\/posts\/127775","targetHints":{"allow":["GET"]}}],"collection":[{"href":"https:\/\/informelitoral.com.ar\/%77%70%2d%6a%73%6f%6e\/wp\/v2\/posts"}],"about":[{"href":"https:\/\/informelitoral.com.ar\/%77%70%2d%6a%73%6f%6e\/wp\/v2\/types\/post"}],"author":[{"embeddable":true,"href":"https:\/\/informelitoral.com.ar\/%77%70%2d%6a%73%6f%6e\/wp\/v2\/users\/8"}],"replies":[{"embeddable":true,"href":"https:\/\/informelitoral.com.ar\/%77%70%2d%6a%73%6f%6e\/wp\/v2\/comments?post=127775"}],"version-history":[{"count":0,"href":"https:\/\/informelitoral.com.ar\/%77%70%2d%6a%73%6f%6e\/wp\/v2\/posts\/127775\/revisions"}],"wp:featuredmedia":[{"embeddable":true,"href":"https:\/\/informelitoral.com.ar\/%77%70%2d%6a%73%6f%6e\/wp\/v2\/media\/127780"}],"wp:attachment":[{"href":"https:\/\/informelitoral.com.ar\/%77%70%2d%6a%73%6f%6e\/wp\/v2\/media?parent=127775"}],"wp:term":[{"taxonomy":"category","embeddable":true,"href":"https:\/\/informelitoral.com.ar\/%77%70%2d%6a%73%6f%6e\/wp\/v2\/categories?post=127775"},{"taxonomy":"post_tag","embeddable":true,"href":"https:\/\/informelitoral.com.ar\/%77%70%2d%6a%73%6f%6e\/wp\/v2\/tags?post=127775"}],"curies":[{"name":"wp","href":"https:\/\/api.w.org\/{rel}","templated":true}]}}