{"id":127712,"date":"2023-03-15T13:43:32","date_gmt":"2023-03-15T16:43:32","guid":{"rendered":"https:\/\/www.informelitoral.com.ar\/?p=127712"},"modified":"2023-03-15T13:43:32","modified_gmt":"2023-03-15T16:43:32","slug":"alberto-fernandez-tiene-una-hernia-de-disco-lumbar-y-realizara-reposo-en-olivos","status":"publish","type":"post","link":"https:\/\/informelitoral.com.ar\/alberto-fernandez-tiene-una-hernia-de-disco-lumbar-y-realizara-reposo-en-olivos\/","title":{"rendered":"Alberto Fern\u00e1ndez tiene una hernia de disco lumbar y realizar\u00e1 reposo en Olivos"},"content":{"rendered":"<p>Alberto Fern\u00e1ndez debi\u00f3 ser trasladado al Sanatorio Otamendi en las primeras horas de esta noche por un fuerte dolor en la espalda y seg\u00fan precisaron por medio de un comunicado desde Presidencia de la Naci\u00f3n, tiene una hernia de disco lumbar. Sin la presencia de funcionarios, permaneci\u00f3 en el nosocomio acompa\u00f1ado por su m\u00e9dico personal \u2014Federico Saavedra\u2014 y personal de la custodia oficial. Se le recomend\u00f3 realizar reposo en Olivos y se le realizar\u00e1 un bloqueo radicular programado en 48\/72 horas.<\/p>\n<p>\u201cEl se\u00f1or Presidente de la Naci\u00f3n, Doctor D. Alberto \u00c1ngel Fern\u00e1ndez presenta un cuadro de dolor lumbar agudo, motivo por el cual se realizar\u00e1n los estudios correspondientes con el fin de poder administrarle un tratamiento espec\u00edfico\u201d, hab\u00eda indicado en un principio el texto oficial sobre la salud del mandatario.<\/p>\n<figure class=\"embed\"><img decoding=\"async\" title=\"\" src=\"https:\/\/elonce-media.elonce.com\/fotos-nuevo\/2023\/03\/14\/o_1678841997.jpg\" alt=\"\" width=\"640\" \/><\/figure>\n<p>Luego, el comunicado, precis\u00f3 que \u201cse mantendr\u00e1 informada a la opini\u00f3n p\u00fablica\u201d sobre la evoluci\u00f3n de la salud del mandatario, expres\u00f3 el escueto comunicado de la Unidad M\u00e9dica Presidencial apenas minutos pasadas las 20 de esta noche. El comunicado difundido lleva la firma de Federico Saavedra, m\u00e9dico personal de Alberto Fern\u00e1ndez y quien lo atiende desde hace m\u00e1s de una d\u00e9cada.<\/p>\n<div class=\"embed\">\n<div class=\"inner-art\">\n<div class=\"clear\"><\/div>\n<\/div>\n<\/div>\n<p>Para este mi\u00e9rcoles, el Presidente ten\u00eda en agenda un viaje a la provincia de Chaco para participar de la inauguraci\u00f3n de obras de la autov\u00eda de la Ruta Nacional 11 y encabezar un acto en una facultad junto con el gobernador, Jorge Capitanich. Por ahora no hay cancelaci\u00f3n oficial del viaje, aunque desde Presidencia no descartan que eso se confirme en breve y tengan que pasar la actividad para m\u00e1s adelante. El viernes, en tanto, el jefe de Estado iba a realizar un viaje a la provincia de Entre R\u00edos. Eso, hasta el momento, tampoco fue suspendido.<\/p>\n<p>El \u00faltimo episodio de salud del mandatario hab\u00eda sido en noviembre del a\u00f1o pasado en Bali, Indonesia, donde debi\u00f3 ser atendido por una gastritis erosiva con signos de sangrado, ante lo cual el canciller Santiago Cafiero fue el encargado de reemplazarlo en la cumbre de l\u00edderes del G20.<\/p>\n","protected":false},"excerpt":{"rendered":"<p>As\u00ed lo precis\u00f3 el \u00faltimo parte de la Unidad M\u00e9dica Presidencial. El mandatario hab\u00eda sido trasladado a un sanatorio privado debido a que aquejaba un cuadro de \u00abdolor lumbar agudo\u00bb. Tras estudios m\u00e9dico, se retir\u00f3 dado de alta.<\/p>\n","protected":false},"author":8,"featured_media":127709,"comment_status":"open","ping_status":"open","sticky":false,"template":"","format":"standard","meta":{"fifu_image_url":"","fifu_image_alt":"","footnotes":""},"categories":[16],"tags":[],"class_list":{"0":"post-127712","1":"post","2":"type-post","3":"status-publish","4":"format-standard","5":"has-post-thumbnail","7":"category-politi"},"yoast_head":"<title>Alberto Fern\u00e1ndez tiene una hernia de disco lumbar y realizar\u00e1 reposo en Olivos - Informe Litoral<\/title>\n<meta name=\"robots\" content=\"index, follow, max-snippet:-1, max-image-preview:large, max-video-preview:-1\" \/>\n<link rel=\"canonical\" href=\"https:\/\/informelitoral.com.ar\/alberto-fernandez-tiene-una-hernia-de-disco-lumbar-y-realizara-reposo-en-olivos\/\" \/>\n<meta property=\"og:locale\" content=\"es_ES\" \/>\n<meta property=\"og:type\" content=\"article\" \/>\n<meta property=\"og:title\" content=\"Alberto Fern\u00e1ndez tiene una hernia de disco lumbar y realizar\u00e1 reposo en Olivos - Informe Litoral\" \/>\n<meta property=\"og:description\" content=\"As\u00ed lo precis\u00f3 el \u00faltimo parte de la Unidad M\u00e9dica Presidencial. El mandatario hab\u00eda sido trasladado a un sanatorio privado debido a que aquejaba un cuadro de &quot;dolor lumbar agudo&quot;. Tras estudios m\u00e9dico, se retir\u00f3 dado de alta.\" \/>\n<meta property=\"og:url\" content=\"https:\/\/informelitoral.com.ar\/alberto-fernandez-tiene-una-hernia-de-disco-lumbar-y-realizara-reposo-en-olivos\/\" \/>\n<meta property=\"og:site_name\" content=\"Informe Litoral\" \/>\n<meta property=\"article:publisher\" content=\"https:\/\/www.facebook.com\/informelitoral\/\" \/>\n<meta property=\"article:published_time\" content=\"2023-03-15T16:43:32+00:00\" \/>\n<meta property=\"og:image\" content=\"https:\/\/informelitoral.com.ar\/%77%70%2d%63%6f%6e%74%65%6e%74\/uploads\/2023\/03\/o_1668293615.jpg\" \/>\n\t<meta property=\"og:image:width\" content=\"800\" \/>\n\t<meta property=\"og:image:height\" content=\"450\" \/>\n\t<meta property=\"og:image:type\" content=\"image\/jpeg\" \/>\n<meta name=\"author\" content=\"Sebastian\" \/>\n<meta name=\"twitter:card\" content=\"summary_large_image\" \/>\n<meta name=\"twitter:creator\" content=\"@InformeLitoral\" \/>\n<meta name=\"twitter:site\" content=\"@InformeLitoral\" \/>\n<meta name=\"twitter:label1\" content=\"Escrito por\" \/>\n\t<meta name=\"twitter:data1\" content=\"Sebastian\" \/>\n\t<meta name=\"twitter:label2\" content=\"Tiempo de lectura\" \/>\n\t<meta name=\"twitter:data2\" content=\"2 minutos\" \/>\n<script type=\"application\/ld+json\" class=\"yoast-schema-graph\">{\"@context\":\"https:\\\/\\\/schema.org\",\"@graph\":[{\"@type\":\"Article\",\"@id\":\"https:\\\/\\\/informelitoral.com.ar\\\/alberto-fernandez-tiene-una-hernia-de-disco-lumbar-y-realizara-reposo-en-olivos\\\/#article\",\"isPartOf\":{\"@id\":\"https:\\\/\\\/informelitoral.com.ar\\\/alberto-fernandez-tiene-una-hernia-de-disco-lumbar-y-realizara-reposo-en-olivos\\\/\"},\"author\":{\"name\":\"Sebastian\",\"@id\":\"https:\\\/\\\/informelitoral.com.ar\\\/#\\\/schema\\\/person\\\/f05f9f461677119578717524b127d6d5\"},\"headline\":\"Alberto Fern\u00e1ndez tiene una hernia de disco lumbar y realizar\u00e1 reposo en Olivos\",\"datePublished\":\"2023-03-15T16:43:32+00:00\",\"mainEntityOfPage\":{\"@id\":\"https:\\\/\\\/informelitoral.com.ar\\\/alberto-fernandez-tiene-una-hernia-de-disco-lumbar-y-realizara-reposo-en-olivos\\\/\"},\"wordCount\":376,\"commentCount\":0,\"publisher\":{\"@id\":\"https:\\\/\\\/informelitoral.com.ar\\\/#organization\"},\"image\":{\"@id\":\"https:\\\/\\\/informelitoral.com.ar\\\/alberto-fernandez-tiene-una-hernia-de-disco-lumbar-y-realizara-reposo-en-olivos\\\/#primaryimage\"},\"thumbnailUrl\":\"https:\\\/\\\/informelitoral.com.ar\\\/%77%70%2d%63%6f%6e%74%65%6e%74\\\/uploads\\\/2023\\\/03\\\/o_1668293615.jpg\",\"articleSection\":[\"Politica\"],\"inLanguage\":\"es\",\"potentialAction\":[{\"@type\":\"CommentAction\",\"name\":\"Comment\",\"target\":[\"https:\\\/\\\/informelitoral.com.ar\\\/alberto-fernandez-tiene-una-hernia-de-disco-lumbar-y-realizara-reposo-en-olivos\\\/#respond\"]}]},{\"@type\":\"WebPage\",\"@id\":\"https:\\\/\\\/informelitoral.com.ar\\\/alberto-fernandez-tiene-una-hernia-de-disco-lumbar-y-realizara-reposo-en-olivos\\\/\",\"url\":\"https:\\\/\\\/informelitoral.com.ar\\\/alberto-fernandez-tiene-una-hernia-de-disco-lumbar-y-realizara-reposo-en-olivos\\\/\",\"name\":\"Alberto Fern\u00e1ndez tiene una hernia de disco lumbar y realizar\u00e1 reposo en Olivos - Informe Litoral\",\"isPartOf\":{\"@id\":\"https:\\\/\\\/informelitoral.com.ar\\\/#website\"},\"primaryImageOfPage\":{\"@id\":\"https:\\\/\\\/informelitoral.com.ar\\\/alberto-fernandez-tiene-una-hernia-de-disco-lumbar-y-realizara-reposo-en-olivos\\\/#primaryimage\"},\"image\":{\"@id\":\"https:\\\/\\\/informelitoral.com.ar\\\/alberto-fernandez-tiene-una-hernia-de-disco-lumbar-y-realizara-reposo-en-olivos\\\/#primaryimage\"},\"thumbnailUrl\":\"https:\\\/\\\/informelitoral.com.ar\\\/%77%70%2d%63%6f%6e%74%65%6e%74\\\/uploads\\\/2023\\\/03\\\/o_1668293615.jpg\",\"datePublished\":\"2023-03-15T16:43:32+00:00\",\"breadcrumb\":{\"@id\":\"https:\\\/\\\/informelitoral.com.ar\\\/alberto-fernandez-tiene-una-hernia-de-disco-lumbar-y-realizara-reposo-en-olivos\\\/#breadcrumb\"},\"inLanguage\":\"es\",\"potentialAction\":[{\"@type\":\"ReadAction\",\"target\":[\"https:\\\/\\\/informelitoral.com.ar\\\/alberto-fernandez-tiene-una-hernia-de-disco-lumbar-y-realizara-reposo-en-olivos\\\/\"]}]},{\"@type\":\"ImageObject\",\"inLanguage\":\"es\",\"@id\":\"https:\\\/\\\/informelitoral.com.ar\\\/alberto-fernandez-tiene-una-hernia-de-disco-lumbar-y-realizara-reposo-en-olivos\\\/#primaryimage\",\"url\":\"https:\\\/\\\/informelitoral.com.ar\\\/%77%70%2d%63%6f%6e%74%65%6e%74\\\/uploads\\\/2023\\\/03\\\/o_1668293615.jpg\",\"contentUrl\":\"https:\\\/\\\/informelitoral.com.ar\\\/%77%70%2d%63%6f%6e%74%65%6e%74\\\/uploads\\\/2023\\\/03\\\/o_1668293615.jpg\",\"width\":800,\"height\":450},{\"@type\":\"BreadcrumbList\",\"@id\":\"https:\\\/\\\/informelitoral.com.ar\\\/alberto-fernandez-tiene-una-hernia-de-disco-lumbar-y-realizara-reposo-en-olivos\\\/#breadcrumb\",\"itemListElement\":[{\"@type\":\"ListItem\",\"position\":1,\"name\":\"Portada\",\"item\":\"https:\\\/\\\/informelitoral.com.ar\\\/\"},{\"@type\":\"ListItem\",\"position\":2,\"name\":\"Alberto Fern\u00e1ndez tiene una hernia de disco lumbar y realizar\u00e1 reposo en Olivos\"}]},{\"@type\":\"WebSite\",\"@id\":\"https:\\\/\\\/informelitoral.com.ar\\\/#website\",\"url\":\"https:\\\/\\\/informelitoral.com.ar\\\/\",\"name\":\"Informe Litoral\",\"description\":\"&quot;Nos informamos&quot; \",\"publisher\":{\"@id\":\"https:\\\/\\\/informelitoral.com.ar\\\/#organization\"},\"potentialAction\":[{\"@type\":\"SearchAction\",\"target\":{\"@type\":\"EntryPoint\",\"urlTemplate\":\"https:\\\/\\\/informelitoral.com.ar\\\/?s={search_term_string}\"},\"query-input\":{\"@type\":\"PropertyValueSpecification\",\"valueRequired\":true,\"valueName\":\"search_term_string\"}}],\"inLanguage\":\"es\"},{\"@type\":\"Organization\",\"@id\":\"https:\\\/\\\/informelitoral.com.ar\\\/#organization\",\"name\":\"Informe Litoral\",\"url\":\"https:\\\/\\\/informelitoral.com.ar\\\/\",\"logo\":{\"@type\":\"ImageObject\",\"inLanguage\":\"es\",\"@id\":\"https:\\\/\\\/informelitoral.com.ar\\\/#\\\/schema\\\/logo\\\/image\\\/\",\"url\":\"https:\\\/\\\/informelitoral.com.ar\\\/%77%70%2d%63%6f%6e%74%65%6e%74\\\/uploads\\\/2021\\\/01\\\/circulo.png\",\"contentUrl\":\"https:\\\/\\\/informelitoral.com.ar\\\/%77%70%2d%63%6f%6e%74%65%6e%74\\\/uploads\\\/2021\\\/01\\\/circulo.png\",\"width\":723,\"height\":731,\"caption\":\"Informe Litoral\"},\"image\":{\"@id\":\"https:\\\/\\\/informelitoral.com.ar\\\/#\\\/schema\\\/logo\\\/image\\\/\"},\"sameAs\":[\"https:\\\/\\\/www.facebook.com\\\/informelitoral\\\/\",\"https:\\\/\\\/x.com\\\/InformeLitoral\",\"https:\\\/\\\/www.instagram.com\\\/informelitoral\\\/\",\"https:\\\/\\\/www.youtube.com\\\/channel\\\/UCua4Qvz8Icb6MYqhoq9xLXw\"]},{\"@type\":\"Person\",\"@id\":\"https:\\\/\\\/informelitoral.com.ar\\\/#\\\/schema\\\/person\\\/f05f9f461677119578717524b127d6d5\",\"name\":\"Sebastian\",\"image\":{\"@type\":\"ImageObject\",\"inLanguage\":\"es\",\"@id\":\"https:\\\/\\\/secure.gravatar.com\\\/avatar\\\/b71bf7481d447dfb9583c7f2798e7cc64de6efb9067b74633ed8c31059a3bd82?s=96&d=mm&r=g\",\"url\":\"https:\\\/\\\/secure.gravatar.com\\\/avatar\\\/b71bf7481d447dfb9583c7f2798e7cc64de6efb9067b74633ed8c31059a3bd82?s=96&d=mm&r=g\",\"contentUrl\":\"https:\\\/\\\/secure.gravatar.com\\\/avatar\\\/b71bf7481d447dfb9583c7f2798e7cc64de6efb9067b74633ed8c31059a3bd82?s=96&d=mm&r=g\",\"caption\":\"Sebastian\"},\"url\":\"https:\\\/\\\/informelitoral.com.ar\\\/author\\\/sebastian\\\/\"}]}<\/script>","yoast_head_json":{"title":"Alberto Fern\u00e1ndez tiene una hernia de disco lumbar y realizar\u00e1 reposo en Olivos - Informe Litoral","robots":{"index":"index","follow":"follow","max-snippet":"max-snippet:-1","max-image-preview":"max-image-preview:large","max-video-preview":"max-video-preview:-1"},"canonical":"https:\/\/informelitoral.com.ar\/alberto-fernandez-tiene-una-hernia-de-disco-lumbar-y-realizara-reposo-en-olivos\/","og_locale":"es_ES","og_type":"article","og_title":"Alberto Fern\u00e1ndez tiene una hernia de disco lumbar y realizar\u00e1 reposo en Olivos - Informe Litoral","og_description":"As\u00ed lo precis\u00f3 el \u00faltimo parte de la Unidad M\u00e9dica Presidencial. El mandatario hab\u00eda sido trasladado a un sanatorio privado debido a que aquejaba un cuadro de \"dolor lumbar agudo\". Tras estudios m\u00e9dico, se retir\u00f3 dado de alta.","og_url":"https:\/\/informelitoral.com.ar\/alberto-fernandez-tiene-una-hernia-de-disco-lumbar-y-realizara-reposo-en-olivos\/","og_site_name":"Informe Litoral","article_publisher":"https:\/\/www.facebook.com\/informelitoral\/","article_published_time":"2023-03-15T16:43:32+00:00","og_image":[{"width":800,"height":450,"url":"https:\/\/informelitoral.com.ar\/%77%70%2d%63%6f%6e%74%65%6e%74\/uploads\/2023\/03\/o_1668293615.jpg","type":"image\/jpeg"}],"author":"Sebastian","twitter_card":"summary_large_image","twitter_creator":"@InformeLitoral","twitter_site":"@InformeLitoral","twitter_misc":{"Escrito por":"Sebastian","Tiempo de lectura":"2 minutos"},"schema":{"@context":"https:\/\/schema.org","@graph":[{"@type":"Article","@id":"https:\/\/informelitoral.com.ar\/alberto-fernandez-tiene-una-hernia-de-disco-lumbar-y-realizara-reposo-en-olivos\/#article","isPartOf":{"@id":"https:\/\/informelitoral.com.ar\/alberto-fernandez-tiene-una-hernia-de-disco-lumbar-y-realizara-reposo-en-olivos\/"},"author":{"name":"Sebastian","@id":"https:\/\/informelitoral.com.ar\/#\/schema\/person\/f05f9f461677119578717524b127d6d5"},"headline":"Alberto Fern\u00e1ndez tiene una hernia de disco lumbar y realizar\u00e1 reposo en Olivos","datePublished":"2023-03-15T16:43:32+00:00","mainEntityOfPage":{"@id":"https:\/\/informelitoral.com.ar\/alberto-fernandez-tiene-una-hernia-de-disco-lumbar-y-realizara-reposo-en-olivos\/"},"wordCount":376,"commentCount":0,"publisher":{"@id":"https:\/\/informelitoral.com.ar\/#organization"},"image":{"@id":"https:\/\/informelitoral.com.ar\/alberto-fernandez-tiene-una-hernia-de-disco-lumbar-y-realizara-reposo-en-olivos\/#primaryimage"},"thumbnailUrl":"https:\/\/informelitoral.com.ar\/%77%70%2d%63%6f%6e%74%65%6e%74\/uploads\/2023\/03\/o_1668293615.jpg","articleSection":["Politica"],"inLanguage":"es","potentialAction":[{"@type":"CommentAction","name":"Comment","target":["https:\/\/informelitoral.com.ar\/alberto-fernandez-tiene-una-hernia-de-disco-lumbar-y-realizara-reposo-en-olivos\/#respond"]}]},{"@type":"WebPage","@id":"https:\/\/informelitoral.com.ar\/alberto-fernandez-tiene-una-hernia-de-disco-lumbar-y-realizara-reposo-en-olivos\/","url":"https:\/\/informelitoral.com.ar\/alberto-fernandez-tiene-una-hernia-de-disco-lumbar-y-realizara-reposo-en-olivos\/","name":"Alberto Fern\u00e1ndez tiene una hernia de disco lumbar y realizar\u00e1 reposo en Olivos - Informe Litoral","isPartOf":{"@id":"https:\/\/informelitoral.com.ar\/#website"},"primaryImageOfPage":{"@id":"https:\/\/informelitoral.com.ar\/alberto-fernandez-tiene-una-hernia-de-disco-lumbar-y-realizara-reposo-en-olivos\/#primaryimage"},"image":{"@id":"https:\/\/informelitoral.com.ar\/alberto-fernandez-tiene-una-hernia-de-disco-lumbar-y-realizara-reposo-en-olivos\/#primaryimage"},"thumbnailUrl":"https:\/\/informelitoral.com.ar\/%77%70%2d%63%6f%6e%74%65%6e%74\/uploads\/2023\/03\/o_1668293615.jpg","datePublished":"2023-03-15T16:43:32+00:00","breadcrumb":{"@id":"https:\/\/informelitoral.com.ar\/alberto-fernandez-tiene-una-hernia-de-disco-lumbar-y-realizara-reposo-en-olivos\/#breadcrumb"},"inLanguage":"es","potentialAction":[{"@type":"ReadAction","target":["https:\/\/informelitoral.com.ar\/alberto-fernandez-tiene-una-hernia-de-disco-lumbar-y-realizara-reposo-en-olivos\/"]}]},{"@type":"ImageObject","inLanguage":"es","@id":"https:\/\/informelitoral.com.ar\/alberto-fernandez-tiene-una-hernia-de-disco-lumbar-y-realizara-reposo-en-olivos\/#primaryimage","url":"https:\/\/informelitoral.com.ar\/%77%70%2d%63%6f%6e%74%65%6e%74\/uploads\/2023\/03\/o_1668293615.jpg","contentUrl":"https:\/\/informelitoral.com.ar\/%77%70%2d%63%6f%6e%74%65%6e%74\/uploads\/2023\/03\/o_1668293615.jpg","width":800,"height":450},{"@type":"BreadcrumbList","@id":"https:\/\/informelitoral.com.ar\/alberto-fernandez-tiene-una-hernia-de-disco-lumbar-y-realizara-reposo-en-olivos\/#breadcrumb","itemListElement":[{"@type":"ListItem","position":1,"name":"Portada","item":"https:\/\/informelitoral.com.ar\/"},{"@type":"ListItem","position":2,"name":"Alberto Fern\u00e1ndez tiene una hernia de disco lumbar y realizar\u00e1 reposo en Olivos"}]},{"@type":"WebSite","@id":"https:\/\/informelitoral.com.ar\/#website","url":"https:\/\/informelitoral.com.ar\/","name":"Informe Litoral","description":"&quot;Nos informamos&quot; ","publisher":{"@id":"https:\/\/informelitoral.com.ar\/#organization"},"potentialAction":[{"@type":"SearchAction","target":{"@type":"EntryPoint","urlTemplate":"https:\/\/informelitoral.com.ar\/?s={search_term_string}"},"query-input":{"@type":"PropertyValueSpecification","valueRequired":true,"valueName":"search_term_string"}}],"inLanguage":"es"},{"@type":"Organization","@id":"https:\/\/informelitoral.com.ar\/#organization","name":"Informe Litoral","url":"https:\/\/informelitoral.com.ar\/","logo":{"@type":"ImageObject","inLanguage":"es","@id":"https:\/\/informelitoral.com.ar\/#\/schema\/logo\/image\/","url":"https:\/\/informelitoral.com.ar\/%77%70%2d%63%6f%6e%74%65%6e%74\/uploads\/2021\/01\/circulo.png","contentUrl":"https:\/\/informelitoral.com.ar\/%77%70%2d%63%6f%6e%74%65%6e%74\/uploads\/2021\/01\/circulo.png","width":723,"height":731,"caption":"Informe Litoral"},"image":{"@id":"https:\/\/informelitoral.com.ar\/#\/schema\/logo\/image\/"},"sameAs":["https:\/\/www.facebook.com\/informelitoral\/","https:\/\/x.com\/InformeLitoral","https:\/\/www.instagram.com\/informelitoral\/","https:\/\/www.youtube.com\/channel\/UCua4Qvz8Icb6MYqhoq9xLXw"]},{"@type":"Person","@id":"https:\/\/informelitoral.com.ar\/#\/schema\/person\/f05f9f461677119578717524b127d6d5","name":"Sebastian","image":{"@type":"ImageObject","inLanguage":"es","@id":"https:\/\/secure.gravatar.com\/avatar\/b71bf7481d447dfb9583c7f2798e7cc64de6efb9067b74633ed8c31059a3bd82?s=96&d=mm&r=g","url":"https:\/\/secure.gravatar.com\/avatar\/b71bf7481d447dfb9583c7f2798e7cc64de6efb9067b74633ed8c31059a3bd82?s=96&d=mm&r=g","contentUrl":"https:\/\/secure.gravatar.com\/avatar\/b71bf7481d447dfb9583c7f2798e7cc64de6efb9067b74633ed8c31059a3bd82?s=96&d=mm&r=g","caption":"Sebastian"},"url":"https:\/\/informelitoral.com.ar\/author\/sebastian\/"}]}},"_links":{"self":[{"href":"https:\/\/informelitoral.com.ar\/%77%70%2d%6a%73%6f%6e\/wp\/v2\/posts\/127712","targetHints":{"allow":["GET"]}}],"collection":[{"href":"https:\/\/informelitoral.com.ar\/%77%70%2d%6a%73%6f%6e\/wp\/v2\/posts"}],"about":[{"href":"https:\/\/informelitoral.com.ar\/%77%70%2d%6a%73%6f%6e\/wp\/v2\/types\/post"}],"author":[{"embeddable":true,"href":"https:\/\/informelitoral.com.ar\/%77%70%2d%6a%73%6f%6e\/wp\/v2\/users\/8"}],"replies":[{"embeddable":true,"href":"https:\/\/informelitoral.com.ar\/%77%70%2d%6a%73%6f%6e\/wp\/v2\/comments?post=127712"}],"version-history":[{"count":0,"href":"https:\/\/informelitoral.com.ar\/%77%70%2d%6a%73%6f%6e\/wp\/v2\/posts\/127712\/revisions"}],"wp:featuredmedia":[{"embeddable":true,"href":"https:\/\/informelitoral.com.ar\/%77%70%2d%6a%73%6f%6e\/wp\/v2\/media\/127709"}],"wp:attachment":[{"href":"https:\/\/informelitoral.com.ar\/%77%70%2d%6a%73%6f%6e\/wp\/v2\/media?parent=127712"}],"wp:term":[{"taxonomy":"category","embeddable":true,"href":"https:\/\/informelitoral.com.ar\/%77%70%2d%6a%73%6f%6e\/wp\/v2\/categories?post=127712"},{"taxonomy":"post_tag","embeddable":true,"href":"https:\/\/informelitoral.com.ar\/%77%70%2d%6a%73%6f%6e\/wp\/v2\/tags?post=127712"}],"curies":[{"name":"wp","href":"https:\/\/api.w.org\/{rel}","templated":true}]}}