{"id":12722,"date":"2015-11-24T23:13:18","date_gmt":"2015-11-25T02:13:18","guid":{"rendered":"http:\/\/www.isletasnoticias.com.ar\/?p=12722"},"modified":"2015-11-24T23:30:14","modified_gmt":"2015-11-25T02:30:14","slug":"ramirez-finalmente-edelmiro-kramer-recibio-a-gustavo-vergara","status":"publish","type":"post","link":"https:\/\/informelitoral.com.ar\/ramirez-finalmente-edelmiro-kramer-recibio-a-gustavo-vergara\/","title":{"rendered":"Ram\u00edrez: finalmente Edelmiro Kr\u00e4mer recibi\u00f3 a Gustavo Vergara"},"content":{"rendered":"<p><strong>El intendente electo por Cambiemos fue recibido este martes en el despacho municipal, donde fue felicitado por el actual presidente municipal, quien le dese\u00f3 \u00abuna buena gesti\u00f3n\u00bb. Adem\u00e1s, hablaron de la continuidad de las obras previstas y se encontrar\u00e1n nuevamente el jueves. La Alianza Ramirense hab\u00eda solicitado la reuni\u00f3n para el 3 de noviembre.\u00a0<a href=\"http:\/\/www.isletasnoticias.com.ar\/%77%70%2d%63%6f%6e%74%65%6e%74\/uploads\/2015\/11\/12308616_922548534503551_4500861367742729686_n.jpg\"><img loading=\"lazy\" decoding=\"async\" class=\"aligncenter size-full wp-image-12723\" src=\"http:\/\/www.isletasnoticias.com.ar\/%77%70%2d%63%6f%6e%74%65%6e%74\/uploads\/2015\/11\/12308616_922548534503551_4500861367742729686_n.jpg\" alt=\"12308616_922548534503551_4500861367742729686_n\" width=\"960\" height=\"594\" srcset=\"https:\/\/informelitoral.com.ar\/%77%70%2d%63%6f%6e%74%65%6e%74\/uploads\/2015\/11\/12308616_922548534503551_4500861367742729686_n.jpg 960w, https:\/\/informelitoral.com.ar\/%77%70%2d%63%6f%6e%74%65%6e%74\/uploads\/2015\/11\/12308616_922548534503551_4500861367742729686_n-300x186.jpg 300w\" sizes=\"auto, (max-width: 960px) 100vw, 960px\" \/><\/a><\/strong><\/p>\n<p>El intendente electo de Gral. Ram\u00edrez por la Alianza Ramirense (Cambiemos), <strong>Gustavo Vergara<\/strong>, junto al vice, <strong>Roberto Riffel<\/strong>, fueron recibidos en la ma\u00f1ana de este martes por el actual intendente <strong>Edelmiro Kr\u00e4mer<\/strong>.<\/p>\n<p>En la oportunidad y seg\u00fan se inform\u00f3 desde el municipio, Kr\u00e4mer felicit\u00f3 a la f\u00f3rmula electa tanto por el resultado a nivel local, como nacional. En ese sentido, el intendente calific\u00f3 a la audiencia como \u00abpositiva\u00bb, a tal punto que asegur\u00f3 que \u00abse seguir\u00e1 trabajando en pos de nuestra querida ciudad\u00bb.<\/p>\n<p>Vergara recibi\u00f3 informaci\u00f3n\u00a0sobre la situaci\u00f3n econ\u00f3mica y laboral de la Municipalidad de General Ram\u00edrez. \u00abAsimismo, dialogamos sobre la continuidad de la construcci\u00f3n de viviendas sociales, la ampliaci\u00f3n del Parque Industrial y el traslado de las lagunas cloacales, obras que quedaron pendientes de nuestra gesti\u00f3n de gobierno pero que se iniciaron los tr\u00e1mites para su concreci\u00f3n. De m\u00e1s est\u00e1 decir que me puse a disposici\u00f3n para lo que necesitar\u00e1n\u00bb, expres\u00f3 el presidente municipal saliente.<\/p>\n<p><strong>Nueva reuni\u00f3n<\/strong><\/p>\n<p>El <span class=\"text_exposed_show\">jueves 26 de noviembre se concretar\u00e1 otra reuni\u00f3n, de la que adem\u00e1s, participar\u00e1n<\/span>\u00a0la secretaria de Gobierno y Hacienda, <strong>Mabel Kramer<\/strong>; el subsecretario de Obras y Servicios P\u00fablicos, MMO <strong>Pablo Blum<\/strong> y la contadora <strong>Claudia Manucci<\/strong>, entre otros actuales funcionarios.<\/p>\n<p>Seg\u00fan se inform\u00f3, en el encuentro \u00abse interiorizar\u00e1 sobre el funcionamiento y organizaci\u00f3n de las diversas \u00e1reas municipales\u00bb.<\/p>\n<p>Recordemos que la reuni\u00f3n hab\u00eda sido solicitada originalmente por la Alianza para el martes 3, pero finalmente se concret\u00f3 21 d\u00edas despu\u00e9s. <em>(IN)<\/em><\/p>\n","protected":false},"excerpt":{"rendered":"<p>El intendente electo por Cambiemos fue recibido este martes en el despacho municipal, donde fue felicitado por el actual presidente municipal, quien le dese&oacute; &laquo;una buena gesti&oacute;n&raquo;. Adem&aacute;s, hablaron de la continuidad de las obras previstas y se encontrar&aacute;n nuevamente el jueves. La Alianza Ramirense hab&iacute;a solicitado la reuni&oacute;n para el 3 de noviembre.&nbsp; El [&hellip;]<\/p>\n","protected":false},"author":2,"featured_media":0,"comment_status":"open","ping_status":"open","sticky":false,"template":"","format":"standard","meta":{"fifu_image_url":"","fifu_image_alt":"","footnotes":""},"categories":[5,16],"tags":[],"class_list":{"0":"post-12722","1":"post","2":"type-post","3":"status-publish","4":"format-standard","6":"category-zonales","7":"category-politi"},"yoast_head":"<title>Ram\u00edrez: finalmente Edelmiro Kr\u00e4mer recibi\u00f3 a Gustavo Vergara - Informe Litoral<\/title>\n<meta name=\"robots\" content=\"index, follow, max-snippet:-1, max-image-preview:large, max-video-preview:-1\" \/>\n<link rel=\"canonical\" href=\"https:\/\/informelitoral.com.ar\/ramirez-finalmente-edelmiro-kramer-recibio-a-gustavo-vergara\/\" \/>\n<meta property=\"og:locale\" content=\"es_ES\" \/>\n<meta property=\"og:type\" content=\"article\" \/>\n<meta property=\"og:title\" content=\"Ram\u00edrez: finalmente Edelmiro Kr\u00e4mer recibi\u00f3 a Gustavo Vergara - Informe Litoral\" \/>\n<meta property=\"og:description\" content=\"El intendente electo por Cambiemos fue recibido este martes en el despacho municipal, donde fue felicitado por el actual presidente municipal, quien le dese&oacute; &laquo;una buena gesti&oacute;n&raquo;. Adem&aacute;s, hablaron de la continuidad de las obras previstas y se encontrar&aacute;n nuevamente el jueves. La Alianza Ramirense hab&iacute;a solicitado la reuni&oacute;n para el 3 de noviembre.&nbsp; El [&hellip;]\" \/>\n<meta property=\"og:url\" content=\"https:\/\/informelitoral.com.ar\/ramirez-finalmente-edelmiro-kramer-recibio-a-gustavo-vergara\/\" \/>\n<meta property=\"og:site_name\" content=\"Informe Litoral\" \/>\n<meta property=\"article:publisher\" content=\"https:\/\/www.facebook.com\/informelitoral\/\" \/>\n<meta property=\"article:published_time\" content=\"2015-11-25T02:13:18+00:00\" \/>\n<meta property=\"article:modified_time\" content=\"2015-11-25T02:30:14+00:00\" \/>\n<meta property=\"og:image\" content=\"https:\/\/informelitoral.com.ar\/%77%70%2d%63%6f%6e%74%65%6e%74\/uploads\/2015\/11\/12308616_922548534503551_4500861367742729686_n.jpg\" \/>\n\t<meta property=\"og:image:width\" content=\"960\" \/>\n\t<meta property=\"og:image:height\" content=\"594\" \/>\n\t<meta property=\"og:image:type\" content=\"image\/jpeg\" \/>\n<meta name=\"author\" content=\"Gonzalo Schmidt\" \/>\n<meta name=\"twitter:card\" content=\"summary_large_image\" \/>\n<meta name=\"twitter:creator\" content=\"@InformeLitoral\" \/>\n<meta name=\"twitter:site\" content=\"@InformeLitoral\" \/>\n<meta name=\"twitter:label1\" content=\"Escrito por\" \/>\n\t<meta name=\"twitter:data1\" content=\"Gonzalo Schmidt\" \/>\n\t<meta name=\"twitter:label2\" content=\"Tiempo de lectura\" \/>\n\t<meta name=\"twitter:data2\" content=\"2 minutos\" \/>\n<script type=\"application\/ld+json\" class=\"yoast-schema-graph\">{\"@context\":\"https:\\\/\\\/schema.org\",\"@graph\":[{\"@type\":\"Article\",\"@id\":\"https:\\\/\\\/informelitoral.com.ar\\\/ramirez-finalmente-edelmiro-kramer-recibio-a-gustavo-vergara\\\/#article\",\"isPartOf\":{\"@id\":\"https:\\\/\\\/informelitoral.com.ar\\\/ramirez-finalmente-edelmiro-kramer-recibio-a-gustavo-vergara\\\/\"},\"author\":{\"name\":\"Gonzalo Schmidt\",\"@id\":\"https:\\\/\\\/informelitoral.com.ar\\\/#\\\/schema\\\/person\\\/b9d00407c836482871ef1d57bf8e3180\"},\"headline\":\"Ram\u00edrez: finalmente Edelmiro Kr\u00e4mer recibi\u00f3 a Gustavo Vergara\",\"datePublished\":\"2015-11-25T02:13:18+00:00\",\"dateModified\":\"2015-11-25T02:30:14+00:00\",\"mainEntityOfPage\":{\"@id\":\"https:\\\/\\\/informelitoral.com.ar\\\/ramirez-finalmente-edelmiro-kramer-recibio-a-gustavo-vergara\\\/\"},\"wordCount\":335,\"commentCount\":0,\"publisher\":{\"@id\":\"https:\\\/\\\/informelitoral.com.ar\\\/#organization\"},\"image\":{\"@id\":\"https:\\\/\\\/informelitoral.com.ar\\\/ramirez-finalmente-edelmiro-kramer-recibio-a-gustavo-vergara\\\/#primaryimage\"},\"thumbnailUrl\":\"http:\\\/\\\/www.isletasnoticias.com.ar\\\/%77%70%2d%63%6f%6e%74%65%6e%74\\\/uploads\\\/2015\\\/11\\\/12308616_922548534503551_4500861367742729686_n.jpg\",\"articleSection\":[\"Departamento Diamante\",\"Politica\"],\"inLanguage\":\"es\",\"potentialAction\":[{\"@type\":\"CommentAction\",\"name\":\"Comment\",\"target\":[\"https:\\\/\\\/informelitoral.com.ar\\\/ramirez-finalmente-edelmiro-kramer-recibio-a-gustavo-vergara\\\/#respond\"]}]},{\"@type\":\"WebPage\",\"@id\":\"https:\\\/\\\/informelitoral.com.ar\\\/ramirez-finalmente-edelmiro-kramer-recibio-a-gustavo-vergara\\\/\",\"url\":\"https:\\\/\\\/informelitoral.com.ar\\\/ramirez-finalmente-edelmiro-kramer-recibio-a-gustavo-vergara\\\/\",\"name\":\"Ram\u00edrez: finalmente Edelmiro Kr\u00e4mer recibi\u00f3 a Gustavo Vergara - Informe Litoral\",\"isPartOf\":{\"@id\":\"https:\\\/\\\/informelitoral.com.ar\\\/#website\"},\"primaryImageOfPage\":{\"@id\":\"https:\\\/\\\/informelitoral.com.ar\\\/ramirez-finalmente-edelmiro-kramer-recibio-a-gustavo-vergara\\\/#primaryimage\"},\"image\":{\"@id\":\"https:\\\/\\\/informelitoral.com.ar\\\/ramirez-finalmente-edelmiro-kramer-recibio-a-gustavo-vergara\\\/#primaryimage\"},\"thumbnailUrl\":\"http:\\\/\\\/www.isletasnoticias.com.ar\\\/%77%70%2d%63%6f%6e%74%65%6e%74\\\/uploads\\\/2015\\\/11\\\/12308616_922548534503551_4500861367742729686_n.jpg\",\"datePublished\":\"2015-11-25T02:13:18+00:00\",\"dateModified\":\"2015-11-25T02:30:14+00:00\",\"breadcrumb\":{\"@id\":\"https:\\\/\\\/informelitoral.com.ar\\\/ramirez-finalmente-edelmiro-kramer-recibio-a-gustavo-vergara\\\/#breadcrumb\"},\"inLanguage\":\"es\",\"potentialAction\":[{\"@type\":\"ReadAction\",\"target\":[\"https:\\\/\\\/informelitoral.com.ar\\\/ramirez-finalmente-edelmiro-kramer-recibio-a-gustavo-vergara\\\/\"]}]},{\"@type\":\"ImageObject\",\"inLanguage\":\"es\",\"@id\":\"https:\\\/\\\/informelitoral.com.ar\\\/ramirez-finalmente-edelmiro-kramer-recibio-a-gustavo-vergara\\\/#primaryimage\",\"url\":\"http:\\\/\\\/www.isletasnoticias.com.ar\\\/%77%70%2d%63%6f%6e%74%65%6e%74\\\/uploads\\\/2015\\\/11\\\/12308616_922548534503551_4500861367742729686_n.jpg\",\"contentUrl\":\"http:\\\/\\\/www.isletasnoticias.com.ar\\\/%77%70%2d%63%6f%6e%74%65%6e%74\\\/uploads\\\/2015\\\/11\\\/12308616_922548534503551_4500861367742729686_n.jpg\"},{\"@type\":\"BreadcrumbList\",\"@id\":\"https:\\\/\\\/informelitoral.com.ar\\\/ramirez-finalmente-edelmiro-kramer-recibio-a-gustavo-vergara\\\/#breadcrumb\",\"itemListElement\":[{\"@type\":\"ListItem\",\"position\":1,\"name\":\"Portada\",\"item\":\"https:\\\/\\\/informelitoral.com.ar\\\/\"},{\"@type\":\"ListItem\",\"position\":2,\"name\":\"Ram\u00edrez: finalmente Edelmiro Kr\u00e4mer recibi\u00f3 a Gustavo Vergara\"}]},{\"@type\":\"WebSite\",\"@id\":\"https:\\\/\\\/informelitoral.com.ar\\\/#website\",\"url\":\"https:\\\/\\\/informelitoral.com.ar\\\/\",\"name\":\"Informe Litoral\",\"description\":\"&quot;Nos informamos&quot; \",\"publisher\":{\"@id\":\"https:\\\/\\\/informelitoral.com.ar\\\/#organization\"},\"potentialAction\":[{\"@type\":\"SearchAction\",\"target\":{\"@type\":\"EntryPoint\",\"urlTemplate\":\"https:\\\/\\\/informelitoral.com.ar\\\/?s={search_term_string}\"},\"query-input\":{\"@type\":\"PropertyValueSpecification\",\"valueRequired\":true,\"valueName\":\"search_term_string\"}}],\"inLanguage\":\"es\"},{\"@type\":\"Organization\",\"@id\":\"https:\\\/\\\/informelitoral.com.ar\\\/#organization\",\"name\":\"Informe Litoral\",\"url\":\"https:\\\/\\\/informelitoral.com.ar\\\/\",\"logo\":{\"@type\":\"ImageObject\",\"inLanguage\":\"es\",\"@id\":\"https:\\\/\\\/informelitoral.com.ar\\\/#\\\/schema\\\/logo\\\/image\\\/\",\"url\":\"https:\\\/\\\/informelitoral.com.ar\\\/%77%70%2d%63%6f%6e%74%65%6e%74\\\/uploads\\\/2021\\\/01\\\/circulo.png\",\"contentUrl\":\"https:\\\/\\\/informelitoral.com.ar\\\/%77%70%2d%63%6f%6e%74%65%6e%74\\\/uploads\\\/2021\\\/01\\\/circulo.png\",\"width\":723,\"height\":731,\"caption\":\"Informe Litoral\"},\"image\":{\"@id\":\"https:\\\/\\\/informelitoral.com.ar\\\/#\\\/schema\\\/logo\\\/image\\\/\"},\"sameAs\":[\"https:\\\/\\\/www.facebook.com\\\/informelitoral\\\/\",\"https:\\\/\\\/x.com\\\/InformeLitoral\",\"https:\\\/\\\/www.instagram.com\\\/informelitoral\\\/\",\"https:\\\/\\\/www.youtube.com\\\/channel\\\/UCua4Qvz8Icb6MYqhoq9xLXw\"]},{\"@type\":\"Person\",\"@id\":\"https:\\\/\\\/informelitoral.com.ar\\\/#\\\/schema\\\/person\\\/b9d00407c836482871ef1d57bf8e3180\",\"name\":\"Gonzalo Schmidt\",\"image\":{\"@type\":\"ImageObject\",\"inLanguage\":\"es\",\"@id\":\"https:\\\/\\\/secure.gravatar.com\\\/avatar\\\/31a1a7b66ff2de83bd0e9fd79d026630d2d99e55e8bfe501287647b4fd9743de?s=96&d=mm&r=g\",\"url\":\"https:\\\/\\\/secure.gravatar.com\\\/avatar\\\/31a1a7b66ff2de83bd0e9fd79d026630d2d99e55e8bfe501287647b4fd9743de?s=96&d=mm&r=g\",\"contentUrl\":\"https:\\\/\\\/secure.gravatar.com\\\/avatar\\\/31a1a7b66ff2de83bd0e9fd79d026630d2d99e55e8bfe501287647b4fd9743de?s=96&d=mm&r=g\",\"caption\":\"Gonzalo Schmidt\"},\"description\":\"Sitio web de noticias de la provincia de Entre R\u00edos, Argentina. Informaci\u00f3n y entretenimiento. Informe Litoral, nos informamos.\",\"sameAs\":[\"http:\\\/\\\/www.isletasnoticias.com.ar\"],\"url\":\"https:\\\/\\\/informelitoral.com.ar\\\/author\\\/gonzalo\\\/\"}]}<\/script>","yoast_head_json":{"title":"Ram\u00edrez: finalmente Edelmiro Kr\u00e4mer recibi\u00f3 a Gustavo Vergara - Informe Litoral","robots":{"index":"index","follow":"follow","max-snippet":"max-snippet:-1","max-image-preview":"max-image-preview:large","max-video-preview":"max-video-preview:-1"},"canonical":"https:\/\/informelitoral.com.ar\/ramirez-finalmente-edelmiro-kramer-recibio-a-gustavo-vergara\/","og_locale":"es_ES","og_type":"article","og_title":"Ram\u00edrez: finalmente Edelmiro Kr\u00e4mer recibi\u00f3 a Gustavo Vergara - Informe Litoral","og_description":"El intendente electo por Cambiemos fue recibido este martes en el despacho municipal, donde fue felicitado por el actual presidente municipal, quien le dese&oacute; &laquo;una buena gesti&oacute;n&raquo;. Adem&aacute;s, hablaron de la continuidad de las obras previstas y se encontrar&aacute;n nuevamente el jueves. La Alianza Ramirense hab&iacute;a solicitado la reuni&oacute;n para el 3 de noviembre.&nbsp; El [&hellip;]","og_url":"https:\/\/informelitoral.com.ar\/ramirez-finalmente-edelmiro-kramer-recibio-a-gustavo-vergara\/","og_site_name":"Informe Litoral","article_publisher":"https:\/\/www.facebook.com\/informelitoral\/","article_published_time":"2015-11-25T02:13:18+00:00","article_modified_time":"2015-11-25T02:30:14+00:00","og_image":[{"width":960,"height":594,"url":"https:\/\/informelitoral.com.ar\/%77%70%2d%63%6f%6e%74%65%6e%74\/uploads\/2015\/11\/12308616_922548534503551_4500861367742729686_n.jpg","type":"image\/jpeg"}],"author":"Gonzalo Schmidt","twitter_card":"summary_large_image","twitter_creator":"@InformeLitoral","twitter_site":"@InformeLitoral","twitter_misc":{"Escrito por":"Gonzalo Schmidt","Tiempo de lectura":"2 minutos"},"schema":{"@context":"https:\/\/schema.org","@graph":[{"@type":"Article","@id":"https:\/\/informelitoral.com.ar\/ramirez-finalmente-edelmiro-kramer-recibio-a-gustavo-vergara\/#article","isPartOf":{"@id":"https:\/\/informelitoral.com.ar\/ramirez-finalmente-edelmiro-kramer-recibio-a-gustavo-vergara\/"},"author":{"name":"Gonzalo Schmidt","@id":"https:\/\/informelitoral.com.ar\/#\/schema\/person\/b9d00407c836482871ef1d57bf8e3180"},"headline":"Ram\u00edrez: finalmente Edelmiro Kr\u00e4mer recibi\u00f3 a Gustavo Vergara","datePublished":"2015-11-25T02:13:18+00:00","dateModified":"2015-11-25T02:30:14+00:00","mainEntityOfPage":{"@id":"https:\/\/informelitoral.com.ar\/ramirez-finalmente-edelmiro-kramer-recibio-a-gustavo-vergara\/"},"wordCount":335,"commentCount":0,"publisher":{"@id":"https:\/\/informelitoral.com.ar\/#organization"},"image":{"@id":"https:\/\/informelitoral.com.ar\/ramirez-finalmente-edelmiro-kramer-recibio-a-gustavo-vergara\/#primaryimage"},"thumbnailUrl":"http:\/\/www.isletasnoticias.com.ar\/%77%70%2d%63%6f%6e%74%65%6e%74\/uploads\/2015\/11\/12308616_922548534503551_4500861367742729686_n.jpg","articleSection":["Departamento Diamante","Politica"],"inLanguage":"es","potentialAction":[{"@type":"CommentAction","name":"Comment","target":["https:\/\/informelitoral.com.ar\/ramirez-finalmente-edelmiro-kramer-recibio-a-gustavo-vergara\/#respond"]}]},{"@type":"WebPage","@id":"https:\/\/informelitoral.com.ar\/ramirez-finalmente-edelmiro-kramer-recibio-a-gustavo-vergara\/","url":"https:\/\/informelitoral.com.ar\/ramirez-finalmente-edelmiro-kramer-recibio-a-gustavo-vergara\/","name":"Ram\u00edrez: finalmente Edelmiro Kr\u00e4mer recibi\u00f3 a Gustavo Vergara - Informe Litoral","isPartOf":{"@id":"https:\/\/informelitoral.com.ar\/#website"},"primaryImageOfPage":{"@id":"https:\/\/informelitoral.com.ar\/ramirez-finalmente-edelmiro-kramer-recibio-a-gustavo-vergara\/#primaryimage"},"image":{"@id":"https:\/\/informelitoral.com.ar\/ramirez-finalmente-edelmiro-kramer-recibio-a-gustavo-vergara\/#primaryimage"},"thumbnailUrl":"http:\/\/www.isletasnoticias.com.ar\/%77%70%2d%63%6f%6e%74%65%6e%74\/uploads\/2015\/11\/12308616_922548534503551_4500861367742729686_n.jpg","datePublished":"2015-11-25T02:13:18+00:00","dateModified":"2015-11-25T02:30:14+00:00","breadcrumb":{"@id":"https:\/\/informelitoral.com.ar\/ramirez-finalmente-edelmiro-kramer-recibio-a-gustavo-vergara\/#breadcrumb"},"inLanguage":"es","potentialAction":[{"@type":"ReadAction","target":["https:\/\/informelitoral.com.ar\/ramirez-finalmente-edelmiro-kramer-recibio-a-gustavo-vergara\/"]}]},{"@type":"ImageObject","inLanguage":"es","@id":"https:\/\/informelitoral.com.ar\/ramirez-finalmente-edelmiro-kramer-recibio-a-gustavo-vergara\/#primaryimage","url":"http:\/\/www.isletasnoticias.com.ar\/%77%70%2d%63%6f%6e%74%65%6e%74\/uploads\/2015\/11\/12308616_922548534503551_4500861367742729686_n.jpg","contentUrl":"http:\/\/www.isletasnoticias.com.ar\/%77%70%2d%63%6f%6e%74%65%6e%74\/uploads\/2015\/11\/12308616_922548534503551_4500861367742729686_n.jpg"},{"@type":"BreadcrumbList","@id":"https:\/\/informelitoral.com.ar\/ramirez-finalmente-edelmiro-kramer-recibio-a-gustavo-vergara\/#breadcrumb","itemListElement":[{"@type":"ListItem","position":1,"name":"Portada","item":"https:\/\/informelitoral.com.ar\/"},{"@type":"ListItem","position":2,"name":"Ram\u00edrez: finalmente Edelmiro Kr\u00e4mer recibi\u00f3 a Gustavo Vergara"}]},{"@type":"WebSite","@id":"https:\/\/informelitoral.com.ar\/#website","url":"https:\/\/informelitoral.com.ar\/","name":"Informe Litoral","description":"&quot;Nos informamos&quot; ","publisher":{"@id":"https:\/\/informelitoral.com.ar\/#organization"},"potentialAction":[{"@type":"SearchAction","target":{"@type":"EntryPoint","urlTemplate":"https:\/\/informelitoral.com.ar\/?s={search_term_string}"},"query-input":{"@type":"PropertyValueSpecification","valueRequired":true,"valueName":"search_term_string"}}],"inLanguage":"es"},{"@type":"Organization","@id":"https:\/\/informelitoral.com.ar\/#organization","name":"Informe Litoral","url":"https:\/\/informelitoral.com.ar\/","logo":{"@type":"ImageObject","inLanguage":"es","@id":"https:\/\/informelitoral.com.ar\/#\/schema\/logo\/image\/","url":"https:\/\/informelitoral.com.ar\/%77%70%2d%63%6f%6e%74%65%6e%74\/uploads\/2021\/01\/circulo.png","contentUrl":"https:\/\/informelitoral.com.ar\/%77%70%2d%63%6f%6e%74%65%6e%74\/uploads\/2021\/01\/circulo.png","width":723,"height":731,"caption":"Informe Litoral"},"image":{"@id":"https:\/\/informelitoral.com.ar\/#\/schema\/logo\/image\/"},"sameAs":["https:\/\/www.facebook.com\/informelitoral\/","https:\/\/x.com\/InformeLitoral","https:\/\/www.instagram.com\/informelitoral\/","https:\/\/www.youtube.com\/channel\/UCua4Qvz8Icb6MYqhoq9xLXw"]},{"@type":"Person","@id":"https:\/\/informelitoral.com.ar\/#\/schema\/person\/b9d00407c836482871ef1d57bf8e3180","name":"Gonzalo Schmidt","image":{"@type":"ImageObject","inLanguage":"es","@id":"https:\/\/secure.gravatar.com\/avatar\/31a1a7b66ff2de83bd0e9fd79d026630d2d99e55e8bfe501287647b4fd9743de?s=96&d=mm&r=g","url":"https:\/\/secure.gravatar.com\/avatar\/31a1a7b66ff2de83bd0e9fd79d026630d2d99e55e8bfe501287647b4fd9743de?s=96&d=mm&r=g","contentUrl":"https:\/\/secure.gravatar.com\/avatar\/31a1a7b66ff2de83bd0e9fd79d026630d2d99e55e8bfe501287647b4fd9743de?s=96&d=mm&r=g","caption":"Gonzalo Schmidt"},"description":"Sitio web de noticias de la provincia de Entre R\u00edos, Argentina. Informaci\u00f3n y entretenimiento. Informe Litoral, nos informamos.","sameAs":["http:\/\/www.isletasnoticias.com.ar"],"url":"https:\/\/informelitoral.com.ar\/author\/gonzalo\/"}]}},"_links":{"self":[{"href":"https:\/\/informelitoral.com.ar\/%77%70%2d%6a%73%6f%6e\/wp\/v2\/posts\/12722","targetHints":{"allow":["GET"]}}],"collection":[{"href":"https:\/\/informelitoral.com.ar\/%77%70%2d%6a%73%6f%6e\/wp\/v2\/posts"}],"about":[{"href":"https:\/\/informelitoral.com.ar\/%77%70%2d%6a%73%6f%6e\/wp\/v2\/types\/post"}],"author":[{"embeddable":true,"href":"https:\/\/informelitoral.com.ar\/%77%70%2d%6a%73%6f%6e\/wp\/v2\/users\/2"}],"replies":[{"embeddable":true,"href":"https:\/\/informelitoral.com.ar\/%77%70%2d%6a%73%6f%6e\/wp\/v2\/comments?post=12722"}],"version-history":[{"count":0,"href":"https:\/\/informelitoral.com.ar\/%77%70%2d%6a%73%6f%6e\/wp\/v2\/posts\/12722\/revisions"}],"wp:attachment":[{"href":"https:\/\/informelitoral.com.ar\/%77%70%2d%6a%73%6f%6e\/wp\/v2\/media?parent=12722"}],"wp:term":[{"taxonomy":"category","embeddable":true,"href":"https:\/\/informelitoral.com.ar\/%77%70%2d%6a%73%6f%6e\/wp\/v2\/categories?post=12722"},{"taxonomy":"post_tag","embeddable":true,"href":"https:\/\/informelitoral.com.ar\/%77%70%2d%6a%73%6f%6e\/wp\/v2\/tags?post=12722"}],"curies":[{"name":"wp","href":"https:\/\/api.w.org\/{rel}","templated":true}]}}