{"id":12712,"date":"2015-11-23T23:05:32","date_gmt":"2015-11-24T02:05:32","guid":{"rendered":"http:\/\/www.isletasnoticias.com.ar\/?p=12712"},"modified":"2015-11-23T23:05:32","modified_gmt":"2015-11-24T02:05:32","slug":"mauricio-macri-el-cepo-se-termino-ahora-porque-el-gobierno-se-quedo-sin-dolares","status":"publish","type":"post","link":"https:\/\/informelitoral.com.ar\/mauricio-macri-el-cepo-se-termino-ahora-porque-el-gobierno-se-quedo-sin-dolares\/","title":{"rendered":"Mauricio Macri: \u00abEl cepo se termin\u00f3 ahora porque el Gobierno se qued\u00f3 sin d\u00f3lares\u00bb"},"content":{"rendered":"<p><strong>El presidente electo critic\u00f3 el rumbo econ\u00f3mico del pa\u00eds. Sugiri\u00f3 que le podr\u00eda pedir a Cristina Kirchner la renuncia de Gils Carb\u00f3 y Vanoli. Lament\u00f3 el retiro de Ernesto Sanz y se emocion\u00f3 al hablar de su familia.<a href=\"http:\/\/www.isletasnoticias.com.ar\/%77%70%2d%63%6f%6e%74%65%6e%74\/uploads\/2015\/11\/0013805740.jpg\"><img loading=\"lazy\" decoding=\"async\" class=\"aligncenter size-full wp-image-12713\" src=\"http:\/\/www.isletasnoticias.com.ar\/%77%70%2d%63%6f%6e%74%65%6e%74\/uploads\/2015\/11\/0013805740.jpg\" alt=\"0013805740\" width=\"770\" height=\"433\" srcset=\"https:\/\/informelitoral.com.ar\/%77%70%2d%63%6f%6e%74%65%6e%74\/uploads\/2015\/11\/0013805740.jpg 770w, https:\/\/informelitoral.com.ar\/%77%70%2d%63%6f%6e%74%65%6e%74\/uploads\/2015\/11\/0013805740-300x169.jpg 300w\" sizes=\"auto, (max-width: 770px) 100vw, 770px\" \/><\/a><\/strong>Un d\u00eda despu\u00e9s de imponerse en el hist\u00f3rico ballotage ante Daniel Scioli, Mauricio Macri no pudo ocultar su alegr\u00eda en la conferencia de prensa que ofreci\u00f3 por la ma\u00f1ana. El mismo semblante mostr\u00f3 m\u00e1s tarde cuando, visiblemente m\u00e1s relajado, concedi\u00f3 algunas entrevistas, en las que ahond\u00f3 en claves sobre su futuro gobierno.<\/p>\n<p>Ya como presidente electo, el l\u00edder del PRO volvi\u00f3 a cargar contra la gesti\u00f3n kirchnerista, de la que objet\u00f3 \u00abfalta de transparencia\u00bb y varias decisiones econ\u00f3micas, entre otros temas. Se\u00f1al\u00f3 que la inflaci\u00f3n es \u00abel gran problema\u00bb del \u00e1rea y asegur\u00f3 que de alg\u00fan modo funcion\u00f3 como una devaluaci\u00f3n.<\/p>\n<p>Consultado por Canal 13 sobre su promesa de terminar con las restricciones a la compra de d\u00f3lares, ratific\u00f3 que se acabar\u00e1n apenas llegue al poder. \u00abEl 11 de diciembre habr\u00e1 un d\u00f3lar \u00fanico\u00bb, aunque evit\u00f3 precisar cu\u00e1l ser\u00e1 su valor.<\/p>\n<p>No obstante, Macri remarc\u00f3 que \u00abel cepo se termin\u00f3 ahora, porque el Gobierno se qued\u00f3 sin d\u00f3lares\u00bb. \u00abSi los d\u00f3lares se acabaron, para qu\u00e9 discutimos si la salida es gradual o no\u00bb, acot\u00f3. Y en similar sentido cuestion\u00f3 la resoluci\u00f3n que comunic\u00f3 el s\u00e1bado el Banco Central, que obliga a los bancos a desprenderse de sus activos dolarizados con el fin de recuperar reservas.<\/p>\n<p>Tambi\u00e9n retruc\u00f3 al oficialismo los achaques que recibi\u00f3 como promotor de un ajuste. \u00abEl ajuste lo hizo este Gobierno al no crecer hace cuatro a\u00f1os\u00bb, lanz\u00f3.<\/p>\n<p>El jefe de Gobierno se refiri\u00f3 a lo que desde su propio espacio denominaron una \u00abcampa\u00f1a de miedo\u00bb en su contra. \u00abSi hubo un cambio es porque no funcion\u00f3. Parec\u00eda inevitable que ganen en primera vuelta, parec\u00eda que iban a gobernar toda la vida\u00bb, sostuvo. Al respecto, coment\u00f3 que entre los presidentes que lo llamaron para felicitarlo muchos le dijeron que estaban contentos con su elecci\u00f3n. \u00abDesde afuera del pa\u00eds tampoco se entiende esta intolerancia\u00bb, a\u00f1adi\u00f3, aunque se neg\u00f3 a revelar los nombres de los mandatarios.<\/p>\n<p>Macri ser\u00e1 recibido este martes en la Quinta de Olivos (lugar al que se mudar\u00e1 a partir del 10 de diciembre), por Cristina Kirchner, con quien ayer mantuvo un contacto telef\u00f3nico luego de su victoria. \u00abEspero que sea una conversaci\u00f3n constructiva, tenemos visiones distintas, claramente no va a cambiar en 24 horas\u00bb, estim\u00f3.<\/p>\n<p>\u00abEspero que nos abran las puertas de los ministerios para que las personas que nombremos para las tareas puedan hace una transici\u00f3n ordenada. Porque la principal cr\u00edtica que hicimos es la manipulaci\u00f3n de los datos\u00bb, dijo, y volvi\u00f3 a remarcar el desconocimiento sobre las cifras oficiales.<\/p>\n<p>El jefe de Gobierno dijo que probablemente le plantee ma\u00f1ana a la mandataria su pedido de renuncia para la procuradora general, Alejandra Gils Carb\u00f3, y el titular del BCRA, Alejandro Vanoli. Ambos funcionarios, de confesa sinton\u00eda pol\u00edtica con el FpV, han dicho que desean continuar en sus cargos, pese al reclamo de la oposici\u00f3n.<\/p>\n<p>Distingui\u00f3, sin embargo, el caso de Ricardo Echegaray al frente de la AFIP. Seg\u00fan dijo en di\u00e1logo con el canal Telef\u00e9, Echegaray ya anunci\u00f3 que dejar\u00e1 el cargo, lo que a su entender \u00abmuestra mucha dignidad\u00bb.<\/p>\n<p>Esta tarde, Macri continu\u00f3 con el misterio en torno a su futuro gabinete \u2013lo \u00fanico que confirm\u00f3 es que Rogelio Frigerio tendr\u00e1 un lugar\u2013 y lament\u00f3 que Ernesto Sanz haya declinado su ofrecimiento de ser ministro de Justicia: \u00abMe doli\u00f3. Cuando \u00e9l me vino a plantear un tema personal, no tuve m\u00e1s que entenderlo. Fue una enorme p\u00e9rdida. Es un dirigente muy valioso\u00bb. El titular de la UCR inform\u00f3 hoy que no aceptar\u00eda ning\u00fan puesto en el gobierno ni seguir\u00eda al frente del partido.<\/p>\n<p>Consultado sobre los \u00edconos que m\u00e1s admira, mencion\u00f3 a Mahatma Gandhi y Nelson Madela en el plano internacional; y Domingo Sarmiento, Julio Roca, Jos\u00e9 de San Mart\u00edn y Arturo Frondizi, en el dom\u00e9stico. A Juan Per\u00f3n y a N\u00e9stor Kirchner los defini\u00f3 como \u00abpersonas muy convencidas de sus ideas\u00bb \u2013puso al segundo con un \u00abvuelo superior\u00bb al primero\u2013 y de la actual presidente dijo que \u00abest\u00e1 demasiado enamorada de sus ideas\u00bb.<\/p>\n<p>En el reportaje con Canal 13, Macri se emocion\u00f3 en dos momentos: cuando habl\u00f3 de su padre \u2013\u00bbterminar en esta reconciliaci\u00f3n, con el abrazo que me dio ayer, cero palabra, s\u00f3lo un abrazo y los ojos de \u00e9l, vidriosos, ya est\u00e1\u00bb y de su esposa.<\/p>\n<p>Por lo dem\u00e1s, prometi\u00f3 trabajar \u00abpara todos los argentinos\u00bb y concedi\u00f3: \u00abSi en pocos meses no los convenzo, es porque estar\u00e9 haciendo algo mal\u00bb.<em> (Infobae)<\/em><\/p>\n","protected":false},"excerpt":{"rendered":"<p>El presidente electo critic&oacute; el rumbo econ&oacute;mico del pa&iacute;s. Sugiri&oacute; que le podr&iacute;a pedir a Cristina Kirchner la renuncia de Gils Carb&oacute; y Vanoli. Lament&oacute; el retiro de Ernesto Sanz y se emocion&oacute; al hablar de su familia.Un d&iacute;a despu&eacute;s de imponerse en el hist&oacute;rico ballotage ante Daniel Scioli, Mauricio Macri no pudo ocultar su [&hellip;]<\/p>\n","protected":false},"author":2,"featured_media":0,"comment_status":"open","ping_status":"open","sticky":false,"template":"","format":"standard","meta":{"fifu_image_url":"","fifu_image_alt":"","footnotes":""},"categories":[7,16],"tags":[],"class_list":{"0":"post-12712","1":"post","2":"type-post","3":"status-publish","4":"format-standard","6":"category-nacionales","7":"category-politi"},"yoast_head":"<title>Mauricio Macri: &quot;El cepo se termin\u00f3 ahora porque el Gobierno se qued\u00f3 sin d\u00f3lares&quot; - Informe Litoral<\/title>\n<meta name=\"robots\" content=\"index, follow, max-snippet:-1, max-image-preview:large, max-video-preview:-1\" \/>\n<link rel=\"canonical\" href=\"https:\/\/informelitoral.com.ar\/mauricio-macri-el-cepo-se-termino-ahora-porque-el-gobierno-se-quedo-sin-dolares\/\" \/>\n<meta property=\"og:locale\" content=\"es_ES\" \/>\n<meta property=\"og:type\" content=\"article\" \/>\n<meta property=\"og:title\" content=\"Mauricio Macri: &quot;El cepo se termin\u00f3 ahora porque el Gobierno se qued\u00f3 sin d\u00f3lares&quot; - Informe Litoral\" \/>\n<meta property=\"og:description\" content=\"El presidente electo critic&oacute; el rumbo econ&oacute;mico del pa&iacute;s. Sugiri&oacute; que le podr&iacute;a pedir a Cristina Kirchner la renuncia de Gils Carb&oacute; y Vanoli. Lament&oacute; el retiro de Ernesto Sanz y se emocion&oacute; al hablar de su familia.Un d&iacute;a despu&eacute;s de imponerse en el hist&oacute;rico ballotage ante Daniel Scioli, Mauricio Macri no pudo ocultar su [&hellip;]\" \/>\n<meta property=\"og:url\" content=\"https:\/\/informelitoral.com.ar\/mauricio-macri-el-cepo-se-termino-ahora-porque-el-gobierno-se-quedo-sin-dolares\/\" \/>\n<meta property=\"og:site_name\" content=\"Informe Litoral\" \/>\n<meta property=\"article:publisher\" content=\"https:\/\/www.facebook.com\/informelitoral\/\" \/>\n<meta property=\"article:published_time\" content=\"2015-11-24T02:05:32+00:00\" \/>\n<meta property=\"og:image\" content=\"https:\/\/informelitoral.com.ar\/%77%70%2d%63%6f%6e%74%65%6e%74\/uploads\/2015\/11\/0013805740.jpg\" \/>\n\t<meta property=\"og:image:width\" content=\"770\" \/>\n\t<meta property=\"og:image:height\" content=\"433\" \/>\n\t<meta property=\"og:image:type\" content=\"image\/jpeg\" \/>\n<meta name=\"author\" content=\"Gonzalo Schmidt\" \/>\n<meta name=\"twitter:card\" content=\"summary_large_image\" \/>\n<meta name=\"twitter:creator\" content=\"@InformeLitoral\" \/>\n<meta name=\"twitter:site\" content=\"@InformeLitoral\" \/>\n<meta name=\"twitter:label1\" content=\"Escrito por\" \/>\n\t<meta name=\"twitter:data1\" content=\"Gonzalo Schmidt\" \/>\n\t<meta name=\"twitter:label2\" content=\"Tiempo de lectura\" \/>\n\t<meta name=\"twitter:data2\" content=\"4 minutos\" \/>\n<script type=\"application\/ld+json\" class=\"yoast-schema-graph\">{\"@context\":\"https:\\\/\\\/schema.org\",\"@graph\":[{\"@type\":\"Article\",\"@id\":\"https:\\\/\\\/informelitoral.com.ar\\\/mauricio-macri-el-cepo-se-termino-ahora-porque-el-gobierno-se-quedo-sin-dolares\\\/#article\",\"isPartOf\":{\"@id\":\"https:\\\/\\\/informelitoral.com.ar\\\/mauricio-macri-el-cepo-se-termino-ahora-porque-el-gobierno-se-quedo-sin-dolares\\\/\"},\"author\":{\"name\":\"Gonzalo Schmidt\",\"@id\":\"https:\\\/\\\/informelitoral.com.ar\\\/#\\\/schema\\\/person\\\/b9d00407c836482871ef1d57bf8e3180\"},\"headline\":\"Mauricio Macri: \u00abEl cepo se termin\u00f3 ahora porque el Gobierno se qued\u00f3 sin d\u00f3lares\u00bb\",\"datePublished\":\"2015-11-24T02:05:32+00:00\",\"mainEntityOfPage\":{\"@id\":\"https:\\\/\\\/informelitoral.com.ar\\\/mauricio-macri-el-cepo-se-termino-ahora-porque-el-gobierno-se-quedo-sin-dolares\\\/\"},\"wordCount\":836,\"commentCount\":0,\"publisher\":{\"@id\":\"https:\\\/\\\/informelitoral.com.ar\\\/#organization\"},\"image\":{\"@id\":\"https:\\\/\\\/informelitoral.com.ar\\\/mauricio-macri-el-cepo-se-termino-ahora-porque-el-gobierno-se-quedo-sin-dolares\\\/#primaryimage\"},\"thumbnailUrl\":\"http:\\\/\\\/www.isletasnoticias.com.ar\\\/%77%70%2d%63%6f%6e%74%65%6e%74\\\/uploads\\\/2015\\\/11\\\/0013805740.jpg\",\"articleSection\":[\"Nacionales\",\"Politica\"],\"inLanguage\":\"es\",\"potentialAction\":[{\"@type\":\"CommentAction\",\"name\":\"Comment\",\"target\":[\"https:\\\/\\\/informelitoral.com.ar\\\/mauricio-macri-el-cepo-se-termino-ahora-porque-el-gobierno-se-quedo-sin-dolares\\\/#respond\"]}]},{\"@type\":\"WebPage\",\"@id\":\"https:\\\/\\\/informelitoral.com.ar\\\/mauricio-macri-el-cepo-se-termino-ahora-porque-el-gobierno-se-quedo-sin-dolares\\\/\",\"url\":\"https:\\\/\\\/informelitoral.com.ar\\\/mauricio-macri-el-cepo-se-termino-ahora-porque-el-gobierno-se-quedo-sin-dolares\\\/\",\"name\":\"Mauricio Macri: \\\"El cepo se termin\u00f3 ahora porque el Gobierno se qued\u00f3 sin d\u00f3lares\\\" - Informe Litoral\",\"isPartOf\":{\"@id\":\"https:\\\/\\\/informelitoral.com.ar\\\/#website\"},\"primaryImageOfPage\":{\"@id\":\"https:\\\/\\\/informelitoral.com.ar\\\/mauricio-macri-el-cepo-se-termino-ahora-porque-el-gobierno-se-quedo-sin-dolares\\\/#primaryimage\"},\"image\":{\"@id\":\"https:\\\/\\\/informelitoral.com.ar\\\/mauricio-macri-el-cepo-se-termino-ahora-porque-el-gobierno-se-quedo-sin-dolares\\\/#primaryimage\"},\"thumbnailUrl\":\"http:\\\/\\\/www.isletasnoticias.com.ar\\\/%77%70%2d%63%6f%6e%74%65%6e%74\\\/uploads\\\/2015\\\/11\\\/0013805740.jpg\",\"datePublished\":\"2015-11-24T02:05:32+00:00\",\"breadcrumb\":{\"@id\":\"https:\\\/\\\/informelitoral.com.ar\\\/mauricio-macri-el-cepo-se-termino-ahora-porque-el-gobierno-se-quedo-sin-dolares\\\/#breadcrumb\"},\"inLanguage\":\"es\",\"potentialAction\":[{\"@type\":\"ReadAction\",\"target\":[\"https:\\\/\\\/informelitoral.com.ar\\\/mauricio-macri-el-cepo-se-termino-ahora-porque-el-gobierno-se-quedo-sin-dolares\\\/\"]}]},{\"@type\":\"ImageObject\",\"inLanguage\":\"es\",\"@id\":\"https:\\\/\\\/informelitoral.com.ar\\\/mauricio-macri-el-cepo-se-termino-ahora-porque-el-gobierno-se-quedo-sin-dolares\\\/#primaryimage\",\"url\":\"http:\\\/\\\/www.isletasnoticias.com.ar\\\/%77%70%2d%63%6f%6e%74%65%6e%74\\\/uploads\\\/2015\\\/11\\\/0013805740.jpg\",\"contentUrl\":\"http:\\\/\\\/www.isletasnoticias.com.ar\\\/%77%70%2d%63%6f%6e%74%65%6e%74\\\/uploads\\\/2015\\\/11\\\/0013805740.jpg\"},{\"@type\":\"BreadcrumbList\",\"@id\":\"https:\\\/\\\/informelitoral.com.ar\\\/mauricio-macri-el-cepo-se-termino-ahora-porque-el-gobierno-se-quedo-sin-dolares\\\/#breadcrumb\",\"itemListElement\":[{\"@type\":\"ListItem\",\"position\":1,\"name\":\"Portada\",\"item\":\"https:\\\/\\\/informelitoral.com.ar\\\/\"},{\"@type\":\"ListItem\",\"position\":2,\"name\":\"Mauricio Macri: \u00abEl cepo se termin\u00f3 ahora porque el Gobierno se qued\u00f3 sin d\u00f3lares\u00bb\"}]},{\"@type\":\"WebSite\",\"@id\":\"https:\\\/\\\/informelitoral.com.ar\\\/#website\",\"url\":\"https:\\\/\\\/informelitoral.com.ar\\\/\",\"name\":\"Informe Litoral\",\"description\":\"&quot;Nos informamos&quot; \",\"publisher\":{\"@id\":\"https:\\\/\\\/informelitoral.com.ar\\\/#organization\"},\"potentialAction\":[{\"@type\":\"SearchAction\",\"target\":{\"@type\":\"EntryPoint\",\"urlTemplate\":\"https:\\\/\\\/informelitoral.com.ar\\\/?s={search_term_string}\"},\"query-input\":{\"@type\":\"PropertyValueSpecification\",\"valueRequired\":true,\"valueName\":\"search_term_string\"}}],\"inLanguage\":\"es\"},{\"@type\":\"Organization\",\"@id\":\"https:\\\/\\\/informelitoral.com.ar\\\/#organization\",\"name\":\"Informe Litoral\",\"url\":\"https:\\\/\\\/informelitoral.com.ar\\\/\",\"logo\":{\"@type\":\"ImageObject\",\"inLanguage\":\"es\",\"@id\":\"https:\\\/\\\/informelitoral.com.ar\\\/#\\\/schema\\\/logo\\\/image\\\/\",\"url\":\"https:\\\/\\\/informelitoral.com.ar\\\/%77%70%2d%63%6f%6e%74%65%6e%74\\\/uploads\\\/2021\\\/01\\\/circulo.png\",\"contentUrl\":\"https:\\\/\\\/informelitoral.com.ar\\\/%77%70%2d%63%6f%6e%74%65%6e%74\\\/uploads\\\/2021\\\/01\\\/circulo.png\",\"width\":723,\"height\":731,\"caption\":\"Informe Litoral\"},\"image\":{\"@id\":\"https:\\\/\\\/informelitoral.com.ar\\\/#\\\/schema\\\/logo\\\/image\\\/\"},\"sameAs\":[\"https:\\\/\\\/www.facebook.com\\\/informelitoral\\\/\",\"https:\\\/\\\/x.com\\\/InformeLitoral\",\"https:\\\/\\\/www.instagram.com\\\/informelitoral\\\/\",\"https:\\\/\\\/www.youtube.com\\\/channel\\\/UCua4Qvz8Icb6MYqhoq9xLXw\"]},{\"@type\":\"Person\",\"@id\":\"https:\\\/\\\/informelitoral.com.ar\\\/#\\\/schema\\\/person\\\/b9d00407c836482871ef1d57bf8e3180\",\"name\":\"Gonzalo Schmidt\",\"image\":{\"@type\":\"ImageObject\",\"inLanguage\":\"es\",\"@id\":\"https:\\\/\\\/secure.gravatar.com\\\/avatar\\\/31a1a7b66ff2de83bd0e9fd79d026630d2d99e55e8bfe501287647b4fd9743de?s=96&d=mm&r=g\",\"url\":\"https:\\\/\\\/secure.gravatar.com\\\/avatar\\\/31a1a7b66ff2de83bd0e9fd79d026630d2d99e55e8bfe501287647b4fd9743de?s=96&d=mm&r=g\",\"contentUrl\":\"https:\\\/\\\/secure.gravatar.com\\\/avatar\\\/31a1a7b66ff2de83bd0e9fd79d026630d2d99e55e8bfe501287647b4fd9743de?s=96&d=mm&r=g\",\"caption\":\"Gonzalo Schmidt\"},\"description\":\"Sitio web de noticias de la provincia de Entre R\u00edos, Argentina. Informaci\u00f3n y entretenimiento. Informe Litoral, nos informamos.\",\"sameAs\":[\"http:\\\/\\\/www.isletasnoticias.com.ar\"],\"url\":\"https:\\\/\\\/informelitoral.com.ar\\\/author\\\/gonzalo\\\/\"}]}<\/script>","yoast_head_json":{"title":"Mauricio Macri: \"El cepo se termin\u00f3 ahora porque el Gobierno se qued\u00f3 sin d\u00f3lares\" - Informe Litoral","robots":{"index":"index","follow":"follow","max-snippet":"max-snippet:-1","max-image-preview":"max-image-preview:large","max-video-preview":"max-video-preview:-1"},"canonical":"https:\/\/informelitoral.com.ar\/mauricio-macri-el-cepo-se-termino-ahora-porque-el-gobierno-se-quedo-sin-dolares\/","og_locale":"es_ES","og_type":"article","og_title":"Mauricio Macri: \"El cepo se termin\u00f3 ahora porque el Gobierno se qued\u00f3 sin d\u00f3lares\" - Informe Litoral","og_description":"El presidente electo critic&oacute; el rumbo econ&oacute;mico del pa&iacute;s. Sugiri&oacute; que le podr&iacute;a pedir a Cristina Kirchner la renuncia de Gils Carb&oacute; y Vanoli. Lament&oacute; el retiro de Ernesto Sanz y se emocion&oacute; al hablar de su familia.Un d&iacute;a despu&eacute;s de imponerse en el hist&oacute;rico ballotage ante Daniel Scioli, Mauricio Macri no pudo ocultar su [&hellip;]","og_url":"https:\/\/informelitoral.com.ar\/mauricio-macri-el-cepo-se-termino-ahora-porque-el-gobierno-se-quedo-sin-dolares\/","og_site_name":"Informe Litoral","article_publisher":"https:\/\/www.facebook.com\/informelitoral\/","article_published_time":"2015-11-24T02:05:32+00:00","og_image":[{"width":770,"height":433,"url":"https:\/\/informelitoral.com.ar\/%77%70%2d%63%6f%6e%74%65%6e%74\/uploads\/2015\/11\/0013805740.jpg","type":"image\/jpeg"}],"author":"Gonzalo Schmidt","twitter_card":"summary_large_image","twitter_creator":"@InformeLitoral","twitter_site":"@InformeLitoral","twitter_misc":{"Escrito por":"Gonzalo Schmidt","Tiempo de lectura":"4 minutos"},"schema":{"@context":"https:\/\/schema.org","@graph":[{"@type":"Article","@id":"https:\/\/informelitoral.com.ar\/mauricio-macri-el-cepo-se-termino-ahora-porque-el-gobierno-se-quedo-sin-dolares\/#article","isPartOf":{"@id":"https:\/\/informelitoral.com.ar\/mauricio-macri-el-cepo-se-termino-ahora-porque-el-gobierno-se-quedo-sin-dolares\/"},"author":{"name":"Gonzalo Schmidt","@id":"https:\/\/informelitoral.com.ar\/#\/schema\/person\/b9d00407c836482871ef1d57bf8e3180"},"headline":"Mauricio Macri: \u00abEl cepo se termin\u00f3 ahora porque el Gobierno se qued\u00f3 sin d\u00f3lares\u00bb","datePublished":"2015-11-24T02:05:32+00:00","mainEntityOfPage":{"@id":"https:\/\/informelitoral.com.ar\/mauricio-macri-el-cepo-se-termino-ahora-porque-el-gobierno-se-quedo-sin-dolares\/"},"wordCount":836,"commentCount":0,"publisher":{"@id":"https:\/\/informelitoral.com.ar\/#organization"},"image":{"@id":"https:\/\/informelitoral.com.ar\/mauricio-macri-el-cepo-se-termino-ahora-porque-el-gobierno-se-quedo-sin-dolares\/#primaryimage"},"thumbnailUrl":"http:\/\/www.isletasnoticias.com.ar\/%77%70%2d%63%6f%6e%74%65%6e%74\/uploads\/2015\/11\/0013805740.jpg","articleSection":["Nacionales","Politica"],"inLanguage":"es","potentialAction":[{"@type":"CommentAction","name":"Comment","target":["https:\/\/informelitoral.com.ar\/mauricio-macri-el-cepo-se-termino-ahora-porque-el-gobierno-se-quedo-sin-dolares\/#respond"]}]},{"@type":"WebPage","@id":"https:\/\/informelitoral.com.ar\/mauricio-macri-el-cepo-se-termino-ahora-porque-el-gobierno-se-quedo-sin-dolares\/","url":"https:\/\/informelitoral.com.ar\/mauricio-macri-el-cepo-se-termino-ahora-porque-el-gobierno-se-quedo-sin-dolares\/","name":"Mauricio Macri: \"El cepo se termin\u00f3 ahora porque el Gobierno se qued\u00f3 sin d\u00f3lares\" - Informe Litoral","isPartOf":{"@id":"https:\/\/informelitoral.com.ar\/#website"},"primaryImageOfPage":{"@id":"https:\/\/informelitoral.com.ar\/mauricio-macri-el-cepo-se-termino-ahora-porque-el-gobierno-se-quedo-sin-dolares\/#primaryimage"},"image":{"@id":"https:\/\/informelitoral.com.ar\/mauricio-macri-el-cepo-se-termino-ahora-porque-el-gobierno-se-quedo-sin-dolares\/#primaryimage"},"thumbnailUrl":"http:\/\/www.isletasnoticias.com.ar\/%77%70%2d%63%6f%6e%74%65%6e%74\/uploads\/2015\/11\/0013805740.jpg","datePublished":"2015-11-24T02:05:32+00:00","breadcrumb":{"@id":"https:\/\/informelitoral.com.ar\/mauricio-macri-el-cepo-se-termino-ahora-porque-el-gobierno-se-quedo-sin-dolares\/#breadcrumb"},"inLanguage":"es","potentialAction":[{"@type":"ReadAction","target":["https:\/\/informelitoral.com.ar\/mauricio-macri-el-cepo-se-termino-ahora-porque-el-gobierno-se-quedo-sin-dolares\/"]}]},{"@type":"ImageObject","inLanguage":"es","@id":"https:\/\/informelitoral.com.ar\/mauricio-macri-el-cepo-se-termino-ahora-porque-el-gobierno-se-quedo-sin-dolares\/#primaryimage","url":"http:\/\/www.isletasnoticias.com.ar\/%77%70%2d%63%6f%6e%74%65%6e%74\/uploads\/2015\/11\/0013805740.jpg","contentUrl":"http:\/\/www.isletasnoticias.com.ar\/%77%70%2d%63%6f%6e%74%65%6e%74\/uploads\/2015\/11\/0013805740.jpg"},{"@type":"BreadcrumbList","@id":"https:\/\/informelitoral.com.ar\/mauricio-macri-el-cepo-se-termino-ahora-porque-el-gobierno-se-quedo-sin-dolares\/#breadcrumb","itemListElement":[{"@type":"ListItem","position":1,"name":"Portada","item":"https:\/\/informelitoral.com.ar\/"},{"@type":"ListItem","position":2,"name":"Mauricio Macri: \u00abEl cepo se termin\u00f3 ahora porque el Gobierno se qued\u00f3 sin d\u00f3lares\u00bb"}]},{"@type":"WebSite","@id":"https:\/\/informelitoral.com.ar\/#website","url":"https:\/\/informelitoral.com.ar\/","name":"Informe Litoral","description":"&quot;Nos informamos&quot; ","publisher":{"@id":"https:\/\/informelitoral.com.ar\/#organization"},"potentialAction":[{"@type":"SearchAction","target":{"@type":"EntryPoint","urlTemplate":"https:\/\/informelitoral.com.ar\/?s={search_term_string}"},"query-input":{"@type":"PropertyValueSpecification","valueRequired":true,"valueName":"search_term_string"}}],"inLanguage":"es"},{"@type":"Organization","@id":"https:\/\/informelitoral.com.ar\/#organization","name":"Informe Litoral","url":"https:\/\/informelitoral.com.ar\/","logo":{"@type":"ImageObject","inLanguage":"es","@id":"https:\/\/informelitoral.com.ar\/#\/schema\/logo\/image\/","url":"https:\/\/informelitoral.com.ar\/%77%70%2d%63%6f%6e%74%65%6e%74\/uploads\/2021\/01\/circulo.png","contentUrl":"https:\/\/informelitoral.com.ar\/%77%70%2d%63%6f%6e%74%65%6e%74\/uploads\/2021\/01\/circulo.png","width":723,"height":731,"caption":"Informe Litoral"},"image":{"@id":"https:\/\/informelitoral.com.ar\/#\/schema\/logo\/image\/"},"sameAs":["https:\/\/www.facebook.com\/informelitoral\/","https:\/\/x.com\/InformeLitoral","https:\/\/www.instagram.com\/informelitoral\/","https:\/\/www.youtube.com\/channel\/UCua4Qvz8Icb6MYqhoq9xLXw"]},{"@type":"Person","@id":"https:\/\/informelitoral.com.ar\/#\/schema\/person\/b9d00407c836482871ef1d57bf8e3180","name":"Gonzalo Schmidt","image":{"@type":"ImageObject","inLanguage":"es","@id":"https:\/\/secure.gravatar.com\/avatar\/31a1a7b66ff2de83bd0e9fd79d026630d2d99e55e8bfe501287647b4fd9743de?s=96&d=mm&r=g","url":"https:\/\/secure.gravatar.com\/avatar\/31a1a7b66ff2de83bd0e9fd79d026630d2d99e55e8bfe501287647b4fd9743de?s=96&d=mm&r=g","contentUrl":"https:\/\/secure.gravatar.com\/avatar\/31a1a7b66ff2de83bd0e9fd79d026630d2d99e55e8bfe501287647b4fd9743de?s=96&d=mm&r=g","caption":"Gonzalo Schmidt"},"description":"Sitio web de noticias de la provincia de Entre R\u00edos, Argentina. Informaci\u00f3n y entretenimiento. Informe Litoral, nos informamos.","sameAs":["http:\/\/www.isletasnoticias.com.ar"],"url":"https:\/\/informelitoral.com.ar\/author\/gonzalo\/"}]}},"_links":{"self":[{"href":"https:\/\/informelitoral.com.ar\/%77%70%2d%6a%73%6f%6e\/wp\/v2\/posts\/12712","targetHints":{"allow":["GET"]}}],"collection":[{"href":"https:\/\/informelitoral.com.ar\/%77%70%2d%6a%73%6f%6e\/wp\/v2\/posts"}],"about":[{"href":"https:\/\/informelitoral.com.ar\/%77%70%2d%6a%73%6f%6e\/wp\/v2\/types\/post"}],"author":[{"embeddable":true,"href":"https:\/\/informelitoral.com.ar\/%77%70%2d%6a%73%6f%6e\/wp\/v2\/users\/2"}],"replies":[{"embeddable":true,"href":"https:\/\/informelitoral.com.ar\/%77%70%2d%6a%73%6f%6e\/wp\/v2\/comments?post=12712"}],"version-history":[{"count":0,"href":"https:\/\/informelitoral.com.ar\/%77%70%2d%6a%73%6f%6e\/wp\/v2\/posts\/12712\/revisions"}],"wp:attachment":[{"href":"https:\/\/informelitoral.com.ar\/%77%70%2d%6a%73%6f%6e\/wp\/v2\/media?parent=12712"}],"wp:term":[{"taxonomy":"category","embeddable":true,"href":"https:\/\/informelitoral.com.ar\/%77%70%2d%6a%73%6f%6e\/wp\/v2\/categories?post=12712"},{"taxonomy":"post_tag","embeddable":true,"href":"https:\/\/informelitoral.com.ar\/%77%70%2d%6a%73%6f%6e\/wp\/v2\/tags?post=12712"}],"curies":[{"name":"wp","href":"https:\/\/api.w.org\/{rel}","templated":true}]}}