{"id":12709,"date":"2015-11-23T22:52:26","date_gmt":"2015-11-24T01:52:26","guid":{"rendered":"http:\/\/www.isletasnoticias.com.ar\/?p=12709"},"modified":"2015-11-23T22:52:26","modified_gmt":"2015-11-24T01:52:26","slug":"bordet-le-apunta-a-cfk-por-el-desfinanciamiento-de-entre-rios","status":"publish","type":"post","link":"https:\/\/informelitoral.com.ar\/bordet-le-apunta-a-cfk-por-el-desfinanciamiento-de-entre-rios\/","title":{"rendered":"Bordet le apunta a CFK por el \u00abdesfinanciamiento\u00bb de Entre R\u00edos"},"content":{"rendered":"<p><strong>Aclar\u00f3 que \u00abes lo que atraviesan la mayor\u00eda de las provincias argentinas\u00bb. Plante\u00f3\u00a0que reclamar\u00e1 el 15% de coparticipaci\u00f3n que hoy no gira el gobierno nacional. <em>\u00bfC\u00f3mo ser\u00e1 su gabinete?<a href=\"http:\/\/www.isletasnoticias.com.ar\/%77%70%2d%63%6f%6e%74%65%6e%74\/uploads\/2015\/11\/o_1448288801.jpg\"><img loading=\"lazy\" decoding=\"async\" class=\"aligncenter size-full wp-image-12710\" src=\"http:\/\/www.isletasnoticias.com.ar\/%77%70%2d%63%6f%6e%74%65%6e%74\/uploads\/2015\/11\/o_1448288801.jpg\" alt=\"o_1448288801\" width=\"640\" height=\"360\" srcset=\"https:\/\/informelitoral.com.ar\/%77%70%2d%63%6f%6e%74%65%6e%74\/uploads\/2015\/11\/o_1448288801.jpg 640w, https:\/\/informelitoral.com.ar\/%77%70%2d%63%6f%6e%74%65%6e%74\/uploads\/2015\/11\/o_1448288801-300x169.jpg 300w\" sizes=\"auto, (max-width: 640px) 100vw, 640px\" \/><\/a><\/em><\/strong><\/p>\n<p>El contador <strong>Gustavo Bordet<\/strong>, gobernador electo de Entre R\u00edos, dialog\u00f3 con <em>O\u00edd Mortales Radio.<\/em>\u00a0 En la entrevista asegur\u00f3 que \u00abEntre R\u00edos est\u00e1 dentro de la media del resto de las provincias. Hoy todas las provincias tienen dificultades financieras. Hay un desfinanciamiento fruto, por un lado, de una gran acumulaci\u00f3n de recursos del gobierno central que ha hecho que las provincias dejen de percibir recursos leg\u00edtimos que les corresponden\u00bb, apunt\u00f3.<\/p>\n<p>A modo de ejemplo, el a\u00fan intendente de Concordia precis\u00f3 que \u00absi uno toma el 15% de los fondos que alguna vez se dejaron de percibir de la coparticipaci\u00f3n para aportar al Anses. Hoy que las AFJP volvieron al Estado y ese 15% no tiene raz\u00f3n de ser. Es algo que vamos a reclamar con fuerza. Esa es una fuente de financiamiento interesante, importante\u00bb, asegur\u00f3.<\/p>\n<p>Aclar\u00f3 que, tambi\u00e9n, habr\u00e1 que ver \u00abfuentes de financiamiento propias\u00bb. Precis\u00f3 al respecto, que \u00abno estoy hablando de restar la presi\u00f3n tributaria, sino de generar una administraci\u00f3n ordenada, que nos permita ir progresivamente solucionando la cobertura del d\u00e9ficit corriente, mensual, de ingresos y gastos\u00bb.<\/p>\n<p>\u00abConfiamos en poner el orden necesario en lo financiero, fiscal y administrativo para otras medidas m\u00e1s que vamos a solicitar que se apliquen. Quiero destacar que hay una cosa importante que ocurre en Entre R\u00edos. Es que la provincia transfiri\u00f3 2 puntos coparticipables a los municipios, que es mucho dinero\u00bb, valor\u00f3 sobre el particular.<\/p>\n<p><b>\u00bfHay un cambio en su mirada de la situaci\u00f3n para salir a pedir lo que antes se explicaba como que no era necesario o se compensaba con obras y por tanto no se reclamaba?<\/b><br \/>\n\u00abB\u00e1sicamente es mi forma de gestionar que es siempre buscar un equilibrio y una forma de auto sustentaci\u00f3n en los recursos. Lo hice as\u00ed en el municipio en los 8 a\u00f1os. SI usted tiene cubierto el d\u00e9ficit fiscal corriente y cierra en 0 o con alg\u00fan super\u00e1vit, aunque tampoco es bueno tener super\u00e1vit permanente porque quiere decir que est\u00e1 dejando de hacer o ejecutar algo. Esto despu\u00e9s le posibilita planificar\u00bb.<\/p>\n<p><strong>Armado de Gabinete<\/strong><\/p>\n<p>\u00abEstamos en una situaci\u00f3n rara\u00bb, empez\u00f3 explicando a la emisora concordiense. \u00abEs la primera vez que, en una transici\u00f3n presidencial, hay tan poca diferencia entre la elecci\u00f3n y el cambio de mandato\u00bb, ampli\u00f3.<\/p>\n<p>Precis\u00f3 que, desde este lunes por ma\u00f1ana, \u00abestoy abocado ya a la conformaci\u00f3n de mis equipos de trabajo, que los daremos a conocer en el transcurso de la semana\u00bb, anticip\u00f3.<\/p>\n<p><b>\u00bfHay presiones a la hora de armar un gabinete? <\/b><br \/>\n\u00abHay que decir que yo tengo experiencia en armados de gabinete y nunca me dej\u00e9 llevar por presiones. Presiones uno puede tener muchas, el tema es ver hasta d\u00f3nde puede incidir para que se nombre a una determinada persona. Tengo el compromiso con los entrerrianos de nombrar a las mujeres y hombres para gestionar. En ese sentido, lo har\u00e9 con toda libertad\u00bb.<\/p>\n<p>Dijo que es importante tener un equilibrio que tiene que ver \u00abcon motivos geogr\u00e1ficos, por un lado. Entre R\u00edos es una provincia con muy buena distribuci\u00f3n de su poblaci\u00f3n. Hay motivos pol\u00edticos, tambi\u00e9n. Esto es innegable. Tambi\u00e9n tiene que ver con las aptitudes. Adem\u00e1s me gusta trabajar en equipo y espero eso de los que sean parte de mi gabinete\u00bb, describi\u00f3.<\/p>\n<p><b>\u00bfHabr\u00e1 cambios totales del actual gabinete o, por el contrario, mantendr\u00e1 algunos nombres de la gesti\u00f3n saliente?<\/b><br \/>\nLa verdad es que har\u00e9 una evaluaci\u00f3n. En ese sentido, primero hay que encontrar las personas que puedan cumplir los objetivos que llevamos adelante. Vale mucho la experiencia en gesti\u00f3n. Y tambi\u00e9n confiar en gente nueva, porque si no es como que la juventud nunca tiene posibilidades. Por ah\u00ed me animo tambi\u00e9n en confiar en la gente joven y las veces que lo hice no me fue mal.<\/p>\n<p><b>\u00bfSer\u00e1 acompa\u00f1ado por quienes hoy son sus funcionarios y colaboradores en la Municipalidad de Concordia?<\/b><br \/>\n\u00abProbablemente s\u00ed, como tambi\u00e9n de todas las ciudades importantes de la provincia. La distribuci\u00f3n de poblaci\u00f3n es muy equitativa en la provincia y esto tiene que verse reflejado, tambi\u00e9n, en un gobierno, no centralizado todo en la capital. Probablemente s\u00ed haya gente de Concordia, Gualeguaych\u00fa, Paran\u00e1, Concepci\u00f3n del Uruguay y tambi\u00e9n de algunos departamentos del resto de la provincia\u00bb.<\/p>\n<p><b>\u00bfCu\u00e1n importante para gestionar es ese Jefe de Gabinete que tiene ahora la provincia?<\/b><br \/>\n\u00abYo tengo hoy en Concordia un secretario de gobierno que cumple esa funci\u00f3n de coordinador de Gabinete. Es importante tener alguien que articule con el resto del equipo, que pueda actuar no como delegado pero s\u00ed en representaci\u00f3n del gobernador ante sus ministros para poder generar espacios donde se comparten las acciones\u00bb. <em>(El Entre R\u00edos)<\/em><\/p>\n","protected":false},"excerpt":{"rendered":"<p>Aclar&oacute; que &laquo;es lo que atraviesan la mayor&iacute;a de las provincias argentinas&raquo;. Plante&oacute;&nbsp;que reclamar&aacute; el 15% de coparticipaci&oacute;n que hoy no gira el gobierno nacional. &iquest;C&oacute;mo ser&aacute; su gabinete? El contador Gustavo Bordet, gobernador electo de Entre R&iacute;os, dialog&oacute; con O&iacute;d Mortales Radio.&nbsp; En la entrevista asegur&oacute; que &laquo;Entre R&iacute;os est&aacute; dentro de la media [&hellip;]<\/p>\n","protected":false},"author":2,"featured_media":0,"comment_status":"open","ping_status":"open","sticky":false,"template":"","format":"standard","meta":{"fifu_image_url":"","fifu_image_alt":"","footnotes":""},"categories":[6,16],"tags":[],"class_list":{"0":"post-12709","1":"post","2":"type-post","3":"status-publish","4":"format-standard","6":"category-entre-rios","7":"category-politi"},"yoast_head":"<title>Bordet le apunta a CFK por el &quot;desfinanciamiento&quot; de Entre R\u00edos - Informe Litoral<\/title>\n<meta name=\"robots\" content=\"index, follow, max-snippet:-1, max-image-preview:large, max-video-preview:-1\" \/>\n<link rel=\"canonical\" href=\"https:\/\/informelitoral.com.ar\/bordet-le-apunta-a-cfk-por-el-desfinanciamiento-de-entre-rios\/\" \/>\n<meta property=\"og:locale\" content=\"es_ES\" \/>\n<meta property=\"og:type\" content=\"article\" \/>\n<meta property=\"og:title\" content=\"Bordet le apunta a CFK por el &quot;desfinanciamiento&quot; de Entre R\u00edos - Informe Litoral\" \/>\n<meta property=\"og:description\" content=\"Aclar&oacute; que &laquo;es lo que atraviesan la mayor&iacute;a de las provincias argentinas&raquo;. Plante&oacute;&nbsp;que reclamar&aacute; el 15% de coparticipaci&oacute;n que hoy no gira el gobierno nacional. &iquest;C&oacute;mo ser&aacute; su gabinete? El contador Gustavo Bordet, gobernador electo de Entre R&iacute;os, dialog&oacute; con O&iacute;d Mortales Radio.&nbsp; En la entrevista asegur&oacute; que &laquo;Entre R&iacute;os est&aacute; dentro de la media [&hellip;]\" \/>\n<meta property=\"og:url\" content=\"https:\/\/informelitoral.com.ar\/bordet-le-apunta-a-cfk-por-el-desfinanciamiento-de-entre-rios\/\" \/>\n<meta property=\"og:site_name\" content=\"Informe Litoral\" \/>\n<meta property=\"article:publisher\" content=\"https:\/\/www.facebook.com\/informelitoral\/\" \/>\n<meta property=\"article:published_time\" content=\"2015-11-24T01:52:26+00:00\" \/>\n<meta property=\"og:image\" content=\"https:\/\/informelitoral.com.ar\/%77%70%2d%63%6f%6e%74%65%6e%74\/uploads\/2015\/11\/o_1448288801.jpg\" \/>\n\t<meta property=\"og:image:width\" content=\"640\" \/>\n\t<meta property=\"og:image:height\" content=\"360\" \/>\n\t<meta property=\"og:image:type\" content=\"image\/jpeg\" \/>\n<meta name=\"author\" content=\"Gonzalo Schmidt\" \/>\n<meta name=\"twitter:card\" content=\"summary_large_image\" \/>\n<meta name=\"twitter:creator\" content=\"@InformeLitoral\" \/>\n<meta name=\"twitter:site\" content=\"@InformeLitoral\" \/>\n<meta name=\"twitter:label1\" content=\"Escrito por\" \/>\n\t<meta name=\"twitter:data1\" content=\"Gonzalo Schmidt\" \/>\n\t<meta name=\"twitter:label2\" content=\"Tiempo de lectura\" \/>\n\t<meta name=\"twitter:data2\" content=\"4 minutos\" \/>\n<script type=\"application\/ld+json\" class=\"yoast-schema-graph\">{\"@context\":\"https:\\\/\\\/schema.org\",\"@graph\":[{\"@type\":\"Article\",\"@id\":\"https:\\\/\\\/informelitoral.com.ar\\\/bordet-le-apunta-a-cfk-por-el-desfinanciamiento-de-entre-rios\\\/#article\",\"isPartOf\":{\"@id\":\"https:\\\/\\\/informelitoral.com.ar\\\/bordet-le-apunta-a-cfk-por-el-desfinanciamiento-de-entre-rios\\\/\"},\"author\":{\"name\":\"Gonzalo Schmidt\",\"@id\":\"https:\\\/\\\/informelitoral.com.ar\\\/#\\\/schema\\\/person\\\/b9d00407c836482871ef1d57bf8e3180\"},\"headline\":\"Bordet le apunta a CFK por el \u00abdesfinanciamiento\u00bb de Entre R\u00edos\",\"datePublished\":\"2015-11-24T01:52:26+00:00\",\"mainEntityOfPage\":{\"@id\":\"https:\\\/\\\/informelitoral.com.ar\\\/bordet-le-apunta-a-cfk-por-el-desfinanciamiento-de-entre-rios\\\/\"},\"wordCount\":854,\"commentCount\":0,\"publisher\":{\"@id\":\"https:\\\/\\\/informelitoral.com.ar\\\/#organization\"},\"image\":{\"@id\":\"https:\\\/\\\/informelitoral.com.ar\\\/bordet-le-apunta-a-cfk-por-el-desfinanciamiento-de-entre-rios\\\/#primaryimage\"},\"thumbnailUrl\":\"http:\\\/\\\/www.isletasnoticias.com.ar\\\/%77%70%2d%63%6f%6e%74%65%6e%74\\\/uploads\\\/2015\\\/11\\\/o_1448288801.jpg\",\"articleSection\":[\"Entre R\u00edos\",\"Politica\"],\"inLanguage\":\"es\",\"potentialAction\":[{\"@type\":\"CommentAction\",\"name\":\"Comment\",\"target\":[\"https:\\\/\\\/informelitoral.com.ar\\\/bordet-le-apunta-a-cfk-por-el-desfinanciamiento-de-entre-rios\\\/#respond\"]}]},{\"@type\":\"WebPage\",\"@id\":\"https:\\\/\\\/informelitoral.com.ar\\\/bordet-le-apunta-a-cfk-por-el-desfinanciamiento-de-entre-rios\\\/\",\"url\":\"https:\\\/\\\/informelitoral.com.ar\\\/bordet-le-apunta-a-cfk-por-el-desfinanciamiento-de-entre-rios\\\/\",\"name\":\"Bordet le apunta a CFK por el \\\"desfinanciamiento\\\" de Entre R\u00edos - Informe Litoral\",\"isPartOf\":{\"@id\":\"https:\\\/\\\/informelitoral.com.ar\\\/#website\"},\"primaryImageOfPage\":{\"@id\":\"https:\\\/\\\/informelitoral.com.ar\\\/bordet-le-apunta-a-cfk-por-el-desfinanciamiento-de-entre-rios\\\/#primaryimage\"},\"image\":{\"@id\":\"https:\\\/\\\/informelitoral.com.ar\\\/bordet-le-apunta-a-cfk-por-el-desfinanciamiento-de-entre-rios\\\/#primaryimage\"},\"thumbnailUrl\":\"http:\\\/\\\/www.isletasnoticias.com.ar\\\/%77%70%2d%63%6f%6e%74%65%6e%74\\\/uploads\\\/2015\\\/11\\\/o_1448288801.jpg\",\"datePublished\":\"2015-11-24T01:52:26+00:00\",\"breadcrumb\":{\"@id\":\"https:\\\/\\\/informelitoral.com.ar\\\/bordet-le-apunta-a-cfk-por-el-desfinanciamiento-de-entre-rios\\\/#breadcrumb\"},\"inLanguage\":\"es\",\"potentialAction\":[{\"@type\":\"ReadAction\",\"target\":[\"https:\\\/\\\/informelitoral.com.ar\\\/bordet-le-apunta-a-cfk-por-el-desfinanciamiento-de-entre-rios\\\/\"]}]},{\"@type\":\"ImageObject\",\"inLanguage\":\"es\",\"@id\":\"https:\\\/\\\/informelitoral.com.ar\\\/bordet-le-apunta-a-cfk-por-el-desfinanciamiento-de-entre-rios\\\/#primaryimage\",\"url\":\"http:\\\/\\\/www.isletasnoticias.com.ar\\\/%77%70%2d%63%6f%6e%74%65%6e%74\\\/uploads\\\/2015\\\/11\\\/o_1448288801.jpg\",\"contentUrl\":\"http:\\\/\\\/www.isletasnoticias.com.ar\\\/%77%70%2d%63%6f%6e%74%65%6e%74\\\/uploads\\\/2015\\\/11\\\/o_1448288801.jpg\"},{\"@type\":\"BreadcrumbList\",\"@id\":\"https:\\\/\\\/informelitoral.com.ar\\\/bordet-le-apunta-a-cfk-por-el-desfinanciamiento-de-entre-rios\\\/#breadcrumb\",\"itemListElement\":[{\"@type\":\"ListItem\",\"position\":1,\"name\":\"Portada\",\"item\":\"https:\\\/\\\/informelitoral.com.ar\\\/\"},{\"@type\":\"ListItem\",\"position\":2,\"name\":\"Bordet le apunta a CFK por el \u00abdesfinanciamiento\u00bb de Entre R\u00edos\"}]},{\"@type\":\"WebSite\",\"@id\":\"https:\\\/\\\/informelitoral.com.ar\\\/#website\",\"url\":\"https:\\\/\\\/informelitoral.com.ar\\\/\",\"name\":\"Informe Litoral\",\"description\":\"&quot;Nos informamos&quot; \",\"publisher\":{\"@id\":\"https:\\\/\\\/informelitoral.com.ar\\\/#organization\"},\"potentialAction\":[{\"@type\":\"SearchAction\",\"target\":{\"@type\":\"EntryPoint\",\"urlTemplate\":\"https:\\\/\\\/informelitoral.com.ar\\\/?s={search_term_string}\"},\"query-input\":{\"@type\":\"PropertyValueSpecification\",\"valueRequired\":true,\"valueName\":\"search_term_string\"}}],\"inLanguage\":\"es\"},{\"@type\":\"Organization\",\"@id\":\"https:\\\/\\\/informelitoral.com.ar\\\/#organization\",\"name\":\"Informe Litoral\",\"url\":\"https:\\\/\\\/informelitoral.com.ar\\\/\",\"logo\":{\"@type\":\"ImageObject\",\"inLanguage\":\"es\",\"@id\":\"https:\\\/\\\/informelitoral.com.ar\\\/#\\\/schema\\\/logo\\\/image\\\/\",\"url\":\"https:\\\/\\\/informelitoral.com.ar\\\/%77%70%2d%63%6f%6e%74%65%6e%74\\\/uploads\\\/2021\\\/01\\\/circulo.png\",\"contentUrl\":\"https:\\\/\\\/informelitoral.com.ar\\\/%77%70%2d%63%6f%6e%74%65%6e%74\\\/uploads\\\/2021\\\/01\\\/circulo.png\",\"width\":723,\"height\":731,\"caption\":\"Informe Litoral\"},\"image\":{\"@id\":\"https:\\\/\\\/informelitoral.com.ar\\\/#\\\/schema\\\/logo\\\/image\\\/\"},\"sameAs\":[\"https:\\\/\\\/www.facebook.com\\\/informelitoral\\\/\",\"https:\\\/\\\/x.com\\\/InformeLitoral\",\"https:\\\/\\\/www.instagram.com\\\/informelitoral\\\/\",\"https:\\\/\\\/www.youtube.com\\\/channel\\\/UCua4Qvz8Icb6MYqhoq9xLXw\"]},{\"@type\":\"Person\",\"@id\":\"https:\\\/\\\/informelitoral.com.ar\\\/#\\\/schema\\\/person\\\/b9d00407c836482871ef1d57bf8e3180\",\"name\":\"Gonzalo Schmidt\",\"image\":{\"@type\":\"ImageObject\",\"inLanguage\":\"es\",\"@id\":\"https:\\\/\\\/secure.gravatar.com\\\/avatar\\\/31a1a7b66ff2de83bd0e9fd79d026630d2d99e55e8bfe501287647b4fd9743de?s=96&d=mm&r=g\",\"url\":\"https:\\\/\\\/secure.gravatar.com\\\/avatar\\\/31a1a7b66ff2de83bd0e9fd79d026630d2d99e55e8bfe501287647b4fd9743de?s=96&d=mm&r=g\",\"contentUrl\":\"https:\\\/\\\/secure.gravatar.com\\\/avatar\\\/31a1a7b66ff2de83bd0e9fd79d026630d2d99e55e8bfe501287647b4fd9743de?s=96&d=mm&r=g\",\"caption\":\"Gonzalo Schmidt\"},\"description\":\"Sitio web de noticias de la provincia de Entre R\u00edos, Argentina. Informaci\u00f3n y entretenimiento. Informe Litoral, nos informamos.\",\"sameAs\":[\"http:\\\/\\\/www.isletasnoticias.com.ar\"],\"url\":\"https:\\\/\\\/informelitoral.com.ar\\\/author\\\/gonzalo\\\/\"}]}<\/script>","yoast_head_json":{"title":"Bordet le apunta a CFK por el \"desfinanciamiento\" de Entre R\u00edos - Informe Litoral","robots":{"index":"index","follow":"follow","max-snippet":"max-snippet:-1","max-image-preview":"max-image-preview:large","max-video-preview":"max-video-preview:-1"},"canonical":"https:\/\/informelitoral.com.ar\/bordet-le-apunta-a-cfk-por-el-desfinanciamiento-de-entre-rios\/","og_locale":"es_ES","og_type":"article","og_title":"Bordet le apunta a CFK por el \"desfinanciamiento\" de Entre R\u00edos - Informe Litoral","og_description":"Aclar&oacute; que &laquo;es lo que atraviesan la mayor&iacute;a de las provincias argentinas&raquo;. Plante&oacute;&nbsp;que reclamar&aacute; el 15% de coparticipaci&oacute;n que hoy no gira el gobierno nacional. &iquest;C&oacute;mo ser&aacute; su gabinete? El contador Gustavo Bordet, gobernador electo de Entre R&iacute;os, dialog&oacute; con O&iacute;d Mortales Radio.&nbsp; En la entrevista asegur&oacute; que &laquo;Entre R&iacute;os est&aacute; dentro de la media [&hellip;]","og_url":"https:\/\/informelitoral.com.ar\/bordet-le-apunta-a-cfk-por-el-desfinanciamiento-de-entre-rios\/","og_site_name":"Informe Litoral","article_publisher":"https:\/\/www.facebook.com\/informelitoral\/","article_published_time":"2015-11-24T01:52:26+00:00","og_image":[{"width":640,"height":360,"url":"https:\/\/informelitoral.com.ar\/%77%70%2d%63%6f%6e%74%65%6e%74\/uploads\/2015\/11\/o_1448288801.jpg","type":"image\/jpeg"}],"author":"Gonzalo Schmidt","twitter_card":"summary_large_image","twitter_creator":"@InformeLitoral","twitter_site":"@InformeLitoral","twitter_misc":{"Escrito por":"Gonzalo Schmidt","Tiempo de lectura":"4 minutos"},"schema":{"@context":"https:\/\/schema.org","@graph":[{"@type":"Article","@id":"https:\/\/informelitoral.com.ar\/bordet-le-apunta-a-cfk-por-el-desfinanciamiento-de-entre-rios\/#article","isPartOf":{"@id":"https:\/\/informelitoral.com.ar\/bordet-le-apunta-a-cfk-por-el-desfinanciamiento-de-entre-rios\/"},"author":{"name":"Gonzalo Schmidt","@id":"https:\/\/informelitoral.com.ar\/#\/schema\/person\/b9d00407c836482871ef1d57bf8e3180"},"headline":"Bordet le apunta a CFK por el \u00abdesfinanciamiento\u00bb de Entre R\u00edos","datePublished":"2015-11-24T01:52:26+00:00","mainEntityOfPage":{"@id":"https:\/\/informelitoral.com.ar\/bordet-le-apunta-a-cfk-por-el-desfinanciamiento-de-entre-rios\/"},"wordCount":854,"commentCount":0,"publisher":{"@id":"https:\/\/informelitoral.com.ar\/#organization"},"image":{"@id":"https:\/\/informelitoral.com.ar\/bordet-le-apunta-a-cfk-por-el-desfinanciamiento-de-entre-rios\/#primaryimage"},"thumbnailUrl":"http:\/\/www.isletasnoticias.com.ar\/%77%70%2d%63%6f%6e%74%65%6e%74\/uploads\/2015\/11\/o_1448288801.jpg","articleSection":["Entre R\u00edos","Politica"],"inLanguage":"es","potentialAction":[{"@type":"CommentAction","name":"Comment","target":["https:\/\/informelitoral.com.ar\/bordet-le-apunta-a-cfk-por-el-desfinanciamiento-de-entre-rios\/#respond"]}]},{"@type":"WebPage","@id":"https:\/\/informelitoral.com.ar\/bordet-le-apunta-a-cfk-por-el-desfinanciamiento-de-entre-rios\/","url":"https:\/\/informelitoral.com.ar\/bordet-le-apunta-a-cfk-por-el-desfinanciamiento-de-entre-rios\/","name":"Bordet le apunta a CFK por el \"desfinanciamiento\" de Entre R\u00edos - Informe Litoral","isPartOf":{"@id":"https:\/\/informelitoral.com.ar\/#website"},"primaryImageOfPage":{"@id":"https:\/\/informelitoral.com.ar\/bordet-le-apunta-a-cfk-por-el-desfinanciamiento-de-entre-rios\/#primaryimage"},"image":{"@id":"https:\/\/informelitoral.com.ar\/bordet-le-apunta-a-cfk-por-el-desfinanciamiento-de-entre-rios\/#primaryimage"},"thumbnailUrl":"http:\/\/www.isletasnoticias.com.ar\/%77%70%2d%63%6f%6e%74%65%6e%74\/uploads\/2015\/11\/o_1448288801.jpg","datePublished":"2015-11-24T01:52:26+00:00","breadcrumb":{"@id":"https:\/\/informelitoral.com.ar\/bordet-le-apunta-a-cfk-por-el-desfinanciamiento-de-entre-rios\/#breadcrumb"},"inLanguage":"es","potentialAction":[{"@type":"ReadAction","target":["https:\/\/informelitoral.com.ar\/bordet-le-apunta-a-cfk-por-el-desfinanciamiento-de-entre-rios\/"]}]},{"@type":"ImageObject","inLanguage":"es","@id":"https:\/\/informelitoral.com.ar\/bordet-le-apunta-a-cfk-por-el-desfinanciamiento-de-entre-rios\/#primaryimage","url":"http:\/\/www.isletasnoticias.com.ar\/%77%70%2d%63%6f%6e%74%65%6e%74\/uploads\/2015\/11\/o_1448288801.jpg","contentUrl":"http:\/\/www.isletasnoticias.com.ar\/%77%70%2d%63%6f%6e%74%65%6e%74\/uploads\/2015\/11\/o_1448288801.jpg"},{"@type":"BreadcrumbList","@id":"https:\/\/informelitoral.com.ar\/bordet-le-apunta-a-cfk-por-el-desfinanciamiento-de-entre-rios\/#breadcrumb","itemListElement":[{"@type":"ListItem","position":1,"name":"Portada","item":"https:\/\/informelitoral.com.ar\/"},{"@type":"ListItem","position":2,"name":"Bordet le apunta a CFK por el \u00abdesfinanciamiento\u00bb de Entre R\u00edos"}]},{"@type":"WebSite","@id":"https:\/\/informelitoral.com.ar\/#website","url":"https:\/\/informelitoral.com.ar\/","name":"Informe Litoral","description":"&quot;Nos informamos&quot; ","publisher":{"@id":"https:\/\/informelitoral.com.ar\/#organization"},"potentialAction":[{"@type":"SearchAction","target":{"@type":"EntryPoint","urlTemplate":"https:\/\/informelitoral.com.ar\/?s={search_term_string}"},"query-input":{"@type":"PropertyValueSpecification","valueRequired":true,"valueName":"search_term_string"}}],"inLanguage":"es"},{"@type":"Organization","@id":"https:\/\/informelitoral.com.ar\/#organization","name":"Informe Litoral","url":"https:\/\/informelitoral.com.ar\/","logo":{"@type":"ImageObject","inLanguage":"es","@id":"https:\/\/informelitoral.com.ar\/#\/schema\/logo\/image\/","url":"https:\/\/informelitoral.com.ar\/%77%70%2d%63%6f%6e%74%65%6e%74\/uploads\/2021\/01\/circulo.png","contentUrl":"https:\/\/informelitoral.com.ar\/%77%70%2d%63%6f%6e%74%65%6e%74\/uploads\/2021\/01\/circulo.png","width":723,"height":731,"caption":"Informe Litoral"},"image":{"@id":"https:\/\/informelitoral.com.ar\/#\/schema\/logo\/image\/"},"sameAs":["https:\/\/www.facebook.com\/informelitoral\/","https:\/\/x.com\/InformeLitoral","https:\/\/www.instagram.com\/informelitoral\/","https:\/\/www.youtube.com\/channel\/UCua4Qvz8Icb6MYqhoq9xLXw"]},{"@type":"Person","@id":"https:\/\/informelitoral.com.ar\/#\/schema\/person\/b9d00407c836482871ef1d57bf8e3180","name":"Gonzalo Schmidt","image":{"@type":"ImageObject","inLanguage":"es","@id":"https:\/\/secure.gravatar.com\/avatar\/31a1a7b66ff2de83bd0e9fd79d026630d2d99e55e8bfe501287647b4fd9743de?s=96&d=mm&r=g","url":"https:\/\/secure.gravatar.com\/avatar\/31a1a7b66ff2de83bd0e9fd79d026630d2d99e55e8bfe501287647b4fd9743de?s=96&d=mm&r=g","contentUrl":"https:\/\/secure.gravatar.com\/avatar\/31a1a7b66ff2de83bd0e9fd79d026630d2d99e55e8bfe501287647b4fd9743de?s=96&d=mm&r=g","caption":"Gonzalo Schmidt"},"description":"Sitio web de noticias de la provincia de Entre R\u00edos, Argentina. Informaci\u00f3n y entretenimiento. Informe Litoral, nos informamos.","sameAs":["http:\/\/www.isletasnoticias.com.ar"],"url":"https:\/\/informelitoral.com.ar\/author\/gonzalo\/"}]}},"_links":{"self":[{"href":"https:\/\/informelitoral.com.ar\/%77%70%2d%6a%73%6f%6e\/wp\/v2\/posts\/12709","targetHints":{"allow":["GET"]}}],"collection":[{"href":"https:\/\/informelitoral.com.ar\/%77%70%2d%6a%73%6f%6e\/wp\/v2\/posts"}],"about":[{"href":"https:\/\/informelitoral.com.ar\/%77%70%2d%6a%73%6f%6e\/wp\/v2\/types\/post"}],"author":[{"embeddable":true,"href":"https:\/\/informelitoral.com.ar\/%77%70%2d%6a%73%6f%6e\/wp\/v2\/users\/2"}],"replies":[{"embeddable":true,"href":"https:\/\/informelitoral.com.ar\/%77%70%2d%6a%73%6f%6e\/wp\/v2\/comments?post=12709"}],"version-history":[{"count":0,"href":"https:\/\/informelitoral.com.ar\/%77%70%2d%6a%73%6f%6e\/wp\/v2\/posts\/12709\/revisions"}],"wp:attachment":[{"href":"https:\/\/informelitoral.com.ar\/%77%70%2d%6a%73%6f%6e\/wp\/v2\/media?parent=12709"}],"wp:term":[{"taxonomy":"category","embeddable":true,"href":"https:\/\/informelitoral.com.ar\/%77%70%2d%6a%73%6f%6e\/wp\/v2\/categories?post=12709"},{"taxonomy":"post_tag","embeddable":true,"href":"https:\/\/informelitoral.com.ar\/%77%70%2d%6a%73%6f%6e\/wp\/v2\/tags?post=12709"}],"curies":[{"name":"wp","href":"https:\/\/api.w.org\/{rel}","templated":true}]}}