{"id":12706,"date":"2015-11-23T22:45:51","date_gmt":"2015-11-24T01:45:51","guid":{"rendered":"http:\/\/www.isletasnoticias.com.ar\/?p=12706"},"modified":"2015-11-23T22:45:51","modified_gmt":"2015-11-24T01:45:51","slug":"cuatro-anos-de-carcel-para-al-escribano-mayor-del-gobierno-de-entre-rios","status":"publish","type":"post","link":"https:\/\/informelitoral.com.ar\/cuatro-anos-de-carcel-para-al-escribano-mayor-del-gobierno-de-entre-rios\/","title":{"rendered":"Cuatro a\u00f1os de c\u00e1rcel para al Escribano Mayor del gobierno de Entre R\u00edos"},"content":{"rendered":"<p><strong>La Justicia conden\u00f3 este lunes a cuatro a\u00f1os de presi\u00f3n efectiva al Escribano Mayor de Gobierno, <em>Francisco Gastaldi<\/em>, por los delitos de estafa y falsificaci\u00f3n de un instrumento p\u00fablico.<a href=\"http:\/\/www.isletasnoticias.com.ar\/%77%70%2d%63%6f%6e%74%65%6e%74\/uploads\/2015\/11\/o_1429830380.jpg\"><img loading=\"lazy\" decoding=\"async\" class=\"aligncenter size-full wp-image-12707\" src=\"http:\/\/www.isletasnoticias.com.ar\/%77%70%2d%63%6f%6e%74%65%6e%74\/uploads\/2015\/11\/o_1429830380.jpg\" alt=\"o_1429830380\" width=\"640\" height=\"360\" srcset=\"https:\/\/informelitoral.com.ar\/%77%70%2d%63%6f%6e%74%65%6e%74\/uploads\/2015\/11\/o_1429830380.jpg 640w, https:\/\/informelitoral.com.ar\/%77%70%2d%63%6f%6e%74%65%6e%74\/uploads\/2015\/11\/o_1429830380-300x169.jpg 300w\" sizes=\"auto, (max-width: 640px) 100vw, 640px\" \/><\/a><\/strong><strong>Francisco Gastaldi<\/strong> se convirti\u00f3 en el primer funcionario en la era de <strong>Sergio Urribarri<\/strong> en ser condenado y con posibilidades de ir a la c\u00e1rcel. No obstante, seg\u00fan el abogado querellante Leopoldo Lambruschini, el funcionario apelar\u00e1 la sentencia del tribunal integrado por Javier C\u00e1rdenas (presidente), Dar\u00edo Ernesto Crespo y Mar\u00eda Ang\u00e9lica Pivas.<\/p>\n<p>Gastaldi fue procesado por fraguar documentos p\u00fablicos y quedarse con propiedades del hacendado H\u00e9ctor Alfredo Ascar, en su ciudad, Gualeguay. En tanto, Francisco Gregorio, hijo del funcionario, y Jorge Mario Rodr\u00edguez, se pusieron al frente de la maniobra financiera para que todos los bienes del hacendado quedaran fuera de la herencia de su hija, reprodujo <em>Informe Digital.<\/em><\/p>\n<p>El fideicomiso incorporaba 37 inmuebles, en su gran mayor\u00eda rurales, con excepci\u00f3n de tres inmuebles urbanos, como surge del detalle del \u201cContrato de Fideicomiso Productivo Sujeto a Plazo\u201d. La escritura fue realizada por Silvina Lacorazza en el estudio de Gastaldi, seg\u00fan cont\u00f3 la propia escribana. La misma llevaba el Registro de Protocolo N\u00famero 16, que corresponde a Gastaldi padre.<\/p>\n<p>La condena alcanz\u00f3 a otro hijo, que tambi\u00e9n lleva el mismo nombre del padre pero se dedica a la agronom\u00eda, con una pena de 3 a\u00f1os de prisi\u00f3n efectiva. Laura Gastaldi, ex convencional constituyente por el PJ y que actualmente se desempe\u00f1a como escribana, fue tambi\u00e9n condenada por el tribunal, que le dio una pena de 3 a\u00f1os y 6 meses de prisi\u00f3n efectiva. Todos fueron encontrados culpables por ser part\u00edcipes de las maniobras fraudulentas.<\/p>\n<p><b>La causa<\/b><br \/>\nAscar falleci\u00f3 el 31 de enero de 2011. Antes de su deceso, su hija no reconocida, Mar\u00eda Andrea Mart\u00ednez, promovi\u00f3 una demanda de filiaci\u00f3n en su contra (Expediente N\u00famero 4.235) que tramit\u00f3 en el Juzgado Civil y Comercial N\u00famero 1 de Gualeguay. Los tiempos procesales se dilataban, el hacendado viv\u00eda sus \u00faltimos d\u00edas y los Gastaldi perge\u00f1aban las maniobras que terminaron motivando su condena a prisi\u00f3n.<\/p>\n<p><b>La otra condena<\/b><br \/>\nNo es la \u00fanica causa, ni condena, que tiene al hombre que certifica los actos del Gobierno de Entre R\u00edos como principal protagonista. Gastaldi fue condenado el a\u00f1o pasado por haber hecho una escritura de cesi\u00f3n de bienes a un hombre que se estaba muriendo. El Superior Tribunal de Justicia (STJ) determin\u00f3 que esa persona no estaba en sus cabales para tomar tal decisi\u00f3n.<\/p>\n<p>Se trata de una causa que data del a\u00f1o 2000 en la que Florindo Cuevas, de la ciudad de Gualeguaych\u00fa, durante sus \u00faltimos d\u00edas de vida, tras el padecimiento de una enfermedad terminal, cedi\u00f3 sus bienes a un tal Alfredo Antonio Chamot. Esa cesi\u00f3n se hizo a trav\u00e9s del escribano Gastaldi, public\u00f3 P\u00e1gina Judicial.<\/p>\n<p>Pero resulta que familiares de Cuevas vieron en ese acto indicios de una posible estafa y decidieron transitar la v\u00eda judicial para atacar esa cesi\u00f3n tipificada como posible delito de uso de documento p\u00fablico falso en concurso con estafa procesal. El fallo lo firmaron los vocales Leonor Pa\u00f1eda y Juan Ram\u00f3n Smaldone. Emilio Castrill\u00f3n, en tanto, se abstuvo.<\/p>\n","protected":false},"excerpt":{"rendered":"<p>La Justicia conden&oacute; este lunes a cuatro a&ntilde;os de presi&oacute;n efectiva al Escribano Mayor de Gobierno, Francisco Gastaldi, por los delitos de estafa y falsificaci&oacute;n de un instrumento p&uacute;blico.Francisco Gastaldi se convirti&oacute; en el primer funcionario en la era de Sergio Urribarri en ser condenado y con posibilidades de ir a la c&aacute;rcel. No obstante, [&hellip;]<\/p>\n","protected":false},"author":2,"featured_media":0,"comment_status":"open","ping_status":"open","sticky":false,"template":"","format":"standard","meta":{"fifu_image_url":"","fifu_image_alt":"","footnotes":""},"categories":[6,16],"tags":[],"class_list":{"0":"post-12706","1":"post","2":"type-post","3":"status-publish","4":"format-standard","6":"category-entre-rios","7":"category-politi"},"yoast_head":"<title>Cuatro a\u00f1os de c\u00e1rcel para al Escribano Mayor del gobierno de Entre R\u00edos - Informe Litoral<\/title>\n<meta name=\"robots\" content=\"index, follow, max-snippet:-1, max-image-preview:large, max-video-preview:-1\" \/>\n<link rel=\"canonical\" href=\"https:\/\/informelitoral.com.ar\/cuatro-anos-de-carcel-para-al-escribano-mayor-del-gobierno-de-entre-rios\/\" \/>\n<meta property=\"og:locale\" content=\"es_ES\" \/>\n<meta property=\"og:type\" content=\"article\" \/>\n<meta property=\"og:title\" content=\"Cuatro a\u00f1os de c\u00e1rcel para al Escribano Mayor del gobierno de Entre R\u00edos - Informe Litoral\" \/>\n<meta property=\"og:description\" content=\"La Justicia conden&oacute; este lunes a cuatro a&ntilde;os de presi&oacute;n efectiva al Escribano Mayor de Gobierno, Francisco Gastaldi, por los delitos de estafa y falsificaci&oacute;n de un instrumento p&uacute;blico.Francisco Gastaldi se convirti&oacute; en el primer funcionario en la era de Sergio Urribarri en ser condenado y con posibilidades de ir a la c&aacute;rcel. No obstante, [&hellip;]\" \/>\n<meta property=\"og:url\" content=\"https:\/\/informelitoral.com.ar\/cuatro-anos-de-carcel-para-al-escribano-mayor-del-gobierno-de-entre-rios\/\" \/>\n<meta property=\"og:site_name\" content=\"Informe Litoral\" \/>\n<meta property=\"article:publisher\" content=\"https:\/\/www.facebook.com\/informelitoral\/\" \/>\n<meta property=\"article:published_time\" content=\"2015-11-24T01:45:51+00:00\" \/>\n<meta property=\"og:image\" content=\"https:\/\/informelitoral.com.ar\/%77%70%2d%63%6f%6e%74%65%6e%74\/uploads\/2015\/11\/o_1429830380.jpg\" \/>\n\t<meta property=\"og:image:width\" content=\"640\" \/>\n\t<meta property=\"og:image:height\" content=\"360\" \/>\n\t<meta property=\"og:image:type\" content=\"image\/jpeg\" \/>\n<meta name=\"author\" content=\"Gonzalo Schmidt\" \/>\n<meta name=\"twitter:card\" content=\"summary_large_image\" \/>\n<meta name=\"twitter:creator\" content=\"@InformeLitoral\" \/>\n<meta name=\"twitter:site\" content=\"@InformeLitoral\" \/>\n<meta name=\"twitter:label1\" content=\"Escrito por\" \/>\n\t<meta name=\"twitter:data1\" content=\"Gonzalo Schmidt\" \/>\n\t<meta name=\"twitter:label2\" content=\"Tiempo de lectura\" \/>\n\t<meta name=\"twitter:data2\" content=\"3 minutos\" \/>\n<script type=\"application\/ld+json\" class=\"yoast-schema-graph\">{\"@context\":\"https:\\\/\\\/schema.org\",\"@graph\":[{\"@type\":\"Article\",\"@id\":\"https:\\\/\\\/informelitoral.com.ar\\\/cuatro-anos-de-carcel-para-al-escribano-mayor-del-gobierno-de-entre-rios\\\/#article\",\"isPartOf\":{\"@id\":\"https:\\\/\\\/informelitoral.com.ar\\\/cuatro-anos-de-carcel-para-al-escribano-mayor-del-gobierno-de-entre-rios\\\/\"},\"author\":{\"name\":\"Gonzalo Schmidt\",\"@id\":\"https:\\\/\\\/informelitoral.com.ar\\\/#\\\/schema\\\/person\\\/b9d00407c836482871ef1d57bf8e3180\"},\"headline\":\"Cuatro a\u00f1os de c\u00e1rcel para al Escribano Mayor del gobierno de Entre R\u00edos\",\"datePublished\":\"2015-11-24T01:45:51+00:00\",\"mainEntityOfPage\":{\"@id\":\"https:\\\/\\\/informelitoral.com.ar\\\/cuatro-anos-de-carcel-para-al-escribano-mayor-del-gobierno-de-entre-rios\\\/\"},\"wordCount\":575,\"commentCount\":0,\"publisher\":{\"@id\":\"https:\\\/\\\/informelitoral.com.ar\\\/#organization\"},\"image\":{\"@id\":\"https:\\\/\\\/informelitoral.com.ar\\\/cuatro-anos-de-carcel-para-al-escribano-mayor-del-gobierno-de-entre-rios\\\/#primaryimage\"},\"thumbnailUrl\":\"http:\\\/\\\/www.isletasnoticias.com.ar\\\/%77%70%2d%63%6f%6e%74%65%6e%74\\\/uploads\\\/2015\\\/11\\\/o_1429830380.jpg\",\"articleSection\":[\"Entre R\u00edos\",\"Politica\"],\"inLanguage\":\"es\",\"potentialAction\":[{\"@type\":\"CommentAction\",\"name\":\"Comment\",\"target\":[\"https:\\\/\\\/informelitoral.com.ar\\\/cuatro-anos-de-carcel-para-al-escribano-mayor-del-gobierno-de-entre-rios\\\/#respond\"]}]},{\"@type\":\"WebPage\",\"@id\":\"https:\\\/\\\/informelitoral.com.ar\\\/cuatro-anos-de-carcel-para-al-escribano-mayor-del-gobierno-de-entre-rios\\\/\",\"url\":\"https:\\\/\\\/informelitoral.com.ar\\\/cuatro-anos-de-carcel-para-al-escribano-mayor-del-gobierno-de-entre-rios\\\/\",\"name\":\"Cuatro a\u00f1os de c\u00e1rcel para al Escribano Mayor del gobierno de Entre R\u00edos - Informe Litoral\",\"isPartOf\":{\"@id\":\"https:\\\/\\\/informelitoral.com.ar\\\/#website\"},\"primaryImageOfPage\":{\"@id\":\"https:\\\/\\\/informelitoral.com.ar\\\/cuatro-anos-de-carcel-para-al-escribano-mayor-del-gobierno-de-entre-rios\\\/#primaryimage\"},\"image\":{\"@id\":\"https:\\\/\\\/informelitoral.com.ar\\\/cuatro-anos-de-carcel-para-al-escribano-mayor-del-gobierno-de-entre-rios\\\/#primaryimage\"},\"thumbnailUrl\":\"http:\\\/\\\/www.isletasnoticias.com.ar\\\/%77%70%2d%63%6f%6e%74%65%6e%74\\\/uploads\\\/2015\\\/11\\\/o_1429830380.jpg\",\"datePublished\":\"2015-11-24T01:45:51+00:00\",\"breadcrumb\":{\"@id\":\"https:\\\/\\\/informelitoral.com.ar\\\/cuatro-anos-de-carcel-para-al-escribano-mayor-del-gobierno-de-entre-rios\\\/#breadcrumb\"},\"inLanguage\":\"es\",\"potentialAction\":[{\"@type\":\"ReadAction\",\"target\":[\"https:\\\/\\\/informelitoral.com.ar\\\/cuatro-anos-de-carcel-para-al-escribano-mayor-del-gobierno-de-entre-rios\\\/\"]}]},{\"@type\":\"ImageObject\",\"inLanguage\":\"es\",\"@id\":\"https:\\\/\\\/informelitoral.com.ar\\\/cuatro-anos-de-carcel-para-al-escribano-mayor-del-gobierno-de-entre-rios\\\/#primaryimage\",\"url\":\"http:\\\/\\\/www.isletasnoticias.com.ar\\\/%77%70%2d%63%6f%6e%74%65%6e%74\\\/uploads\\\/2015\\\/11\\\/o_1429830380.jpg\",\"contentUrl\":\"http:\\\/\\\/www.isletasnoticias.com.ar\\\/%77%70%2d%63%6f%6e%74%65%6e%74\\\/uploads\\\/2015\\\/11\\\/o_1429830380.jpg\"},{\"@type\":\"BreadcrumbList\",\"@id\":\"https:\\\/\\\/informelitoral.com.ar\\\/cuatro-anos-de-carcel-para-al-escribano-mayor-del-gobierno-de-entre-rios\\\/#breadcrumb\",\"itemListElement\":[{\"@type\":\"ListItem\",\"position\":1,\"name\":\"Portada\",\"item\":\"https:\\\/\\\/informelitoral.com.ar\\\/\"},{\"@type\":\"ListItem\",\"position\":2,\"name\":\"Cuatro a\u00f1os de c\u00e1rcel para al Escribano Mayor del gobierno de Entre R\u00edos\"}]},{\"@type\":\"WebSite\",\"@id\":\"https:\\\/\\\/informelitoral.com.ar\\\/#website\",\"url\":\"https:\\\/\\\/informelitoral.com.ar\\\/\",\"name\":\"Informe Litoral\",\"description\":\"&quot;Nos informamos&quot; \",\"publisher\":{\"@id\":\"https:\\\/\\\/informelitoral.com.ar\\\/#organization\"},\"potentialAction\":[{\"@type\":\"SearchAction\",\"target\":{\"@type\":\"EntryPoint\",\"urlTemplate\":\"https:\\\/\\\/informelitoral.com.ar\\\/?s={search_term_string}\"},\"query-input\":{\"@type\":\"PropertyValueSpecification\",\"valueRequired\":true,\"valueName\":\"search_term_string\"}}],\"inLanguage\":\"es\"},{\"@type\":\"Organization\",\"@id\":\"https:\\\/\\\/informelitoral.com.ar\\\/#organization\",\"name\":\"Informe Litoral\",\"url\":\"https:\\\/\\\/informelitoral.com.ar\\\/\",\"logo\":{\"@type\":\"ImageObject\",\"inLanguage\":\"es\",\"@id\":\"https:\\\/\\\/informelitoral.com.ar\\\/#\\\/schema\\\/logo\\\/image\\\/\",\"url\":\"https:\\\/\\\/informelitoral.com.ar\\\/%77%70%2d%63%6f%6e%74%65%6e%74\\\/uploads\\\/2021\\\/01\\\/circulo.png\",\"contentUrl\":\"https:\\\/\\\/informelitoral.com.ar\\\/%77%70%2d%63%6f%6e%74%65%6e%74\\\/uploads\\\/2021\\\/01\\\/circulo.png\",\"width\":723,\"height\":731,\"caption\":\"Informe Litoral\"},\"image\":{\"@id\":\"https:\\\/\\\/informelitoral.com.ar\\\/#\\\/schema\\\/logo\\\/image\\\/\"},\"sameAs\":[\"https:\\\/\\\/www.facebook.com\\\/informelitoral\\\/\",\"https:\\\/\\\/x.com\\\/InformeLitoral\",\"https:\\\/\\\/www.instagram.com\\\/informelitoral\\\/\",\"https:\\\/\\\/www.youtube.com\\\/channel\\\/UCua4Qvz8Icb6MYqhoq9xLXw\"]},{\"@type\":\"Person\",\"@id\":\"https:\\\/\\\/informelitoral.com.ar\\\/#\\\/schema\\\/person\\\/b9d00407c836482871ef1d57bf8e3180\",\"name\":\"Gonzalo Schmidt\",\"image\":{\"@type\":\"ImageObject\",\"inLanguage\":\"es\",\"@id\":\"https:\\\/\\\/secure.gravatar.com\\\/avatar\\\/31a1a7b66ff2de83bd0e9fd79d026630d2d99e55e8bfe501287647b4fd9743de?s=96&d=mm&r=g\",\"url\":\"https:\\\/\\\/secure.gravatar.com\\\/avatar\\\/31a1a7b66ff2de83bd0e9fd79d026630d2d99e55e8bfe501287647b4fd9743de?s=96&d=mm&r=g\",\"contentUrl\":\"https:\\\/\\\/secure.gravatar.com\\\/avatar\\\/31a1a7b66ff2de83bd0e9fd79d026630d2d99e55e8bfe501287647b4fd9743de?s=96&d=mm&r=g\",\"caption\":\"Gonzalo Schmidt\"},\"description\":\"Sitio web de noticias de la provincia de Entre R\u00edos, Argentina. Informaci\u00f3n y entretenimiento. Informe Litoral, nos informamos.\",\"sameAs\":[\"http:\\\/\\\/www.isletasnoticias.com.ar\"],\"url\":\"https:\\\/\\\/informelitoral.com.ar\\\/author\\\/gonzalo\\\/\"}]}<\/script>","yoast_head_json":{"title":"Cuatro a\u00f1os de c\u00e1rcel para al Escribano Mayor del gobierno de Entre R\u00edos - Informe Litoral","robots":{"index":"index","follow":"follow","max-snippet":"max-snippet:-1","max-image-preview":"max-image-preview:large","max-video-preview":"max-video-preview:-1"},"canonical":"https:\/\/informelitoral.com.ar\/cuatro-anos-de-carcel-para-al-escribano-mayor-del-gobierno-de-entre-rios\/","og_locale":"es_ES","og_type":"article","og_title":"Cuatro a\u00f1os de c\u00e1rcel para al Escribano Mayor del gobierno de Entre R\u00edos - Informe Litoral","og_description":"La Justicia conden&oacute; este lunes a cuatro a&ntilde;os de presi&oacute;n efectiva al Escribano Mayor de Gobierno, Francisco Gastaldi, por los delitos de estafa y falsificaci&oacute;n de un instrumento p&uacute;blico.Francisco Gastaldi se convirti&oacute; en el primer funcionario en la era de Sergio Urribarri en ser condenado y con posibilidades de ir a la c&aacute;rcel. No obstante, [&hellip;]","og_url":"https:\/\/informelitoral.com.ar\/cuatro-anos-de-carcel-para-al-escribano-mayor-del-gobierno-de-entre-rios\/","og_site_name":"Informe Litoral","article_publisher":"https:\/\/www.facebook.com\/informelitoral\/","article_published_time":"2015-11-24T01:45:51+00:00","og_image":[{"width":640,"height":360,"url":"https:\/\/informelitoral.com.ar\/%77%70%2d%63%6f%6e%74%65%6e%74\/uploads\/2015\/11\/o_1429830380.jpg","type":"image\/jpeg"}],"author":"Gonzalo Schmidt","twitter_card":"summary_large_image","twitter_creator":"@InformeLitoral","twitter_site":"@InformeLitoral","twitter_misc":{"Escrito por":"Gonzalo Schmidt","Tiempo de lectura":"3 minutos"},"schema":{"@context":"https:\/\/schema.org","@graph":[{"@type":"Article","@id":"https:\/\/informelitoral.com.ar\/cuatro-anos-de-carcel-para-al-escribano-mayor-del-gobierno-de-entre-rios\/#article","isPartOf":{"@id":"https:\/\/informelitoral.com.ar\/cuatro-anos-de-carcel-para-al-escribano-mayor-del-gobierno-de-entre-rios\/"},"author":{"name":"Gonzalo Schmidt","@id":"https:\/\/informelitoral.com.ar\/#\/schema\/person\/b9d00407c836482871ef1d57bf8e3180"},"headline":"Cuatro a\u00f1os de c\u00e1rcel para al Escribano Mayor del gobierno de Entre R\u00edos","datePublished":"2015-11-24T01:45:51+00:00","mainEntityOfPage":{"@id":"https:\/\/informelitoral.com.ar\/cuatro-anos-de-carcel-para-al-escribano-mayor-del-gobierno-de-entre-rios\/"},"wordCount":575,"commentCount":0,"publisher":{"@id":"https:\/\/informelitoral.com.ar\/#organization"},"image":{"@id":"https:\/\/informelitoral.com.ar\/cuatro-anos-de-carcel-para-al-escribano-mayor-del-gobierno-de-entre-rios\/#primaryimage"},"thumbnailUrl":"http:\/\/www.isletasnoticias.com.ar\/%77%70%2d%63%6f%6e%74%65%6e%74\/uploads\/2015\/11\/o_1429830380.jpg","articleSection":["Entre R\u00edos","Politica"],"inLanguage":"es","potentialAction":[{"@type":"CommentAction","name":"Comment","target":["https:\/\/informelitoral.com.ar\/cuatro-anos-de-carcel-para-al-escribano-mayor-del-gobierno-de-entre-rios\/#respond"]}]},{"@type":"WebPage","@id":"https:\/\/informelitoral.com.ar\/cuatro-anos-de-carcel-para-al-escribano-mayor-del-gobierno-de-entre-rios\/","url":"https:\/\/informelitoral.com.ar\/cuatro-anos-de-carcel-para-al-escribano-mayor-del-gobierno-de-entre-rios\/","name":"Cuatro a\u00f1os de c\u00e1rcel para al Escribano Mayor del gobierno de Entre R\u00edos - Informe Litoral","isPartOf":{"@id":"https:\/\/informelitoral.com.ar\/#website"},"primaryImageOfPage":{"@id":"https:\/\/informelitoral.com.ar\/cuatro-anos-de-carcel-para-al-escribano-mayor-del-gobierno-de-entre-rios\/#primaryimage"},"image":{"@id":"https:\/\/informelitoral.com.ar\/cuatro-anos-de-carcel-para-al-escribano-mayor-del-gobierno-de-entre-rios\/#primaryimage"},"thumbnailUrl":"http:\/\/www.isletasnoticias.com.ar\/%77%70%2d%63%6f%6e%74%65%6e%74\/uploads\/2015\/11\/o_1429830380.jpg","datePublished":"2015-11-24T01:45:51+00:00","breadcrumb":{"@id":"https:\/\/informelitoral.com.ar\/cuatro-anos-de-carcel-para-al-escribano-mayor-del-gobierno-de-entre-rios\/#breadcrumb"},"inLanguage":"es","potentialAction":[{"@type":"ReadAction","target":["https:\/\/informelitoral.com.ar\/cuatro-anos-de-carcel-para-al-escribano-mayor-del-gobierno-de-entre-rios\/"]}]},{"@type":"ImageObject","inLanguage":"es","@id":"https:\/\/informelitoral.com.ar\/cuatro-anos-de-carcel-para-al-escribano-mayor-del-gobierno-de-entre-rios\/#primaryimage","url":"http:\/\/www.isletasnoticias.com.ar\/%77%70%2d%63%6f%6e%74%65%6e%74\/uploads\/2015\/11\/o_1429830380.jpg","contentUrl":"http:\/\/www.isletasnoticias.com.ar\/%77%70%2d%63%6f%6e%74%65%6e%74\/uploads\/2015\/11\/o_1429830380.jpg"},{"@type":"BreadcrumbList","@id":"https:\/\/informelitoral.com.ar\/cuatro-anos-de-carcel-para-al-escribano-mayor-del-gobierno-de-entre-rios\/#breadcrumb","itemListElement":[{"@type":"ListItem","position":1,"name":"Portada","item":"https:\/\/informelitoral.com.ar\/"},{"@type":"ListItem","position":2,"name":"Cuatro a\u00f1os de c\u00e1rcel para al Escribano Mayor del gobierno de Entre R\u00edos"}]},{"@type":"WebSite","@id":"https:\/\/informelitoral.com.ar\/#website","url":"https:\/\/informelitoral.com.ar\/","name":"Informe Litoral","description":"&quot;Nos informamos&quot; ","publisher":{"@id":"https:\/\/informelitoral.com.ar\/#organization"},"potentialAction":[{"@type":"SearchAction","target":{"@type":"EntryPoint","urlTemplate":"https:\/\/informelitoral.com.ar\/?s={search_term_string}"},"query-input":{"@type":"PropertyValueSpecification","valueRequired":true,"valueName":"search_term_string"}}],"inLanguage":"es"},{"@type":"Organization","@id":"https:\/\/informelitoral.com.ar\/#organization","name":"Informe Litoral","url":"https:\/\/informelitoral.com.ar\/","logo":{"@type":"ImageObject","inLanguage":"es","@id":"https:\/\/informelitoral.com.ar\/#\/schema\/logo\/image\/","url":"https:\/\/informelitoral.com.ar\/%77%70%2d%63%6f%6e%74%65%6e%74\/uploads\/2021\/01\/circulo.png","contentUrl":"https:\/\/informelitoral.com.ar\/%77%70%2d%63%6f%6e%74%65%6e%74\/uploads\/2021\/01\/circulo.png","width":723,"height":731,"caption":"Informe Litoral"},"image":{"@id":"https:\/\/informelitoral.com.ar\/#\/schema\/logo\/image\/"},"sameAs":["https:\/\/www.facebook.com\/informelitoral\/","https:\/\/x.com\/InformeLitoral","https:\/\/www.instagram.com\/informelitoral\/","https:\/\/www.youtube.com\/channel\/UCua4Qvz8Icb6MYqhoq9xLXw"]},{"@type":"Person","@id":"https:\/\/informelitoral.com.ar\/#\/schema\/person\/b9d00407c836482871ef1d57bf8e3180","name":"Gonzalo Schmidt","image":{"@type":"ImageObject","inLanguage":"es","@id":"https:\/\/secure.gravatar.com\/avatar\/31a1a7b66ff2de83bd0e9fd79d026630d2d99e55e8bfe501287647b4fd9743de?s=96&d=mm&r=g","url":"https:\/\/secure.gravatar.com\/avatar\/31a1a7b66ff2de83bd0e9fd79d026630d2d99e55e8bfe501287647b4fd9743de?s=96&d=mm&r=g","contentUrl":"https:\/\/secure.gravatar.com\/avatar\/31a1a7b66ff2de83bd0e9fd79d026630d2d99e55e8bfe501287647b4fd9743de?s=96&d=mm&r=g","caption":"Gonzalo Schmidt"},"description":"Sitio web de noticias de la provincia de Entre R\u00edos, Argentina. Informaci\u00f3n y entretenimiento. Informe Litoral, nos informamos.","sameAs":["http:\/\/www.isletasnoticias.com.ar"],"url":"https:\/\/informelitoral.com.ar\/author\/gonzalo\/"}]}},"_links":{"self":[{"href":"https:\/\/informelitoral.com.ar\/%77%70%2d%6a%73%6f%6e\/wp\/v2\/posts\/12706","targetHints":{"allow":["GET"]}}],"collection":[{"href":"https:\/\/informelitoral.com.ar\/%77%70%2d%6a%73%6f%6e\/wp\/v2\/posts"}],"about":[{"href":"https:\/\/informelitoral.com.ar\/%77%70%2d%6a%73%6f%6e\/wp\/v2\/types\/post"}],"author":[{"embeddable":true,"href":"https:\/\/informelitoral.com.ar\/%77%70%2d%6a%73%6f%6e\/wp\/v2\/users\/2"}],"replies":[{"embeddable":true,"href":"https:\/\/informelitoral.com.ar\/%77%70%2d%6a%73%6f%6e\/wp\/v2\/comments?post=12706"}],"version-history":[{"count":0,"href":"https:\/\/informelitoral.com.ar\/%77%70%2d%6a%73%6f%6e\/wp\/v2\/posts\/12706\/revisions"}],"wp:attachment":[{"href":"https:\/\/informelitoral.com.ar\/%77%70%2d%6a%73%6f%6e\/wp\/v2\/media?parent=12706"}],"wp:term":[{"taxonomy":"category","embeddable":true,"href":"https:\/\/informelitoral.com.ar\/%77%70%2d%6a%73%6f%6e\/wp\/v2\/categories?post=12706"},{"taxonomy":"post_tag","embeddable":true,"href":"https:\/\/informelitoral.com.ar\/%77%70%2d%6a%73%6f%6e\/wp\/v2\/tags?post=12706"}],"curies":[{"name":"wp","href":"https:\/\/api.w.org\/{rel}","templated":true}]}}