{"id":12702,"date":"2015-11-23T22:38:15","date_gmt":"2015-11-24T01:38:15","guid":{"rendered":"http:\/\/www.isletasnoticias.com.ar\/?p=12702"},"modified":"2015-11-23T22:38:44","modified_gmt":"2015-11-24T01:38:44","slug":"trabajadores-del-diario-la-nacion-repudiaron-el-editorial-sobre-represores","status":"publish","type":"post","link":"https:\/\/informelitoral.com.ar\/trabajadores-del-diario-la-nacion-repudiaron-el-editorial-sobre-represores\/","title":{"rendered":"Trabajadores del diario La Naci\u00f3n repudiaron el editorial sobre represores"},"content":{"rendered":"<p><strong>A trav\u00e9s de un comunicado rechazaron \u00abla l\u00f3gica que pretende construir el editorial de hoy\u00bb. <em>El texto completo.\u00a0<a href=\"http:\/\/www.isletasnoticias.com.ar\/%77%70%2d%63%6f%6e%74%65%6e%74\/uploads\/2015\/11\/1123_asamblea_la_nacion_g1.jpg_1853027552.jpg\"><img loading=\"lazy\" decoding=\"async\" class=\"aligncenter size-full wp-image-12703\" src=\"http:\/\/www.isletasnoticias.com.ar\/%77%70%2d%63%6f%6e%74%65%6e%74\/uploads\/2015\/11\/1123_asamblea_la_nacion_g1.jpg_1853027552.jpg\" alt=\"1123_asamblea_la_nacion_g1.jpg_1853027552\" width=\"728\" height=\"500\" srcset=\"https:\/\/informelitoral.com.ar\/%77%70%2d%63%6f%6e%74%65%6e%74\/uploads\/2015\/11\/1123_asamblea_la_nacion_g1.jpg_1853027552.jpg 728w, https:\/\/informelitoral.com.ar\/%77%70%2d%63%6f%6e%74%65%6e%74\/uploads\/2015\/11\/1123_asamblea_la_nacion_g1.jpg_1853027552-300x206.jpg 300w\" sizes=\"auto, (max-width: 728px) 100vw, 728px\" \/><\/a><\/em><\/strong>Los trabajadores de <em>La Naci\u00f3n\u00a0<\/em><strong>emitieron un comunicado para repudiar la pol\u00e9mica editorial\u00a0<\/strong>que el medio public\u00f3 hoy donde ped\u00eda que liberen a represores juzgados por cr\u00edmenes de lesa humanidad.<\/p>\n<p>Luego de una hist\u00f3rica asamblea, los empleados del matutino publicaron las conclusiones entre las cuales se destaca el rechazo a <strong>\u00abla l\u00f3gica que pretende construir\u00bb <\/strong>el medio \u00abcon el editorial de hoy\u00bb.<\/p>\n<p>El comunicado completo dice:<em>\u00abLos trabajadores de La Naci\u00f3n S.A. <strong>le decimos NO al editorial que, con el t\u00edtulo de \u00abNo m\u00e1s venganza\u00bb <\/strong>se public\u00f3 hoy, lunes 23 de noviembre de 2015, en la p\u00e1gina 32 del diario.<\/em><\/p>\n<p>Quienes trabajamos en el diario La Naci\u00f3n, en las revistas que edita la empresa, en las versiones online de todos los productos period\u00edsticos, entendemos que la vida democr\u00e1tica implica la <strong>convivencia de distintas ideas, proyectos e identidades pol\u00edticas<\/strong>. Convivimos entre estas paredes trabajadores que expresamos esa diversidad y desde nuestras diferencias construimos un sentido com\u00fan.<\/p>\n<p>Desde esa diversidad rechazamos la l\u00f3gica que pretende construir el editorial de hoy, que en nada nos representa, al igualar a las v\u00edctimas del terrorismo de Estado y el accionar de la Justicia en busca de reparaci\u00f3n en los casos de delitos de lesa humanidad, con los castigos a presos comunes y con una \u00abcultura de la venganza\u00bb.<\/p>\n<p>Los trabajadores del diario La Naci\u00f3n decimos SI a la DEMOCRACIA, a la continuidad de los juicios por delitos de lesa humanidad y decimos NO al OLVIDO. Por MEMORIA, VERDAD y JUSTICIA.<br \/>\nTrabajadores de La Naci\u00f3n S.A. Comisiones Internas de Prensa y Gr\u00e1ficos\u00bb.<\/p>\n<p>\u201cLa causa de los derechos humanos no se puede defender con mentiras. No se puede defender tampoco con<strong> nuevas violaciones de derechos humanos <\/strong>como est\u00e1 ocurriendo en el pa\u00eds\u201d, asegura el editorial, que considera a su vez que \u201cha llegado la hora de poner las cosas en su lugar\u201d, reprodujo <em>Perfil.<\/em><\/p>\n<p>\u201cHay dos cuestiones urgentes por resolver. Una es el vergonzoso padecimiento de condenados, procesados e incluso de sospechosos de la comisi\u00f3n de delitos cometidos durante los a\u00f1os de la represi\u00f3n subversiva y que<strong> se hallan en c\u00e1rceles a pesar de su ancianidad.<\/strong> Son a estas alturas m\u00e1s de trescientos los detenidos por algunas de aquellas razones que han muerto en prisi\u00f3n, y esto constituye unaverdadera verg\u00fcenza nacional\u201d, agrega el texto sin firma.<\/p>\n<p>Por su parte<strong>, Norma Morandini<\/strong>, senadora nacional por el Frente C\u00edvico por C\u00f3rdoba, manifest\u00f3 su repudio ya que en el p\u00e1rrafo inicial, citan a la legisladora, quien asegur\u00f3 que se hizo una interpretaci\u00f3n err\u00f3nea de su postura.<strong> \u00abHe peleado para evitar la idea de los dos bandos<\/strong> y parad\u00f3jicamente me vuelven a poner en este editorial. Hoy los argentinos no est\u00e1n en ese tema\u00bb, expres\u00f3.<\/p>\n<p>La legisladora consider\u00f3 que la publicaci\u00f3n es \u00abinoportuna\u00bbpor el momento en el que es difundida y por su contenido. Asimismo, acus\u00f3 al gobierno de usar este tema pol\u00edticamente.<\/p>\n<p>\u201cLa senadora por C\u00f3rdoba Norma Morandini escribi\u00f3 d\u00edas atr\u00e1s en estas p\u00e1ginas que la causa de los derechos humanos no se puede defender con mentiras. No se puede defender tampoco con nuevas violaciones de derechos humanos como est\u00e1 ocurriendo en el pa\u00eds\u201d, escribi\u00f3 el editorialista de <em>La Naci\u00f3n.<\/em><\/p>\n<p><strong>\u00abNo creo en los dos demonios, <\/strong>creo que ac\u00e1 hubo un solo demonio que ha sido la violencia pol\u00edtica. Particip\u00e9 en un debate en la UCA y habl\u00e9 de la reconciliaci\u00f3n con nosotros mismos, no con los represores, no estoy pidiendo el fin de los juicios\u00bb, sentenci\u00f3 Morandini en una entrevista en Radio con Vos.<\/p>\n","protected":false},"excerpt":{"rendered":"<p>A trav&eacute;s de un comunicado rechazaron &laquo;la l&oacute;gica que pretende construir el editorial de hoy&raquo;. El texto completo.&nbsp;Los trabajadores de La Naci&oacute;n&nbsp;emitieron un comunicado para repudiar la pol&eacute;mica editorial&nbsp;que el medio public&oacute; hoy donde ped&iacute;a que liberen a represores juzgados por cr&iacute;menes de lesa humanidad. Luego de una hist&oacute;rica asamblea, los empleados del matutino publicaron [&hellip;]<\/p>\n","protected":false},"author":2,"featured_media":0,"comment_status":"open","ping_status":"open","sticky":false,"template":"","format":"standard","meta":{"fifu_image_url":"","fifu_image_alt":"","footnotes":""},"categories":[7,16],"tags":[],"class_list":{"0":"post-12702","1":"post","2":"type-post","3":"status-publish","4":"format-standard","6":"category-nacionales","7":"category-politi"},"yoast_head":"<title>Trabajadores del diario La Naci\u00f3n repudiaron el editorial sobre represores - Informe Litoral<\/title>\n<meta name=\"robots\" content=\"index, follow, max-snippet:-1, max-image-preview:large, max-video-preview:-1\" \/>\n<link rel=\"canonical\" href=\"https:\/\/informelitoral.com.ar\/trabajadores-del-diario-la-nacion-repudiaron-el-editorial-sobre-represores\/\" \/>\n<meta property=\"og:locale\" content=\"es_ES\" \/>\n<meta property=\"og:type\" content=\"article\" \/>\n<meta property=\"og:title\" content=\"Trabajadores del diario La Naci\u00f3n repudiaron el editorial sobre represores - Informe Litoral\" \/>\n<meta property=\"og:description\" content=\"A trav&eacute;s de un comunicado rechazaron &laquo;la l&oacute;gica que pretende construir el editorial de hoy&raquo;. El texto completo.&nbsp;Los trabajadores de La Naci&oacute;n&nbsp;emitieron un comunicado para repudiar la pol&eacute;mica editorial&nbsp;que el medio public&oacute; hoy donde ped&iacute;a que liberen a represores juzgados por cr&iacute;menes de lesa humanidad. Luego de una hist&oacute;rica asamblea, los empleados del matutino publicaron [&hellip;]\" \/>\n<meta property=\"og:url\" content=\"https:\/\/informelitoral.com.ar\/trabajadores-del-diario-la-nacion-repudiaron-el-editorial-sobre-represores\/\" \/>\n<meta property=\"og:site_name\" content=\"Informe Litoral\" \/>\n<meta property=\"article:publisher\" content=\"https:\/\/www.facebook.com\/informelitoral\/\" \/>\n<meta property=\"article:published_time\" content=\"2015-11-24T01:38:15+00:00\" \/>\n<meta property=\"article:modified_time\" content=\"2015-11-24T01:38:44+00:00\" \/>\n<meta property=\"og:image\" content=\"https:\/\/informelitoral.com.ar\/%77%70%2d%63%6f%6e%74%65%6e%74\/uploads\/2015\/11\/1123_asamblea_la_nacion_g1.jpg_1853027552.jpg\" \/>\n\t<meta property=\"og:image:width\" content=\"728\" \/>\n\t<meta property=\"og:image:height\" content=\"500\" \/>\n\t<meta property=\"og:image:type\" content=\"image\/jpeg\" \/>\n<meta name=\"author\" content=\"Gonzalo Schmidt\" \/>\n<meta name=\"twitter:card\" content=\"summary_large_image\" \/>\n<meta name=\"twitter:creator\" content=\"@InformeLitoral\" \/>\n<meta name=\"twitter:site\" content=\"@InformeLitoral\" \/>\n<meta name=\"twitter:label1\" content=\"Escrito por\" \/>\n\t<meta name=\"twitter:data1\" content=\"Gonzalo Schmidt\" \/>\n\t<meta name=\"twitter:label2\" content=\"Tiempo de lectura\" \/>\n\t<meta name=\"twitter:data2\" content=\"3 minutos\" \/>\n<script type=\"application\/ld+json\" class=\"yoast-schema-graph\">{\"@context\":\"https:\\\/\\\/schema.org\",\"@graph\":[{\"@type\":\"Article\",\"@id\":\"https:\\\/\\\/informelitoral.com.ar\\\/trabajadores-del-diario-la-nacion-repudiaron-el-editorial-sobre-represores\\\/#article\",\"isPartOf\":{\"@id\":\"https:\\\/\\\/informelitoral.com.ar\\\/trabajadores-del-diario-la-nacion-repudiaron-el-editorial-sobre-represores\\\/\"},\"author\":{\"name\":\"Gonzalo Schmidt\",\"@id\":\"https:\\\/\\\/informelitoral.com.ar\\\/#\\\/schema\\\/person\\\/b9d00407c836482871ef1d57bf8e3180\"},\"headline\":\"Trabajadores del diario La Naci\u00f3n repudiaron el editorial sobre represores\",\"datePublished\":\"2015-11-24T01:38:15+00:00\",\"dateModified\":\"2015-11-24T01:38:44+00:00\",\"mainEntityOfPage\":{\"@id\":\"https:\\\/\\\/informelitoral.com.ar\\\/trabajadores-del-diario-la-nacion-repudiaron-el-editorial-sobre-represores\\\/\"},\"wordCount\":652,\"commentCount\":0,\"publisher\":{\"@id\":\"https:\\\/\\\/informelitoral.com.ar\\\/#organization\"},\"image\":{\"@id\":\"https:\\\/\\\/informelitoral.com.ar\\\/trabajadores-del-diario-la-nacion-repudiaron-el-editorial-sobre-represores\\\/#primaryimage\"},\"thumbnailUrl\":\"http:\\\/\\\/www.isletasnoticias.com.ar\\\/%77%70%2d%63%6f%6e%74%65%6e%74\\\/uploads\\\/2015\\\/11\\\/1123_asamblea_la_nacion_g1.jpg_1853027552.jpg\",\"articleSection\":[\"Nacionales\",\"Politica\"],\"inLanguage\":\"es\",\"potentialAction\":[{\"@type\":\"CommentAction\",\"name\":\"Comment\",\"target\":[\"https:\\\/\\\/informelitoral.com.ar\\\/trabajadores-del-diario-la-nacion-repudiaron-el-editorial-sobre-represores\\\/#respond\"]}]},{\"@type\":\"WebPage\",\"@id\":\"https:\\\/\\\/informelitoral.com.ar\\\/trabajadores-del-diario-la-nacion-repudiaron-el-editorial-sobre-represores\\\/\",\"url\":\"https:\\\/\\\/informelitoral.com.ar\\\/trabajadores-del-diario-la-nacion-repudiaron-el-editorial-sobre-represores\\\/\",\"name\":\"Trabajadores del diario La Naci\u00f3n repudiaron el editorial sobre represores - Informe Litoral\",\"isPartOf\":{\"@id\":\"https:\\\/\\\/informelitoral.com.ar\\\/#website\"},\"primaryImageOfPage\":{\"@id\":\"https:\\\/\\\/informelitoral.com.ar\\\/trabajadores-del-diario-la-nacion-repudiaron-el-editorial-sobre-represores\\\/#primaryimage\"},\"image\":{\"@id\":\"https:\\\/\\\/informelitoral.com.ar\\\/trabajadores-del-diario-la-nacion-repudiaron-el-editorial-sobre-represores\\\/#primaryimage\"},\"thumbnailUrl\":\"http:\\\/\\\/www.isletasnoticias.com.ar\\\/%77%70%2d%63%6f%6e%74%65%6e%74\\\/uploads\\\/2015\\\/11\\\/1123_asamblea_la_nacion_g1.jpg_1853027552.jpg\",\"datePublished\":\"2015-11-24T01:38:15+00:00\",\"dateModified\":\"2015-11-24T01:38:44+00:00\",\"breadcrumb\":{\"@id\":\"https:\\\/\\\/informelitoral.com.ar\\\/trabajadores-del-diario-la-nacion-repudiaron-el-editorial-sobre-represores\\\/#breadcrumb\"},\"inLanguage\":\"es\",\"potentialAction\":[{\"@type\":\"ReadAction\",\"target\":[\"https:\\\/\\\/informelitoral.com.ar\\\/trabajadores-del-diario-la-nacion-repudiaron-el-editorial-sobre-represores\\\/\"]}]},{\"@type\":\"ImageObject\",\"inLanguage\":\"es\",\"@id\":\"https:\\\/\\\/informelitoral.com.ar\\\/trabajadores-del-diario-la-nacion-repudiaron-el-editorial-sobre-represores\\\/#primaryimage\",\"url\":\"http:\\\/\\\/www.isletasnoticias.com.ar\\\/%77%70%2d%63%6f%6e%74%65%6e%74\\\/uploads\\\/2015\\\/11\\\/1123_asamblea_la_nacion_g1.jpg_1853027552.jpg\",\"contentUrl\":\"http:\\\/\\\/www.isletasnoticias.com.ar\\\/%77%70%2d%63%6f%6e%74%65%6e%74\\\/uploads\\\/2015\\\/11\\\/1123_asamblea_la_nacion_g1.jpg_1853027552.jpg\"},{\"@type\":\"BreadcrumbList\",\"@id\":\"https:\\\/\\\/informelitoral.com.ar\\\/trabajadores-del-diario-la-nacion-repudiaron-el-editorial-sobre-represores\\\/#breadcrumb\",\"itemListElement\":[{\"@type\":\"ListItem\",\"position\":1,\"name\":\"Portada\",\"item\":\"https:\\\/\\\/informelitoral.com.ar\\\/\"},{\"@type\":\"ListItem\",\"position\":2,\"name\":\"Trabajadores del diario La Naci\u00f3n repudiaron el editorial sobre represores\"}]},{\"@type\":\"WebSite\",\"@id\":\"https:\\\/\\\/informelitoral.com.ar\\\/#website\",\"url\":\"https:\\\/\\\/informelitoral.com.ar\\\/\",\"name\":\"Informe Litoral\",\"description\":\"&quot;Nos informamos&quot; \",\"publisher\":{\"@id\":\"https:\\\/\\\/informelitoral.com.ar\\\/#organization\"},\"potentialAction\":[{\"@type\":\"SearchAction\",\"target\":{\"@type\":\"EntryPoint\",\"urlTemplate\":\"https:\\\/\\\/informelitoral.com.ar\\\/?s={search_term_string}\"},\"query-input\":{\"@type\":\"PropertyValueSpecification\",\"valueRequired\":true,\"valueName\":\"search_term_string\"}}],\"inLanguage\":\"es\"},{\"@type\":\"Organization\",\"@id\":\"https:\\\/\\\/informelitoral.com.ar\\\/#organization\",\"name\":\"Informe Litoral\",\"url\":\"https:\\\/\\\/informelitoral.com.ar\\\/\",\"logo\":{\"@type\":\"ImageObject\",\"inLanguage\":\"es\",\"@id\":\"https:\\\/\\\/informelitoral.com.ar\\\/#\\\/schema\\\/logo\\\/image\\\/\",\"url\":\"https:\\\/\\\/informelitoral.com.ar\\\/%77%70%2d%63%6f%6e%74%65%6e%74\\\/uploads\\\/2021\\\/01\\\/circulo.png\",\"contentUrl\":\"https:\\\/\\\/informelitoral.com.ar\\\/%77%70%2d%63%6f%6e%74%65%6e%74\\\/uploads\\\/2021\\\/01\\\/circulo.png\",\"width\":723,\"height\":731,\"caption\":\"Informe Litoral\"},\"image\":{\"@id\":\"https:\\\/\\\/informelitoral.com.ar\\\/#\\\/schema\\\/logo\\\/image\\\/\"},\"sameAs\":[\"https:\\\/\\\/www.facebook.com\\\/informelitoral\\\/\",\"https:\\\/\\\/x.com\\\/InformeLitoral\",\"https:\\\/\\\/www.instagram.com\\\/informelitoral\\\/\",\"https:\\\/\\\/www.youtube.com\\\/channel\\\/UCua4Qvz8Icb6MYqhoq9xLXw\"]},{\"@type\":\"Person\",\"@id\":\"https:\\\/\\\/informelitoral.com.ar\\\/#\\\/schema\\\/person\\\/b9d00407c836482871ef1d57bf8e3180\",\"name\":\"Gonzalo Schmidt\",\"image\":{\"@type\":\"ImageObject\",\"inLanguage\":\"es\",\"@id\":\"https:\\\/\\\/secure.gravatar.com\\\/avatar\\\/31a1a7b66ff2de83bd0e9fd79d026630d2d99e55e8bfe501287647b4fd9743de?s=96&d=mm&r=g\",\"url\":\"https:\\\/\\\/secure.gravatar.com\\\/avatar\\\/31a1a7b66ff2de83bd0e9fd79d026630d2d99e55e8bfe501287647b4fd9743de?s=96&d=mm&r=g\",\"contentUrl\":\"https:\\\/\\\/secure.gravatar.com\\\/avatar\\\/31a1a7b66ff2de83bd0e9fd79d026630d2d99e55e8bfe501287647b4fd9743de?s=96&d=mm&r=g\",\"caption\":\"Gonzalo Schmidt\"},\"description\":\"Sitio web de noticias de la provincia de Entre R\u00edos, Argentina. Informaci\u00f3n y entretenimiento. Informe Litoral, nos informamos.\",\"sameAs\":[\"http:\\\/\\\/www.isletasnoticias.com.ar\"],\"url\":\"https:\\\/\\\/informelitoral.com.ar\\\/author\\\/gonzalo\\\/\"}]}<\/script>","yoast_head_json":{"title":"Trabajadores del diario La Naci\u00f3n repudiaron el editorial sobre represores - Informe Litoral","robots":{"index":"index","follow":"follow","max-snippet":"max-snippet:-1","max-image-preview":"max-image-preview:large","max-video-preview":"max-video-preview:-1"},"canonical":"https:\/\/informelitoral.com.ar\/trabajadores-del-diario-la-nacion-repudiaron-el-editorial-sobre-represores\/","og_locale":"es_ES","og_type":"article","og_title":"Trabajadores del diario La Naci\u00f3n repudiaron el editorial sobre represores - Informe Litoral","og_description":"A trav&eacute;s de un comunicado rechazaron &laquo;la l&oacute;gica que pretende construir el editorial de hoy&raquo;. El texto completo.&nbsp;Los trabajadores de La Naci&oacute;n&nbsp;emitieron un comunicado para repudiar la pol&eacute;mica editorial&nbsp;que el medio public&oacute; hoy donde ped&iacute;a que liberen a represores juzgados por cr&iacute;menes de lesa humanidad. Luego de una hist&oacute;rica asamblea, los empleados del matutino publicaron [&hellip;]","og_url":"https:\/\/informelitoral.com.ar\/trabajadores-del-diario-la-nacion-repudiaron-el-editorial-sobre-represores\/","og_site_name":"Informe Litoral","article_publisher":"https:\/\/www.facebook.com\/informelitoral\/","article_published_time":"2015-11-24T01:38:15+00:00","article_modified_time":"2015-11-24T01:38:44+00:00","og_image":[{"width":728,"height":500,"url":"https:\/\/informelitoral.com.ar\/%77%70%2d%63%6f%6e%74%65%6e%74\/uploads\/2015\/11\/1123_asamblea_la_nacion_g1.jpg_1853027552.jpg","type":"image\/jpeg"}],"author":"Gonzalo Schmidt","twitter_card":"summary_large_image","twitter_creator":"@InformeLitoral","twitter_site":"@InformeLitoral","twitter_misc":{"Escrito por":"Gonzalo Schmidt","Tiempo de lectura":"3 minutos"},"schema":{"@context":"https:\/\/schema.org","@graph":[{"@type":"Article","@id":"https:\/\/informelitoral.com.ar\/trabajadores-del-diario-la-nacion-repudiaron-el-editorial-sobre-represores\/#article","isPartOf":{"@id":"https:\/\/informelitoral.com.ar\/trabajadores-del-diario-la-nacion-repudiaron-el-editorial-sobre-represores\/"},"author":{"name":"Gonzalo Schmidt","@id":"https:\/\/informelitoral.com.ar\/#\/schema\/person\/b9d00407c836482871ef1d57bf8e3180"},"headline":"Trabajadores del diario La Naci\u00f3n repudiaron el editorial sobre represores","datePublished":"2015-11-24T01:38:15+00:00","dateModified":"2015-11-24T01:38:44+00:00","mainEntityOfPage":{"@id":"https:\/\/informelitoral.com.ar\/trabajadores-del-diario-la-nacion-repudiaron-el-editorial-sobre-represores\/"},"wordCount":652,"commentCount":0,"publisher":{"@id":"https:\/\/informelitoral.com.ar\/#organization"},"image":{"@id":"https:\/\/informelitoral.com.ar\/trabajadores-del-diario-la-nacion-repudiaron-el-editorial-sobre-represores\/#primaryimage"},"thumbnailUrl":"http:\/\/www.isletasnoticias.com.ar\/%77%70%2d%63%6f%6e%74%65%6e%74\/uploads\/2015\/11\/1123_asamblea_la_nacion_g1.jpg_1853027552.jpg","articleSection":["Nacionales","Politica"],"inLanguage":"es","potentialAction":[{"@type":"CommentAction","name":"Comment","target":["https:\/\/informelitoral.com.ar\/trabajadores-del-diario-la-nacion-repudiaron-el-editorial-sobre-represores\/#respond"]}]},{"@type":"WebPage","@id":"https:\/\/informelitoral.com.ar\/trabajadores-del-diario-la-nacion-repudiaron-el-editorial-sobre-represores\/","url":"https:\/\/informelitoral.com.ar\/trabajadores-del-diario-la-nacion-repudiaron-el-editorial-sobre-represores\/","name":"Trabajadores del diario La Naci\u00f3n repudiaron el editorial sobre represores - Informe Litoral","isPartOf":{"@id":"https:\/\/informelitoral.com.ar\/#website"},"primaryImageOfPage":{"@id":"https:\/\/informelitoral.com.ar\/trabajadores-del-diario-la-nacion-repudiaron-el-editorial-sobre-represores\/#primaryimage"},"image":{"@id":"https:\/\/informelitoral.com.ar\/trabajadores-del-diario-la-nacion-repudiaron-el-editorial-sobre-represores\/#primaryimage"},"thumbnailUrl":"http:\/\/www.isletasnoticias.com.ar\/%77%70%2d%63%6f%6e%74%65%6e%74\/uploads\/2015\/11\/1123_asamblea_la_nacion_g1.jpg_1853027552.jpg","datePublished":"2015-11-24T01:38:15+00:00","dateModified":"2015-11-24T01:38:44+00:00","breadcrumb":{"@id":"https:\/\/informelitoral.com.ar\/trabajadores-del-diario-la-nacion-repudiaron-el-editorial-sobre-represores\/#breadcrumb"},"inLanguage":"es","potentialAction":[{"@type":"ReadAction","target":["https:\/\/informelitoral.com.ar\/trabajadores-del-diario-la-nacion-repudiaron-el-editorial-sobre-represores\/"]}]},{"@type":"ImageObject","inLanguage":"es","@id":"https:\/\/informelitoral.com.ar\/trabajadores-del-diario-la-nacion-repudiaron-el-editorial-sobre-represores\/#primaryimage","url":"http:\/\/www.isletasnoticias.com.ar\/%77%70%2d%63%6f%6e%74%65%6e%74\/uploads\/2015\/11\/1123_asamblea_la_nacion_g1.jpg_1853027552.jpg","contentUrl":"http:\/\/www.isletasnoticias.com.ar\/%77%70%2d%63%6f%6e%74%65%6e%74\/uploads\/2015\/11\/1123_asamblea_la_nacion_g1.jpg_1853027552.jpg"},{"@type":"BreadcrumbList","@id":"https:\/\/informelitoral.com.ar\/trabajadores-del-diario-la-nacion-repudiaron-el-editorial-sobre-represores\/#breadcrumb","itemListElement":[{"@type":"ListItem","position":1,"name":"Portada","item":"https:\/\/informelitoral.com.ar\/"},{"@type":"ListItem","position":2,"name":"Trabajadores del diario La Naci\u00f3n repudiaron el editorial sobre represores"}]},{"@type":"WebSite","@id":"https:\/\/informelitoral.com.ar\/#website","url":"https:\/\/informelitoral.com.ar\/","name":"Informe Litoral","description":"&quot;Nos informamos&quot; ","publisher":{"@id":"https:\/\/informelitoral.com.ar\/#organization"},"potentialAction":[{"@type":"SearchAction","target":{"@type":"EntryPoint","urlTemplate":"https:\/\/informelitoral.com.ar\/?s={search_term_string}"},"query-input":{"@type":"PropertyValueSpecification","valueRequired":true,"valueName":"search_term_string"}}],"inLanguage":"es"},{"@type":"Organization","@id":"https:\/\/informelitoral.com.ar\/#organization","name":"Informe Litoral","url":"https:\/\/informelitoral.com.ar\/","logo":{"@type":"ImageObject","inLanguage":"es","@id":"https:\/\/informelitoral.com.ar\/#\/schema\/logo\/image\/","url":"https:\/\/informelitoral.com.ar\/%77%70%2d%63%6f%6e%74%65%6e%74\/uploads\/2021\/01\/circulo.png","contentUrl":"https:\/\/informelitoral.com.ar\/%77%70%2d%63%6f%6e%74%65%6e%74\/uploads\/2021\/01\/circulo.png","width":723,"height":731,"caption":"Informe Litoral"},"image":{"@id":"https:\/\/informelitoral.com.ar\/#\/schema\/logo\/image\/"},"sameAs":["https:\/\/www.facebook.com\/informelitoral\/","https:\/\/x.com\/InformeLitoral","https:\/\/www.instagram.com\/informelitoral\/","https:\/\/www.youtube.com\/channel\/UCua4Qvz8Icb6MYqhoq9xLXw"]},{"@type":"Person","@id":"https:\/\/informelitoral.com.ar\/#\/schema\/person\/b9d00407c836482871ef1d57bf8e3180","name":"Gonzalo Schmidt","image":{"@type":"ImageObject","inLanguage":"es","@id":"https:\/\/secure.gravatar.com\/avatar\/31a1a7b66ff2de83bd0e9fd79d026630d2d99e55e8bfe501287647b4fd9743de?s=96&d=mm&r=g","url":"https:\/\/secure.gravatar.com\/avatar\/31a1a7b66ff2de83bd0e9fd79d026630d2d99e55e8bfe501287647b4fd9743de?s=96&d=mm&r=g","contentUrl":"https:\/\/secure.gravatar.com\/avatar\/31a1a7b66ff2de83bd0e9fd79d026630d2d99e55e8bfe501287647b4fd9743de?s=96&d=mm&r=g","caption":"Gonzalo Schmidt"},"description":"Sitio web de noticias de la provincia de Entre R\u00edos, Argentina. Informaci\u00f3n y entretenimiento. Informe Litoral, nos informamos.","sameAs":["http:\/\/www.isletasnoticias.com.ar"],"url":"https:\/\/informelitoral.com.ar\/author\/gonzalo\/"}]}},"_links":{"self":[{"href":"https:\/\/informelitoral.com.ar\/%77%70%2d%6a%73%6f%6e\/wp\/v2\/posts\/12702","targetHints":{"allow":["GET"]}}],"collection":[{"href":"https:\/\/informelitoral.com.ar\/%77%70%2d%6a%73%6f%6e\/wp\/v2\/posts"}],"about":[{"href":"https:\/\/informelitoral.com.ar\/%77%70%2d%6a%73%6f%6e\/wp\/v2\/types\/post"}],"author":[{"embeddable":true,"href":"https:\/\/informelitoral.com.ar\/%77%70%2d%6a%73%6f%6e\/wp\/v2\/users\/2"}],"replies":[{"embeddable":true,"href":"https:\/\/informelitoral.com.ar\/%77%70%2d%6a%73%6f%6e\/wp\/v2\/comments?post=12702"}],"version-history":[{"count":0,"href":"https:\/\/informelitoral.com.ar\/%77%70%2d%6a%73%6f%6e\/wp\/v2\/posts\/12702\/revisions"}],"wp:attachment":[{"href":"https:\/\/informelitoral.com.ar\/%77%70%2d%6a%73%6f%6e\/wp\/v2\/media?parent=12702"}],"wp:term":[{"taxonomy":"category","embeddable":true,"href":"https:\/\/informelitoral.com.ar\/%77%70%2d%6a%73%6f%6e\/wp\/v2\/categories?post=12702"},{"taxonomy":"post_tag","embeddable":true,"href":"https:\/\/informelitoral.com.ar\/%77%70%2d%6a%73%6f%6e\/wp\/v2\/tags?post=12702"}],"curies":[{"name":"wp","href":"https:\/\/api.w.org\/{rel}","templated":true}]}}