{"id":12697,"date":"2015-11-23T13:47:03","date_gmt":"2015-11-23T16:47:03","guid":{"rendered":"http:\/\/www.isletasnoticias.com.ar\/?p=12697"},"modified":"2015-11-23T13:49:04","modified_gmt":"2015-11-23T16:49:04","slug":"dios-volvio-a-demostrar-que-es-argentino","status":"publish","type":"post","link":"https:\/\/informelitoral.com.ar\/dios-volvio-a-demostrar-que-es-argentino\/","title":{"rendered":"Dios volvi\u00f3 a demostrar que es argentino"},"content":{"rendered":"<p><a href=\"http:\/\/www.isletasnoticias.com.ar\/%77%70%2d%63%6f%6e%74%65%6e%74\/uploads\/2015\/11\/baby304.jpg\"><img loading=\"lazy\" decoding=\"async\" class=\"alignleft wp-image-12698 size-thumbnail\" src=\"http:\/\/www.isletasnoticias.com.ar\/%77%70%2d%63%6f%6e%74%65%6e%74\/uploads\/2015\/11\/baby304-150x150.jpg\" alt=\"baby304\" width=\"150\" height=\"150\" \/><\/a><\/p>\n<ul>\n<li>*Por <strong>Baby Etchecopar<\/strong><\/li>\n<\/ul>\n<p>En mis sesenta y dos a\u00f1os lo \u00fanico que he escuchado fue \u00abComo dijo Per\u00f3n&#8230;\u00bb. Incluso en las m\u00e1s atroces de las dictaduras, en alg\u00fan momento, los generales parafrasearon al General tratando de congraciarse con sus torturados y desaparecidos. Todos, absolutamente todos, usaron a Per\u00f3n para enriquecerse, para someternos a sus m\u00e1s bajos instintos, para desilusionarnos, para quedarse con lo que es nuestro, para saquear al pa\u00eds, para obligarnos a matarnos entre nosotros como monos en una isla con una sola banana.<\/p>\n<div>\n<p>Per\u00f3n, el multifuncional Per\u00f3n, el prestidigitador Per\u00f3n, capaz de convertir al m\u00e1s insospechado, al m\u00e1s inepto, al m\u00e1s inescrupuloso, al m\u00e1s comunista, al m\u00e1s fascista, en peronista, endiosarlo y luego convertirlo en duhaldista, menemista, isabelista, lopezrreguista y cuantos \u00abistas\u00bb se le ocurran hasta llegar al kirchnerista.<\/p>\n<p>Este pre\u00e1mbulo es s\u00f3lo para tratar de explicar que hace doce a\u00f1os -y yo con muchas decepciones menos- cre\u00eda en mi pa\u00eds, y cre\u00eda que no pod\u00eda haber nada despu\u00e9s de De La R\u00faa que nos hiciera un corralito que se quedara con lo nuestro, que dividiera las aguas, en fin, que nos arruinara la vida. Y le ped\u00ed a Dios -ya que Dios es argentino y siempre nos salva a \u00faltimo momento del autoritarismo y la ins\u00f3lita vocaci\u00f3n del Peronismo de perpetuarse en el poder y sentirse monarcas por el solo hecho de ganar una elecci\u00f3n, y as\u00ed fue que en el peor momento en que la corrupci\u00f3n del Peronismo socavaba los intereses de la patria, Dios se llev\u00f3 a Eva y el General cay\u00f3 en el abismo de su impotencia, y sus obsecuentes y genuflexos lo empujaron al golpe.<\/p>\n<p>Despu\u00e9s de muchos a\u00f1os, el General volvi\u00f3 y Dios se lo llev\u00f3 y se encarn\u00f3 en Menem. Y Dios volvi\u00f3 a actuar y lleg\u00f3 N\u00e9stor; y cuando Nestor se preparaba para hacer \u00abEl uno dos\u00bb por veinte a\u00f1os m\u00e1s, otra vez apareci\u00f3 Dios y qued\u00f3 Cristina por ocho a\u00f1os, ocho largos a\u00f1os de desprecio, desuni\u00f3n, corrupci\u00f3n, saqueos, largas peroratas, explicando lo que solo ella y sus hipnotizados seguidores en su derrotero mesi\u00e1nico pod\u00edan creer y explicar, revoluciones sin rumbo acompa\u00f1adas por bombardeos a Estados Unidos y la imagen de una Europa parecida a las provincias que ella gobernaba, iguales a la miseria.<\/p>\n<p>Pero se termin\u00f3. Dios existe y nos puso a Francisco. Entonces la pasionaria entendi\u00f3 que hab\u00eda un techo y el pueblo que hab\u00eda un hombre. Ese hombre estaba junto a Dios y Dios hoy nos demostr\u00f3 otra vez que es argentino.<\/p>\n<p>Pero no gan\u00f3 Macri, gan\u00f3 usted, yo y hasta cualquiera de La C\u00e1mpora que jam\u00e1s pens\u00f3 mientras tocaba el tambor que no se puede pasar la vida mirando un palco desde abajo, que no se puede vivir retrocediendo, que no se le rinde pleites\u00eda a nadie. Que no hay inspirados, que la salida la tenemos nosotros y que nosotros, somos nosotros, usted y yo, as\u00ed que nada de festejos y alegr\u00edas como el caballero de la m\u00e1scara de hierro, a ba\u00f1arse a afeitarse y a salir a la calle a trabajar, a no perder m\u00e1s tiempo que ya perdimos doce a\u00f1os y a pararnos firmes y pedirle al nuevo dignidad, dignidad.<\/p>\n<p>Que se acaben los alm\u00e1cigos de pobres regados con planes para aplaudir los mon\u00f3logos ins\u00f3litos en los que se verdegueaba al que no pensaba igual y esos bailes que asemejaban a mi t\u00eda, la soltera, en el final de una fiesta de quince en la foto que nadie quer\u00eda salir. Y que el que venga trabaje por los derechos humanos y no para los sue\u00f1os compartidos y que haga, si se anima, una CONADEP de la corrupci\u00f3n, y si no se anima, atr\u00e1s vamos a estar todos para poner el pecho porque sabemos que vienen tiempos dif\u00edciles, que lo que ayer bailando con la m\u00fasica de Fito P\u00e1ez, Ignacio Copani y La Mancha de Rolando parec\u00eda facil\u00edsimo, ahora desde la oposici\u00f3n lo van a ver desde su imposibilidad como imposible y se acabar\u00e1n los Boudou, mejor dicho, se los escuchar\u00e1 pero no ejecutando mal la guitarra. Se los escuchar\u00e1 en Comodoro Pi y tal vez Hebe de Bonafini tendr\u00e1 que dejar de juzgar periodistas y explicarle a Oyarbide la supuesta estafa de \u00abSue\u00f1os Compartidos\u00bb y, si as\u00ed no lo hiciere, terminar los tr\u00e1mites de adopci\u00f3n, ya que adopt\u00f3 como su hijo a su socio Sergio Schoklender. Quiz\u00e1s \u00abBetty\u00bb Alperovich regalar\u00e1 alguna de sus diez mansiones a alguno de los vagos, seg\u00fan ella, que cortan las rutas con hambre.<\/p>\n<p>Empezamos a recorrer un nuevo camino. Salvo los chinos, hoy mismo cambiamos el amarillo por celeste y blanco. S\u00e9 que amanecer\u00e1 con cuarenta y cuatro millones de integrantes del Pro. Yo no. Como dije cuando empec\u00e9 esta nota, tengo sesenta y dos a\u00f1os, me quedan muy pocos para disfrutar, para vivir, para no tener que tomar una pastilla cada vez que escucho con que insolencia se le miente al pueblo.<\/p>\n<p>No lo quiero a Macri, no es el presidente ideal para m\u00ed, pero tal vez si todos lo ayudamos, podemos terminar am\u00e1ndolo y despedirlo con un aplauso y no con esta rara sensaci\u00f3n de estafa, con esta angustia que da el sentirse saqueado, con esta sensaci\u00f3n de rid\u00edculo de tener que escuchar que a un presidente lo asesora un p\u00e1jaro o que otro es un arquitecto egipcio, creo que aprendimos que tenemos que empezar a vivir enserio porque, as\u00ed como vamos, vamos mal. Empecemos a vivir, aprovechemos que Dios es argentino. <em>(Infobae)<\/em><\/p>\n<\/div>\n","protected":false},"excerpt":{"rendered":"<p>*Por Baby Etchecopar En mis sesenta y dos a&ntilde;os lo &uacute;nico que he escuchado fue &laquo;Como dijo Per&oacute;n&hellip;&raquo;. Incluso en las m&aacute;s atroces de las dictaduras, en alg&uacute;n momento, los generales parafrasearon al General tratando de congraciarse con sus torturados y desaparecidos. Todos, absolutamente todos, usaron a Per&oacute;n para enriquecerse, para someternos a sus m&aacute;s [&hellip;]<\/p>\n","protected":false},"author":2,"featured_media":0,"comment_status":"open","ping_status":"open","sticky":false,"template":"","format":"standard","meta":{"fifu_image_url":"","fifu_image_alt":"","footnotes":""},"categories":[11,16],"tags":[],"class_list":{"0":"post-12697","1":"post","2":"type-post","3":"status-publish","4":"format-standard","6":"category-opinion","7":"category-politi"},"yoast_head":"<title>Dios volvi\u00f3 a demostrar que es argentino - Informe Litoral<\/title>\n<meta name=\"robots\" content=\"index, follow, max-snippet:-1, max-image-preview:large, max-video-preview:-1\" \/>\n<link rel=\"canonical\" href=\"https:\/\/informelitoral.com.ar\/dios-volvio-a-demostrar-que-es-argentino\/\" \/>\n<meta property=\"og:locale\" content=\"es_ES\" \/>\n<meta property=\"og:type\" content=\"article\" \/>\n<meta property=\"og:title\" content=\"Dios volvi\u00f3 a demostrar que es argentino - Informe Litoral\" \/>\n<meta property=\"og:description\" content=\"*Por Baby Etchecopar En mis sesenta y dos a&ntilde;os lo &uacute;nico que he escuchado fue &laquo;Como dijo Per&oacute;n&hellip;&raquo;. Incluso en las m&aacute;s atroces de las dictaduras, en alg&uacute;n momento, los generales parafrasearon al General tratando de congraciarse con sus torturados y desaparecidos. Todos, absolutamente todos, usaron a Per&oacute;n para enriquecerse, para someternos a sus m&aacute;s [&hellip;]\" \/>\n<meta property=\"og:url\" content=\"https:\/\/informelitoral.com.ar\/dios-volvio-a-demostrar-que-es-argentino\/\" \/>\n<meta property=\"og:site_name\" content=\"Informe Litoral\" \/>\n<meta property=\"article:publisher\" content=\"https:\/\/www.facebook.com\/informelitoral\/\" \/>\n<meta property=\"article:published_time\" content=\"2015-11-23T16:47:03+00:00\" \/>\n<meta property=\"article:modified_time\" content=\"2015-11-23T16:49:04+00:00\" \/>\n<meta property=\"og:image\" content=\"https:\/\/informelitoral.com.ar\/%77%70%2d%63%6f%6e%74%65%6e%74\/uploads\/2015\/11\/baby304.jpg\" \/>\n\t<meta property=\"og:image:width\" content=\"619\" \/>\n\t<meta property=\"og:image:height\" content=\"464\" \/>\n\t<meta property=\"og:image:type\" content=\"image\/jpeg\" \/>\n<meta name=\"author\" content=\"Gonzalo Schmidt\" \/>\n<meta name=\"twitter:card\" content=\"summary_large_image\" \/>\n<meta name=\"twitter:creator\" content=\"@InformeLitoral\" \/>\n<meta name=\"twitter:site\" content=\"@InformeLitoral\" \/>\n<meta name=\"twitter:label1\" content=\"Escrito por\" \/>\n\t<meta name=\"twitter:data1\" content=\"Gonzalo Schmidt\" \/>\n\t<meta name=\"twitter:label2\" content=\"Tiempo de lectura\" \/>\n\t<meta name=\"twitter:data2\" content=\"5 minutos\" \/>\n<script type=\"application\/ld+json\" class=\"yoast-schema-graph\">{\"@context\":\"https:\\\/\\\/schema.org\",\"@graph\":[{\"@type\":\"Article\",\"@id\":\"https:\\\/\\\/informelitoral.com.ar\\\/dios-volvio-a-demostrar-que-es-argentino\\\/#article\",\"isPartOf\":{\"@id\":\"https:\\\/\\\/informelitoral.com.ar\\\/dios-volvio-a-demostrar-que-es-argentino\\\/\"},\"author\":{\"name\":\"Gonzalo Schmidt\",\"@id\":\"https:\\\/\\\/informelitoral.com.ar\\\/#\\\/schema\\\/person\\\/b9d00407c836482871ef1d57bf8e3180\"},\"headline\":\"Dios volvi\u00f3 a demostrar que es argentino\",\"datePublished\":\"2015-11-23T16:47:03+00:00\",\"dateModified\":\"2015-11-23T16:49:04+00:00\",\"mainEntityOfPage\":{\"@id\":\"https:\\\/\\\/informelitoral.com.ar\\\/dios-volvio-a-demostrar-que-es-argentino\\\/\"},\"wordCount\":989,\"commentCount\":0,\"publisher\":{\"@id\":\"https:\\\/\\\/informelitoral.com.ar\\\/#organization\"},\"image\":{\"@id\":\"https:\\\/\\\/informelitoral.com.ar\\\/dios-volvio-a-demostrar-que-es-argentino\\\/#primaryimage\"},\"thumbnailUrl\":\"http:\\\/\\\/www.isletasnoticias.com.ar\\\/%77%70%2d%63%6f%6e%74%65%6e%74\\\/uploads\\\/2015\\\/11\\\/baby304-150x150.jpg\",\"articleSection\":[\"Opini\u00f3n\",\"Politica\"],\"inLanguage\":\"es\",\"potentialAction\":[{\"@type\":\"CommentAction\",\"name\":\"Comment\",\"target\":[\"https:\\\/\\\/informelitoral.com.ar\\\/dios-volvio-a-demostrar-que-es-argentino\\\/#respond\"]}]},{\"@type\":\"WebPage\",\"@id\":\"https:\\\/\\\/informelitoral.com.ar\\\/dios-volvio-a-demostrar-que-es-argentino\\\/\",\"url\":\"https:\\\/\\\/informelitoral.com.ar\\\/dios-volvio-a-demostrar-que-es-argentino\\\/\",\"name\":\"Dios volvi\u00f3 a demostrar que es argentino - Informe Litoral\",\"isPartOf\":{\"@id\":\"https:\\\/\\\/informelitoral.com.ar\\\/#website\"},\"primaryImageOfPage\":{\"@id\":\"https:\\\/\\\/informelitoral.com.ar\\\/dios-volvio-a-demostrar-que-es-argentino\\\/#primaryimage\"},\"image\":{\"@id\":\"https:\\\/\\\/informelitoral.com.ar\\\/dios-volvio-a-demostrar-que-es-argentino\\\/#primaryimage\"},\"thumbnailUrl\":\"http:\\\/\\\/www.isletasnoticias.com.ar\\\/%77%70%2d%63%6f%6e%74%65%6e%74\\\/uploads\\\/2015\\\/11\\\/baby304-150x150.jpg\",\"datePublished\":\"2015-11-23T16:47:03+00:00\",\"dateModified\":\"2015-11-23T16:49:04+00:00\",\"breadcrumb\":{\"@id\":\"https:\\\/\\\/informelitoral.com.ar\\\/dios-volvio-a-demostrar-que-es-argentino\\\/#breadcrumb\"},\"inLanguage\":\"es\",\"potentialAction\":[{\"@type\":\"ReadAction\",\"target\":[\"https:\\\/\\\/informelitoral.com.ar\\\/dios-volvio-a-demostrar-que-es-argentino\\\/\"]}]},{\"@type\":\"ImageObject\",\"inLanguage\":\"es\",\"@id\":\"https:\\\/\\\/informelitoral.com.ar\\\/dios-volvio-a-demostrar-que-es-argentino\\\/#primaryimage\",\"url\":\"http:\\\/\\\/www.isletasnoticias.com.ar\\\/%77%70%2d%63%6f%6e%74%65%6e%74\\\/uploads\\\/2015\\\/11\\\/baby304-150x150.jpg\",\"contentUrl\":\"http:\\\/\\\/www.isletasnoticias.com.ar\\\/%77%70%2d%63%6f%6e%74%65%6e%74\\\/uploads\\\/2015\\\/11\\\/baby304-150x150.jpg\"},{\"@type\":\"BreadcrumbList\",\"@id\":\"https:\\\/\\\/informelitoral.com.ar\\\/dios-volvio-a-demostrar-que-es-argentino\\\/#breadcrumb\",\"itemListElement\":[{\"@type\":\"ListItem\",\"position\":1,\"name\":\"Portada\",\"item\":\"https:\\\/\\\/informelitoral.com.ar\\\/\"},{\"@type\":\"ListItem\",\"position\":2,\"name\":\"Dios volvi\u00f3 a demostrar que es argentino\"}]},{\"@type\":\"WebSite\",\"@id\":\"https:\\\/\\\/informelitoral.com.ar\\\/#website\",\"url\":\"https:\\\/\\\/informelitoral.com.ar\\\/\",\"name\":\"Informe Litoral\",\"description\":\"&quot;Nos informamos&quot; \",\"publisher\":{\"@id\":\"https:\\\/\\\/informelitoral.com.ar\\\/#organization\"},\"potentialAction\":[{\"@type\":\"SearchAction\",\"target\":{\"@type\":\"EntryPoint\",\"urlTemplate\":\"https:\\\/\\\/informelitoral.com.ar\\\/?s={search_term_string}\"},\"query-input\":{\"@type\":\"PropertyValueSpecification\",\"valueRequired\":true,\"valueName\":\"search_term_string\"}}],\"inLanguage\":\"es\"},{\"@type\":\"Organization\",\"@id\":\"https:\\\/\\\/informelitoral.com.ar\\\/#organization\",\"name\":\"Informe Litoral\",\"url\":\"https:\\\/\\\/informelitoral.com.ar\\\/\",\"logo\":{\"@type\":\"ImageObject\",\"inLanguage\":\"es\",\"@id\":\"https:\\\/\\\/informelitoral.com.ar\\\/#\\\/schema\\\/logo\\\/image\\\/\",\"url\":\"https:\\\/\\\/informelitoral.com.ar\\\/%77%70%2d%63%6f%6e%74%65%6e%74\\\/uploads\\\/2021\\\/01\\\/circulo.png\",\"contentUrl\":\"https:\\\/\\\/informelitoral.com.ar\\\/%77%70%2d%63%6f%6e%74%65%6e%74\\\/uploads\\\/2021\\\/01\\\/circulo.png\",\"width\":723,\"height\":731,\"caption\":\"Informe Litoral\"},\"image\":{\"@id\":\"https:\\\/\\\/informelitoral.com.ar\\\/#\\\/schema\\\/logo\\\/image\\\/\"},\"sameAs\":[\"https:\\\/\\\/www.facebook.com\\\/informelitoral\\\/\",\"https:\\\/\\\/x.com\\\/InformeLitoral\",\"https:\\\/\\\/www.instagram.com\\\/informelitoral\\\/\",\"https:\\\/\\\/www.youtube.com\\\/channel\\\/UCua4Qvz8Icb6MYqhoq9xLXw\"]},{\"@type\":\"Person\",\"@id\":\"https:\\\/\\\/informelitoral.com.ar\\\/#\\\/schema\\\/person\\\/b9d00407c836482871ef1d57bf8e3180\",\"name\":\"Gonzalo Schmidt\",\"image\":{\"@type\":\"ImageObject\",\"inLanguage\":\"es\",\"@id\":\"https:\\\/\\\/secure.gravatar.com\\\/avatar\\\/31a1a7b66ff2de83bd0e9fd79d026630d2d99e55e8bfe501287647b4fd9743de?s=96&d=mm&r=g\",\"url\":\"https:\\\/\\\/secure.gravatar.com\\\/avatar\\\/31a1a7b66ff2de83bd0e9fd79d026630d2d99e55e8bfe501287647b4fd9743de?s=96&d=mm&r=g\",\"contentUrl\":\"https:\\\/\\\/secure.gravatar.com\\\/avatar\\\/31a1a7b66ff2de83bd0e9fd79d026630d2d99e55e8bfe501287647b4fd9743de?s=96&d=mm&r=g\",\"caption\":\"Gonzalo Schmidt\"},\"description\":\"Sitio web de noticias de la provincia de Entre R\u00edos, Argentina. Informaci\u00f3n y entretenimiento. Informe Litoral, nos informamos.\",\"sameAs\":[\"http:\\\/\\\/www.isletasnoticias.com.ar\"],\"url\":\"https:\\\/\\\/informelitoral.com.ar\\\/author\\\/gonzalo\\\/\"}]}<\/script>","yoast_head_json":{"title":"Dios volvi\u00f3 a demostrar que es argentino - Informe Litoral","robots":{"index":"index","follow":"follow","max-snippet":"max-snippet:-1","max-image-preview":"max-image-preview:large","max-video-preview":"max-video-preview:-1"},"canonical":"https:\/\/informelitoral.com.ar\/dios-volvio-a-demostrar-que-es-argentino\/","og_locale":"es_ES","og_type":"article","og_title":"Dios volvi\u00f3 a demostrar que es argentino - Informe Litoral","og_description":"*Por Baby Etchecopar En mis sesenta y dos a&ntilde;os lo &uacute;nico que he escuchado fue &laquo;Como dijo Per&oacute;n&hellip;&raquo;. Incluso en las m&aacute;s atroces de las dictaduras, en alg&uacute;n momento, los generales parafrasearon al General tratando de congraciarse con sus torturados y desaparecidos. Todos, absolutamente todos, usaron a Per&oacute;n para enriquecerse, para someternos a sus m&aacute;s [&hellip;]","og_url":"https:\/\/informelitoral.com.ar\/dios-volvio-a-demostrar-que-es-argentino\/","og_site_name":"Informe Litoral","article_publisher":"https:\/\/www.facebook.com\/informelitoral\/","article_published_time":"2015-11-23T16:47:03+00:00","article_modified_time":"2015-11-23T16:49:04+00:00","og_image":[{"width":619,"height":464,"url":"https:\/\/informelitoral.com.ar\/%77%70%2d%63%6f%6e%74%65%6e%74\/uploads\/2015\/11\/baby304.jpg","type":"image\/jpeg"}],"author":"Gonzalo Schmidt","twitter_card":"summary_large_image","twitter_creator":"@InformeLitoral","twitter_site":"@InformeLitoral","twitter_misc":{"Escrito por":"Gonzalo Schmidt","Tiempo de lectura":"5 minutos"},"schema":{"@context":"https:\/\/schema.org","@graph":[{"@type":"Article","@id":"https:\/\/informelitoral.com.ar\/dios-volvio-a-demostrar-que-es-argentino\/#article","isPartOf":{"@id":"https:\/\/informelitoral.com.ar\/dios-volvio-a-demostrar-que-es-argentino\/"},"author":{"name":"Gonzalo Schmidt","@id":"https:\/\/informelitoral.com.ar\/#\/schema\/person\/b9d00407c836482871ef1d57bf8e3180"},"headline":"Dios volvi\u00f3 a demostrar que es argentino","datePublished":"2015-11-23T16:47:03+00:00","dateModified":"2015-11-23T16:49:04+00:00","mainEntityOfPage":{"@id":"https:\/\/informelitoral.com.ar\/dios-volvio-a-demostrar-que-es-argentino\/"},"wordCount":989,"commentCount":0,"publisher":{"@id":"https:\/\/informelitoral.com.ar\/#organization"},"image":{"@id":"https:\/\/informelitoral.com.ar\/dios-volvio-a-demostrar-que-es-argentino\/#primaryimage"},"thumbnailUrl":"http:\/\/www.isletasnoticias.com.ar\/%77%70%2d%63%6f%6e%74%65%6e%74\/uploads\/2015\/11\/baby304-150x150.jpg","articleSection":["Opini\u00f3n","Politica"],"inLanguage":"es","potentialAction":[{"@type":"CommentAction","name":"Comment","target":["https:\/\/informelitoral.com.ar\/dios-volvio-a-demostrar-que-es-argentino\/#respond"]}]},{"@type":"WebPage","@id":"https:\/\/informelitoral.com.ar\/dios-volvio-a-demostrar-que-es-argentino\/","url":"https:\/\/informelitoral.com.ar\/dios-volvio-a-demostrar-que-es-argentino\/","name":"Dios volvi\u00f3 a demostrar que es argentino - Informe Litoral","isPartOf":{"@id":"https:\/\/informelitoral.com.ar\/#website"},"primaryImageOfPage":{"@id":"https:\/\/informelitoral.com.ar\/dios-volvio-a-demostrar-que-es-argentino\/#primaryimage"},"image":{"@id":"https:\/\/informelitoral.com.ar\/dios-volvio-a-demostrar-que-es-argentino\/#primaryimage"},"thumbnailUrl":"http:\/\/www.isletasnoticias.com.ar\/%77%70%2d%63%6f%6e%74%65%6e%74\/uploads\/2015\/11\/baby304-150x150.jpg","datePublished":"2015-11-23T16:47:03+00:00","dateModified":"2015-11-23T16:49:04+00:00","breadcrumb":{"@id":"https:\/\/informelitoral.com.ar\/dios-volvio-a-demostrar-que-es-argentino\/#breadcrumb"},"inLanguage":"es","potentialAction":[{"@type":"ReadAction","target":["https:\/\/informelitoral.com.ar\/dios-volvio-a-demostrar-que-es-argentino\/"]}]},{"@type":"ImageObject","inLanguage":"es","@id":"https:\/\/informelitoral.com.ar\/dios-volvio-a-demostrar-que-es-argentino\/#primaryimage","url":"http:\/\/www.isletasnoticias.com.ar\/%77%70%2d%63%6f%6e%74%65%6e%74\/uploads\/2015\/11\/baby304-150x150.jpg","contentUrl":"http:\/\/www.isletasnoticias.com.ar\/%77%70%2d%63%6f%6e%74%65%6e%74\/uploads\/2015\/11\/baby304-150x150.jpg"},{"@type":"BreadcrumbList","@id":"https:\/\/informelitoral.com.ar\/dios-volvio-a-demostrar-que-es-argentino\/#breadcrumb","itemListElement":[{"@type":"ListItem","position":1,"name":"Portada","item":"https:\/\/informelitoral.com.ar\/"},{"@type":"ListItem","position":2,"name":"Dios volvi\u00f3 a demostrar que es argentino"}]},{"@type":"WebSite","@id":"https:\/\/informelitoral.com.ar\/#website","url":"https:\/\/informelitoral.com.ar\/","name":"Informe Litoral","description":"&quot;Nos informamos&quot; ","publisher":{"@id":"https:\/\/informelitoral.com.ar\/#organization"},"potentialAction":[{"@type":"SearchAction","target":{"@type":"EntryPoint","urlTemplate":"https:\/\/informelitoral.com.ar\/?s={search_term_string}"},"query-input":{"@type":"PropertyValueSpecification","valueRequired":true,"valueName":"search_term_string"}}],"inLanguage":"es"},{"@type":"Organization","@id":"https:\/\/informelitoral.com.ar\/#organization","name":"Informe Litoral","url":"https:\/\/informelitoral.com.ar\/","logo":{"@type":"ImageObject","inLanguage":"es","@id":"https:\/\/informelitoral.com.ar\/#\/schema\/logo\/image\/","url":"https:\/\/informelitoral.com.ar\/%77%70%2d%63%6f%6e%74%65%6e%74\/uploads\/2021\/01\/circulo.png","contentUrl":"https:\/\/informelitoral.com.ar\/%77%70%2d%63%6f%6e%74%65%6e%74\/uploads\/2021\/01\/circulo.png","width":723,"height":731,"caption":"Informe Litoral"},"image":{"@id":"https:\/\/informelitoral.com.ar\/#\/schema\/logo\/image\/"},"sameAs":["https:\/\/www.facebook.com\/informelitoral\/","https:\/\/x.com\/InformeLitoral","https:\/\/www.instagram.com\/informelitoral\/","https:\/\/www.youtube.com\/channel\/UCua4Qvz8Icb6MYqhoq9xLXw"]},{"@type":"Person","@id":"https:\/\/informelitoral.com.ar\/#\/schema\/person\/b9d00407c836482871ef1d57bf8e3180","name":"Gonzalo Schmidt","image":{"@type":"ImageObject","inLanguage":"es","@id":"https:\/\/secure.gravatar.com\/avatar\/31a1a7b66ff2de83bd0e9fd79d026630d2d99e55e8bfe501287647b4fd9743de?s=96&d=mm&r=g","url":"https:\/\/secure.gravatar.com\/avatar\/31a1a7b66ff2de83bd0e9fd79d026630d2d99e55e8bfe501287647b4fd9743de?s=96&d=mm&r=g","contentUrl":"https:\/\/secure.gravatar.com\/avatar\/31a1a7b66ff2de83bd0e9fd79d026630d2d99e55e8bfe501287647b4fd9743de?s=96&d=mm&r=g","caption":"Gonzalo Schmidt"},"description":"Sitio web de noticias de la provincia de Entre R\u00edos, Argentina. Informaci\u00f3n y entretenimiento. Informe Litoral, nos informamos.","sameAs":["http:\/\/www.isletasnoticias.com.ar"],"url":"https:\/\/informelitoral.com.ar\/author\/gonzalo\/"}]}},"_links":{"self":[{"href":"https:\/\/informelitoral.com.ar\/%77%70%2d%6a%73%6f%6e\/wp\/v2\/posts\/12697","targetHints":{"allow":["GET"]}}],"collection":[{"href":"https:\/\/informelitoral.com.ar\/%77%70%2d%6a%73%6f%6e\/wp\/v2\/posts"}],"about":[{"href":"https:\/\/informelitoral.com.ar\/%77%70%2d%6a%73%6f%6e\/wp\/v2\/types\/post"}],"author":[{"embeddable":true,"href":"https:\/\/informelitoral.com.ar\/%77%70%2d%6a%73%6f%6e\/wp\/v2\/users\/2"}],"replies":[{"embeddable":true,"href":"https:\/\/informelitoral.com.ar\/%77%70%2d%6a%73%6f%6e\/wp\/v2\/comments?post=12697"}],"version-history":[{"count":0,"href":"https:\/\/informelitoral.com.ar\/%77%70%2d%6a%73%6f%6e\/wp\/v2\/posts\/12697\/revisions"}],"wp:attachment":[{"href":"https:\/\/informelitoral.com.ar\/%77%70%2d%6a%73%6f%6e\/wp\/v2\/media?parent=12697"}],"wp:term":[{"taxonomy":"category","embeddable":true,"href":"https:\/\/informelitoral.com.ar\/%77%70%2d%6a%73%6f%6e\/wp\/v2\/categories?post=12697"},{"taxonomy":"post_tag","embeddable":true,"href":"https:\/\/informelitoral.com.ar\/%77%70%2d%6a%73%6f%6e\/wp\/v2\/tags?post=12697"}],"curies":[{"name":"wp","href":"https:\/\/api.w.org\/{rel}","templated":true}]}}