{"id":125637,"date":"2023-03-12T17:55:22","date_gmt":"2023-03-12T20:55:22","guid":{"rendered":"https:\/\/www.informelitoral.com.ar\/?p=125637"},"modified":"2023-03-13T17:00:46","modified_gmt":"2023-03-13T20:00:46","slug":"ya-se-vive-la-tercera-jornada-del-ramirez-festeja-2023","status":"publish","type":"post","link":"https:\/\/informelitoral.com.ar\/ya-se-vive-la-tercera-jornada-del-ramirez-festeja-2023\/","title":{"rendered":"Ya se vive la tercera jornada del Ram\u00edrez Festeja 2023"},"content":{"rendered":"<p><strong>El R<em>am\u00edrez Festeja 2023<\/em> ya marca n\u00fameros r\u00e9cord porque en la noche del s\u00e1bado m\u00e1s de 12.000 personas se hicieron presentes en el Parque de la Democracia,<\/strong> seg\u00fan los n\u00fameros oficiales.<\/p>\n<p><a href=\"http:\/\/www.informelitoral.com.ar\/%77%70%2d%63%6f%6e%74%65%6e%74\/uploads\/2023\/03\/335629170_3388538464795347_6365439659968802776_n.jpg\"><img loading=\"lazy\" decoding=\"async\" class=\"aligncenter wp-image-125643 size-full\" src=\"http:\/\/www.informelitoral.com.ar\/%77%70%2d%63%6f%6e%74%65%6e%74\/uploads\/2023\/03\/335629170_3388538464795347_6365439659968802776_n.jpg\" alt=\"\" width=\"1920\" height=\"1280\" srcset=\"https:\/\/informelitoral.com.ar\/%77%70%2d%63%6f%6e%74%65%6e%74\/uploads\/2023\/03\/335629170_3388538464795347_6365439659968802776_n.jpg 1920w, https:\/\/informelitoral.com.ar\/%77%70%2d%63%6f%6e%74%65%6e%74\/uploads\/2023\/03\/335629170_3388538464795347_6365439659968802776_n-300x200.jpg 300w, https:\/\/informelitoral.com.ar\/%77%70%2d%63%6f%6e%74%65%6e%74\/uploads\/2023\/03\/335629170_3388538464795347_6365439659968802776_n-1024x683.jpg 1024w, https:\/\/informelitoral.com.ar\/%77%70%2d%63%6f%6e%74%65%6e%74\/uploads\/2023\/03\/335629170_3388538464795347_6365439659968802776_n-768x512.jpg 768w, https:\/\/informelitoral.com.ar\/%77%70%2d%63%6f%6e%74%65%6e%74\/uploads\/2023\/03\/335629170_3388538464795347_6365439659968802776_n-1536x1024.jpg 1536w, https:\/\/informelitoral.com.ar\/%77%70%2d%63%6f%6e%74%65%6e%74\/uploads\/2023\/03\/335629170_3388538464795347_6365439659968802776_n-696x464.jpg 696w, https:\/\/informelitoral.com.ar\/%77%70%2d%63%6f%6e%74%65%6e%74\/uploads\/2023\/03\/335629170_3388538464795347_6365439659968802776_n-1068x712.jpg 1068w, https:\/\/informelitoral.com.ar\/%77%70%2d%63%6f%6e%74%65%6e%74\/uploads\/2023\/03\/335629170_3388538464795347_6365439659968802776_n-630x420.jpg 630w\" sizes=\"auto, (max-width: 1920px) 100vw, 1920px\" \/><\/a><\/p>\n<p>Si bien el n\u00famero central fue el grupo<strong> La Contra,<\/strong> el p\u00fablico pudo disfrutar de artistas locales en una noche agradable, con algunos grados menos de temperatura comparado con los d\u00edas agobiantes que se viven.<\/p>\n<p><a href=\"http:\/\/www.informelitoral.com.ar\/%77%70%2d%63%6f%6e%74%65%6e%74\/uploads\/2023\/03\/335412763_2094285514093527_5272636040256791093_n.jpg\"><img loading=\"lazy\" decoding=\"async\" class=\"aligncenter wp-image-125641 size-full\" src=\"http:\/\/www.informelitoral.com.ar\/%77%70%2d%63%6f%6e%74%65%6e%74\/uploads\/2023\/03\/335412763_2094285514093527_5272636040256791093_n.jpg\" alt=\"\" width=\"1080\" height=\"606\" srcset=\"https:\/\/informelitoral.com.ar\/%77%70%2d%63%6f%6e%74%65%6e%74\/uploads\/2023\/03\/335412763_2094285514093527_5272636040256791093_n.jpg 1080w, https:\/\/informelitoral.com.ar\/%77%70%2d%63%6f%6e%74%65%6e%74\/uploads\/2023\/03\/335412763_2094285514093527_5272636040256791093_n-300x168.jpg 300w, https:\/\/informelitoral.com.ar\/%77%70%2d%63%6f%6e%74%65%6e%74\/uploads\/2023\/03\/335412763_2094285514093527_5272636040256791093_n-1024x575.jpg 1024w, https:\/\/informelitoral.com.ar\/%77%70%2d%63%6f%6e%74%65%6e%74\/uploads\/2023\/03\/335412763_2094285514093527_5272636040256791093_n-768x431.jpg 768w, https:\/\/informelitoral.com.ar\/%77%70%2d%63%6f%6e%74%65%6e%74\/uploads\/2023\/03\/335412763_2094285514093527_5272636040256791093_n-696x391.jpg 696w, https:\/\/informelitoral.com.ar\/%77%70%2d%63%6f%6e%74%65%6e%74\/uploads\/2023\/03\/335412763_2094285514093527_5272636040256791093_n-1068x599.jpg 1068w, https:\/\/informelitoral.com.ar\/%77%70%2d%63%6f%6e%74%65%6e%74\/uploads\/2023\/03\/335412763_2094285514093527_5272636040256791093_n-749x420.jpg 749w\" sizes=\"auto, (max-width: 1080px) 100vw, 1080px\" \/><\/a><\/p>\n<p>Para este noche las expectativas contin\u00faan altas, ya que el escenario se visti\u00f3 de m\u00fasica desde las 17 y continuar\u00e1 hasta pasada la medianoche con la presentaci\u00f3n de<strong> Ayhre.<\/strong><\/p>\n<p><a href=\"http:\/\/www.informelitoral.com.ar\/%77%70%2d%63%6f%6e%74%65%6e%74\/uploads\/2023\/03\/335005102_783762085986296_1852151654038112427_n.jpg\"><img loading=\"lazy\" decoding=\"async\" class=\"aligncenter wp-image-125640 size-full\" src=\"http:\/\/www.informelitoral.com.ar\/%77%70%2d%63%6f%6e%74%65%6e%74\/uploads\/2023\/03\/335005102_783762085986296_1852151654038112427_n.jpg\" alt=\"\" width=\"600\" height=\"337\" srcset=\"https:\/\/informelitoral.com.ar\/%77%70%2d%63%6f%6e%74%65%6e%74\/uploads\/2023\/03\/335005102_783762085986296_1852151654038112427_n.jpg 600w, https:\/\/informelitoral.com.ar\/%77%70%2d%63%6f%6e%74%65%6e%74\/uploads\/2023\/03\/335005102_783762085986296_1852151654038112427_n-300x169.jpg 300w\" sizes=\"auto, (max-width: 600px) 100vw, 600px\" \/><\/a><\/p>\n<h4><strong>Programa para este domingo 12:<\/strong><\/h4>\n<p><a href=\"http:\/\/www.informelitoral.com.ar\/%77%70%2d%63%6f%6e%74%65%6e%74\/uploads\/2023\/03\/311695997_662037662151594_418098842815664582_n.jpg\"><img loading=\"lazy\" decoding=\"async\" class=\"aligncenter wp-image-125347 size-full\" src=\"http:\/\/www.informelitoral.com.ar\/%77%70%2d%63%6f%6e%74%65%6e%74\/uploads\/2023\/03\/311695997_662037662151594_418098842815664582_n.jpg\" sizes=\"auto, (max-width: 1600px) 100vw, 1600px\" srcset=\"https:\/\/www.informelitoral.com.ar\/%77%70%2d%63%6f%6e%74%65%6e%74\/uploads\/2023\/03\/311695997_662037662151594_418098842815664582_n.jpg 1600w, https:\/\/www.informelitoral.com.ar\/%77%70%2d%63%6f%6e%74%65%6e%74\/uploads\/2023\/03\/311695997_662037662151594_418098842815664582_n-300x225.jpg 300w, https:\/\/www.informelitoral.com.ar\/%77%70%2d%63%6f%6e%74%65%6e%74\/uploads\/2023\/03\/311695997_662037662151594_418098842815664582_n-1024x768.jpg 1024w, https:\/\/www.informelitoral.com.ar\/%77%70%2d%63%6f%6e%74%65%6e%74\/uploads\/2023\/03\/311695997_662037662151594_418098842815664582_n-768x576.jpg 768w, https:\/\/www.informelitoral.com.ar\/%77%70%2d%63%6f%6e%74%65%6e%74\/uploads\/2023\/03\/311695997_662037662151594_418098842815664582_n-1536x1152.jpg 1536w, https:\/\/www.informelitoral.com.ar\/%77%70%2d%63%6f%6e%74%65%6e%74\/uploads\/2023\/03\/311695997_662037662151594_418098842815664582_n-696x522.jpg 696w, https:\/\/www.informelitoral.com.ar\/%77%70%2d%63%6f%6e%74%65%6e%74\/uploads\/2023\/03\/311695997_662037662151594_418098842815664582_n-1068x801.jpg 1068w, https:\/\/www.informelitoral.com.ar\/%77%70%2d%63%6f%6e%74%65%6e%74\/uploads\/2023\/03\/311695997_662037662151594_418098842815664582_n-560x420.jpg 560w, https:\/\/www.informelitoral.com.ar\/%77%70%2d%63%6f%6e%74%65%6e%74\/uploads\/2023\/03\/311695997_662037662151594_418098842815664582_n-80x60.jpg 80w, https:\/\/www.informelitoral.com.ar\/%77%70%2d%63%6f%6e%74%65%6e%74\/uploads\/2023\/03\/311695997_662037662151594_418098842815664582_n-265x198.jpg 265w\" alt=\"\" width=\"1600\" height=\"1200\" \/><\/a><\/p>\n<p>-15: Desfile de agrupaciones<\/p>\n<p>-17.00: Maia Videla y su conjunto<\/p>\n<p>-17.30: D\u00fao Enarmonia<\/p>\n<p>-18: Linares entrerrianos<\/p>\n<p>-18.30: Isletas Litoral<\/p>\n<p>-19: Revoluci\u00f3n Federal<\/p>\n<p>-19.20: Nuevo Encuentro (danzas)<\/p>\n<p>-19.50: Eclipse (danzas)<\/p>\n<p>-20.10: Toby Gim\u00e9nez<\/p>\n<p>-20.30: Nuvas Ra\u00edces (danzas)<\/p>\n<p>-20.40: Hera (danzas)<\/p>\n<p>-21: Los Lungos<\/p>\n<p>-21.25: Pitu Mart\u00ednez ritmos<\/p>\n<p>-21.40: La sin nombre<\/p>\n<p>-22: Ritmos latinos Laura Sandill\u00fa<\/p>\n<p>-22.15: Maravillas Alemanas<\/p>\n<p>-22.45: X- Pressi\u00f3n (danzas)<\/p>\n<p>-23: Litoral Tag\u00fc\u00e9<\/p>\n<p>-23.40: sorteos, autoridades, presentaci\u00f3n del nuevo logo<\/p>\n<p>-00:00: \u00a1Feliz cumple Ram\u00edrez!<\/p>\n<p>\u2013<strong>00.05: Ahyre<\/strong><\/p>\n<p>Todas las actividades son con entrada libre y gratuita, en el Parque de la Democracia. El evento es transmitido en vivo las tres noches a trav\u00e9s de <em>Canal 6 Entre R\u00edos TV <\/em>y el canal de cable local.<\/p>\n<h4><strong>Lunes feriado en la ciudad\u00a0<\/strong><\/h4>\n<p><strong>Este lunes 13 de marzo ser\u00e1 feriado en General Ram\u00edrez<\/strong>, por lo que las reparticiones municipales estar\u00e1n cerradas, al igual que la mayor\u00eda de los comercios, al menos durante mediod\u00eda y no habr\u00e1 recolecci\u00f3n de residuos.<\/p>\n<p>El <strong>acto oficial se realizar\u00e1 desde las 18.30<\/strong> frente al busco de Pancho Ram\u00edrez.<em> (Informe Litoral)<\/em><\/p>\n","protected":false},"excerpt":{"rendered":"<p>La noche del s\u00e1bado marc\u00f3 un r\u00e9cord con m\u00e1s de 12.000 personas. Para esta noche, el n\u00famero central ser\u00e1 Ahyre. Todo con entrada libre y gratuita. Este lunes es feriado en la ciudad por el 135 aniversario. <\/p>\n","protected":false},"author":2,"featured_media":125639,"comment_status":"open","ping_status":"open","sticky":false,"template":"","format":"standard","meta":{"fifu_image_url":"","fifu_image_alt":"","footnotes":""},"categories":[5],"tags":[556,27,1286],"class_list":{"0":"post-125637","1":"post","2":"type-post","3":"status-publish","4":"format-standard","5":"has-post-thumbnail","7":"category-zonales","8":"tag-general-ramirez","9":"tag-ramirez","10":"tag-ramirez-festeja"},"yoast_head":"<title>Ya se vive la tercera jornada del Ram\u00edrez Festeja 2023 - Informe Litoral<\/title>\n<meta name=\"robots\" content=\"index, follow, max-snippet:-1, max-image-preview:large, max-video-preview:-1\" \/>\n<link rel=\"canonical\" href=\"https:\/\/informelitoral.com.ar\/ya-se-vive-la-tercera-jornada-del-ramirez-festeja-2023\/\" \/>\n<meta property=\"og:locale\" content=\"es_ES\" \/>\n<meta property=\"og:type\" content=\"article\" \/>\n<meta property=\"og:title\" content=\"Ya se vive la tercera jornada del Ram\u00edrez Festeja 2023 - Informe Litoral\" \/>\n<meta property=\"og:description\" content=\"La noche del s\u00e1bado marc\u00f3 un r\u00e9cord con m\u00e1s de 12.000 personas. Para esta noche, el n\u00famero central ser\u00e1 Ahyre. Todo con entrada libre y gratuita. Este lunes es feriado en la ciudad por el 135 aniversario.\" \/>\n<meta property=\"og:url\" content=\"https:\/\/informelitoral.com.ar\/ya-se-vive-la-tercera-jornada-del-ramirez-festeja-2023\/\" \/>\n<meta property=\"og:site_name\" content=\"Informe Litoral\" \/>\n<meta property=\"article:publisher\" content=\"https:\/\/www.facebook.com\/informelitoral\/\" \/>\n<meta property=\"article:published_time\" content=\"2023-03-12T20:55:22+00:00\" \/>\n<meta property=\"article:modified_time\" content=\"2023-03-13T20:00:46+00:00\" \/>\n<meta property=\"og:image\" content=\"https:\/\/informelitoral.com.ar\/%77%70%2d%63%6f%6e%74%65%6e%74\/uploads\/2023\/03\/333544923_1592059664642059_6599130094679206201_n.jpg\" \/>\n\t<meta property=\"og:image:width\" content=\"1024\" \/>\n\t<meta property=\"og:image:height\" content=\"768\" \/>\n\t<meta property=\"og:image:type\" content=\"image\/jpeg\" \/>\n<meta name=\"author\" content=\"Gonzalo Schmidt\" \/>\n<meta name=\"twitter:card\" content=\"summary_large_image\" \/>\n<meta name=\"twitter:creator\" content=\"@InformeLitoral\" \/>\n<meta name=\"twitter:site\" content=\"@InformeLitoral\" \/>\n<meta name=\"twitter:label1\" content=\"Escrito por\" \/>\n\t<meta name=\"twitter:data1\" content=\"Gonzalo Schmidt\" \/>\n\t<meta name=\"twitter:label2\" content=\"Tiempo de lectura\" \/>\n\t<meta name=\"twitter:data2\" content=\"1 minuto\" \/>\n<script type=\"application\/ld+json\" class=\"yoast-schema-graph\">{\"@context\":\"https:\\\/\\\/schema.org\",\"@graph\":[{\"@type\":\"Article\",\"@id\":\"https:\\\/\\\/informelitoral.com.ar\\\/ya-se-vive-la-tercera-jornada-del-ramirez-festeja-2023\\\/#article\",\"isPartOf\":{\"@id\":\"https:\\\/\\\/informelitoral.com.ar\\\/ya-se-vive-la-tercera-jornada-del-ramirez-festeja-2023\\\/\"},\"author\":{\"name\":\"Gonzalo Schmidt\",\"@id\":\"https:\\\/\\\/informelitoral.com.ar\\\/#\\\/schema\\\/person\\\/b9d00407c836482871ef1d57bf8e3180\"},\"headline\":\"Ya se vive la tercera jornada del Ram\u00edrez Festeja 2023\",\"datePublished\":\"2023-03-12T20:55:22+00:00\",\"dateModified\":\"2023-03-13T20:00:46+00:00\",\"mainEntityOfPage\":{\"@id\":\"https:\\\/\\\/informelitoral.com.ar\\\/ya-se-vive-la-tercera-jornada-del-ramirez-festeja-2023\\\/\"},\"wordCount\":304,\"commentCount\":0,\"publisher\":{\"@id\":\"https:\\\/\\\/informelitoral.com.ar\\\/#organization\"},\"image\":{\"@id\":\"https:\\\/\\\/informelitoral.com.ar\\\/ya-se-vive-la-tercera-jornada-del-ramirez-festeja-2023\\\/#primaryimage\"},\"thumbnailUrl\":\"https:\\\/\\\/informelitoral.com.ar\\\/%77%70%2d%63%6f%6e%74%65%6e%74\\\/uploads\\\/2023\\\/03\\\/333544923_1592059664642059_6599130094679206201_n.jpg\",\"keywords\":[\"General Ram\u00edrez\",\"Ram\u00edrez\",\"Ram\u00edrez Festeja\"],\"articleSection\":[\"Departamento Diamante\"],\"inLanguage\":\"es\",\"potentialAction\":[{\"@type\":\"CommentAction\",\"name\":\"Comment\",\"target\":[\"https:\\\/\\\/informelitoral.com.ar\\\/ya-se-vive-la-tercera-jornada-del-ramirez-festeja-2023\\\/#respond\"]}]},{\"@type\":\"WebPage\",\"@id\":\"https:\\\/\\\/informelitoral.com.ar\\\/ya-se-vive-la-tercera-jornada-del-ramirez-festeja-2023\\\/\",\"url\":\"https:\\\/\\\/informelitoral.com.ar\\\/ya-se-vive-la-tercera-jornada-del-ramirez-festeja-2023\\\/\",\"name\":\"Ya se vive la tercera jornada del Ram\u00edrez Festeja 2023 - Informe Litoral\",\"isPartOf\":{\"@id\":\"https:\\\/\\\/informelitoral.com.ar\\\/#website\"},\"primaryImageOfPage\":{\"@id\":\"https:\\\/\\\/informelitoral.com.ar\\\/ya-se-vive-la-tercera-jornada-del-ramirez-festeja-2023\\\/#primaryimage\"},\"image\":{\"@id\":\"https:\\\/\\\/informelitoral.com.ar\\\/ya-se-vive-la-tercera-jornada-del-ramirez-festeja-2023\\\/#primaryimage\"},\"thumbnailUrl\":\"https:\\\/\\\/informelitoral.com.ar\\\/%77%70%2d%63%6f%6e%74%65%6e%74\\\/uploads\\\/2023\\\/03\\\/333544923_1592059664642059_6599130094679206201_n.jpg\",\"datePublished\":\"2023-03-12T20:55:22+00:00\",\"dateModified\":\"2023-03-13T20:00:46+00:00\",\"breadcrumb\":{\"@id\":\"https:\\\/\\\/informelitoral.com.ar\\\/ya-se-vive-la-tercera-jornada-del-ramirez-festeja-2023\\\/#breadcrumb\"},\"inLanguage\":\"es\",\"potentialAction\":[{\"@type\":\"ReadAction\",\"target\":[\"https:\\\/\\\/informelitoral.com.ar\\\/ya-se-vive-la-tercera-jornada-del-ramirez-festeja-2023\\\/\"]}]},{\"@type\":\"ImageObject\",\"inLanguage\":\"es\",\"@id\":\"https:\\\/\\\/informelitoral.com.ar\\\/ya-se-vive-la-tercera-jornada-del-ramirez-festeja-2023\\\/#primaryimage\",\"url\":\"https:\\\/\\\/informelitoral.com.ar\\\/%77%70%2d%63%6f%6e%74%65%6e%74\\\/uploads\\\/2023\\\/03\\\/333544923_1592059664642059_6599130094679206201_n.jpg\",\"contentUrl\":\"https:\\\/\\\/informelitoral.com.ar\\\/%77%70%2d%63%6f%6e%74%65%6e%74\\\/uploads\\\/2023\\\/03\\\/333544923_1592059664642059_6599130094679206201_n.jpg\",\"width\":1024,\"height\":768},{\"@type\":\"BreadcrumbList\",\"@id\":\"https:\\\/\\\/informelitoral.com.ar\\\/ya-se-vive-la-tercera-jornada-del-ramirez-festeja-2023\\\/#breadcrumb\",\"itemListElement\":[{\"@type\":\"ListItem\",\"position\":1,\"name\":\"Portada\",\"item\":\"https:\\\/\\\/informelitoral.com.ar\\\/\"},{\"@type\":\"ListItem\",\"position\":2,\"name\":\"Ya se vive la tercera jornada del Ram\u00edrez Festeja 2023\"}]},{\"@type\":\"WebSite\",\"@id\":\"https:\\\/\\\/informelitoral.com.ar\\\/#website\",\"url\":\"https:\\\/\\\/informelitoral.com.ar\\\/\",\"name\":\"Informe Litoral\",\"description\":\"&quot;Nos informamos&quot; \",\"publisher\":{\"@id\":\"https:\\\/\\\/informelitoral.com.ar\\\/#organization\"},\"potentialAction\":[{\"@type\":\"SearchAction\",\"target\":{\"@type\":\"EntryPoint\",\"urlTemplate\":\"https:\\\/\\\/informelitoral.com.ar\\\/?s={search_term_string}\"},\"query-input\":{\"@type\":\"PropertyValueSpecification\",\"valueRequired\":true,\"valueName\":\"search_term_string\"}}],\"inLanguage\":\"es\"},{\"@type\":\"Organization\",\"@id\":\"https:\\\/\\\/informelitoral.com.ar\\\/#organization\",\"name\":\"Informe Litoral\",\"url\":\"https:\\\/\\\/informelitoral.com.ar\\\/\",\"logo\":{\"@type\":\"ImageObject\",\"inLanguage\":\"es\",\"@id\":\"https:\\\/\\\/informelitoral.com.ar\\\/#\\\/schema\\\/logo\\\/image\\\/\",\"url\":\"https:\\\/\\\/informelitoral.com.ar\\\/%77%70%2d%63%6f%6e%74%65%6e%74\\\/uploads\\\/2021\\\/01\\\/circulo.png\",\"contentUrl\":\"https:\\\/\\\/informelitoral.com.ar\\\/%77%70%2d%63%6f%6e%74%65%6e%74\\\/uploads\\\/2021\\\/01\\\/circulo.png\",\"width\":723,\"height\":731,\"caption\":\"Informe Litoral\"},\"image\":{\"@id\":\"https:\\\/\\\/informelitoral.com.ar\\\/#\\\/schema\\\/logo\\\/image\\\/\"},\"sameAs\":[\"https:\\\/\\\/www.facebook.com\\\/informelitoral\\\/\",\"https:\\\/\\\/x.com\\\/InformeLitoral\",\"https:\\\/\\\/www.instagram.com\\\/informelitoral\\\/\",\"https:\\\/\\\/www.youtube.com\\\/channel\\\/UCua4Qvz8Icb6MYqhoq9xLXw\"]},{\"@type\":\"Person\",\"@id\":\"https:\\\/\\\/informelitoral.com.ar\\\/#\\\/schema\\\/person\\\/b9d00407c836482871ef1d57bf8e3180\",\"name\":\"Gonzalo Schmidt\",\"image\":{\"@type\":\"ImageObject\",\"inLanguage\":\"es\",\"@id\":\"https:\\\/\\\/secure.gravatar.com\\\/avatar\\\/31a1a7b66ff2de83bd0e9fd79d026630d2d99e55e8bfe501287647b4fd9743de?s=96&d=mm&r=g\",\"url\":\"https:\\\/\\\/secure.gravatar.com\\\/avatar\\\/31a1a7b66ff2de83bd0e9fd79d026630d2d99e55e8bfe501287647b4fd9743de?s=96&d=mm&r=g\",\"contentUrl\":\"https:\\\/\\\/secure.gravatar.com\\\/avatar\\\/31a1a7b66ff2de83bd0e9fd79d026630d2d99e55e8bfe501287647b4fd9743de?s=96&d=mm&r=g\",\"caption\":\"Gonzalo Schmidt\"},\"description\":\"Sitio web de noticias de la provincia de Entre R\u00edos, Argentina. Informaci\u00f3n y entretenimiento. Informe Litoral, nos informamos.\",\"sameAs\":[\"http:\\\/\\\/www.isletasnoticias.com.ar\"],\"url\":\"https:\\\/\\\/informelitoral.com.ar\\\/author\\\/gonzalo\\\/\"}]}<\/script>","yoast_head_json":{"title":"Ya se vive la tercera jornada del Ram\u00edrez Festeja 2023 - Informe Litoral","robots":{"index":"index","follow":"follow","max-snippet":"max-snippet:-1","max-image-preview":"max-image-preview:large","max-video-preview":"max-video-preview:-1"},"canonical":"https:\/\/informelitoral.com.ar\/ya-se-vive-la-tercera-jornada-del-ramirez-festeja-2023\/","og_locale":"es_ES","og_type":"article","og_title":"Ya se vive la tercera jornada del Ram\u00edrez Festeja 2023 - Informe Litoral","og_description":"La noche del s\u00e1bado marc\u00f3 un r\u00e9cord con m\u00e1s de 12.000 personas. Para esta noche, el n\u00famero central ser\u00e1 Ahyre. Todo con entrada libre y gratuita. Este lunes es feriado en la ciudad por el 135 aniversario.","og_url":"https:\/\/informelitoral.com.ar\/ya-se-vive-la-tercera-jornada-del-ramirez-festeja-2023\/","og_site_name":"Informe Litoral","article_publisher":"https:\/\/www.facebook.com\/informelitoral\/","article_published_time":"2023-03-12T20:55:22+00:00","article_modified_time":"2023-03-13T20:00:46+00:00","og_image":[{"width":1024,"height":768,"url":"https:\/\/informelitoral.com.ar\/%77%70%2d%63%6f%6e%74%65%6e%74\/uploads\/2023\/03\/333544923_1592059664642059_6599130094679206201_n.jpg","type":"image\/jpeg"}],"author":"Gonzalo Schmidt","twitter_card":"summary_large_image","twitter_creator":"@InformeLitoral","twitter_site":"@InformeLitoral","twitter_misc":{"Escrito por":"Gonzalo Schmidt","Tiempo de lectura":"1 minuto"},"schema":{"@context":"https:\/\/schema.org","@graph":[{"@type":"Article","@id":"https:\/\/informelitoral.com.ar\/ya-se-vive-la-tercera-jornada-del-ramirez-festeja-2023\/#article","isPartOf":{"@id":"https:\/\/informelitoral.com.ar\/ya-se-vive-la-tercera-jornada-del-ramirez-festeja-2023\/"},"author":{"name":"Gonzalo Schmidt","@id":"https:\/\/informelitoral.com.ar\/#\/schema\/person\/b9d00407c836482871ef1d57bf8e3180"},"headline":"Ya se vive la tercera jornada del Ram\u00edrez Festeja 2023","datePublished":"2023-03-12T20:55:22+00:00","dateModified":"2023-03-13T20:00:46+00:00","mainEntityOfPage":{"@id":"https:\/\/informelitoral.com.ar\/ya-se-vive-la-tercera-jornada-del-ramirez-festeja-2023\/"},"wordCount":304,"commentCount":0,"publisher":{"@id":"https:\/\/informelitoral.com.ar\/#organization"},"image":{"@id":"https:\/\/informelitoral.com.ar\/ya-se-vive-la-tercera-jornada-del-ramirez-festeja-2023\/#primaryimage"},"thumbnailUrl":"https:\/\/informelitoral.com.ar\/%77%70%2d%63%6f%6e%74%65%6e%74\/uploads\/2023\/03\/333544923_1592059664642059_6599130094679206201_n.jpg","keywords":["General Ram\u00edrez","Ram\u00edrez","Ram\u00edrez Festeja"],"articleSection":["Departamento Diamante"],"inLanguage":"es","potentialAction":[{"@type":"CommentAction","name":"Comment","target":["https:\/\/informelitoral.com.ar\/ya-se-vive-la-tercera-jornada-del-ramirez-festeja-2023\/#respond"]}]},{"@type":"WebPage","@id":"https:\/\/informelitoral.com.ar\/ya-se-vive-la-tercera-jornada-del-ramirez-festeja-2023\/","url":"https:\/\/informelitoral.com.ar\/ya-se-vive-la-tercera-jornada-del-ramirez-festeja-2023\/","name":"Ya se vive la tercera jornada del Ram\u00edrez Festeja 2023 - Informe Litoral","isPartOf":{"@id":"https:\/\/informelitoral.com.ar\/#website"},"primaryImageOfPage":{"@id":"https:\/\/informelitoral.com.ar\/ya-se-vive-la-tercera-jornada-del-ramirez-festeja-2023\/#primaryimage"},"image":{"@id":"https:\/\/informelitoral.com.ar\/ya-se-vive-la-tercera-jornada-del-ramirez-festeja-2023\/#primaryimage"},"thumbnailUrl":"https:\/\/informelitoral.com.ar\/%77%70%2d%63%6f%6e%74%65%6e%74\/uploads\/2023\/03\/333544923_1592059664642059_6599130094679206201_n.jpg","datePublished":"2023-03-12T20:55:22+00:00","dateModified":"2023-03-13T20:00:46+00:00","breadcrumb":{"@id":"https:\/\/informelitoral.com.ar\/ya-se-vive-la-tercera-jornada-del-ramirez-festeja-2023\/#breadcrumb"},"inLanguage":"es","potentialAction":[{"@type":"ReadAction","target":["https:\/\/informelitoral.com.ar\/ya-se-vive-la-tercera-jornada-del-ramirez-festeja-2023\/"]}]},{"@type":"ImageObject","inLanguage":"es","@id":"https:\/\/informelitoral.com.ar\/ya-se-vive-la-tercera-jornada-del-ramirez-festeja-2023\/#primaryimage","url":"https:\/\/informelitoral.com.ar\/%77%70%2d%63%6f%6e%74%65%6e%74\/uploads\/2023\/03\/333544923_1592059664642059_6599130094679206201_n.jpg","contentUrl":"https:\/\/informelitoral.com.ar\/%77%70%2d%63%6f%6e%74%65%6e%74\/uploads\/2023\/03\/333544923_1592059664642059_6599130094679206201_n.jpg","width":1024,"height":768},{"@type":"BreadcrumbList","@id":"https:\/\/informelitoral.com.ar\/ya-se-vive-la-tercera-jornada-del-ramirez-festeja-2023\/#breadcrumb","itemListElement":[{"@type":"ListItem","position":1,"name":"Portada","item":"https:\/\/informelitoral.com.ar\/"},{"@type":"ListItem","position":2,"name":"Ya se vive la tercera jornada del Ram\u00edrez Festeja 2023"}]},{"@type":"WebSite","@id":"https:\/\/informelitoral.com.ar\/#website","url":"https:\/\/informelitoral.com.ar\/","name":"Informe Litoral","description":"&quot;Nos informamos&quot; ","publisher":{"@id":"https:\/\/informelitoral.com.ar\/#organization"},"potentialAction":[{"@type":"SearchAction","target":{"@type":"EntryPoint","urlTemplate":"https:\/\/informelitoral.com.ar\/?s={search_term_string}"},"query-input":{"@type":"PropertyValueSpecification","valueRequired":true,"valueName":"search_term_string"}}],"inLanguage":"es"},{"@type":"Organization","@id":"https:\/\/informelitoral.com.ar\/#organization","name":"Informe Litoral","url":"https:\/\/informelitoral.com.ar\/","logo":{"@type":"ImageObject","inLanguage":"es","@id":"https:\/\/informelitoral.com.ar\/#\/schema\/logo\/image\/","url":"https:\/\/informelitoral.com.ar\/%77%70%2d%63%6f%6e%74%65%6e%74\/uploads\/2021\/01\/circulo.png","contentUrl":"https:\/\/informelitoral.com.ar\/%77%70%2d%63%6f%6e%74%65%6e%74\/uploads\/2021\/01\/circulo.png","width":723,"height":731,"caption":"Informe Litoral"},"image":{"@id":"https:\/\/informelitoral.com.ar\/#\/schema\/logo\/image\/"},"sameAs":["https:\/\/www.facebook.com\/informelitoral\/","https:\/\/x.com\/InformeLitoral","https:\/\/www.instagram.com\/informelitoral\/","https:\/\/www.youtube.com\/channel\/UCua4Qvz8Icb6MYqhoq9xLXw"]},{"@type":"Person","@id":"https:\/\/informelitoral.com.ar\/#\/schema\/person\/b9d00407c836482871ef1d57bf8e3180","name":"Gonzalo Schmidt","image":{"@type":"ImageObject","inLanguage":"es","@id":"https:\/\/secure.gravatar.com\/avatar\/31a1a7b66ff2de83bd0e9fd79d026630d2d99e55e8bfe501287647b4fd9743de?s=96&d=mm&r=g","url":"https:\/\/secure.gravatar.com\/avatar\/31a1a7b66ff2de83bd0e9fd79d026630d2d99e55e8bfe501287647b4fd9743de?s=96&d=mm&r=g","contentUrl":"https:\/\/secure.gravatar.com\/avatar\/31a1a7b66ff2de83bd0e9fd79d026630d2d99e55e8bfe501287647b4fd9743de?s=96&d=mm&r=g","caption":"Gonzalo Schmidt"},"description":"Sitio web de noticias de la provincia de Entre R\u00edos, Argentina. Informaci\u00f3n y entretenimiento. Informe Litoral, nos informamos.","sameAs":["http:\/\/www.isletasnoticias.com.ar"],"url":"https:\/\/informelitoral.com.ar\/author\/gonzalo\/"}]}},"_links":{"self":[{"href":"https:\/\/informelitoral.com.ar\/%77%70%2d%6a%73%6f%6e\/wp\/v2\/posts\/125637","targetHints":{"allow":["GET"]}}],"collection":[{"href":"https:\/\/informelitoral.com.ar\/%77%70%2d%6a%73%6f%6e\/wp\/v2\/posts"}],"about":[{"href":"https:\/\/informelitoral.com.ar\/%77%70%2d%6a%73%6f%6e\/wp\/v2\/types\/post"}],"author":[{"embeddable":true,"href":"https:\/\/informelitoral.com.ar\/%77%70%2d%6a%73%6f%6e\/wp\/v2\/users\/2"}],"replies":[{"embeddable":true,"href":"https:\/\/informelitoral.com.ar\/%77%70%2d%6a%73%6f%6e\/wp\/v2\/comments?post=125637"}],"version-history":[{"count":0,"href":"https:\/\/informelitoral.com.ar\/%77%70%2d%6a%73%6f%6e\/wp\/v2\/posts\/125637\/revisions"}],"wp:featuredmedia":[{"embeddable":true,"href":"https:\/\/informelitoral.com.ar\/%77%70%2d%6a%73%6f%6e\/wp\/v2\/media\/125639"}],"wp:attachment":[{"href":"https:\/\/informelitoral.com.ar\/%77%70%2d%6a%73%6f%6e\/wp\/v2\/media?parent=125637"}],"wp:term":[{"taxonomy":"category","embeddable":true,"href":"https:\/\/informelitoral.com.ar\/%77%70%2d%6a%73%6f%6e\/wp\/v2\/categories?post=125637"},{"taxonomy":"post_tag","embeddable":true,"href":"https:\/\/informelitoral.com.ar\/%77%70%2d%6a%73%6f%6e\/wp\/v2\/tags?post=125637"}],"curies":[{"name":"wp","href":"https:\/\/api.w.org\/{rel}","templated":true}]}}