{"id":125581,"date":"2023-03-10T11:22:53","date_gmt":"2023-03-10T14:22:53","guid":{"rendered":"https:\/\/www.informelitoral.com.ar\/?p=125581"},"modified":"2023-03-10T11:25:40","modified_gmt":"2023-03-10T14:25:40","slug":"empresas-estadounidenses-visitaran-entre-rios-para-incrementar-el-comercio-bilateral-y-desarrollar-inversiones","status":"publish","type":"post","link":"https:\/\/informelitoral.com.ar\/empresas-estadounidenses-visitaran-entre-rios-para-incrementar-el-comercio-bilateral-y-desarrollar-inversiones\/","title":{"rendered":"Empresas estadounidenses visitar\u00e1n Entre R\u00edos para incrementar el comercio bilateral y desarrollar inversiones"},"content":{"rendered":"<p>\u201cHemos tenido una actividad realmente muy intensa en la ciudad de Washington\u201d, explic\u00f3 Bordet en referencia a la primera jornada de la misi\u00f3n comercial en Estados Unidos, financiada por el Consejo Federal de Inversiones (CFI). Record\u00f3 que \u201cestamos programando una misi\u00f3n comercial con empresas de Estados Unidos en Entre R\u00edos\u201d, y que \u201cse buscar\u00e1n las contrapartes (de la provincia) para realizar buenas oportunidades de negocios y generar una ampliaci\u00f3n de nuestra oferta exportable\u201d.<\/p>\n<p>Acompa\u00f1ado por el ministro de Econom\u00eda y Producci\u00f3n, Hugo Ballay, Bordet cont\u00f3 que \u201cestuvimos reunidos, primero, con la directora Ejecutiva de la C\u00e1mara de Comercio de Estados Unidos, Isabel Quiroz\u201d, y que se trata de \u201cuna entidad muy grande en este pa\u00eds, que nuclea a todas las peque\u00f1as, medianas y grandes empresas\u201d. La finalidad de la reuni\u00f3n fue \u201cinteresar, y que puedan participar, la mayor parte de sus afiliados en esta misi\u00f3n comercial\u201d, a\u00f1adi\u00f3.<\/p>\n<p>Por otra parte, el mandatario entrerriano se refiri\u00f3 a la reuni\u00f3n que desarroll\u00f3 con el l\u00edder Dem\u00f3crata en la C\u00e1mara de Representantes de los Estados Unidos, Hakeem Jeffries. \u201cManifestamos la posibilidad de tener una representaci\u00f3n de congresistas dentro de esta misi\u00f3n comercial\u201d, explic\u00f3.<\/p>\n<p>\u201cLuego mantuvimos un encuentro con el director de la oficina para Am\u00e9rica Latina y el Caribe del Departamento de Comercio de los Estados Unidos, Alex Preacher\u201d, indic\u00f3 Bordet. El funcionario norteamericano expres\u00f3 su \u201ccolaboraci\u00f3n y cooperaci\u00f3n para articular con la C\u00e1mara de Comercio la posibilidad de que empresarios de Estados Unidos puedan participar\u201d, dijo en referencia a la misi\u00f3n que se realizar\u00e1 en el territorio de la provincia.<\/p>\n<p>Por \u00faltimo, el gobernador habl\u00f3 de la reuni\u00f3n que llev\u00f3 a cabo con el gerente del Sector de Integraci\u00f3n y Comercio del Banco Interamericano de Desarrollo (BID), Fabrizio Opertti.<\/p>\n<p>\u201cEl BID que es quien financia esta misi\u00f3n inversa\u201d, aclar\u00f3 Bordet, y revel\u00f3 que durante la reuni\u00f3n se avanz\u00f3 en detalles t\u00e9cnicos \u201cpara que en el mes de junio podamos estar trabajando en las contrapartes tanto de Estados Unidos como de Entre R\u00edos en el desarrollo de oportunidades de ventas de nuestros productores, comerciantes, industriales\u201d.<\/p>\n<p>Adem\u00e1s, la misi\u00f3n inversa permitir\u00e1 \u201ctener acceso al conocimiento, a la investigaci\u00f3n, a la innovaci\u00f3n\u201d, de las contrapartes estadunidenses, explic\u00f3 el mandatario, y destac\u00f3 la posibilidad de \u201cadquisici\u00f3n de bienes de capital para mejorar y agregar eslabones en la cadena de producci\u00f3n\u201d.<\/p>\n<p>\u201cEstos fueron algunos de los temas que abordamos en una intensa jornada de trabajo en Washington que, esperamos, nos permita concretar esta misi\u00f3n comercial, la segunda que realizaremos en Entre R\u00edos con un financiamiento \u00edntegro del BID\u201d, concluy\u00f3 el mandatario.<\/p>\n<p>El mandatario entrerriano, junto al titular de la cartera econ\u00f3mica provincial y el secretario de Agricultura, Ganader\u00eda y Pesca de la Naci\u00f3n, Juan Jos\u00e9 Bahillo fueron recibidos el mi\u00e9rcoles por el embajador argentino en Estados Unidos, Jorge Arg\u00fcello. La embajada, y puntualmente el consulado argentino en Washington, trabajaron en el dise\u00f1o de la agenda de reuniones que mantendr\u00e1n las autoridades de la provincia con funcionarios y empresarios de los Estados Unidos.<\/p>\n<p>Sobre la misi\u00f3n inversa<\/p>\n<p>La misi\u00f3n comercial inversa se realizar\u00e1 en el mes de junio en Entre R\u00edos. Reunir\u00e1 a una delegaci\u00f3n de representantes de empresas estadounidenses, l\u00edderes corporativos y funcionarios del gobierno de Estados Unidos, con el objetivo desarrollar y consolidar oportunidades de negocios internacionales bilaterales.<\/p>\n<p>La misi\u00f3n comercial buscar\u00e1 adem\u00e1s mostrar las oportunidades de negocio internacionales que presenta Entre R\u00edos, dar a conocer sus econom\u00edas regionales y desarrollar una red de contactos que ser\u00e1n clave para identificar potenciales alianzas de mutuo beneficio, penetrar nuevos mercados para sus productos, ampliar la base de las exportaciones y as\u00ed contribuir al desarrollo local, a la generaci\u00f3n de trabajo y la consolidaci\u00f3n de industria.<\/p>\n","protected":false},"excerpt":{"rendered":"<p>El gobernador Gustavo Bordet avanz\u00f3 con autoridades y empresarios de los Estados Unidos en los detalles de la misi\u00f3n comercial inversa que realizar\u00e1n durante junio empresas de ese pa\u00eds en Entre R\u00edos. El objetivo es \u201cgenerar una ampliaci\u00f3n de nuestra oferta exportable\u201d, afirm\u00f3.<\/p>\n","protected":false},"author":8,"featured_media":125573,"comment_status":"open","ping_status":"open","sticky":false,"template":"","format":"standard","meta":{"fifu_image_url":"","fifu_image_alt":"","footnotes":""},"categories":[6],"tags":[167],"class_list":{"0":"post-125581","1":"post","2":"type-post","3":"status-publish","4":"format-standard","5":"has-post-thumbnail","7":"category-entre-rios","8":"tag-gustavo-bordet"},"yoast_head":"<title>Empresas estadounidenses visitar\u00e1n Entre R\u00edos para incrementar el comercio bilateral y desarrollar inversiones - Informe Litoral<\/title>\n<meta name=\"robots\" content=\"index, follow, max-snippet:-1, max-image-preview:large, max-video-preview:-1\" \/>\n<link rel=\"canonical\" href=\"https:\/\/informelitoral.com.ar\/empresas-estadounidenses-visitaran-entre-rios-para-incrementar-el-comercio-bilateral-y-desarrollar-inversiones\/\" \/>\n<meta property=\"og:locale\" content=\"es_ES\" \/>\n<meta property=\"og:type\" content=\"article\" \/>\n<meta property=\"og:title\" content=\"Empresas estadounidenses visitar\u00e1n Entre R\u00edos para incrementar el comercio bilateral y desarrollar inversiones - Informe Litoral\" \/>\n<meta property=\"og:description\" content=\"El gobernador Gustavo Bordet avanz\u00f3 con autoridades y empresarios de los Estados Unidos en los detalles de la misi\u00f3n comercial inversa que realizar\u00e1n durante junio empresas de ese pa\u00eds en Entre R\u00edos. El objetivo es \u201cgenerar una ampliaci\u00f3n de nuestra oferta exportable\u201d, afirm\u00f3.\" \/>\n<meta property=\"og:url\" content=\"https:\/\/informelitoral.com.ar\/empresas-estadounidenses-visitaran-entre-rios-para-incrementar-el-comercio-bilateral-y-desarrollar-inversiones\/\" \/>\n<meta property=\"og:site_name\" content=\"Informe Litoral\" \/>\n<meta property=\"article:publisher\" content=\"https:\/\/www.facebook.com\/informelitoral\/\" \/>\n<meta property=\"article:published_time\" content=\"2023-03-10T14:22:53+00:00\" \/>\n<meta property=\"article:modified_time\" content=\"2023-03-10T14:25:40+00:00\" \/>\n<meta property=\"og:image\" content=\"https:\/\/informelitoral.com.ar\/%77%70%2d%63%6f%6e%74%65%6e%74\/uploads\/2023\/03\/p_1678455618.jpeg\" \/>\n\t<meta property=\"og:image:width\" content=\"1920\" \/>\n\t<meta property=\"og:image:height\" content=\"800\" \/>\n\t<meta property=\"og:image:type\" content=\"image\/jpeg\" \/>\n<meta name=\"author\" content=\"Sebastian\" \/>\n<meta name=\"twitter:card\" content=\"summary_large_image\" \/>\n<meta name=\"twitter:creator\" content=\"@InformeLitoral\" \/>\n<meta name=\"twitter:site\" content=\"@InformeLitoral\" \/>\n<meta name=\"twitter:label1\" content=\"Escrito por\" \/>\n\t<meta name=\"twitter:data1\" content=\"Sebastian\" \/>\n\t<meta name=\"twitter:label2\" content=\"Tiempo de lectura\" \/>\n\t<meta name=\"twitter:data2\" content=\"3 minutos\" \/>\n<script type=\"application\/ld+json\" class=\"yoast-schema-graph\">{\"@context\":\"https:\\\/\\\/schema.org\",\"@graph\":[{\"@type\":\"Article\",\"@id\":\"https:\\\/\\\/informelitoral.com.ar\\\/empresas-estadounidenses-visitaran-entre-rios-para-incrementar-el-comercio-bilateral-y-desarrollar-inversiones\\\/#article\",\"isPartOf\":{\"@id\":\"https:\\\/\\\/informelitoral.com.ar\\\/empresas-estadounidenses-visitaran-entre-rios-para-incrementar-el-comercio-bilateral-y-desarrollar-inversiones\\\/\"},\"author\":{\"name\":\"Sebastian\",\"@id\":\"https:\\\/\\\/informelitoral.com.ar\\\/#\\\/schema\\\/person\\\/f05f9f461677119578717524b127d6d5\"},\"headline\":\"Empresas estadounidenses visitar\u00e1n Entre R\u00edos para incrementar el comercio bilateral y desarrollar inversiones\",\"datePublished\":\"2023-03-10T14:22:53+00:00\",\"dateModified\":\"2023-03-10T14:25:40+00:00\",\"mainEntityOfPage\":{\"@id\":\"https:\\\/\\\/informelitoral.com.ar\\\/empresas-estadounidenses-visitaran-entre-rios-para-incrementar-el-comercio-bilateral-y-desarrollar-inversiones\\\/\"},\"wordCount\":680,\"commentCount\":0,\"publisher\":{\"@id\":\"https:\\\/\\\/informelitoral.com.ar\\\/#organization\"},\"image\":{\"@id\":\"https:\\\/\\\/informelitoral.com.ar\\\/empresas-estadounidenses-visitaran-entre-rios-para-incrementar-el-comercio-bilateral-y-desarrollar-inversiones\\\/#primaryimage\"},\"thumbnailUrl\":\"https:\\\/\\\/informelitoral.com.ar\\\/%77%70%2d%63%6f%6e%74%65%6e%74\\\/uploads\\\/2023\\\/03\\\/p_1678455618.jpeg\",\"keywords\":[\"Gustavo Bordet\"],\"articleSection\":[\"Entre R\u00edos\"],\"inLanguage\":\"es\",\"potentialAction\":[{\"@type\":\"CommentAction\",\"name\":\"Comment\",\"target\":[\"https:\\\/\\\/informelitoral.com.ar\\\/empresas-estadounidenses-visitaran-entre-rios-para-incrementar-el-comercio-bilateral-y-desarrollar-inversiones\\\/#respond\"]}]},{\"@type\":\"WebPage\",\"@id\":\"https:\\\/\\\/informelitoral.com.ar\\\/empresas-estadounidenses-visitaran-entre-rios-para-incrementar-el-comercio-bilateral-y-desarrollar-inversiones\\\/\",\"url\":\"https:\\\/\\\/informelitoral.com.ar\\\/empresas-estadounidenses-visitaran-entre-rios-para-incrementar-el-comercio-bilateral-y-desarrollar-inversiones\\\/\",\"name\":\"Empresas estadounidenses visitar\u00e1n Entre R\u00edos para incrementar el comercio bilateral y desarrollar inversiones - Informe Litoral\",\"isPartOf\":{\"@id\":\"https:\\\/\\\/informelitoral.com.ar\\\/#website\"},\"primaryImageOfPage\":{\"@id\":\"https:\\\/\\\/informelitoral.com.ar\\\/empresas-estadounidenses-visitaran-entre-rios-para-incrementar-el-comercio-bilateral-y-desarrollar-inversiones\\\/#primaryimage\"},\"image\":{\"@id\":\"https:\\\/\\\/informelitoral.com.ar\\\/empresas-estadounidenses-visitaran-entre-rios-para-incrementar-el-comercio-bilateral-y-desarrollar-inversiones\\\/#primaryimage\"},\"thumbnailUrl\":\"https:\\\/\\\/informelitoral.com.ar\\\/%77%70%2d%63%6f%6e%74%65%6e%74\\\/uploads\\\/2023\\\/03\\\/p_1678455618.jpeg\",\"datePublished\":\"2023-03-10T14:22:53+00:00\",\"dateModified\":\"2023-03-10T14:25:40+00:00\",\"breadcrumb\":{\"@id\":\"https:\\\/\\\/informelitoral.com.ar\\\/empresas-estadounidenses-visitaran-entre-rios-para-incrementar-el-comercio-bilateral-y-desarrollar-inversiones\\\/#breadcrumb\"},\"inLanguage\":\"es\",\"potentialAction\":[{\"@type\":\"ReadAction\",\"target\":[\"https:\\\/\\\/informelitoral.com.ar\\\/empresas-estadounidenses-visitaran-entre-rios-para-incrementar-el-comercio-bilateral-y-desarrollar-inversiones\\\/\"]}]},{\"@type\":\"ImageObject\",\"inLanguage\":\"es\",\"@id\":\"https:\\\/\\\/informelitoral.com.ar\\\/empresas-estadounidenses-visitaran-entre-rios-para-incrementar-el-comercio-bilateral-y-desarrollar-inversiones\\\/#primaryimage\",\"url\":\"https:\\\/\\\/informelitoral.com.ar\\\/%77%70%2d%63%6f%6e%74%65%6e%74\\\/uploads\\\/2023\\\/03\\\/p_1678455618.jpeg\",\"contentUrl\":\"https:\\\/\\\/informelitoral.com.ar\\\/%77%70%2d%63%6f%6e%74%65%6e%74\\\/uploads\\\/2023\\\/03\\\/p_1678455618.jpeg\",\"width\":1920,\"height\":800},{\"@type\":\"BreadcrumbList\",\"@id\":\"https:\\\/\\\/informelitoral.com.ar\\\/empresas-estadounidenses-visitaran-entre-rios-para-incrementar-el-comercio-bilateral-y-desarrollar-inversiones\\\/#breadcrumb\",\"itemListElement\":[{\"@type\":\"ListItem\",\"position\":1,\"name\":\"Portada\",\"item\":\"https:\\\/\\\/informelitoral.com.ar\\\/\"},{\"@type\":\"ListItem\",\"position\":2,\"name\":\"Empresas estadounidenses visitar\u00e1n Entre R\u00edos para incrementar el comercio bilateral y desarrollar inversiones\"}]},{\"@type\":\"WebSite\",\"@id\":\"https:\\\/\\\/informelitoral.com.ar\\\/#website\",\"url\":\"https:\\\/\\\/informelitoral.com.ar\\\/\",\"name\":\"Informe Litoral\",\"description\":\"&quot;Nos informamos&quot; \",\"publisher\":{\"@id\":\"https:\\\/\\\/informelitoral.com.ar\\\/#organization\"},\"potentialAction\":[{\"@type\":\"SearchAction\",\"target\":{\"@type\":\"EntryPoint\",\"urlTemplate\":\"https:\\\/\\\/informelitoral.com.ar\\\/?s={search_term_string}\"},\"query-input\":{\"@type\":\"PropertyValueSpecification\",\"valueRequired\":true,\"valueName\":\"search_term_string\"}}],\"inLanguage\":\"es\"},{\"@type\":\"Organization\",\"@id\":\"https:\\\/\\\/informelitoral.com.ar\\\/#organization\",\"name\":\"Informe Litoral\",\"url\":\"https:\\\/\\\/informelitoral.com.ar\\\/\",\"logo\":{\"@type\":\"ImageObject\",\"inLanguage\":\"es\",\"@id\":\"https:\\\/\\\/informelitoral.com.ar\\\/#\\\/schema\\\/logo\\\/image\\\/\",\"url\":\"https:\\\/\\\/informelitoral.com.ar\\\/%77%70%2d%63%6f%6e%74%65%6e%74\\\/uploads\\\/2021\\\/01\\\/circulo.png\",\"contentUrl\":\"https:\\\/\\\/informelitoral.com.ar\\\/%77%70%2d%63%6f%6e%74%65%6e%74\\\/uploads\\\/2021\\\/01\\\/circulo.png\",\"width\":723,\"height\":731,\"caption\":\"Informe Litoral\"},\"image\":{\"@id\":\"https:\\\/\\\/informelitoral.com.ar\\\/#\\\/schema\\\/logo\\\/image\\\/\"},\"sameAs\":[\"https:\\\/\\\/www.facebook.com\\\/informelitoral\\\/\",\"https:\\\/\\\/x.com\\\/InformeLitoral\",\"https:\\\/\\\/www.instagram.com\\\/informelitoral\\\/\",\"https:\\\/\\\/www.youtube.com\\\/channel\\\/UCua4Qvz8Icb6MYqhoq9xLXw\"]},{\"@type\":\"Person\",\"@id\":\"https:\\\/\\\/informelitoral.com.ar\\\/#\\\/schema\\\/person\\\/f05f9f461677119578717524b127d6d5\",\"name\":\"Sebastian\",\"image\":{\"@type\":\"ImageObject\",\"inLanguage\":\"es\",\"@id\":\"https:\\\/\\\/secure.gravatar.com\\\/avatar\\\/b71bf7481d447dfb9583c7f2798e7cc64de6efb9067b74633ed8c31059a3bd82?s=96&d=mm&r=g\",\"url\":\"https:\\\/\\\/secure.gravatar.com\\\/avatar\\\/b71bf7481d447dfb9583c7f2798e7cc64de6efb9067b74633ed8c31059a3bd82?s=96&d=mm&r=g\",\"contentUrl\":\"https:\\\/\\\/secure.gravatar.com\\\/avatar\\\/b71bf7481d447dfb9583c7f2798e7cc64de6efb9067b74633ed8c31059a3bd82?s=96&d=mm&r=g\",\"caption\":\"Sebastian\"},\"url\":\"https:\\\/\\\/informelitoral.com.ar\\\/author\\\/sebastian\\\/\"}]}<\/script>","yoast_head_json":{"title":"Empresas estadounidenses visitar\u00e1n Entre R\u00edos para incrementar el comercio bilateral y desarrollar inversiones - Informe Litoral","robots":{"index":"index","follow":"follow","max-snippet":"max-snippet:-1","max-image-preview":"max-image-preview:large","max-video-preview":"max-video-preview:-1"},"canonical":"https:\/\/informelitoral.com.ar\/empresas-estadounidenses-visitaran-entre-rios-para-incrementar-el-comercio-bilateral-y-desarrollar-inversiones\/","og_locale":"es_ES","og_type":"article","og_title":"Empresas estadounidenses visitar\u00e1n Entre R\u00edos para incrementar el comercio bilateral y desarrollar inversiones - Informe Litoral","og_description":"El gobernador Gustavo Bordet avanz\u00f3 con autoridades y empresarios de los Estados Unidos en los detalles de la misi\u00f3n comercial inversa que realizar\u00e1n durante junio empresas de ese pa\u00eds en Entre R\u00edos. El objetivo es \u201cgenerar una ampliaci\u00f3n de nuestra oferta exportable\u201d, afirm\u00f3.","og_url":"https:\/\/informelitoral.com.ar\/empresas-estadounidenses-visitaran-entre-rios-para-incrementar-el-comercio-bilateral-y-desarrollar-inversiones\/","og_site_name":"Informe Litoral","article_publisher":"https:\/\/www.facebook.com\/informelitoral\/","article_published_time":"2023-03-10T14:22:53+00:00","article_modified_time":"2023-03-10T14:25:40+00:00","og_image":[{"width":1920,"height":800,"url":"https:\/\/informelitoral.com.ar\/%77%70%2d%63%6f%6e%74%65%6e%74\/uploads\/2023\/03\/p_1678455618.jpeg","type":"image\/jpeg"}],"author":"Sebastian","twitter_card":"summary_large_image","twitter_creator":"@InformeLitoral","twitter_site":"@InformeLitoral","twitter_misc":{"Escrito por":"Sebastian","Tiempo de lectura":"3 minutos"},"schema":{"@context":"https:\/\/schema.org","@graph":[{"@type":"Article","@id":"https:\/\/informelitoral.com.ar\/empresas-estadounidenses-visitaran-entre-rios-para-incrementar-el-comercio-bilateral-y-desarrollar-inversiones\/#article","isPartOf":{"@id":"https:\/\/informelitoral.com.ar\/empresas-estadounidenses-visitaran-entre-rios-para-incrementar-el-comercio-bilateral-y-desarrollar-inversiones\/"},"author":{"name":"Sebastian","@id":"https:\/\/informelitoral.com.ar\/#\/schema\/person\/f05f9f461677119578717524b127d6d5"},"headline":"Empresas estadounidenses visitar\u00e1n Entre R\u00edos para incrementar el comercio bilateral y desarrollar inversiones","datePublished":"2023-03-10T14:22:53+00:00","dateModified":"2023-03-10T14:25:40+00:00","mainEntityOfPage":{"@id":"https:\/\/informelitoral.com.ar\/empresas-estadounidenses-visitaran-entre-rios-para-incrementar-el-comercio-bilateral-y-desarrollar-inversiones\/"},"wordCount":680,"commentCount":0,"publisher":{"@id":"https:\/\/informelitoral.com.ar\/#organization"},"image":{"@id":"https:\/\/informelitoral.com.ar\/empresas-estadounidenses-visitaran-entre-rios-para-incrementar-el-comercio-bilateral-y-desarrollar-inversiones\/#primaryimage"},"thumbnailUrl":"https:\/\/informelitoral.com.ar\/%77%70%2d%63%6f%6e%74%65%6e%74\/uploads\/2023\/03\/p_1678455618.jpeg","keywords":["Gustavo Bordet"],"articleSection":["Entre R\u00edos"],"inLanguage":"es","potentialAction":[{"@type":"CommentAction","name":"Comment","target":["https:\/\/informelitoral.com.ar\/empresas-estadounidenses-visitaran-entre-rios-para-incrementar-el-comercio-bilateral-y-desarrollar-inversiones\/#respond"]}]},{"@type":"WebPage","@id":"https:\/\/informelitoral.com.ar\/empresas-estadounidenses-visitaran-entre-rios-para-incrementar-el-comercio-bilateral-y-desarrollar-inversiones\/","url":"https:\/\/informelitoral.com.ar\/empresas-estadounidenses-visitaran-entre-rios-para-incrementar-el-comercio-bilateral-y-desarrollar-inversiones\/","name":"Empresas estadounidenses visitar\u00e1n Entre R\u00edos para incrementar el comercio bilateral y desarrollar inversiones - Informe Litoral","isPartOf":{"@id":"https:\/\/informelitoral.com.ar\/#website"},"primaryImageOfPage":{"@id":"https:\/\/informelitoral.com.ar\/empresas-estadounidenses-visitaran-entre-rios-para-incrementar-el-comercio-bilateral-y-desarrollar-inversiones\/#primaryimage"},"image":{"@id":"https:\/\/informelitoral.com.ar\/empresas-estadounidenses-visitaran-entre-rios-para-incrementar-el-comercio-bilateral-y-desarrollar-inversiones\/#primaryimage"},"thumbnailUrl":"https:\/\/informelitoral.com.ar\/%77%70%2d%63%6f%6e%74%65%6e%74\/uploads\/2023\/03\/p_1678455618.jpeg","datePublished":"2023-03-10T14:22:53+00:00","dateModified":"2023-03-10T14:25:40+00:00","breadcrumb":{"@id":"https:\/\/informelitoral.com.ar\/empresas-estadounidenses-visitaran-entre-rios-para-incrementar-el-comercio-bilateral-y-desarrollar-inversiones\/#breadcrumb"},"inLanguage":"es","potentialAction":[{"@type":"ReadAction","target":["https:\/\/informelitoral.com.ar\/empresas-estadounidenses-visitaran-entre-rios-para-incrementar-el-comercio-bilateral-y-desarrollar-inversiones\/"]}]},{"@type":"ImageObject","inLanguage":"es","@id":"https:\/\/informelitoral.com.ar\/empresas-estadounidenses-visitaran-entre-rios-para-incrementar-el-comercio-bilateral-y-desarrollar-inversiones\/#primaryimage","url":"https:\/\/informelitoral.com.ar\/%77%70%2d%63%6f%6e%74%65%6e%74\/uploads\/2023\/03\/p_1678455618.jpeg","contentUrl":"https:\/\/informelitoral.com.ar\/%77%70%2d%63%6f%6e%74%65%6e%74\/uploads\/2023\/03\/p_1678455618.jpeg","width":1920,"height":800},{"@type":"BreadcrumbList","@id":"https:\/\/informelitoral.com.ar\/empresas-estadounidenses-visitaran-entre-rios-para-incrementar-el-comercio-bilateral-y-desarrollar-inversiones\/#breadcrumb","itemListElement":[{"@type":"ListItem","position":1,"name":"Portada","item":"https:\/\/informelitoral.com.ar\/"},{"@type":"ListItem","position":2,"name":"Empresas estadounidenses visitar\u00e1n Entre R\u00edos para incrementar el comercio bilateral y desarrollar inversiones"}]},{"@type":"WebSite","@id":"https:\/\/informelitoral.com.ar\/#website","url":"https:\/\/informelitoral.com.ar\/","name":"Informe Litoral","description":"&quot;Nos informamos&quot; ","publisher":{"@id":"https:\/\/informelitoral.com.ar\/#organization"},"potentialAction":[{"@type":"SearchAction","target":{"@type":"EntryPoint","urlTemplate":"https:\/\/informelitoral.com.ar\/?s={search_term_string}"},"query-input":{"@type":"PropertyValueSpecification","valueRequired":true,"valueName":"search_term_string"}}],"inLanguage":"es"},{"@type":"Organization","@id":"https:\/\/informelitoral.com.ar\/#organization","name":"Informe Litoral","url":"https:\/\/informelitoral.com.ar\/","logo":{"@type":"ImageObject","inLanguage":"es","@id":"https:\/\/informelitoral.com.ar\/#\/schema\/logo\/image\/","url":"https:\/\/informelitoral.com.ar\/%77%70%2d%63%6f%6e%74%65%6e%74\/uploads\/2021\/01\/circulo.png","contentUrl":"https:\/\/informelitoral.com.ar\/%77%70%2d%63%6f%6e%74%65%6e%74\/uploads\/2021\/01\/circulo.png","width":723,"height":731,"caption":"Informe Litoral"},"image":{"@id":"https:\/\/informelitoral.com.ar\/#\/schema\/logo\/image\/"},"sameAs":["https:\/\/www.facebook.com\/informelitoral\/","https:\/\/x.com\/InformeLitoral","https:\/\/www.instagram.com\/informelitoral\/","https:\/\/www.youtube.com\/channel\/UCua4Qvz8Icb6MYqhoq9xLXw"]},{"@type":"Person","@id":"https:\/\/informelitoral.com.ar\/#\/schema\/person\/f05f9f461677119578717524b127d6d5","name":"Sebastian","image":{"@type":"ImageObject","inLanguage":"es","@id":"https:\/\/secure.gravatar.com\/avatar\/b71bf7481d447dfb9583c7f2798e7cc64de6efb9067b74633ed8c31059a3bd82?s=96&d=mm&r=g","url":"https:\/\/secure.gravatar.com\/avatar\/b71bf7481d447dfb9583c7f2798e7cc64de6efb9067b74633ed8c31059a3bd82?s=96&d=mm&r=g","contentUrl":"https:\/\/secure.gravatar.com\/avatar\/b71bf7481d447dfb9583c7f2798e7cc64de6efb9067b74633ed8c31059a3bd82?s=96&d=mm&r=g","caption":"Sebastian"},"url":"https:\/\/informelitoral.com.ar\/author\/sebastian\/"}]}},"_links":{"self":[{"href":"https:\/\/informelitoral.com.ar\/%77%70%2d%6a%73%6f%6e\/wp\/v2\/posts\/125581","targetHints":{"allow":["GET"]}}],"collection":[{"href":"https:\/\/informelitoral.com.ar\/%77%70%2d%6a%73%6f%6e\/wp\/v2\/posts"}],"about":[{"href":"https:\/\/informelitoral.com.ar\/%77%70%2d%6a%73%6f%6e\/wp\/v2\/types\/post"}],"author":[{"embeddable":true,"href":"https:\/\/informelitoral.com.ar\/%77%70%2d%6a%73%6f%6e\/wp\/v2\/users\/8"}],"replies":[{"embeddable":true,"href":"https:\/\/informelitoral.com.ar\/%77%70%2d%6a%73%6f%6e\/wp\/v2\/comments?post=125581"}],"version-history":[{"count":0,"href":"https:\/\/informelitoral.com.ar\/%77%70%2d%6a%73%6f%6e\/wp\/v2\/posts\/125581\/revisions"}],"wp:featuredmedia":[{"embeddable":true,"href":"https:\/\/informelitoral.com.ar\/%77%70%2d%6a%73%6f%6e\/wp\/v2\/media\/125573"}],"wp:attachment":[{"href":"https:\/\/informelitoral.com.ar\/%77%70%2d%6a%73%6f%6e\/wp\/v2\/media?parent=125581"}],"wp:term":[{"taxonomy":"category","embeddable":true,"href":"https:\/\/informelitoral.com.ar\/%77%70%2d%6a%73%6f%6e\/wp\/v2\/categories?post=125581"},{"taxonomy":"post_tag","embeddable":true,"href":"https:\/\/informelitoral.com.ar\/%77%70%2d%6a%73%6f%6e\/wp\/v2\/tags?post=125581"}],"curies":[{"name":"wp","href":"https:\/\/api.w.org\/{rel}","templated":true}]}}