{"id":125497,"date":"2023-03-10T07:44:42","date_gmt":"2023-03-10T10:44:42","guid":{"rendered":"https:\/\/www.informelitoral.com.ar\/?p=125497"},"modified":"2023-03-10T10:04:01","modified_gmt":"2023-03-10T13:04:01","slug":"no-se-reportaron-nuevos-casos-de-gripe-aviar-en-los-dos-ultimos-dias","status":"publish","type":"post","link":"https:\/\/informelitoral.com.ar\/no-se-reportaron-nuevos-casos-de-gripe-aviar-en-los-dos-ultimos-dias\/","title":{"rendered":"No se reportaron nuevos casos de gripe aviar en los dos \u00faltimos d\u00edas"},"content":{"rendered":"<section class=\"texto\">Todas las muestras analizadas por el Laboratorio Nacional del Servicio Nacional de Sanidad y Calidad Agroalimentaria (Senasa) arrojaron diagn\u00f3stico negativo a influenza aviar (IA) H5El, por segundo d\u00eda consecutivo, inform\u00f3 hoy el organismo.<\/p>\n<p>De esta manera, de las m\u00e1s de 200 notificaciones analizadas por el laboratorio del Senasa, a la fecha contin\u00faan sumando 40 los casos confirmados en aves de traspatio (32), silvestres (4) y sector comercial (4).<\/p>\n<p>Los mismos se distribuyen de la siguiente manera: 16 en C\u00f3rdoba, nueve en Buenos Aires, cuatro en Neuqu\u00e9n, cuatro en Santa Fe, dos en R\u00edo Negro, uno en Chaco, uno en Jujuy, uno en Santiago del Estero; uno en San Luis y uno en Salta.<\/p>\n<p>\u00abEn total a la fecha tenemos cuatro casos confirmados en lo que es el circuito comercial (General Alvear y Mar del Plata en Buenos Aires, uno en R\u00edo Negro y uno en Neuqu\u00e9n)\u00bb, indicaron desde el Senasa.<\/p>\n<p>Fuentes de la dependencia sanitaria recordaron que \u00abla enfermedad ingres\u00f3 al pa\u00eds por las rutas migratorias de aves silvestres que vienen del norte, de Estados Unidos y Canad\u00e1, d\u00f3nde hace varios a\u00f1os tienen est\u00e1 enfermedad\u00bb.<\/p>\n<p>Asimismo, afirmaron que si bien sobre la cantidad de aves muertas o sacrificadas, \u00abno tenemos a\u00fan estad\u00edsticas oficiales, el n\u00famero aproximado es el de 200 mil, entre aves que murieron por la enfermedad y las acciones sanitarias (en las cuatro granjas comerciales donde se detectaron los casos)\u00bb.<\/p>\n<p>En ese aspecto, el Senasa inform\u00f3 que continuaban los trabajos de desinfecci\u00f3n en la granja en la afueras de la ciudad de Mar del Plata donde el viernes pasado se confirmaron casos y aclar\u00f3 que no se reportaron m\u00e1s positivos en la zona.<\/p>\n<p>El titular del Centro Regional Buenos Aires Sur del organismo, V\u00edctor Manuel Baldovino, inform\u00f3 a T\u00e9lam que tras el foco registrado en un predio del paraje La Polola, a 15 kil\u00f3metros del centro marplatense, los rastrillajes realizados en el \u00e1rea no arrojaron casos nuevos.<\/p>\n<p>Baldovino precis\u00f3 que de las 20.800 aves que se encontraban en el lugar afectado, 128 debieron ser sacrificadas de manera preventiva, mientras que todas las dem\u00e1s fallecieron directamente a causa del virus.<\/p>\n<p>Asegur\u00f3 que desde el s\u00e1bado \u00abse hicieron rastrillajes en establecimientos ubicados en un radio de tres kil\u00f3metros donde pod\u00eda haber aves de traspatio -como pollos, gallinas, patos, ganzos-, pero no se destacaron casos\u00bb.<\/p>\n<p>En la granja afectada se realizaron fosas para depositar los restos de los animales muertos y continuaban las tareas para enterrar tambi\u00e9n las camas en las que se posaban hasta el viernes y todos los materiales potencialmente pat\u00f3genos.<\/p>\n<p>Baldovino, al dar cuenta el protocolo que se aplicar\u00e1, dijo que tras la desinfecci\u00f3n, el lugar permanecer\u00e1 sin aves durante un mes, y tras nuevas inspecciones \u00abse ingresar\u00e1n aves centinela, y se esperar\u00e1 14 d\u00edas para ver si muestran alguna simbolog\u00eda o sintomatolog\u00eda, y reci\u00e9n entonces puede iniciarse el repoblamiento\u00bb.<\/p>\n<p>Las autoridades regionales del Senasa tienen previsto mantener un encuentro con productores y autoridades del partido de General Pueyrredon, donde operan 36 granjas comerciales registradas, y tambi\u00e9n del distrito vecino de General Alvarado.<\/p>\n<p>\u00abCuando se detecta un foco se establece un perifoco y una zona de contenci\u00f3n, donde se trabaja para evitar que se expanda la enfermedad, que incluye el despoblamiento sanitario y su deposicion; en todos los casos se trabaja coordinado con las \u00e1reas provinciales de salud, ambiente y producci\u00f3n y con los municipios para llevar adelante las acciones sanitarias\u00bb, explicaron las fuentes del Senasa.<\/p>\n<p>Para los especialistas, \u00ablo que es importante destacar y por eso estamos reforzando toda la comunicaci\u00f3n para que los productores refuercen sus medidas de bioseguridad\u00bb.<\/p>\n<p>\u00abOtra cosa muy importante es que no se transmite por consumo de carne o huevos; s\u00f3lo se transmite al humano si se manipula un ave enferma; por eso ante sospechas hay que notificar a Senasa para que vaya a retirar las aves\u00bb, completaron.<\/section>\n<div class=\"publi-top publi-listado\">\n<div class=\"publi-728\">\n<div id=\"banner-interior-b\" class=\"banner-zone-found banner-step-1 banner-loop-1 banner-is-adsense banner-is-a banner-step-2\"><\/div>\n<\/div>\n<\/div>\n","protected":false},"excerpt":{"rendered":"<p>Todas las muestras analizadas por el Laboratorio Nacional del Servicio Nacional de Sanidad y Calidad Agroalimentaria (Senasa) arrojaron diagn\u00f3stico negativo a influenza aviar (IA) H5El, por segundo d\u00eda consecutivo.<\/p>\n","protected":false},"author":8,"featured_media":124836,"comment_status":"open","ping_status":"open","sticky":false,"template":"","format":"standard","meta":{"fifu_image_url":"","fifu_image_alt":"","footnotes":""},"categories":[10],"tags":[],"class_list":{"0":"post-125497","1":"post","2":"type-post","3":"status-publish","4":"format-standard","5":"has-post-thumbnail","7":"category-campo"},"yoast_head":"<title>No se reportaron nuevos casos de gripe aviar en los dos \u00faltimos d\u00edas - Informe Litoral<\/title>\n<meta name=\"robots\" content=\"index, follow, max-snippet:-1, max-image-preview:large, max-video-preview:-1\" \/>\n<link rel=\"canonical\" href=\"https:\/\/informelitoral.com.ar\/no-se-reportaron-nuevos-casos-de-gripe-aviar-en-los-dos-ultimos-dias\/\" \/>\n<meta property=\"og:locale\" content=\"es_ES\" \/>\n<meta property=\"og:type\" content=\"article\" \/>\n<meta property=\"og:title\" content=\"No se reportaron nuevos casos de gripe aviar en los dos \u00faltimos d\u00edas - Informe Litoral\" \/>\n<meta property=\"og:description\" content=\"Todas las muestras analizadas por el Laboratorio Nacional del Servicio Nacional de Sanidad y Calidad Agroalimentaria (Senasa) arrojaron diagn\u00f3stico negativo a influenza aviar (IA) H5El, por segundo d\u00eda consecutivo.\" \/>\n<meta property=\"og:url\" content=\"https:\/\/informelitoral.com.ar\/no-se-reportaron-nuevos-casos-de-gripe-aviar-en-los-dos-ultimos-dias\/\" \/>\n<meta property=\"og:site_name\" content=\"Informe Litoral\" \/>\n<meta property=\"article:publisher\" content=\"https:\/\/www.facebook.com\/informelitoral\/\" \/>\n<meta property=\"article:published_time\" content=\"2023-03-10T10:44:42+00:00\" \/>\n<meta property=\"article:modified_time\" content=\"2023-03-10T13:04:01+00:00\" \/>\n<meta property=\"og:image\" content=\"https:\/\/informelitoral.com.ar\/%77%70%2d%63%6f%6e%74%65%6e%74\/uploads\/2023\/03\/o_1675469872.jpg\" \/>\n\t<meta property=\"og:image:width\" content=\"800\" \/>\n\t<meta property=\"og:image:height\" content=\"450\" \/>\n\t<meta property=\"og:image:type\" content=\"image\/jpeg\" \/>\n<meta name=\"author\" content=\"Sebastian\" \/>\n<meta name=\"twitter:card\" content=\"summary_large_image\" \/>\n<meta name=\"twitter:creator\" content=\"@InformeLitoral\" \/>\n<meta name=\"twitter:site\" content=\"@InformeLitoral\" \/>\n<meta name=\"twitter:label1\" content=\"Escrito por\" \/>\n\t<meta name=\"twitter:data1\" content=\"Sebastian\" \/>\n\t<meta name=\"twitter:label2\" content=\"Tiempo de lectura\" \/>\n\t<meta name=\"twitter:data2\" content=\"3 minutos\" \/>\n<script type=\"application\/ld+json\" class=\"yoast-schema-graph\">{\"@context\":\"https:\\\/\\\/schema.org\",\"@graph\":[{\"@type\":\"Article\",\"@id\":\"https:\\\/\\\/informelitoral.com.ar\\\/no-se-reportaron-nuevos-casos-de-gripe-aviar-en-los-dos-ultimos-dias\\\/#article\",\"isPartOf\":{\"@id\":\"https:\\\/\\\/informelitoral.com.ar\\\/no-se-reportaron-nuevos-casos-de-gripe-aviar-en-los-dos-ultimos-dias\\\/\"},\"author\":{\"name\":\"Sebastian\",\"@id\":\"https:\\\/\\\/informelitoral.com.ar\\\/#\\\/schema\\\/person\\\/f05f9f461677119578717524b127d6d5\"},\"headline\":\"No se reportaron nuevos casos de gripe aviar en los dos \u00faltimos d\u00edas\",\"datePublished\":\"2023-03-10T10:44:42+00:00\",\"dateModified\":\"2023-03-10T13:04:01+00:00\",\"mainEntityOfPage\":{\"@id\":\"https:\\\/\\\/informelitoral.com.ar\\\/no-se-reportaron-nuevos-casos-de-gripe-aviar-en-los-dos-ultimos-dias\\\/\"},\"wordCount\":676,\"commentCount\":0,\"publisher\":{\"@id\":\"https:\\\/\\\/informelitoral.com.ar\\\/#organization\"},\"image\":{\"@id\":\"https:\\\/\\\/informelitoral.com.ar\\\/no-se-reportaron-nuevos-casos-de-gripe-aviar-en-los-dos-ultimos-dias\\\/#primaryimage\"},\"thumbnailUrl\":\"https:\\\/\\\/informelitoral.com.ar\\\/%77%70%2d%63%6f%6e%74%65%6e%74\\\/uploads\\\/2023\\\/03\\\/o_1675469872.jpg\",\"articleSection\":[\"Campo\"],\"inLanguage\":\"es\",\"potentialAction\":[{\"@type\":\"CommentAction\",\"name\":\"Comment\",\"target\":[\"https:\\\/\\\/informelitoral.com.ar\\\/no-se-reportaron-nuevos-casos-de-gripe-aviar-en-los-dos-ultimos-dias\\\/#respond\"]}]},{\"@type\":\"WebPage\",\"@id\":\"https:\\\/\\\/informelitoral.com.ar\\\/no-se-reportaron-nuevos-casos-de-gripe-aviar-en-los-dos-ultimos-dias\\\/\",\"url\":\"https:\\\/\\\/informelitoral.com.ar\\\/no-se-reportaron-nuevos-casos-de-gripe-aviar-en-los-dos-ultimos-dias\\\/\",\"name\":\"No se reportaron nuevos casos de gripe aviar en los dos \u00faltimos d\u00edas - Informe Litoral\",\"isPartOf\":{\"@id\":\"https:\\\/\\\/informelitoral.com.ar\\\/#website\"},\"primaryImageOfPage\":{\"@id\":\"https:\\\/\\\/informelitoral.com.ar\\\/no-se-reportaron-nuevos-casos-de-gripe-aviar-en-los-dos-ultimos-dias\\\/#primaryimage\"},\"image\":{\"@id\":\"https:\\\/\\\/informelitoral.com.ar\\\/no-se-reportaron-nuevos-casos-de-gripe-aviar-en-los-dos-ultimos-dias\\\/#primaryimage\"},\"thumbnailUrl\":\"https:\\\/\\\/informelitoral.com.ar\\\/%77%70%2d%63%6f%6e%74%65%6e%74\\\/uploads\\\/2023\\\/03\\\/o_1675469872.jpg\",\"datePublished\":\"2023-03-10T10:44:42+00:00\",\"dateModified\":\"2023-03-10T13:04:01+00:00\",\"breadcrumb\":{\"@id\":\"https:\\\/\\\/informelitoral.com.ar\\\/no-se-reportaron-nuevos-casos-de-gripe-aviar-en-los-dos-ultimos-dias\\\/#breadcrumb\"},\"inLanguage\":\"es\",\"potentialAction\":[{\"@type\":\"ReadAction\",\"target\":[\"https:\\\/\\\/informelitoral.com.ar\\\/no-se-reportaron-nuevos-casos-de-gripe-aviar-en-los-dos-ultimos-dias\\\/\"]}]},{\"@type\":\"ImageObject\",\"inLanguage\":\"es\",\"@id\":\"https:\\\/\\\/informelitoral.com.ar\\\/no-se-reportaron-nuevos-casos-de-gripe-aviar-en-los-dos-ultimos-dias\\\/#primaryimage\",\"url\":\"https:\\\/\\\/informelitoral.com.ar\\\/%77%70%2d%63%6f%6e%74%65%6e%74\\\/uploads\\\/2023\\\/03\\\/o_1675469872.jpg\",\"contentUrl\":\"https:\\\/\\\/informelitoral.com.ar\\\/%77%70%2d%63%6f%6e%74%65%6e%74\\\/uploads\\\/2023\\\/03\\\/o_1675469872.jpg\",\"width\":800,\"height\":450},{\"@type\":\"BreadcrumbList\",\"@id\":\"https:\\\/\\\/informelitoral.com.ar\\\/no-se-reportaron-nuevos-casos-de-gripe-aviar-en-los-dos-ultimos-dias\\\/#breadcrumb\",\"itemListElement\":[{\"@type\":\"ListItem\",\"position\":1,\"name\":\"Portada\",\"item\":\"https:\\\/\\\/informelitoral.com.ar\\\/\"},{\"@type\":\"ListItem\",\"position\":2,\"name\":\"No se reportaron nuevos casos de gripe aviar en los dos \u00faltimos d\u00edas\"}]},{\"@type\":\"WebSite\",\"@id\":\"https:\\\/\\\/informelitoral.com.ar\\\/#website\",\"url\":\"https:\\\/\\\/informelitoral.com.ar\\\/\",\"name\":\"Informe Litoral\",\"description\":\"&quot;Nos informamos&quot; \",\"publisher\":{\"@id\":\"https:\\\/\\\/informelitoral.com.ar\\\/#organization\"},\"potentialAction\":[{\"@type\":\"SearchAction\",\"target\":{\"@type\":\"EntryPoint\",\"urlTemplate\":\"https:\\\/\\\/informelitoral.com.ar\\\/?s={search_term_string}\"},\"query-input\":{\"@type\":\"PropertyValueSpecification\",\"valueRequired\":true,\"valueName\":\"search_term_string\"}}],\"inLanguage\":\"es\"},{\"@type\":\"Organization\",\"@id\":\"https:\\\/\\\/informelitoral.com.ar\\\/#organization\",\"name\":\"Informe Litoral\",\"url\":\"https:\\\/\\\/informelitoral.com.ar\\\/\",\"logo\":{\"@type\":\"ImageObject\",\"inLanguage\":\"es\",\"@id\":\"https:\\\/\\\/informelitoral.com.ar\\\/#\\\/schema\\\/logo\\\/image\\\/\",\"url\":\"https:\\\/\\\/informelitoral.com.ar\\\/%77%70%2d%63%6f%6e%74%65%6e%74\\\/uploads\\\/2021\\\/01\\\/circulo.png\",\"contentUrl\":\"https:\\\/\\\/informelitoral.com.ar\\\/%77%70%2d%63%6f%6e%74%65%6e%74\\\/uploads\\\/2021\\\/01\\\/circulo.png\",\"width\":723,\"height\":731,\"caption\":\"Informe Litoral\"},\"image\":{\"@id\":\"https:\\\/\\\/informelitoral.com.ar\\\/#\\\/schema\\\/logo\\\/image\\\/\"},\"sameAs\":[\"https:\\\/\\\/www.facebook.com\\\/informelitoral\\\/\",\"https:\\\/\\\/x.com\\\/InformeLitoral\",\"https:\\\/\\\/www.instagram.com\\\/informelitoral\\\/\",\"https:\\\/\\\/www.youtube.com\\\/channel\\\/UCua4Qvz8Icb6MYqhoq9xLXw\"]},{\"@type\":\"Person\",\"@id\":\"https:\\\/\\\/informelitoral.com.ar\\\/#\\\/schema\\\/person\\\/f05f9f461677119578717524b127d6d5\",\"name\":\"Sebastian\",\"image\":{\"@type\":\"ImageObject\",\"inLanguage\":\"es\",\"@id\":\"https:\\\/\\\/secure.gravatar.com\\\/avatar\\\/b71bf7481d447dfb9583c7f2798e7cc64de6efb9067b74633ed8c31059a3bd82?s=96&d=mm&r=g\",\"url\":\"https:\\\/\\\/secure.gravatar.com\\\/avatar\\\/b71bf7481d447dfb9583c7f2798e7cc64de6efb9067b74633ed8c31059a3bd82?s=96&d=mm&r=g\",\"contentUrl\":\"https:\\\/\\\/secure.gravatar.com\\\/avatar\\\/b71bf7481d447dfb9583c7f2798e7cc64de6efb9067b74633ed8c31059a3bd82?s=96&d=mm&r=g\",\"caption\":\"Sebastian\"},\"url\":\"https:\\\/\\\/informelitoral.com.ar\\\/author\\\/sebastian\\\/\"}]}<\/script>","yoast_head_json":{"title":"No se reportaron nuevos casos de gripe aviar en los dos \u00faltimos d\u00edas - Informe Litoral","robots":{"index":"index","follow":"follow","max-snippet":"max-snippet:-1","max-image-preview":"max-image-preview:large","max-video-preview":"max-video-preview:-1"},"canonical":"https:\/\/informelitoral.com.ar\/no-se-reportaron-nuevos-casos-de-gripe-aviar-en-los-dos-ultimos-dias\/","og_locale":"es_ES","og_type":"article","og_title":"No se reportaron nuevos casos de gripe aviar en los dos \u00faltimos d\u00edas - Informe Litoral","og_description":"Todas las muestras analizadas por el Laboratorio Nacional del Servicio Nacional de Sanidad y Calidad Agroalimentaria (Senasa) arrojaron diagn\u00f3stico negativo a influenza aviar (IA) H5El, por segundo d\u00eda consecutivo.","og_url":"https:\/\/informelitoral.com.ar\/no-se-reportaron-nuevos-casos-de-gripe-aviar-en-los-dos-ultimos-dias\/","og_site_name":"Informe Litoral","article_publisher":"https:\/\/www.facebook.com\/informelitoral\/","article_published_time":"2023-03-10T10:44:42+00:00","article_modified_time":"2023-03-10T13:04:01+00:00","og_image":[{"width":800,"height":450,"url":"https:\/\/informelitoral.com.ar\/%77%70%2d%63%6f%6e%74%65%6e%74\/uploads\/2023\/03\/o_1675469872.jpg","type":"image\/jpeg"}],"author":"Sebastian","twitter_card":"summary_large_image","twitter_creator":"@InformeLitoral","twitter_site":"@InformeLitoral","twitter_misc":{"Escrito por":"Sebastian","Tiempo de lectura":"3 minutos"},"schema":{"@context":"https:\/\/schema.org","@graph":[{"@type":"Article","@id":"https:\/\/informelitoral.com.ar\/no-se-reportaron-nuevos-casos-de-gripe-aviar-en-los-dos-ultimos-dias\/#article","isPartOf":{"@id":"https:\/\/informelitoral.com.ar\/no-se-reportaron-nuevos-casos-de-gripe-aviar-en-los-dos-ultimos-dias\/"},"author":{"name":"Sebastian","@id":"https:\/\/informelitoral.com.ar\/#\/schema\/person\/f05f9f461677119578717524b127d6d5"},"headline":"No se reportaron nuevos casos de gripe aviar en los dos \u00faltimos d\u00edas","datePublished":"2023-03-10T10:44:42+00:00","dateModified":"2023-03-10T13:04:01+00:00","mainEntityOfPage":{"@id":"https:\/\/informelitoral.com.ar\/no-se-reportaron-nuevos-casos-de-gripe-aviar-en-los-dos-ultimos-dias\/"},"wordCount":676,"commentCount":0,"publisher":{"@id":"https:\/\/informelitoral.com.ar\/#organization"},"image":{"@id":"https:\/\/informelitoral.com.ar\/no-se-reportaron-nuevos-casos-de-gripe-aviar-en-los-dos-ultimos-dias\/#primaryimage"},"thumbnailUrl":"https:\/\/informelitoral.com.ar\/%77%70%2d%63%6f%6e%74%65%6e%74\/uploads\/2023\/03\/o_1675469872.jpg","articleSection":["Campo"],"inLanguage":"es","potentialAction":[{"@type":"CommentAction","name":"Comment","target":["https:\/\/informelitoral.com.ar\/no-se-reportaron-nuevos-casos-de-gripe-aviar-en-los-dos-ultimos-dias\/#respond"]}]},{"@type":"WebPage","@id":"https:\/\/informelitoral.com.ar\/no-se-reportaron-nuevos-casos-de-gripe-aviar-en-los-dos-ultimos-dias\/","url":"https:\/\/informelitoral.com.ar\/no-se-reportaron-nuevos-casos-de-gripe-aviar-en-los-dos-ultimos-dias\/","name":"No se reportaron nuevos casos de gripe aviar en los dos \u00faltimos d\u00edas - Informe Litoral","isPartOf":{"@id":"https:\/\/informelitoral.com.ar\/#website"},"primaryImageOfPage":{"@id":"https:\/\/informelitoral.com.ar\/no-se-reportaron-nuevos-casos-de-gripe-aviar-en-los-dos-ultimos-dias\/#primaryimage"},"image":{"@id":"https:\/\/informelitoral.com.ar\/no-se-reportaron-nuevos-casos-de-gripe-aviar-en-los-dos-ultimos-dias\/#primaryimage"},"thumbnailUrl":"https:\/\/informelitoral.com.ar\/%77%70%2d%63%6f%6e%74%65%6e%74\/uploads\/2023\/03\/o_1675469872.jpg","datePublished":"2023-03-10T10:44:42+00:00","dateModified":"2023-03-10T13:04:01+00:00","breadcrumb":{"@id":"https:\/\/informelitoral.com.ar\/no-se-reportaron-nuevos-casos-de-gripe-aviar-en-los-dos-ultimos-dias\/#breadcrumb"},"inLanguage":"es","potentialAction":[{"@type":"ReadAction","target":["https:\/\/informelitoral.com.ar\/no-se-reportaron-nuevos-casos-de-gripe-aviar-en-los-dos-ultimos-dias\/"]}]},{"@type":"ImageObject","inLanguage":"es","@id":"https:\/\/informelitoral.com.ar\/no-se-reportaron-nuevos-casos-de-gripe-aviar-en-los-dos-ultimos-dias\/#primaryimage","url":"https:\/\/informelitoral.com.ar\/%77%70%2d%63%6f%6e%74%65%6e%74\/uploads\/2023\/03\/o_1675469872.jpg","contentUrl":"https:\/\/informelitoral.com.ar\/%77%70%2d%63%6f%6e%74%65%6e%74\/uploads\/2023\/03\/o_1675469872.jpg","width":800,"height":450},{"@type":"BreadcrumbList","@id":"https:\/\/informelitoral.com.ar\/no-se-reportaron-nuevos-casos-de-gripe-aviar-en-los-dos-ultimos-dias\/#breadcrumb","itemListElement":[{"@type":"ListItem","position":1,"name":"Portada","item":"https:\/\/informelitoral.com.ar\/"},{"@type":"ListItem","position":2,"name":"No se reportaron nuevos casos de gripe aviar en los dos \u00faltimos d\u00edas"}]},{"@type":"WebSite","@id":"https:\/\/informelitoral.com.ar\/#website","url":"https:\/\/informelitoral.com.ar\/","name":"Informe Litoral","description":"&quot;Nos informamos&quot; ","publisher":{"@id":"https:\/\/informelitoral.com.ar\/#organization"},"potentialAction":[{"@type":"SearchAction","target":{"@type":"EntryPoint","urlTemplate":"https:\/\/informelitoral.com.ar\/?s={search_term_string}"},"query-input":{"@type":"PropertyValueSpecification","valueRequired":true,"valueName":"search_term_string"}}],"inLanguage":"es"},{"@type":"Organization","@id":"https:\/\/informelitoral.com.ar\/#organization","name":"Informe Litoral","url":"https:\/\/informelitoral.com.ar\/","logo":{"@type":"ImageObject","inLanguage":"es","@id":"https:\/\/informelitoral.com.ar\/#\/schema\/logo\/image\/","url":"https:\/\/informelitoral.com.ar\/%77%70%2d%63%6f%6e%74%65%6e%74\/uploads\/2021\/01\/circulo.png","contentUrl":"https:\/\/informelitoral.com.ar\/%77%70%2d%63%6f%6e%74%65%6e%74\/uploads\/2021\/01\/circulo.png","width":723,"height":731,"caption":"Informe Litoral"},"image":{"@id":"https:\/\/informelitoral.com.ar\/#\/schema\/logo\/image\/"},"sameAs":["https:\/\/www.facebook.com\/informelitoral\/","https:\/\/x.com\/InformeLitoral","https:\/\/www.instagram.com\/informelitoral\/","https:\/\/www.youtube.com\/channel\/UCua4Qvz8Icb6MYqhoq9xLXw"]},{"@type":"Person","@id":"https:\/\/informelitoral.com.ar\/#\/schema\/person\/f05f9f461677119578717524b127d6d5","name":"Sebastian","image":{"@type":"ImageObject","inLanguage":"es","@id":"https:\/\/secure.gravatar.com\/avatar\/b71bf7481d447dfb9583c7f2798e7cc64de6efb9067b74633ed8c31059a3bd82?s=96&d=mm&r=g","url":"https:\/\/secure.gravatar.com\/avatar\/b71bf7481d447dfb9583c7f2798e7cc64de6efb9067b74633ed8c31059a3bd82?s=96&d=mm&r=g","contentUrl":"https:\/\/secure.gravatar.com\/avatar\/b71bf7481d447dfb9583c7f2798e7cc64de6efb9067b74633ed8c31059a3bd82?s=96&d=mm&r=g","caption":"Sebastian"},"url":"https:\/\/informelitoral.com.ar\/author\/sebastian\/"}]}},"_links":{"self":[{"href":"https:\/\/informelitoral.com.ar\/%77%70%2d%6a%73%6f%6e\/wp\/v2\/posts\/125497","targetHints":{"allow":["GET"]}}],"collection":[{"href":"https:\/\/informelitoral.com.ar\/%77%70%2d%6a%73%6f%6e\/wp\/v2\/posts"}],"about":[{"href":"https:\/\/informelitoral.com.ar\/%77%70%2d%6a%73%6f%6e\/wp\/v2\/types\/post"}],"author":[{"embeddable":true,"href":"https:\/\/informelitoral.com.ar\/%77%70%2d%6a%73%6f%6e\/wp\/v2\/users\/8"}],"replies":[{"embeddable":true,"href":"https:\/\/informelitoral.com.ar\/%77%70%2d%6a%73%6f%6e\/wp\/v2\/comments?post=125497"}],"version-history":[{"count":0,"href":"https:\/\/informelitoral.com.ar\/%77%70%2d%6a%73%6f%6e\/wp\/v2\/posts\/125497\/revisions"}],"wp:featuredmedia":[{"embeddable":true,"href":"https:\/\/informelitoral.com.ar\/%77%70%2d%6a%73%6f%6e\/wp\/v2\/media\/124836"}],"wp:attachment":[{"href":"https:\/\/informelitoral.com.ar\/%77%70%2d%6a%73%6f%6e\/wp\/v2\/media?parent=125497"}],"wp:term":[{"taxonomy":"category","embeddable":true,"href":"https:\/\/informelitoral.com.ar\/%77%70%2d%6a%73%6f%6e\/wp\/v2\/categories?post=125497"},{"taxonomy":"post_tag","embeddable":true,"href":"https:\/\/informelitoral.com.ar\/%77%70%2d%6a%73%6f%6e\/wp\/v2\/tags?post=125497"}],"curies":[{"name":"wp","href":"https:\/\/api.w.org\/{rel}","templated":true}]}}