{"id":125328,"date":"2023-03-10T08:39:19","date_gmt":"2023-03-10T11:39:19","guid":{"rendered":"https:\/\/www.informelitoral.com.ar\/?p=125328"},"modified":"2023-03-10T09:23:36","modified_gmt":"2023-03-10T12:23:36","slug":"en-victoria-stratta-recorrio-dos-importantes-obras-de-educacion-y-de-salud-2","status":"publish","type":"post","link":"https:\/\/informelitoral.com.ar\/en-victoria-stratta-recorrio-dos-importantes-obras-de-educacion-y-de-salud-2\/","title":{"rendered":"En Victoria, Stratta recorri\u00f3 dos importantes obras de educaci\u00f3n y de salud"},"content":{"rendered":"<p>En la oportunidad, la vicegobernadora expres\u00f3: \u201cEs una obra emblem\u00e1tica del departamento Victoria, que tiene que ver con el perfil de ciudad y de provincia que tenemos. Es la primera con estas caracter\u00edsticas, con esta habilitaci\u00f3n especial que se trabaj\u00f3 en articulaci\u00f3n con el Ministerio de Producci\u00f3n, con esta conexi\u00f3n que necesitamos seguir profundizando como es la educaci\u00f3n y el trabajo\u201d, subray\u00f3 Stratta al tiempo que valor\u00f3 la importancia de contar con infraestructura adecuada para brindar educaci\u00f3n de calidad. \u201cVictoria necesita instituciones educativas fuertes y s\u00f3lidas\u201d, asever\u00f3 la vicegobernadora quien se encarg\u00f3 de gestionar el proyecto de obra del establecimiento educativo.<\/p>\n<p>Por su parte, la secretaria del Ministerio de Planeamiento, Infraestructura y Servicios, Mar\u00eda Eugenia Mayr, se refiri\u00f3 a las caracter\u00edsticas t\u00e9cnicas de la obra. \u201cSe construye la sala de faenamiento, con una habilitaci\u00f3n que es la \u00fanica en la provincia para que la producci\u00f3n pueda comercializar bajo la normativa vigente del Ministerio de Producci\u00f3n\u201d. Dijo, adem\u00e1s, que el rector y vicerrectora solicitaron la ampliaci\u00f3n de tres aulas, las cuales no est\u00e1n incorporadas en el contrato original, pero se construir\u00e1n posteriormente.<\/p>\n<p>Record\u00f3 luego que la obra tiene un presupuesto de inversi\u00f3n de $280 millones de pesos y cuyas obras van a finalizar en agosto o septiembre de este a\u00f1o. \u201cEl gobernador Gustavo Bordet y la vicegobernadora Laura Stratta, apuestan a la construcci\u00f3n y mejoramiento de escuelas agrot\u00e9cnicas de la provincia donde los chicos tienen una salida laboral inmediata\u201d, resalt\u00f3 la funcionaria.<\/p>\n<p>En tanto, el intendente Domingo Maiocco, valor\u00f3 las obras realizadas en la Escuela Agrot\u00e9cnica de Victoria. \u201cEs trascendente una escuela agrot\u00e9cnica tan moderna, no solo por la posibilidad que tendr\u00e1n los peque\u00f1os productores sino tambi\u00e9n porque tambi\u00e9n tiene que ver con tiene que ver con la seguridad alimenticia porque la mercader\u00eda que salga de aqu\u00ed nos garantiza que se pueda vender al p\u00fablico\u201d, indic\u00f3 el jefe comunal.<\/p>\n<p>Y valor\u00f3 la gesti\u00f3n de Stratta: \u201cSiempre le digo que su paso por la Vicegobernaci\u00f3n quedar\u00e1 marcado por lo que tienen que ver con la Salud y la Educaci\u00f3n, sin educaci\u00f3n y sin salud el futuro es incierto\u201d, opin\u00f3.<\/p>\n<p>Luego, el rector del establecimiento educativo, Claudio Pereyra, consider\u00f3 que se trata de una \u201cobra in\u00e9dita\u201d para el departamento Victoria. \u201cEs la construcci\u00f3n de una escuela agrot\u00e9cnica nueva, pr\u00e1cticamente hecha desde cero y es una instituci\u00f3n con una matr\u00edcula muy importante\u201d, destac\u00f3.<\/p>\n<p>Asimismo, cont\u00f3 que ahora se est\u00e1 ejecutando \u201cla parte de entorno formativo, principalmente para darle valor agregado a la producci\u00f3n del campo, luego se seguir\u00e1 con la construcci\u00f3n de las aulas, el SUM y otros componentes. Ser\u00e1 una escuela modelo\u201d, expres\u00f3 docente, acompa\u00f1ado por la vicerrectora Laura Traverso, docentes y estudiantes.<\/p>\n<p><b>El proyecto<\/b><\/p>\n<p>Se formul\u00f3 un proyecto donde se reconocen tres sectores dentro del planteo. Se propuso un ingreso semi cubierto que articula el sector de aulas y el correspondiente al sal\u00f3n de usos m\u00faltiples. Los mismos se implantan sobre el frente del terreno, ubicando un sector destinado a la elaboraci\u00f3n de productos relacionados con la orientaci\u00f3n educativa en relaci\u00f3n directa con las \u00e1reas de trabajo. Por tal motivo se propuso realizar una refacci\u00f3n en el sector existente del edificio, donde se alojar\u00e1 un \u00e1rea de Gobierno con Direcci\u00f3n, Secretar\u00eda, preceptor\u00eda \/ sala de docentes y un grupo de tres aulas y un laboratorio, con un n\u00facleo sanitario y una galer\u00eda que lo recorre de punta a punta. Tambi\u00e9n implementar una ampliaci\u00f3n para alojar SUM \/ Comedor, con espacios de apoyo como Dep\u00f3sito, Cocina y N\u00facleo Sanitario, como adem\u00e1s la construcci\u00f3n de un sector productivo, donde se desarrollen tareas de faena y elaboraci\u00f3n de productos en base a cultivos, con su propio grupos sanitarios. El conjunto se plantea con una superficie cubierta total aproximada de 750,00 m2, con posibilidad de recibir futuras ampliaciones de espacios educativos.<\/p>\n<p><b>A buen ritmo siguen las obras en el Hospital Salaberry<\/b><\/p>\n<p>Tambi\u00e9n la vicegobernadora visit\u00f3 el Hospital Ferm\u00edn Salaberry de la ciudad. All\u00ed recorri\u00f3 las obras de ampliaci\u00f3n y reacondicionamiento que se est\u00e1n ejecutando en el nosocomio, con una inversi\u00f3n del gobierno provincial de $350 millones de pesos. Stratta agradeci\u00f3 a la ministra de Salud de la provincia, Sonia Vel\u00e1zquez y al equipo del Ministerio de Planeamiento, Infraestructura y Servicios \u201cque han trabajado fuerte para que la obra recupere ritmo\u201d, resalt\u00f3 tras recordar que el plazo de finalizaci\u00f3n de obras est\u00e1 previsto para septiembre. \u201cY estamos trabajando para que as\u00ed sea, para poder empezar a pensar en otras cuestiones que tambi\u00e9n la salud y el hospital demandan\u201d, dijo Stratta al tiempo que destac\u00f3 \u201clas acciones y decisiones que nos permitan mirar hacia adelante y garantizar la salud de las y los entrerrianos y en particular la salud de los vecinos de Victoria\u201d.<\/p>\n<p>En este marco, junto a la ministra Sonia Vel\u00e1zquez, la vicegobernadora acompa\u00f1\u00f3 la asunci\u00f3n de la nueva directora del nosocomio Nelly Amilibia.<\/p>\n","protected":false},"excerpt":{"rendered":"<p>Este jueves por la ma\u00f1ana, la vicegobernadora Laura Stratta recorri\u00f3 el avance de obras de ampliaci\u00f3n y refacci\u00f3n del sector Pedag\u00f3gico y de Producci\u00f3n en Anexo Agrot\u00e9cnica E.E.T. N\u00b01 Dr. Pedro Radio, de Victoria.<\/p>\n","protected":false},"author":8,"featured_media":125271,"comment_status":"open","ping_status":"open","sticky":false,"template":"","format":"standard","meta":{"fifu_image_url":"","fifu_image_alt":"","footnotes":""},"categories":[16],"tags":[680,507],"class_list":{"0":"post-125328","1":"post","2":"type-post","3":"status-publish","4":"format-standard","5":"has-post-thumbnail","7":"category-politi","8":"tag-laura-stratta","9":"tag-victoria"},"yoast_head":"<title>En Victoria, Stratta recorri\u00f3 dos importantes obras de educaci\u00f3n y de salud - Informe Litoral<\/title>\n<meta name=\"robots\" content=\"index, follow, max-snippet:-1, max-image-preview:large, max-video-preview:-1\" \/>\n<link rel=\"canonical\" href=\"https:\/\/informelitoral.com.ar\/en-victoria-stratta-recorrio-dos-importantes-obras-de-educacion-y-de-salud-2\/\" \/>\n<meta property=\"og:locale\" content=\"es_ES\" \/>\n<meta property=\"og:type\" content=\"article\" \/>\n<meta property=\"og:title\" content=\"En Victoria, Stratta recorri\u00f3 dos importantes obras de educaci\u00f3n y de salud - Informe Litoral\" \/>\n<meta property=\"og:description\" content=\"Este jueves por la ma\u00f1ana, la vicegobernadora Laura Stratta recorri\u00f3 el avance de obras de ampliaci\u00f3n y refacci\u00f3n del sector Pedag\u00f3gico y de Producci\u00f3n en Anexo Agrot\u00e9cnica E.E.T. N\u00b01 Dr. Pedro Radio, de Victoria.\" \/>\n<meta property=\"og:url\" content=\"https:\/\/informelitoral.com.ar\/en-victoria-stratta-recorrio-dos-importantes-obras-de-educacion-y-de-salud-2\/\" \/>\n<meta property=\"og:site_name\" content=\"Informe Litoral\" \/>\n<meta property=\"article:publisher\" content=\"https:\/\/www.facebook.com\/informelitoral\/\" \/>\n<meta property=\"article:published_time\" content=\"2023-03-10T11:39:19+00:00\" \/>\n<meta property=\"article:modified_time\" content=\"2023-03-10T12:23:36+00:00\" \/>\n<meta property=\"og:image\" content=\"https:\/\/informelitoral.com.ar\/%77%70%2d%63%6f%6e%74%65%6e%74\/uploads\/2023\/03\/p_1678403677.jpg\" \/>\n\t<meta property=\"og:image:width\" content=\"1920\" \/>\n\t<meta property=\"og:image:height\" content=\"800\" \/>\n\t<meta property=\"og:image:type\" content=\"image\/jpeg\" \/>\n<meta name=\"author\" content=\"Sebastian\" \/>\n<meta name=\"twitter:card\" content=\"summary_large_image\" \/>\n<meta name=\"twitter:creator\" content=\"@InformeLitoral\" \/>\n<meta name=\"twitter:site\" content=\"@InformeLitoral\" \/>\n<meta name=\"twitter:label1\" content=\"Escrito por\" \/>\n\t<meta name=\"twitter:data1\" content=\"Sebastian\" \/>\n\t<meta name=\"twitter:label2\" content=\"Tiempo de lectura\" \/>\n\t<meta name=\"twitter:data2\" content=\"4 minutos\" \/>\n<script type=\"application\/ld+json\" class=\"yoast-schema-graph\">{\"@context\":\"https:\\\/\\\/schema.org\",\"@graph\":[{\"@type\":\"Article\",\"@id\":\"https:\\\/\\\/informelitoral.com.ar\\\/en-victoria-stratta-recorrio-dos-importantes-obras-de-educacion-y-de-salud-2\\\/#article\",\"isPartOf\":{\"@id\":\"https:\\\/\\\/informelitoral.com.ar\\\/en-victoria-stratta-recorrio-dos-importantes-obras-de-educacion-y-de-salud-2\\\/\"},\"author\":{\"name\":\"Sebastian\",\"@id\":\"https:\\\/\\\/informelitoral.com.ar\\\/#\\\/schema\\\/person\\\/f05f9f461677119578717524b127d6d5\"},\"headline\":\"En Victoria, Stratta recorri\u00f3 dos importantes obras de educaci\u00f3n y de salud\",\"datePublished\":\"2023-03-10T11:39:19+00:00\",\"dateModified\":\"2023-03-10T12:23:36+00:00\",\"mainEntityOfPage\":{\"@id\":\"https:\\\/\\\/informelitoral.com.ar\\\/en-victoria-stratta-recorrio-dos-importantes-obras-de-educacion-y-de-salud-2\\\/\"},\"wordCount\":878,\"commentCount\":0,\"publisher\":{\"@id\":\"https:\\\/\\\/informelitoral.com.ar\\\/#organization\"},\"image\":{\"@id\":\"https:\\\/\\\/informelitoral.com.ar\\\/en-victoria-stratta-recorrio-dos-importantes-obras-de-educacion-y-de-salud-2\\\/#primaryimage\"},\"thumbnailUrl\":\"https:\\\/\\\/informelitoral.com.ar\\\/%77%70%2d%63%6f%6e%74%65%6e%74\\\/uploads\\\/2023\\\/03\\\/p_1678403677.jpg\",\"keywords\":[\"Laura Stratta\",\"Victoria\"],\"articleSection\":[\"Politica\"],\"inLanguage\":\"es\",\"potentialAction\":[{\"@type\":\"CommentAction\",\"name\":\"Comment\",\"target\":[\"https:\\\/\\\/informelitoral.com.ar\\\/en-victoria-stratta-recorrio-dos-importantes-obras-de-educacion-y-de-salud-2\\\/#respond\"]}]},{\"@type\":\"WebPage\",\"@id\":\"https:\\\/\\\/informelitoral.com.ar\\\/en-victoria-stratta-recorrio-dos-importantes-obras-de-educacion-y-de-salud-2\\\/\",\"url\":\"https:\\\/\\\/informelitoral.com.ar\\\/en-victoria-stratta-recorrio-dos-importantes-obras-de-educacion-y-de-salud-2\\\/\",\"name\":\"En Victoria, Stratta recorri\u00f3 dos importantes obras de educaci\u00f3n y de salud - Informe Litoral\",\"isPartOf\":{\"@id\":\"https:\\\/\\\/informelitoral.com.ar\\\/#website\"},\"primaryImageOfPage\":{\"@id\":\"https:\\\/\\\/informelitoral.com.ar\\\/en-victoria-stratta-recorrio-dos-importantes-obras-de-educacion-y-de-salud-2\\\/#primaryimage\"},\"image\":{\"@id\":\"https:\\\/\\\/informelitoral.com.ar\\\/en-victoria-stratta-recorrio-dos-importantes-obras-de-educacion-y-de-salud-2\\\/#primaryimage\"},\"thumbnailUrl\":\"https:\\\/\\\/informelitoral.com.ar\\\/%77%70%2d%63%6f%6e%74%65%6e%74\\\/uploads\\\/2023\\\/03\\\/p_1678403677.jpg\",\"datePublished\":\"2023-03-10T11:39:19+00:00\",\"dateModified\":\"2023-03-10T12:23:36+00:00\",\"breadcrumb\":{\"@id\":\"https:\\\/\\\/informelitoral.com.ar\\\/en-victoria-stratta-recorrio-dos-importantes-obras-de-educacion-y-de-salud-2\\\/#breadcrumb\"},\"inLanguage\":\"es\",\"potentialAction\":[{\"@type\":\"ReadAction\",\"target\":[\"https:\\\/\\\/informelitoral.com.ar\\\/en-victoria-stratta-recorrio-dos-importantes-obras-de-educacion-y-de-salud-2\\\/\"]}]},{\"@type\":\"ImageObject\",\"inLanguage\":\"es\",\"@id\":\"https:\\\/\\\/informelitoral.com.ar\\\/en-victoria-stratta-recorrio-dos-importantes-obras-de-educacion-y-de-salud-2\\\/#primaryimage\",\"url\":\"https:\\\/\\\/informelitoral.com.ar\\\/%77%70%2d%63%6f%6e%74%65%6e%74\\\/uploads\\\/2023\\\/03\\\/p_1678403677.jpg\",\"contentUrl\":\"https:\\\/\\\/informelitoral.com.ar\\\/%77%70%2d%63%6f%6e%74%65%6e%74\\\/uploads\\\/2023\\\/03\\\/p_1678403677.jpg\",\"width\":1920,\"height\":800},{\"@type\":\"BreadcrumbList\",\"@id\":\"https:\\\/\\\/informelitoral.com.ar\\\/en-victoria-stratta-recorrio-dos-importantes-obras-de-educacion-y-de-salud-2\\\/#breadcrumb\",\"itemListElement\":[{\"@type\":\"ListItem\",\"position\":1,\"name\":\"Portada\",\"item\":\"https:\\\/\\\/informelitoral.com.ar\\\/\"},{\"@type\":\"ListItem\",\"position\":2,\"name\":\"En Victoria, Stratta recorri\u00f3 dos importantes obras de educaci\u00f3n y de salud\"}]},{\"@type\":\"WebSite\",\"@id\":\"https:\\\/\\\/informelitoral.com.ar\\\/#website\",\"url\":\"https:\\\/\\\/informelitoral.com.ar\\\/\",\"name\":\"Informe Litoral\",\"description\":\"&quot;Nos informamos&quot; \",\"publisher\":{\"@id\":\"https:\\\/\\\/informelitoral.com.ar\\\/#organization\"},\"potentialAction\":[{\"@type\":\"SearchAction\",\"target\":{\"@type\":\"EntryPoint\",\"urlTemplate\":\"https:\\\/\\\/informelitoral.com.ar\\\/?s={search_term_string}\"},\"query-input\":{\"@type\":\"PropertyValueSpecification\",\"valueRequired\":true,\"valueName\":\"search_term_string\"}}],\"inLanguage\":\"es\"},{\"@type\":\"Organization\",\"@id\":\"https:\\\/\\\/informelitoral.com.ar\\\/#organization\",\"name\":\"Informe Litoral\",\"url\":\"https:\\\/\\\/informelitoral.com.ar\\\/\",\"logo\":{\"@type\":\"ImageObject\",\"inLanguage\":\"es\",\"@id\":\"https:\\\/\\\/informelitoral.com.ar\\\/#\\\/schema\\\/logo\\\/image\\\/\",\"url\":\"https:\\\/\\\/informelitoral.com.ar\\\/%77%70%2d%63%6f%6e%74%65%6e%74\\\/uploads\\\/2021\\\/01\\\/circulo.png\",\"contentUrl\":\"https:\\\/\\\/informelitoral.com.ar\\\/%77%70%2d%63%6f%6e%74%65%6e%74\\\/uploads\\\/2021\\\/01\\\/circulo.png\",\"width\":723,\"height\":731,\"caption\":\"Informe Litoral\"},\"image\":{\"@id\":\"https:\\\/\\\/informelitoral.com.ar\\\/#\\\/schema\\\/logo\\\/image\\\/\"},\"sameAs\":[\"https:\\\/\\\/www.facebook.com\\\/informelitoral\\\/\",\"https:\\\/\\\/x.com\\\/InformeLitoral\",\"https:\\\/\\\/www.instagram.com\\\/informelitoral\\\/\",\"https:\\\/\\\/www.youtube.com\\\/channel\\\/UCua4Qvz8Icb6MYqhoq9xLXw\"]},{\"@type\":\"Person\",\"@id\":\"https:\\\/\\\/informelitoral.com.ar\\\/#\\\/schema\\\/person\\\/f05f9f461677119578717524b127d6d5\",\"name\":\"Sebastian\",\"image\":{\"@type\":\"ImageObject\",\"inLanguage\":\"es\",\"@id\":\"https:\\\/\\\/secure.gravatar.com\\\/avatar\\\/b71bf7481d447dfb9583c7f2798e7cc64de6efb9067b74633ed8c31059a3bd82?s=96&d=mm&r=g\",\"url\":\"https:\\\/\\\/secure.gravatar.com\\\/avatar\\\/b71bf7481d447dfb9583c7f2798e7cc64de6efb9067b74633ed8c31059a3bd82?s=96&d=mm&r=g\",\"contentUrl\":\"https:\\\/\\\/secure.gravatar.com\\\/avatar\\\/b71bf7481d447dfb9583c7f2798e7cc64de6efb9067b74633ed8c31059a3bd82?s=96&d=mm&r=g\",\"caption\":\"Sebastian\"},\"url\":\"https:\\\/\\\/informelitoral.com.ar\\\/author\\\/sebastian\\\/\"}]}<\/script>","yoast_head_json":{"title":"En Victoria, Stratta recorri\u00f3 dos importantes obras de educaci\u00f3n y de salud - Informe Litoral","robots":{"index":"index","follow":"follow","max-snippet":"max-snippet:-1","max-image-preview":"max-image-preview:large","max-video-preview":"max-video-preview:-1"},"canonical":"https:\/\/informelitoral.com.ar\/en-victoria-stratta-recorrio-dos-importantes-obras-de-educacion-y-de-salud-2\/","og_locale":"es_ES","og_type":"article","og_title":"En Victoria, Stratta recorri\u00f3 dos importantes obras de educaci\u00f3n y de salud - Informe Litoral","og_description":"Este jueves por la ma\u00f1ana, la vicegobernadora Laura Stratta recorri\u00f3 el avance de obras de ampliaci\u00f3n y refacci\u00f3n del sector Pedag\u00f3gico y de Producci\u00f3n en Anexo Agrot\u00e9cnica E.E.T. N\u00b01 Dr. Pedro Radio, de Victoria.","og_url":"https:\/\/informelitoral.com.ar\/en-victoria-stratta-recorrio-dos-importantes-obras-de-educacion-y-de-salud-2\/","og_site_name":"Informe Litoral","article_publisher":"https:\/\/www.facebook.com\/informelitoral\/","article_published_time":"2023-03-10T11:39:19+00:00","article_modified_time":"2023-03-10T12:23:36+00:00","og_image":[{"width":1920,"height":800,"url":"https:\/\/informelitoral.com.ar\/%77%70%2d%63%6f%6e%74%65%6e%74\/uploads\/2023\/03\/p_1678403677.jpg","type":"image\/jpeg"}],"author":"Sebastian","twitter_card":"summary_large_image","twitter_creator":"@InformeLitoral","twitter_site":"@InformeLitoral","twitter_misc":{"Escrito por":"Sebastian","Tiempo de lectura":"4 minutos"},"schema":{"@context":"https:\/\/schema.org","@graph":[{"@type":"Article","@id":"https:\/\/informelitoral.com.ar\/en-victoria-stratta-recorrio-dos-importantes-obras-de-educacion-y-de-salud-2\/#article","isPartOf":{"@id":"https:\/\/informelitoral.com.ar\/en-victoria-stratta-recorrio-dos-importantes-obras-de-educacion-y-de-salud-2\/"},"author":{"name":"Sebastian","@id":"https:\/\/informelitoral.com.ar\/#\/schema\/person\/f05f9f461677119578717524b127d6d5"},"headline":"En Victoria, Stratta recorri\u00f3 dos importantes obras de educaci\u00f3n y de salud","datePublished":"2023-03-10T11:39:19+00:00","dateModified":"2023-03-10T12:23:36+00:00","mainEntityOfPage":{"@id":"https:\/\/informelitoral.com.ar\/en-victoria-stratta-recorrio-dos-importantes-obras-de-educacion-y-de-salud-2\/"},"wordCount":878,"commentCount":0,"publisher":{"@id":"https:\/\/informelitoral.com.ar\/#organization"},"image":{"@id":"https:\/\/informelitoral.com.ar\/en-victoria-stratta-recorrio-dos-importantes-obras-de-educacion-y-de-salud-2\/#primaryimage"},"thumbnailUrl":"https:\/\/informelitoral.com.ar\/%77%70%2d%63%6f%6e%74%65%6e%74\/uploads\/2023\/03\/p_1678403677.jpg","keywords":["Laura Stratta","Victoria"],"articleSection":["Politica"],"inLanguage":"es","potentialAction":[{"@type":"CommentAction","name":"Comment","target":["https:\/\/informelitoral.com.ar\/en-victoria-stratta-recorrio-dos-importantes-obras-de-educacion-y-de-salud-2\/#respond"]}]},{"@type":"WebPage","@id":"https:\/\/informelitoral.com.ar\/en-victoria-stratta-recorrio-dos-importantes-obras-de-educacion-y-de-salud-2\/","url":"https:\/\/informelitoral.com.ar\/en-victoria-stratta-recorrio-dos-importantes-obras-de-educacion-y-de-salud-2\/","name":"En Victoria, Stratta recorri\u00f3 dos importantes obras de educaci\u00f3n y de salud - Informe Litoral","isPartOf":{"@id":"https:\/\/informelitoral.com.ar\/#website"},"primaryImageOfPage":{"@id":"https:\/\/informelitoral.com.ar\/en-victoria-stratta-recorrio-dos-importantes-obras-de-educacion-y-de-salud-2\/#primaryimage"},"image":{"@id":"https:\/\/informelitoral.com.ar\/en-victoria-stratta-recorrio-dos-importantes-obras-de-educacion-y-de-salud-2\/#primaryimage"},"thumbnailUrl":"https:\/\/informelitoral.com.ar\/%77%70%2d%63%6f%6e%74%65%6e%74\/uploads\/2023\/03\/p_1678403677.jpg","datePublished":"2023-03-10T11:39:19+00:00","dateModified":"2023-03-10T12:23:36+00:00","breadcrumb":{"@id":"https:\/\/informelitoral.com.ar\/en-victoria-stratta-recorrio-dos-importantes-obras-de-educacion-y-de-salud-2\/#breadcrumb"},"inLanguage":"es","potentialAction":[{"@type":"ReadAction","target":["https:\/\/informelitoral.com.ar\/en-victoria-stratta-recorrio-dos-importantes-obras-de-educacion-y-de-salud-2\/"]}]},{"@type":"ImageObject","inLanguage":"es","@id":"https:\/\/informelitoral.com.ar\/en-victoria-stratta-recorrio-dos-importantes-obras-de-educacion-y-de-salud-2\/#primaryimage","url":"https:\/\/informelitoral.com.ar\/%77%70%2d%63%6f%6e%74%65%6e%74\/uploads\/2023\/03\/p_1678403677.jpg","contentUrl":"https:\/\/informelitoral.com.ar\/%77%70%2d%63%6f%6e%74%65%6e%74\/uploads\/2023\/03\/p_1678403677.jpg","width":1920,"height":800},{"@type":"BreadcrumbList","@id":"https:\/\/informelitoral.com.ar\/en-victoria-stratta-recorrio-dos-importantes-obras-de-educacion-y-de-salud-2\/#breadcrumb","itemListElement":[{"@type":"ListItem","position":1,"name":"Portada","item":"https:\/\/informelitoral.com.ar\/"},{"@type":"ListItem","position":2,"name":"En Victoria, Stratta recorri\u00f3 dos importantes obras de educaci\u00f3n y de salud"}]},{"@type":"WebSite","@id":"https:\/\/informelitoral.com.ar\/#website","url":"https:\/\/informelitoral.com.ar\/","name":"Informe Litoral","description":"&quot;Nos informamos&quot; ","publisher":{"@id":"https:\/\/informelitoral.com.ar\/#organization"},"potentialAction":[{"@type":"SearchAction","target":{"@type":"EntryPoint","urlTemplate":"https:\/\/informelitoral.com.ar\/?s={search_term_string}"},"query-input":{"@type":"PropertyValueSpecification","valueRequired":true,"valueName":"search_term_string"}}],"inLanguage":"es"},{"@type":"Organization","@id":"https:\/\/informelitoral.com.ar\/#organization","name":"Informe Litoral","url":"https:\/\/informelitoral.com.ar\/","logo":{"@type":"ImageObject","inLanguage":"es","@id":"https:\/\/informelitoral.com.ar\/#\/schema\/logo\/image\/","url":"https:\/\/informelitoral.com.ar\/%77%70%2d%63%6f%6e%74%65%6e%74\/uploads\/2021\/01\/circulo.png","contentUrl":"https:\/\/informelitoral.com.ar\/%77%70%2d%63%6f%6e%74%65%6e%74\/uploads\/2021\/01\/circulo.png","width":723,"height":731,"caption":"Informe Litoral"},"image":{"@id":"https:\/\/informelitoral.com.ar\/#\/schema\/logo\/image\/"},"sameAs":["https:\/\/www.facebook.com\/informelitoral\/","https:\/\/x.com\/InformeLitoral","https:\/\/www.instagram.com\/informelitoral\/","https:\/\/www.youtube.com\/channel\/UCua4Qvz8Icb6MYqhoq9xLXw"]},{"@type":"Person","@id":"https:\/\/informelitoral.com.ar\/#\/schema\/person\/f05f9f461677119578717524b127d6d5","name":"Sebastian","image":{"@type":"ImageObject","inLanguage":"es","@id":"https:\/\/secure.gravatar.com\/avatar\/b71bf7481d447dfb9583c7f2798e7cc64de6efb9067b74633ed8c31059a3bd82?s=96&d=mm&r=g","url":"https:\/\/secure.gravatar.com\/avatar\/b71bf7481d447dfb9583c7f2798e7cc64de6efb9067b74633ed8c31059a3bd82?s=96&d=mm&r=g","contentUrl":"https:\/\/secure.gravatar.com\/avatar\/b71bf7481d447dfb9583c7f2798e7cc64de6efb9067b74633ed8c31059a3bd82?s=96&d=mm&r=g","caption":"Sebastian"},"url":"https:\/\/informelitoral.com.ar\/author\/sebastian\/"}]}},"_links":{"self":[{"href":"https:\/\/informelitoral.com.ar\/%77%70%2d%6a%73%6f%6e\/wp\/v2\/posts\/125328","targetHints":{"allow":["GET"]}}],"collection":[{"href":"https:\/\/informelitoral.com.ar\/%77%70%2d%6a%73%6f%6e\/wp\/v2\/posts"}],"about":[{"href":"https:\/\/informelitoral.com.ar\/%77%70%2d%6a%73%6f%6e\/wp\/v2\/types\/post"}],"author":[{"embeddable":true,"href":"https:\/\/informelitoral.com.ar\/%77%70%2d%6a%73%6f%6e\/wp\/v2\/users\/8"}],"replies":[{"embeddable":true,"href":"https:\/\/informelitoral.com.ar\/%77%70%2d%6a%73%6f%6e\/wp\/v2\/comments?post=125328"}],"version-history":[{"count":0,"href":"https:\/\/informelitoral.com.ar\/%77%70%2d%6a%73%6f%6e\/wp\/v2\/posts\/125328\/revisions"}],"wp:featuredmedia":[{"embeddable":true,"href":"https:\/\/informelitoral.com.ar\/%77%70%2d%6a%73%6f%6e\/wp\/v2\/media\/125271"}],"wp:attachment":[{"href":"https:\/\/informelitoral.com.ar\/%77%70%2d%6a%73%6f%6e\/wp\/v2\/media?parent=125328"}],"wp:term":[{"taxonomy":"category","embeddable":true,"href":"https:\/\/informelitoral.com.ar\/%77%70%2d%6a%73%6f%6e\/wp\/v2\/categories?post=125328"},{"taxonomy":"post_tag","embeddable":true,"href":"https:\/\/informelitoral.com.ar\/%77%70%2d%6a%73%6f%6e\/wp\/v2\/tags?post=125328"}],"curies":[{"name":"wp","href":"https:\/\/api.w.org\/{rel}","templated":true}]}}