{"id":125286,"date":"2023-03-10T09:14:47","date_gmt":"2023-03-10T12:14:47","guid":{"rendered":"https:\/\/www.informelitoral.com.ar\/?p=125286"},"modified":"2023-03-10T09:14:47","modified_gmt":"2023-03-10T12:14:47","slug":"ramirez-festeja-2023-el-programa-para-este-viernes-sabado-domingo-y-lunes","status":"publish","type":"post","link":"https:\/\/informelitoral.com.ar\/ramirez-festeja-2023-el-programa-para-este-viernes-sabado-domingo-y-lunes\/","title":{"rendered":"Ram\u00edrez Festeja 2023: el programa para este viernes, s\u00e1bado, domingo y lunes"},"content":{"rendered":"<p><strong>En General Ram\u00edrez contin\u00faan las actividades por el 135\u00b0 aniversario de la ciudad y este fin de semana ser\u00e1 el punto central del Ram\u00edrez Festeja 2023.<\/strong> Durante este viernes, s\u00e1bado y domingo se destacar\u00e1n las propuestas sobre el escenario, pero tambi\u00e9n habr\u00e1 una importante participaci\u00f3n del sector productivo, emprendedor y de las instituciones locales.<\/p>\n<h3><strong>PROGRAMA DEL RAM\u00cdREZ FESTEJA 2023<\/strong><\/h3>\n<h4><strong>Viernes 10:<\/strong><\/h4>\n<p><a href=\"http:\/\/www.informelitoral.com.ar\/%77%70%2d%63%6f%6e%74%65%6e%74\/uploads\/2023\/03\/306722034_636996581134788_6583013489257321507_n.jpg\"><img loading=\"lazy\" decoding=\"async\" class=\"aligncenter wp-image-125345 size-full\" src=\"http:\/\/www.informelitoral.com.ar\/%77%70%2d%63%6f%6e%74%65%6e%74\/uploads\/2023\/03\/306722034_636996581134788_6583013489257321507_n.jpg\" alt=\"\" width=\"960\" height=\"591\" srcset=\"https:\/\/informelitoral.com.ar\/%77%70%2d%63%6f%6e%74%65%6e%74\/uploads\/2023\/03\/306722034_636996581134788_6583013489257321507_n.jpg 960w, https:\/\/informelitoral.com.ar\/%77%70%2d%63%6f%6e%74%65%6e%74\/uploads\/2023\/03\/306722034_636996581134788_6583013489257321507_n-300x185.jpg 300w, https:\/\/informelitoral.com.ar\/%77%70%2d%63%6f%6e%74%65%6e%74\/uploads\/2023\/03\/306722034_636996581134788_6583013489257321507_n-768x473.jpg 768w, https:\/\/informelitoral.com.ar\/%77%70%2d%63%6f%6e%74%65%6e%74\/uploads\/2023\/03\/306722034_636996581134788_6583013489257321507_n-696x428.jpg 696w, https:\/\/informelitoral.com.ar\/%77%70%2d%63%6f%6e%74%65%6e%74\/uploads\/2023\/03\/306722034_636996581134788_6583013489257321507_n-682x420.jpg 682w, https:\/\/informelitoral.com.ar\/%77%70%2d%63%6f%6e%74%65%6e%74\/uploads\/2023\/03\/306722034_636996581134788_6583013489257321507_n-356x220.jpg 356w\" sizes=\"auto, (max-width: 960px) 100vw, 960px\" \/><\/a>-19.30: Pre Bandas (finalistas)<\/p>\n<p>-20.50: Inauguraci\u00f3n \u00abRam\u00edrez Potencia\u00bb<\/p>\n<p>-21: Apertura del \u00abEspacio Gurises\u00bb<\/p>\n<p>-21.40: Postmortem<\/p>\n<p>-22.10: Fe ciega<\/p>\n<p>-22.40: Vivre<\/p>\n<p>-23.10: La Vuelta<\/p>\n<p>-23.40: Sublevados<\/p>\n<p>-00.10: Ganador del Pre Bandas<\/p>\n<p><strong>-00.40: Los Tipitos\u00a0<\/strong><\/p>\n<h4><strong>S\u00e1bado 11<\/strong><\/h4>\n<p><a href=\"http:\/\/www.informelitoral.com.ar\/%77%70%2d%63%6f%6e%74%65%6e%74\/uploads\/2023\/03\/67231910_2359590664256615_7130997273143541760_n.jpg\"><img loading=\"lazy\" decoding=\"async\" class=\"aligncenter wp-image-125346 size-full\" src=\"http:\/\/www.informelitoral.com.ar\/%77%70%2d%63%6f%6e%74%65%6e%74\/uploads\/2023\/03\/67231910_2359590664256615_7130997273143541760_n.jpg\" alt=\"\" width=\"1600\" height=\"1600\" srcset=\"https:\/\/informelitoral.com.ar\/%77%70%2d%63%6f%6e%74%65%6e%74\/uploads\/2023\/03\/67231910_2359590664256615_7130997273143541760_n.jpg 1600w, https:\/\/informelitoral.com.ar\/%77%70%2d%63%6f%6e%74%65%6e%74\/uploads\/2023\/03\/67231910_2359590664256615_7130997273143541760_n-300x300.jpg 300w, https:\/\/informelitoral.com.ar\/%77%70%2d%63%6f%6e%74%65%6e%74\/uploads\/2023\/03\/67231910_2359590664256615_7130997273143541760_n-1024x1024.jpg 1024w, https:\/\/informelitoral.com.ar\/%77%70%2d%63%6f%6e%74%65%6e%74\/uploads\/2023\/03\/67231910_2359590664256615_7130997273143541760_n-150x150.jpg 150w, https:\/\/informelitoral.com.ar\/%77%70%2d%63%6f%6e%74%65%6e%74\/uploads\/2023\/03\/67231910_2359590664256615_7130997273143541760_n-768x768.jpg 768w, https:\/\/informelitoral.com.ar\/%77%70%2d%63%6f%6e%74%65%6e%74\/uploads\/2023\/03\/67231910_2359590664256615_7130997273143541760_n-1536x1536.jpg 1536w, https:\/\/informelitoral.com.ar\/%77%70%2d%63%6f%6e%74%65%6e%74\/uploads\/2023\/03\/67231910_2359590664256615_7130997273143541760_n-696x696.jpg 696w, https:\/\/informelitoral.com.ar\/%77%70%2d%63%6f%6e%74%65%6e%74\/uploads\/2023\/03\/67231910_2359590664256615_7130997273143541760_n-1068x1068.jpg 1068w, https:\/\/informelitoral.com.ar\/%77%70%2d%63%6f%6e%74%65%6e%74\/uploads\/2023\/03\/67231910_2359590664256615_7130997273143541760_n-420x420.jpg 420w\" sizes=\"auto, (max-width: 1600px) 100vw, 1600px\" \/><\/a>-20.30: Valentina Grun M\u00e9ndez<\/p>\n<p>-20.45: Caminal Buxman<\/p>\n<p>-21: Ga7on Ft. Pablo R\u00edos<\/p>\n<p>-21.20: Reflejos de Tradici\u00f3n<\/p>\n<p>-21.30: Ensamble RF<\/p>\n<p>-22: Amigos del Litoral<\/p>\n<p>-22.30: Marcapasos<\/p>\n<p>-23:00: Cable a Tierra (tributo a Cerati)<\/p>\n<p>-23:30: Miqueas Leiria &amp; Nadia St\u00fcrtz<\/p>\n<p>-00.00: Siempre tarde<\/p>\n<p>-00.30: Gaby y Los Aut\u00e9nticos<\/p>\n<p><strong>-01.00: La Contra<\/strong><\/p>\n<p>-DJ Ema M\u00fcller trasnoche<\/p>\n<h4><strong>Domingo 12:<\/strong><\/h4>\n<p><a href=\"http:\/\/www.informelitoral.com.ar\/%77%70%2d%63%6f%6e%74%65%6e%74\/uploads\/2023\/03\/311695997_662037662151594_418098842815664582_n.jpg\"><img loading=\"lazy\" decoding=\"async\" class=\"aligncenter wp-image-125347 size-full\" src=\"http:\/\/www.informelitoral.com.ar\/%77%70%2d%63%6f%6e%74%65%6e%74\/uploads\/2023\/03\/311695997_662037662151594_418098842815664582_n.jpg\" alt=\"\" width=\"1600\" height=\"1200\" srcset=\"https:\/\/informelitoral.com.ar\/%77%70%2d%63%6f%6e%74%65%6e%74\/uploads\/2023\/03\/311695997_662037662151594_418098842815664582_n.jpg 1600w, https:\/\/informelitoral.com.ar\/%77%70%2d%63%6f%6e%74%65%6e%74\/uploads\/2023\/03\/311695997_662037662151594_418098842815664582_n-300x225.jpg 300w, https:\/\/informelitoral.com.ar\/%77%70%2d%63%6f%6e%74%65%6e%74\/uploads\/2023\/03\/311695997_662037662151594_418098842815664582_n-1024x768.jpg 1024w, https:\/\/informelitoral.com.ar\/%77%70%2d%63%6f%6e%74%65%6e%74\/uploads\/2023\/03\/311695997_662037662151594_418098842815664582_n-768x576.jpg 768w, https:\/\/informelitoral.com.ar\/%77%70%2d%63%6f%6e%74%65%6e%74\/uploads\/2023\/03\/311695997_662037662151594_418098842815664582_n-1536x1152.jpg 1536w, https:\/\/informelitoral.com.ar\/%77%70%2d%63%6f%6e%74%65%6e%74\/uploads\/2023\/03\/311695997_662037662151594_418098842815664582_n-696x522.jpg 696w, https:\/\/informelitoral.com.ar\/%77%70%2d%63%6f%6e%74%65%6e%74\/uploads\/2023\/03\/311695997_662037662151594_418098842815664582_n-1068x801.jpg 1068w, https:\/\/informelitoral.com.ar\/%77%70%2d%63%6f%6e%74%65%6e%74\/uploads\/2023\/03\/311695997_662037662151594_418098842815664582_n-560x420.jpg 560w, https:\/\/informelitoral.com.ar\/%77%70%2d%63%6f%6e%74%65%6e%74\/uploads\/2023\/03\/311695997_662037662151594_418098842815664582_n-80x60.jpg 80w, https:\/\/informelitoral.com.ar\/%77%70%2d%63%6f%6e%74%65%6e%74\/uploads\/2023\/03\/311695997_662037662151594_418098842815664582_n-265x198.jpg 265w\" sizes=\"auto, (max-width: 1600px) 100vw, 1600px\" \/><\/a><\/p>\n<p>-15: Desfile de agrupaciones<\/p>\n<p>-17.00: Maia Videla y su conjunto<\/p>\n<p>-17.30: D\u00fao Enarmonia<\/p>\n<p>-18: Linares entrerrianos<\/p>\n<p>-18.30: Isletas Litoral<\/p>\n<p>-19: Revoluci\u00f3n Federal<\/p>\n<p>-19.20: Nuevo Encuentro (danzas)<\/p>\n<p>-19.50: Eclipse (danzas)<\/p>\n<p>-20.10: Toby Gim\u00e9nez<\/p>\n<p>-20.30: Nuvas Ra\u00edces (danzas)<\/p>\n<p>-20.40: Hera (danzas)<\/p>\n<p>-21: Los Lungos<\/p>\n<p>-21.25: Pitu Mart\u00ednez ritmos<\/p>\n<p>-21.40: La sin nombre<\/p>\n<p>-22: Ritmos latinos Laura Sandill\u00fa<\/p>\n<p>-22.15: Maravillas Alemanas<\/p>\n<p>-22.45: X- Pressi\u00f3n (danzas)<\/p>\n<p>-23: Litoral Tag\u00fc\u00e9<\/p>\n<p>-23.40: sorteos, autoridades, presentaci\u00f3n del nuevo logo<\/p>\n<p>-00:00: \u00a1Feliz cumple Ram\u00edrez!<\/p>\n<p>&#8211;<strong>00.05: Ahyre<\/strong><\/p>\n<p>Todas las actividades son con entrada libre y gratuita, en el Parque de la Democracia. El evento ser\u00e1 transmitido en vivo las tres noches a trav\u00e9s de <em>Canal 6 Entre R\u00edos TV.\u00a0<\/em><\/p>\n<h4><strong>Lunes 13:\u00a0<\/strong><\/h4>\n<p>-18.30: acto oficial por el 135 aniversario de la ciudad, frente al busto de Pancho Ram\u00edrez. <em>(Informe Litoral)<\/em><\/p>\n","protected":false},"excerpt":{"rendered":"<p>Los Tipitos ser\u00e1n el n\u00famero central, pero adem\u00e1s sobre el escenario pasar\u00e1n otras bandas de renombre nacional y muchos artistas locales. Todo con entrada libre y gratuita. El lunes 13 ser\u00e1 el acto central por el 135 aniversario de la ciudad. <\/p>\n","protected":false},"author":2,"featured_media":125362,"comment_status":"open","ping_status":"open","sticky":false,"template":"","format":"standard","meta":{"fifu_image_url":"","fifu_image_alt":"","footnotes":""},"categories":[5],"tags":[320,556,27,1286],"class_list":{"0":"post-125286","1":"post","2":"type-post","3":"status-publish","4":"format-standard","5":"has-post-thumbnail","7":"category-zonales","8":"tag-aniversario","9":"tag-general-ramirez","10":"tag-ramirez","11":"tag-ramirez-festeja"},"yoast_head":"<title>Ram\u00edrez Festeja 2023: el programa para este viernes, s\u00e1bado, domingo y lunes - Informe Litoral<\/title>\n<meta name=\"robots\" content=\"index, follow, max-snippet:-1, max-image-preview:large, max-video-preview:-1\" \/>\n<link rel=\"canonical\" href=\"https:\/\/informelitoral.com.ar\/ramirez-festeja-2023-el-programa-para-este-viernes-sabado-domingo-y-lunes\/\" \/>\n<meta property=\"og:locale\" content=\"es_ES\" \/>\n<meta property=\"og:type\" content=\"article\" \/>\n<meta property=\"og:title\" content=\"Ram\u00edrez Festeja 2023: el programa para este viernes, s\u00e1bado, domingo y lunes - Informe Litoral\" \/>\n<meta property=\"og:description\" content=\"Los Tipitos ser\u00e1n el n\u00famero central, pero adem\u00e1s sobre el escenario pasar\u00e1n otras bandas de renombre nacional y muchos artistas locales. Todo con entrada libre y gratuita. El lunes 13 ser\u00e1 el acto central por el 135 aniversario de la ciudad.\" \/>\n<meta property=\"og:url\" content=\"https:\/\/informelitoral.com.ar\/ramirez-festeja-2023-el-programa-para-este-viernes-sabado-domingo-y-lunes\/\" \/>\n<meta property=\"og:site_name\" content=\"Informe Litoral\" \/>\n<meta property=\"article:publisher\" content=\"https:\/\/www.facebook.com\/informelitoral\/\" \/>\n<meta property=\"article:published_time\" content=\"2023-03-10T12:14:47+00:00\" \/>\n<meta property=\"og:image\" content=\"https:\/\/informelitoral.com.ar\/%77%70%2d%63%6f%6e%74%65%6e%74\/uploads\/2023\/03\/Ramirez-festeja-3-630x420-1.jpg\" \/>\n\t<meta property=\"og:image:width\" content=\"630\" \/>\n\t<meta property=\"og:image:height\" content=\"420\" \/>\n\t<meta property=\"og:image:type\" content=\"image\/jpeg\" \/>\n<meta name=\"author\" content=\"Gonzalo Schmidt\" \/>\n<meta name=\"twitter:card\" content=\"summary_large_image\" \/>\n<meta name=\"twitter:creator\" content=\"@InformeLitoral\" \/>\n<meta name=\"twitter:site\" content=\"@InformeLitoral\" \/>\n<meta name=\"twitter:label1\" content=\"Escrito por\" \/>\n\t<meta name=\"twitter:data1\" content=\"Gonzalo Schmidt\" \/>\n\t<meta name=\"twitter:label2\" content=\"Tiempo de lectura\" \/>\n\t<meta name=\"twitter:data2\" content=\"2 minutos\" \/>\n<script type=\"application\/ld+json\" class=\"yoast-schema-graph\">{\"@context\":\"https:\\\/\\\/schema.org\",\"@graph\":[{\"@type\":\"Article\",\"@id\":\"https:\\\/\\\/informelitoral.com.ar\\\/ramirez-festeja-2023-el-programa-para-este-viernes-sabado-domingo-y-lunes\\\/#article\",\"isPartOf\":{\"@id\":\"https:\\\/\\\/informelitoral.com.ar\\\/ramirez-festeja-2023-el-programa-para-este-viernes-sabado-domingo-y-lunes\\\/\"},\"author\":{\"name\":\"Gonzalo Schmidt\",\"@id\":\"https:\\\/\\\/informelitoral.com.ar\\\/#\\\/schema\\\/person\\\/b9d00407c836482871ef1d57bf8e3180\"},\"headline\":\"Ram\u00edrez Festeja 2023: el programa para este viernes, s\u00e1bado, domingo y lunes\",\"datePublished\":\"2023-03-10T12:14:47+00:00\",\"mainEntityOfPage\":{\"@id\":\"https:\\\/\\\/informelitoral.com.ar\\\/ramirez-festeja-2023-el-programa-para-este-viernes-sabado-domingo-y-lunes\\\/\"},\"wordCount\":314,\"commentCount\":0,\"publisher\":{\"@id\":\"https:\\\/\\\/informelitoral.com.ar\\\/#organization\"},\"image\":{\"@id\":\"https:\\\/\\\/informelitoral.com.ar\\\/ramirez-festeja-2023-el-programa-para-este-viernes-sabado-domingo-y-lunes\\\/#primaryimage\"},\"thumbnailUrl\":\"https:\\\/\\\/informelitoral.com.ar\\\/%77%70%2d%63%6f%6e%74%65%6e%74\\\/uploads\\\/2023\\\/03\\\/Ramirez-festeja-3-630x420-1.jpg\",\"keywords\":[\"Aniversario\",\"General Ram\u00edrez\",\"Ram\u00edrez\",\"Ram\u00edrez Festeja\"],\"articleSection\":[\"Departamento Diamante\"],\"inLanguage\":\"es\",\"potentialAction\":[{\"@type\":\"CommentAction\",\"name\":\"Comment\",\"target\":[\"https:\\\/\\\/informelitoral.com.ar\\\/ramirez-festeja-2023-el-programa-para-este-viernes-sabado-domingo-y-lunes\\\/#respond\"]}]},{\"@type\":\"WebPage\",\"@id\":\"https:\\\/\\\/informelitoral.com.ar\\\/ramirez-festeja-2023-el-programa-para-este-viernes-sabado-domingo-y-lunes\\\/\",\"url\":\"https:\\\/\\\/informelitoral.com.ar\\\/ramirez-festeja-2023-el-programa-para-este-viernes-sabado-domingo-y-lunes\\\/\",\"name\":\"Ram\u00edrez Festeja 2023: el programa para este viernes, s\u00e1bado, domingo y lunes - Informe Litoral\",\"isPartOf\":{\"@id\":\"https:\\\/\\\/informelitoral.com.ar\\\/#website\"},\"primaryImageOfPage\":{\"@id\":\"https:\\\/\\\/informelitoral.com.ar\\\/ramirez-festeja-2023-el-programa-para-este-viernes-sabado-domingo-y-lunes\\\/#primaryimage\"},\"image\":{\"@id\":\"https:\\\/\\\/informelitoral.com.ar\\\/ramirez-festeja-2023-el-programa-para-este-viernes-sabado-domingo-y-lunes\\\/#primaryimage\"},\"thumbnailUrl\":\"https:\\\/\\\/informelitoral.com.ar\\\/%77%70%2d%63%6f%6e%74%65%6e%74\\\/uploads\\\/2023\\\/03\\\/Ramirez-festeja-3-630x420-1.jpg\",\"datePublished\":\"2023-03-10T12:14:47+00:00\",\"breadcrumb\":{\"@id\":\"https:\\\/\\\/informelitoral.com.ar\\\/ramirez-festeja-2023-el-programa-para-este-viernes-sabado-domingo-y-lunes\\\/#breadcrumb\"},\"inLanguage\":\"es\",\"potentialAction\":[{\"@type\":\"ReadAction\",\"target\":[\"https:\\\/\\\/informelitoral.com.ar\\\/ramirez-festeja-2023-el-programa-para-este-viernes-sabado-domingo-y-lunes\\\/\"]}]},{\"@type\":\"ImageObject\",\"inLanguage\":\"es\",\"@id\":\"https:\\\/\\\/informelitoral.com.ar\\\/ramirez-festeja-2023-el-programa-para-este-viernes-sabado-domingo-y-lunes\\\/#primaryimage\",\"url\":\"https:\\\/\\\/informelitoral.com.ar\\\/%77%70%2d%63%6f%6e%74%65%6e%74\\\/uploads\\\/2023\\\/03\\\/Ramirez-festeja-3-630x420-1.jpg\",\"contentUrl\":\"https:\\\/\\\/informelitoral.com.ar\\\/%77%70%2d%63%6f%6e%74%65%6e%74\\\/uploads\\\/2023\\\/03\\\/Ramirez-festeja-3-630x420-1.jpg\",\"width\":630,\"height\":420},{\"@type\":\"BreadcrumbList\",\"@id\":\"https:\\\/\\\/informelitoral.com.ar\\\/ramirez-festeja-2023-el-programa-para-este-viernes-sabado-domingo-y-lunes\\\/#breadcrumb\",\"itemListElement\":[{\"@type\":\"ListItem\",\"position\":1,\"name\":\"Portada\",\"item\":\"https:\\\/\\\/informelitoral.com.ar\\\/\"},{\"@type\":\"ListItem\",\"position\":2,\"name\":\"Ram\u00edrez Festeja 2023: el programa para este viernes, s\u00e1bado, domingo y lunes\"}]},{\"@type\":\"WebSite\",\"@id\":\"https:\\\/\\\/informelitoral.com.ar\\\/#website\",\"url\":\"https:\\\/\\\/informelitoral.com.ar\\\/\",\"name\":\"Informe Litoral\",\"description\":\"&quot;Nos informamos&quot; \",\"publisher\":{\"@id\":\"https:\\\/\\\/informelitoral.com.ar\\\/#organization\"},\"potentialAction\":[{\"@type\":\"SearchAction\",\"target\":{\"@type\":\"EntryPoint\",\"urlTemplate\":\"https:\\\/\\\/informelitoral.com.ar\\\/?s={search_term_string}\"},\"query-input\":{\"@type\":\"PropertyValueSpecification\",\"valueRequired\":true,\"valueName\":\"search_term_string\"}}],\"inLanguage\":\"es\"},{\"@type\":\"Organization\",\"@id\":\"https:\\\/\\\/informelitoral.com.ar\\\/#organization\",\"name\":\"Informe Litoral\",\"url\":\"https:\\\/\\\/informelitoral.com.ar\\\/\",\"logo\":{\"@type\":\"ImageObject\",\"inLanguage\":\"es\",\"@id\":\"https:\\\/\\\/informelitoral.com.ar\\\/#\\\/schema\\\/logo\\\/image\\\/\",\"url\":\"https:\\\/\\\/informelitoral.com.ar\\\/%77%70%2d%63%6f%6e%74%65%6e%74\\\/uploads\\\/2021\\\/01\\\/circulo.png\",\"contentUrl\":\"https:\\\/\\\/informelitoral.com.ar\\\/%77%70%2d%63%6f%6e%74%65%6e%74\\\/uploads\\\/2021\\\/01\\\/circulo.png\",\"width\":723,\"height\":731,\"caption\":\"Informe Litoral\"},\"image\":{\"@id\":\"https:\\\/\\\/informelitoral.com.ar\\\/#\\\/schema\\\/logo\\\/image\\\/\"},\"sameAs\":[\"https:\\\/\\\/www.facebook.com\\\/informelitoral\\\/\",\"https:\\\/\\\/x.com\\\/InformeLitoral\",\"https:\\\/\\\/www.instagram.com\\\/informelitoral\\\/\",\"https:\\\/\\\/www.youtube.com\\\/channel\\\/UCua4Qvz8Icb6MYqhoq9xLXw\"]},{\"@type\":\"Person\",\"@id\":\"https:\\\/\\\/informelitoral.com.ar\\\/#\\\/schema\\\/person\\\/b9d00407c836482871ef1d57bf8e3180\",\"name\":\"Gonzalo Schmidt\",\"image\":{\"@type\":\"ImageObject\",\"inLanguage\":\"es\",\"@id\":\"https:\\\/\\\/secure.gravatar.com\\\/avatar\\\/31a1a7b66ff2de83bd0e9fd79d026630d2d99e55e8bfe501287647b4fd9743de?s=96&d=mm&r=g\",\"url\":\"https:\\\/\\\/secure.gravatar.com\\\/avatar\\\/31a1a7b66ff2de83bd0e9fd79d026630d2d99e55e8bfe501287647b4fd9743de?s=96&d=mm&r=g\",\"contentUrl\":\"https:\\\/\\\/secure.gravatar.com\\\/avatar\\\/31a1a7b66ff2de83bd0e9fd79d026630d2d99e55e8bfe501287647b4fd9743de?s=96&d=mm&r=g\",\"caption\":\"Gonzalo Schmidt\"},\"description\":\"Sitio web de noticias de la provincia de Entre R\u00edos, Argentina. Informaci\u00f3n y entretenimiento. Informe Litoral, nos informamos.\",\"sameAs\":[\"http:\\\/\\\/www.isletasnoticias.com.ar\"],\"url\":\"https:\\\/\\\/informelitoral.com.ar\\\/author\\\/gonzalo\\\/\"}]}<\/script>","yoast_head_json":{"title":"Ram\u00edrez Festeja 2023: el programa para este viernes, s\u00e1bado, domingo y lunes - Informe Litoral","robots":{"index":"index","follow":"follow","max-snippet":"max-snippet:-1","max-image-preview":"max-image-preview:large","max-video-preview":"max-video-preview:-1"},"canonical":"https:\/\/informelitoral.com.ar\/ramirez-festeja-2023-el-programa-para-este-viernes-sabado-domingo-y-lunes\/","og_locale":"es_ES","og_type":"article","og_title":"Ram\u00edrez Festeja 2023: el programa para este viernes, s\u00e1bado, domingo y lunes - Informe Litoral","og_description":"Los Tipitos ser\u00e1n el n\u00famero central, pero adem\u00e1s sobre el escenario pasar\u00e1n otras bandas de renombre nacional y muchos artistas locales. Todo con entrada libre y gratuita. El lunes 13 ser\u00e1 el acto central por el 135 aniversario de la ciudad.","og_url":"https:\/\/informelitoral.com.ar\/ramirez-festeja-2023-el-programa-para-este-viernes-sabado-domingo-y-lunes\/","og_site_name":"Informe Litoral","article_publisher":"https:\/\/www.facebook.com\/informelitoral\/","article_published_time":"2023-03-10T12:14:47+00:00","og_image":[{"width":630,"height":420,"url":"https:\/\/informelitoral.com.ar\/%77%70%2d%63%6f%6e%74%65%6e%74\/uploads\/2023\/03\/Ramirez-festeja-3-630x420-1.jpg","type":"image\/jpeg"}],"author":"Gonzalo Schmidt","twitter_card":"summary_large_image","twitter_creator":"@InformeLitoral","twitter_site":"@InformeLitoral","twitter_misc":{"Escrito por":"Gonzalo Schmidt","Tiempo de lectura":"2 minutos"},"schema":{"@context":"https:\/\/schema.org","@graph":[{"@type":"Article","@id":"https:\/\/informelitoral.com.ar\/ramirez-festeja-2023-el-programa-para-este-viernes-sabado-domingo-y-lunes\/#article","isPartOf":{"@id":"https:\/\/informelitoral.com.ar\/ramirez-festeja-2023-el-programa-para-este-viernes-sabado-domingo-y-lunes\/"},"author":{"name":"Gonzalo Schmidt","@id":"https:\/\/informelitoral.com.ar\/#\/schema\/person\/b9d00407c836482871ef1d57bf8e3180"},"headline":"Ram\u00edrez Festeja 2023: el programa para este viernes, s\u00e1bado, domingo y lunes","datePublished":"2023-03-10T12:14:47+00:00","mainEntityOfPage":{"@id":"https:\/\/informelitoral.com.ar\/ramirez-festeja-2023-el-programa-para-este-viernes-sabado-domingo-y-lunes\/"},"wordCount":314,"commentCount":0,"publisher":{"@id":"https:\/\/informelitoral.com.ar\/#organization"},"image":{"@id":"https:\/\/informelitoral.com.ar\/ramirez-festeja-2023-el-programa-para-este-viernes-sabado-domingo-y-lunes\/#primaryimage"},"thumbnailUrl":"https:\/\/informelitoral.com.ar\/%77%70%2d%63%6f%6e%74%65%6e%74\/uploads\/2023\/03\/Ramirez-festeja-3-630x420-1.jpg","keywords":["Aniversario","General Ram\u00edrez","Ram\u00edrez","Ram\u00edrez Festeja"],"articleSection":["Departamento Diamante"],"inLanguage":"es","potentialAction":[{"@type":"CommentAction","name":"Comment","target":["https:\/\/informelitoral.com.ar\/ramirez-festeja-2023-el-programa-para-este-viernes-sabado-domingo-y-lunes\/#respond"]}]},{"@type":"WebPage","@id":"https:\/\/informelitoral.com.ar\/ramirez-festeja-2023-el-programa-para-este-viernes-sabado-domingo-y-lunes\/","url":"https:\/\/informelitoral.com.ar\/ramirez-festeja-2023-el-programa-para-este-viernes-sabado-domingo-y-lunes\/","name":"Ram\u00edrez Festeja 2023: el programa para este viernes, s\u00e1bado, domingo y lunes - Informe Litoral","isPartOf":{"@id":"https:\/\/informelitoral.com.ar\/#website"},"primaryImageOfPage":{"@id":"https:\/\/informelitoral.com.ar\/ramirez-festeja-2023-el-programa-para-este-viernes-sabado-domingo-y-lunes\/#primaryimage"},"image":{"@id":"https:\/\/informelitoral.com.ar\/ramirez-festeja-2023-el-programa-para-este-viernes-sabado-domingo-y-lunes\/#primaryimage"},"thumbnailUrl":"https:\/\/informelitoral.com.ar\/%77%70%2d%63%6f%6e%74%65%6e%74\/uploads\/2023\/03\/Ramirez-festeja-3-630x420-1.jpg","datePublished":"2023-03-10T12:14:47+00:00","breadcrumb":{"@id":"https:\/\/informelitoral.com.ar\/ramirez-festeja-2023-el-programa-para-este-viernes-sabado-domingo-y-lunes\/#breadcrumb"},"inLanguage":"es","potentialAction":[{"@type":"ReadAction","target":["https:\/\/informelitoral.com.ar\/ramirez-festeja-2023-el-programa-para-este-viernes-sabado-domingo-y-lunes\/"]}]},{"@type":"ImageObject","inLanguage":"es","@id":"https:\/\/informelitoral.com.ar\/ramirez-festeja-2023-el-programa-para-este-viernes-sabado-domingo-y-lunes\/#primaryimage","url":"https:\/\/informelitoral.com.ar\/%77%70%2d%63%6f%6e%74%65%6e%74\/uploads\/2023\/03\/Ramirez-festeja-3-630x420-1.jpg","contentUrl":"https:\/\/informelitoral.com.ar\/%77%70%2d%63%6f%6e%74%65%6e%74\/uploads\/2023\/03\/Ramirez-festeja-3-630x420-1.jpg","width":630,"height":420},{"@type":"BreadcrumbList","@id":"https:\/\/informelitoral.com.ar\/ramirez-festeja-2023-el-programa-para-este-viernes-sabado-domingo-y-lunes\/#breadcrumb","itemListElement":[{"@type":"ListItem","position":1,"name":"Portada","item":"https:\/\/informelitoral.com.ar\/"},{"@type":"ListItem","position":2,"name":"Ram\u00edrez Festeja 2023: el programa para este viernes, s\u00e1bado, domingo y lunes"}]},{"@type":"WebSite","@id":"https:\/\/informelitoral.com.ar\/#website","url":"https:\/\/informelitoral.com.ar\/","name":"Informe Litoral","description":"&quot;Nos informamos&quot; ","publisher":{"@id":"https:\/\/informelitoral.com.ar\/#organization"},"potentialAction":[{"@type":"SearchAction","target":{"@type":"EntryPoint","urlTemplate":"https:\/\/informelitoral.com.ar\/?s={search_term_string}"},"query-input":{"@type":"PropertyValueSpecification","valueRequired":true,"valueName":"search_term_string"}}],"inLanguage":"es"},{"@type":"Organization","@id":"https:\/\/informelitoral.com.ar\/#organization","name":"Informe Litoral","url":"https:\/\/informelitoral.com.ar\/","logo":{"@type":"ImageObject","inLanguage":"es","@id":"https:\/\/informelitoral.com.ar\/#\/schema\/logo\/image\/","url":"https:\/\/informelitoral.com.ar\/%77%70%2d%63%6f%6e%74%65%6e%74\/uploads\/2021\/01\/circulo.png","contentUrl":"https:\/\/informelitoral.com.ar\/%77%70%2d%63%6f%6e%74%65%6e%74\/uploads\/2021\/01\/circulo.png","width":723,"height":731,"caption":"Informe Litoral"},"image":{"@id":"https:\/\/informelitoral.com.ar\/#\/schema\/logo\/image\/"},"sameAs":["https:\/\/www.facebook.com\/informelitoral\/","https:\/\/x.com\/InformeLitoral","https:\/\/www.instagram.com\/informelitoral\/","https:\/\/www.youtube.com\/channel\/UCua4Qvz8Icb6MYqhoq9xLXw"]},{"@type":"Person","@id":"https:\/\/informelitoral.com.ar\/#\/schema\/person\/b9d00407c836482871ef1d57bf8e3180","name":"Gonzalo Schmidt","image":{"@type":"ImageObject","inLanguage":"es","@id":"https:\/\/secure.gravatar.com\/avatar\/31a1a7b66ff2de83bd0e9fd79d026630d2d99e55e8bfe501287647b4fd9743de?s=96&d=mm&r=g","url":"https:\/\/secure.gravatar.com\/avatar\/31a1a7b66ff2de83bd0e9fd79d026630d2d99e55e8bfe501287647b4fd9743de?s=96&d=mm&r=g","contentUrl":"https:\/\/secure.gravatar.com\/avatar\/31a1a7b66ff2de83bd0e9fd79d026630d2d99e55e8bfe501287647b4fd9743de?s=96&d=mm&r=g","caption":"Gonzalo Schmidt"},"description":"Sitio web de noticias de la provincia de Entre R\u00edos, Argentina. Informaci\u00f3n y entretenimiento. Informe Litoral, nos informamos.","sameAs":["http:\/\/www.isletasnoticias.com.ar"],"url":"https:\/\/informelitoral.com.ar\/author\/gonzalo\/"}]}},"_links":{"self":[{"href":"https:\/\/informelitoral.com.ar\/%77%70%2d%6a%73%6f%6e\/wp\/v2\/posts\/125286","targetHints":{"allow":["GET"]}}],"collection":[{"href":"https:\/\/informelitoral.com.ar\/%77%70%2d%6a%73%6f%6e\/wp\/v2\/posts"}],"about":[{"href":"https:\/\/informelitoral.com.ar\/%77%70%2d%6a%73%6f%6e\/wp\/v2\/types\/post"}],"author":[{"embeddable":true,"href":"https:\/\/informelitoral.com.ar\/%77%70%2d%6a%73%6f%6e\/wp\/v2\/users\/2"}],"replies":[{"embeddable":true,"href":"https:\/\/informelitoral.com.ar\/%77%70%2d%6a%73%6f%6e\/wp\/v2\/comments?post=125286"}],"version-history":[{"count":0,"href":"https:\/\/informelitoral.com.ar\/%77%70%2d%6a%73%6f%6e\/wp\/v2\/posts\/125286\/revisions"}],"wp:featuredmedia":[{"embeddable":true,"href":"https:\/\/informelitoral.com.ar\/%77%70%2d%6a%73%6f%6e\/wp\/v2\/media\/125362"}],"wp:attachment":[{"href":"https:\/\/informelitoral.com.ar\/%77%70%2d%6a%73%6f%6e\/wp\/v2\/media?parent=125286"}],"wp:term":[{"taxonomy":"category","embeddable":true,"href":"https:\/\/informelitoral.com.ar\/%77%70%2d%6a%73%6f%6e\/wp\/v2\/categories?post=125286"},{"taxonomy":"post_tag","embeddable":true,"href":"https:\/\/informelitoral.com.ar\/%77%70%2d%6a%73%6f%6e\/wp\/v2\/tags?post=125286"}],"curies":[{"name":"wp","href":"https:\/\/api.w.org\/{rel}","templated":true}]}}