{"id":125224,"date":"2023-03-10T08:12:32","date_gmt":"2023-03-10T11:12:32","guid":{"rendered":"https:\/\/www.informelitoral.com.ar\/?p=125224"},"modified":"2023-03-10T09:20:57","modified_gmt":"2023-03-10T12:20:57","slug":"la-ola-de-calor-se-intensifica-con-temperaturas-que-seran-mas-extremas","status":"publish","type":"post","link":"https:\/\/informelitoral.com.ar\/la-ola-de-calor-se-intensifica-con-temperaturas-que-seran-mas-extremas\/","title":{"rendered":"La ola de calor se intensifica con temperaturas que ser\u00e1n m\u00e1s extremas"},"content":{"rendered":"<section class=\"texto\">Hoy el tiempo se presentar\u00e1 caluroso, h\u00famedo y con nubosidad variable en la regi\u00f3n central del pa\u00eds. El viento dominar\u00e1 del sector norte\/noreste, aportando aire cargado con humedad.<\/p>\n<div class=\"embed\">\n<div class=\"inner-art\">\n<div class=\"clear\"><\/div>\n<\/div>\n<\/div>\n<p>El escenario caluroso se mantendr\u00e1 en gran parte del centro y norte del territorio, con elevadas temperaturas y un marco h\u00famedo, con registros m\u00e1ximos que rondar\u00e1n los 34\u00b0C, 35\u00b0C y 37\u00b0C en el centro y el Litoral. Sin cambios en la masa de aire. Para el sur pampeano la temperatura mostrar\u00e1 moderado descenso, con viento del sector sur.<\/p>\n<p>\u201cLas altas presiones que est\u00e1n en el Atl\u00e1ntico al Este de la costa de Buenos Aires siguen sin dejar avanzar el aire fr\u00edo que llega desde la Patagonia. Esto provoca esta ola de calor hist\u00f3rica en el centro y norte del pa\u00eds, situaci\u00f3n que persistir\u00e1 por lo menos siete d\u00edas m\u00e1s\u201d, indicaron desde el portal\u00a0<i>Meteorolog\u00eda y la Gente<\/i>.<\/p>\n<p>Igualmente \u201cdentro de esta masa pueden darse de forma aislada la activaci\u00f3n de tormentas que puedan bajar moment\u00e1neamente las temperaturas pero una vez que cesan los fen\u00f3menos los registros t\u00e9rmicos vuelven a subir\u201d.<\/p>\n<p><b>Se anuncia que el s\u00e1bado, domingo y lunes, ser\u00e1n las jornadas m\u00e1s calientes, con registros m\u00e1ximos significativos en gran parte del pa\u00eds. En el caso de Entre R\u00edos llegar\u00edan hasta los 38 grados<\/b>.<\/p>\n<figure class=\"embed\"><\/figure>\n<p>Se espera que entre el pr\u00f3ximo martes y el mi\u00e9rcoles comiencen a evolucionar tormentas locales y sectorizadas para varias provincias del \u00e1rea central: C\u00f3rdoba, La Pampa, Buenos Aires, San Luis y Mendoza.<\/p>\n<p><b>La temperatura estar\u00e1 bajando hacia el fin de semana del 17, 18 y 19 de marzo, de forma moderada<\/b>, con el ingreso de un frente fr\u00edo patag\u00f3nico, lo que har\u00e1 retroceder a las marcas t\u00e9rmicas, pronosticaron en\u00a0<i>Infoagro.<\/i><\/p>\n<\/section>\n","protected":false},"excerpt":{"rendered":"<p>El escenario caluroso se mantendr\u00e1 en gran parte del centro y norte argentino. En Entre R\u00edos hoy habr\u00e1 m\u00e1s de 36 grados. Se anuncia que el s\u00e1bado, domingo y lunes, ser\u00e1n las jornadas con temperaturas m\u00e1s altas.<\/p>\n","protected":false},"author":8,"featured_media":24474,"comment_status":"open","ping_status":"open","sticky":false,"template":"","format":"standard","meta":{"fifu_image_url":"","fifu_image_alt":"","footnotes":""},"categories":[6],"tags":[38,113],"class_list":{"0":"post-125224","1":"post","2":"type-post","3":"status-publish","4":"format-standard","5":"has-post-thumbnail","7":"category-entre-rios","8":"tag-el-tiempo","9":"tag-smn"},"yoast_head":"<title>La ola de calor se intensifica con temperaturas que ser\u00e1n m\u00e1s extremas - Informe Litoral<\/title>\n<meta name=\"robots\" content=\"index, follow, max-snippet:-1, max-image-preview:large, max-video-preview:-1\" \/>\n<link rel=\"canonical\" href=\"https:\/\/informelitoral.com.ar\/la-ola-de-calor-se-intensifica-con-temperaturas-que-seran-mas-extremas\/\" \/>\n<meta property=\"og:locale\" content=\"es_ES\" \/>\n<meta property=\"og:type\" content=\"article\" \/>\n<meta property=\"og:title\" content=\"La ola de calor se intensifica con temperaturas que ser\u00e1n m\u00e1s extremas - Informe Litoral\" \/>\n<meta property=\"og:description\" content=\"El escenario caluroso se mantendr\u00e1 en gran parte del centro y norte argentino. En Entre R\u00edos hoy habr\u00e1 m\u00e1s de 36 grados. Se anuncia que el s\u00e1bado, domingo y lunes, ser\u00e1n las jornadas con temperaturas m\u00e1s altas.\" \/>\n<meta property=\"og:url\" content=\"https:\/\/informelitoral.com.ar\/la-ola-de-calor-se-intensifica-con-temperaturas-que-seran-mas-extremas\/\" \/>\n<meta property=\"og:site_name\" content=\"Informe Litoral\" \/>\n<meta property=\"article:publisher\" content=\"https:\/\/www.facebook.com\/informelitoral\/\" \/>\n<meta property=\"article:published_time\" content=\"2023-03-10T11:12:32+00:00\" \/>\n<meta property=\"article:modified_time\" content=\"2023-03-10T12:20:57+00:00\" \/>\n<meta property=\"og:image\" content=\"https:\/\/informelitoral.com.ar\/%77%70%2d%63%6f%6e%74%65%6e%74\/uploads\/2018\/01\/calor-verano.jpg\" \/>\n\t<meta property=\"og:image:width\" content=\"624\" \/>\n\t<meta property=\"og:image:height\" content=\"385\" \/>\n\t<meta property=\"og:image:type\" content=\"image\/jpeg\" \/>\n<meta name=\"author\" content=\"Sebastian\" \/>\n<meta name=\"twitter:card\" content=\"summary_large_image\" \/>\n<meta name=\"twitter:creator\" content=\"@InformeLitoral\" \/>\n<meta name=\"twitter:site\" content=\"@InformeLitoral\" \/>\n<meta name=\"twitter:label1\" content=\"Escrito por\" \/>\n\t<meta name=\"twitter:data1\" content=\"Sebastian\" \/>\n\t<meta name=\"twitter:label2\" content=\"Tiempo de lectura\" \/>\n\t<meta name=\"twitter:data2\" content=\"2 minutos\" \/>\n<script type=\"application\/ld+json\" class=\"yoast-schema-graph\">{\"@context\":\"https:\\\/\\\/schema.org\",\"@graph\":[{\"@type\":\"Article\",\"@id\":\"https:\\\/\\\/informelitoral.com.ar\\\/la-ola-de-calor-se-intensifica-con-temperaturas-que-seran-mas-extremas\\\/#article\",\"isPartOf\":{\"@id\":\"https:\\\/\\\/informelitoral.com.ar\\\/la-ola-de-calor-se-intensifica-con-temperaturas-que-seran-mas-extremas\\\/\"},\"author\":{\"name\":\"Sebastian\",\"@id\":\"https:\\\/\\\/informelitoral.com.ar\\\/#\\\/schema\\\/person\\\/f05f9f461677119578717524b127d6d5\"},\"headline\":\"La ola de calor se intensifica con temperaturas que ser\u00e1n m\u00e1s extremas\",\"datePublished\":\"2023-03-10T11:12:32+00:00\",\"dateModified\":\"2023-03-10T12:20:57+00:00\",\"mainEntityOfPage\":{\"@id\":\"https:\\\/\\\/informelitoral.com.ar\\\/la-ola-de-calor-se-intensifica-con-temperaturas-que-seran-mas-extremas\\\/\"},\"wordCount\":324,\"commentCount\":0,\"publisher\":{\"@id\":\"https:\\\/\\\/informelitoral.com.ar\\\/#organization\"},\"image\":{\"@id\":\"https:\\\/\\\/informelitoral.com.ar\\\/la-ola-de-calor-se-intensifica-con-temperaturas-que-seran-mas-extremas\\\/#primaryimage\"},\"thumbnailUrl\":\"https:\\\/\\\/informelitoral.com.ar\\\/%77%70%2d%63%6f%6e%74%65%6e%74\\\/uploads\\\/2018\\\/01\\\/calor-verano.jpg\",\"keywords\":[\"El tiempo\",\"SMN\"],\"articleSection\":[\"Entre R\u00edos\"],\"inLanguage\":\"es\",\"potentialAction\":[{\"@type\":\"CommentAction\",\"name\":\"Comment\",\"target\":[\"https:\\\/\\\/informelitoral.com.ar\\\/la-ola-de-calor-se-intensifica-con-temperaturas-que-seran-mas-extremas\\\/#respond\"]}]},{\"@type\":\"WebPage\",\"@id\":\"https:\\\/\\\/informelitoral.com.ar\\\/la-ola-de-calor-se-intensifica-con-temperaturas-que-seran-mas-extremas\\\/\",\"url\":\"https:\\\/\\\/informelitoral.com.ar\\\/la-ola-de-calor-se-intensifica-con-temperaturas-que-seran-mas-extremas\\\/\",\"name\":\"La ola de calor se intensifica con temperaturas que ser\u00e1n m\u00e1s extremas - Informe Litoral\",\"isPartOf\":{\"@id\":\"https:\\\/\\\/informelitoral.com.ar\\\/#website\"},\"primaryImageOfPage\":{\"@id\":\"https:\\\/\\\/informelitoral.com.ar\\\/la-ola-de-calor-se-intensifica-con-temperaturas-que-seran-mas-extremas\\\/#primaryimage\"},\"image\":{\"@id\":\"https:\\\/\\\/informelitoral.com.ar\\\/la-ola-de-calor-se-intensifica-con-temperaturas-que-seran-mas-extremas\\\/#primaryimage\"},\"thumbnailUrl\":\"https:\\\/\\\/informelitoral.com.ar\\\/%77%70%2d%63%6f%6e%74%65%6e%74\\\/uploads\\\/2018\\\/01\\\/calor-verano.jpg\",\"datePublished\":\"2023-03-10T11:12:32+00:00\",\"dateModified\":\"2023-03-10T12:20:57+00:00\",\"breadcrumb\":{\"@id\":\"https:\\\/\\\/informelitoral.com.ar\\\/la-ola-de-calor-se-intensifica-con-temperaturas-que-seran-mas-extremas\\\/#breadcrumb\"},\"inLanguage\":\"es\",\"potentialAction\":[{\"@type\":\"ReadAction\",\"target\":[\"https:\\\/\\\/informelitoral.com.ar\\\/la-ola-de-calor-se-intensifica-con-temperaturas-que-seran-mas-extremas\\\/\"]}]},{\"@type\":\"ImageObject\",\"inLanguage\":\"es\",\"@id\":\"https:\\\/\\\/informelitoral.com.ar\\\/la-ola-de-calor-se-intensifica-con-temperaturas-que-seran-mas-extremas\\\/#primaryimage\",\"url\":\"https:\\\/\\\/informelitoral.com.ar\\\/%77%70%2d%63%6f%6e%74%65%6e%74\\\/uploads\\\/2018\\\/01\\\/calor-verano.jpg\",\"contentUrl\":\"https:\\\/\\\/informelitoral.com.ar\\\/%77%70%2d%63%6f%6e%74%65%6e%74\\\/uploads\\\/2018\\\/01\\\/calor-verano.jpg\",\"width\":624,\"height\":385},{\"@type\":\"BreadcrumbList\",\"@id\":\"https:\\\/\\\/informelitoral.com.ar\\\/la-ola-de-calor-se-intensifica-con-temperaturas-que-seran-mas-extremas\\\/#breadcrumb\",\"itemListElement\":[{\"@type\":\"ListItem\",\"position\":1,\"name\":\"Portada\",\"item\":\"https:\\\/\\\/informelitoral.com.ar\\\/\"},{\"@type\":\"ListItem\",\"position\":2,\"name\":\"La ola de calor se intensifica con temperaturas que ser\u00e1n m\u00e1s extremas\"}]},{\"@type\":\"WebSite\",\"@id\":\"https:\\\/\\\/informelitoral.com.ar\\\/#website\",\"url\":\"https:\\\/\\\/informelitoral.com.ar\\\/\",\"name\":\"Informe Litoral\",\"description\":\"&quot;Nos informamos&quot; \",\"publisher\":{\"@id\":\"https:\\\/\\\/informelitoral.com.ar\\\/#organization\"},\"potentialAction\":[{\"@type\":\"SearchAction\",\"target\":{\"@type\":\"EntryPoint\",\"urlTemplate\":\"https:\\\/\\\/informelitoral.com.ar\\\/?s={search_term_string}\"},\"query-input\":{\"@type\":\"PropertyValueSpecification\",\"valueRequired\":true,\"valueName\":\"search_term_string\"}}],\"inLanguage\":\"es\"},{\"@type\":\"Organization\",\"@id\":\"https:\\\/\\\/informelitoral.com.ar\\\/#organization\",\"name\":\"Informe Litoral\",\"url\":\"https:\\\/\\\/informelitoral.com.ar\\\/\",\"logo\":{\"@type\":\"ImageObject\",\"inLanguage\":\"es\",\"@id\":\"https:\\\/\\\/informelitoral.com.ar\\\/#\\\/schema\\\/logo\\\/image\\\/\",\"url\":\"https:\\\/\\\/informelitoral.com.ar\\\/%77%70%2d%63%6f%6e%74%65%6e%74\\\/uploads\\\/2021\\\/01\\\/circulo.png\",\"contentUrl\":\"https:\\\/\\\/informelitoral.com.ar\\\/%77%70%2d%63%6f%6e%74%65%6e%74\\\/uploads\\\/2021\\\/01\\\/circulo.png\",\"width\":723,\"height\":731,\"caption\":\"Informe Litoral\"},\"image\":{\"@id\":\"https:\\\/\\\/informelitoral.com.ar\\\/#\\\/schema\\\/logo\\\/image\\\/\"},\"sameAs\":[\"https:\\\/\\\/www.facebook.com\\\/informelitoral\\\/\",\"https:\\\/\\\/x.com\\\/InformeLitoral\",\"https:\\\/\\\/www.instagram.com\\\/informelitoral\\\/\",\"https:\\\/\\\/www.youtube.com\\\/channel\\\/UCua4Qvz8Icb6MYqhoq9xLXw\"]},{\"@type\":\"Person\",\"@id\":\"https:\\\/\\\/informelitoral.com.ar\\\/#\\\/schema\\\/person\\\/f05f9f461677119578717524b127d6d5\",\"name\":\"Sebastian\",\"image\":{\"@type\":\"ImageObject\",\"inLanguage\":\"es\",\"@id\":\"https:\\\/\\\/secure.gravatar.com\\\/avatar\\\/b71bf7481d447dfb9583c7f2798e7cc64de6efb9067b74633ed8c31059a3bd82?s=96&d=mm&r=g\",\"url\":\"https:\\\/\\\/secure.gravatar.com\\\/avatar\\\/b71bf7481d447dfb9583c7f2798e7cc64de6efb9067b74633ed8c31059a3bd82?s=96&d=mm&r=g\",\"contentUrl\":\"https:\\\/\\\/secure.gravatar.com\\\/avatar\\\/b71bf7481d447dfb9583c7f2798e7cc64de6efb9067b74633ed8c31059a3bd82?s=96&d=mm&r=g\",\"caption\":\"Sebastian\"},\"url\":\"https:\\\/\\\/informelitoral.com.ar\\\/author\\\/sebastian\\\/\"}]}<\/script>","yoast_head_json":{"title":"La ola de calor se intensifica con temperaturas que ser\u00e1n m\u00e1s extremas - Informe Litoral","robots":{"index":"index","follow":"follow","max-snippet":"max-snippet:-1","max-image-preview":"max-image-preview:large","max-video-preview":"max-video-preview:-1"},"canonical":"https:\/\/informelitoral.com.ar\/la-ola-de-calor-se-intensifica-con-temperaturas-que-seran-mas-extremas\/","og_locale":"es_ES","og_type":"article","og_title":"La ola de calor se intensifica con temperaturas que ser\u00e1n m\u00e1s extremas - Informe Litoral","og_description":"El escenario caluroso se mantendr\u00e1 en gran parte del centro y norte argentino. En Entre R\u00edos hoy habr\u00e1 m\u00e1s de 36 grados. Se anuncia que el s\u00e1bado, domingo y lunes, ser\u00e1n las jornadas con temperaturas m\u00e1s altas.","og_url":"https:\/\/informelitoral.com.ar\/la-ola-de-calor-se-intensifica-con-temperaturas-que-seran-mas-extremas\/","og_site_name":"Informe Litoral","article_publisher":"https:\/\/www.facebook.com\/informelitoral\/","article_published_time":"2023-03-10T11:12:32+00:00","article_modified_time":"2023-03-10T12:20:57+00:00","og_image":[{"width":624,"height":385,"url":"https:\/\/informelitoral.com.ar\/%77%70%2d%63%6f%6e%74%65%6e%74\/uploads\/2018\/01\/calor-verano.jpg","type":"image\/jpeg"}],"author":"Sebastian","twitter_card":"summary_large_image","twitter_creator":"@InformeLitoral","twitter_site":"@InformeLitoral","twitter_misc":{"Escrito por":"Sebastian","Tiempo de lectura":"2 minutos"},"schema":{"@context":"https:\/\/schema.org","@graph":[{"@type":"Article","@id":"https:\/\/informelitoral.com.ar\/la-ola-de-calor-se-intensifica-con-temperaturas-que-seran-mas-extremas\/#article","isPartOf":{"@id":"https:\/\/informelitoral.com.ar\/la-ola-de-calor-se-intensifica-con-temperaturas-que-seran-mas-extremas\/"},"author":{"name":"Sebastian","@id":"https:\/\/informelitoral.com.ar\/#\/schema\/person\/f05f9f461677119578717524b127d6d5"},"headline":"La ola de calor se intensifica con temperaturas que ser\u00e1n m\u00e1s extremas","datePublished":"2023-03-10T11:12:32+00:00","dateModified":"2023-03-10T12:20:57+00:00","mainEntityOfPage":{"@id":"https:\/\/informelitoral.com.ar\/la-ola-de-calor-se-intensifica-con-temperaturas-que-seran-mas-extremas\/"},"wordCount":324,"commentCount":0,"publisher":{"@id":"https:\/\/informelitoral.com.ar\/#organization"},"image":{"@id":"https:\/\/informelitoral.com.ar\/la-ola-de-calor-se-intensifica-con-temperaturas-que-seran-mas-extremas\/#primaryimage"},"thumbnailUrl":"https:\/\/informelitoral.com.ar\/%77%70%2d%63%6f%6e%74%65%6e%74\/uploads\/2018\/01\/calor-verano.jpg","keywords":["El tiempo","SMN"],"articleSection":["Entre R\u00edos"],"inLanguage":"es","potentialAction":[{"@type":"CommentAction","name":"Comment","target":["https:\/\/informelitoral.com.ar\/la-ola-de-calor-se-intensifica-con-temperaturas-que-seran-mas-extremas\/#respond"]}]},{"@type":"WebPage","@id":"https:\/\/informelitoral.com.ar\/la-ola-de-calor-se-intensifica-con-temperaturas-que-seran-mas-extremas\/","url":"https:\/\/informelitoral.com.ar\/la-ola-de-calor-se-intensifica-con-temperaturas-que-seran-mas-extremas\/","name":"La ola de calor se intensifica con temperaturas que ser\u00e1n m\u00e1s extremas - Informe Litoral","isPartOf":{"@id":"https:\/\/informelitoral.com.ar\/#website"},"primaryImageOfPage":{"@id":"https:\/\/informelitoral.com.ar\/la-ola-de-calor-se-intensifica-con-temperaturas-que-seran-mas-extremas\/#primaryimage"},"image":{"@id":"https:\/\/informelitoral.com.ar\/la-ola-de-calor-se-intensifica-con-temperaturas-que-seran-mas-extremas\/#primaryimage"},"thumbnailUrl":"https:\/\/informelitoral.com.ar\/%77%70%2d%63%6f%6e%74%65%6e%74\/uploads\/2018\/01\/calor-verano.jpg","datePublished":"2023-03-10T11:12:32+00:00","dateModified":"2023-03-10T12:20:57+00:00","breadcrumb":{"@id":"https:\/\/informelitoral.com.ar\/la-ola-de-calor-se-intensifica-con-temperaturas-que-seran-mas-extremas\/#breadcrumb"},"inLanguage":"es","potentialAction":[{"@type":"ReadAction","target":["https:\/\/informelitoral.com.ar\/la-ola-de-calor-se-intensifica-con-temperaturas-que-seran-mas-extremas\/"]}]},{"@type":"ImageObject","inLanguage":"es","@id":"https:\/\/informelitoral.com.ar\/la-ola-de-calor-se-intensifica-con-temperaturas-que-seran-mas-extremas\/#primaryimage","url":"https:\/\/informelitoral.com.ar\/%77%70%2d%63%6f%6e%74%65%6e%74\/uploads\/2018\/01\/calor-verano.jpg","contentUrl":"https:\/\/informelitoral.com.ar\/%77%70%2d%63%6f%6e%74%65%6e%74\/uploads\/2018\/01\/calor-verano.jpg","width":624,"height":385},{"@type":"BreadcrumbList","@id":"https:\/\/informelitoral.com.ar\/la-ola-de-calor-se-intensifica-con-temperaturas-que-seran-mas-extremas\/#breadcrumb","itemListElement":[{"@type":"ListItem","position":1,"name":"Portada","item":"https:\/\/informelitoral.com.ar\/"},{"@type":"ListItem","position":2,"name":"La ola de calor se intensifica con temperaturas que ser\u00e1n m\u00e1s extremas"}]},{"@type":"WebSite","@id":"https:\/\/informelitoral.com.ar\/#website","url":"https:\/\/informelitoral.com.ar\/","name":"Informe Litoral","description":"&quot;Nos informamos&quot; ","publisher":{"@id":"https:\/\/informelitoral.com.ar\/#organization"},"potentialAction":[{"@type":"SearchAction","target":{"@type":"EntryPoint","urlTemplate":"https:\/\/informelitoral.com.ar\/?s={search_term_string}"},"query-input":{"@type":"PropertyValueSpecification","valueRequired":true,"valueName":"search_term_string"}}],"inLanguage":"es"},{"@type":"Organization","@id":"https:\/\/informelitoral.com.ar\/#organization","name":"Informe Litoral","url":"https:\/\/informelitoral.com.ar\/","logo":{"@type":"ImageObject","inLanguage":"es","@id":"https:\/\/informelitoral.com.ar\/#\/schema\/logo\/image\/","url":"https:\/\/informelitoral.com.ar\/%77%70%2d%63%6f%6e%74%65%6e%74\/uploads\/2021\/01\/circulo.png","contentUrl":"https:\/\/informelitoral.com.ar\/%77%70%2d%63%6f%6e%74%65%6e%74\/uploads\/2021\/01\/circulo.png","width":723,"height":731,"caption":"Informe Litoral"},"image":{"@id":"https:\/\/informelitoral.com.ar\/#\/schema\/logo\/image\/"},"sameAs":["https:\/\/www.facebook.com\/informelitoral\/","https:\/\/x.com\/InformeLitoral","https:\/\/www.instagram.com\/informelitoral\/","https:\/\/www.youtube.com\/channel\/UCua4Qvz8Icb6MYqhoq9xLXw"]},{"@type":"Person","@id":"https:\/\/informelitoral.com.ar\/#\/schema\/person\/f05f9f461677119578717524b127d6d5","name":"Sebastian","image":{"@type":"ImageObject","inLanguage":"es","@id":"https:\/\/secure.gravatar.com\/avatar\/b71bf7481d447dfb9583c7f2798e7cc64de6efb9067b74633ed8c31059a3bd82?s=96&d=mm&r=g","url":"https:\/\/secure.gravatar.com\/avatar\/b71bf7481d447dfb9583c7f2798e7cc64de6efb9067b74633ed8c31059a3bd82?s=96&d=mm&r=g","contentUrl":"https:\/\/secure.gravatar.com\/avatar\/b71bf7481d447dfb9583c7f2798e7cc64de6efb9067b74633ed8c31059a3bd82?s=96&d=mm&r=g","caption":"Sebastian"},"url":"https:\/\/informelitoral.com.ar\/author\/sebastian\/"}]}},"_links":{"self":[{"href":"https:\/\/informelitoral.com.ar\/%77%70%2d%6a%73%6f%6e\/wp\/v2\/posts\/125224","targetHints":{"allow":["GET"]}}],"collection":[{"href":"https:\/\/informelitoral.com.ar\/%77%70%2d%6a%73%6f%6e\/wp\/v2\/posts"}],"about":[{"href":"https:\/\/informelitoral.com.ar\/%77%70%2d%6a%73%6f%6e\/wp\/v2\/types\/post"}],"author":[{"embeddable":true,"href":"https:\/\/informelitoral.com.ar\/%77%70%2d%6a%73%6f%6e\/wp\/v2\/users\/8"}],"replies":[{"embeddable":true,"href":"https:\/\/informelitoral.com.ar\/%77%70%2d%6a%73%6f%6e\/wp\/v2\/comments?post=125224"}],"version-history":[{"count":0,"href":"https:\/\/informelitoral.com.ar\/%77%70%2d%6a%73%6f%6e\/wp\/v2\/posts\/125224\/revisions"}],"wp:featuredmedia":[{"embeddable":true,"href":"https:\/\/informelitoral.com.ar\/%77%70%2d%6a%73%6f%6e\/wp\/v2\/media\/24474"}],"wp:attachment":[{"href":"https:\/\/informelitoral.com.ar\/%77%70%2d%6a%73%6f%6e\/wp\/v2\/media?parent=125224"}],"wp:term":[{"taxonomy":"category","embeddable":true,"href":"https:\/\/informelitoral.com.ar\/%77%70%2d%6a%73%6f%6e\/wp\/v2\/categories?post=125224"},{"taxonomy":"post_tag","embeddable":true,"href":"https:\/\/informelitoral.com.ar\/%77%70%2d%6a%73%6f%6e\/wp\/v2\/tags?post=125224"}],"curies":[{"name":"wp","href":"https:\/\/api.w.org\/{rel}","templated":true}]}}