{"id":12510,"date":"2015-11-06T21:00:52","date_gmt":"2015-11-07T00:00:52","guid":{"rendered":"http:\/\/www.isletasnoticias.com.ar\/?p=12510"},"modified":"2015-11-06T21:00:52","modified_gmt":"2015-11-07T00:00:52","slug":"aldea-salto-se-realizaran-mejoras-en-la-escuela-no-10","status":"publish","type":"post","link":"https:\/\/informelitoral.com.ar\/aldea-salto-se-realizaran-mejoras-en-la-escuela-no-10\/","title":{"rendered":"Aldea Salto: se realizar\u00e1n mejoras en la escuela N\u00ba 10"},"content":{"rendered":"<p><strong>El ministro de Gobierno, <em>Ad\u00e1n Humberto Bahl<\/em>, recibi\u00f3 en su despacho al presidente de la junta de Gobierno de Aldea Salto,<em> Eleuterio Weinzetel,<\/em> con quien avanz\u00f3 en temas institucionales y le hizo entrega de un aporte para obras en la escuela N\u00ba 10 Antonio Zinny. \u201cEn estos a\u00f1os de gesti\u00f3n se ha realizado una gran inversi\u00f3n en infraestructura para que los chicos de toda la provincia tengan las condiciones apropiadas para su formaci\u00f3n educativa. Queremos seguir trabajando en esta Argentina\u201d, resalt\u00f3 Bahl.<a href=\"http:\/\/www.isletasnoticias.com.ar\/%77%70%2d%63%6f%6e%74%65%6e%74\/uploads\/2015\/11\/b_1446837953.jpg\"><img loading=\"lazy\" decoding=\"async\" class=\"aligncenter size-full wp-image-12511\" src=\"http:\/\/www.isletasnoticias.com.ar\/%77%70%2d%63%6f%6e%74%65%6e%74\/uploads\/2015\/11\/b_1446837953.jpg\" alt=\"b_1446837953\" width=\"492\" height=\"329\" srcset=\"https:\/\/informelitoral.com.ar\/%77%70%2d%63%6f%6e%74%65%6e%74\/uploads\/2015\/11\/b_1446837953.jpg 492w, https:\/\/informelitoral.com.ar\/%77%70%2d%63%6f%6e%74%65%6e%74\/uploads\/2015\/11\/b_1446837953-300x201.jpg 300w\" sizes=\"auto, (max-width: 492px) 100vw, 492px\" \/><\/a><\/strong>Tras el encuentro, el presidente de la junta de Gobierno del departamento Diamante, Eleuterio Weinzettel sostuvo: \u00abNos hemos reunido con el ministro Bahl, abordamos diferentes cuestiones que tienen que ver con el funcionamiento de nuestra localidad. Adem\u00e1s se me ha entregado de un aporte para la refacci\u00f3n y pintura del frente y un lateral de la escuela N\u00ba 10 Antonio Zinny que brinda educaci\u00f3n primaria y secundaria; y que cuenta con una matr\u00edcula aproximada de 100 chicos\u201d, explic\u00f3.<\/p>\n<p>M\u00e1s adelante, Weinzettel, destac\u00f3 el apoyo del gobierno provincial y explic\u00f3 que \u201cel pedido se hizo a trav\u00e9s de la cooperadora. Hoy tengo el agrado y el honor de poder acercarle esta gran noticia a la comunidad educativa\u201d. Y agreg\u00f3: \u201cAnteriormente se han hecho trabajos en interiores, reparado la sala de nivel inicial, y otras mejoras. Ahora vamos a poder concluir con estas obras en el frente as\u00ed que es una alegr\u00eda muy grande\u201d.<\/p>\n<p>Por \u00faltimo, se mostr\u00f3 agradecido con el ministro de Gobierno y expres\u00f3 que: \u201cSeguiremos trabajando y gestionando para brindar mejores servicios, mejor educaci\u00f3n y m\u00e1s cultura que significan el bienestar para nuestros vecinos\u00bb.<\/p>\n<p>Estuvieron presentes tambi\u00e9n en el encuentro el senador Daniel Kramer y el director de Juntas de Gobierno, Carlos Barbosa.<\/p>\n","protected":false},"excerpt":{"rendered":"<p>El ministro de Gobierno, Ad&aacute;n Humberto Bahl, recibi&oacute; en su despacho al presidente de la junta de Gobierno de Aldea Salto, Eleuterio Weinzetel, con quien avanz&oacute; en temas institucionales y le hizo entrega de un aporte para obras en la escuela N&ordm; 10 Antonio Zinny. &ldquo;En estos a&ntilde;os de gesti&oacute;n se ha realizado una gran [&hellip;]<\/p>\n","protected":false},"author":2,"featured_media":0,"comment_status":"open","ping_status":"open","sticky":false,"template":"","format":"standard","meta":{"fifu_image_url":"","fifu_image_alt":"","footnotes":""},"categories":[5,16],"tags":[],"class_list":{"0":"post-12510","1":"post","2":"type-post","3":"status-publish","4":"format-standard","6":"category-zonales","7":"category-politi"},"yoast_head":"<title>Aldea Salto: se realizar\u00e1n mejoras en la escuela N\u00ba 10 - Informe Litoral<\/title>\n<meta name=\"robots\" content=\"index, follow, max-snippet:-1, max-image-preview:large, max-video-preview:-1\" \/>\n<link rel=\"canonical\" href=\"https:\/\/informelitoral.com.ar\/aldea-salto-se-realizaran-mejoras-en-la-escuela-no-10\/\" \/>\n<meta property=\"og:locale\" content=\"es_ES\" \/>\n<meta property=\"og:type\" content=\"article\" \/>\n<meta property=\"og:title\" content=\"Aldea Salto: se realizar\u00e1n mejoras en la escuela N\u00ba 10 - Informe Litoral\" \/>\n<meta property=\"og:description\" content=\"El ministro de Gobierno, Ad&aacute;n Humberto Bahl, recibi&oacute; en su despacho al presidente de la junta de Gobierno de Aldea Salto, Eleuterio Weinzetel, con quien avanz&oacute; en temas institucionales y le hizo entrega de un aporte para obras en la escuela N&ordm; 10 Antonio Zinny. &ldquo;En estos a&ntilde;os de gesti&oacute;n se ha realizado una gran [&hellip;]\" \/>\n<meta property=\"og:url\" content=\"https:\/\/informelitoral.com.ar\/aldea-salto-se-realizaran-mejoras-en-la-escuela-no-10\/\" \/>\n<meta property=\"og:site_name\" content=\"Informe Litoral\" \/>\n<meta property=\"article:publisher\" content=\"https:\/\/www.facebook.com\/informelitoral\/\" \/>\n<meta property=\"article:published_time\" content=\"2015-11-07T00:00:52+00:00\" \/>\n<meta property=\"og:image\" content=\"https:\/\/informelitoral.com.ar\/%77%70%2d%63%6f%6e%74%65%6e%74\/uploads\/2015\/11\/b_1446837953.jpg\" \/>\n\t<meta property=\"og:image:width\" content=\"492\" \/>\n\t<meta property=\"og:image:height\" content=\"329\" \/>\n\t<meta property=\"og:image:type\" content=\"image\/jpeg\" \/>\n<meta name=\"author\" content=\"Gonzalo Schmidt\" \/>\n<meta name=\"twitter:card\" content=\"summary_large_image\" \/>\n<meta name=\"twitter:creator\" content=\"@InformeLitoral\" \/>\n<meta name=\"twitter:site\" content=\"@InformeLitoral\" \/>\n<meta name=\"twitter:label1\" content=\"Escrito por\" \/>\n\t<meta name=\"twitter:data1\" content=\"Gonzalo Schmidt\" \/>\n\t<meta name=\"twitter:label2\" content=\"Tiempo de lectura\" \/>\n\t<meta name=\"twitter:data2\" content=\"1 minuto\" \/>\n<script type=\"application\/ld+json\" class=\"yoast-schema-graph\">{\"@context\":\"https:\\\/\\\/schema.org\",\"@graph\":[{\"@type\":\"Article\",\"@id\":\"https:\\\/\\\/informelitoral.com.ar\\\/aldea-salto-se-realizaran-mejoras-en-la-escuela-no-10\\\/#article\",\"isPartOf\":{\"@id\":\"https:\\\/\\\/informelitoral.com.ar\\\/aldea-salto-se-realizaran-mejoras-en-la-escuela-no-10\\\/\"},\"author\":{\"name\":\"Gonzalo Schmidt\",\"@id\":\"https:\\\/\\\/informelitoral.com.ar\\\/#\\\/schema\\\/person\\\/b9d00407c836482871ef1d57bf8e3180\"},\"headline\":\"Aldea Salto: se realizar\u00e1n mejoras en la escuela N\u00ba 10\",\"datePublished\":\"2015-11-07T00:00:52+00:00\",\"mainEntityOfPage\":{\"@id\":\"https:\\\/\\\/informelitoral.com.ar\\\/aldea-salto-se-realizaran-mejoras-en-la-escuela-no-10\\\/\"},\"wordCount\":308,\"commentCount\":0,\"publisher\":{\"@id\":\"https:\\\/\\\/informelitoral.com.ar\\\/#organization\"},\"image\":{\"@id\":\"https:\\\/\\\/informelitoral.com.ar\\\/aldea-salto-se-realizaran-mejoras-en-la-escuela-no-10\\\/#primaryimage\"},\"thumbnailUrl\":\"http:\\\/\\\/www.isletasnoticias.com.ar\\\/%77%70%2d%63%6f%6e%74%65%6e%74\\\/uploads\\\/2015\\\/11\\\/b_1446837953.jpg\",\"articleSection\":[\"Departamento Diamante\",\"Politica\"],\"inLanguage\":\"es\",\"potentialAction\":[{\"@type\":\"CommentAction\",\"name\":\"Comment\",\"target\":[\"https:\\\/\\\/informelitoral.com.ar\\\/aldea-salto-se-realizaran-mejoras-en-la-escuela-no-10\\\/#respond\"]}]},{\"@type\":\"WebPage\",\"@id\":\"https:\\\/\\\/informelitoral.com.ar\\\/aldea-salto-se-realizaran-mejoras-en-la-escuela-no-10\\\/\",\"url\":\"https:\\\/\\\/informelitoral.com.ar\\\/aldea-salto-se-realizaran-mejoras-en-la-escuela-no-10\\\/\",\"name\":\"Aldea Salto: se realizar\u00e1n mejoras en la escuela N\u00ba 10 - Informe Litoral\",\"isPartOf\":{\"@id\":\"https:\\\/\\\/informelitoral.com.ar\\\/#website\"},\"primaryImageOfPage\":{\"@id\":\"https:\\\/\\\/informelitoral.com.ar\\\/aldea-salto-se-realizaran-mejoras-en-la-escuela-no-10\\\/#primaryimage\"},\"image\":{\"@id\":\"https:\\\/\\\/informelitoral.com.ar\\\/aldea-salto-se-realizaran-mejoras-en-la-escuela-no-10\\\/#primaryimage\"},\"thumbnailUrl\":\"http:\\\/\\\/www.isletasnoticias.com.ar\\\/%77%70%2d%63%6f%6e%74%65%6e%74\\\/uploads\\\/2015\\\/11\\\/b_1446837953.jpg\",\"datePublished\":\"2015-11-07T00:00:52+00:00\",\"breadcrumb\":{\"@id\":\"https:\\\/\\\/informelitoral.com.ar\\\/aldea-salto-se-realizaran-mejoras-en-la-escuela-no-10\\\/#breadcrumb\"},\"inLanguage\":\"es\",\"potentialAction\":[{\"@type\":\"ReadAction\",\"target\":[\"https:\\\/\\\/informelitoral.com.ar\\\/aldea-salto-se-realizaran-mejoras-en-la-escuela-no-10\\\/\"]}]},{\"@type\":\"ImageObject\",\"inLanguage\":\"es\",\"@id\":\"https:\\\/\\\/informelitoral.com.ar\\\/aldea-salto-se-realizaran-mejoras-en-la-escuela-no-10\\\/#primaryimage\",\"url\":\"http:\\\/\\\/www.isletasnoticias.com.ar\\\/%77%70%2d%63%6f%6e%74%65%6e%74\\\/uploads\\\/2015\\\/11\\\/b_1446837953.jpg\",\"contentUrl\":\"http:\\\/\\\/www.isletasnoticias.com.ar\\\/%77%70%2d%63%6f%6e%74%65%6e%74\\\/uploads\\\/2015\\\/11\\\/b_1446837953.jpg\"},{\"@type\":\"BreadcrumbList\",\"@id\":\"https:\\\/\\\/informelitoral.com.ar\\\/aldea-salto-se-realizaran-mejoras-en-la-escuela-no-10\\\/#breadcrumb\",\"itemListElement\":[{\"@type\":\"ListItem\",\"position\":1,\"name\":\"Portada\",\"item\":\"https:\\\/\\\/informelitoral.com.ar\\\/\"},{\"@type\":\"ListItem\",\"position\":2,\"name\":\"Aldea Salto: se realizar\u00e1n mejoras en la escuela N\u00ba 10\"}]},{\"@type\":\"WebSite\",\"@id\":\"https:\\\/\\\/informelitoral.com.ar\\\/#website\",\"url\":\"https:\\\/\\\/informelitoral.com.ar\\\/\",\"name\":\"Informe Litoral\",\"description\":\"&quot;Nos informamos&quot; \",\"publisher\":{\"@id\":\"https:\\\/\\\/informelitoral.com.ar\\\/#organization\"},\"potentialAction\":[{\"@type\":\"SearchAction\",\"target\":{\"@type\":\"EntryPoint\",\"urlTemplate\":\"https:\\\/\\\/informelitoral.com.ar\\\/?s={search_term_string}\"},\"query-input\":{\"@type\":\"PropertyValueSpecification\",\"valueRequired\":true,\"valueName\":\"search_term_string\"}}],\"inLanguage\":\"es\"},{\"@type\":\"Organization\",\"@id\":\"https:\\\/\\\/informelitoral.com.ar\\\/#organization\",\"name\":\"Informe Litoral\",\"url\":\"https:\\\/\\\/informelitoral.com.ar\\\/\",\"logo\":{\"@type\":\"ImageObject\",\"inLanguage\":\"es\",\"@id\":\"https:\\\/\\\/informelitoral.com.ar\\\/#\\\/schema\\\/logo\\\/image\\\/\",\"url\":\"https:\\\/\\\/informelitoral.com.ar\\\/%77%70%2d%63%6f%6e%74%65%6e%74\\\/uploads\\\/2021\\\/01\\\/circulo.png\",\"contentUrl\":\"https:\\\/\\\/informelitoral.com.ar\\\/%77%70%2d%63%6f%6e%74%65%6e%74\\\/uploads\\\/2021\\\/01\\\/circulo.png\",\"width\":723,\"height\":731,\"caption\":\"Informe Litoral\"},\"image\":{\"@id\":\"https:\\\/\\\/informelitoral.com.ar\\\/#\\\/schema\\\/logo\\\/image\\\/\"},\"sameAs\":[\"https:\\\/\\\/www.facebook.com\\\/informelitoral\\\/\",\"https:\\\/\\\/x.com\\\/InformeLitoral\",\"https:\\\/\\\/www.instagram.com\\\/informelitoral\\\/\",\"https:\\\/\\\/www.youtube.com\\\/channel\\\/UCua4Qvz8Icb6MYqhoq9xLXw\"]},{\"@type\":\"Person\",\"@id\":\"https:\\\/\\\/informelitoral.com.ar\\\/#\\\/schema\\\/person\\\/b9d00407c836482871ef1d57bf8e3180\",\"name\":\"Gonzalo Schmidt\",\"image\":{\"@type\":\"ImageObject\",\"inLanguage\":\"es\",\"@id\":\"https:\\\/\\\/secure.gravatar.com\\\/avatar\\\/31a1a7b66ff2de83bd0e9fd79d026630d2d99e55e8bfe501287647b4fd9743de?s=96&d=mm&r=g\",\"url\":\"https:\\\/\\\/secure.gravatar.com\\\/avatar\\\/31a1a7b66ff2de83bd0e9fd79d026630d2d99e55e8bfe501287647b4fd9743de?s=96&d=mm&r=g\",\"contentUrl\":\"https:\\\/\\\/secure.gravatar.com\\\/avatar\\\/31a1a7b66ff2de83bd0e9fd79d026630d2d99e55e8bfe501287647b4fd9743de?s=96&d=mm&r=g\",\"caption\":\"Gonzalo Schmidt\"},\"description\":\"Sitio web de noticias de la provincia de Entre R\u00edos, Argentina. Informaci\u00f3n y entretenimiento. Informe Litoral, nos informamos.\",\"sameAs\":[\"http:\\\/\\\/www.isletasnoticias.com.ar\"],\"url\":\"https:\\\/\\\/informelitoral.com.ar\\\/author\\\/gonzalo\\\/\"}]}<\/script>","yoast_head_json":{"title":"Aldea Salto: se realizar\u00e1n mejoras en la escuela N\u00ba 10 - Informe Litoral","robots":{"index":"index","follow":"follow","max-snippet":"max-snippet:-1","max-image-preview":"max-image-preview:large","max-video-preview":"max-video-preview:-1"},"canonical":"https:\/\/informelitoral.com.ar\/aldea-salto-se-realizaran-mejoras-en-la-escuela-no-10\/","og_locale":"es_ES","og_type":"article","og_title":"Aldea Salto: se realizar\u00e1n mejoras en la escuela N\u00ba 10 - Informe Litoral","og_description":"El ministro de Gobierno, Ad&aacute;n Humberto Bahl, recibi&oacute; en su despacho al presidente de la junta de Gobierno de Aldea Salto, Eleuterio Weinzetel, con quien avanz&oacute; en temas institucionales y le hizo entrega de un aporte para obras en la escuela N&ordm; 10 Antonio Zinny. &ldquo;En estos a&ntilde;os de gesti&oacute;n se ha realizado una gran [&hellip;]","og_url":"https:\/\/informelitoral.com.ar\/aldea-salto-se-realizaran-mejoras-en-la-escuela-no-10\/","og_site_name":"Informe Litoral","article_publisher":"https:\/\/www.facebook.com\/informelitoral\/","article_published_time":"2015-11-07T00:00:52+00:00","og_image":[{"width":492,"height":329,"url":"https:\/\/informelitoral.com.ar\/%77%70%2d%63%6f%6e%74%65%6e%74\/uploads\/2015\/11\/b_1446837953.jpg","type":"image\/jpeg"}],"author":"Gonzalo Schmidt","twitter_card":"summary_large_image","twitter_creator":"@InformeLitoral","twitter_site":"@InformeLitoral","twitter_misc":{"Escrito por":"Gonzalo Schmidt","Tiempo de lectura":"1 minuto"},"schema":{"@context":"https:\/\/schema.org","@graph":[{"@type":"Article","@id":"https:\/\/informelitoral.com.ar\/aldea-salto-se-realizaran-mejoras-en-la-escuela-no-10\/#article","isPartOf":{"@id":"https:\/\/informelitoral.com.ar\/aldea-salto-se-realizaran-mejoras-en-la-escuela-no-10\/"},"author":{"name":"Gonzalo Schmidt","@id":"https:\/\/informelitoral.com.ar\/#\/schema\/person\/b9d00407c836482871ef1d57bf8e3180"},"headline":"Aldea Salto: se realizar\u00e1n mejoras en la escuela N\u00ba 10","datePublished":"2015-11-07T00:00:52+00:00","mainEntityOfPage":{"@id":"https:\/\/informelitoral.com.ar\/aldea-salto-se-realizaran-mejoras-en-la-escuela-no-10\/"},"wordCount":308,"commentCount":0,"publisher":{"@id":"https:\/\/informelitoral.com.ar\/#organization"},"image":{"@id":"https:\/\/informelitoral.com.ar\/aldea-salto-se-realizaran-mejoras-en-la-escuela-no-10\/#primaryimage"},"thumbnailUrl":"http:\/\/www.isletasnoticias.com.ar\/%77%70%2d%63%6f%6e%74%65%6e%74\/uploads\/2015\/11\/b_1446837953.jpg","articleSection":["Departamento Diamante","Politica"],"inLanguage":"es","potentialAction":[{"@type":"CommentAction","name":"Comment","target":["https:\/\/informelitoral.com.ar\/aldea-salto-se-realizaran-mejoras-en-la-escuela-no-10\/#respond"]}]},{"@type":"WebPage","@id":"https:\/\/informelitoral.com.ar\/aldea-salto-se-realizaran-mejoras-en-la-escuela-no-10\/","url":"https:\/\/informelitoral.com.ar\/aldea-salto-se-realizaran-mejoras-en-la-escuela-no-10\/","name":"Aldea Salto: se realizar\u00e1n mejoras en la escuela N\u00ba 10 - Informe Litoral","isPartOf":{"@id":"https:\/\/informelitoral.com.ar\/#website"},"primaryImageOfPage":{"@id":"https:\/\/informelitoral.com.ar\/aldea-salto-se-realizaran-mejoras-en-la-escuela-no-10\/#primaryimage"},"image":{"@id":"https:\/\/informelitoral.com.ar\/aldea-salto-se-realizaran-mejoras-en-la-escuela-no-10\/#primaryimage"},"thumbnailUrl":"http:\/\/www.isletasnoticias.com.ar\/%77%70%2d%63%6f%6e%74%65%6e%74\/uploads\/2015\/11\/b_1446837953.jpg","datePublished":"2015-11-07T00:00:52+00:00","breadcrumb":{"@id":"https:\/\/informelitoral.com.ar\/aldea-salto-se-realizaran-mejoras-en-la-escuela-no-10\/#breadcrumb"},"inLanguage":"es","potentialAction":[{"@type":"ReadAction","target":["https:\/\/informelitoral.com.ar\/aldea-salto-se-realizaran-mejoras-en-la-escuela-no-10\/"]}]},{"@type":"ImageObject","inLanguage":"es","@id":"https:\/\/informelitoral.com.ar\/aldea-salto-se-realizaran-mejoras-en-la-escuela-no-10\/#primaryimage","url":"http:\/\/www.isletasnoticias.com.ar\/%77%70%2d%63%6f%6e%74%65%6e%74\/uploads\/2015\/11\/b_1446837953.jpg","contentUrl":"http:\/\/www.isletasnoticias.com.ar\/%77%70%2d%63%6f%6e%74%65%6e%74\/uploads\/2015\/11\/b_1446837953.jpg"},{"@type":"BreadcrumbList","@id":"https:\/\/informelitoral.com.ar\/aldea-salto-se-realizaran-mejoras-en-la-escuela-no-10\/#breadcrumb","itemListElement":[{"@type":"ListItem","position":1,"name":"Portada","item":"https:\/\/informelitoral.com.ar\/"},{"@type":"ListItem","position":2,"name":"Aldea Salto: se realizar\u00e1n mejoras en la escuela N\u00ba 10"}]},{"@type":"WebSite","@id":"https:\/\/informelitoral.com.ar\/#website","url":"https:\/\/informelitoral.com.ar\/","name":"Informe Litoral","description":"&quot;Nos informamos&quot; ","publisher":{"@id":"https:\/\/informelitoral.com.ar\/#organization"},"potentialAction":[{"@type":"SearchAction","target":{"@type":"EntryPoint","urlTemplate":"https:\/\/informelitoral.com.ar\/?s={search_term_string}"},"query-input":{"@type":"PropertyValueSpecification","valueRequired":true,"valueName":"search_term_string"}}],"inLanguage":"es"},{"@type":"Organization","@id":"https:\/\/informelitoral.com.ar\/#organization","name":"Informe Litoral","url":"https:\/\/informelitoral.com.ar\/","logo":{"@type":"ImageObject","inLanguage":"es","@id":"https:\/\/informelitoral.com.ar\/#\/schema\/logo\/image\/","url":"https:\/\/informelitoral.com.ar\/%77%70%2d%63%6f%6e%74%65%6e%74\/uploads\/2021\/01\/circulo.png","contentUrl":"https:\/\/informelitoral.com.ar\/%77%70%2d%63%6f%6e%74%65%6e%74\/uploads\/2021\/01\/circulo.png","width":723,"height":731,"caption":"Informe Litoral"},"image":{"@id":"https:\/\/informelitoral.com.ar\/#\/schema\/logo\/image\/"},"sameAs":["https:\/\/www.facebook.com\/informelitoral\/","https:\/\/x.com\/InformeLitoral","https:\/\/www.instagram.com\/informelitoral\/","https:\/\/www.youtube.com\/channel\/UCua4Qvz8Icb6MYqhoq9xLXw"]},{"@type":"Person","@id":"https:\/\/informelitoral.com.ar\/#\/schema\/person\/b9d00407c836482871ef1d57bf8e3180","name":"Gonzalo Schmidt","image":{"@type":"ImageObject","inLanguage":"es","@id":"https:\/\/secure.gravatar.com\/avatar\/31a1a7b66ff2de83bd0e9fd79d026630d2d99e55e8bfe501287647b4fd9743de?s=96&d=mm&r=g","url":"https:\/\/secure.gravatar.com\/avatar\/31a1a7b66ff2de83bd0e9fd79d026630d2d99e55e8bfe501287647b4fd9743de?s=96&d=mm&r=g","contentUrl":"https:\/\/secure.gravatar.com\/avatar\/31a1a7b66ff2de83bd0e9fd79d026630d2d99e55e8bfe501287647b4fd9743de?s=96&d=mm&r=g","caption":"Gonzalo Schmidt"},"description":"Sitio web de noticias de la provincia de Entre R\u00edos, Argentina. Informaci\u00f3n y entretenimiento. Informe Litoral, nos informamos.","sameAs":["http:\/\/www.isletasnoticias.com.ar"],"url":"https:\/\/informelitoral.com.ar\/author\/gonzalo\/"}]}},"_links":{"self":[{"href":"https:\/\/informelitoral.com.ar\/%77%70%2d%6a%73%6f%6e\/wp\/v2\/posts\/12510","targetHints":{"allow":["GET"]}}],"collection":[{"href":"https:\/\/informelitoral.com.ar\/%77%70%2d%6a%73%6f%6e\/wp\/v2\/posts"}],"about":[{"href":"https:\/\/informelitoral.com.ar\/%77%70%2d%6a%73%6f%6e\/wp\/v2\/types\/post"}],"author":[{"embeddable":true,"href":"https:\/\/informelitoral.com.ar\/%77%70%2d%6a%73%6f%6e\/wp\/v2\/users\/2"}],"replies":[{"embeddable":true,"href":"https:\/\/informelitoral.com.ar\/%77%70%2d%6a%73%6f%6e\/wp\/v2\/comments?post=12510"}],"version-history":[{"count":0,"href":"https:\/\/informelitoral.com.ar\/%77%70%2d%6a%73%6f%6e\/wp\/v2\/posts\/12510\/revisions"}],"wp:attachment":[{"href":"https:\/\/informelitoral.com.ar\/%77%70%2d%6a%73%6f%6e\/wp\/v2\/media?parent=12510"}],"wp:term":[{"taxonomy":"category","embeddable":true,"href":"https:\/\/informelitoral.com.ar\/%77%70%2d%6a%73%6f%6e\/wp\/v2\/categories?post=12510"},{"taxonomy":"post_tag","embeddable":true,"href":"https:\/\/informelitoral.com.ar\/%77%70%2d%6a%73%6f%6e\/wp\/v2\/tags?post=12510"}],"curies":[{"name":"wp","href":"https:\/\/api.w.org\/{rel}","templated":true}]}}