{"id":12503,"date":"2015-11-04T23:29:24","date_gmt":"2015-11-05T02:29:24","guid":{"rendered":"http:\/\/www.isletasnoticias.com.ar\/?p=12503"},"modified":"2015-11-04T23:29:24","modified_gmt":"2015-11-05T02:29:24","slug":"anticipo-del-balotaje-en-las-universidades-de-entre-rios","status":"publish","type":"post","link":"https:\/\/informelitoral.com.ar\/anticipo-del-balotaje-en-las-universidades-de-entre-rios\/","title":{"rendered":"Anticipo del balotaje en las universidades de Entre R\u00edos"},"content":{"rendered":"<p><strong>Los estudiantes de las facultades de la UNER eligen sus representantes en consejos directivos y conducciones pol\u00edticas en centros de estudiantes. El clima pol\u00edtico que vive el pa\u00eds ti\u00f1e estos comicios estudiantiles. UADER elige el 16.<\/strong><br \/>\n<a href=\"http:\/\/www.isletasnoticias.com.ar\/%77%70%2d%63%6f%6e%74%65%6e%74\/uploads\/2015\/11\/o_1415230754-1.jpg\"><img loading=\"lazy\" decoding=\"async\" class=\"aligncenter wp-image-12504 size-medium\" src=\"http:\/\/www.isletasnoticias.com.ar\/%77%70%2d%63%6f%6e%74%65%6e%74\/uploads\/2015\/11\/o_1415230754-1-300x169.jpg\" alt=\"o_1415230754 (1)\" width=\"300\" height=\"169\" srcset=\"https:\/\/informelitoral.com.ar\/%77%70%2d%63%6f%6e%74%65%6e%74\/uploads\/2015\/11\/o_1415230754-1-300x169.jpg 300w, https:\/\/informelitoral.com.ar\/%77%70%2d%63%6f%6e%74%65%6e%74\/uploads\/2015\/11\/o_1415230754-1.jpg 640w\" sizes=\"auto, (max-width: 300px) 100vw, 300px\" \/><\/a>Estudiantes universitarios de las diferentes unidades acad\u00e9micas de la Universidad Nacional de Entre R\u00edos (UNER) concurrir\u00e1n a las urnas este jueves. Elegir\u00e1n representantes para los Consejos Directivos y la conducci\u00f3n de los Centros de Estudiantes. Agrupaciones que respaldan abiertamente o solapadamente al kirchnerismo buscan retener la hegemon\u00eda en Trabajo Social y Educaci\u00f3n, la izquierda continuar\u00e1 dirigiendo en Ingenier\u00eda y el CEI y Proagro lo har\u00e1n en Econ\u00f3micas y Agropecuarias, respectivamente.<\/p>\n<p>La militancia estudiantil no se mantiene al margen de la disputa que enfrenta a Daniel Scioli y Mauricio Macri por la presidencia del pa\u00eds. El PRO no tiene agrupaciones en la UNER y no hay apoyo activo a su voto. En cambio, la Federaci\u00f3n Universitaria de Entre R\u00edos ha convocado expl\u00edcitamente a votar al candidato del FpV, postura que tambi\u00e9n han manifestado sectores de Trabajo Social y Educaci\u00f3n. El voto en blanco tiene tambi\u00e9n su expresi\u00f3n.<\/p>\n<p><b>Ciencias de la Educaci\u00f3n<\/b><br \/>\nDos fuerzas se medir\u00e1n en Consejo Directivo. La agrupaci\u00f3n La Colectiva, expresi\u00f3n local del Movimiento de Participaci\u00f3n Estudiantil (MPE Camilo Cienfuegos) que nuclea a estudiantes que apoyan las pol\u00edticas kirchneristas desde la independencia partidaria, postula en primer t\u00e9rmino a Gustavo Dreiszigacker. La lista del Frente de Unidad de Estudiantes en Lucha (FUEL), en tanto, la encabeza Laura Scattini. El sector se posiciona en oposici\u00f3n a las pol\u00edticas de los gobiernos nacional y provincial y re\u00fane a militantes de expresiones de izquierda y estudiantes independientes.<\/p>\n<p>Ambas agrupaciones disputar\u00e1n tambi\u00e9n el Centro de Estudiantes. Actualmente es conducido por La Colectiva, que propone para la presidencia a Yamina Escouboue, mientras que el FUEL, que busca recuperarlo, lleva como candidata a Gina Turtula. Para la contienda por el centro se suma el Frente Universitario Popular, el kirchnerismo duro en la FCE-UNER, que manifiesta un respaldo declarado al gobierno y postula a Rodrigo Ben\u00edtez como presidente. Las tres fuerzas han explicitado su posici\u00f3n ante el balotaje: La Colectiva y el FUP votar\u00e1n a Scioli; el FUEL, por su parte, convoca al voto en blanco.<\/p>\n<p><b>Trabajo Social <\/b><br \/>\nLa unidad acad\u00e9mica de calle La Rioja en la capital provincial dirime las cuatro bancas estudiantiles de su Consejo Directivo entre La Cooke, PUA y Franja Morada. El Frente Universitario Popular, en tanto, qued\u00f3 afuera por haber presentado lista fuera del calendario electoral.<\/p>\n<p>La Cook lleva como primera candidata para el Consejo a Gabriela Paul. La agrupaci\u00f3n gener\u00f3 rispideces al interior del kirchnerismo universitario al declarar su respaldo a la candidatura presidencial de Daniel Scioli el a\u00f1o pasado, cuando la figura naranja a\u00fan era mala palabra en la provincia. Para el balotaje en ciernes militan el voto sciolista.<\/p>\n<p>La agrupaci\u00f3n Participaci\u00f3n Universitaria Aut\u00f3noma (PUA) aglomera a estudiantes radicales, socialistas, justicialistas e independientes, postula como primer candidato al Consejo a Franco Ronconi y milita por \u201cideas, participaci\u00f3n, di\u00e1logo y consenso\u201d en la FTS. Por su lado, Franja Morada, la fuerza estudiantil del radicalismo en la universidad, lleva como candidata a primera consejera estudiantil a Ver\u00f3nica Benitti.<\/p>\n<p>Las elecciones de centro de estudiantes de la FTS est\u00e1n desdobladas y ser\u00e1n el jueves 12, por lo que a\u00fan no han sido ratificadas las candidaturas de las cuatro fuerzas que se medir\u00e1n: La Cooke, PUA, Franja Morada y el FUP, que s\u00ed pelear\u00e1 por la conducci\u00f3n del centro.<\/p>\n<p><b>Ciencias Econ\u00f3micas <\/b><br \/>\nEl CEI, la agrupaci\u00f3n Ciencias Econ\u00f3micas Independiente, lleva m\u00e1s de una d\u00e9cada al frente del claustro estudiantil. En los \u00faltimos a\u00f1os fue lista \u00fanica, lo que le permiti\u00f3 quedarse con todas las bancas en la elecci\u00f3n para Consejo Directivo, condici\u00f3n que vuelve a repetirse esta vez. Sin embargo, tendr\u00e1 competencia para el Centro de Estudiantes. El Movimiento Nacional Reformista (MNR), que agrupa a militantes socialistas e independientes, se presenta y lleva a Santiago Haddad como candidato a presidente.<\/p>\n<p>El CEI, por su parte, postula a Nicol\u00e1s Mathieu como primer consejero y a Alexis Gastaldi para la presidencia del centro. Si bien como agrupaci\u00f3n estudiantil no ha hecho p\u00fablica una postura ante el balotaje presidencial, sus representantes en la FUER \u2013cuyo presidente, el propio Nicol\u00e1s Mathieu, proviene del semillero de Ciencias Econ\u00f3micas- son impulsores del respaldo al candidato oficialista.<\/p>\n<p><b>Otras facultades<\/b><br \/>\nLos consejos directivos son los \u00f3rganos de cogobierno de las facultades, integrados por mayor\u00eda de docentes y, en menor proporci\u00f3n graduados, estudiantes y no docentes. En la Uner, las elecciones definir\u00e1n representantes en Educaci\u00f3n, Trabajo Social, Ciencias de la Alimentaci\u00f3n, Administraci\u00f3n, Ciencias de la Salud y Bromatolog\u00eda.<\/p>\n<p>En Ciencias Agropecuarias la agrupaci\u00f3n Proagro se qued\u00f3 con los 4 consejeros por ser lista \u00fanica. Aqu\u00ed la lista fue encabezada por Juli\u00e1n Parodi. En Ingenier\u00eda ocurri\u00f3 lo mismo con la agrupaci\u00f3n La Nueva Corriente. Su primer candidato es Juan Miramont. <em>(Informe Digital)<\/em><\/p>\n","protected":false},"excerpt":{"rendered":"<p>Los estudiantes de las facultades de la UNER eligen sus representantes en consejos directivos y conducciones pol&iacute;ticas en centros de estudiantes. El clima pol&iacute;tico que vive el pa&iacute;s ti&ntilde;e estos comicios estudiantiles. UADER elige el 16. Estudiantes universitarios de las diferentes unidades acad&eacute;micas de la Universidad Nacional de Entre R&iacute;os (UNER) concurrir&aacute;n a las urnas [&hellip;]<\/p>\n","protected":false},"author":2,"featured_media":0,"comment_status":"open","ping_status":"open","sticky":false,"template":"","format":"standard","meta":{"fifu_image_url":"","fifu_image_alt":"","footnotes":""},"categories":[6,16],"tags":[],"class_list":{"0":"post-12503","1":"post","2":"type-post","3":"status-publish","4":"format-standard","6":"category-entre-rios","7":"category-politi"},"yoast_head":"<title>Anticipo del balotaje en las universidades de Entre R\u00edos - Informe Litoral<\/title>\n<meta name=\"robots\" content=\"index, follow, max-snippet:-1, max-image-preview:large, max-video-preview:-1\" \/>\n<link rel=\"canonical\" href=\"https:\/\/informelitoral.com.ar\/anticipo-del-balotaje-en-las-universidades-de-entre-rios\/\" \/>\n<meta property=\"og:locale\" content=\"es_ES\" \/>\n<meta property=\"og:type\" content=\"article\" \/>\n<meta property=\"og:title\" content=\"Anticipo del balotaje en las universidades de Entre R\u00edos - Informe Litoral\" \/>\n<meta property=\"og:description\" content=\"Los estudiantes de las facultades de la UNER eligen sus representantes en consejos directivos y conducciones pol&iacute;ticas en centros de estudiantes. El clima pol&iacute;tico que vive el pa&iacute;s ti&ntilde;e estos comicios estudiantiles. UADER elige el 16. Estudiantes universitarios de las diferentes unidades acad&eacute;micas de la Universidad Nacional de Entre R&iacute;os (UNER) concurrir&aacute;n a las urnas [&hellip;]\" \/>\n<meta property=\"og:url\" content=\"https:\/\/informelitoral.com.ar\/anticipo-del-balotaje-en-las-universidades-de-entre-rios\/\" \/>\n<meta property=\"og:site_name\" content=\"Informe Litoral\" \/>\n<meta property=\"article:publisher\" content=\"https:\/\/www.facebook.com\/informelitoral\/\" \/>\n<meta property=\"article:published_time\" content=\"2015-11-05T02:29:24+00:00\" \/>\n<meta property=\"og:image\" content=\"https:\/\/informelitoral.com.ar\/%77%70%2d%63%6f%6e%74%65%6e%74\/uploads\/2015\/11\/o_1415230754-1.jpg\" \/>\n\t<meta property=\"og:image:width\" content=\"640\" \/>\n\t<meta property=\"og:image:height\" content=\"360\" \/>\n\t<meta property=\"og:image:type\" content=\"image\/jpeg\" \/>\n<meta name=\"author\" content=\"Gonzalo Schmidt\" \/>\n<meta name=\"twitter:card\" content=\"summary_large_image\" \/>\n<meta name=\"twitter:creator\" content=\"@InformeLitoral\" \/>\n<meta name=\"twitter:site\" content=\"@InformeLitoral\" \/>\n<meta name=\"twitter:label1\" content=\"Escrito por\" \/>\n\t<meta name=\"twitter:data1\" content=\"Gonzalo Schmidt\" \/>\n\t<meta name=\"twitter:label2\" content=\"Tiempo de lectura\" \/>\n\t<meta name=\"twitter:data2\" content=\"4 minutos\" \/>\n<script type=\"application\/ld+json\" class=\"yoast-schema-graph\">{\"@context\":\"https:\\\/\\\/schema.org\",\"@graph\":[{\"@type\":\"Article\",\"@id\":\"https:\\\/\\\/informelitoral.com.ar\\\/anticipo-del-balotaje-en-las-universidades-de-entre-rios\\\/#article\",\"isPartOf\":{\"@id\":\"https:\\\/\\\/informelitoral.com.ar\\\/anticipo-del-balotaje-en-las-universidades-de-entre-rios\\\/\"},\"author\":{\"name\":\"Gonzalo Schmidt\",\"@id\":\"https:\\\/\\\/informelitoral.com.ar\\\/#\\\/schema\\\/person\\\/b9d00407c836482871ef1d57bf8e3180\"},\"headline\":\"Anticipo del balotaje en las universidades de Entre R\u00edos\",\"datePublished\":\"2015-11-05T02:29:24+00:00\",\"mainEntityOfPage\":{\"@id\":\"https:\\\/\\\/informelitoral.com.ar\\\/anticipo-del-balotaje-en-las-universidades-de-entre-rios\\\/\"},\"wordCount\":886,\"commentCount\":0,\"publisher\":{\"@id\":\"https:\\\/\\\/informelitoral.com.ar\\\/#organization\"},\"image\":{\"@id\":\"https:\\\/\\\/informelitoral.com.ar\\\/anticipo-del-balotaje-en-las-universidades-de-entre-rios\\\/#primaryimage\"},\"thumbnailUrl\":\"http:\\\/\\\/www.isletasnoticias.com.ar\\\/%77%70%2d%63%6f%6e%74%65%6e%74\\\/uploads\\\/2015\\\/11\\\/o_1415230754-1-300x169.jpg\",\"articleSection\":[\"Entre R\u00edos\",\"Politica\"],\"inLanguage\":\"es\",\"potentialAction\":[{\"@type\":\"CommentAction\",\"name\":\"Comment\",\"target\":[\"https:\\\/\\\/informelitoral.com.ar\\\/anticipo-del-balotaje-en-las-universidades-de-entre-rios\\\/#respond\"]}]},{\"@type\":\"WebPage\",\"@id\":\"https:\\\/\\\/informelitoral.com.ar\\\/anticipo-del-balotaje-en-las-universidades-de-entre-rios\\\/\",\"url\":\"https:\\\/\\\/informelitoral.com.ar\\\/anticipo-del-balotaje-en-las-universidades-de-entre-rios\\\/\",\"name\":\"Anticipo del balotaje en las universidades de Entre R\u00edos - Informe Litoral\",\"isPartOf\":{\"@id\":\"https:\\\/\\\/informelitoral.com.ar\\\/#website\"},\"primaryImageOfPage\":{\"@id\":\"https:\\\/\\\/informelitoral.com.ar\\\/anticipo-del-balotaje-en-las-universidades-de-entre-rios\\\/#primaryimage\"},\"image\":{\"@id\":\"https:\\\/\\\/informelitoral.com.ar\\\/anticipo-del-balotaje-en-las-universidades-de-entre-rios\\\/#primaryimage\"},\"thumbnailUrl\":\"http:\\\/\\\/www.isletasnoticias.com.ar\\\/%77%70%2d%63%6f%6e%74%65%6e%74\\\/uploads\\\/2015\\\/11\\\/o_1415230754-1-300x169.jpg\",\"datePublished\":\"2015-11-05T02:29:24+00:00\",\"breadcrumb\":{\"@id\":\"https:\\\/\\\/informelitoral.com.ar\\\/anticipo-del-balotaje-en-las-universidades-de-entre-rios\\\/#breadcrumb\"},\"inLanguage\":\"es\",\"potentialAction\":[{\"@type\":\"ReadAction\",\"target\":[\"https:\\\/\\\/informelitoral.com.ar\\\/anticipo-del-balotaje-en-las-universidades-de-entre-rios\\\/\"]}]},{\"@type\":\"ImageObject\",\"inLanguage\":\"es\",\"@id\":\"https:\\\/\\\/informelitoral.com.ar\\\/anticipo-del-balotaje-en-las-universidades-de-entre-rios\\\/#primaryimage\",\"url\":\"http:\\\/\\\/www.isletasnoticias.com.ar\\\/%77%70%2d%63%6f%6e%74%65%6e%74\\\/uploads\\\/2015\\\/11\\\/o_1415230754-1-300x169.jpg\",\"contentUrl\":\"http:\\\/\\\/www.isletasnoticias.com.ar\\\/%77%70%2d%63%6f%6e%74%65%6e%74\\\/uploads\\\/2015\\\/11\\\/o_1415230754-1-300x169.jpg\"},{\"@type\":\"BreadcrumbList\",\"@id\":\"https:\\\/\\\/informelitoral.com.ar\\\/anticipo-del-balotaje-en-las-universidades-de-entre-rios\\\/#breadcrumb\",\"itemListElement\":[{\"@type\":\"ListItem\",\"position\":1,\"name\":\"Portada\",\"item\":\"https:\\\/\\\/informelitoral.com.ar\\\/\"},{\"@type\":\"ListItem\",\"position\":2,\"name\":\"Anticipo del balotaje en las universidades de Entre R\u00edos\"}]},{\"@type\":\"WebSite\",\"@id\":\"https:\\\/\\\/informelitoral.com.ar\\\/#website\",\"url\":\"https:\\\/\\\/informelitoral.com.ar\\\/\",\"name\":\"Informe Litoral\",\"description\":\"&quot;Nos informamos&quot; \",\"publisher\":{\"@id\":\"https:\\\/\\\/informelitoral.com.ar\\\/#organization\"},\"potentialAction\":[{\"@type\":\"SearchAction\",\"target\":{\"@type\":\"EntryPoint\",\"urlTemplate\":\"https:\\\/\\\/informelitoral.com.ar\\\/?s={search_term_string}\"},\"query-input\":{\"@type\":\"PropertyValueSpecification\",\"valueRequired\":true,\"valueName\":\"search_term_string\"}}],\"inLanguage\":\"es\"},{\"@type\":\"Organization\",\"@id\":\"https:\\\/\\\/informelitoral.com.ar\\\/#organization\",\"name\":\"Informe Litoral\",\"url\":\"https:\\\/\\\/informelitoral.com.ar\\\/\",\"logo\":{\"@type\":\"ImageObject\",\"inLanguage\":\"es\",\"@id\":\"https:\\\/\\\/informelitoral.com.ar\\\/#\\\/schema\\\/logo\\\/image\\\/\",\"url\":\"https:\\\/\\\/informelitoral.com.ar\\\/%77%70%2d%63%6f%6e%74%65%6e%74\\\/uploads\\\/2021\\\/01\\\/circulo.png\",\"contentUrl\":\"https:\\\/\\\/informelitoral.com.ar\\\/%77%70%2d%63%6f%6e%74%65%6e%74\\\/uploads\\\/2021\\\/01\\\/circulo.png\",\"width\":723,\"height\":731,\"caption\":\"Informe Litoral\"},\"image\":{\"@id\":\"https:\\\/\\\/informelitoral.com.ar\\\/#\\\/schema\\\/logo\\\/image\\\/\"},\"sameAs\":[\"https:\\\/\\\/www.facebook.com\\\/informelitoral\\\/\",\"https:\\\/\\\/x.com\\\/InformeLitoral\",\"https:\\\/\\\/www.instagram.com\\\/informelitoral\\\/\",\"https:\\\/\\\/www.youtube.com\\\/channel\\\/UCua4Qvz8Icb6MYqhoq9xLXw\"]},{\"@type\":\"Person\",\"@id\":\"https:\\\/\\\/informelitoral.com.ar\\\/#\\\/schema\\\/person\\\/b9d00407c836482871ef1d57bf8e3180\",\"name\":\"Gonzalo Schmidt\",\"image\":{\"@type\":\"ImageObject\",\"inLanguage\":\"es\",\"@id\":\"https:\\\/\\\/secure.gravatar.com\\\/avatar\\\/31a1a7b66ff2de83bd0e9fd79d026630d2d99e55e8bfe501287647b4fd9743de?s=96&d=mm&r=g\",\"url\":\"https:\\\/\\\/secure.gravatar.com\\\/avatar\\\/31a1a7b66ff2de83bd0e9fd79d026630d2d99e55e8bfe501287647b4fd9743de?s=96&d=mm&r=g\",\"contentUrl\":\"https:\\\/\\\/secure.gravatar.com\\\/avatar\\\/31a1a7b66ff2de83bd0e9fd79d026630d2d99e55e8bfe501287647b4fd9743de?s=96&d=mm&r=g\",\"caption\":\"Gonzalo Schmidt\"},\"description\":\"Sitio web de noticias de la provincia de Entre R\u00edos, Argentina. Informaci\u00f3n y entretenimiento. Informe Litoral, nos informamos.\",\"sameAs\":[\"http:\\\/\\\/www.isletasnoticias.com.ar\"],\"url\":\"https:\\\/\\\/informelitoral.com.ar\\\/author\\\/gonzalo\\\/\"}]}<\/script>","yoast_head_json":{"title":"Anticipo del balotaje en las universidades de Entre R\u00edos - Informe Litoral","robots":{"index":"index","follow":"follow","max-snippet":"max-snippet:-1","max-image-preview":"max-image-preview:large","max-video-preview":"max-video-preview:-1"},"canonical":"https:\/\/informelitoral.com.ar\/anticipo-del-balotaje-en-las-universidades-de-entre-rios\/","og_locale":"es_ES","og_type":"article","og_title":"Anticipo del balotaje en las universidades de Entre R\u00edos - Informe Litoral","og_description":"Los estudiantes de las facultades de la UNER eligen sus representantes en consejos directivos y conducciones pol&iacute;ticas en centros de estudiantes. El clima pol&iacute;tico que vive el pa&iacute;s ti&ntilde;e estos comicios estudiantiles. UADER elige el 16. Estudiantes universitarios de las diferentes unidades acad&eacute;micas de la Universidad Nacional de Entre R&iacute;os (UNER) concurrir&aacute;n a las urnas [&hellip;]","og_url":"https:\/\/informelitoral.com.ar\/anticipo-del-balotaje-en-las-universidades-de-entre-rios\/","og_site_name":"Informe Litoral","article_publisher":"https:\/\/www.facebook.com\/informelitoral\/","article_published_time":"2015-11-05T02:29:24+00:00","og_image":[{"width":640,"height":360,"url":"https:\/\/informelitoral.com.ar\/%77%70%2d%63%6f%6e%74%65%6e%74\/uploads\/2015\/11\/o_1415230754-1.jpg","type":"image\/jpeg"}],"author":"Gonzalo Schmidt","twitter_card":"summary_large_image","twitter_creator":"@InformeLitoral","twitter_site":"@InformeLitoral","twitter_misc":{"Escrito por":"Gonzalo Schmidt","Tiempo de lectura":"4 minutos"},"schema":{"@context":"https:\/\/schema.org","@graph":[{"@type":"Article","@id":"https:\/\/informelitoral.com.ar\/anticipo-del-balotaje-en-las-universidades-de-entre-rios\/#article","isPartOf":{"@id":"https:\/\/informelitoral.com.ar\/anticipo-del-balotaje-en-las-universidades-de-entre-rios\/"},"author":{"name":"Gonzalo Schmidt","@id":"https:\/\/informelitoral.com.ar\/#\/schema\/person\/b9d00407c836482871ef1d57bf8e3180"},"headline":"Anticipo del balotaje en las universidades de Entre R\u00edos","datePublished":"2015-11-05T02:29:24+00:00","mainEntityOfPage":{"@id":"https:\/\/informelitoral.com.ar\/anticipo-del-balotaje-en-las-universidades-de-entre-rios\/"},"wordCount":886,"commentCount":0,"publisher":{"@id":"https:\/\/informelitoral.com.ar\/#organization"},"image":{"@id":"https:\/\/informelitoral.com.ar\/anticipo-del-balotaje-en-las-universidades-de-entre-rios\/#primaryimage"},"thumbnailUrl":"http:\/\/www.isletasnoticias.com.ar\/%77%70%2d%63%6f%6e%74%65%6e%74\/uploads\/2015\/11\/o_1415230754-1-300x169.jpg","articleSection":["Entre R\u00edos","Politica"],"inLanguage":"es","potentialAction":[{"@type":"CommentAction","name":"Comment","target":["https:\/\/informelitoral.com.ar\/anticipo-del-balotaje-en-las-universidades-de-entre-rios\/#respond"]}]},{"@type":"WebPage","@id":"https:\/\/informelitoral.com.ar\/anticipo-del-balotaje-en-las-universidades-de-entre-rios\/","url":"https:\/\/informelitoral.com.ar\/anticipo-del-balotaje-en-las-universidades-de-entre-rios\/","name":"Anticipo del balotaje en las universidades de Entre R\u00edos - Informe Litoral","isPartOf":{"@id":"https:\/\/informelitoral.com.ar\/#website"},"primaryImageOfPage":{"@id":"https:\/\/informelitoral.com.ar\/anticipo-del-balotaje-en-las-universidades-de-entre-rios\/#primaryimage"},"image":{"@id":"https:\/\/informelitoral.com.ar\/anticipo-del-balotaje-en-las-universidades-de-entre-rios\/#primaryimage"},"thumbnailUrl":"http:\/\/www.isletasnoticias.com.ar\/%77%70%2d%63%6f%6e%74%65%6e%74\/uploads\/2015\/11\/o_1415230754-1-300x169.jpg","datePublished":"2015-11-05T02:29:24+00:00","breadcrumb":{"@id":"https:\/\/informelitoral.com.ar\/anticipo-del-balotaje-en-las-universidades-de-entre-rios\/#breadcrumb"},"inLanguage":"es","potentialAction":[{"@type":"ReadAction","target":["https:\/\/informelitoral.com.ar\/anticipo-del-balotaje-en-las-universidades-de-entre-rios\/"]}]},{"@type":"ImageObject","inLanguage":"es","@id":"https:\/\/informelitoral.com.ar\/anticipo-del-balotaje-en-las-universidades-de-entre-rios\/#primaryimage","url":"http:\/\/www.isletasnoticias.com.ar\/%77%70%2d%63%6f%6e%74%65%6e%74\/uploads\/2015\/11\/o_1415230754-1-300x169.jpg","contentUrl":"http:\/\/www.isletasnoticias.com.ar\/%77%70%2d%63%6f%6e%74%65%6e%74\/uploads\/2015\/11\/o_1415230754-1-300x169.jpg"},{"@type":"BreadcrumbList","@id":"https:\/\/informelitoral.com.ar\/anticipo-del-balotaje-en-las-universidades-de-entre-rios\/#breadcrumb","itemListElement":[{"@type":"ListItem","position":1,"name":"Portada","item":"https:\/\/informelitoral.com.ar\/"},{"@type":"ListItem","position":2,"name":"Anticipo del balotaje en las universidades de Entre R\u00edos"}]},{"@type":"WebSite","@id":"https:\/\/informelitoral.com.ar\/#website","url":"https:\/\/informelitoral.com.ar\/","name":"Informe Litoral","description":"&quot;Nos informamos&quot; ","publisher":{"@id":"https:\/\/informelitoral.com.ar\/#organization"},"potentialAction":[{"@type":"SearchAction","target":{"@type":"EntryPoint","urlTemplate":"https:\/\/informelitoral.com.ar\/?s={search_term_string}"},"query-input":{"@type":"PropertyValueSpecification","valueRequired":true,"valueName":"search_term_string"}}],"inLanguage":"es"},{"@type":"Organization","@id":"https:\/\/informelitoral.com.ar\/#organization","name":"Informe Litoral","url":"https:\/\/informelitoral.com.ar\/","logo":{"@type":"ImageObject","inLanguage":"es","@id":"https:\/\/informelitoral.com.ar\/#\/schema\/logo\/image\/","url":"https:\/\/informelitoral.com.ar\/%77%70%2d%63%6f%6e%74%65%6e%74\/uploads\/2021\/01\/circulo.png","contentUrl":"https:\/\/informelitoral.com.ar\/%77%70%2d%63%6f%6e%74%65%6e%74\/uploads\/2021\/01\/circulo.png","width":723,"height":731,"caption":"Informe Litoral"},"image":{"@id":"https:\/\/informelitoral.com.ar\/#\/schema\/logo\/image\/"},"sameAs":["https:\/\/www.facebook.com\/informelitoral\/","https:\/\/x.com\/InformeLitoral","https:\/\/www.instagram.com\/informelitoral\/","https:\/\/www.youtube.com\/channel\/UCua4Qvz8Icb6MYqhoq9xLXw"]},{"@type":"Person","@id":"https:\/\/informelitoral.com.ar\/#\/schema\/person\/b9d00407c836482871ef1d57bf8e3180","name":"Gonzalo Schmidt","image":{"@type":"ImageObject","inLanguage":"es","@id":"https:\/\/secure.gravatar.com\/avatar\/31a1a7b66ff2de83bd0e9fd79d026630d2d99e55e8bfe501287647b4fd9743de?s=96&d=mm&r=g","url":"https:\/\/secure.gravatar.com\/avatar\/31a1a7b66ff2de83bd0e9fd79d026630d2d99e55e8bfe501287647b4fd9743de?s=96&d=mm&r=g","contentUrl":"https:\/\/secure.gravatar.com\/avatar\/31a1a7b66ff2de83bd0e9fd79d026630d2d99e55e8bfe501287647b4fd9743de?s=96&d=mm&r=g","caption":"Gonzalo Schmidt"},"description":"Sitio web de noticias de la provincia de Entre R\u00edos, Argentina. Informaci\u00f3n y entretenimiento. Informe Litoral, nos informamos.","sameAs":["http:\/\/www.isletasnoticias.com.ar"],"url":"https:\/\/informelitoral.com.ar\/author\/gonzalo\/"}]}},"_links":{"self":[{"href":"https:\/\/informelitoral.com.ar\/%77%70%2d%6a%73%6f%6e\/wp\/v2\/posts\/12503","targetHints":{"allow":["GET"]}}],"collection":[{"href":"https:\/\/informelitoral.com.ar\/%77%70%2d%6a%73%6f%6e\/wp\/v2\/posts"}],"about":[{"href":"https:\/\/informelitoral.com.ar\/%77%70%2d%6a%73%6f%6e\/wp\/v2\/types\/post"}],"author":[{"embeddable":true,"href":"https:\/\/informelitoral.com.ar\/%77%70%2d%6a%73%6f%6e\/wp\/v2\/users\/2"}],"replies":[{"embeddable":true,"href":"https:\/\/informelitoral.com.ar\/%77%70%2d%6a%73%6f%6e\/wp\/v2\/comments?post=12503"}],"version-history":[{"count":0,"href":"https:\/\/informelitoral.com.ar\/%77%70%2d%6a%73%6f%6e\/wp\/v2\/posts\/12503\/revisions"}],"wp:attachment":[{"href":"https:\/\/informelitoral.com.ar\/%77%70%2d%6a%73%6f%6e\/wp\/v2\/media?parent=12503"}],"wp:term":[{"taxonomy":"category","embeddable":true,"href":"https:\/\/informelitoral.com.ar\/%77%70%2d%6a%73%6f%6e\/wp\/v2\/categories?post=12503"},{"taxonomy":"post_tag","embeddable":true,"href":"https:\/\/informelitoral.com.ar\/%77%70%2d%6a%73%6f%6e\/wp\/v2\/tags?post=12503"}],"curies":[{"name":"wp","href":"https:\/\/api.w.org\/{rel}","templated":true}]}}