{"id":12494,"date":"2015-11-04T20:16:02","date_gmt":"2015-11-04T23:16:02","guid":{"rendered":"http:\/\/www.isletasnoticias.com.ar\/?p=12494"},"modified":"2015-11-04T20:16:24","modified_gmt":"2015-11-04T23:16:24","slug":"debate-presidencial-macri-lo-abre-y-scioli-lo-cierra","status":"publish","type":"post","link":"https:\/\/informelitoral.com.ar\/debate-presidencial-macri-lo-abre-y-scioli-lo-cierra\/","title":{"rendered":"Debate presidencial: Macri lo abre y Scioli lo cierra"},"content":{"rendered":"<p><strong>Los equipos de los dos postulantes que competir\u00e1n en el ballotage firmaron el manual de estilo del encuentro. Se sortearon los temas y el orden de exposici\u00f3n.<a href=\"http:\/\/www.isletasnoticias.com.ar\/%77%70%2d%63%6f%6e%74%65%6e%74\/uploads\/2015\/11\/0013693048.jpg\"><img loading=\"lazy\" decoding=\"async\" class=\"aligncenter size-full wp-image-12495\" src=\"http:\/\/www.isletasnoticias.com.ar\/%77%70%2d%63%6f%6e%74%65%6e%74\/uploads\/2015\/11\/0013693048.jpg\" alt=\"0013693048\" width=\"770\" height=\"433\" srcset=\"https:\/\/informelitoral.com.ar\/%77%70%2d%63%6f%6e%74%65%6e%74\/uploads\/2015\/11\/0013693048.jpg 770w, https:\/\/informelitoral.com.ar\/%77%70%2d%63%6f%6e%74%65%6e%74\/uploads\/2015\/11\/0013693048-300x169.jpg 300w\" sizes=\"auto, (max-width: 770px) 100vw, 770px\" \/><\/a><\/strong>Argentina Debate reuni\u00f3 hoy en la Facultad de Derecho a representantes de los candidatos presidenciales Daniel Scioli (Frente para la Victoria) y Mauricio Macri (Cambiemos), que firmaron el Manual de Estilo con el que se realizar\u00e1 el debate presidencial el domingo 15 de noviembre a las 21 en la Facultad de Derecho de la Universidad de Buenos Aires (UBA).<\/p>\n<p>Por el oficialismo estuvieron Juan Courel y Carlos Gianella, mientras que por Cambiemos particip\u00f3 Miguel de Godoy. Tambi\u00e9n formaron parte miembros del Comit\u00e9 Estrat\u00e9gico de Argentina Debate como Jos\u00e9 Octavio Bord\u00f3n y Le\u00f3n Carlos Arslani\u00e1n; M\u00f3nica Pinto, decana de la Facultad de Derecho, y Alberto Dalla V\u00eda, juez de la C\u00e1mara Nacional Electoral.<\/p>\n<p><strong>Los temas y el orden de los candidatos<\/strong><\/p>\n<p>Durante el debate, los candidatos intercambiar\u00e1n sus propuestas en materia de desarrollo econ\u00f3mico y humano, educaci\u00f3n e infancia, seguridad y derechos humanos, y fortalecimiento democr\u00e1tico. El debate prev\u00e9 tiempo para que cada uno exponga sus propuestas y tiempo para que planteen preguntas al otro candidato.<\/p>\n<p>Por esta raz\u00f3n, el eje y el motor del debate ser\u00e1n las exposiciones, preguntas, r\u00e9plicas y contrarr\u00e9plicas de los candidatos, en el marco de las secciones tem\u00e1ticas propuestas por Argentina Debate.<\/p>\n<p>El sorteo p\u00fablico defini\u00f3 que el bloque de Desarrollo econ\u00f3mico y humano y el de Fortalecimiento democr\u00e1tico los abra Macri y los cierre Scioli. En cambio, los de Educaci\u00f3n e infancia y Seguridad y derechos humanos los abrir\u00e1 el gobernador bonaerense.<\/p>\n<p>El debate tendr\u00e1 un quinto bloque de cierre: primero hablar\u00e1 Macri y cerrar\u00e1 Scioli.<\/p>\n<p>\u00abEste es otro gran paso hacia el debate del primer balotaje de la historia. La presencia de ambos equipos de campa\u00f1a, y el acuerdo entre ellos, es un importante ejemplo y un gran mensaje para la sociedad\u00bb, indic\u00f3 Hern\u00e1n Charosky, coordinador general de Argentina Debate.<\/p>\n<p>El sorteo tambi\u00e9n incluy\u00f3 las salas donde permanecer\u00e1n los candidatos y sus equipos antes del debate y durante los cortes comerciales. Adem\u00e1s, los candidatos y sus equipos podr\u00e1n visitar, en forma separada y coordinada con Argentina Debate, el set del debate los d\u00edas previos. Moderar\u00e1n Rodolfo Barili, Marcelo Bonelli y Luis Novaresio. <em>(Infobae)<\/em><\/p>\n","protected":false},"excerpt":{"rendered":"<p>Los equipos de los dos postulantes que competir&aacute;n en el ballotage firmaron el manual de estilo del encuentro. Se sortearon los temas y el orden de exposici&oacute;n.Argentina Debate reuni&oacute; hoy en la Facultad de Derecho a representantes de los candidatos presidenciales Daniel Scioli (Frente para la Victoria) y Mauricio Macri (Cambiemos), que firmaron el Manual [&hellip;]<\/p>\n","protected":false},"author":2,"featured_media":0,"comment_status":"open","ping_status":"open","sticky":false,"template":"","format":"standard","meta":{"fifu_image_url":"","fifu_image_alt":"","footnotes":""},"categories":[7,16],"tags":[],"class_list":{"0":"post-12494","1":"post","2":"type-post","3":"status-publish","4":"format-standard","6":"category-nacionales","7":"category-politi"},"yoast_head":"<title>Debate presidencial: Macri lo abre y Scioli lo cierra - Informe Litoral<\/title>\n<meta name=\"robots\" content=\"index, follow, max-snippet:-1, max-image-preview:large, max-video-preview:-1\" \/>\n<link rel=\"canonical\" href=\"https:\/\/informelitoral.com.ar\/debate-presidencial-macri-lo-abre-y-scioli-lo-cierra\/\" \/>\n<meta property=\"og:locale\" content=\"es_ES\" \/>\n<meta property=\"og:type\" content=\"article\" \/>\n<meta property=\"og:title\" content=\"Debate presidencial: Macri lo abre y Scioli lo cierra - Informe Litoral\" \/>\n<meta property=\"og:description\" content=\"Los equipos de los dos postulantes que competir&aacute;n en el ballotage firmaron el manual de estilo del encuentro. Se sortearon los temas y el orden de exposici&oacute;n.Argentina Debate reuni&oacute; hoy en la Facultad de Derecho a representantes de los candidatos presidenciales Daniel Scioli (Frente para la Victoria) y Mauricio Macri (Cambiemos), que firmaron el Manual [&hellip;]\" \/>\n<meta property=\"og:url\" content=\"https:\/\/informelitoral.com.ar\/debate-presidencial-macri-lo-abre-y-scioli-lo-cierra\/\" \/>\n<meta property=\"og:site_name\" content=\"Informe Litoral\" \/>\n<meta property=\"article:publisher\" content=\"https:\/\/www.facebook.com\/informelitoral\/\" \/>\n<meta property=\"article:published_time\" content=\"2015-11-04T23:16:02+00:00\" \/>\n<meta property=\"article:modified_time\" content=\"2015-11-04T23:16:24+00:00\" \/>\n<meta property=\"og:image\" content=\"https:\/\/informelitoral.com.ar\/%77%70%2d%63%6f%6e%74%65%6e%74\/uploads\/2015\/11\/0013693048.jpg\" \/>\n\t<meta property=\"og:image:width\" content=\"770\" \/>\n\t<meta property=\"og:image:height\" content=\"433\" \/>\n\t<meta property=\"og:image:type\" content=\"image\/jpeg\" \/>\n<meta name=\"author\" content=\"Gonzalo Schmidt\" \/>\n<meta name=\"twitter:card\" content=\"summary_large_image\" \/>\n<meta name=\"twitter:creator\" content=\"@InformeLitoral\" \/>\n<meta name=\"twitter:site\" content=\"@InformeLitoral\" \/>\n<meta name=\"twitter:label1\" content=\"Escrito por\" \/>\n\t<meta name=\"twitter:data1\" content=\"Gonzalo Schmidt\" \/>\n\t<meta name=\"twitter:label2\" content=\"Tiempo de lectura\" \/>\n\t<meta name=\"twitter:data2\" content=\"2 minutos\" \/>\n<script type=\"application\/ld+json\" class=\"yoast-schema-graph\">{\"@context\":\"https:\\\/\\\/schema.org\",\"@graph\":[{\"@type\":\"Article\",\"@id\":\"https:\\\/\\\/informelitoral.com.ar\\\/debate-presidencial-macri-lo-abre-y-scioli-lo-cierra\\\/#article\",\"isPartOf\":{\"@id\":\"https:\\\/\\\/informelitoral.com.ar\\\/debate-presidencial-macri-lo-abre-y-scioli-lo-cierra\\\/\"},\"author\":{\"name\":\"Gonzalo Schmidt\",\"@id\":\"https:\\\/\\\/informelitoral.com.ar\\\/#\\\/schema\\\/person\\\/b9d00407c836482871ef1d57bf8e3180\"},\"headline\":\"Debate presidencial: Macri lo abre y Scioli lo cierra\",\"datePublished\":\"2015-11-04T23:16:02+00:00\",\"dateModified\":\"2015-11-04T23:16:24+00:00\",\"mainEntityOfPage\":{\"@id\":\"https:\\\/\\\/informelitoral.com.ar\\\/debate-presidencial-macri-lo-abre-y-scioli-lo-cierra\\\/\"},\"wordCount\":414,\"commentCount\":0,\"publisher\":{\"@id\":\"https:\\\/\\\/informelitoral.com.ar\\\/#organization\"},\"image\":{\"@id\":\"https:\\\/\\\/informelitoral.com.ar\\\/debate-presidencial-macri-lo-abre-y-scioli-lo-cierra\\\/#primaryimage\"},\"thumbnailUrl\":\"http:\\\/\\\/www.isletasnoticias.com.ar\\\/%77%70%2d%63%6f%6e%74%65%6e%74\\\/uploads\\\/2015\\\/11\\\/0013693048.jpg\",\"articleSection\":[\"Nacionales\",\"Politica\"],\"inLanguage\":\"es\",\"potentialAction\":[{\"@type\":\"CommentAction\",\"name\":\"Comment\",\"target\":[\"https:\\\/\\\/informelitoral.com.ar\\\/debate-presidencial-macri-lo-abre-y-scioli-lo-cierra\\\/#respond\"]}]},{\"@type\":\"WebPage\",\"@id\":\"https:\\\/\\\/informelitoral.com.ar\\\/debate-presidencial-macri-lo-abre-y-scioli-lo-cierra\\\/\",\"url\":\"https:\\\/\\\/informelitoral.com.ar\\\/debate-presidencial-macri-lo-abre-y-scioli-lo-cierra\\\/\",\"name\":\"Debate presidencial: Macri lo abre y Scioli lo cierra - Informe Litoral\",\"isPartOf\":{\"@id\":\"https:\\\/\\\/informelitoral.com.ar\\\/#website\"},\"primaryImageOfPage\":{\"@id\":\"https:\\\/\\\/informelitoral.com.ar\\\/debate-presidencial-macri-lo-abre-y-scioli-lo-cierra\\\/#primaryimage\"},\"image\":{\"@id\":\"https:\\\/\\\/informelitoral.com.ar\\\/debate-presidencial-macri-lo-abre-y-scioli-lo-cierra\\\/#primaryimage\"},\"thumbnailUrl\":\"http:\\\/\\\/www.isletasnoticias.com.ar\\\/%77%70%2d%63%6f%6e%74%65%6e%74\\\/uploads\\\/2015\\\/11\\\/0013693048.jpg\",\"datePublished\":\"2015-11-04T23:16:02+00:00\",\"dateModified\":\"2015-11-04T23:16:24+00:00\",\"breadcrumb\":{\"@id\":\"https:\\\/\\\/informelitoral.com.ar\\\/debate-presidencial-macri-lo-abre-y-scioli-lo-cierra\\\/#breadcrumb\"},\"inLanguage\":\"es\",\"potentialAction\":[{\"@type\":\"ReadAction\",\"target\":[\"https:\\\/\\\/informelitoral.com.ar\\\/debate-presidencial-macri-lo-abre-y-scioli-lo-cierra\\\/\"]}]},{\"@type\":\"ImageObject\",\"inLanguage\":\"es\",\"@id\":\"https:\\\/\\\/informelitoral.com.ar\\\/debate-presidencial-macri-lo-abre-y-scioli-lo-cierra\\\/#primaryimage\",\"url\":\"http:\\\/\\\/www.isletasnoticias.com.ar\\\/%77%70%2d%63%6f%6e%74%65%6e%74\\\/uploads\\\/2015\\\/11\\\/0013693048.jpg\",\"contentUrl\":\"http:\\\/\\\/www.isletasnoticias.com.ar\\\/%77%70%2d%63%6f%6e%74%65%6e%74\\\/uploads\\\/2015\\\/11\\\/0013693048.jpg\"},{\"@type\":\"BreadcrumbList\",\"@id\":\"https:\\\/\\\/informelitoral.com.ar\\\/debate-presidencial-macri-lo-abre-y-scioli-lo-cierra\\\/#breadcrumb\",\"itemListElement\":[{\"@type\":\"ListItem\",\"position\":1,\"name\":\"Portada\",\"item\":\"https:\\\/\\\/informelitoral.com.ar\\\/\"},{\"@type\":\"ListItem\",\"position\":2,\"name\":\"Debate presidencial: Macri lo abre y Scioli lo cierra\"}]},{\"@type\":\"WebSite\",\"@id\":\"https:\\\/\\\/informelitoral.com.ar\\\/#website\",\"url\":\"https:\\\/\\\/informelitoral.com.ar\\\/\",\"name\":\"Informe Litoral\",\"description\":\"&quot;Nos informamos&quot; \",\"publisher\":{\"@id\":\"https:\\\/\\\/informelitoral.com.ar\\\/#organization\"},\"potentialAction\":[{\"@type\":\"SearchAction\",\"target\":{\"@type\":\"EntryPoint\",\"urlTemplate\":\"https:\\\/\\\/informelitoral.com.ar\\\/?s={search_term_string}\"},\"query-input\":{\"@type\":\"PropertyValueSpecification\",\"valueRequired\":true,\"valueName\":\"search_term_string\"}}],\"inLanguage\":\"es\"},{\"@type\":\"Organization\",\"@id\":\"https:\\\/\\\/informelitoral.com.ar\\\/#organization\",\"name\":\"Informe Litoral\",\"url\":\"https:\\\/\\\/informelitoral.com.ar\\\/\",\"logo\":{\"@type\":\"ImageObject\",\"inLanguage\":\"es\",\"@id\":\"https:\\\/\\\/informelitoral.com.ar\\\/#\\\/schema\\\/logo\\\/image\\\/\",\"url\":\"https:\\\/\\\/informelitoral.com.ar\\\/%77%70%2d%63%6f%6e%74%65%6e%74\\\/uploads\\\/2021\\\/01\\\/circulo.png\",\"contentUrl\":\"https:\\\/\\\/informelitoral.com.ar\\\/%77%70%2d%63%6f%6e%74%65%6e%74\\\/uploads\\\/2021\\\/01\\\/circulo.png\",\"width\":723,\"height\":731,\"caption\":\"Informe Litoral\"},\"image\":{\"@id\":\"https:\\\/\\\/informelitoral.com.ar\\\/#\\\/schema\\\/logo\\\/image\\\/\"},\"sameAs\":[\"https:\\\/\\\/www.facebook.com\\\/informelitoral\\\/\",\"https:\\\/\\\/x.com\\\/InformeLitoral\",\"https:\\\/\\\/www.instagram.com\\\/informelitoral\\\/\",\"https:\\\/\\\/www.youtube.com\\\/channel\\\/UCua4Qvz8Icb6MYqhoq9xLXw\"]},{\"@type\":\"Person\",\"@id\":\"https:\\\/\\\/informelitoral.com.ar\\\/#\\\/schema\\\/person\\\/b9d00407c836482871ef1d57bf8e3180\",\"name\":\"Gonzalo Schmidt\",\"image\":{\"@type\":\"ImageObject\",\"inLanguage\":\"es\",\"@id\":\"https:\\\/\\\/secure.gravatar.com\\\/avatar\\\/31a1a7b66ff2de83bd0e9fd79d026630d2d99e55e8bfe501287647b4fd9743de?s=96&d=mm&r=g\",\"url\":\"https:\\\/\\\/secure.gravatar.com\\\/avatar\\\/31a1a7b66ff2de83bd0e9fd79d026630d2d99e55e8bfe501287647b4fd9743de?s=96&d=mm&r=g\",\"contentUrl\":\"https:\\\/\\\/secure.gravatar.com\\\/avatar\\\/31a1a7b66ff2de83bd0e9fd79d026630d2d99e55e8bfe501287647b4fd9743de?s=96&d=mm&r=g\",\"caption\":\"Gonzalo Schmidt\"},\"description\":\"Sitio web de noticias de la provincia de Entre R\u00edos, Argentina. Informaci\u00f3n y entretenimiento. Informe Litoral, nos informamos.\",\"sameAs\":[\"http:\\\/\\\/www.isletasnoticias.com.ar\"],\"url\":\"https:\\\/\\\/informelitoral.com.ar\\\/author\\\/gonzalo\\\/\"}]}<\/script>","yoast_head_json":{"title":"Debate presidencial: Macri lo abre y Scioli lo cierra - Informe Litoral","robots":{"index":"index","follow":"follow","max-snippet":"max-snippet:-1","max-image-preview":"max-image-preview:large","max-video-preview":"max-video-preview:-1"},"canonical":"https:\/\/informelitoral.com.ar\/debate-presidencial-macri-lo-abre-y-scioli-lo-cierra\/","og_locale":"es_ES","og_type":"article","og_title":"Debate presidencial: Macri lo abre y Scioli lo cierra - Informe Litoral","og_description":"Los equipos de los dos postulantes que competir&aacute;n en el ballotage firmaron el manual de estilo del encuentro. Se sortearon los temas y el orden de exposici&oacute;n.Argentina Debate reuni&oacute; hoy en la Facultad de Derecho a representantes de los candidatos presidenciales Daniel Scioli (Frente para la Victoria) y Mauricio Macri (Cambiemos), que firmaron el Manual [&hellip;]","og_url":"https:\/\/informelitoral.com.ar\/debate-presidencial-macri-lo-abre-y-scioli-lo-cierra\/","og_site_name":"Informe Litoral","article_publisher":"https:\/\/www.facebook.com\/informelitoral\/","article_published_time":"2015-11-04T23:16:02+00:00","article_modified_time":"2015-11-04T23:16:24+00:00","og_image":[{"width":770,"height":433,"url":"https:\/\/informelitoral.com.ar\/%77%70%2d%63%6f%6e%74%65%6e%74\/uploads\/2015\/11\/0013693048.jpg","type":"image\/jpeg"}],"author":"Gonzalo Schmidt","twitter_card":"summary_large_image","twitter_creator":"@InformeLitoral","twitter_site":"@InformeLitoral","twitter_misc":{"Escrito por":"Gonzalo Schmidt","Tiempo de lectura":"2 minutos"},"schema":{"@context":"https:\/\/schema.org","@graph":[{"@type":"Article","@id":"https:\/\/informelitoral.com.ar\/debate-presidencial-macri-lo-abre-y-scioli-lo-cierra\/#article","isPartOf":{"@id":"https:\/\/informelitoral.com.ar\/debate-presidencial-macri-lo-abre-y-scioli-lo-cierra\/"},"author":{"name":"Gonzalo Schmidt","@id":"https:\/\/informelitoral.com.ar\/#\/schema\/person\/b9d00407c836482871ef1d57bf8e3180"},"headline":"Debate presidencial: Macri lo abre y Scioli lo cierra","datePublished":"2015-11-04T23:16:02+00:00","dateModified":"2015-11-04T23:16:24+00:00","mainEntityOfPage":{"@id":"https:\/\/informelitoral.com.ar\/debate-presidencial-macri-lo-abre-y-scioli-lo-cierra\/"},"wordCount":414,"commentCount":0,"publisher":{"@id":"https:\/\/informelitoral.com.ar\/#organization"},"image":{"@id":"https:\/\/informelitoral.com.ar\/debate-presidencial-macri-lo-abre-y-scioli-lo-cierra\/#primaryimage"},"thumbnailUrl":"http:\/\/www.isletasnoticias.com.ar\/%77%70%2d%63%6f%6e%74%65%6e%74\/uploads\/2015\/11\/0013693048.jpg","articleSection":["Nacionales","Politica"],"inLanguage":"es","potentialAction":[{"@type":"CommentAction","name":"Comment","target":["https:\/\/informelitoral.com.ar\/debate-presidencial-macri-lo-abre-y-scioli-lo-cierra\/#respond"]}]},{"@type":"WebPage","@id":"https:\/\/informelitoral.com.ar\/debate-presidencial-macri-lo-abre-y-scioli-lo-cierra\/","url":"https:\/\/informelitoral.com.ar\/debate-presidencial-macri-lo-abre-y-scioli-lo-cierra\/","name":"Debate presidencial: Macri lo abre y Scioli lo cierra - Informe Litoral","isPartOf":{"@id":"https:\/\/informelitoral.com.ar\/#website"},"primaryImageOfPage":{"@id":"https:\/\/informelitoral.com.ar\/debate-presidencial-macri-lo-abre-y-scioli-lo-cierra\/#primaryimage"},"image":{"@id":"https:\/\/informelitoral.com.ar\/debate-presidencial-macri-lo-abre-y-scioli-lo-cierra\/#primaryimage"},"thumbnailUrl":"http:\/\/www.isletasnoticias.com.ar\/%77%70%2d%63%6f%6e%74%65%6e%74\/uploads\/2015\/11\/0013693048.jpg","datePublished":"2015-11-04T23:16:02+00:00","dateModified":"2015-11-04T23:16:24+00:00","breadcrumb":{"@id":"https:\/\/informelitoral.com.ar\/debate-presidencial-macri-lo-abre-y-scioli-lo-cierra\/#breadcrumb"},"inLanguage":"es","potentialAction":[{"@type":"ReadAction","target":["https:\/\/informelitoral.com.ar\/debate-presidencial-macri-lo-abre-y-scioli-lo-cierra\/"]}]},{"@type":"ImageObject","inLanguage":"es","@id":"https:\/\/informelitoral.com.ar\/debate-presidencial-macri-lo-abre-y-scioli-lo-cierra\/#primaryimage","url":"http:\/\/www.isletasnoticias.com.ar\/%77%70%2d%63%6f%6e%74%65%6e%74\/uploads\/2015\/11\/0013693048.jpg","contentUrl":"http:\/\/www.isletasnoticias.com.ar\/%77%70%2d%63%6f%6e%74%65%6e%74\/uploads\/2015\/11\/0013693048.jpg"},{"@type":"BreadcrumbList","@id":"https:\/\/informelitoral.com.ar\/debate-presidencial-macri-lo-abre-y-scioli-lo-cierra\/#breadcrumb","itemListElement":[{"@type":"ListItem","position":1,"name":"Portada","item":"https:\/\/informelitoral.com.ar\/"},{"@type":"ListItem","position":2,"name":"Debate presidencial: Macri lo abre y Scioli lo cierra"}]},{"@type":"WebSite","@id":"https:\/\/informelitoral.com.ar\/#website","url":"https:\/\/informelitoral.com.ar\/","name":"Informe Litoral","description":"&quot;Nos informamos&quot; ","publisher":{"@id":"https:\/\/informelitoral.com.ar\/#organization"},"potentialAction":[{"@type":"SearchAction","target":{"@type":"EntryPoint","urlTemplate":"https:\/\/informelitoral.com.ar\/?s={search_term_string}"},"query-input":{"@type":"PropertyValueSpecification","valueRequired":true,"valueName":"search_term_string"}}],"inLanguage":"es"},{"@type":"Organization","@id":"https:\/\/informelitoral.com.ar\/#organization","name":"Informe Litoral","url":"https:\/\/informelitoral.com.ar\/","logo":{"@type":"ImageObject","inLanguage":"es","@id":"https:\/\/informelitoral.com.ar\/#\/schema\/logo\/image\/","url":"https:\/\/informelitoral.com.ar\/%77%70%2d%63%6f%6e%74%65%6e%74\/uploads\/2021\/01\/circulo.png","contentUrl":"https:\/\/informelitoral.com.ar\/%77%70%2d%63%6f%6e%74%65%6e%74\/uploads\/2021\/01\/circulo.png","width":723,"height":731,"caption":"Informe Litoral"},"image":{"@id":"https:\/\/informelitoral.com.ar\/#\/schema\/logo\/image\/"},"sameAs":["https:\/\/www.facebook.com\/informelitoral\/","https:\/\/x.com\/InformeLitoral","https:\/\/www.instagram.com\/informelitoral\/","https:\/\/www.youtube.com\/channel\/UCua4Qvz8Icb6MYqhoq9xLXw"]},{"@type":"Person","@id":"https:\/\/informelitoral.com.ar\/#\/schema\/person\/b9d00407c836482871ef1d57bf8e3180","name":"Gonzalo Schmidt","image":{"@type":"ImageObject","inLanguage":"es","@id":"https:\/\/secure.gravatar.com\/avatar\/31a1a7b66ff2de83bd0e9fd79d026630d2d99e55e8bfe501287647b4fd9743de?s=96&d=mm&r=g","url":"https:\/\/secure.gravatar.com\/avatar\/31a1a7b66ff2de83bd0e9fd79d026630d2d99e55e8bfe501287647b4fd9743de?s=96&d=mm&r=g","contentUrl":"https:\/\/secure.gravatar.com\/avatar\/31a1a7b66ff2de83bd0e9fd79d026630d2d99e55e8bfe501287647b4fd9743de?s=96&d=mm&r=g","caption":"Gonzalo Schmidt"},"description":"Sitio web de noticias de la provincia de Entre R\u00edos, Argentina. Informaci\u00f3n y entretenimiento. Informe Litoral, nos informamos.","sameAs":["http:\/\/www.isletasnoticias.com.ar"],"url":"https:\/\/informelitoral.com.ar\/author\/gonzalo\/"}]}},"_links":{"self":[{"href":"https:\/\/informelitoral.com.ar\/%77%70%2d%6a%73%6f%6e\/wp\/v2\/posts\/12494","targetHints":{"allow":["GET"]}}],"collection":[{"href":"https:\/\/informelitoral.com.ar\/%77%70%2d%6a%73%6f%6e\/wp\/v2\/posts"}],"about":[{"href":"https:\/\/informelitoral.com.ar\/%77%70%2d%6a%73%6f%6e\/wp\/v2\/types\/post"}],"author":[{"embeddable":true,"href":"https:\/\/informelitoral.com.ar\/%77%70%2d%6a%73%6f%6e\/wp\/v2\/users\/2"}],"replies":[{"embeddable":true,"href":"https:\/\/informelitoral.com.ar\/%77%70%2d%6a%73%6f%6e\/wp\/v2\/comments?post=12494"}],"version-history":[{"count":0,"href":"https:\/\/informelitoral.com.ar\/%77%70%2d%6a%73%6f%6e\/wp\/v2\/posts\/12494\/revisions"}],"wp:attachment":[{"href":"https:\/\/informelitoral.com.ar\/%77%70%2d%6a%73%6f%6e\/wp\/v2\/media?parent=12494"}],"wp:term":[{"taxonomy":"category","embeddable":true,"href":"https:\/\/informelitoral.com.ar\/%77%70%2d%6a%73%6f%6e\/wp\/v2\/categories?post=12494"},{"taxonomy":"post_tag","embeddable":true,"href":"https:\/\/informelitoral.com.ar\/%77%70%2d%6a%73%6f%6e\/wp\/v2\/tags?post=12494"}],"curies":[{"name":"wp","href":"https:\/\/api.w.org\/{rel}","templated":true}]}}