{"id":12491,"date":"2015-11-04T18:06:24","date_gmt":"2015-11-04T21:06:24","guid":{"rendered":"http:\/\/www.isletasnoticias.com.ar\/?p=12491"},"modified":"2015-11-04T20:10:02","modified_gmt":"2015-11-04T23:10:02","slug":"buenos-aires-este-sabado-sera-la-marcha-del-orgullo-gay","status":"publish","type":"post","link":"https:\/\/informelitoral.com.ar\/buenos-aires-este-sabado-sera-la-marcha-del-orgullo-gay\/","title":{"rendered":"Buenos Aires: este s\u00e1bado ser\u00e1 la marcha del orgullo gay"},"content":{"rendered":"<p><strong>A 23 a\u00f1os de la primera edici\u00f3n, se espera una importante convocatoria. Habr\u00e1 una feria del orgullo, con bandas musicales, y el tradicional desfile por la Avenida de Mayo. Y un cierre sorpresa.<a href=\"http:\/\/www.isletasnoticias.com.ar\/%77%70%2d%63%6f%6e%74%65%6e%74\/uploads\/2015\/11\/orgullo.jpeg\"><img loading=\"lazy\" decoding=\"async\" class=\"aligncenter size-full wp-image-12492\" src=\"http:\/\/www.isletasnoticias.com.ar\/%77%70%2d%63%6f%6e%74%65%6e%74\/uploads\/2015\/11\/orgullo.jpeg\" alt=\"orgullo\" width=\"576\" height=\"380\" srcset=\"https:\/\/informelitoral.com.ar\/%77%70%2d%63%6f%6e%74%65%6e%74\/uploads\/2015\/11\/orgullo.jpeg 576w, https:\/\/informelitoral.com.ar\/%77%70%2d%63%6f%6e%74%65%6e%74\/uploads\/2015\/11\/orgullo-300x198.jpeg 300w\" sizes=\"auto, (max-width: 576px) 100vw, 576px\" \/><\/a><\/strong><\/p>\n<p>Lejos en el tiempo qued\u00f3 la primera convocatoria, cuando en 1992 se juntaron 300 personas, de las cuales muchas se tapaban el rostro con caretas ante la discriminaci\u00f3n. A 23 a\u00f1os, las cosas cambiaron mucho y este s\u00e1bado se espera una gran convocatoria y muchos disfraces para una nueva marcha del orgullo gay en Buenos Aires.<\/p>\n<p>Desde la Comisi\u00f3n Organizadora de la Marcha del Orgullo LGBTIQ confirmaron la realizaci\u00f3n de la marcha, bajo la consigna \u201cPor m\u00e1s igualdad real: Ley Antidiscriminatoria y Estado Laico\u201d, seg\u00fan publican en el sitio www.marchadelorgullo.org.ar.<\/p>\n<p>Seg\u00fan est\u00e1 previsto, todo comenzar\u00e1 cerca de las 13.00, con la Feria del Orgullo en la Plaza de Mayo y un show con bandas de m\u00fasica. Y desde las 16.00, seg\u00fan inform\u00f3 la organizaci\u00f3n a trav\u00e9s de su cuenta de Twitter, tendr\u00e1 lugar el tradicional desfile por la Avenida de Mayo hasta la Plaza de los Dos Congresos, indic\u00f3 <em>Clar\u00edn.<\/em><\/p>\n<p>La marcha este a\u00f1o tendr\u00e1 un cierre especial. Es que en la Plaza de los Dos Congresos, tocar\u00e1 \u201cViudas e Hijas del Rock and Roll\u201d, la m\u00edtica banda que volver\u00e1 a los escenarios despu\u00e9s de 25 a\u00f1os de ausencia.<\/p>\n<p>Adem\u00e1s de la consigna principal, seg\u00fan la p\u00e1gina de Facebook de la organizaci\u00f3n, la marcha ser\u00e1 en reclamo de:<\/p>\n<p>1. Acceso real a la salud integral, trabajo y vivienda para las personas trans.<\/p>\n<p>2. Ni una menos. Basta de violencia machista y patriarcal.<\/p>\n<p>3. Ley por el derecho al aborto. Producci\u00f3n p\u00fablica de Misoprostol.<\/p>\n<p>4. Separaci\u00f3n de la iglesia del Estado.<\/p>\n<p>5. No al racismo, la xenofobia y el sexismo.<\/p>\n<p>6. Por un \u00e1mbito deportivo sin discriminaci\u00f3n ni violencia.<\/p>\n<p>7. Legalizaci\u00f3n del autocultivo y consumo de marihuana.8. No a la violencia institucional.<\/p>\n","protected":false},"excerpt":{"rendered":"<p>A 23 a&ntilde;os de la primera edici&oacute;n, se espera una importante convocatoria. Habr&aacute; una feria del orgullo, con bandas musicales, y el tradicional desfile por la Avenida de Mayo. Y un cierre sorpresa. Lejos en el tiempo qued&oacute; la primera convocatoria, cuando en 1992 se juntaron 300 personas, de las cuales muchas se tapaban el [&hellip;]<\/p>\n","protected":false},"author":2,"featured_media":0,"comment_status":"open","ping_status":"open","sticky":false,"template":"","format":"standard","meta":{"fifu_image_url":"","fifu_image_alt":"","footnotes":""},"categories":[7,9],"tags":[],"class_list":{"0":"post-12491","1":"post","2":"type-post","3":"status-publish","4":"format-standard","6":"category-nacionales","7":"category-sociedad"},"yoast_head":"<title>Buenos Aires: este s\u00e1bado ser\u00e1 la marcha del orgullo gay - Informe Litoral<\/title>\n<meta name=\"robots\" content=\"index, follow, max-snippet:-1, max-image-preview:large, max-video-preview:-1\" \/>\n<link rel=\"canonical\" href=\"https:\/\/informelitoral.com.ar\/buenos-aires-este-sabado-sera-la-marcha-del-orgullo-gay\/\" \/>\n<meta property=\"og:locale\" content=\"es_ES\" \/>\n<meta property=\"og:type\" content=\"article\" \/>\n<meta property=\"og:title\" content=\"Buenos Aires: este s\u00e1bado ser\u00e1 la marcha del orgullo gay - Informe Litoral\" \/>\n<meta property=\"og:description\" content=\"A 23 a&ntilde;os de la primera edici&oacute;n, se espera una importante convocatoria. Habr&aacute; una feria del orgullo, con bandas musicales, y el tradicional desfile por la Avenida de Mayo. Y un cierre sorpresa. Lejos en el tiempo qued&oacute; la primera convocatoria, cuando en 1992 se juntaron 300 personas, de las cuales muchas se tapaban el [&hellip;]\" \/>\n<meta property=\"og:url\" content=\"https:\/\/informelitoral.com.ar\/buenos-aires-este-sabado-sera-la-marcha-del-orgullo-gay\/\" \/>\n<meta property=\"og:site_name\" content=\"Informe Litoral\" \/>\n<meta property=\"article:publisher\" content=\"https:\/\/www.facebook.com\/informelitoral\/\" \/>\n<meta property=\"article:published_time\" content=\"2015-11-04T21:06:24+00:00\" \/>\n<meta property=\"article:modified_time\" content=\"2015-11-04T23:10:02+00:00\" \/>\n<meta property=\"og:image\" content=\"https:\/\/informelitoral.com.ar\/%77%70%2d%63%6f%6e%74%65%6e%74\/uploads\/2015\/11\/orgullo.jpeg\" \/>\n\t<meta property=\"og:image:width\" content=\"576\" \/>\n\t<meta property=\"og:image:height\" content=\"380\" \/>\n\t<meta property=\"og:image:type\" content=\"image\/jpeg\" \/>\n<meta name=\"author\" content=\"Gonzalo Schmidt\" \/>\n<meta name=\"twitter:card\" content=\"summary_large_image\" \/>\n<meta name=\"twitter:creator\" content=\"@InformeLitoral\" \/>\n<meta name=\"twitter:site\" content=\"@InformeLitoral\" \/>\n<meta name=\"twitter:label1\" content=\"Escrito por\" \/>\n\t<meta name=\"twitter:data1\" content=\"Gonzalo Schmidt\" \/>\n\t<meta name=\"twitter:label2\" content=\"Tiempo de lectura\" \/>\n\t<meta name=\"twitter:data2\" content=\"2 minutos\" \/>\n<script type=\"application\/ld+json\" class=\"yoast-schema-graph\">{\"@context\":\"https:\\\/\\\/schema.org\",\"@graph\":[{\"@type\":\"Article\",\"@id\":\"https:\\\/\\\/informelitoral.com.ar\\\/buenos-aires-este-sabado-sera-la-marcha-del-orgullo-gay\\\/#article\",\"isPartOf\":{\"@id\":\"https:\\\/\\\/informelitoral.com.ar\\\/buenos-aires-este-sabado-sera-la-marcha-del-orgullo-gay\\\/\"},\"author\":{\"name\":\"Gonzalo Schmidt\",\"@id\":\"https:\\\/\\\/informelitoral.com.ar\\\/#\\\/schema\\\/person\\\/b9d00407c836482871ef1d57bf8e3180\"},\"headline\":\"Buenos Aires: este s\u00e1bado ser\u00e1 la marcha del orgullo gay\",\"datePublished\":\"2015-11-04T21:06:24+00:00\",\"dateModified\":\"2015-11-04T23:10:02+00:00\",\"mainEntityOfPage\":{\"@id\":\"https:\\\/\\\/informelitoral.com.ar\\\/buenos-aires-este-sabado-sera-la-marcha-del-orgullo-gay\\\/\"},\"wordCount\":342,\"commentCount\":0,\"publisher\":{\"@id\":\"https:\\\/\\\/informelitoral.com.ar\\\/#organization\"},\"image\":{\"@id\":\"https:\\\/\\\/informelitoral.com.ar\\\/buenos-aires-este-sabado-sera-la-marcha-del-orgullo-gay\\\/#primaryimage\"},\"thumbnailUrl\":\"http:\\\/\\\/www.isletasnoticias.com.ar\\\/%77%70%2d%63%6f%6e%74%65%6e%74\\\/uploads\\\/2015\\\/11\\\/orgullo.jpeg\",\"articleSection\":[\"Nacionales\",\"Sociedad\"],\"inLanguage\":\"es\",\"potentialAction\":[{\"@type\":\"CommentAction\",\"name\":\"Comment\",\"target\":[\"https:\\\/\\\/informelitoral.com.ar\\\/buenos-aires-este-sabado-sera-la-marcha-del-orgullo-gay\\\/#respond\"]}]},{\"@type\":\"WebPage\",\"@id\":\"https:\\\/\\\/informelitoral.com.ar\\\/buenos-aires-este-sabado-sera-la-marcha-del-orgullo-gay\\\/\",\"url\":\"https:\\\/\\\/informelitoral.com.ar\\\/buenos-aires-este-sabado-sera-la-marcha-del-orgullo-gay\\\/\",\"name\":\"Buenos Aires: este s\u00e1bado ser\u00e1 la marcha del orgullo gay - Informe Litoral\",\"isPartOf\":{\"@id\":\"https:\\\/\\\/informelitoral.com.ar\\\/#website\"},\"primaryImageOfPage\":{\"@id\":\"https:\\\/\\\/informelitoral.com.ar\\\/buenos-aires-este-sabado-sera-la-marcha-del-orgullo-gay\\\/#primaryimage\"},\"image\":{\"@id\":\"https:\\\/\\\/informelitoral.com.ar\\\/buenos-aires-este-sabado-sera-la-marcha-del-orgullo-gay\\\/#primaryimage\"},\"thumbnailUrl\":\"http:\\\/\\\/www.isletasnoticias.com.ar\\\/%77%70%2d%63%6f%6e%74%65%6e%74\\\/uploads\\\/2015\\\/11\\\/orgullo.jpeg\",\"datePublished\":\"2015-11-04T21:06:24+00:00\",\"dateModified\":\"2015-11-04T23:10:02+00:00\",\"breadcrumb\":{\"@id\":\"https:\\\/\\\/informelitoral.com.ar\\\/buenos-aires-este-sabado-sera-la-marcha-del-orgullo-gay\\\/#breadcrumb\"},\"inLanguage\":\"es\",\"potentialAction\":[{\"@type\":\"ReadAction\",\"target\":[\"https:\\\/\\\/informelitoral.com.ar\\\/buenos-aires-este-sabado-sera-la-marcha-del-orgullo-gay\\\/\"]}]},{\"@type\":\"ImageObject\",\"inLanguage\":\"es\",\"@id\":\"https:\\\/\\\/informelitoral.com.ar\\\/buenos-aires-este-sabado-sera-la-marcha-del-orgullo-gay\\\/#primaryimage\",\"url\":\"http:\\\/\\\/www.isletasnoticias.com.ar\\\/%77%70%2d%63%6f%6e%74%65%6e%74\\\/uploads\\\/2015\\\/11\\\/orgullo.jpeg\",\"contentUrl\":\"http:\\\/\\\/www.isletasnoticias.com.ar\\\/%77%70%2d%63%6f%6e%74%65%6e%74\\\/uploads\\\/2015\\\/11\\\/orgullo.jpeg\"},{\"@type\":\"BreadcrumbList\",\"@id\":\"https:\\\/\\\/informelitoral.com.ar\\\/buenos-aires-este-sabado-sera-la-marcha-del-orgullo-gay\\\/#breadcrumb\",\"itemListElement\":[{\"@type\":\"ListItem\",\"position\":1,\"name\":\"Portada\",\"item\":\"https:\\\/\\\/informelitoral.com.ar\\\/\"},{\"@type\":\"ListItem\",\"position\":2,\"name\":\"Buenos Aires: este s\u00e1bado ser\u00e1 la marcha del orgullo gay\"}]},{\"@type\":\"WebSite\",\"@id\":\"https:\\\/\\\/informelitoral.com.ar\\\/#website\",\"url\":\"https:\\\/\\\/informelitoral.com.ar\\\/\",\"name\":\"Informe Litoral\",\"description\":\"&quot;Nos informamos&quot; \",\"publisher\":{\"@id\":\"https:\\\/\\\/informelitoral.com.ar\\\/#organization\"},\"potentialAction\":[{\"@type\":\"SearchAction\",\"target\":{\"@type\":\"EntryPoint\",\"urlTemplate\":\"https:\\\/\\\/informelitoral.com.ar\\\/?s={search_term_string}\"},\"query-input\":{\"@type\":\"PropertyValueSpecification\",\"valueRequired\":true,\"valueName\":\"search_term_string\"}}],\"inLanguage\":\"es\"},{\"@type\":\"Organization\",\"@id\":\"https:\\\/\\\/informelitoral.com.ar\\\/#organization\",\"name\":\"Informe Litoral\",\"url\":\"https:\\\/\\\/informelitoral.com.ar\\\/\",\"logo\":{\"@type\":\"ImageObject\",\"inLanguage\":\"es\",\"@id\":\"https:\\\/\\\/informelitoral.com.ar\\\/#\\\/schema\\\/logo\\\/image\\\/\",\"url\":\"https:\\\/\\\/informelitoral.com.ar\\\/%77%70%2d%63%6f%6e%74%65%6e%74\\\/uploads\\\/2021\\\/01\\\/circulo.png\",\"contentUrl\":\"https:\\\/\\\/informelitoral.com.ar\\\/%77%70%2d%63%6f%6e%74%65%6e%74\\\/uploads\\\/2021\\\/01\\\/circulo.png\",\"width\":723,\"height\":731,\"caption\":\"Informe Litoral\"},\"image\":{\"@id\":\"https:\\\/\\\/informelitoral.com.ar\\\/#\\\/schema\\\/logo\\\/image\\\/\"},\"sameAs\":[\"https:\\\/\\\/www.facebook.com\\\/informelitoral\\\/\",\"https:\\\/\\\/x.com\\\/InformeLitoral\",\"https:\\\/\\\/www.instagram.com\\\/informelitoral\\\/\",\"https:\\\/\\\/www.youtube.com\\\/channel\\\/UCua4Qvz8Icb6MYqhoq9xLXw\"]},{\"@type\":\"Person\",\"@id\":\"https:\\\/\\\/informelitoral.com.ar\\\/#\\\/schema\\\/person\\\/b9d00407c836482871ef1d57bf8e3180\",\"name\":\"Gonzalo Schmidt\",\"image\":{\"@type\":\"ImageObject\",\"inLanguage\":\"es\",\"@id\":\"https:\\\/\\\/secure.gravatar.com\\\/avatar\\\/31a1a7b66ff2de83bd0e9fd79d026630d2d99e55e8bfe501287647b4fd9743de?s=96&d=mm&r=g\",\"url\":\"https:\\\/\\\/secure.gravatar.com\\\/avatar\\\/31a1a7b66ff2de83bd0e9fd79d026630d2d99e55e8bfe501287647b4fd9743de?s=96&d=mm&r=g\",\"contentUrl\":\"https:\\\/\\\/secure.gravatar.com\\\/avatar\\\/31a1a7b66ff2de83bd0e9fd79d026630d2d99e55e8bfe501287647b4fd9743de?s=96&d=mm&r=g\",\"caption\":\"Gonzalo Schmidt\"},\"description\":\"Sitio web de noticias de la provincia de Entre R\u00edos, Argentina. Informaci\u00f3n y entretenimiento. Informe Litoral, nos informamos.\",\"sameAs\":[\"http:\\\/\\\/www.isletasnoticias.com.ar\"],\"url\":\"https:\\\/\\\/informelitoral.com.ar\\\/author\\\/gonzalo\\\/\"}]}<\/script>","yoast_head_json":{"title":"Buenos Aires: este s\u00e1bado ser\u00e1 la marcha del orgullo gay - Informe Litoral","robots":{"index":"index","follow":"follow","max-snippet":"max-snippet:-1","max-image-preview":"max-image-preview:large","max-video-preview":"max-video-preview:-1"},"canonical":"https:\/\/informelitoral.com.ar\/buenos-aires-este-sabado-sera-la-marcha-del-orgullo-gay\/","og_locale":"es_ES","og_type":"article","og_title":"Buenos Aires: este s\u00e1bado ser\u00e1 la marcha del orgullo gay - Informe Litoral","og_description":"A 23 a&ntilde;os de la primera edici&oacute;n, se espera una importante convocatoria. Habr&aacute; una feria del orgullo, con bandas musicales, y el tradicional desfile por la Avenida de Mayo. Y un cierre sorpresa. Lejos en el tiempo qued&oacute; la primera convocatoria, cuando en 1992 se juntaron 300 personas, de las cuales muchas se tapaban el [&hellip;]","og_url":"https:\/\/informelitoral.com.ar\/buenos-aires-este-sabado-sera-la-marcha-del-orgullo-gay\/","og_site_name":"Informe Litoral","article_publisher":"https:\/\/www.facebook.com\/informelitoral\/","article_published_time":"2015-11-04T21:06:24+00:00","article_modified_time":"2015-11-04T23:10:02+00:00","og_image":[{"width":576,"height":380,"url":"https:\/\/informelitoral.com.ar\/%77%70%2d%63%6f%6e%74%65%6e%74\/uploads\/2015\/11\/orgullo.jpeg","type":"image\/jpeg"}],"author":"Gonzalo Schmidt","twitter_card":"summary_large_image","twitter_creator":"@InformeLitoral","twitter_site":"@InformeLitoral","twitter_misc":{"Escrito por":"Gonzalo Schmidt","Tiempo de lectura":"2 minutos"},"schema":{"@context":"https:\/\/schema.org","@graph":[{"@type":"Article","@id":"https:\/\/informelitoral.com.ar\/buenos-aires-este-sabado-sera-la-marcha-del-orgullo-gay\/#article","isPartOf":{"@id":"https:\/\/informelitoral.com.ar\/buenos-aires-este-sabado-sera-la-marcha-del-orgullo-gay\/"},"author":{"name":"Gonzalo Schmidt","@id":"https:\/\/informelitoral.com.ar\/#\/schema\/person\/b9d00407c836482871ef1d57bf8e3180"},"headline":"Buenos Aires: este s\u00e1bado ser\u00e1 la marcha del orgullo gay","datePublished":"2015-11-04T21:06:24+00:00","dateModified":"2015-11-04T23:10:02+00:00","mainEntityOfPage":{"@id":"https:\/\/informelitoral.com.ar\/buenos-aires-este-sabado-sera-la-marcha-del-orgullo-gay\/"},"wordCount":342,"commentCount":0,"publisher":{"@id":"https:\/\/informelitoral.com.ar\/#organization"},"image":{"@id":"https:\/\/informelitoral.com.ar\/buenos-aires-este-sabado-sera-la-marcha-del-orgullo-gay\/#primaryimage"},"thumbnailUrl":"http:\/\/www.isletasnoticias.com.ar\/%77%70%2d%63%6f%6e%74%65%6e%74\/uploads\/2015\/11\/orgullo.jpeg","articleSection":["Nacionales","Sociedad"],"inLanguage":"es","potentialAction":[{"@type":"CommentAction","name":"Comment","target":["https:\/\/informelitoral.com.ar\/buenos-aires-este-sabado-sera-la-marcha-del-orgullo-gay\/#respond"]}]},{"@type":"WebPage","@id":"https:\/\/informelitoral.com.ar\/buenos-aires-este-sabado-sera-la-marcha-del-orgullo-gay\/","url":"https:\/\/informelitoral.com.ar\/buenos-aires-este-sabado-sera-la-marcha-del-orgullo-gay\/","name":"Buenos Aires: este s\u00e1bado ser\u00e1 la marcha del orgullo gay - Informe Litoral","isPartOf":{"@id":"https:\/\/informelitoral.com.ar\/#website"},"primaryImageOfPage":{"@id":"https:\/\/informelitoral.com.ar\/buenos-aires-este-sabado-sera-la-marcha-del-orgullo-gay\/#primaryimage"},"image":{"@id":"https:\/\/informelitoral.com.ar\/buenos-aires-este-sabado-sera-la-marcha-del-orgullo-gay\/#primaryimage"},"thumbnailUrl":"http:\/\/www.isletasnoticias.com.ar\/%77%70%2d%63%6f%6e%74%65%6e%74\/uploads\/2015\/11\/orgullo.jpeg","datePublished":"2015-11-04T21:06:24+00:00","dateModified":"2015-11-04T23:10:02+00:00","breadcrumb":{"@id":"https:\/\/informelitoral.com.ar\/buenos-aires-este-sabado-sera-la-marcha-del-orgullo-gay\/#breadcrumb"},"inLanguage":"es","potentialAction":[{"@type":"ReadAction","target":["https:\/\/informelitoral.com.ar\/buenos-aires-este-sabado-sera-la-marcha-del-orgullo-gay\/"]}]},{"@type":"ImageObject","inLanguage":"es","@id":"https:\/\/informelitoral.com.ar\/buenos-aires-este-sabado-sera-la-marcha-del-orgullo-gay\/#primaryimage","url":"http:\/\/www.isletasnoticias.com.ar\/%77%70%2d%63%6f%6e%74%65%6e%74\/uploads\/2015\/11\/orgullo.jpeg","contentUrl":"http:\/\/www.isletasnoticias.com.ar\/%77%70%2d%63%6f%6e%74%65%6e%74\/uploads\/2015\/11\/orgullo.jpeg"},{"@type":"BreadcrumbList","@id":"https:\/\/informelitoral.com.ar\/buenos-aires-este-sabado-sera-la-marcha-del-orgullo-gay\/#breadcrumb","itemListElement":[{"@type":"ListItem","position":1,"name":"Portada","item":"https:\/\/informelitoral.com.ar\/"},{"@type":"ListItem","position":2,"name":"Buenos Aires: este s\u00e1bado ser\u00e1 la marcha del orgullo gay"}]},{"@type":"WebSite","@id":"https:\/\/informelitoral.com.ar\/#website","url":"https:\/\/informelitoral.com.ar\/","name":"Informe Litoral","description":"&quot;Nos informamos&quot; ","publisher":{"@id":"https:\/\/informelitoral.com.ar\/#organization"},"potentialAction":[{"@type":"SearchAction","target":{"@type":"EntryPoint","urlTemplate":"https:\/\/informelitoral.com.ar\/?s={search_term_string}"},"query-input":{"@type":"PropertyValueSpecification","valueRequired":true,"valueName":"search_term_string"}}],"inLanguage":"es"},{"@type":"Organization","@id":"https:\/\/informelitoral.com.ar\/#organization","name":"Informe Litoral","url":"https:\/\/informelitoral.com.ar\/","logo":{"@type":"ImageObject","inLanguage":"es","@id":"https:\/\/informelitoral.com.ar\/#\/schema\/logo\/image\/","url":"https:\/\/informelitoral.com.ar\/%77%70%2d%63%6f%6e%74%65%6e%74\/uploads\/2021\/01\/circulo.png","contentUrl":"https:\/\/informelitoral.com.ar\/%77%70%2d%63%6f%6e%74%65%6e%74\/uploads\/2021\/01\/circulo.png","width":723,"height":731,"caption":"Informe Litoral"},"image":{"@id":"https:\/\/informelitoral.com.ar\/#\/schema\/logo\/image\/"},"sameAs":["https:\/\/www.facebook.com\/informelitoral\/","https:\/\/x.com\/InformeLitoral","https:\/\/www.instagram.com\/informelitoral\/","https:\/\/www.youtube.com\/channel\/UCua4Qvz8Icb6MYqhoq9xLXw"]},{"@type":"Person","@id":"https:\/\/informelitoral.com.ar\/#\/schema\/person\/b9d00407c836482871ef1d57bf8e3180","name":"Gonzalo Schmidt","image":{"@type":"ImageObject","inLanguage":"es","@id":"https:\/\/secure.gravatar.com\/avatar\/31a1a7b66ff2de83bd0e9fd79d026630d2d99e55e8bfe501287647b4fd9743de?s=96&d=mm&r=g","url":"https:\/\/secure.gravatar.com\/avatar\/31a1a7b66ff2de83bd0e9fd79d026630d2d99e55e8bfe501287647b4fd9743de?s=96&d=mm&r=g","contentUrl":"https:\/\/secure.gravatar.com\/avatar\/31a1a7b66ff2de83bd0e9fd79d026630d2d99e55e8bfe501287647b4fd9743de?s=96&d=mm&r=g","caption":"Gonzalo Schmidt"},"description":"Sitio web de noticias de la provincia de Entre R\u00edos, Argentina. Informaci\u00f3n y entretenimiento. Informe Litoral, nos informamos.","sameAs":["http:\/\/www.isletasnoticias.com.ar"],"url":"https:\/\/informelitoral.com.ar\/author\/gonzalo\/"}]}},"_links":{"self":[{"href":"https:\/\/informelitoral.com.ar\/%77%70%2d%6a%73%6f%6e\/wp\/v2\/posts\/12491","targetHints":{"allow":["GET"]}}],"collection":[{"href":"https:\/\/informelitoral.com.ar\/%77%70%2d%6a%73%6f%6e\/wp\/v2\/posts"}],"about":[{"href":"https:\/\/informelitoral.com.ar\/%77%70%2d%6a%73%6f%6e\/wp\/v2\/types\/post"}],"author":[{"embeddable":true,"href":"https:\/\/informelitoral.com.ar\/%77%70%2d%6a%73%6f%6e\/wp\/v2\/users\/2"}],"replies":[{"embeddable":true,"href":"https:\/\/informelitoral.com.ar\/%77%70%2d%6a%73%6f%6e\/wp\/v2\/comments?post=12491"}],"version-history":[{"count":0,"href":"https:\/\/informelitoral.com.ar\/%77%70%2d%6a%73%6f%6e\/wp\/v2\/posts\/12491\/revisions"}],"wp:attachment":[{"href":"https:\/\/informelitoral.com.ar\/%77%70%2d%6a%73%6f%6e\/wp\/v2\/media?parent=12491"}],"wp:term":[{"taxonomy":"category","embeddable":true,"href":"https:\/\/informelitoral.com.ar\/%77%70%2d%6a%73%6f%6e\/wp\/v2\/categories?post=12491"},{"taxonomy":"post_tag","embeddable":true,"href":"https:\/\/informelitoral.com.ar\/%77%70%2d%6a%73%6f%6e\/wp\/v2\/tags?post=12491"}],"curies":[{"name":"wp","href":"https:\/\/api.w.org\/{rel}","templated":true}]}}