{"id":12465,"date":"2015-11-02T21:34:18","date_gmt":"2015-11-03T00:34:18","guid":{"rendered":"http:\/\/www.isletasnoticias.com.ar\/?p=12465"},"modified":"2015-11-02T21:35:44","modified_gmt":"2015-11-03T00:35:44","slug":"bordet-quiere-revitalizar-relacion-con-los-gobernadores-de-santa-fe-y-cordoba","status":"publish","type":"post","link":"https:\/\/informelitoral.com.ar\/bordet-quiere-revitalizar-relacion-con-los-gobernadores-de-santa-fe-y-cordoba\/","title":{"rendered":"Bordet quiere \u00abrevitalizar\u00bb relaci\u00f3n con los gobernadores de Santa Fe y C\u00f3rdoba"},"content":{"rendered":"<p><strong>El gobernador electo dijo que es necesario \u00abrecuperar el dinamismo de la Regi\u00f3n Centro\u00bb. Para ello buscar\u00e1 el di\u00e1logo con los gobernadores <em>Miguel Lifschitz,<\/em> de Santa Fe, y <em>Juan Schiaretti,<\/em> de C\u00f3rdoba. Volvi\u00f3 a pedir el voto por <em>Scioli.<a href=\"http:\/\/www.isletasnoticias.com.ar\/%77%70%2d%63%6f%6e%74%65%6e%74\/uploads\/2015\/11\/o_1420625629.jpg\"><img loading=\"lazy\" decoding=\"async\" class=\"aligncenter size-full wp-image-12466\" src=\"http:\/\/www.isletasnoticias.com.ar\/%77%70%2d%63%6f%6e%74%65%6e%74\/uploads\/2015\/11\/o_1420625629.jpg\" alt=\"o_1420625629\" width=\"640\" height=\"480\" srcset=\"https:\/\/informelitoral.com.ar\/%77%70%2d%63%6f%6e%74%65%6e%74\/uploads\/2015\/11\/o_1420625629.jpg 640w, https:\/\/informelitoral.com.ar\/%77%70%2d%63%6f%6e%74%65%6e%74\/uploads\/2015\/11\/o_1420625629-300x225.jpg 300w\" sizes=\"auto, (max-width: 640px) 100vw, 640px\" \/><\/a><\/em><\/strong><\/p>\n<div class=\"col-right\">\n<p>A poco m\u00e1s de un mes de asumir al frente del Poder Ejecutivo entrerriano, el actual intendente de Concordia <strong>Gustavo Bordet<\/strong> considera necesario recuperar el dinamismo de la regi\u00f3n que conforma Entre R\u00edos junto a C\u00f3rdoba y la vecina Santa Fe.<\/p>\n<p>\u201cVengo con un fuerte compromiso y eso lo manifest\u00e9 durante toda la campa\u00f1a electoral, de poder revitalizar la Regi\u00f3n Centro junto a los gobernadores Juan Schiaretti y Miguel Lifschitz, en muchos sentidos, incluidas obras de infraestructura, que son necesarias, como el caso del Puente Santa Fe \u2013 Paran\u00e1 y la doble v\u00eda de la conexi\u00f3n Victoria &#8211; Rosario\u201d, apunt\u00f3 el gobernador electo que asumir\u00e1 el pr\u00f3ximo 10 de diciembre.<\/p>\n<p>\u201cEste espacio se complementa y posiciona de forma privilegiada. Producimos manufacturas, materias primas, alimentos, siderurgia, agro metalmec\u00e1nica, laboratorios medicinales, en fin, podemos conformar un bloque entre tres provincias ante la Naci\u00f3n nos permita negociar, y por supuesto tambi\u00e9n salir a vender nuestros productos exportables a distintos pa\u00edses del mundo. Comprometo mi gesti\u00f3n en esta direcci\u00f3n, vamos a trabajar para poder fortalecer todo lo que significa la Regi\u00f3n Centro\u201d, se\u00f1al\u00f3 Bordet.<\/p>\n<p><b>Bordet propone retomar el di\u00e1logo sobre el puente <\/b><br \/>\nConsultado sobre el tema que ha generado posturas diversas sobre la ubicaci\u00f3n de futuro viaducto en las capitales provinciales de Santa Fe y Entre R\u00edos, Gustavo Bordet asegur\u00f3 que hay que retomar el di\u00e1logo cuando asuman las nuevas autoridades del municipio de Paran\u00e1. \u201cLa opini\u00f3n de los intendentes es central. Est\u00e1 el estudio de consultor\u00eda, pero tenemos que ponernos de acuerdo y respetando todos los intereses. Es una obra clave en el corredor Bioce\u00e1nico\u201d.<\/p>\n<p>Por otro lado se\u00f1al\u00f3 que comenzar\u00e1 el estudio para concretar la doble v\u00eda de la conexi\u00f3n vial Victoria &#8211; Rosario y la posibilidad de construir ciento ochenta kil\u00f3metros que quedan para conectar con la autov\u00eda de la ruta 14.<\/p>\n<p>\u201cSon proyectos que debemos llevar adelante, como una autov\u00eda alternativa a la ruta 9 para venir desde Buenos Aires a Rosario por Entre R\u00edos. Esto creo que son las obras estrat\u00e9gicas que hay que comenzar a pensarlas en t\u00e9rminos de pol\u00edticas p\u00fablicas y que trasciendan en la gesti\u00f3n, y es lo que hay que proyectar pensando en nuestra fortaleza regional\u201d, subray\u00f3.<\/p>\n<p><b>Bordet pide el voto por Scioli<\/b><br \/>\nEn su \u00faltima visita a Paran\u00e1 el gobernador bonaerense plante\u00f3 la Agenda del Desarrollo argentino donde ubic\u00f3 a las tres provincias que conforman el espacio regional \u201ccomo el coraz\u00f3n de la segunda etapa de la industrializaci\u00f3n nacional\u201d.<\/p>\n<p>\u201cPor eso es muy importante que este 22 de noviembre triunfe nuestro proyecto de naci\u00f3n, con provincias integradas y desarrolladas de forma arm\u00f3nica\u201d, expres\u00f3 el gobernador electo de Entre R\u00edos.<\/p>\n<p>\u201cDaniel Scioli es el dirigente m\u00e1s preparado para encarar esta nueva etapa en el pa\u00eds, imprescindible para seguir generando oportunidades, para construir una Argentina digna que incluye a todos\u201d concluy\u00f3. <em>(Informe Digital)<\/em><\/p>\n<\/div>\n","protected":false},"excerpt":{"rendered":"<p>El gobernador electo dijo que es necesario &laquo;recuperar el dinamismo de la Regi&oacute;n Centro&raquo;. Para ello buscar&aacute; el di&aacute;logo con los gobernadores Miguel Lifschitz, de Santa Fe, y Juan Schiaretti, de C&oacute;rdoba. Volvi&oacute; a pedir el voto por Scioli. A poco m&aacute;s de un mes de asumir al frente del Poder Ejecutivo entrerriano, el actual [&hellip;]<\/p>\n","protected":false},"author":2,"featured_media":0,"comment_status":"open","ping_status":"open","sticky":false,"template":"","format":"standard","meta":{"fifu_image_url":"","fifu_image_alt":"","footnotes":""},"categories":[6,16],"tags":[],"class_list":{"0":"post-12465","1":"post","2":"type-post","3":"status-publish","4":"format-standard","6":"category-entre-rios","7":"category-politi"},"yoast_head":"<title>Bordet quiere &quot;revitalizar&quot; relaci\u00f3n con los gobernadores de Santa Fe y C\u00f3rdoba - Informe Litoral<\/title>\n<meta name=\"robots\" content=\"index, follow, max-snippet:-1, max-image-preview:large, max-video-preview:-1\" \/>\n<link rel=\"canonical\" href=\"https:\/\/informelitoral.com.ar\/bordet-quiere-revitalizar-relacion-con-los-gobernadores-de-santa-fe-y-cordoba\/\" \/>\n<meta property=\"og:locale\" content=\"es_ES\" \/>\n<meta property=\"og:type\" content=\"article\" \/>\n<meta property=\"og:title\" content=\"Bordet quiere &quot;revitalizar&quot; relaci\u00f3n con los gobernadores de Santa Fe y C\u00f3rdoba - Informe Litoral\" \/>\n<meta property=\"og:description\" content=\"El gobernador electo dijo que es necesario &laquo;recuperar el dinamismo de la Regi&oacute;n Centro&raquo;. Para ello buscar&aacute; el di&aacute;logo con los gobernadores Miguel Lifschitz, de Santa Fe, y Juan Schiaretti, de C&oacute;rdoba. Volvi&oacute; a pedir el voto por Scioli. A poco m&aacute;s de un mes de asumir al frente del Poder Ejecutivo entrerriano, el actual [&hellip;]\" \/>\n<meta property=\"og:url\" content=\"https:\/\/informelitoral.com.ar\/bordet-quiere-revitalizar-relacion-con-los-gobernadores-de-santa-fe-y-cordoba\/\" \/>\n<meta property=\"og:site_name\" content=\"Informe Litoral\" \/>\n<meta property=\"article:publisher\" content=\"https:\/\/www.facebook.com\/informelitoral\/\" \/>\n<meta property=\"article:published_time\" content=\"2015-11-03T00:34:18+00:00\" \/>\n<meta property=\"article:modified_time\" content=\"2015-11-03T00:35:44+00:00\" \/>\n<meta property=\"og:image\" content=\"https:\/\/informelitoral.com.ar\/%77%70%2d%63%6f%6e%74%65%6e%74\/uploads\/2015\/11\/o_1420625629.jpg\" \/>\n\t<meta property=\"og:image:width\" content=\"640\" \/>\n\t<meta property=\"og:image:height\" content=\"480\" \/>\n\t<meta property=\"og:image:type\" content=\"image\/jpeg\" \/>\n<meta name=\"author\" content=\"Gonzalo Schmidt\" \/>\n<meta name=\"twitter:card\" content=\"summary_large_image\" \/>\n<meta name=\"twitter:creator\" content=\"@InformeLitoral\" \/>\n<meta name=\"twitter:site\" content=\"@InformeLitoral\" \/>\n<meta name=\"twitter:label1\" content=\"Escrito por\" \/>\n\t<meta name=\"twitter:data1\" content=\"Gonzalo Schmidt\" \/>\n\t<meta name=\"twitter:label2\" content=\"Tiempo de lectura\" \/>\n\t<meta name=\"twitter:data2\" content=\"3 minutos\" \/>\n<script type=\"application\/ld+json\" class=\"yoast-schema-graph\">{\"@context\":\"https:\\\/\\\/schema.org\",\"@graph\":[{\"@type\":\"Article\",\"@id\":\"https:\\\/\\\/informelitoral.com.ar\\\/bordet-quiere-revitalizar-relacion-con-los-gobernadores-de-santa-fe-y-cordoba\\\/#article\",\"isPartOf\":{\"@id\":\"https:\\\/\\\/informelitoral.com.ar\\\/bordet-quiere-revitalizar-relacion-con-los-gobernadores-de-santa-fe-y-cordoba\\\/\"},\"author\":{\"name\":\"Gonzalo Schmidt\",\"@id\":\"https:\\\/\\\/informelitoral.com.ar\\\/#\\\/schema\\\/person\\\/b9d00407c836482871ef1d57bf8e3180\"},\"headline\":\"Bordet quiere \u00abrevitalizar\u00bb relaci\u00f3n con los gobernadores de Santa Fe y C\u00f3rdoba\",\"datePublished\":\"2015-11-03T00:34:18+00:00\",\"dateModified\":\"2015-11-03T00:35:44+00:00\",\"mainEntityOfPage\":{\"@id\":\"https:\\\/\\\/informelitoral.com.ar\\\/bordet-quiere-revitalizar-relacion-con-los-gobernadores-de-santa-fe-y-cordoba\\\/\"},\"wordCount\":561,\"commentCount\":0,\"publisher\":{\"@id\":\"https:\\\/\\\/informelitoral.com.ar\\\/#organization\"},\"image\":{\"@id\":\"https:\\\/\\\/informelitoral.com.ar\\\/bordet-quiere-revitalizar-relacion-con-los-gobernadores-de-santa-fe-y-cordoba\\\/#primaryimage\"},\"thumbnailUrl\":\"http:\\\/\\\/www.isletasnoticias.com.ar\\\/%77%70%2d%63%6f%6e%74%65%6e%74\\\/uploads\\\/2015\\\/11\\\/o_1420625629.jpg\",\"articleSection\":[\"Entre R\u00edos\",\"Politica\"],\"inLanguage\":\"es\",\"potentialAction\":[{\"@type\":\"CommentAction\",\"name\":\"Comment\",\"target\":[\"https:\\\/\\\/informelitoral.com.ar\\\/bordet-quiere-revitalizar-relacion-con-los-gobernadores-de-santa-fe-y-cordoba\\\/#respond\"]}]},{\"@type\":\"WebPage\",\"@id\":\"https:\\\/\\\/informelitoral.com.ar\\\/bordet-quiere-revitalizar-relacion-con-los-gobernadores-de-santa-fe-y-cordoba\\\/\",\"url\":\"https:\\\/\\\/informelitoral.com.ar\\\/bordet-quiere-revitalizar-relacion-con-los-gobernadores-de-santa-fe-y-cordoba\\\/\",\"name\":\"Bordet quiere \\\"revitalizar\\\" relaci\u00f3n con los gobernadores de Santa Fe y C\u00f3rdoba - Informe Litoral\",\"isPartOf\":{\"@id\":\"https:\\\/\\\/informelitoral.com.ar\\\/#website\"},\"primaryImageOfPage\":{\"@id\":\"https:\\\/\\\/informelitoral.com.ar\\\/bordet-quiere-revitalizar-relacion-con-los-gobernadores-de-santa-fe-y-cordoba\\\/#primaryimage\"},\"image\":{\"@id\":\"https:\\\/\\\/informelitoral.com.ar\\\/bordet-quiere-revitalizar-relacion-con-los-gobernadores-de-santa-fe-y-cordoba\\\/#primaryimage\"},\"thumbnailUrl\":\"http:\\\/\\\/www.isletasnoticias.com.ar\\\/%77%70%2d%63%6f%6e%74%65%6e%74\\\/uploads\\\/2015\\\/11\\\/o_1420625629.jpg\",\"datePublished\":\"2015-11-03T00:34:18+00:00\",\"dateModified\":\"2015-11-03T00:35:44+00:00\",\"breadcrumb\":{\"@id\":\"https:\\\/\\\/informelitoral.com.ar\\\/bordet-quiere-revitalizar-relacion-con-los-gobernadores-de-santa-fe-y-cordoba\\\/#breadcrumb\"},\"inLanguage\":\"es\",\"potentialAction\":[{\"@type\":\"ReadAction\",\"target\":[\"https:\\\/\\\/informelitoral.com.ar\\\/bordet-quiere-revitalizar-relacion-con-los-gobernadores-de-santa-fe-y-cordoba\\\/\"]}]},{\"@type\":\"ImageObject\",\"inLanguage\":\"es\",\"@id\":\"https:\\\/\\\/informelitoral.com.ar\\\/bordet-quiere-revitalizar-relacion-con-los-gobernadores-de-santa-fe-y-cordoba\\\/#primaryimage\",\"url\":\"http:\\\/\\\/www.isletasnoticias.com.ar\\\/%77%70%2d%63%6f%6e%74%65%6e%74\\\/uploads\\\/2015\\\/11\\\/o_1420625629.jpg\",\"contentUrl\":\"http:\\\/\\\/www.isletasnoticias.com.ar\\\/%77%70%2d%63%6f%6e%74%65%6e%74\\\/uploads\\\/2015\\\/11\\\/o_1420625629.jpg\"},{\"@type\":\"BreadcrumbList\",\"@id\":\"https:\\\/\\\/informelitoral.com.ar\\\/bordet-quiere-revitalizar-relacion-con-los-gobernadores-de-santa-fe-y-cordoba\\\/#breadcrumb\",\"itemListElement\":[{\"@type\":\"ListItem\",\"position\":1,\"name\":\"Portada\",\"item\":\"https:\\\/\\\/informelitoral.com.ar\\\/\"},{\"@type\":\"ListItem\",\"position\":2,\"name\":\"Bordet quiere \u00abrevitalizar\u00bb relaci\u00f3n con los gobernadores de Santa Fe y C\u00f3rdoba\"}]},{\"@type\":\"WebSite\",\"@id\":\"https:\\\/\\\/informelitoral.com.ar\\\/#website\",\"url\":\"https:\\\/\\\/informelitoral.com.ar\\\/\",\"name\":\"Informe Litoral\",\"description\":\"&quot;Nos informamos&quot; \",\"publisher\":{\"@id\":\"https:\\\/\\\/informelitoral.com.ar\\\/#organization\"},\"potentialAction\":[{\"@type\":\"SearchAction\",\"target\":{\"@type\":\"EntryPoint\",\"urlTemplate\":\"https:\\\/\\\/informelitoral.com.ar\\\/?s={search_term_string}\"},\"query-input\":{\"@type\":\"PropertyValueSpecification\",\"valueRequired\":true,\"valueName\":\"search_term_string\"}}],\"inLanguage\":\"es\"},{\"@type\":\"Organization\",\"@id\":\"https:\\\/\\\/informelitoral.com.ar\\\/#organization\",\"name\":\"Informe Litoral\",\"url\":\"https:\\\/\\\/informelitoral.com.ar\\\/\",\"logo\":{\"@type\":\"ImageObject\",\"inLanguage\":\"es\",\"@id\":\"https:\\\/\\\/informelitoral.com.ar\\\/#\\\/schema\\\/logo\\\/image\\\/\",\"url\":\"https:\\\/\\\/informelitoral.com.ar\\\/%77%70%2d%63%6f%6e%74%65%6e%74\\\/uploads\\\/2021\\\/01\\\/circulo.png\",\"contentUrl\":\"https:\\\/\\\/informelitoral.com.ar\\\/%77%70%2d%63%6f%6e%74%65%6e%74\\\/uploads\\\/2021\\\/01\\\/circulo.png\",\"width\":723,\"height\":731,\"caption\":\"Informe Litoral\"},\"image\":{\"@id\":\"https:\\\/\\\/informelitoral.com.ar\\\/#\\\/schema\\\/logo\\\/image\\\/\"},\"sameAs\":[\"https:\\\/\\\/www.facebook.com\\\/informelitoral\\\/\",\"https:\\\/\\\/x.com\\\/InformeLitoral\",\"https:\\\/\\\/www.instagram.com\\\/informelitoral\\\/\",\"https:\\\/\\\/www.youtube.com\\\/channel\\\/UCua4Qvz8Icb6MYqhoq9xLXw\"]},{\"@type\":\"Person\",\"@id\":\"https:\\\/\\\/informelitoral.com.ar\\\/#\\\/schema\\\/person\\\/b9d00407c836482871ef1d57bf8e3180\",\"name\":\"Gonzalo Schmidt\",\"image\":{\"@type\":\"ImageObject\",\"inLanguage\":\"es\",\"@id\":\"https:\\\/\\\/secure.gravatar.com\\\/avatar\\\/31a1a7b66ff2de83bd0e9fd79d026630d2d99e55e8bfe501287647b4fd9743de?s=96&d=mm&r=g\",\"url\":\"https:\\\/\\\/secure.gravatar.com\\\/avatar\\\/31a1a7b66ff2de83bd0e9fd79d026630d2d99e55e8bfe501287647b4fd9743de?s=96&d=mm&r=g\",\"contentUrl\":\"https:\\\/\\\/secure.gravatar.com\\\/avatar\\\/31a1a7b66ff2de83bd0e9fd79d026630d2d99e55e8bfe501287647b4fd9743de?s=96&d=mm&r=g\",\"caption\":\"Gonzalo Schmidt\"},\"description\":\"Sitio web de noticias de la provincia de Entre R\u00edos, Argentina. Informaci\u00f3n y entretenimiento. Informe Litoral, nos informamos.\",\"sameAs\":[\"http:\\\/\\\/www.isletasnoticias.com.ar\"],\"url\":\"https:\\\/\\\/informelitoral.com.ar\\\/author\\\/gonzalo\\\/\"}]}<\/script>","yoast_head_json":{"title":"Bordet quiere \"revitalizar\" relaci\u00f3n con los gobernadores de Santa Fe y C\u00f3rdoba - Informe Litoral","robots":{"index":"index","follow":"follow","max-snippet":"max-snippet:-1","max-image-preview":"max-image-preview:large","max-video-preview":"max-video-preview:-1"},"canonical":"https:\/\/informelitoral.com.ar\/bordet-quiere-revitalizar-relacion-con-los-gobernadores-de-santa-fe-y-cordoba\/","og_locale":"es_ES","og_type":"article","og_title":"Bordet quiere \"revitalizar\" relaci\u00f3n con los gobernadores de Santa Fe y C\u00f3rdoba - Informe Litoral","og_description":"El gobernador electo dijo que es necesario &laquo;recuperar el dinamismo de la Regi&oacute;n Centro&raquo;. Para ello buscar&aacute; el di&aacute;logo con los gobernadores Miguel Lifschitz, de Santa Fe, y Juan Schiaretti, de C&oacute;rdoba. Volvi&oacute; a pedir el voto por Scioli. A poco m&aacute;s de un mes de asumir al frente del Poder Ejecutivo entrerriano, el actual [&hellip;]","og_url":"https:\/\/informelitoral.com.ar\/bordet-quiere-revitalizar-relacion-con-los-gobernadores-de-santa-fe-y-cordoba\/","og_site_name":"Informe Litoral","article_publisher":"https:\/\/www.facebook.com\/informelitoral\/","article_published_time":"2015-11-03T00:34:18+00:00","article_modified_time":"2015-11-03T00:35:44+00:00","og_image":[{"width":640,"height":480,"url":"https:\/\/informelitoral.com.ar\/%77%70%2d%63%6f%6e%74%65%6e%74\/uploads\/2015\/11\/o_1420625629.jpg","type":"image\/jpeg"}],"author":"Gonzalo Schmidt","twitter_card":"summary_large_image","twitter_creator":"@InformeLitoral","twitter_site":"@InformeLitoral","twitter_misc":{"Escrito por":"Gonzalo Schmidt","Tiempo de lectura":"3 minutos"},"schema":{"@context":"https:\/\/schema.org","@graph":[{"@type":"Article","@id":"https:\/\/informelitoral.com.ar\/bordet-quiere-revitalizar-relacion-con-los-gobernadores-de-santa-fe-y-cordoba\/#article","isPartOf":{"@id":"https:\/\/informelitoral.com.ar\/bordet-quiere-revitalizar-relacion-con-los-gobernadores-de-santa-fe-y-cordoba\/"},"author":{"name":"Gonzalo Schmidt","@id":"https:\/\/informelitoral.com.ar\/#\/schema\/person\/b9d00407c836482871ef1d57bf8e3180"},"headline":"Bordet quiere \u00abrevitalizar\u00bb relaci\u00f3n con los gobernadores de Santa Fe y C\u00f3rdoba","datePublished":"2015-11-03T00:34:18+00:00","dateModified":"2015-11-03T00:35:44+00:00","mainEntityOfPage":{"@id":"https:\/\/informelitoral.com.ar\/bordet-quiere-revitalizar-relacion-con-los-gobernadores-de-santa-fe-y-cordoba\/"},"wordCount":561,"commentCount":0,"publisher":{"@id":"https:\/\/informelitoral.com.ar\/#organization"},"image":{"@id":"https:\/\/informelitoral.com.ar\/bordet-quiere-revitalizar-relacion-con-los-gobernadores-de-santa-fe-y-cordoba\/#primaryimage"},"thumbnailUrl":"http:\/\/www.isletasnoticias.com.ar\/%77%70%2d%63%6f%6e%74%65%6e%74\/uploads\/2015\/11\/o_1420625629.jpg","articleSection":["Entre R\u00edos","Politica"],"inLanguage":"es","potentialAction":[{"@type":"CommentAction","name":"Comment","target":["https:\/\/informelitoral.com.ar\/bordet-quiere-revitalizar-relacion-con-los-gobernadores-de-santa-fe-y-cordoba\/#respond"]}]},{"@type":"WebPage","@id":"https:\/\/informelitoral.com.ar\/bordet-quiere-revitalizar-relacion-con-los-gobernadores-de-santa-fe-y-cordoba\/","url":"https:\/\/informelitoral.com.ar\/bordet-quiere-revitalizar-relacion-con-los-gobernadores-de-santa-fe-y-cordoba\/","name":"Bordet quiere \"revitalizar\" relaci\u00f3n con los gobernadores de Santa Fe y C\u00f3rdoba - Informe Litoral","isPartOf":{"@id":"https:\/\/informelitoral.com.ar\/#website"},"primaryImageOfPage":{"@id":"https:\/\/informelitoral.com.ar\/bordet-quiere-revitalizar-relacion-con-los-gobernadores-de-santa-fe-y-cordoba\/#primaryimage"},"image":{"@id":"https:\/\/informelitoral.com.ar\/bordet-quiere-revitalizar-relacion-con-los-gobernadores-de-santa-fe-y-cordoba\/#primaryimage"},"thumbnailUrl":"http:\/\/www.isletasnoticias.com.ar\/%77%70%2d%63%6f%6e%74%65%6e%74\/uploads\/2015\/11\/o_1420625629.jpg","datePublished":"2015-11-03T00:34:18+00:00","dateModified":"2015-11-03T00:35:44+00:00","breadcrumb":{"@id":"https:\/\/informelitoral.com.ar\/bordet-quiere-revitalizar-relacion-con-los-gobernadores-de-santa-fe-y-cordoba\/#breadcrumb"},"inLanguage":"es","potentialAction":[{"@type":"ReadAction","target":["https:\/\/informelitoral.com.ar\/bordet-quiere-revitalizar-relacion-con-los-gobernadores-de-santa-fe-y-cordoba\/"]}]},{"@type":"ImageObject","inLanguage":"es","@id":"https:\/\/informelitoral.com.ar\/bordet-quiere-revitalizar-relacion-con-los-gobernadores-de-santa-fe-y-cordoba\/#primaryimage","url":"http:\/\/www.isletasnoticias.com.ar\/%77%70%2d%63%6f%6e%74%65%6e%74\/uploads\/2015\/11\/o_1420625629.jpg","contentUrl":"http:\/\/www.isletasnoticias.com.ar\/%77%70%2d%63%6f%6e%74%65%6e%74\/uploads\/2015\/11\/o_1420625629.jpg"},{"@type":"BreadcrumbList","@id":"https:\/\/informelitoral.com.ar\/bordet-quiere-revitalizar-relacion-con-los-gobernadores-de-santa-fe-y-cordoba\/#breadcrumb","itemListElement":[{"@type":"ListItem","position":1,"name":"Portada","item":"https:\/\/informelitoral.com.ar\/"},{"@type":"ListItem","position":2,"name":"Bordet quiere \u00abrevitalizar\u00bb relaci\u00f3n con los gobernadores de Santa Fe y C\u00f3rdoba"}]},{"@type":"WebSite","@id":"https:\/\/informelitoral.com.ar\/#website","url":"https:\/\/informelitoral.com.ar\/","name":"Informe Litoral","description":"&quot;Nos informamos&quot; ","publisher":{"@id":"https:\/\/informelitoral.com.ar\/#organization"},"potentialAction":[{"@type":"SearchAction","target":{"@type":"EntryPoint","urlTemplate":"https:\/\/informelitoral.com.ar\/?s={search_term_string}"},"query-input":{"@type":"PropertyValueSpecification","valueRequired":true,"valueName":"search_term_string"}}],"inLanguage":"es"},{"@type":"Organization","@id":"https:\/\/informelitoral.com.ar\/#organization","name":"Informe Litoral","url":"https:\/\/informelitoral.com.ar\/","logo":{"@type":"ImageObject","inLanguage":"es","@id":"https:\/\/informelitoral.com.ar\/#\/schema\/logo\/image\/","url":"https:\/\/informelitoral.com.ar\/%77%70%2d%63%6f%6e%74%65%6e%74\/uploads\/2021\/01\/circulo.png","contentUrl":"https:\/\/informelitoral.com.ar\/%77%70%2d%63%6f%6e%74%65%6e%74\/uploads\/2021\/01\/circulo.png","width":723,"height":731,"caption":"Informe Litoral"},"image":{"@id":"https:\/\/informelitoral.com.ar\/#\/schema\/logo\/image\/"},"sameAs":["https:\/\/www.facebook.com\/informelitoral\/","https:\/\/x.com\/InformeLitoral","https:\/\/www.instagram.com\/informelitoral\/","https:\/\/www.youtube.com\/channel\/UCua4Qvz8Icb6MYqhoq9xLXw"]},{"@type":"Person","@id":"https:\/\/informelitoral.com.ar\/#\/schema\/person\/b9d00407c836482871ef1d57bf8e3180","name":"Gonzalo Schmidt","image":{"@type":"ImageObject","inLanguage":"es","@id":"https:\/\/secure.gravatar.com\/avatar\/31a1a7b66ff2de83bd0e9fd79d026630d2d99e55e8bfe501287647b4fd9743de?s=96&d=mm&r=g","url":"https:\/\/secure.gravatar.com\/avatar\/31a1a7b66ff2de83bd0e9fd79d026630d2d99e55e8bfe501287647b4fd9743de?s=96&d=mm&r=g","contentUrl":"https:\/\/secure.gravatar.com\/avatar\/31a1a7b66ff2de83bd0e9fd79d026630d2d99e55e8bfe501287647b4fd9743de?s=96&d=mm&r=g","caption":"Gonzalo Schmidt"},"description":"Sitio web de noticias de la provincia de Entre R\u00edos, Argentina. Informaci\u00f3n y entretenimiento. Informe Litoral, nos informamos.","sameAs":["http:\/\/www.isletasnoticias.com.ar"],"url":"https:\/\/informelitoral.com.ar\/author\/gonzalo\/"}]}},"_links":{"self":[{"href":"https:\/\/informelitoral.com.ar\/%77%70%2d%6a%73%6f%6e\/wp\/v2\/posts\/12465","targetHints":{"allow":["GET"]}}],"collection":[{"href":"https:\/\/informelitoral.com.ar\/%77%70%2d%6a%73%6f%6e\/wp\/v2\/posts"}],"about":[{"href":"https:\/\/informelitoral.com.ar\/%77%70%2d%6a%73%6f%6e\/wp\/v2\/types\/post"}],"author":[{"embeddable":true,"href":"https:\/\/informelitoral.com.ar\/%77%70%2d%6a%73%6f%6e\/wp\/v2\/users\/2"}],"replies":[{"embeddable":true,"href":"https:\/\/informelitoral.com.ar\/%77%70%2d%6a%73%6f%6e\/wp\/v2\/comments?post=12465"}],"version-history":[{"count":0,"href":"https:\/\/informelitoral.com.ar\/%77%70%2d%6a%73%6f%6e\/wp\/v2\/posts\/12465\/revisions"}],"wp:attachment":[{"href":"https:\/\/informelitoral.com.ar\/%77%70%2d%6a%73%6f%6e\/wp\/v2\/media?parent=12465"}],"wp:term":[{"taxonomy":"category","embeddable":true,"href":"https:\/\/informelitoral.com.ar\/%77%70%2d%6a%73%6f%6e\/wp\/v2\/categories?post=12465"},{"taxonomy":"post_tag","embeddable":true,"href":"https:\/\/informelitoral.com.ar\/%77%70%2d%6a%73%6f%6e\/wp\/v2\/tags?post=12465"}],"curies":[{"name":"wp","href":"https:\/\/api.w.org\/{rel}","templated":true}]}}