{"id":12442,"date":"2015-10-30T06:28:22","date_gmt":"2015-10-30T09:28:22","guid":{"rendered":"http:\/\/www.isletasnoticias.com.ar\/?p=12442"},"modified":"2015-10-30T20:31:21","modified_gmt":"2015-10-30T23:31:21","slug":"los-hombres-marcharan-en-pollera-contra-los-femicidios","status":"publish","type":"post","link":"https:\/\/informelitoral.com.ar\/los-hombres-marcharan-en-pollera-contra-los-femicidios\/","title":{"rendered":"Los hombres marchar\u00e1n en pollera contra los femicidios"},"content":{"rendered":"<p><strong>La consigna es <em>#unomasXniunamenos.<\/em> La convocatoria para marchar es para el pr\u00f3ximo 5 de noviembre a las 18.00 en Corrientes y Callao y otros puntos claves del pa\u00eds.<a href=\"http:\/\/www.isletasnoticias.com.ar\/%77%70%2d%63%6f%6e%74%65%6e%74\/uploads\/2015\/10\/Marcha_de_los_hombres_en_pollera-ni_una_menos_CLAIMA20151028_0196_39.jpg\"><img loading=\"lazy\" decoding=\"async\" class=\"aligncenter size-full wp-image-12443\" src=\"http:\/\/www.isletasnoticias.com.ar\/%77%70%2d%63%6f%6e%74%65%6e%74\/uploads\/2015\/10\/Marcha_de_los_hombres_en_pollera-ni_una_menos_CLAIMA20151028_0196_39.jpg\" alt=\"Marcha_de_los_hombres_en_pollera-ni_una_menos_CLAIMA20151028_0196_39\" width=\"600\" height=\"338\" srcset=\"https:\/\/informelitoral.com.ar\/%77%70%2d%63%6f%6e%74%65%6e%74\/uploads\/2015\/10\/Marcha_de_los_hombres_en_pollera-ni_una_menos_CLAIMA20151028_0196_39.jpg 600w, https:\/\/informelitoral.com.ar\/%77%70%2d%63%6f%6e%74%65%6e%74\/uploads\/2015\/10\/Marcha_de_los_hombres_en_pollera-ni_una_menos_CLAIMA20151028_0196_39-300x169.jpg 300w\" sizes=\"auto, (max-width: 600px) 100vw, 600px\" \/><\/a><\/strong><\/p>\n<p class=\"first-paragraph\">Como <strong>#NiUnaMenos<\/strong> surgi\u00f3 a partir del reclamo popular, as\u00ed tambi\u00e9n esta convocatoria: sin cabeza organizadora, de todos y de nadie a la vez. Sin banderas pol\u00edticas o con la pollera como bandera. El 5 de noviembre los hombres que se reunir\u00e1n en Corrientes y Callao para cortar la calle y caminar en silencio hacia el Obelisco. Lo har\u00e1n con las prendas de sus novias, hijas, esposas, amigas. \u201cPonete la pollera si sos hombre\u201d,\u00a0 y ah\u00ed se develar\u00e1 el machismo oculto, \u00bfpor qu\u00e9 no te la pondr\u00edas?<\/p>\n<p>La idea es tambi\u00e9n acercarse con peque\u00f1os carteles hechos por cada uno o por los grupos que quieran organizarse. Diversidad de consignas, de expresiones, de est\u00e9ticas contra el patriarcado ser\u00e1n el eje de la convocatoria. Tal vez haya quienes puedan armar situaciones art\u00edsticas o performances que se expresen durante las cuadras de la marcha, consign\u00f3 <em>Clar\u00edn.<\/em><\/p>\n<p><strong>El manifiesto publicado en el evento que convoca reza lo siguiente:<\/strong><\/p>\n<p>\u201cHasta ahora han sido las mujeres las que se han hecho cargo de denunciar, movilizarse y expresarse de mil maneras contra el femicidio, una de las caras m\u00e1s criminales del patriarcado. (\u2026)<\/p>\n<p>Los hombres estamos desorientados acerca de nuestro rol en esta situaci\u00f3n, parecemos observadores, o naturalizamos la conducta criminal bajo cualquier racionalizaci\u00f3n y excusa. Basta ver los medios de comunicaci\u00f3n cuando a los asesinatos los enmarcan en \u00abcr\u00edmenes pasionales\u00bb, en \u00abemoci\u00f3n violenta\u00bb o coartadas por el estilo.<\/p>\n<p>Proponemos por todo esto una acci\u00f3n concreta que podemos hacer los hombres contra el femicidio. Un paso, un gesto, un s\u00edmbolo, un movimiento: Realizar una marcha en silencio por calles c\u00e9ntricas vestidos con polleras.<\/p>\n<p>Hombres con polleras. Hombres que nos ponemos en el lugar de la mujer. Hombres que decimos que hoy \u00absomos todos mujeres\u00bb y estamos en riesgo.<\/p>\n<p>Hombres que nos enorgullecemos de las mujeres y tomamos una de sus prendas como s\u00edmbolo. (\u2026)<\/p>\n<p>Caminar en pollera a los \u00fanicos que puede humillar es a los machistas. O al machismo que en cada uno de nosotros anid\u00f3. No a nuestro ser hombres.<\/p>\n<p>Necesitamos coraje para hacerlo. Necesitamos de las mujeres para hacerlo. Y, sobre todo, necesitamos parar el femicidio.\u201d<\/p>\n<p><strong><em>Jueves 5 de noviembre a las 18 hs.<\/em><\/strong><\/p>\n<p><em>CABA: Corrientes y Callao.<\/em><\/p>\n<p><em>Rosario: Plaza Pringles.<\/em><\/p>\n<p><em>Mar del Plata: Luro y Mitre.<\/em><\/p>\n<p><em>Tucum\u00e1n: Plaza Urquiza.<\/em><\/p>\n<p><em>Mendoza: Km 0 &#8211; Garibaldi y San Mart\u00edn. <\/em><\/p>\n<p><em>La Plata: Plaza Moreno.<\/em><\/p>\n<p><em>Saladillo: Plaza principal.<\/em><\/p>\n","protected":false},"excerpt":{"rendered":"<p>La consigna es #unomasXniunamenos. La convocatoria para marchar es para el pr&oacute;ximo 5 de noviembre a las 18.00 en Corrientes y Callao y otros puntos claves del pa&iacute;s. Como #NiUnaMenos surgi&oacute; a partir del reclamo popular, as&iacute; tambi&eacute;n esta convocatoria: sin cabeza organizadora, de todos y de nadie a la vez. Sin banderas pol&iacute;ticas o [&hellip;]<\/p>\n","protected":false},"author":2,"featured_media":0,"comment_status":"open","ping_status":"open","sticky":false,"template":"","format":"standard","meta":{"fifu_image_url":"","fifu_image_alt":"","footnotes":""},"categories":[9],"tags":[],"class_list":{"0":"post-12442","1":"post","2":"type-post","3":"status-publish","4":"format-standard","6":"category-sociedad"},"yoast_head":"<title>Los hombres marchar\u00e1n en pollera contra los femicidios - Informe Litoral<\/title>\n<meta name=\"robots\" content=\"index, follow, max-snippet:-1, max-image-preview:large, max-video-preview:-1\" \/>\n<link rel=\"canonical\" href=\"https:\/\/informelitoral.com.ar\/los-hombres-marcharan-en-pollera-contra-los-femicidios\/\" \/>\n<meta property=\"og:locale\" content=\"es_ES\" \/>\n<meta property=\"og:type\" content=\"article\" \/>\n<meta property=\"og:title\" content=\"Los hombres marchar\u00e1n en pollera contra los femicidios - Informe Litoral\" \/>\n<meta property=\"og:description\" content=\"La consigna es #unomasXniunamenos. La convocatoria para marchar es para el pr&oacute;ximo 5 de noviembre a las 18.00 en Corrientes y Callao y otros puntos claves del pa&iacute;s. Como #NiUnaMenos surgi&oacute; a partir del reclamo popular, as&iacute; tambi&eacute;n esta convocatoria: sin cabeza organizadora, de todos y de nadie a la vez. Sin banderas pol&iacute;ticas o [&hellip;]\" \/>\n<meta property=\"og:url\" content=\"https:\/\/informelitoral.com.ar\/los-hombres-marcharan-en-pollera-contra-los-femicidios\/\" \/>\n<meta property=\"og:site_name\" content=\"Informe Litoral\" \/>\n<meta property=\"article:publisher\" content=\"https:\/\/www.facebook.com\/informelitoral\/\" \/>\n<meta property=\"article:published_time\" content=\"2015-10-30T09:28:22+00:00\" \/>\n<meta property=\"article:modified_time\" content=\"2015-10-30T23:31:21+00:00\" \/>\n<meta property=\"og:image\" content=\"https:\/\/informelitoral.com.ar\/%77%70%2d%63%6f%6e%74%65%6e%74\/uploads\/2015\/10\/Marcha_de_los_hombres_en_pollera-ni_una_menos_CLAIMA20151028_0196_39.jpg\" \/>\n\t<meta property=\"og:image:width\" content=\"600\" \/>\n\t<meta property=\"og:image:height\" content=\"338\" \/>\n\t<meta property=\"og:image:type\" content=\"image\/jpeg\" \/>\n<meta name=\"author\" content=\"Gonzalo Schmidt\" \/>\n<meta name=\"twitter:card\" content=\"summary_large_image\" \/>\n<meta name=\"twitter:creator\" content=\"@InformeLitoral\" \/>\n<meta name=\"twitter:site\" content=\"@InformeLitoral\" \/>\n<meta name=\"twitter:label1\" content=\"Escrito por\" \/>\n\t<meta name=\"twitter:data1\" content=\"Gonzalo Schmidt\" \/>\n\t<meta name=\"twitter:label2\" content=\"Tiempo de lectura\" \/>\n\t<meta name=\"twitter:data2\" content=\"2 minutos\" \/>\n<script type=\"application\/ld+json\" class=\"yoast-schema-graph\">{\"@context\":\"https:\\\/\\\/schema.org\",\"@graph\":[{\"@type\":\"Article\",\"@id\":\"https:\\\/\\\/informelitoral.com.ar\\\/los-hombres-marcharan-en-pollera-contra-los-femicidios\\\/#article\",\"isPartOf\":{\"@id\":\"https:\\\/\\\/informelitoral.com.ar\\\/los-hombres-marcharan-en-pollera-contra-los-femicidios\\\/\"},\"author\":{\"name\":\"Gonzalo Schmidt\",\"@id\":\"https:\\\/\\\/informelitoral.com.ar\\\/#\\\/schema\\\/person\\\/b9d00407c836482871ef1d57bf8e3180\"},\"headline\":\"Los hombres marchar\u00e1n en pollera contra los femicidios\",\"datePublished\":\"2015-10-30T09:28:22+00:00\",\"dateModified\":\"2015-10-30T23:31:21+00:00\",\"mainEntityOfPage\":{\"@id\":\"https:\\\/\\\/informelitoral.com.ar\\\/los-hombres-marcharan-en-pollera-contra-los-femicidios\\\/\"},\"wordCount\":444,\"commentCount\":0,\"publisher\":{\"@id\":\"https:\\\/\\\/informelitoral.com.ar\\\/#organization\"},\"image\":{\"@id\":\"https:\\\/\\\/informelitoral.com.ar\\\/los-hombres-marcharan-en-pollera-contra-los-femicidios\\\/#primaryimage\"},\"thumbnailUrl\":\"http:\\\/\\\/www.isletasnoticias.com.ar\\\/%77%70%2d%63%6f%6e%74%65%6e%74\\\/uploads\\\/2015\\\/10\\\/Marcha_de_los_hombres_en_pollera-ni_una_menos_CLAIMA20151028_0196_39.jpg\",\"articleSection\":[\"Sociedad\"],\"inLanguage\":\"es\",\"potentialAction\":[{\"@type\":\"CommentAction\",\"name\":\"Comment\",\"target\":[\"https:\\\/\\\/informelitoral.com.ar\\\/los-hombres-marcharan-en-pollera-contra-los-femicidios\\\/#respond\"]}]},{\"@type\":\"WebPage\",\"@id\":\"https:\\\/\\\/informelitoral.com.ar\\\/los-hombres-marcharan-en-pollera-contra-los-femicidios\\\/\",\"url\":\"https:\\\/\\\/informelitoral.com.ar\\\/los-hombres-marcharan-en-pollera-contra-los-femicidios\\\/\",\"name\":\"Los hombres marchar\u00e1n en pollera contra los femicidios - Informe Litoral\",\"isPartOf\":{\"@id\":\"https:\\\/\\\/informelitoral.com.ar\\\/#website\"},\"primaryImageOfPage\":{\"@id\":\"https:\\\/\\\/informelitoral.com.ar\\\/los-hombres-marcharan-en-pollera-contra-los-femicidios\\\/#primaryimage\"},\"image\":{\"@id\":\"https:\\\/\\\/informelitoral.com.ar\\\/los-hombres-marcharan-en-pollera-contra-los-femicidios\\\/#primaryimage\"},\"thumbnailUrl\":\"http:\\\/\\\/www.isletasnoticias.com.ar\\\/%77%70%2d%63%6f%6e%74%65%6e%74\\\/uploads\\\/2015\\\/10\\\/Marcha_de_los_hombres_en_pollera-ni_una_menos_CLAIMA20151028_0196_39.jpg\",\"datePublished\":\"2015-10-30T09:28:22+00:00\",\"dateModified\":\"2015-10-30T23:31:21+00:00\",\"breadcrumb\":{\"@id\":\"https:\\\/\\\/informelitoral.com.ar\\\/los-hombres-marcharan-en-pollera-contra-los-femicidios\\\/#breadcrumb\"},\"inLanguage\":\"es\",\"potentialAction\":[{\"@type\":\"ReadAction\",\"target\":[\"https:\\\/\\\/informelitoral.com.ar\\\/los-hombres-marcharan-en-pollera-contra-los-femicidios\\\/\"]}]},{\"@type\":\"ImageObject\",\"inLanguage\":\"es\",\"@id\":\"https:\\\/\\\/informelitoral.com.ar\\\/los-hombres-marcharan-en-pollera-contra-los-femicidios\\\/#primaryimage\",\"url\":\"http:\\\/\\\/www.isletasnoticias.com.ar\\\/%77%70%2d%63%6f%6e%74%65%6e%74\\\/uploads\\\/2015\\\/10\\\/Marcha_de_los_hombres_en_pollera-ni_una_menos_CLAIMA20151028_0196_39.jpg\",\"contentUrl\":\"http:\\\/\\\/www.isletasnoticias.com.ar\\\/%77%70%2d%63%6f%6e%74%65%6e%74\\\/uploads\\\/2015\\\/10\\\/Marcha_de_los_hombres_en_pollera-ni_una_menos_CLAIMA20151028_0196_39.jpg\"},{\"@type\":\"BreadcrumbList\",\"@id\":\"https:\\\/\\\/informelitoral.com.ar\\\/los-hombres-marcharan-en-pollera-contra-los-femicidios\\\/#breadcrumb\",\"itemListElement\":[{\"@type\":\"ListItem\",\"position\":1,\"name\":\"Portada\",\"item\":\"https:\\\/\\\/informelitoral.com.ar\\\/\"},{\"@type\":\"ListItem\",\"position\":2,\"name\":\"Los hombres marchar\u00e1n en pollera contra los femicidios\"}]},{\"@type\":\"WebSite\",\"@id\":\"https:\\\/\\\/informelitoral.com.ar\\\/#website\",\"url\":\"https:\\\/\\\/informelitoral.com.ar\\\/\",\"name\":\"Informe Litoral\",\"description\":\"&quot;Nos informamos&quot; \",\"publisher\":{\"@id\":\"https:\\\/\\\/informelitoral.com.ar\\\/#organization\"},\"potentialAction\":[{\"@type\":\"SearchAction\",\"target\":{\"@type\":\"EntryPoint\",\"urlTemplate\":\"https:\\\/\\\/informelitoral.com.ar\\\/?s={search_term_string}\"},\"query-input\":{\"@type\":\"PropertyValueSpecification\",\"valueRequired\":true,\"valueName\":\"search_term_string\"}}],\"inLanguage\":\"es\"},{\"@type\":\"Organization\",\"@id\":\"https:\\\/\\\/informelitoral.com.ar\\\/#organization\",\"name\":\"Informe Litoral\",\"url\":\"https:\\\/\\\/informelitoral.com.ar\\\/\",\"logo\":{\"@type\":\"ImageObject\",\"inLanguage\":\"es\",\"@id\":\"https:\\\/\\\/informelitoral.com.ar\\\/#\\\/schema\\\/logo\\\/image\\\/\",\"url\":\"https:\\\/\\\/informelitoral.com.ar\\\/%77%70%2d%63%6f%6e%74%65%6e%74\\\/uploads\\\/2021\\\/01\\\/circulo.png\",\"contentUrl\":\"https:\\\/\\\/informelitoral.com.ar\\\/%77%70%2d%63%6f%6e%74%65%6e%74\\\/uploads\\\/2021\\\/01\\\/circulo.png\",\"width\":723,\"height\":731,\"caption\":\"Informe Litoral\"},\"image\":{\"@id\":\"https:\\\/\\\/informelitoral.com.ar\\\/#\\\/schema\\\/logo\\\/image\\\/\"},\"sameAs\":[\"https:\\\/\\\/www.facebook.com\\\/informelitoral\\\/\",\"https:\\\/\\\/x.com\\\/InformeLitoral\",\"https:\\\/\\\/www.instagram.com\\\/informelitoral\\\/\",\"https:\\\/\\\/www.youtube.com\\\/channel\\\/UCua4Qvz8Icb6MYqhoq9xLXw\"]},{\"@type\":\"Person\",\"@id\":\"https:\\\/\\\/informelitoral.com.ar\\\/#\\\/schema\\\/person\\\/b9d00407c836482871ef1d57bf8e3180\",\"name\":\"Gonzalo Schmidt\",\"image\":{\"@type\":\"ImageObject\",\"inLanguage\":\"es\",\"@id\":\"https:\\\/\\\/secure.gravatar.com\\\/avatar\\\/31a1a7b66ff2de83bd0e9fd79d026630d2d99e55e8bfe501287647b4fd9743de?s=96&d=mm&r=g\",\"url\":\"https:\\\/\\\/secure.gravatar.com\\\/avatar\\\/31a1a7b66ff2de83bd0e9fd79d026630d2d99e55e8bfe501287647b4fd9743de?s=96&d=mm&r=g\",\"contentUrl\":\"https:\\\/\\\/secure.gravatar.com\\\/avatar\\\/31a1a7b66ff2de83bd0e9fd79d026630d2d99e55e8bfe501287647b4fd9743de?s=96&d=mm&r=g\",\"caption\":\"Gonzalo Schmidt\"},\"description\":\"Sitio web de noticias de la provincia de Entre R\u00edos, Argentina. Informaci\u00f3n y entretenimiento. Informe Litoral, nos informamos.\",\"sameAs\":[\"http:\\\/\\\/www.isletasnoticias.com.ar\"],\"url\":\"https:\\\/\\\/informelitoral.com.ar\\\/author\\\/gonzalo\\\/\"}]}<\/script>","yoast_head_json":{"title":"Los hombres marchar\u00e1n en pollera contra los femicidios - Informe Litoral","robots":{"index":"index","follow":"follow","max-snippet":"max-snippet:-1","max-image-preview":"max-image-preview:large","max-video-preview":"max-video-preview:-1"},"canonical":"https:\/\/informelitoral.com.ar\/los-hombres-marcharan-en-pollera-contra-los-femicidios\/","og_locale":"es_ES","og_type":"article","og_title":"Los hombres marchar\u00e1n en pollera contra los femicidios - Informe Litoral","og_description":"La consigna es #unomasXniunamenos. La convocatoria para marchar es para el pr&oacute;ximo 5 de noviembre a las 18.00 en Corrientes y Callao y otros puntos claves del pa&iacute;s. Como #NiUnaMenos surgi&oacute; a partir del reclamo popular, as&iacute; tambi&eacute;n esta convocatoria: sin cabeza organizadora, de todos y de nadie a la vez. Sin banderas pol&iacute;ticas o [&hellip;]","og_url":"https:\/\/informelitoral.com.ar\/los-hombres-marcharan-en-pollera-contra-los-femicidios\/","og_site_name":"Informe Litoral","article_publisher":"https:\/\/www.facebook.com\/informelitoral\/","article_published_time":"2015-10-30T09:28:22+00:00","article_modified_time":"2015-10-30T23:31:21+00:00","og_image":[{"width":600,"height":338,"url":"https:\/\/informelitoral.com.ar\/%77%70%2d%63%6f%6e%74%65%6e%74\/uploads\/2015\/10\/Marcha_de_los_hombres_en_pollera-ni_una_menos_CLAIMA20151028_0196_39.jpg","type":"image\/jpeg"}],"author":"Gonzalo Schmidt","twitter_card":"summary_large_image","twitter_creator":"@InformeLitoral","twitter_site":"@InformeLitoral","twitter_misc":{"Escrito por":"Gonzalo Schmidt","Tiempo de lectura":"2 minutos"},"schema":{"@context":"https:\/\/schema.org","@graph":[{"@type":"Article","@id":"https:\/\/informelitoral.com.ar\/los-hombres-marcharan-en-pollera-contra-los-femicidios\/#article","isPartOf":{"@id":"https:\/\/informelitoral.com.ar\/los-hombres-marcharan-en-pollera-contra-los-femicidios\/"},"author":{"name":"Gonzalo Schmidt","@id":"https:\/\/informelitoral.com.ar\/#\/schema\/person\/b9d00407c836482871ef1d57bf8e3180"},"headline":"Los hombres marchar\u00e1n en pollera contra los femicidios","datePublished":"2015-10-30T09:28:22+00:00","dateModified":"2015-10-30T23:31:21+00:00","mainEntityOfPage":{"@id":"https:\/\/informelitoral.com.ar\/los-hombres-marcharan-en-pollera-contra-los-femicidios\/"},"wordCount":444,"commentCount":0,"publisher":{"@id":"https:\/\/informelitoral.com.ar\/#organization"},"image":{"@id":"https:\/\/informelitoral.com.ar\/los-hombres-marcharan-en-pollera-contra-los-femicidios\/#primaryimage"},"thumbnailUrl":"http:\/\/www.isletasnoticias.com.ar\/%77%70%2d%63%6f%6e%74%65%6e%74\/uploads\/2015\/10\/Marcha_de_los_hombres_en_pollera-ni_una_menos_CLAIMA20151028_0196_39.jpg","articleSection":["Sociedad"],"inLanguage":"es","potentialAction":[{"@type":"CommentAction","name":"Comment","target":["https:\/\/informelitoral.com.ar\/los-hombres-marcharan-en-pollera-contra-los-femicidios\/#respond"]}]},{"@type":"WebPage","@id":"https:\/\/informelitoral.com.ar\/los-hombres-marcharan-en-pollera-contra-los-femicidios\/","url":"https:\/\/informelitoral.com.ar\/los-hombres-marcharan-en-pollera-contra-los-femicidios\/","name":"Los hombres marchar\u00e1n en pollera contra los femicidios - Informe Litoral","isPartOf":{"@id":"https:\/\/informelitoral.com.ar\/#website"},"primaryImageOfPage":{"@id":"https:\/\/informelitoral.com.ar\/los-hombres-marcharan-en-pollera-contra-los-femicidios\/#primaryimage"},"image":{"@id":"https:\/\/informelitoral.com.ar\/los-hombres-marcharan-en-pollera-contra-los-femicidios\/#primaryimage"},"thumbnailUrl":"http:\/\/www.isletasnoticias.com.ar\/%77%70%2d%63%6f%6e%74%65%6e%74\/uploads\/2015\/10\/Marcha_de_los_hombres_en_pollera-ni_una_menos_CLAIMA20151028_0196_39.jpg","datePublished":"2015-10-30T09:28:22+00:00","dateModified":"2015-10-30T23:31:21+00:00","breadcrumb":{"@id":"https:\/\/informelitoral.com.ar\/los-hombres-marcharan-en-pollera-contra-los-femicidios\/#breadcrumb"},"inLanguage":"es","potentialAction":[{"@type":"ReadAction","target":["https:\/\/informelitoral.com.ar\/los-hombres-marcharan-en-pollera-contra-los-femicidios\/"]}]},{"@type":"ImageObject","inLanguage":"es","@id":"https:\/\/informelitoral.com.ar\/los-hombres-marcharan-en-pollera-contra-los-femicidios\/#primaryimage","url":"http:\/\/www.isletasnoticias.com.ar\/%77%70%2d%63%6f%6e%74%65%6e%74\/uploads\/2015\/10\/Marcha_de_los_hombres_en_pollera-ni_una_menos_CLAIMA20151028_0196_39.jpg","contentUrl":"http:\/\/www.isletasnoticias.com.ar\/%77%70%2d%63%6f%6e%74%65%6e%74\/uploads\/2015\/10\/Marcha_de_los_hombres_en_pollera-ni_una_menos_CLAIMA20151028_0196_39.jpg"},{"@type":"BreadcrumbList","@id":"https:\/\/informelitoral.com.ar\/los-hombres-marcharan-en-pollera-contra-los-femicidios\/#breadcrumb","itemListElement":[{"@type":"ListItem","position":1,"name":"Portada","item":"https:\/\/informelitoral.com.ar\/"},{"@type":"ListItem","position":2,"name":"Los hombres marchar\u00e1n en pollera contra los femicidios"}]},{"@type":"WebSite","@id":"https:\/\/informelitoral.com.ar\/#website","url":"https:\/\/informelitoral.com.ar\/","name":"Informe Litoral","description":"&quot;Nos informamos&quot; ","publisher":{"@id":"https:\/\/informelitoral.com.ar\/#organization"},"potentialAction":[{"@type":"SearchAction","target":{"@type":"EntryPoint","urlTemplate":"https:\/\/informelitoral.com.ar\/?s={search_term_string}"},"query-input":{"@type":"PropertyValueSpecification","valueRequired":true,"valueName":"search_term_string"}}],"inLanguage":"es"},{"@type":"Organization","@id":"https:\/\/informelitoral.com.ar\/#organization","name":"Informe Litoral","url":"https:\/\/informelitoral.com.ar\/","logo":{"@type":"ImageObject","inLanguage":"es","@id":"https:\/\/informelitoral.com.ar\/#\/schema\/logo\/image\/","url":"https:\/\/informelitoral.com.ar\/%77%70%2d%63%6f%6e%74%65%6e%74\/uploads\/2021\/01\/circulo.png","contentUrl":"https:\/\/informelitoral.com.ar\/%77%70%2d%63%6f%6e%74%65%6e%74\/uploads\/2021\/01\/circulo.png","width":723,"height":731,"caption":"Informe Litoral"},"image":{"@id":"https:\/\/informelitoral.com.ar\/#\/schema\/logo\/image\/"},"sameAs":["https:\/\/www.facebook.com\/informelitoral\/","https:\/\/x.com\/InformeLitoral","https:\/\/www.instagram.com\/informelitoral\/","https:\/\/www.youtube.com\/channel\/UCua4Qvz8Icb6MYqhoq9xLXw"]},{"@type":"Person","@id":"https:\/\/informelitoral.com.ar\/#\/schema\/person\/b9d00407c836482871ef1d57bf8e3180","name":"Gonzalo Schmidt","image":{"@type":"ImageObject","inLanguage":"es","@id":"https:\/\/secure.gravatar.com\/avatar\/31a1a7b66ff2de83bd0e9fd79d026630d2d99e55e8bfe501287647b4fd9743de?s=96&d=mm&r=g","url":"https:\/\/secure.gravatar.com\/avatar\/31a1a7b66ff2de83bd0e9fd79d026630d2d99e55e8bfe501287647b4fd9743de?s=96&d=mm&r=g","contentUrl":"https:\/\/secure.gravatar.com\/avatar\/31a1a7b66ff2de83bd0e9fd79d026630d2d99e55e8bfe501287647b4fd9743de?s=96&d=mm&r=g","caption":"Gonzalo Schmidt"},"description":"Sitio web de noticias de la provincia de Entre R\u00edos, Argentina. Informaci\u00f3n y entretenimiento. Informe Litoral, nos informamos.","sameAs":["http:\/\/www.isletasnoticias.com.ar"],"url":"https:\/\/informelitoral.com.ar\/author\/gonzalo\/"}]}},"_links":{"self":[{"href":"https:\/\/informelitoral.com.ar\/%77%70%2d%6a%73%6f%6e\/wp\/v2\/posts\/12442","targetHints":{"allow":["GET"]}}],"collection":[{"href":"https:\/\/informelitoral.com.ar\/%77%70%2d%6a%73%6f%6e\/wp\/v2\/posts"}],"about":[{"href":"https:\/\/informelitoral.com.ar\/%77%70%2d%6a%73%6f%6e\/wp\/v2\/types\/post"}],"author":[{"embeddable":true,"href":"https:\/\/informelitoral.com.ar\/%77%70%2d%6a%73%6f%6e\/wp\/v2\/users\/2"}],"replies":[{"embeddable":true,"href":"https:\/\/informelitoral.com.ar\/%77%70%2d%6a%73%6f%6e\/wp\/v2\/comments?post=12442"}],"version-history":[{"count":0,"href":"https:\/\/informelitoral.com.ar\/%77%70%2d%6a%73%6f%6e\/wp\/v2\/posts\/12442\/revisions"}],"wp:attachment":[{"href":"https:\/\/informelitoral.com.ar\/%77%70%2d%6a%73%6f%6e\/wp\/v2\/media?parent=12442"}],"wp:term":[{"taxonomy":"category","embeddable":true,"href":"https:\/\/informelitoral.com.ar\/%77%70%2d%6a%73%6f%6e\/wp\/v2\/categories?post=12442"},{"taxonomy":"post_tag","embeddable":true,"href":"https:\/\/informelitoral.com.ar\/%77%70%2d%6a%73%6f%6e\/wp\/v2\/tags?post=12442"}],"curies":[{"name":"wp","href":"https:\/\/api.w.org\/{rel}","templated":true}]}}