{"id":12419,"date":"2015-10-30T11:32:46","date_gmt":"2015-10-30T14:32:46","guid":{"rendered":"http:\/\/www.isletasnoticias.com.ar\/?p=12419"},"modified":"2015-10-30T11:32:46","modified_gmt":"2015-10-30T14:32:46","slug":"scioli-dijo-que-se-esfuerza-en-entender-a-los-que-no-lo-votaron","status":"publish","type":"post","link":"https:\/\/informelitoral.com.ar\/scioli-dijo-que-se-esfuerza-en-entender-a-los-que-no-lo-votaron\/","title":{"rendered":"Scioli dijo que se esfuerza en entender a los que no lo votaron"},"content":{"rendered":"<p><strong>En una entrevista, el candidato a presidente del FpV compar\u00f3 a Cambiemos con la Alianza y justific\u00f3 que CFK no lo haya nombrado en su discurso. Habl\u00f3 de su propuesta econ\u00f3mica y afirm\u00f3 que busca \u00abinterpretar\u00bb a votantes de otras fuerzas.<\/strong><\/p>\n<figure id=\"attachment_12420\" aria-describedby=\"caption-attachment-12420\" style=\"width: 545px\" class=\"wp-caption aligncenter\"><a href=\"http:\/\/www.isletasnoticias.com.ar\/%77%70%2d%63%6f%6e%74%65%6e%74\/uploads\/2015\/10\/o_1446202483.jpg\"><img loading=\"lazy\" decoding=\"async\" class=\"wp-image-12420 \" src=\"http:\/\/www.isletasnoticias.com.ar\/%77%70%2d%63%6f%6e%74%65%6e%74\/uploads\/2015\/10\/o_1446202483.jpg\" alt=\"o_1446202483\" width=\"545\" height=\"306\" srcset=\"https:\/\/informelitoral.com.ar\/%77%70%2d%63%6f%6e%74%65%6e%74\/uploads\/2015\/10\/o_1446202483.jpg 640w, https:\/\/informelitoral.com.ar\/%77%70%2d%63%6f%6e%74%65%6e%74\/uploads\/2015\/10\/o_1446202483-300x169.jpg 300w\" sizes=\"auto, (max-width: 545px) 100vw, 545px\" \/><\/a><figcaption id=\"caption-attachment-12420\" class=\"wp-caption-text\"><em><strong>Foto:<\/strong> \u00abCambiemos es la Alianza reciclada\u00bb, dijo Scioli.<\/em><\/figcaption><\/figure>\n<p>En una entrevista televisiva, el candidato presidencial del Frente para la Victoria (FpV), <strong>Daniel Scioli,<\/strong> se mostr\u00f3 confiado de cara al 22 de noviembre, y muy cr\u00edtico con el frente Cambiemos.<\/p>\n<p>\u00abYo soy un luchador, mi vida es testimonio de enfrentar situaciones complejas. Este es un momento especial, los argentinos tienen un desaf\u00edo hist\u00f3rico. Pongo todo el esfuerzo en interpretar a los que fueron en busca de otra alternativa, busco superarme para unir la mayor cantidad de voluntades\u00bb, sostuvo. \u00abEstoy m\u00e1s agradecido y m\u00e1s enchufado que nunca. Le pongo mucha garra a la vida y soy muy prudente, en las elecciones no pod\u00eda dar un mensaje triunfalista sin el resultado. Mis enojos van con los problemas de la gente, con las injusticias\u00bb, dijo.<\/p>\n<p>Luego, consultado sobre el frente Cambiemos, contra el que competir\u00e1 en el ballotage, sentenci\u00f3: \u00abArgentina est\u00e1 en condiciones de entrar exitosamente en la gran agenda del desarrollo, pero algunos lo quieren tirar para atr\u00e1s y volver a las viejas recetas del pasado que hicieron estragos\u00bb.<\/p>\n<p>Fue tajante cuando se\u00f1al\u00f3: \u00abCambiemos es la Alianza reciclada, versi\u00f3n 2015. Yo aprend\u00ed que las cosas que se hacen en contra, no pueden salir a flote. Tienen la misma agenda econ\u00f3mica que la Alianza. Salieron a hablar de ajuste, dijeron que iban a sacar los subsidios, que iban a dejar el tipo de cambio librado al mercado\u00bb.<\/p>\n<p>Adem\u00e1s, agreg\u00f3: \u00abCuando los resultados fueron desfavorables, criticaron el sistema. Cuando les fue bien, no. Lo bueno del balotaje es el cara a cara, es una gran final. Es otra elecci\u00f3n\u00bb.<\/p>\n<p><b>El voto peronista<\/b><br \/>\n\u00ab\u00bfQu\u00e9 represento yo? La continuidad con cambios verdaderos, no las chantadas que estoy escuchando. Nuestro espacio pol\u00edtico se nutre de la diversidad, yo soy peronista e integro el Frente para la Victoria desde sus bases fundacionales. El FpV trajo la doctrina peronista a nuestro tiempo\u00bb, indic\u00f3.<\/p>\n<p><b>Propuestas econ\u00f3micas<\/b><br \/>\nEn cuanto a su proyecto, en caso de ser Presidente, dijo: \u00abVamos a encarar una baja de las retenciones a las econom\u00edas regionales, para darle mayor competitividad. Hay que eliminarlas. Y de algunos cultivos como trigo, ma\u00edz, cebada. Y hay que bajar los costos de log\u00edstica\u00bb, dijo.<\/p>\n<p>\u00abYo estoy interpretando a los votantes del Frente Renovador, por ejemplo. Estoy interpretando al votante que fue en b\u00fasqueda de respuestas en el tema ganancias, retenciones, jubilados. Las prioridades son el trabajo, los ni\u00f1os y la gente grande. D\u00f3lares no van a faltar\u00bb.<\/p>\n<p><b>El acto de Cristina Kirchner tras las elecciones<\/b><br \/>\nEn un tramo de la entrevista, se le pregunt\u00f3 a Scioli qu\u00e9 opinaba de que la Presidente no lo haya nombrado durante los 168 minutos que dur\u00f3 el acto de reaparici\u00f3n tras los comicios. Y dijo: \u00abCristina hizo algo mucho m\u00e1s importante que nombrarme, convoc\u00f3 a la militancia, convoc\u00f3 a que no haya disputas internas. Habl\u00f3 todo el tiempo con Cristina Kirchner. Hable anoche por tel\u00e9fono, conversamos sobre los nuevos nombres propuestos para la Corte Suprema. \u00bfQu\u00e9 mayor gesto de confianza que encabezar la lista del FpV?\u00bb.<\/p>\n<p><b>La oposici\u00f3n<\/b><br \/>\n\u00abLa boleta de Macri es la vuelta al pasado. \u00bfImaginan el pa\u00eds en manos de una sola persona que maneje la provincia de Buenos Aires, la Ciudad, y el pa\u00eds? Cuando exponen sus verdaderas ideas, la gente no quiere saber nada. Yo se qu\u00e9 cambio quiero, por eso voy a elevar el piso del Impuesto a las Ganancias, quiero seguir industrializando el pa\u00eds e ir a fondo en la lucha contra el narcotr\u00e1fico\u00bb, concluy\u00f3.<\/p>\n<p><b>Los votos de Massa<\/b><br \/>\n\u00abLos votantes de Sergio Massa ya estuvieron dentro de nuestro espacio cuando llegamos al 55%, la culpa no la tiene el votante, nosotros tenemos que ver lo que hay que mejorar para estar cerca de ellos. Esos votantes est\u00e1n lejos de lo que representa la Alianza, son peronistas, muchos son jubilados, hay preocupaci\u00f3n por el avance de la droga. Es cuesti\u00f3n de dar respuestas y llevar soluciones\u00bb, indic\u00f3.<\/p>\n<p>Y adem\u00e1s, agreg\u00f3: \u00abYo no quiero que los votantes de Massa coincidan conmigo, les digo que me comprometo a acercarme a sus expectativas, a las soluciones que quieren. Est\u00e1n muy lejos de Macri, del concepto de Alianza y de las inquietantes decisiones que est\u00e1n planteando<\/p>\n<p><b>El corte de boleta y An\u00edbal Fern\u00e1ndez<\/b><br \/>\nEl periodista se\u00f1al\u00f3 que la postulaci\u00f3n de Fern\u00e1ndez fue un motivo para que Scioli perdiera votos. Y el candidato del FpV, se\u00f1al\u00f3: \u00abAn\u00edbal Fern\u00e1ndez es un tipo muy trabajador, de ninguna manera abrir\u00eda un juicio de valor en esos t\u00e9rminos. La elecci\u00f3n sali\u00f3 con este resultado. El mismo felicit\u00f3 a Mar\u00eda Eugenia Vidal y dijo que va a colaborar, como ha hecho siempre\u00bb.<\/p>\n<p>\u00abJam\u00e1s pondr\u00eda la responsabilidad en otro, busco asumir las cosas y ser pragm\u00e1tico. Ahora viene la gran final del 22 de noviembre. \u00bfQu\u00e9 pa\u00eds queremos?\u00bb, indic\u00f3.<\/p>\n<p>Sobre el debate de candidatos previo al 22 de noviembre, agreg\u00f3: \u00abVa a ser importante, es la primera experiencia de balotaje, y es el primer debate. Ser\u00eda bueno que haya material audiovisual del pasado, para ver qu\u00e9 posici\u00f3n tuvo cada uno\u00bb, public\u00f3<em> Infobae <\/em>y reprodujo Informe Digital.<\/p>\n","protected":false},"excerpt":{"rendered":"<p>En una entrevista, el candidato a presidente del FpV compar&oacute; a Cambiemos con la Alianza y justific&oacute; que CFK no lo haya nombrado en su discurso. Habl&oacute; de su propuesta econ&oacute;mica y afirm&oacute; que busca &laquo;interpretar&raquo; a votantes de otras fuerzas. En una entrevista televisiva, el candidato presidencial del Frente para la Victoria (FpV), Daniel [&hellip;]<\/p>\n","protected":false},"author":2,"featured_media":0,"comment_status":"open","ping_status":"open","sticky":false,"template":"","format":"standard","meta":{"fifu_image_url":"","fifu_image_alt":"","footnotes":""},"categories":[7,16],"tags":[],"class_list":{"0":"post-12419","1":"post","2":"type-post","3":"status-publish","4":"format-standard","6":"category-nacionales","7":"category-politi"},"yoast_head":"<title>Scioli dijo que se esfuerza en entender a los que no lo votaron - Informe Litoral<\/title>\n<meta name=\"robots\" content=\"index, follow, max-snippet:-1, max-image-preview:large, max-video-preview:-1\" \/>\n<link rel=\"canonical\" href=\"https:\/\/informelitoral.com.ar\/scioli-dijo-que-se-esfuerza-en-entender-a-los-que-no-lo-votaron\/\" \/>\n<meta property=\"og:locale\" content=\"es_ES\" \/>\n<meta property=\"og:type\" content=\"article\" \/>\n<meta property=\"og:title\" content=\"Scioli dijo que se esfuerza en entender a los que no lo votaron - Informe Litoral\" \/>\n<meta property=\"og:description\" content=\"En una entrevista, el candidato a presidente del FpV compar&oacute; a Cambiemos con la Alianza y justific&oacute; que CFK no lo haya nombrado en su discurso. Habl&oacute; de su propuesta econ&oacute;mica y afirm&oacute; que busca &laquo;interpretar&raquo; a votantes de otras fuerzas. En una entrevista televisiva, el candidato presidencial del Frente para la Victoria (FpV), Daniel [&hellip;]\" \/>\n<meta property=\"og:url\" content=\"https:\/\/informelitoral.com.ar\/scioli-dijo-que-se-esfuerza-en-entender-a-los-que-no-lo-votaron\/\" \/>\n<meta property=\"og:site_name\" content=\"Informe Litoral\" \/>\n<meta property=\"article:publisher\" content=\"https:\/\/www.facebook.com\/informelitoral\/\" \/>\n<meta property=\"article:published_time\" content=\"2015-10-30T14:32:46+00:00\" \/>\n<meta property=\"og:image\" content=\"https:\/\/informelitoral.com.ar\/%77%70%2d%63%6f%6e%74%65%6e%74\/uploads\/2015\/10\/o_1446202483.jpg\" \/>\n\t<meta property=\"og:image:width\" content=\"640\" \/>\n\t<meta property=\"og:image:height\" content=\"360\" \/>\n\t<meta property=\"og:image:type\" content=\"image\/jpeg\" \/>\n<meta name=\"author\" content=\"Gonzalo Schmidt\" \/>\n<meta name=\"twitter:card\" content=\"summary_large_image\" \/>\n<meta name=\"twitter:creator\" content=\"@InformeLitoral\" \/>\n<meta name=\"twitter:site\" content=\"@InformeLitoral\" \/>\n<meta name=\"twitter:label1\" content=\"Escrito por\" \/>\n\t<meta name=\"twitter:data1\" content=\"Gonzalo Schmidt\" \/>\n\t<meta name=\"twitter:label2\" content=\"Tiempo de lectura\" \/>\n\t<meta name=\"twitter:data2\" content=\"5 minutos\" \/>\n<script type=\"application\/ld+json\" class=\"yoast-schema-graph\">{\"@context\":\"https:\\\/\\\/schema.org\",\"@graph\":[{\"@type\":\"Article\",\"@id\":\"https:\\\/\\\/informelitoral.com.ar\\\/scioli-dijo-que-se-esfuerza-en-entender-a-los-que-no-lo-votaron\\\/#article\",\"isPartOf\":{\"@id\":\"https:\\\/\\\/informelitoral.com.ar\\\/scioli-dijo-que-se-esfuerza-en-entender-a-los-que-no-lo-votaron\\\/\"},\"author\":{\"name\":\"Gonzalo Schmidt\",\"@id\":\"https:\\\/\\\/informelitoral.com.ar\\\/#\\\/schema\\\/person\\\/b9d00407c836482871ef1d57bf8e3180\"},\"headline\":\"Scioli dijo que se esfuerza en entender a los que no lo votaron\",\"datePublished\":\"2015-10-30T14:32:46+00:00\",\"mainEntityOfPage\":{\"@id\":\"https:\\\/\\\/informelitoral.com.ar\\\/scioli-dijo-que-se-esfuerza-en-entender-a-los-que-no-lo-votaron\\\/\"},\"wordCount\":944,\"commentCount\":0,\"publisher\":{\"@id\":\"https:\\\/\\\/informelitoral.com.ar\\\/#organization\"},\"image\":{\"@id\":\"https:\\\/\\\/informelitoral.com.ar\\\/scioli-dijo-que-se-esfuerza-en-entender-a-los-que-no-lo-votaron\\\/#primaryimage\"},\"thumbnailUrl\":\"http:\\\/\\\/www.isletasnoticias.com.ar\\\/%77%70%2d%63%6f%6e%74%65%6e%74\\\/uploads\\\/2015\\\/10\\\/o_1446202483.jpg\",\"articleSection\":[\"Nacionales\",\"Politica\"],\"inLanguage\":\"es\",\"potentialAction\":[{\"@type\":\"CommentAction\",\"name\":\"Comment\",\"target\":[\"https:\\\/\\\/informelitoral.com.ar\\\/scioli-dijo-que-se-esfuerza-en-entender-a-los-que-no-lo-votaron\\\/#respond\"]}]},{\"@type\":\"WebPage\",\"@id\":\"https:\\\/\\\/informelitoral.com.ar\\\/scioli-dijo-que-se-esfuerza-en-entender-a-los-que-no-lo-votaron\\\/\",\"url\":\"https:\\\/\\\/informelitoral.com.ar\\\/scioli-dijo-que-se-esfuerza-en-entender-a-los-que-no-lo-votaron\\\/\",\"name\":\"Scioli dijo que se esfuerza en entender a los que no lo votaron - Informe Litoral\",\"isPartOf\":{\"@id\":\"https:\\\/\\\/informelitoral.com.ar\\\/#website\"},\"primaryImageOfPage\":{\"@id\":\"https:\\\/\\\/informelitoral.com.ar\\\/scioli-dijo-que-se-esfuerza-en-entender-a-los-que-no-lo-votaron\\\/#primaryimage\"},\"image\":{\"@id\":\"https:\\\/\\\/informelitoral.com.ar\\\/scioli-dijo-que-se-esfuerza-en-entender-a-los-que-no-lo-votaron\\\/#primaryimage\"},\"thumbnailUrl\":\"http:\\\/\\\/www.isletasnoticias.com.ar\\\/%77%70%2d%63%6f%6e%74%65%6e%74\\\/uploads\\\/2015\\\/10\\\/o_1446202483.jpg\",\"datePublished\":\"2015-10-30T14:32:46+00:00\",\"breadcrumb\":{\"@id\":\"https:\\\/\\\/informelitoral.com.ar\\\/scioli-dijo-que-se-esfuerza-en-entender-a-los-que-no-lo-votaron\\\/#breadcrumb\"},\"inLanguage\":\"es\",\"potentialAction\":[{\"@type\":\"ReadAction\",\"target\":[\"https:\\\/\\\/informelitoral.com.ar\\\/scioli-dijo-que-se-esfuerza-en-entender-a-los-que-no-lo-votaron\\\/\"]}]},{\"@type\":\"ImageObject\",\"inLanguage\":\"es\",\"@id\":\"https:\\\/\\\/informelitoral.com.ar\\\/scioli-dijo-que-se-esfuerza-en-entender-a-los-que-no-lo-votaron\\\/#primaryimage\",\"url\":\"http:\\\/\\\/www.isletasnoticias.com.ar\\\/%77%70%2d%63%6f%6e%74%65%6e%74\\\/uploads\\\/2015\\\/10\\\/o_1446202483.jpg\",\"contentUrl\":\"http:\\\/\\\/www.isletasnoticias.com.ar\\\/%77%70%2d%63%6f%6e%74%65%6e%74\\\/uploads\\\/2015\\\/10\\\/o_1446202483.jpg\"},{\"@type\":\"BreadcrumbList\",\"@id\":\"https:\\\/\\\/informelitoral.com.ar\\\/scioli-dijo-que-se-esfuerza-en-entender-a-los-que-no-lo-votaron\\\/#breadcrumb\",\"itemListElement\":[{\"@type\":\"ListItem\",\"position\":1,\"name\":\"Portada\",\"item\":\"https:\\\/\\\/informelitoral.com.ar\\\/\"},{\"@type\":\"ListItem\",\"position\":2,\"name\":\"Scioli dijo que se esfuerza en entender a los que no lo votaron\"}]},{\"@type\":\"WebSite\",\"@id\":\"https:\\\/\\\/informelitoral.com.ar\\\/#website\",\"url\":\"https:\\\/\\\/informelitoral.com.ar\\\/\",\"name\":\"Informe Litoral\",\"description\":\"&quot;Nos informamos&quot; \",\"publisher\":{\"@id\":\"https:\\\/\\\/informelitoral.com.ar\\\/#organization\"},\"potentialAction\":[{\"@type\":\"SearchAction\",\"target\":{\"@type\":\"EntryPoint\",\"urlTemplate\":\"https:\\\/\\\/informelitoral.com.ar\\\/?s={search_term_string}\"},\"query-input\":{\"@type\":\"PropertyValueSpecification\",\"valueRequired\":true,\"valueName\":\"search_term_string\"}}],\"inLanguage\":\"es\"},{\"@type\":\"Organization\",\"@id\":\"https:\\\/\\\/informelitoral.com.ar\\\/#organization\",\"name\":\"Informe Litoral\",\"url\":\"https:\\\/\\\/informelitoral.com.ar\\\/\",\"logo\":{\"@type\":\"ImageObject\",\"inLanguage\":\"es\",\"@id\":\"https:\\\/\\\/informelitoral.com.ar\\\/#\\\/schema\\\/logo\\\/image\\\/\",\"url\":\"https:\\\/\\\/informelitoral.com.ar\\\/%77%70%2d%63%6f%6e%74%65%6e%74\\\/uploads\\\/2021\\\/01\\\/circulo.png\",\"contentUrl\":\"https:\\\/\\\/informelitoral.com.ar\\\/%77%70%2d%63%6f%6e%74%65%6e%74\\\/uploads\\\/2021\\\/01\\\/circulo.png\",\"width\":723,\"height\":731,\"caption\":\"Informe Litoral\"},\"image\":{\"@id\":\"https:\\\/\\\/informelitoral.com.ar\\\/#\\\/schema\\\/logo\\\/image\\\/\"},\"sameAs\":[\"https:\\\/\\\/www.facebook.com\\\/informelitoral\\\/\",\"https:\\\/\\\/x.com\\\/InformeLitoral\",\"https:\\\/\\\/www.instagram.com\\\/informelitoral\\\/\",\"https:\\\/\\\/www.youtube.com\\\/channel\\\/UCua4Qvz8Icb6MYqhoq9xLXw\"]},{\"@type\":\"Person\",\"@id\":\"https:\\\/\\\/informelitoral.com.ar\\\/#\\\/schema\\\/person\\\/b9d00407c836482871ef1d57bf8e3180\",\"name\":\"Gonzalo Schmidt\",\"image\":{\"@type\":\"ImageObject\",\"inLanguage\":\"es\",\"@id\":\"https:\\\/\\\/secure.gravatar.com\\\/avatar\\\/31a1a7b66ff2de83bd0e9fd79d026630d2d99e55e8bfe501287647b4fd9743de?s=96&d=mm&r=g\",\"url\":\"https:\\\/\\\/secure.gravatar.com\\\/avatar\\\/31a1a7b66ff2de83bd0e9fd79d026630d2d99e55e8bfe501287647b4fd9743de?s=96&d=mm&r=g\",\"contentUrl\":\"https:\\\/\\\/secure.gravatar.com\\\/avatar\\\/31a1a7b66ff2de83bd0e9fd79d026630d2d99e55e8bfe501287647b4fd9743de?s=96&d=mm&r=g\",\"caption\":\"Gonzalo Schmidt\"},\"description\":\"Sitio web de noticias de la provincia de Entre R\u00edos, Argentina. Informaci\u00f3n y entretenimiento. Informe Litoral, nos informamos.\",\"sameAs\":[\"http:\\\/\\\/www.isletasnoticias.com.ar\"],\"url\":\"https:\\\/\\\/informelitoral.com.ar\\\/author\\\/gonzalo\\\/\"}]}<\/script>","yoast_head_json":{"title":"Scioli dijo que se esfuerza en entender a los que no lo votaron - Informe Litoral","robots":{"index":"index","follow":"follow","max-snippet":"max-snippet:-1","max-image-preview":"max-image-preview:large","max-video-preview":"max-video-preview:-1"},"canonical":"https:\/\/informelitoral.com.ar\/scioli-dijo-que-se-esfuerza-en-entender-a-los-que-no-lo-votaron\/","og_locale":"es_ES","og_type":"article","og_title":"Scioli dijo que se esfuerza en entender a los que no lo votaron - Informe Litoral","og_description":"En una entrevista, el candidato a presidente del FpV compar&oacute; a Cambiemos con la Alianza y justific&oacute; que CFK no lo haya nombrado en su discurso. Habl&oacute; de su propuesta econ&oacute;mica y afirm&oacute; que busca &laquo;interpretar&raquo; a votantes de otras fuerzas. En una entrevista televisiva, el candidato presidencial del Frente para la Victoria (FpV), Daniel [&hellip;]","og_url":"https:\/\/informelitoral.com.ar\/scioli-dijo-que-se-esfuerza-en-entender-a-los-que-no-lo-votaron\/","og_site_name":"Informe Litoral","article_publisher":"https:\/\/www.facebook.com\/informelitoral\/","article_published_time":"2015-10-30T14:32:46+00:00","og_image":[{"width":640,"height":360,"url":"https:\/\/informelitoral.com.ar\/%77%70%2d%63%6f%6e%74%65%6e%74\/uploads\/2015\/10\/o_1446202483.jpg","type":"image\/jpeg"}],"author":"Gonzalo Schmidt","twitter_card":"summary_large_image","twitter_creator":"@InformeLitoral","twitter_site":"@InformeLitoral","twitter_misc":{"Escrito por":"Gonzalo Schmidt","Tiempo de lectura":"5 minutos"},"schema":{"@context":"https:\/\/schema.org","@graph":[{"@type":"Article","@id":"https:\/\/informelitoral.com.ar\/scioli-dijo-que-se-esfuerza-en-entender-a-los-que-no-lo-votaron\/#article","isPartOf":{"@id":"https:\/\/informelitoral.com.ar\/scioli-dijo-que-se-esfuerza-en-entender-a-los-que-no-lo-votaron\/"},"author":{"name":"Gonzalo Schmidt","@id":"https:\/\/informelitoral.com.ar\/#\/schema\/person\/b9d00407c836482871ef1d57bf8e3180"},"headline":"Scioli dijo que se esfuerza en entender a los que no lo votaron","datePublished":"2015-10-30T14:32:46+00:00","mainEntityOfPage":{"@id":"https:\/\/informelitoral.com.ar\/scioli-dijo-que-se-esfuerza-en-entender-a-los-que-no-lo-votaron\/"},"wordCount":944,"commentCount":0,"publisher":{"@id":"https:\/\/informelitoral.com.ar\/#organization"},"image":{"@id":"https:\/\/informelitoral.com.ar\/scioli-dijo-que-se-esfuerza-en-entender-a-los-que-no-lo-votaron\/#primaryimage"},"thumbnailUrl":"http:\/\/www.isletasnoticias.com.ar\/%77%70%2d%63%6f%6e%74%65%6e%74\/uploads\/2015\/10\/o_1446202483.jpg","articleSection":["Nacionales","Politica"],"inLanguage":"es","potentialAction":[{"@type":"CommentAction","name":"Comment","target":["https:\/\/informelitoral.com.ar\/scioli-dijo-que-se-esfuerza-en-entender-a-los-que-no-lo-votaron\/#respond"]}]},{"@type":"WebPage","@id":"https:\/\/informelitoral.com.ar\/scioli-dijo-que-se-esfuerza-en-entender-a-los-que-no-lo-votaron\/","url":"https:\/\/informelitoral.com.ar\/scioli-dijo-que-se-esfuerza-en-entender-a-los-que-no-lo-votaron\/","name":"Scioli dijo que se esfuerza en entender a los que no lo votaron - Informe Litoral","isPartOf":{"@id":"https:\/\/informelitoral.com.ar\/#website"},"primaryImageOfPage":{"@id":"https:\/\/informelitoral.com.ar\/scioli-dijo-que-se-esfuerza-en-entender-a-los-que-no-lo-votaron\/#primaryimage"},"image":{"@id":"https:\/\/informelitoral.com.ar\/scioli-dijo-que-se-esfuerza-en-entender-a-los-que-no-lo-votaron\/#primaryimage"},"thumbnailUrl":"http:\/\/www.isletasnoticias.com.ar\/%77%70%2d%63%6f%6e%74%65%6e%74\/uploads\/2015\/10\/o_1446202483.jpg","datePublished":"2015-10-30T14:32:46+00:00","breadcrumb":{"@id":"https:\/\/informelitoral.com.ar\/scioli-dijo-que-se-esfuerza-en-entender-a-los-que-no-lo-votaron\/#breadcrumb"},"inLanguage":"es","potentialAction":[{"@type":"ReadAction","target":["https:\/\/informelitoral.com.ar\/scioli-dijo-que-se-esfuerza-en-entender-a-los-que-no-lo-votaron\/"]}]},{"@type":"ImageObject","inLanguage":"es","@id":"https:\/\/informelitoral.com.ar\/scioli-dijo-que-se-esfuerza-en-entender-a-los-que-no-lo-votaron\/#primaryimage","url":"http:\/\/www.isletasnoticias.com.ar\/%77%70%2d%63%6f%6e%74%65%6e%74\/uploads\/2015\/10\/o_1446202483.jpg","contentUrl":"http:\/\/www.isletasnoticias.com.ar\/%77%70%2d%63%6f%6e%74%65%6e%74\/uploads\/2015\/10\/o_1446202483.jpg"},{"@type":"BreadcrumbList","@id":"https:\/\/informelitoral.com.ar\/scioli-dijo-que-se-esfuerza-en-entender-a-los-que-no-lo-votaron\/#breadcrumb","itemListElement":[{"@type":"ListItem","position":1,"name":"Portada","item":"https:\/\/informelitoral.com.ar\/"},{"@type":"ListItem","position":2,"name":"Scioli dijo que se esfuerza en entender a los que no lo votaron"}]},{"@type":"WebSite","@id":"https:\/\/informelitoral.com.ar\/#website","url":"https:\/\/informelitoral.com.ar\/","name":"Informe Litoral","description":"&quot;Nos informamos&quot; ","publisher":{"@id":"https:\/\/informelitoral.com.ar\/#organization"},"potentialAction":[{"@type":"SearchAction","target":{"@type":"EntryPoint","urlTemplate":"https:\/\/informelitoral.com.ar\/?s={search_term_string}"},"query-input":{"@type":"PropertyValueSpecification","valueRequired":true,"valueName":"search_term_string"}}],"inLanguage":"es"},{"@type":"Organization","@id":"https:\/\/informelitoral.com.ar\/#organization","name":"Informe Litoral","url":"https:\/\/informelitoral.com.ar\/","logo":{"@type":"ImageObject","inLanguage":"es","@id":"https:\/\/informelitoral.com.ar\/#\/schema\/logo\/image\/","url":"https:\/\/informelitoral.com.ar\/%77%70%2d%63%6f%6e%74%65%6e%74\/uploads\/2021\/01\/circulo.png","contentUrl":"https:\/\/informelitoral.com.ar\/%77%70%2d%63%6f%6e%74%65%6e%74\/uploads\/2021\/01\/circulo.png","width":723,"height":731,"caption":"Informe Litoral"},"image":{"@id":"https:\/\/informelitoral.com.ar\/#\/schema\/logo\/image\/"},"sameAs":["https:\/\/www.facebook.com\/informelitoral\/","https:\/\/x.com\/InformeLitoral","https:\/\/www.instagram.com\/informelitoral\/","https:\/\/www.youtube.com\/channel\/UCua4Qvz8Icb6MYqhoq9xLXw"]},{"@type":"Person","@id":"https:\/\/informelitoral.com.ar\/#\/schema\/person\/b9d00407c836482871ef1d57bf8e3180","name":"Gonzalo Schmidt","image":{"@type":"ImageObject","inLanguage":"es","@id":"https:\/\/secure.gravatar.com\/avatar\/31a1a7b66ff2de83bd0e9fd79d026630d2d99e55e8bfe501287647b4fd9743de?s=96&d=mm&r=g","url":"https:\/\/secure.gravatar.com\/avatar\/31a1a7b66ff2de83bd0e9fd79d026630d2d99e55e8bfe501287647b4fd9743de?s=96&d=mm&r=g","contentUrl":"https:\/\/secure.gravatar.com\/avatar\/31a1a7b66ff2de83bd0e9fd79d026630d2d99e55e8bfe501287647b4fd9743de?s=96&d=mm&r=g","caption":"Gonzalo Schmidt"},"description":"Sitio web de noticias de la provincia de Entre R\u00edos, Argentina. Informaci\u00f3n y entretenimiento. Informe Litoral, nos informamos.","sameAs":["http:\/\/www.isletasnoticias.com.ar"],"url":"https:\/\/informelitoral.com.ar\/author\/gonzalo\/"}]}},"_links":{"self":[{"href":"https:\/\/informelitoral.com.ar\/%77%70%2d%6a%73%6f%6e\/wp\/v2\/posts\/12419","targetHints":{"allow":["GET"]}}],"collection":[{"href":"https:\/\/informelitoral.com.ar\/%77%70%2d%6a%73%6f%6e\/wp\/v2\/posts"}],"about":[{"href":"https:\/\/informelitoral.com.ar\/%77%70%2d%6a%73%6f%6e\/wp\/v2\/types\/post"}],"author":[{"embeddable":true,"href":"https:\/\/informelitoral.com.ar\/%77%70%2d%6a%73%6f%6e\/wp\/v2\/users\/2"}],"replies":[{"embeddable":true,"href":"https:\/\/informelitoral.com.ar\/%77%70%2d%6a%73%6f%6e\/wp\/v2\/comments?post=12419"}],"version-history":[{"count":0,"href":"https:\/\/informelitoral.com.ar\/%77%70%2d%6a%73%6f%6e\/wp\/v2\/posts\/12419\/revisions"}],"wp:attachment":[{"href":"https:\/\/informelitoral.com.ar\/%77%70%2d%6a%73%6f%6e\/wp\/v2\/media?parent=12419"}],"wp:term":[{"taxonomy":"category","embeddable":true,"href":"https:\/\/informelitoral.com.ar\/%77%70%2d%6a%73%6f%6e\/wp\/v2\/categories?post=12419"},{"taxonomy":"post_tag","embeddable":true,"href":"https:\/\/informelitoral.com.ar\/%77%70%2d%6a%73%6f%6e\/wp\/v2\/tags?post=12419"}],"curies":[{"name":"wp","href":"https:\/\/api.w.org\/{rel}","templated":true}]}}