{"id":12353,"date":"2015-10-26T10:04:53","date_gmt":"2015-10-26T13:04:53","guid":{"rendered":"http:\/\/www.isletasnoticias.com.ar\/?p=12353"},"modified":"2015-10-26T17:14:06","modified_gmt":"2015-10-26T20:14:06","slug":"los-kramer-perdieron-en-ramirez-tras-casi-24-anos-en-el-poder","status":"publish","type":"post","link":"https:\/\/informelitoral.com.ar\/los-kramer-perdieron-en-ramirez-tras-casi-24-anos-en-el-poder\/","title":{"rendered":"Los Kr\u00e4mer perdieron en Ram\u00edrez tras casi 24 a\u00f1os en el poder"},"content":{"rendered":"<p><strong>El actual intendente y candidato a un cuarto mandato<em> Edelmiro Kr\u00e4mer<\/em> fue derrotado por el postulante de Cambiemos <em>Gustavo Vergara<\/em> por m\u00e1s de 25 puntos. Excepto por un per\u00edodo, el clan Kr\u00e4mer gobierna en Ram\u00edrez desde 1991.<a href=\"http:\/\/www.isletasnoticias.com.ar\/%77%70%2d%63%6f%6e%74%65%6e%74\/uploads\/2015\/10\/o_1445880995.jpg\"><img loading=\"lazy\" decoding=\"async\" class=\"aligncenter wp-image-12354 size-medium\" src=\"http:\/\/www.isletasnoticias.com.ar\/%77%70%2d%63%6f%6e%74%65%6e%74\/uploads\/2015\/10\/o_1445880995-300x169.jpg\" alt=\"o_1445880995\" width=\"300\" height=\"169\" srcset=\"https:\/\/informelitoral.com.ar\/%77%70%2d%63%6f%6e%74%65%6e%74\/uploads\/2015\/10\/o_1445880995-300x169.jpg 300w, https:\/\/informelitoral.com.ar\/%77%70%2d%63%6f%6e%74%65%6e%74\/uploads\/2015\/10\/o_1445880995.jpg 640w\" sizes=\"auto, (max-width: 300px) 100vw, 300px\" \/><\/a><\/strong><\/p>\n<p>El frente Cambiemos present\u00f3 para la intendencia de General Ram\u00edrez a la f\u00f3rmula <strong>Gustavo Vergara-Roberto Riffel<\/strong>, que result\u00f3 ganadora y presidir\u00e1 la municipalidad de la localidad del departamento Diamante hasta el 2019. La propuesta opositora cosech\u00f3 4.168 de los 7.097 sufragios totales para el cargo, equivalente a un 58,7% del padr\u00f3n.<\/p>\n<p>As\u00ed, se cort\u00f3 la hegemon\u00eda de <strong>Edelmiro<\/strong> y<strong> Daniel Kr\u00e4mer<\/strong> al frente del gobierno municipal, quienes hubieran totalizado, entre los dos, 25 a\u00f1os de liderazgo. Este domingo la f\u00f3rmula <strong>Edelmiro Kr\u00e4mer- Norberto Graf<\/strong> registr\u00f3 2.392 votos, un 33,7% de adhesi\u00f3n, y qued\u00f3 segunda en el podio. El actual jefe comunal gobern\u00f3 la localidad en los per\u00edodos 1991-1995, 1999-2003 y el que est\u00e1 en tr\u00e1nsito, 2011-2015.<\/p>\n<p>Entremedio altern\u00f3 con su hijo Daniel, actual senador provincial, quien presidi\u00f3 la municipalidad en dos lapsos consecutivos (2003-2007 y 2007-2011). Si resultaba electo en octubre, Kr\u00e4mer padre hubiera regido en Ram\u00edrez hasta 2019, en un cuarto mandato. Entre ambos, suman veinte a\u00f1os -a cumplirse en diciembre- de mandato mancomunado en General Ram\u00edrez. El per\u00edodo que hace la expcepci\u00f3n fue el transcurrido entre 1995 y 1999, cuando gobern\u00f3 Ricardo Alberto Antivero (UCR).<\/p>\n<p>En \u00faltimo lugar para la intendencia qued\u00f3 la propuesta massista, de<strong> Claudio Mantovani-Pablo Erhardt<\/strong>, que alcanzaron 537 sufragios, el 7,5%. En otro orden, cabe advertir que Daniel Kramer no logr\u00f3 retener la banca del PJ en el senado provincial, al obtener un 37,7% de los votos para tal categor\u00eda y quedar debajo del candidato de Cambiemos, Rogelio Schild, que ostenta el 49% con casi la totalidad de las urnas relevadas.<em> (Informe Digital)<\/em><\/p>\n","protected":false},"excerpt":{"rendered":"<p>El actual intendente y candidato a un cuarto mandato Edelmiro Kr&auml;mer fue derrotado por el postulante de Cambiemos Gustavo Vergara por m&aacute;s de 25 puntos. Excepto por un per&iacute;odo, el clan Kr&auml;mer gobierna en Ram&iacute;rez desde 1991. El frente Cambiemos present&oacute; para la intendencia de General Ram&iacute;rez a la f&oacute;rmula Gustavo Vergara-Roberto Riffel, que result&oacute; [&hellip;]<\/p>\n","protected":false},"author":2,"featured_media":0,"comment_status":"open","ping_status":"open","sticky":false,"template":"","format":"standard","meta":{"fifu_image_url":"","fifu_image_alt":"","footnotes":""},"categories":[5,16],"tags":[],"class_list":{"0":"post-12353","1":"post","2":"type-post","3":"status-publish","4":"format-standard","6":"category-zonales","7":"category-politi"},"yoast_head":"<title>Los Kr\u00e4mer perdieron en Ram\u00edrez tras casi 24 a\u00f1os en el poder - Informe Litoral<\/title>\n<meta name=\"robots\" content=\"index, follow, max-snippet:-1, max-image-preview:large, max-video-preview:-1\" \/>\n<link rel=\"canonical\" href=\"https:\/\/informelitoral.com.ar\/los-kramer-perdieron-en-ramirez-tras-casi-24-anos-en-el-poder\/\" \/>\n<meta property=\"og:locale\" content=\"es_ES\" \/>\n<meta property=\"og:type\" content=\"article\" \/>\n<meta property=\"og:title\" content=\"Los Kr\u00e4mer perdieron en Ram\u00edrez tras casi 24 a\u00f1os en el poder - Informe Litoral\" \/>\n<meta property=\"og:description\" content=\"El actual intendente y candidato a un cuarto mandato Edelmiro Kr&auml;mer fue derrotado por el postulante de Cambiemos Gustavo Vergara por m&aacute;s de 25 puntos. Excepto por un per&iacute;odo, el clan Kr&auml;mer gobierna en Ram&iacute;rez desde 1991. El frente Cambiemos present&oacute; para la intendencia de General Ram&iacute;rez a la f&oacute;rmula Gustavo Vergara-Roberto Riffel, que result&oacute; [&hellip;]\" \/>\n<meta property=\"og:url\" content=\"https:\/\/informelitoral.com.ar\/los-kramer-perdieron-en-ramirez-tras-casi-24-anos-en-el-poder\/\" \/>\n<meta property=\"og:site_name\" content=\"Informe Litoral\" \/>\n<meta property=\"article:publisher\" content=\"https:\/\/www.facebook.com\/informelitoral\/\" \/>\n<meta property=\"article:published_time\" content=\"2015-10-26T13:04:53+00:00\" \/>\n<meta property=\"article:modified_time\" content=\"2015-10-26T20:14:06+00:00\" \/>\n<meta property=\"og:image\" content=\"https:\/\/informelitoral.com.ar\/%77%70%2d%63%6f%6e%74%65%6e%74\/uploads\/2015\/10\/o_1445880995.jpg\" \/>\n\t<meta property=\"og:image:width\" content=\"640\" \/>\n\t<meta property=\"og:image:height\" content=\"360\" \/>\n\t<meta property=\"og:image:type\" content=\"image\/jpeg\" \/>\n<meta name=\"author\" content=\"Gonzalo Schmidt\" \/>\n<meta name=\"twitter:card\" content=\"summary_large_image\" \/>\n<meta name=\"twitter:creator\" content=\"@InformeLitoral\" \/>\n<meta name=\"twitter:site\" content=\"@InformeLitoral\" \/>\n<meta name=\"twitter:label1\" content=\"Escrito por\" \/>\n\t<meta name=\"twitter:data1\" content=\"Gonzalo Schmidt\" \/>\n\t<meta name=\"twitter:label2\" content=\"Tiempo de lectura\" \/>\n\t<meta name=\"twitter:data2\" content=\"2 minutos\" \/>\n<script type=\"application\/ld+json\" class=\"yoast-schema-graph\">{\"@context\":\"https:\\\/\\\/schema.org\",\"@graph\":[{\"@type\":\"Article\",\"@id\":\"https:\\\/\\\/informelitoral.com.ar\\\/los-kramer-perdieron-en-ramirez-tras-casi-24-anos-en-el-poder\\\/#article\",\"isPartOf\":{\"@id\":\"https:\\\/\\\/informelitoral.com.ar\\\/los-kramer-perdieron-en-ramirez-tras-casi-24-anos-en-el-poder\\\/\"},\"author\":{\"name\":\"Gonzalo Schmidt\",\"@id\":\"https:\\\/\\\/informelitoral.com.ar\\\/#\\\/schema\\\/person\\\/b9d00407c836482871ef1d57bf8e3180\"},\"headline\":\"Los Kr\u00e4mer perdieron en Ram\u00edrez tras casi 24 a\u00f1os en el poder\",\"datePublished\":\"2015-10-26T13:04:53+00:00\",\"dateModified\":\"2015-10-26T20:14:06+00:00\",\"mainEntityOfPage\":{\"@id\":\"https:\\\/\\\/informelitoral.com.ar\\\/los-kramer-perdieron-en-ramirez-tras-casi-24-anos-en-el-poder\\\/\"},\"wordCount\":317,\"commentCount\":0,\"publisher\":{\"@id\":\"https:\\\/\\\/informelitoral.com.ar\\\/#organization\"},\"image\":{\"@id\":\"https:\\\/\\\/informelitoral.com.ar\\\/los-kramer-perdieron-en-ramirez-tras-casi-24-anos-en-el-poder\\\/#primaryimage\"},\"thumbnailUrl\":\"http:\\\/\\\/www.isletasnoticias.com.ar\\\/%77%70%2d%63%6f%6e%74%65%6e%74\\\/uploads\\\/2015\\\/10\\\/o_1445880995-300x169.jpg\",\"articleSection\":[\"Departamento Diamante\",\"Politica\"],\"inLanguage\":\"es\",\"potentialAction\":[{\"@type\":\"CommentAction\",\"name\":\"Comment\",\"target\":[\"https:\\\/\\\/informelitoral.com.ar\\\/los-kramer-perdieron-en-ramirez-tras-casi-24-anos-en-el-poder\\\/#respond\"]}]},{\"@type\":\"WebPage\",\"@id\":\"https:\\\/\\\/informelitoral.com.ar\\\/los-kramer-perdieron-en-ramirez-tras-casi-24-anos-en-el-poder\\\/\",\"url\":\"https:\\\/\\\/informelitoral.com.ar\\\/los-kramer-perdieron-en-ramirez-tras-casi-24-anos-en-el-poder\\\/\",\"name\":\"Los Kr\u00e4mer perdieron en Ram\u00edrez tras casi 24 a\u00f1os en el poder - Informe Litoral\",\"isPartOf\":{\"@id\":\"https:\\\/\\\/informelitoral.com.ar\\\/#website\"},\"primaryImageOfPage\":{\"@id\":\"https:\\\/\\\/informelitoral.com.ar\\\/los-kramer-perdieron-en-ramirez-tras-casi-24-anos-en-el-poder\\\/#primaryimage\"},\"image\":{\"@id\":\"https:\\\/\\\/informelitoral.com.ar\\\/los-kramer-perdieron-en-ramirez-tras-casi-24-anos-en-el-poder\\\/#primaryimage\"},\"thumbnailUrl\":\"http:\\\/\\\/www.isletasnoticias.com.ar\\\/%77%70%2d%63%6f%6e%74%65%6e%74\\\/uploads\\\/2015\\\/10\\\/o_1445880995-300x169.jpg\",\"datePublished\":\"2015-10-26T13:04:53+00:00\",\"dateModified\":\"2015-10-26T20:14:06+00:00\",\"breadcrumb\":{\"@id\":\"https:\\\/\\\/informelitoral.com.ar\\\/los-kramer-perdieron-en-ramirez-tras-casi-24-anos-en-el-poder\\\/#breadcrumb\"},\"inLanguage\":\"es\",\"potentialAction\":[{\"@type\":\"ReadAction\",\"target\":[\"https:\\\/\\\/informelitoral.com.ar\\\/los-kramer-perdieron-en-ramirez-tras-casi-24-anos-en-el-poder\\\/\"]}]},{\"@type\":\"ImageObject\",\"inLanguage\":\"es\",\"@id\":\"https:\\\/\\\/informelitoral.com.ar\\\/los-kramer-perdieron-en-ramirez-tras-casi-24-anos-en-el-poder\\\/#primaryimage\",\"url\":\"http:\\\/\\\/www.isletasnoticias.com.ar\\\/%77%70%2d%63%6f%6e%74%65%6e%74\\\/uploads\\\/2015\\\/10\\\/o_1445880995-300x169.jpg\",\"contentUrl\":\"http:\\\/\\\/www.isletasnoticias.com.ar\\\/%77%70%2d%63%6f%6e%74%65%6e%74\\\/uploads\\\/2015\\\/10\\\/o_1445880995-300x169.jpg\"},{\"@type\":\"BreadcrumbList\",\"@id\":\"https:\\\/\\\/informelitoral.com.ar\\\/los-kramer-perdieron-en-ramirez-tras-casi-24-anos-en-el-poder\\\/#breadcrumb\",\"itemListElement\":[{\"@type\":\"ListItem\",\"position\":1,\"name\":\"Portada\",\"item\":\"https:\\\/\\\/informelitoral.com.ar\\\/\"},{\"@type\":\"ListItem\",\"position\":2,\"name\":\"Los Kr\u00e4mer perdieron en Ram\u00edrez tras casi 24 a\u00f1os en el poder\"}]},{\"@type\":\"WebSite\",\"@id\":\"https:\\\/\\\/informelitoral.com.ar\\\/#website\",\"url\":\"https:\\\/\\\/informelitoral.com.ar\\\/\",\"name\":\"Informe Litoral\",\"description\":\"&quot;Nos informamos&quot; \",\"publisher\":{\"@id\":\"https:\\\/\\\/informelitoral.com.ar\\\/#organization\"},\"potentialAction\":[{\"@type\":\"SearchAction\",\"target\":{\"@type\":\"EntryPoint\",\"urlTemplate\":\"https:\\\/\\\/informelitoral.com.ar\\\/?s={search_term_string}\"},\"query-input\":{\"@type\":\"PropertyValueSpecification\",\"valueRequired\":true,\"valueName\":\"search_term_string\"}}],\"inLanguage\":\"es\"},{\"@type\":\"Organization\",\"@id\":\"https:\\\/\\\/informelitoral.com.ar\\\/#organization\",\"name\":\"Informe Litoral\",\"url\":\"https:\\\/\\\/informelitoral.com.ar\\\/\",\"logo\":{\"@type\":\"ImageObject\",\"inLanguage\":\"es\",\"@id\":\"https:\\\/\\\/informelitoral.com.ar\\\/#\\\/schema\\\/logo\\\/image\\\/\",\"url\":\"https:\\\/\\\/informelitoral.com.ar\\\/%77%70%2d%63%6f%6e%74%65%6e%74\\\/uploads\\\/2021\\\/01\\\/circulo.png\",\"contentUrl\":\"https:\\\/\\\/informelitoral.com.ar\\\/%77%70%2d%63%6f%6e%74%65%6e%74\\\/uploads\\\/2021\\\/01\\\/circulo.png\",\"width\":723,\"height\":731,\"caption\":\"Informe Litoral\"},\"image\":{\"@id\":\"https:\\\/\\\/informelitoral.com.ar\\\/#\\\/schema\\\/logo\\\/image\\\/\"},\"sameAs\":[\"https:\\\/\\\/www.facebook.com\\\/informelitoral\\\/\",\"https:\\\/\\\/x.com\\\/InformeLitoral\",\"https:\\\/\\\/www.instagram.com\\\/informelitoral\\\/\",\"https:\\\/\\\/www.youtube.com\\\/channel\\\/UCua4Qvz8Icb6MYqhoq9xLXw\"]},{\"@type\":\"Person\",\"@id\":\"https:\\\/\\\/informelitoral.com.ar\\\/#\\\/schema\\\/person\\\/b9d00407c836482871ef1d57bf8e3180\",\"name\":\"Gonzalo Schmidt\",\"image\":{\"@type\":\"ImageObject\",\"inLanguage\":\"es\",\"@id\":\"https:\\\/\\\/secure.gravatar.com\\\/avatar\\\/31a1a7b66ff2de83bd0e9fd79d026630d2d99e55e8bfe501287647b4fd9743de?s=96&d=mm&r=g\",\"url\":\"https:\\\/\\\/secure.gravatar.com\\\/avatar\\\/31a1a7b66ff2de83bd0e9fd79d026630d2d99e55e8bfe501287647b4fd9743de?s=96&d=mm&r=g\",\"contentUrl\":\"https:\\\/\\\/secure.gravatar.com\\\/avatar\\\/31a1a7b66ff2de83bd0e9fd79d026630d2d99e55e8bfe501287647b4fd9743de?s=96&d=mm&r=g\",\"caption\":\"Gonzalo Schmidt\"},\"description\":\"Sitio web de noticias de la provincia de Entre R\u00edos, Argentina. Informaci\u00f3n y entretenimiento. Informe Litoral, nos informamos.\",\"sameAs\":[\"http:\\\/\\\/www.isletasnoticias.com.ar\"],\"url\":\"https:\\\/\\\/informelitoral.com.ar\\\/author\\\/gonzalo\\\/\"}]}<\/script>","yoast_head_json":{"title":"Los Kr\u00e4mer perdieron en Ram\u00edrez tras casi 24 a\u00f1os en el poder - Informe Litoral","robots":{"index":"index","follow":"follow","max-snippet":"max-snippet:-1","max-image-preview":"max-image-preview:large","max-video-preview":"max-video-preview:-1"},"canonical":"https:\/\/informelitoral.com.ar\/los-kramer-perdieron-en-ramirez-tras-casi-24-anos-en-el-poder\/","og_locale":"es_ES","og_type":"article","og_title":"Los Kr\u00e4mer perdieron en Ram\u00edrez tras casi 24 a\u00f1os en el poder - Informe Litoral","og_description":"El actual intendente y candidato a un cuarto mandato Edelmiro Kr&auml;mer fue derrotado por el postulante de Cambiemos Gustavo Vergara por m&aacute;s de 25 puntos. Excepto por un per&iacute;odo, el clan Kr&auml;mer gobierna en Ram&iacute;rez desde 1991. El frente Cambiemos present&oacute; para la intendencia de General Ram&iacute;rez a la f&oacute;rmula Gustavo Vergara-Roberto Riffel, que result&oacute; [&hellip;]","og_url":"https:\/\/informelitoral.com.ar\/los-kramer-perdieron-en-ramirez-tras-casi-24-anos-en-el-poder\/","og_site_name":"Informe Litoral","article_publisher":"https:\/\/www.facebook.com\/informelitoral\/","article_published_time":"2015-10-26T13:04:53+00:00","article_modified_time":"2015-10-26T20:14:06+00:00","og_image":[{"width":640,"height":360,"url":"https:\/\/informelitoral.com.ar\/%77%70%2d%63%6f%6e%74%65%6e%74\/uploads\/2015\/10\/o_1445880995.jpg","type":"image\/jpeg"}],"author":"Gonzalo Schmidt","twitter_card":"summary_large_image","twitter_creator":"@InformeLitoral","twitter_site":"@InformeLitoral","twitter_misc":{"Escrito por":"Gonzalo Schmidt","Tiempo de lectura":"2 minutos"},"schema":{"@context":"https:\/\/schema.org","@graph":[{"@type":"Article","@id":"https:\/\/informelitoral.com.ar\/los-kramer-perdieron-en-ramirez-tras-casi-24-anos-en-el-poder\/#article","isPartOf":{"@id":"https:\/\/informelitoral.com.ar\/los-kramer-perdieron-en-ramirez-tras-casi-24-anos-en-el-poder\/"},"author":{"name":"Gonzalo Schmidt","@id":"https:\/\/informelitoral.com.ar\/#\/schema\/person\/b9d00407c836482871ef1d57bf8e3180"},"headline":"Los Kr\u00e4mer perdieron en Ram\u00edrez tras casi 24 a\u00f1os en el poder","datePublished":"2015-10-26T13:04:53+00:00","dateModified":"2015-10-26T20:14:06+00:00","mainEntityOfPage":{"@id":"https:\/\/informelitoral.com.ar\/los-kramer-perdieron-en-ramirez-tras-casi-24-anos-en-el-poder\/"},"wordCount":317,"commentCount":0,"publisher":{"@id":"https:\/\/informelitoral.com.ar\/#organization"},"image":{"@id":"https:\/\/informelitoral.com.ar\/los-kramer-perdieron-en-ramirez-tras-casi-24-anos-en-el-poder\/#primaryimage"},"thumbnailUrl":"http:\/\/www.isletasnoticias.com.ar\/%77%70%2d%63%6f%6e%74%65%6e%74\/uploads\/2015\/10\/o_1445880995-300x169.jpg","articleSection":["Departamento Diamante","Politica"],"inLanguage":"es","potentialAction":[{"@type":"CommentAction","name":"Comment","target":["https:\/\/informelitoral.com.ar\/los-kramer-perdieron-en-ramirez-tras-casi-24-anos-en-el-poder\/#respond"]}]},{"@type":"WebPage","@id":"https:\/\/informelitoral.com.ar\/los-kramer-perdieron-en-ramirez-tras-casi-24-anos-en-el-poder\/","url":"https:\/\/informelitoral.com.ar\/los-kramer-perdieron-en-ramirez-tras-casi-24-anos-en-el-poder\/","name":"Los Kr\u00e4mer perdieron en Ram\u00edrez tras casi 24 a\u00f1os en el poder - Informe Litoral","isPartOf":{"@id":"https:\/\/informelitoral.com.ar\/#website"},"primaryImageOfPage":{"@id":"https:\/\/informelitoral.com.ar\/los-kramer-perdieron-en-ramirez-tras-casi-24-anos-en-el-poder\/#primaryimage"},"image":{"@id":"https:\/\/informelitoral.com.ar\/los-kramer-perdieron-en-ramirez-tras-casi-24-anos-en-el-poder\/#primaryimage"},"thumbnailUrl":"http:\/\/www.isletasnoticias.com.ar\/%77%70%2d%63%6f%6e%74%65%6e%74\/uploads\/2015\/10\/o_1445880995-300x169.jpg","datePublished":"2015-10-26T13:04:53+00:00","dateModified":"2015-10-26T20:14:06+00:00","breadcrumb":{"@id":"https:\/\/informelitoral.com.ar\/los-kramer-perdieron-en-ramirez-tras-casi-24-anos-en-el-poder\/#breadcrumb"},"inLanguage":"es","potentialAction":[{"@type":"ReadAction","target":["https:\/\/informelitoral.com.ar\/los-kramer-perdieron-en-ramirez-tras-casi-24-anos-en-el-poder\/"]}]},{"@type":"ImageObject","inLanguage":"es","@id":"https:\/\/informelitoral.com.ar\/los-kramer-perdieron-en-ramirez-tras-casi-24-anos-en-el-poder\/#primaryimage","url":"http:\/\/www.isletasnoticias.com.ar\/%77%70%2d%63%6f%6e%74%65%6e%74\/uploads\/2015\/10\/o_1445880995-300x169.jpg","contentUrl":"http:\/\/www.isletasnoticias.com.ar\/%77%70%2d%63%6f%6e%74%65%6e%74\/uploads\/2015\/10\/o_1445880995-300x169.jpg"},{"@type":"BreadcrumbList","@id":"https:\/\/informelitoral.com.ar\/los-kramer-perdieron-en-ramirez-tras-casi-24-anos-en-el-poder\/#breadcrumb","itemListElement":[{"@type":"ListItem","position":1,"name":"Portada","item":"https:\/\/informelitoral.com.ar\/"},{"@type":"ListItem","position":2,"name":"Los Kr\u00e4mer perdieron en Ram\u00edrez tras casi 24 a\u00f1os en el poder"}]},{"@type":"WebSite","@id":"https:\/\/informelitoral.com.ar\/#website","url":"https:\/\/informelitoral.com.ar\/","name":"Informe Litoral","description":"&quot;Nos informamos&quot; ","publisher":{"@id":"https:\/\/informelitoral.com.ar\/#organization"},"potentialAction":[{"@type":"SearchAction","target":{"@type":"EntryPoint","urlTemplate":"https:\/\/informelitoral.com.ar\/?s={search_term_string}"},"query-input":{"@type":"PropertyValueSpecification","valueRequired":true,"valueName":"search_term_string"}}],"inLanguage":"es"},{"@type":"Organization","@id":"https:\/\/informelitoral.com.ar\/#organization","name":"Informe Litoral","url":"https:\/\/informelitoral.com.ar\/","logo":{"@type":"ImageObject","inLanguage":"es","@id":"https:\/\/informelitoral.com.ar\/#\/schema\/logo\/image\/","url":"https:\/\/informelitoral.com.ar\/%77%70%2d%63%6f%6e%74%65%6e%74\/uploads\/2021\/01\/circulo.png","contentUrl":"https:\/\/informelitoral.com.ar\/%77%70%2d%63%6f%6e%74%65%6e%74\/uploads\/2021\/01\/circulo.png","width":723,"height":731,"caption":"Informe Litoral"},"image":{"@id":"https:\/\/informelitoral.com.ar\/#\/schema\/logo\/image\/"},"sameAs":["https:\/\/www.facebook.com\/informelitoral\/","https:\/\/x.com\/InformeLitoral","https:\/\/www.instagram.com\/informelitoral\/","https:\/\/www.youtube.com\/channel\/UCua4Qvz8Icb6MYqhoq9xLXw"]},{"@type":"Person","@id":"https:\/\/informelitoral.com.ar\/#\/schema\/person\/b9d00407c836482871ef1d57bf8e3180","name":"Gonzalo Schmidt","image":{"@type":"ImageObject","inLanguage":"es","@id":"https:\/\/secure.gravatar.com\/avatar\/31a1a7b66ff2de83bd0e9fd79d026630d2d99e55e8bfe501287647b4fd9743de?s=96&d=mm&r=g","url":"https:\/\/secure.gravatar.com\/avatar\/31a1a7b66ff2de83bd0e9fd79d026630d2d99e55e8bfe501287647b4fd9743de?s=96&d=mm&r=g","contentUrl":"https:\/\/secure.gravatar.com\/avatar\/31a1a7b66ff2de83bd0e9fd79d026630d2d99e55e8bfe501287647b4fd9743de?s=96&d=mm&r=g","caption":"Gonzalo Schmidt"},"description":"Sitio web de noticias de la provincia de Entre R\u00edos, Argentina. Informaci\u00f3n y entretenimiento. Informe Litoral, nos informamos.","sameAs":["http:\/\/www.isletasnoticias.com.ar"],"url":"https:\/\/informelitoral.com.ar\/author\/gonzalo\/"}]}},"_links":{"self":[{"href":"https:\/\/informelitoral.com.ar\/%77%70%2d%6a%73%6f%6e\/wp\/v2\/posts\/12353","targetHints":{"allow":["GET"]}}],"collection":[{"href":"https:\/\/informelitoral.com.ar\/%77%70%2d%6a%73%6f%6e\/wp\/v2\/posts"}],"about":[{"href":"https:\/\/informelitoral.com.ar\/%77%70%2d%6a%73%6f%6e\/wp\/v2\/types\/post"}],"author":[{"embeddable":true,"href":"https:\/\/informelitoral.com.ar\/%77%70%2d%6a%73%6f%6e\/wp\/v2\/users\/2"}],"replies":[{"embeddable":true,"href":"https:\/\/informelitoral.com.ar\/%77%70%2d%6a%73%6f%6e\/wp\/v2\/comments?post=12353"}],"version-history":[{"count":0,"href":"https:\/\/informelitoral.com.ar\/%77%70%2d%6a%73%6f%6e\/wp\/v2\/posts\/12353\/revisions"}],"wp:attachment":[{"href":"https:\/\/informelitoral.com.ar\/%77%70%2d%6a%73%6f%6e\/wp\/v2\/media?parent=12353"}],"wp:term":[{"taxonomy":"category","embeddable":true,"href":"https:\/\/informelitoral.com.ar\/%77%70%2d%6a%73%6f%6e\/wp\/v2\/categories?post=12353"},{"taxonomy":"post_tag","embeddable":true,"href":"https:\/\/informelitoral.com.ar\/%77%70%2d%6a%73%6f%6e\/wp\/v2\/tags?post=12353"}],"curies":[{"name":"wp","href":"https:\/\/api.w.org\/{rel}","templated":true}]}}