{"id":12348,"date":"2015-10-26T09:25:46","date_gmt":"2015-10-26T12:25:46","guid":{"rendered":"http:\/\/www.isletasnoticias.com.ar\/?p=12348"},"modified":"2019-11-26T08:55:44","modified_gmt":"2019-11-26T11:55:44","slug":"opinion-por-que-perdio-el-pj-nuevamente-en-isletas","status":"publish","type":"post","link":"https:\/\/informelitoral.com.ar\/opinion-por-que-perdio-el-pj-nuevamente-en-isletas\/","title":{"rendered":"Opini\u00f3n: \u00bfPor qu\u00e9 perdi\u00f3 el PJ nuevamente en Isletas?"},"content":{"rendered":"<p><a href=\"http:\/\/www.isletasnoticias.com.ar\/%77%70%2d%63%6f%6e%74%65%6e%74\/uploads\/2015\/10\/556733_438047556214224_1034565815_n.jpg\"><img loading=\"lazy\" decoding=\"async\" class=\"wp-image-12349 size-thumbnail alignleft\" src=\"http:\/\/www.isletasnoticias.com.ar\/%77%70%2d%63%6f%6e%74%65%6e%74\/uploads\/2015\/10\/556733_438047556214224_1034565815_n-150x150.jpg\" alt=\"556733_438047556214224_1034565815_n\" width=\"150\" height=\"150\" \/><\/a><\/p>\n<p>*Por <strong>Gonzalo Schmidt<\/strong><\/p>\n<p>Ante un triunfo o una derrota electoral, generalmente no es un \u00fanico factor el que influye. En este caso, muchos se preguntar\u00e1n porqu\u00e9 perdi\u00f3 nuevamente el justicialismo en Isletas, teniendo en cuenta que ven\u00edan trabajando desde hace tiempo y conformaron un equipo interesante, integrado por personas de diferentes sectores de la localidad, con lo importante que es esto en un lugar donde suele haber cierta divisi\u00f3n entre peronistas y radicales.<\/p>\n<p>Sin embargo, no le alcanz\u00f3 al peronismo para \u201crecuperar\u201d nuevamente la localidad. En esto, seg\u00fan un punto de vista muy personal y sin censura, que puede ser discutido, tuvieron que ver varias causas:<\/p>\n<ul>\n<li>El escaso arrastre que gener\u00f3 Daniel Scioli y Gustavo Bordet, debido al enojo que existe entre cierto sector del campo con el Gobierno Nacional, en especial centrado en la figura de Cristina Fern\u00e1ndez. Esto se vio reflejado claramente en las dos mesas de la Escuela N\u00b0 14, -\u00fanico lugar de votaci\u00f3n- donde gan\u00f3 Alcides Wolf en la mesa de votantes m\u00e1s relacionados a la producci\u00f3n agropecuaria y perdi\u00f3 por un voto en la de quienes est\u00e1n m\u00e1s cercanos a la actividad p\u00fablica.<\/li>\n<li>La campa\u00f1a inteligente de Alcides Wolf, que trat\u00f3 de despegarse de la actual gesti\u00f3n local o directamente no fue acompa\u00f1ado, al menos durante sus apariencias p\u00fablicas, y visit\u00f3 a casi todos los vecinos, sin importar su color pol\u00edtico. Present\u00f3 propuestas y en todo momento habl\u00f3 de pluralismo. No es un radical duro.<\/li>\n<li>A partir de ac\u00e1, comienzan las causas que tienen que ver directamente con el interior del PJ isletense. Existe una interna entre el sector que lidera el ex tesorero comunal, Gerardo Sch\u00f6nhals, lo cual indefectiblemente rest\u00f3 algunos votos. Antes que no se sienten a dialogar, no cambiar\u00e1 esa situaci\u00f3n.<\/li>\n<li>La cercan\u00eda con el pol\u00e9mico jefe de la Zonal Diamante de Vialidad, Jos\u00e9 Luis Isaac, quien en varias oportunidades trat\u00f3 mal a la actual gesti\u00f3n radical y al propio Wolf. Lo mismo sucedi\u00f3 con algunos vecinos, que por el simple hecho de solicitarle el arreglo de un camino, sufrieron distintas calificaciones. Estos tipos de aprietes, ya se terminaron, el ciudadano sabe que el empleado p\u00fablico le debe responder, en este caso con obras, o al menos con un \u201cno tengo los recursos\u201d y un trato cordial.<\/li>\n<li>El pedido de Daniel Kr\u00e4mer de votar la boleta completa del FpV, que en la sociedad actual ya no es bien recibido, porque muchos ya no eligen partidos, optan por las personas y menos a\u00fan, quieren que les digan c\u00f3mo o a qui\u00e9n votar.<\/li>\n<li>El desgaste que sufri\u00f3 Luis Ch\u00e9mez y le pasar\u00eda a cualquier otro candidato, al lanzar su candidatura varios a\u00f1os antes.<\/li>\n<\/ul>\n<p>Los puntos anteriores podr\u00e1n ser bien o mal recibidos, hasta podr\u00e1n ser calificados que responden a cierto sector pol\u00edtico o ser\u00e1n ninguneados, pero antes que no se haga una autocr\u00edtica interna y no se tome esta opini\u00f3n como cr\u00edtica destructiva, seguramente habr\u00e1 radicalismo para rato en Isletas.<\/p>\n","protected":false},"excerpt":{"rendered":"<p>*Por Gonzalo Schmidt Ante un triunfo o una derrota electoral, generalmente no es un &uacute;nico factor el que influye. En este caso, muchos se preguntar&aacute;n porqu&eacute; perdi&oacute; nuevamente el justicialismo en Isletas, teniendo en cuenta que ven&iacute;an trabajando desde hace tiempo y conformaron un equipo interesante, integrado por personas de diferentes sectores de la localidad, [&hellip;]<\/p>\n","protected":false},"author":2,"featured_media":0,"comment_status":"open","ping_status":"open","sticky":false,"template":"","format":"standard","meta":{"fifu_image_url":"","fifu_image_alt":"","footnotes":""},"categories":[4,11],"tags":[1210,69,1348,982,197,1282],"class_list":{"0":"post-12348","1":"post","2":"type-post","3":"status-publish","4":"format-standard","6":"category-locales","7":"category-opinion","8":"tag-gonzalo-schmidt","9":"tag-isletas","10":"tag-luis-chemez","11":"tag-opinion","12":"tag-pj","13":"tag-raul-chemez"},"yoast_head":"<title>Opini\u00f3n: \u00bfPor qu\u00e9 perdi\u00f3 el PJ nuevamente en Isletas? - Informe Litoral<\/title>\n<meta name=\"robots\" content=\"index, follow, max-snippet:-1, max-image-preview:large, max-video-preview:-1\" \/>\n<link rel=\"canonical\" href=\"https:\/\/informelitoral.com.ar\/opinion-por-que-perdio-el-pj-nuevamente-en-isletas\/\" \/>\n<meta property=\"og:locale\" content=\"es_ES\" \/>\n<meta property=\"og:type\" content=\"article\" \/>\n<meta property=\"og:title\" content=\"Opini\u00f3n: \u00bfPor qu\u00e9 perdi\u00f3 el PJ nuevamente en Isletas? - Informe Litoral\" \/>\n<meta property=\"og:description\" content=\"*Por Gonzalo Schmidt Ante un triunfo o una derrota electoral, generalmente no es un &uacute;nico factor el que influye. En este caso, muchos se preguntar&aacute;n porqu&eacute; perdi&oacute; nuevamente el justicialismo en Isletas, teniendo en cuenta que ven&iacute;an trabajando desde hace tiempo y conformaron un equipo interesante, integrado por personas de diferentes sectores de la localidad, [&hellip;]\" \/>\n<meta property=\"og:url\" content=\"https:\/\/informelitoral.com.ar\/opinion-por-que-perdio-el-pj-nuevamente-en-isletas\/\" \/>\n<meta property=\"og:site_name\" content=\"Informe Litoral\" \/>\n<meta property=\"article:publisher\" content=\"https:\/\/www.facebook.com\/informelitoral\/\" \/>\n<meta property=\"article:published_time\" content=\"2015-10-26T12:25:46+00:00\" \/>\n<meta property=\"article:modified_time\" content=\"2019-11-26T11:55:44+00:00\" \/>\n<meta property=\"og:image\" content=\"https:\/\/informelitoral.com.ar\/%77%70%2d%63%6f%6e%74%65%6e%74\/uploads\/2015\/10\/556733_438047556214224_1034565815_n.jpg\" \/>\n\t<meta property=\"og:image:width\" content=\"720\" \/>\n\t<meta property=\"og:image:height\" content=\"960\" \/>\n\t<meta property=\"og:image:type\" content=\"image\/jpeg\" \/>\n<meta name=\"author\" content=\"Gonzalo Schmidt\" \/>\n<meta name=\"twitter:card\" content=\"summary_large_image\" \/>\n<meta name=\"twitter:creator\" content=\"@InformeLitoral\" \/>\n<meta name=\"twitter:site\" content=\"@InformeLitoral\" \/>\n<meta name=\"twitter:label1\" content=\"Escrito por\" \/>\n\t<meta name=\"twitter:data1\" content=\"Gonzalo Schmidt\" \/>\n\t<meta name=\"twitter:label2\" content=\"Tiempo de lectura\" \/>\n\t<meta name=\"twitter:data2\" content=\"3 minutos\" \/>\n<script type=\"application\/ld+json\" class=\"yoast-schema-graph\">{\"@context\":\"https:\\\/\\\/schema.org\",\"@graph\":[{\"@type\":\"Article\",\"@id\":\"https:\\\/\\\/informelitoral.com.ar\\\/opinion-por-que-perdio-el-pj-nuevamente-en-isletas\\\/#article\",\"isPartOf\":{\"@id\":\"https:\\\/\\\/informelitoral.com.ar\\\/opinion-por-que-perdio-el-pj-nuevamente-en-isletas\\\/\"},\"author\":{\"name\":\"Gonzalo Schmidt\",\"@id\":\"https:\\\/\\\/informelitoral.com.ar\\\/#\\\/schema\\\/person\\\/b9d00407c836482871ef1d57bf8e3180\"},\"headline\":\"Opini\u00f3n: \u00bfPor qu\u00e9 perdi\u00f3 el PJ nuevamente en Isletas?\",\"datePublished\":\"2015-10-26T12:25:46+00:00\",\"dateModified\":\"2019-11-26T11:55:44+00:00\",\"mainEntityOfPage\":{\"@id\":\"https:\\\/\\\/informelitoral.com.ar\\\/opinion-por-que-perdio-el-pj-nuevamente-en-isletas\\\/\"},\"wordCount\":532,\"commentCount\":0,\"publisher\":{\"@id\":\"https:\\\/\\\/informelitoral.com.ar\\\/#organization\"},\"image\":{\"@id\":\"https:\\\/\\\/informelitoral.com.ar\\\/opinion-por-que-perdio-el-pj-nuevamente-en-isletas\\\/#primaryimage\"},\"thumbnailUrl\":\"http:\\\/\\\/www.isletasnoticias.com.ar\\\/%77%70%2d%63%6f%6e%74%65%6e%74\\\/uploads\\\/2015\\\/10\\\/556733_438047556214224_1034565815_n-150x150.jpg\",\"keywords\":[\"Gonzalo Schmidt\",\"Isletas\",\"Luis Ch\u00e9mez\",\"Opini\u00f3n\",\"PJ\",\"Ra\u00fal Ch\u00e9mez\"],\"articleSection\":[\"Isletas\",\"Opini\u00f3n\"],\"inLanguage\":\"es\",\"potentialAction\":[{\"@type\":\"CommentAction\",\"name\":\"Comment\",\"target\":[\"https:\\\/\\\/informelitoral.com.ar\\\/opinion-por-que-perdio-el-pj-nuevamente-en-isletas\\\/#respond\"]}]},{\"@type\":\"WebPage\",\"@id\":\"https:\\\/\\\/informelitoral.com.ar\\\/opinion-por-que-perdio-el-pj-nuevamente-en-isletas\\\/\",\"url\":\"https:\\\/\\\/informelitoral.com.ar\\\/opinion-por-que-perdio-el-pj-nuevamente-en-isletas\\\/\",\"name\":\"Opini\u00f3n: \u00bfPor qu\u00e9 perdi\u00f3 el PJ nuevamente en Isletas? - Informe Litoral\",\"isPartOf\":{\"@id\":\"https:\\\/\\\/informelitoral.com.ar\\\/#website\"},\"primaryImageOfPage\":{\"@id\":\"https:\\\/\\\/informelitoral.com.ar\\\/opinion-por-que-perdio-el-pj-nuevamente-en-isletas\\\/#primaryimage\"},\"image\":{\"@id\":\"https:\\\/\\\/informelitoral.com.ar\\\/opinion-por-que-perdio-el-pj-nuevamente-en-isletas\\\/#primaryimage\"},\"thumbnailUrl\":\"http:\\\/\\\/www.isletasnoticias.com.ar\\\/%77%70%2d%63%6f%6e%74%65%6e%74\\\/uploads\\\/2015\\\/10\\\/556733_438047556214224_1034565815_n-150x150.jpg\",\"datePublished\":\"2015-10-26T12:25:46+00:00\",\"dateModified\":\"2019-11-26T11:55:44+00:00\",\"breadcrumb\":{\"@id\":\"https:\\\/\\\/informelitoral.com.ar\\\/opinion-por-que-perdio-el-pj-nuevamente-en-isletas\\\/#breadcrumb\"},\"inLanguage\":\"es\",\"potentialAction\":[{\"@type\":\"ReadAction\",\"target\":[\"https:\\\/\\\/informelitoral.com.ar\\\/opinion-por-que-perdio-el-pj-nuevamente-en-isletas\\\/\"]}]},{\"@type\":\"ImageObject\",\"inLanguage\":\"es\",\"@id\":\"https:\\\/\\\/informelitoral.com.ar\\\/opinion-por-que-perdio-el-pj-nuevamente-en-isletas\\\/#primaryimage\",\"url\":\"http:\\\/\\\/www.isletasnoticias.com.ar\\\/%77%70%2d%63%6f%6e%74%65%6e%74\\\/uploads\\\/2015\\\/10\\\/556733_438047556214224_1034565815_n-150x150.jpg\",\"contentUrl\":\"http:\\\/\\\/www.isletasnoticias.com.ar\\\/%77%70%2d%63%6f%6e%74%65%6e%74\\\/uploads\\\/2015\\\/10\\\/556733_438047556214224_1034565815_n-150x150.jpg\"},{\"@type\":\"BreadcrumbList\",\"@id\":\"https:\\\/\\\/informelitoral.com.ar\\\/opinion-por-que-perdio-el-pj-nuevamente-en-isletas\\\/#breadcrumb\",\"itemListElement\":[{\"@type\":\"ListItem\",\"position\":1,\"name\":\"Portada\",\"item\":\"https:\\\/\\\/informelitoral.com.ar\\\/\"},{\"@type\":\"ListItem\",\"position\":2,\"name\":\"Opini\u00f3n: \u00bfPor qu\u00e9 perdi\u00f3 el PJ nuevamente en Isletas?\"}]},{\"@type\":\"WebSite\",\"@id\":\"https:\\\/\\\/informelitoral.com.ar\\\/#website\",\"url\":\"https:\\\/\\\/informelitoral.com.ar\\\/\",\"name\":\"Informe Litoral\",\"description\":\"&quot;Nos informamos&quot; \",\"publisher\":{\"@id\":\"https:\\\/\\\/informelitoral.com.ar\\\/#organization\"},\"potentialAction\":[{\"@type\":\"SearchAction\",\"target\":{\"@type\":\"EntryPoint\",\"urlTemplate\":\"https:\\\/\\\/informelitoral.com.ar\\\/?s={search_term_string}\"},\"query-input\":{\"@type\":\"PropertyValueSpecification\",\"valueRequired\":true,\"valueName\":\"search_term_string\"}}],\"inLanguage\":\"es\"},{\"@type\":\"Organization\",\"@id\":\"https:\\\/\\\/informelitoral.com.ar\\\/#organization\",\"name\":\"Informe Litoral\",\"url\":\"https:\\\/\\\/informelitoral.com.ar\\\/\",\"logo\":{\"@type\":\"ImageObject\",\"inLanguage\":\"es\",\"@id\":\"https:\\\/\\\/informelitoral.com.ar\\\/#\\\/schema\\\/logo\\\/image\\\/\",\"url\":\"https:\\\/\\\/informelitoral.com.ar\\\/%77%70%2d%63%6f%6e%74%65%6e%74\\\/uploads\\\/2021\\\/01\\\/circulo.png\",\"contentUrl\":\"https:\\\/\\\/informelitoral.com.ar\\\/%77%70%2d%63%6f%6e%74%65%6e%74\\\/uploads\\\/2021\\\/01\\\/circulo.png\",\"width\":723,\"height\":731,\"caption\":\"Informe Litoral\"},\"image\":{\"@id\":\"https:\\\/\\\/informelitoral.com.ar\\\/#\\\/schema\\\/logo\\\/image\\\/\"},\"sameAs\":[\"https:\\\/\\\/www.facebook.com\\\/informelitoral\\\/\",\"https:\\\/\\\/x.com\\\/InformeLitoral\",\"https:\\\/\\\/www.instagram.com\\\/informelitoral\\\/\",\"https:\\\/\\\/www.youtube.com\\\/channel\\\/UCua4Qvz8Icb6MYqhoq9xLXw\"]},{\"@type\":\"Person\",\"@id\":\"https:\\\/\\\/informelitoral.com.ar\\\/#\\\/schema\\\/person\\\/b9d00407c836482871ef1d57bf8e3180\",\"name\":\"Gonzalo Schmidt\",\"image\":{\"@type\":\"ImageObject\",\"inLanguage\":\"es\",\"@id\":\"https:\\\/\\\/secure.gravatar.com\\\/avatar\\\/31a1a7b66ff2de83bd0e9fd79d026630d2d99e55e8bfe501287647b4fd9743de?s=96&d=mm&r=g\",\"url\":\"https:\\\/\\\/secure.gravatar.com\\\/avatar\\\/31a1a7b66ff2de83bd0e9fd79d026630d2d99e55e8bfe501287647b4fd9743de?s=96&d=mm&r=g\",\"contentUrl\":\"https:\\\/\\\/secure.gravatar.com\\\/avatar\\\/31a1a7b66ff2de83bd0e9fd79d026630d2d99e55e8bfe501287647b4fd9743de?s=96&d=mm&r=g\",\"caption\":\"Gonzalo Schmidt\"},\"description\":\"Sitio web de noticias de la provincia de Entre R\u00edos, Argentina. Informaci\u00f3n y entretenimiento. Informe Litoral, nos informamos.\",\"sameAs\":[\"http:\\\/\\\/www.isletasnoticias.com.ar\"],\"url\":\"https:\\\/\\\/informelitoral.com.ar\\\/author\\\/gonzalo\\\/\"}]}<\/script>","yoast_head_json":{"title":"Opini\u00f3n: \u00bfPor qu\u00e9 perdi\u00f3 el PJ nuevamente en Isletas? - Informe Litoral","robots":{"index":"index","follow":"follow","max-snippet":"max-snippet:-1","max-image-preview":"max-image-preview:large","max-video-preview":"max-video-preview:-1"},"canonical":"https:\/\/informelitoral.com.ar\/opinion-por-que-perdio-el-pj-nuevamente-en-isletas\/","og_locale":"es_ES","og_type":"article","og_title":"Opini\u00f3n: \u00bfPor qu\u00e9 perdi\u00f3 el PJ nuevamente en Isletas? - Informe Litoral","og_description":"*Por Gonzalo Schmidt Ante un triunfo o una derrota electoral, generalmente no es un &uacute;nico factor el que influye. En este caso, muchos se preguntar&aacute;n porqu&eacute; perdi&oacute; nuevamente el justicialismo en Isletas, teniendo en cuenta que ven&iacute;an trabajando desde hace tiempo y conformaron un equipo interesante, integrado por personas de diferentes sectores de la localidad, [&hellip;]","og_url":"https:\/\/informelitoral.com.ar\/opinion-por-que-perdio-el-pj-nuevamente-en-isletas\/","og_site_name":"Informe Litoral","article_publisher":"https:\/\/www.facebook.com\/informelitoral\/","article_published_time":"2015-10-26T12:25:46+00:00","article_modified_time":"2019-11-26T11:55:44+00:00","og_image":[{"width":720,"height":960,"url":"https:\/\/informelitoral.com.ar\/%77%70%2d%63%6f%6e%74%65%6e%74\/uploads\/2015\/10\/556733_438047556214224_1034565815_n.jpg","type":"image\/jpeg"}],"author":"Gonzalo Schmidt","twitter_card":"summary_large_image","twitter_creator":"@InformeLitoral","twitter_site":"@InformeLitoral","twitter_misc":{"Escrito por":"Gonzalo Schmidt","Tiempo de lectura":"3 minutos"},"schema":{"@context":"https:\/\/schema.org","@graph":[{"@type":"Article","@id":"https:\/\/informelitoral.com.ar\/opinion-por-que-perdio-el-pj-nuevamente-en-isletas\/#article","isPartOf":{"@id":"https:\/\/informelitoral.com.ar\/opinion-por-que-perdio-el-pj-nuevamente-en-isletas\/"},"author":{"name":"Gonzalo Schmidt","@id":"https:\/\/informelitoral.com.ar\/#\/schema\/person\/b9d00407c836482871ef1d57bf8e3180"},"headline":"Opini\u00f3n: \u00bfPor qu\u00e9 perdi\u00f3 el PJ nuevamente en Isletas?","datePublished":"2015-10-26T12:25:46+00:00","dateModified":"2019-11-26T11:55:44+00:00","mainEntityOfPage":{"@id":"https:\/\/informelitoral.com.ar\/opinion-por-que-perdio-el-pj-nuevamente-en-isletas\/"},"wordCount":532,"commentCount":0,"publisher":{"@id":"https:\/\/informelitoral.com.ar\/#organization"},"image":{"@id":"https:\/\/informelitoral.com.ar\/opinion-por-que-perdio-el-pj-nuevamente-en-isletas\/#primaryimage"},"thumbnailUrl":"http:\/\/www.isletasnoticias.com.ar\/%77%70%2d%63%6f%6e%74%65%6e%74\/uploads\/2015\/10\/556733_438047556214224_1034565815_n-150x150.jpg","keywords":["Gonzalo Schmidt","Isletas","Luis Ch\u00e9mez","Opini\u00f3n","PJ","Ra\u00fal Ch\u00e9mez"],"articleSection":["Isletas","Opini\u00f3n"],"inLanguage":"es","potentialAction":[{"@type":"CommentAction","name":"Comment","target":["https:\/\/informelitoral.com.ar\/opinion-por-que-perdio-el-pj-nuevamente-en-isletas\/#respond"]}]},{"@type":"WebPage","@id":"https:\/\/informelitoral.com.ar\/opinion-por-que-perdio-el-pj-nuevamente-en-isletas\/","url":"https:\/\/informelitoral.com.ar\/opinion-por-que-perdio-el-pj-nuevamente-en-isletas\/","name":"Opini\u00f3n: \u00bfPor qu\u00e9 perdi\u00f3 el PJ nuevamente en Isletas? - Informe Litoral","isPartOf":{"@id":"https:\/\/informelitoral.com.ar\/#website"},"primaryImageOfPage":{"@id":"https:\/\/informelitoral.com.ar\/opinion-por-que-perdio-el-pj-nuevamente-en-isletas\/#primaryimage"},"image":{"@id":"https:\/\/informelitoral.com.ar\/opinion-por-que-perdio-el-pj-nuevamente-en-isletas\/#primaryimage"},"thumbnailUrl":"http:\/\/www.isletasnoticias.com.ar\/%77%70%2d%63%6f%6e%74%65%6e%74\/uploads\/2015\/10\/556733_438047556214224_1034565815_n-150x150.jpg","datePublished":"2015-10-26T12:25:46+00:00","dateModified":"2019-11-26T11:55:44+00:00","breadcrumb":{"@id":"https:\/\/informelitoral.com.ar\/opinion-por-que-perdio-el-pj-nuevamente-en-isletas\/#breadcrumb"},"inLanguage":"es","potentialAction":[{"@type":"ReadAction","target":["https:\/\/informelitoral.com.ar\/opinion-por-que-perdio-el-pj-nuevamente-en-isletas\/"]}]},{"@type":"ImageObject","inLanguage":"es","@id":"https:\/\/informelitoral.com.ar\/opinion-por-que-perdio-el-pj-nuevamente-en-isletas\/#primaryimage","url":"http:\/\/www.isletasnoticias.com.ar\/%77%70%2d%63%6f%6e%74%65%6e%74\/uploads\/2015\/10\/556733_438047556214224_1034565815_n-150x150.jpg","contentUrl":"http:\/\/www.isletasnoticias.com.ar\/%77%70%2d%63%6f%6e%74%65%6e%74\/uploads\/2015\/10\/556733_438047556214224_1034565815_n-150x150.jpg"},{"@type":"BreadcrumbList","@id":"https:\/\/informelitoral.com.ar\/opinion-por-que-perdio-el-pj-nuevamente-en-isletas\/#breadcrumb","itemListElement":[{"@type":"ListItem","position":1,"name":"Portada","item":"https:\/\/informelitoral.com.ar\/"},{"@type":"ListItem","position":2,"name":"Opini\u00f3n: \u00bfPor qu\u00e9 perdi\u00f3 el PJ nuevamente en Isletas?"}]},{"@type":"WebSite","@id":"https:\/\/informelitoral.com.ar\/#website","url":"https:\/\/informelitoral.com.ar\/","name":"Informe Litoral","description":"&quot;Nos informamos&quot; ","publisher":{"@id":"https:\/\/informelitoral.com.ar\/#organization"},"potentialAction":[{"@type":"SearchAction","target":{"@type":"EntryPoint","urlTemplate":"https:\/\/informelitoral.com.ar\/?s={search_term_string}"},"query-input":{"@type":"PropertyValueSpecification","valueRequired":true,"valueName":"search_term_string"}}],"inLanguage":"es"},{"@type":"Organization","@id":"https:\/\/informelitoral.com.ar\/#organization","name":"Informe Litoral","url":"https:\/\/informelitoral.com.ar\/","logo":{"@type":"ImageObject","inLanguage":"es","@id":"https:\/\/informelitoral.com.ar\/#\/schema\/logo\/image\/","url":"https:\/\/informelitoral.com.ar\/%77%70%2d%63%6f%6e%74%65%6e%74\/uploads\/2021\/01\/circulo.png","contentUrl":"https:\/\/informelitoral.com.ar\/%77%70%2d%63%6f%6e%74%65%6e%74\/uploads\/2021\/01\/circulo.png","width":723,"height":731,"caption":"Informe Litoral"},"image":{"@id":"https:\/\/informelitoral.com.ar\/#\/schema\/logo\/image\/"},"sameAs":["https:\/\/www.facebook.com\/informelitoral\/","https:\/\/x.com\/InformeLitoral","https:\/\/www.instagram.com\/informelitoral\/","https:\/\/www.youtube.com\/channel\/UCua4Qvz8Icb6MYqhoq9xLXw"]},{"@type":"Person","@id":"https:\/\/informelitoral.com.ar\/#\/schema\/person\/b9d00407c836482871ef1d57bf8e3180","name":"Gonzalo Schmidt","image":{"@type":"ImageObject","inLanguage":"es","@id":"https:\/\/secure.gravatar.com\/avatar\/31a1a7b66ff2de83bd0e9fd79d026630d2d99e55e8bfe501287647b4fd9743de?s=96&d=mm&r=g","url":"https:\/\/secure.gravatar.com\/avatar\/31a1a7b66ff2de83bd0e9fd79d026630d2d99e55e8bfe501287647b4fd9743de?s=96&d=mm&r=g","contentUrl":"https:\/\/secure.gravatar.com\/avatar\/31a1a7b66ff2de83bd0e9fd79d026630d2d99e55e8bfe501287647b4fd9743de?s=96&d=mm&r=g","caption":"Gonzalo Schmidt"},"description":"Sitio web de noticias de la provincia de Entre R\u00edos, Argentina. Informaci\u00f3n y entretenimiento. Informe Litoral, nos informamos.","sameAs":["http:\/\/www.isletasnoticias.com.ar"],"url":"https:\/\/informelitoral.com.ar\/author\/gonzalo\/"}]}},"_links":{"self":[{"href":"https:\/\/informelitoral.com.ar\/%77%70%2d%6a%73%6f%6e\/wp\/v2\/posts\/12348","targetHints":{"allow":["GET"]}}],"collection":[{"href":"https:\/\/informelitoral.com.ar\/%77%70%2d%6a%73%6f%6e\/wp\/v2\/posts"}],"about":[{"href":"https:\/\/informelitoral.com.ar\/%77%70%2d%6a%73%6f%6e\/wp\/v2\/types\/post"}],"author":[{"embeddable":true,"href":"https:\/\/informelitoral.com.ar\/%77%70%2d%6a%73%6f%6e\/wp\/v2\/users\/2"}],"replies":[{"embeddable":true,"href":"https:\/\/informelitoral.com.ar\/%77%70%2d%6a%73%6f%6e\/wp\/v2\/comments?post=12348"}],"version-history":[{"count":0,"href":"https:\/\/informelitoral.com.ar\/%77%70%2d%6a%73%6f%6e\/wp\/v2\/posts\/12348\/revisions"}],"wp:attachment":[{"href":"https:\/\/informelitoral.com.ar\/%77%70%2d%6a%73%6f%6e\/wp\/v2\/media?parent=12348"}],"wp:term":[{"taxonomy":"category","embeddable":true,"href":"https:\/\/informelitoral.com.ar\/%77%70%2d%6a%73%6f%6e\/wp\/v2\/categories?post=12348"},{"taxonomy":"post_tag","embeddable":true,"href":"https:\/\/informelitoral.com.ar\/%77%70%2d%6a%73%6f%6e\/wp\/v2\/tags?post=12348"}],"curies":[{"name":"wp","href":"https:\/\/api.w.org\/{rel}","templated":true}]}}