{"id":12341,"date":"2015-10-26T12:32:21","date_gmt":"2015-10-26T15:32:21","guid":{"rendered":"http:\/\/www.isletasnoticias.com.ar\/?p=12341"},"modified":"2015-10-26T12:44:44","modified_gmt":"2015-10-26T15:44:44","slug":"isletas-alcides-wolf-festejo-junto-a-gustavo-vergara-en-ramirez","status":"publish","type":"post","link":"https:\/\/informelitoral.com.ar\/isletas-alcides-wolf-festejo-junto-a-gustavo-vergara-en-ramirez\/","title":{"rendered":"Isletas: Alcides Wolf festej\u00f3 junto a Gustavo Vergara en Ram\u00edrez"},"content":{"rendered":"<p><strong>El electo presidente de la Junta de Gobierno por Cambiemos, celebr\u00f3 junto a su equipo y militantes en la localidad. Luego viajaron a Ram\u00edrez para seguir festejando junto a quien ser\u00e1 el intendente a partir del 10 de diciembre. Como en la campa\u00f1a, muestran uni\u00f3n y prometen trabajo en conjunto.\u00a0<a href=\"http:\/\/www.isletasnoticias.com.ar\/%77%70%2d%63%6f%6e%74%65%6e%74\/uploads\/2015\/10\/3.jpg\"><img loading=\"lazy\" decoding=\"async\" class=\"aligncenter size-full wp-image-12342\" src=\"http:\/\/www.isletasnoticias.com.ar\/%77%70%2d%63%6f%6e%74%65%6e%74\/uploads\/2015\/10\/3.jpg\" alt=\"3\" width=\"960\" height=\"539\" srcset=\"https:\/\/informelitoral.com.ar\/%77%70%2d%63%6f%6e%74%65%6e%74\/uploads\/2015\/10\/3.jpg 960w, https:\/\/informelitoral.com.ar\/%77%70%2d%63%6f%6e%74%65%6e%74\/uploads\/2015\/10\/3-300x168.jpg 300w\" sizes=\"auto, (max-width: 960px) 100vw, 960px\" \/><\/a><\/strong><\/p>\n<p>Tras conocerse los resultados en la Escuela N\u00b0 14, Hip\u00f3lito Vieytes de esta localidad del departamento Diamante, donde se impuso Cambiemos por 53 votos por sobre el justicialismo, el flamante jefe comunal, <strong>Alcides Wolf<\/strong>, encabez\u00f3 una caravana junto a su equipo y militantes radicales.<\/p>\n<figure id=\"attachment_12343\" aria-describedby=\"caption-attachment-12343\" style=\"width: 300px\" class=\"wp-caption alignright\"><a href=\"http:\/\/www.isletasnoticias.com.ar\/%77%70%2d%63%6f%6e%74%65%6e%74\/uploads\/2015\/10\/1.jpg\"><img loading=\"lazy\" decoding=\"async\" class=\"wp-image-12343 size-medium\" src=\"http:\/\/www.isletasnoticias.com.ar\/%77%70%2d%63%6f%6e%74%65%6e%74\/uploads\/2015\/10\/1-300x168.jpg\" alt=\"1\" width=\"300\" height=\"168\" srcset=\"https:\/\/informelitoral.com.ar\/%77%70%2d%63%6f%6e%74%65%6e%74\/uploads\/2015\/10\/1-300x168.jpg 300w, https:\/\/informelitoral.com.ar\/%77%70%2d%63%6f%6e%74%65%6e%74\/uploads\/2015\/10\/1.jpg 960w\" sizes=\"auto, (max-width: 300px) 100vw, 300px\" \/><\/a><figcaption id=\"caption-attachment-12343\" class=\"wp-caption-text\">Alcides Wolf, junto a Gustavo Vergara y Hern\u00e1n Muller.<\/figcaption><\/figure>\n<p>Frente a la sede de la Junta de Gobierno, se tomaron una foto y continuaron los festejos en Gral. Ram\u00edrez, junto al intendente electo, <strong>Gustavo Vergara<\/strong> y el flamante presidente de la Junta de Gobierno de Camps, <strong>Hern\u00e1n Muller<\/strong>.<\/p>\n<p>Como lo hicieron durante la campa\u00f1a, muestran uni\u00f3n y se comprometieron a trabajar en conjunto con los electos jefes comunales por la misma alianza, en Costa Grande, Camps y los futuros intendentes de Ram\u00edrez, Crespo y Diamante, ciudades m\u00e1s cercanas a Isletas.<\/p>\n<p>Sin embargo, tampoco le cierran la puerta a la oposici\u00f3n isletense, ya que el propio integrante de la Juventud Radical en la lista de Wolf, <strong>Lucas Eichmann<\/strong>, poste\u00f3 en Facebook que \u00abnuestro gobierno ser\u00e1 amplio y dialoguista\u00bb. <em>(IN)\u00a0<\/em><\/p>\n","protected":false},"excerpt":{"rendered":"<p>El electo presidente de la Junta de Gobierno por Cambiemos, celebr&oacute; junto a su equipo y militantes en la localidad. Luego viajaron a Ram&iacute;rez para seguir festejando junto a quien ser&aacute; el intendente a partir del 10 de diciembre. Como en la campa&ntilde;a, muestran uni&oacute;n y prometen trabajo en conjunto.&nbsp; Tras conocerse los resultados en [&hellip;]<\/p>\n","protected":false},"author":2,"featured_media":0,"comment_status":"open","ping_status":"open","sticky":false,"template":"","format":"standard","meta":{"fifu_image_url":"","fifu_image_alt":"","footnotes":""},"categories":[5,16],"tags":[],"class_list":{"0":"post-12341","1":"post","2":"type-post","3":"status-publish","4":"format-standard","6":"category-zonales","7":"category-politi"},"yoast_head":"<title>Isletas: Alcides Wolf festej\u00f3 junto a Gustavo Vergara en Ram\u00edrez - Informe Litoral<\/title>\n<meta name=\"robots\" content=\"index, follow, max-snippet:-1, max-image-preview:large, max-video-preview:-1\" \/>\n<link rel=\"canonical\" href=\"https:\/\/informelitoral.com.ar\/isletas-alcides-wolf-festejo-junto-a-gustavo-vergara-en-ramirez\/\" \/>\n<meta property=\"og:locale\" content=\"es_ES\" \/>\n<meta property=\"og:type\" content=\"article\" \/>\n<meta property=\"og:title\" content=\"Isletas: Alcides Wolf festej\u00f3 junto a Gustavo Vergara en Ram\u00edrez - Informe Litoral\" \/>\n<meta property=\"og:description\" content=\"El electo presidente de la Junta de Gobierno por Cambiemos, celebr&oacute; junto a su equipo y militantes en la localidad. Luego viajaron a Ram&iacute;rez para seguir festejando junto a quien ser&aacute; el intendente a partir del 10 de diciembre. Como en la campa&ntilde;a, muestran uni&oacute;n y prometen trabajo en conjunto.&nbsp; Tras conocerse los resultados en [&hellip;]\" \/>\n<meta property=\"og:url\" content=\"https:\/\/informelitoral.com.ar\/isletas-alcides-wolf-festejo-junto-a-gustavo-vergara-en-ramirez\/\" \/>\n<meta property=\"og:site_name\" content=\"Informe Litoral\" \/>\n<meta property=\"article:publisher\" content=\"https:\/\/www.facebook.com\/informelitoral\/\" \/>\n<meta property=\"article:published_time\" content=\"2015-10-26T15:32:21+00:00\" \/>\n<meta property=\"article:modified_time\" content=\"2015-10-26T15:44:44+00:00\" \/>\n<meta property=\"og:image\" content=\"https:\/\/informelitoral.com.ar\/%77%70%2d%63%6f%6e%74%65%6e%74\/uploads\/2015\/10\/3.jpg\" \/>\n\t<meta property=\"og:image:width\" content=\"960\" \/>\n\t<meta property=\"og:image:height\" content=\"539\" \/>\n\t<meta property=\"og:image:type\" content=\"image\/jpeg\" \/>\n<meta name=\"author\" content=\"Gonzalo Schmidt\" \/>\n<meta name=\"twitter:card\" content=\"summary_large_image\" \/>\n<meta name=\"twitter:creator\" content=\"@InformeLitoral\" \/>\n<meta name=\"twitter:site\" content=\"@InformeLitoral\" \/>\n<meta name=\"twitter:label1\" content=\"Escrito por\" \/>\n\t<meta name=\"twitter:data1\" content=\"Gonzalo Schmidt\" \/>\n\t<meta name=\"twitter:label2\" content=\"Tiempo de lectura\" \/>\n\t<meta name=\"twitter:data2\" content=\"1 minuto\" \/>\n<script type=\"application\/ld+json\" class=\"yoast-schema-graph\">{\"@context\":\"https:\\\/\\\/schema.org\",\"@graph\":[{\"@type\":\"Article\",\"@id\":\"https:\\\/\\\/informelitoral.com.ar\\\/isletas-alcides-wolf-festejo-junto-a-gustavo-vergara-en-ramirez\\\/#article\",\"isPartOf\":{\"@id\":\"https:\\\/\\\/informelitoral.com.ar\\\/isletas-alcides-wolf-festejo-junto-a-gustavo-vergara-en-ramirez\\\/\"},\"author\":{\"name\":\"Gonzalo Schmidt\",\"@id\":\"https:\\\/\\\/informelitoral.com.ar\\\/#\\\/schema\\\/person\\\/b9d00407c836482871ef1d57bf8e3180\"},\"headline\":\"Isletas: Alcides Wolf festej\u00f3 junto a Gustavo Vergara en Ram\u00edrez\",\"datePublished\":\"2015-10-26T15:32:21+00:00\",\"dateModified\":\"2015-10-26T15:44:44+00:00\",\"mainEntityOfPage\":{\"@id\":\"https:\\\/\\\/informelitoral.com.ar\\\/isletas-alcides-wolf-festejo-junto-a-gustavo-vergara-en-ramirez\\\/\"},\"wordCount\":249,\"commentCount\":0,\"publisher\":{\"@id\":\"https:\\\/\\\/informelitoral.com.ar\\\/#organization\"},\"image\":{\"@id\":\"https:\\\/\\\/informelitoral.com.ar\\\/isletas-alcides-wolf-festejo-junto-a-gustavo-vergara-en-ramirez\\\/#primaryimage\"},\"thumbnailUrl\":\"http:\\\/\\\/www.isletasnoticias.com.ar\\\/%77%70%2d%63%6f%6e%74%65%6e%74\\\/uploads\\\/2015\\\/10\\\/3.jpg\",\"articleSection\":[\"Departamento Diamante\",\"Politica\"],\"inLanguage\":\"es\",\"potentialAction\":[{\"@type\":\"CommentAction\",\"name\":\"Comment\",\"target\":[\"https:\\\/\\\/informelitoral.com.ar\\\/isletas-alcides-wolf-festejo-junto-a-gustavo-vergara-en-ramirez\\\/#respond\"]}]},{\"@type\":\"WebPage\",\"@id\":\"https:\\\/\\\/informelitoral.com.ar\\\/isletas-alcides-wolf-festejo-junto-a-gustavo-vergara-en-ramirez\\\/\",\"url\":\"https:\\\/\\\/informelitoral.com.ar\\\/isletas-alcides-wolf-festejo-junto-a-gustavo-vergara-en-ramirez\\\/\",\"name\":\"Isletas: Alcides Wolf festej\u00f3 junto a Gustavo Vergara en Ram\u00edrez - Informe Litoral\",\"isPartOf\":{\"@id\":\"https:\\\/\\\/informelitoral.com.ar\\\/#website\"},\"primaryImageOfPage\":{\"@id\":\"https:\\\/\\\/informelitoral.com.ar\\\/isletas-alcides-wolf-festejo-junto-a-gustavo-vergara-en-ramirez\\\/#primaryimage\"},\"image\":{\"@id\":\"https:\\\/\\\/informelitoral.com.ar\\\/isletas-alcides-wolf-festejo-junto-a-gustavo-vergara-en-ramirez\\\/#primaryimage\"},\"thumbnailUrl\":\"http:\\\/\\\/www.isletasnoticias.com.ar\\\/%77%70%2d%63%6f%6e%74%65%6e%74\\\/uploads\\\/2015\\\/10\\\/3.jpg\",\"datePublished\":\"2015-10-26T15:32:21+00:00\",\"dateModified\":\"2015-10-26T15:44:44+00:00\",\"breadcrumb\":{\"@id\":\"https:\\\/\\\/informelitoral.com.ar\\\/isletas-alcides-wolf-festejo-junto-a-gustavo-vergara-en-ramirez\\\/#breadcrumb\"},\"inLanguage\":\"es\",\"potentialAction\":[{\"@type\":\"ReadAction\",\"target\":[\"https:\\\/\\\/informelitoral.com.ar\\\/isletas-alcides-wolf-festejo-junto-a-gustavo-vergara-en-ramirez\\\/\"]}]},{\"@type\":\"ImageObject\",\"inLanguage\":\"es\",\"@id\":\"https:\\\/\\\/informelitoral.com.ar\\\/isletas-alcides-wolf-festejo-junto-a-gustavo-vergara-en-ramirez\\\/#primaryimage\",\"url\":\"http:\\\/\\\/www.isletasnoticias.com.ar\\\/%77%70%2d%63%6f%6e%74%65%6e%74\\\/uploads\\\/2015\\\/10\\\/3.jpg\",\"contentUrl\":\"http:\\\/\\\/www.isletasnoticias.com.ar\\\/%77%70%2d%63%6f%6e%74%65%6e%74\\\/uploads\\\/2015\\\/10\\\/3.jpg\"},{\"@type\":\"BreadcrumbList\",\"@id\":\"https:\\\/\\\/informelitoral.com.ar\\\/isletas-alcides-wolf-festejo-junto-a-gustavo-vergara-en-ramirez\\\/#breadcrumb\",\"itemListElement\":[{\"@type\":\"ListItem\",\"position\":1,\"name\":\"Portada\",\"item\":\"https:\\\/\\\/informelitoral.com.ar\\\/\"},{\"@type\":\"ListItem\",\"position\":2,\"name\":\"Isletas: Alcides Wolf festej\u00f3 junto a Gustavo Vergara en Ram\u00edrez\"}]},{\"@type\":\"WebSite\",\"@id\":\"https:\\\/\\\/informelitoral.com.ar\\\/#website\",\"url\":\"https:\\\/\\\/informelitoral.com.ar\\\/\",\"name\":\"Informe Litoral\",\"description\":\"&quot;Nos informamos&quot; \",\"publisher\":{\"@id\":\"https:\\\/\\\/informelitoral.com.ar\\\/#organization\"},\"potentialAction\":[{\"@type\":\"SearchAction\",\"target\":{\"@type\":\"EntryPoint\",\"urlTemplate\":\"https:\\\/\\\/informelitoral.com.ar\\\/?s={search_term_string}\"},\"query-input\":{\"@type\":\"PropertyValueSpecification\",\"valueRequired\":true,\"valueName\":\"search_term_string\"}}],\"inLanguage\":\"es\"},{\"@type\":\"Organization\",\"@id\":\"https:\\\/\\\/informelitoral.com.ar\\\/#organization\",\"name\":\"Informe Litoral\",\"url\":\"https:\\\/\\\/informelitoral.com.ar\\\/\",\"logo\":{\"@type\":\"ImageObject\",\"inLanguage\":\"es\",\"@id\":\"https:\\\/\\\/informelitoral.com.ar\\\/#\\\/schema\\\/logo\\\/image\\\/\",\"url\":\"https:\\\/\\\/informelitoral.com.ar\\\/%77%70%2d%63%6f%6e%74%65%6e%74\\\/uploads\\\/2021\\\/01\\\/circulo.png\",\"contentUrl\":\"https:\\\/\\\/informelitoral.com.ar\\\/%77%70%2d%63%6f%6e%74%65%6e%74\\\/uploads\\\/2021\\\/01\\\/circulo.png\",\"width\":723,\"height\":731,\"caption\":\"Informe Litoral\"},\"image\":{\"@id\":\"https:\\\/\\\/informelitoral.com.ar\\\/#\\\/schema\\\/logo\\\/image\\\/\"},\"sameAs\":[\"https:\\\/\\\/www.facebook.com\\\/informelitoral\\\/\",\"https:\\\/\\\/x.com\\\/InformeLitoral\",\"https:\\\/\\\/www.instagram.com\\\/informelitoral\\\/\",\"https:\\\/\\\/www.youtube.com\\\/channel\\\/UCua4Qvz8Icb6MYqhoq9xLXw\"]},{\"@type\":\"Person\",\"@id\":\"https:\\\/\\\/informelitoral.com.ar\\\/#\\\/schema\\\/person\\\/b9d00407c836482871ef1d57bf8e3180\",\"name\":\"Gonzalo Schmidt\",\"image\":{\"@type\":\"ImageObject\",\"inLanguage\":\"es\",\"@id\":\"https:\\\/\\\/secure.gravatar.com\\\/avatar\\\/31a1a7b66ff2de83bd0e9fd79d026630d2d99e55e8bfe501287647b4fd9743de?s=96&d=mm&r=g\",\"url\":\"https:\\\/\\\/secure.gravatar.com\\\/avatar\\\/31a1a7b66ff2de83bd0e9fd79d026630d2d99e55e8bfe501287647b4fd9743de?s=96&d=mm&r=g\",\"contentUrl\":\"https:\\\/\\\/secure.gravatar.com\\\/avatar\\\/31a1a7b66ff2de83bd0e9fd79d026630d2d99e55e8bfe501287647b4fd9743de?s=96&d=mm&r=g\",\"caption\":\"Gonzalo Schmidt\"},\"description\":\"Sitio web de noticias de la provincia de Entre R\u00edos, Argentina. Informaci\u00f3n y entretenimiento. Informe Litoral, nos informamos.\",\"sameAs\":[\"http:\\\/\\\/www.isletasnoticias.com.ar\"],\"url\":\"https:\\\/\\\/informelitoral.com.ar\\\/author\\\/gonzalo\\\/\"}]}<\/script>","yoast_head_json":{"title":"Isletas: Alcides Wolf festej\u00f3 junto a Gustavo Vergara en Ram\u00edrez - Informe Litoral","robots":{"index":"index","follow":"follow","max-snippet":"max-snippet:-1","max-image-preview":"max-image-preview:large","max-video-preview":"max-video-preview:-1"},"canonical":"https:\/\/informelitoral.com.ar\/isletas-alcides-wolf-festejo-junto-a-gustavo-vergara-en-ramirez\/","og_locale":"es_ES","og_type":"article","og_title":"Isletas: Alcides Wolf festej\u00f3 junto a Gustavo Vergara en Ram\u00edrez - Informe Litoral","og_description":"El electo presidente de la Junta de Gobierno por Cambiemos, celebr&oacute; junto a su equipo y militantes en la localidad. Luego viajaron a Ram&iacute;rez para seguir festejando junto a quien ser&aacute; el intendente a partir del 10 de diciembre. Como en la campa&ntilde;a, muestran uni&oacute;n y prometen trabajo en conjunto.&nbsp; Tras conocerse los resultados en [&hellip;]","og_url":"https:\/\/informelitoral.com.ar\/isletas-alcides-wolf-festejo-junto-a-gustavo-vergara-en-ramirez\/","og_site_name":"Informe Litoral","article_publisher":"https:\/\/www.facebook.com\/informelitoral\/","article_published_time":"2015-10-26T15:32:21+00:00","article_modified_time":"2015-10-26T15:44:44+00:00","og_image":[{"width":960,"height":539,"url":"https:\/\/informelitoral.com.ar\/%77%70%2d%63%6f%6e%74%65%6e%74\/uploads\/2015\/10\/3.jpg","type":"image\/jpeg"}],"author":"Gonzalo Schmidt","twitter_card":"summary_large_image","twitter_creator":"@InformeLitoral","twitter_site":"@InformeLitoral","twitter_misc":{"Escrito por":"Gonzalo Schmidt","Tiempo de lectura":"1 minuto"},"schema":{"@context":"https:\/\/schema.org","@graph":[{"@type":"Article","@id":"https:\/\/informelitoral.com.ar\/isletas-alcides-wolf-festejo-junto-a-gustavo-vergara-en-ramirez\/#article","isPartOf":{"@id":"https:\/\/informelitoral.com.ar\/isletas-alcides-wolf-festejo-junto-a-gustavo-vergara-en-ramirez\/"},"author":{"name":"Gonzalo Schmidt","@id":"https:\/\/informelitoral.com.ar\/#\/schema\/person\/b9d00407c836482871ef1d57bf8e3180"},"headline":"Isletas: Alcides Wolf festej\u00f3 junto a Gustavo Vergara en Ram\u00edrez","datePublished":"2015-10-26T15:32:21+00:00","dateModified":"2015-10-26T15:44:44+00:00","mainEntityOfPage":{"@id":"https:\/\/informelitoral.com.ar\/isletas-alcides-wolf-festejo-junto-a-gustavo-vergara-en-ramirez\/"},"wordCount":249,"commentCount":0,"publisher":{"@id":"https:\/\/informelitoral.com.ar\/#organization"},"image":{"@id":"https:\/\/informelitoral.com.ar\/isletas-alcides-wolf-festejo-junto-a-gustavo-vergara-en-ramirez\/#primaryimage"},"thumbnailUrl":"http:\/\/www.isletasnoticias.com.ar\/%77%70%2d%63%6f%6e%74%65%6e%74\/uploads\/2015\/10\/3.jpg","articleSection":["Departamento Diamante","Politica"],"inLanguage":"es","potentialAction":[{"@type":"CommentAction","name":"Comment","target":["https:\/\/informelitoral.com.ar\/isletas-alcides-wolf-festejo-junto-a-gustavo-vergara-en-ramirez\/#respond"]}]},{"@type":"WebPage","@id":"https:\/\/informelitoral.com.ar\/isletas-alcides-wolf-festejo-junto-a-gustavo-vergara-en-ramirez\/","url":"https:\/\/informelitoral.com.ar\/isletas-alcides-wolf-festejo-junto-a-gustavo-vergara-en-ramirez\/","name":"Isletas: Alcides Wolf festej\u00f3 junto a Gustavo Vergara en Ram\u00edrez - Informe Litoral","isPartOf":{"@id":"https:\/\/informelitoral.com.ar\/#website"},"primaryImageOfPage":{"@id":"https:\/\/informelitoral.com.ar\/isletas-alcides-wolf-festejo-junto-a-gustavo-vergara-en-ramirez\/#primaryimage"},"image":{"@id":"https:\/\/informelitoral.com.ar\/isletas-alcides-wolf-festejo-junto-a-gustavo-vergara-en-ramirez\/#primaryimage"},"thumbnailUrl":"http:\/\/www.isletasnoticias.com.ar\/%77%70%2d%63%6f%6e%74%65%6e%74\/uploads\/2015\/10\/3.jpg","datePublished":"2015-10-26T15:32:21+00:00","dateModified":"2015-10-26T15:44:44+00:00","breadcrumb":{"@id":"https:\/\/informelitoral.com.ar\/isletas-alcides-wolf-festejo-junto-a-gustavo-vergara-en-ramirez\/#breadcrumb"},"inLanguage":"es","potentialAction":[{"@type":"ReadAction","target":["https:\/\/informelitoral.com.ar\/isletas-alcides-wolf-festejo-junto-a-gustavo-vergara-en-ramirez\/"]}]},{"@type":"ImageObject","inLanguage":"es","@id":"https:\/\/informelitoral.com.ar\/isletas-alcides-wolf-festejo-junto-a-gustavo-vergara-en-ramirez\/#primaryimage","url":"http:\/\/www.isletasnoticias.com.ar\/%77%70%2d%63%6f%6e%74%65%6e%74\/uploads\/2015\/10\/3.jpg","contentUrl":"http:\/\/www.isletasnoticias.com.ar\/%77%70%2d%63%6f%6e%74%65%6e%74\/uploads\/2015\/10\/3.jpg"},{"@type":"BreadcrumbList","@id":"https:\/\/informelitoral.com.ar\/isletas-alcides-wolf-festejo-junto-a-gustavo-vergara-en-ramirez\/#breadcrumb","itemListElement":[{"@type":"ListItem","position":1,"name":"Portada","item":"https:\/\/informelitoral.com.ar\/"},{"@type":"ListItem","position":2,"name":"Isletas: Alcides Wolf festej\u00f3 junto a Gustavo Vergara en Ram\u00edrez"}]},{"@type":"WebSite","@id":"https:\/\/informelitoral.com.ar\/#website","url":"https:\/\/informelitoral.com.ar\/","name":"Informe Litoral","description":"&quot;Nos informamos&quot; ","publisher":{"@id":"https:\/\/informelitoral.com.ar\/#organization"},"potentialAction":[{"@type":"SearchAction","target":{"@type":"EntryPoint","urlTemplate":"https:\/\/informelitoral.com.ar\/?s={search_term_string}"},"query-input":{"@type":"PropertyValueSpecification","valueRequired":true,"valueName":"search_term_string"}}],"inLanguage":"es"},{"@type":"Organization","@id":"https:\/\/informelitoral.com.ar\/#organization","name":"Informe Litoral","url":"https:\/\/informelitoral.com.ar\/","logo":{"@type":"ImageObject","inLanguage":"es","@id":"https:\/\/informelitoral.com.ar\/#\/schema\/logo\/image\/","url":"https:\/\/informelitoral.com.ar\/%77%70%2d%63%6f%6e%74%65%6e%74\/uploads\/2021\/01\/circulo.png","contentUrl":"https:\/\/informelitoral.com.ar\/%77%70%2d%63%6f%6e%74%65%6e%74\/uploads\/2021\/01\/circulo.png","width":723,"height":731,"caption":"Informe Litoral"},"image":{"@id":"https:\/\/informelitoral.com.ar\/#\/schema\/logo\/image\/"},"sameAs":["https:\/\/www.facebook.com\/informelitoral\/","https:\/\/x.com\/InformeLitoral","https:\/\/www.instagram.com\/informelitoral\/","https:\/\/www.youtube.com\/channel\/UCua4Qvz8Icb6MYqhoq9xLXw"]},{"@type":"Person","@id":"https:\/\/informelitoral.com.ar\/#\/schema\/person\/b9d00407c836482871ef1d57bf8e3180","name":"Gonzalo Schmidt","image":{"@type":"ImageObject","inLanguage":"es","@id":"https:\/\/secure.gravatar.com\/avatar\/31a1a7b66ff2de83bd0e9fd79d026630d2d99e55e8bfe501287647b4fd9743de?s=96&d=mm&r=g","url":"https:\/\/secure.gravatar.com\/avatar\/31a1a7b66ff2de83bd0e9fd79d026630d2d99e55e8bfe501287647b4fd9743de?s=96&d=mm&r=g","contentUrl":"https:\/\/secure.gravatar.com\/avatar\/31a1a7b66ff2de83bd0e9fd79d026630d2d99e55e8bfe501287647b4fd9743de?s=96&d=mm&r=g","caption":"Gonzalo Schmidt"},"description":"Sitio web de noticias de la provincia de Entre R\u00edos, Argentina. Informaci\u00f3n y entretenimiento. Informe Litoral, nos informamos.","sameAs":["http:\/\/www.isletasnoticias.com.ar"],"url":"https:\/\/informelitoral.com.ar\/author\/gonzalo\/"}]}},"_links":{"self":[{"href":"https:\/\/informelitoral.com.ar\/%77%70%2d%6a%73%6f%6e\/wp\/v2\/posts\/12341","targetHints":{"allow":["GET"]}}],"collection":[{"href":"https:\/\/informelitoral.com.ar\/%77%70%2d%6a%73%6f%6e\/wp\/v2\/posts"}],"about":[{"href":"https:\/\/informelitoral.com.ar\/%77%70%2d%6a%73%6f%6e\/wp\/v2\/types\/post"}],"author":[{"embeddable":true,"href":"https:\/\/informelitoral.com.ar\/%77%70%2d%6a%73%6f%6e\/wp\/v2\/users\/2"}],"replies":[{"embeddable":true,"href":"https:\/\/informelitoral.com.ar\/%77%70%2d%6a%73%6f%6e\/wp\/v2\/comments?post=12341"}],"version-history":[{"count":0,"href":"https:\/\/informelitoral.com.ar\/%77%70%2d%6a%73%6f%6e\/wp\/v2\/posts\/12341\/revisions"}],"wp:attachment":[{"href":"https:\/\/informelitoral.com.ar\/%77%70%2d%6a%73%6f%6e\/wp\/v2\/media?parent=12341"}],"wp:term":[{"taxonomy":"category","embeddable":true,"href":"https:\/\/informelitoral.com.ar\/%77%70%2d%6a%73%6f%6e\/wp\/v2\/categories?post=12341"},{"taxonomy":"post_tag","embeddable":true,"href":"https:\/\/informelitoral.com.ar\/%77%70%2d%6a%73%6f%6e\/wp\/v2\/tags?post=12341"}],"curies":[{"name":"wp","href":"https:\/\/api.w.org\/{rel}","templated":true}]}}