{"id":12321,"date":"2015-10-26T07:49:53","date_gmt":"2015-10-26T10:49:53","guid":{"rendered":"http:\/\/www.isletasnoticias.com.ar\/?p=12321"},"modified":"2015-10-26T07:50:31","modified_gmt":"2015-10-26T10:50:31","slug":"maria-eugenia-vidal-la-primera-gobernadora-no-peronista-en-la-historia-de-buenos-aires","status":"publish","type":"post","link":"https:\/\/informelitoral.com.ar\/maria-eugenia-vidal-la-primera-gobernadora-no-peronista-en-la-historia-de-buenos-aires\/","title":{"rendered":"Mar\u00eda Eugenia Vidal, la primera gobernadora no peronista en la historia de Buenos Aires"},"content":{"rendered":"<p><strong>La candidata de Cambiemos super\u00f3 a <em>An\u00edbal Fern\u00e1ndez<\/em> y acab\u00f3 con la hegemon\u00eda del PJ, partido que gobernaba el territorio bonaerense desde 1987 sin interrupciones. Obtuvo m\u00e1s votos que <em>Mauricio Macri.<a href=\"http:\/\/www.isletasnoticias.com.ar\/%77%70%2d%63%6f%6e%74%65%6e%74\/uploads\/2015\/10\/0013631115.jpg\"><img loading=\"lazy\" decoding=\"async\" class=\"aligncenter size-full wp-image-12322\" src=\"http:\/\/www.isletasnoticias.com.ar\/%77%70%2d%63%6f%6e%74%65%6e%74\/uploads\/2015\/10\/0013631115.jpg\" alt=\"0013631115\" width=\"770\" height=\"433\" srcset=\"https:\/\/informelitoral.com.ar\/%77%70%2d%63%6f%6e%74%65%6e%74\/uploads\/2015\/10\/0013631115.jpg 770w, https:\/\/informelitoral.com.ar\/%77%70%2d%63%6f%6e%74%65%6e%74\/uploads\/2015\/10\/0013631115-300x169.jpg 300w\" sizes=\"auto, (max-width: 770px) 100vw, 770px\" \/><\/a><\/em><\/strong><\/p>\n<p>El resultado de la elecci\u00f3n en la provincia de Buenos Aires fue la sorpresa de una jornada en donde se defini\u00f3 que habr\u00e1 ballotage para elegir presidente entre Daniel Scioli y Macri.<\/p>\n<p>Vidal obtuvo cerca del 40% de los votos, alrededor de cinco por encima de An\u00edbal Fern\u00e1ndez, candidato del Frente para la Victoria, y logr\u00f3 as\u00ed un hecho hist\u00f3rico: es la primera mujer que gobernar\u00e1 la provincia m\u00e1s grande y de mayor peso electoral en el pa\u00eds.<\/p>\n<p>Al mismo tiempo, Vidal termin\u00f3 con la supremac\u00eda del peronismo en territorio bonaerense. El radical Alejandro Armend\u00e1riz dej\u00f3 el gobierno de la Provincia en 1987 y desde ese momento lo sucedieron Antonio Cafiero, Eduardo Duhalde (dos per\u00edodos, entre 1991 y 1999), Carlos Ruckauf, Felipe Sol\u00e1 (dos per\u00edodos, entre 2002 y 2007) y Daniel Scioli, que asumi\u00f3 la gobernaci\u00f3n en 2007 y la abandonar\u00e1 en diciembre, tras permanecer al frente del distrito durante dos mandatos.<\/p>\n<p>La designaci\u00f3n de Vidal tuvo otro punto destacado: sac\u00f3 cerca de 400 mil votos m\u00e1s que Macri en la Provincia gracias al notorio corte de boleta que hubo en el distrito. As\u00ed, a pesar de la derrota de Fern\u00e1ndez en la elecci\u00f3n a gobernador, Scioli se impuso en las preferencias de los bonaerenses para Presidente.<\/p>\n<p><strong>Euforia<\/strong><br \/>\nTras conocerse los primeros c\u00f3mputos, Vidal adelant\u00f3 que pondr\u00e1 \u00abcuerpo y alma\u00bb para que los bonaerenses vivan mejor.<\/p>\n<p>\u00abQuiero que sepan que, como les dije antes, ma\u00f1ana voy a estar ah\u00ed, porque as\u00ed soy yo. Le voy a poner cuerpo y alma para la vida que te merec\u00e9s, no voy a parar con Mauricio (Macri), con Gabriela (Michetti) hasta lograr que cada uno de los vecinos de esta provincia viva mejor\u00bb, anunci\u00f3 desde el b\u00fanker de Cambiemos en Costa Salguero.<\/p>\n<p>\u00abEsta noche estamos haciendo historia, hicimos posible lo imposible, cambiamos resignaci\u00f3n por esperanza. S\u00f3lo quiero decirles: \u00a1Gracias! Un gracias enorme, gigante por tanta confianza\u00bb, sostuvo Vidal.<\/p>\n<p>El candidato del Frente para la Victoria, en tanto, se encontraba en el Hotel Intercontinental junto a su equipo de campa\u00f1a y no hab\u00eda ofrecido su mensaje tras conocerse los resultados del escrutinio provisorio.<\/p>\n<p><strong>Municipios<\/strong><br \/>\nLa elecci\u00f3n a gobernador mostr\u00f3 una paridad en los municipios del Conurbano, tradicional basti\u00f3n del peronismo, ya que Fern\u00e1ndez se impon\u00eda en 13 partidos y Vidal en 11, quedando para Sol\u00e1 \u00fanicamente Tigre, epicentro del candidato presidencial de UNA, Sergio Massa.<\/p>\n<p>M\u00e1s all\u00e1 del reparto equitativo de municipios, el Frente para la Victoria prevalece en los partidos del sur del Gran Buenos Aires y Cambiemos en los del norte y el oeste, aunque con sorprendentes excepciones como los triunfos de Vidal en Avellaneda, Quilmes y Berisso.<\/p>\n<p>El municipio de Mor\u00f3n, de donde provienen tanto Vidal como el candidato a vicegobernador del FPV, Mart\u00edn Sabbatella, qued\u00f3 en manos de la candidata de Cambiemos, que tambi\u00e9n se impuso en el vecino partido de Ituzaing\u00f3.<\/p>\n<p>Con el 78,22 por ciento de las mesas escrutadas, pero con una gran disparidad en los c\u00f3mputos por municipio, la f\u00f3rmula Fern\u00e1ndez-Sabbatella lidera las preferencias en Almirante Brown, Berazategui, Ensenada, Esteban Echeverr\u00eda, Ezeiza, Florencio Varela, Matanza, Lomas de Zamora, Hurlingham, Malvinas Argentinas, Merlo, Moreno y San Miguel.<\/p>\n<p>Vidal, secundada por el radical Daniel Salvador, se impone en Avellaneda, Berisso, Lan\u00fas, Quilmes, General San Mart\u00edn, Ituzaing\u00f3, Mor\u00f3n, San Fernando, San Isidro, Tres de Febrero y Vicente L\u00f3pez. <em>(Infobae)<\/em><\/p>\n","protected":false},"excerpt":{"rendered":"<p>La candidata de Cambiemos super&oacute; a An&iacute;bal Fern&aacute;ndez y acab&oacute; con la hegemon&iacute;a del PJ, partido que gobernaba el territorio bonaerense desde 1987 sin interrupciones. Obtuvo m&aacute;s votos que Mauricio Macri. El resultado de la elecci&oacute;n en la provincia de Buenos Aires fue la sorpresa de una jornada en donde se defini&oacute; que habr&aacute; ballotage [&hellip;]<\/p>\n","protected":false},"author":2,"featured_media":0,"comment_status":"open","ping_status":"open","sticky":false,"template":"","format":"standard","meta":{"fifu_image_url":"","fifu_image_alt":"","footnotes":""},"categories":[7,16],"tags":[],"class_list":{"0":"post-12321","1":"post","2":"type-post","3":"status-publish","4":"format-standard","6":"category-nacionales","7":"category-politi"},"yoast_head":"<title>Mar\u00eda Eugenia Vidal, la primera gobernadora no peronista en la historia de Buenos Aires - Informe Litoral<\/title>\n<meta name=\"robots\" content=\"index, follow, max-snippet:-1, max-image-preview:large, max-video-preview:-1\" \/>\n<link rel=\"canonical\" href=\"https:\/\/informelitoral.com.ar\/maria-eugenia-vidal-la-primera-gobernadora-no-peronista-en-la-historia-de-buenos-aires\/\" \/>\n<meta property=\"og:locale\" content=\"es_ES\" \/>\n<meta property=\"og:type\" content=\"article\" \/>\n<meta property=\"og:title\" content=\"Mar\u00eda Eugenia Vidal, la primera gobernadora no peronista en la historia de Buenos Aires - Informe Litoral\" \/>\n<meta property=\"og:description\" content=\"La candidata de Cambiemos super&oacute; a An&iacute;bal Fern&aacute;ndez y acab&oacute; con la hegemon&iacute;a del PJ, partido que gobernaba el territorio bonaerense desde 1987 sin interrupciones. Obtuvo m&aacute;s votos que Mauricio Macri. El resultado de la elecci&oacute;n en la provincia de Buenos Aires fue la sorpresa de una jornada en donde se defini&oacute; que habr&aacute; ballotage [&hellip;]\" \/>\n<meta property=\"og:url\" content=\"https:\/\/informelitoral.com.ar\/maria-eugenia-vidal-la-primera-gobernadora-no-peronista-en-la-historia-de-buenos-aires\/\" \/>\n<meta property=\"og:site_name\" content=\"Informe Litoral\" \/>\n<meta property=\"article:publisher\" content=\"https:\/\/www.facebook.com\/informelitoral\/\" \/>\n<meta property=\"article:published_time\" content=\"2015-10-26T10:49:53+00:00\" \/>\n<meta property=\"article:modified_time\" content=\"2015-10-26T10:50:31+00:00\" \/>\n<meta property=\"og:image\" content=\"https:\/\/informelitoral.com.ar\/%77%70%2d%63%6f%6e%74%65%6e%74\/uploads\/2015\/10\/0013631115.jpg\" \/>\n\t<meta property=\"og:image:width\" content=\"770\" \/>\n\t<meta property=\"og:image:height\" content=\"433\" \/>\n\t<meta property=\"og:image:type\" content=\"image\/jpeg\" \/>\n<meta name=\"author\" content=\"Gonzalo Schmidt\" \/>\n<meta name=\"twitter:card\" content=\"summary_large_image\" \/>\n<meta name=\"twitter:creator\" content=\"@InformeLitoral\" \/>\n<meta name=\"twitter:site\" content=\"@InformeLitoral\" \/>\n<meta name=\"twitter:label1\" content=\"Escrito por\" \/>\n\t<meta name=\"twitter:data1\" content=\"Gonzalo Schmidt\" \/>\n\t<meta name=\"twitter:label2\" content=\"Tiempo de lectura\" \/>\n\t<meta name=\"twitter:data2\" content=\"3 minutos\" \/>\n<script type=\"application\/ld+json\" class=\"yoast-schema-graph\">{\"@context\":\"https:\\\/\\\/schema.org\",\"@graph\":[{\"@type\":\"Article\",\"@id\":\"https:\\\/\\\/informelitoral.com.ar\\\/maria-eugenia-vidal-la-primera-gobernadora-no-peronista-en-la-historia-de-buenos-aires\\\/#article\",\"isPartOf\":{\"@id\":\"https:\\\/\\\/informelitoral.com.ar\\\/maria-eugenia-vidal-la-primera-gobernadora-no-peronista-en-la-historia-de-buenos-aires\\\/\"},\"author\":{\"name\":\"Gonzalo Schmidt\",\"@id\":\"https:\\\/\\\/informelitoral.com.ar\\\/#\\\/schema\\\/person\\\/b9d00407c836482871ef1d57bf8e3180\"},\"headline\":\"Mar\u00eda Eugenia Vidal, la primera gobernadora no peronista en la historia de Buenos Aires\",\"datePublished\":\"2015-10-26T10:49:53+00:00\",\"dateModified\":\"2015-10-26T10:50:31+00:00\",\"mainEntityOfPage\":{\"@id\":\"https:\\\/\\\/informelitoral.com.ar\\\/maria-eugenia-vidal-la-primera-gobernadora-no-peronista-en-la-historia-de-buenos-aires\\\/\"},\"wordCount\":625,\"commentCount\":0,\"publisher\":{\"@id\":\"https:\\\/\\\/informelitoral.com.ar\\\/#organization\"},\"image\":{\"@id\":\"https:\\\/\\\/informelitoral.com.ar\\\/maria-eugenia-vidal-la-primera-gobernadora-no-peronista-en-la-historia-de-buenos-aires\\\/#primaryimage\"},\"thumbnailUrl\":\"http:\\\/\\\/www.isletasnoticias.com.ar\\\/%77%70%2d%63%6f%6e%74%65%6e%74\\\/uploads\\\/2015\\\/10\\\/0013631115.jpg\",\"articleSection\":[\"Nacionales\",\"Politica\"],\"inLanguage\":\"es\",\"potentialAction\":[{\"@type\":\"CommentAction\",\"name\":\"Comment\",\"target\":[\"https:\\\/\\\/informelitoral.com.ar\\\/maria-eugenia-vidal-la-primera-gobernadora-no-peronista-en-la-historia-de-buenos-aires\\\/#respond\"]}]},{\"@type\":\"WebPage\",\"@id\":\"https:\\\/\\\/informelitoral.com.ar\\\/maria-eugenia-vidal-la-primera-gobernadora-no-peronista-en-la-historia-de-buenos-aires\\\/\",\"url\":\"https:\\\/\\\/informelitoral.com.ar\\\/maria-eugenia-vidal-la-primera-gobernadora-no-peronista-en-la-historia-de-buenos-aires\\\/\",\"name\":\"Mar\u00eda Eugenia Vidal, la primera gobernadora no peronista en la historia de Buenos Aires - Informe Litoral\",\"isPartOf\":{\"@id\":\"https:\\\/\\\/informelitoral.com.ar\\\/#website\"},\"primaryImageOfPage\":{\"@id\":\"https:\\\/\\\/informelitoral.com.ar\\\/maria-eugenia-vidal-la-primera-gobernadora-no-peronista-en-la-historia-de-buenos-aires\\\/#primaryimage\"},\"image\":{\"@id\":\"https:\\\/\\\/informelitoral.com.ar\\\/maria-eugenia-vidal-la-primera-gobernadora-no-peronista-en-la-historia-de-buenos-aires\\\/#primaryimage\"},\"thumbnailUrl\":\"http:\\\/\\\/www.isletasnoticias.com.ar\\\/%77%70%2d%63%6f%6e%74%65%6e%74\\\/uploads\\\/2015\\\/10\\\/0013631115.jpg\",\"datePublished\":\"2015-10-26T10:49:53+00:00\",\"dateModified\":\"2015-10-26T10:50:31+00:00\",\"breadcrumb\":{\"@id\":\"https:\\\/\\\/informelitoral.com.ar\\\/maria-eugenia-vidal-la-primera-gobernadora-no-peronista-en-la-historia-de-buenos-aires\\\/#breadcrumb\"},\"inLanguage\":\"es\",\"potentialAction\":[{\"@type\":\"ReadAction\",\"target\":[\"https:\\\/\\\/informelitoral.com.ar\\\/maria-eugenia-vidal-la-primera-gobernadora-no-peronista-en-la-historia-de-buenos-aires\\\/\"]}]},{\"@type\":\"ImageObject\",\"inLanguage\":\"es\",\"@id\":\"https:\\\/\\\/informelitoral.com.ar\\\/maria-eugenia-vidal-la-primera-gobernadora-no-peronista-en-la-historia-de-buenos-aires\\\/#primaryimage\",\"url\":\"http:\\\/\\\/www.isletasnoticias.com.ar\\\/%77%70%2d%63%6f%6e%74%65%6e%74\\\/uploads\\\/2015\\\/10\\\/0013631115.jpg\",\"contentUrl\":\"http:\\\/\\\/www.isletasnoticias.com.ar\\\/%77%70%2d%63%6f%6e%74%65%6e%74\\\/uploads\\\/2015\\\/10\\\/0013631115.jpg\"},{\"@type\":\"BreadcrumbList\",\"@id\":\"https:\\\/\\\/informelitoral.com.ar\\\/maria-eugenia-vidal-la-primera-gobernadora-no-peronista-en-la-historia-de-buenos-aires\\\/#breadcrumb\",\"itemListElement\":[{\"@type\":\"ListItem\",\"position\":1,\"name\":\"Portada\",\"item\":\"https:\\\/\\\/informelitoral.com.ar\\\/\"},{\"@type\":\"ListItem\",\"position\":2,\"name\":\"Mar\u00eda Eugenia Vidal, la primera gobernadora no peronista en la historia de Buenos Aires\"}]},{\"@type\":\"WebSite\",\"@id\":\"https:\\\/\\\/informelitoral.com.ar\\\/#website\",\"url\":\"https:\\\/\\\/informelitoral.com.ar\\\/\",\"name\":\"Informe Litoral\",\"description\":\"&quot;Nos informamos&quot; \",\"publisher\":{\"@id\":\"https:\\\/\\\/informelitoral.com.ar\\\/#organization\"},\"potentialAction\":[{\"@type\":\"SearchAction\",\"target\":{\"@type\":\"EntryPoint\",\"urlTemplate\":\"https:\\\/\\\/informelitoral.com.ar\\\/?s={search_term_string}\"},\"query-input\":{\"@type\":\"PropertyValueSpecification\",\"valueRequired\":true,\"valueName\":\"search_term_string\"}}],\"inLanguage\":\"es\"},{\"@type\":\"Organization\",\"@id\":\"https:\\\/\\\/informelitoral.com.ar\\\/#organization\",\"name\":\"Informe Litoral\",\"url\":\"https:\\\/\\\/informelitoral.com.ar\\\/\",\"logo\":{\"@type\":\"ImageObject\",\"inLanguage\":\"es\",\"@id\":\"https:\\\/\\\/informelitoral.com.ar\\\/#\\\/schema\\\/logo\\\/image\\\/\",\"url\":\"https:\\\/\\\/informelitoral.com.ar\\\/%77%70%2d%63%6f%6e%74%65%6e%74\\\/uploads\\\/2021\\\/01\\\/circulo.png\",\"contentUrl\":\"https:\\\/\\\/informelitoral.com.ar\\\/%77%70%2d%63%6f%6e%74%65%6e%74\\\/uploads\\\/2021\\\/01\\\/circulo.png\",\"width\":723,\"height\":731,\"caption\":\"Informe Litoral\"},\"image\":{\"@id\":\"https:\\\/\\\/informelitoral.com.ar\\\/#\\\/schema\\\/logo\\\/image\\\/\"},\"sameAs\":[\"https:\\\/\\\/www.facebook.com\\\/informelitoral\\\/\",\"https:\\\/\\\/x.com\\\/InformeLitoral\",\"https:\\\/\\\/www.instagram.com\\\/informelitoral\\\/\",\"https:\\\/\\\/www.youtube.com\\\/channel\\\/UCua4Qvz8Icb6MYqhoq9xLXw\"]},{\"@type\":\"Person\",\"@id\":\"https:\\\/\\\/informelitoral.com.ar\\\/#\\\/schema\\\/person\\\/b9d00407c836482871ef1d57bf8e3180\",\"name\":\"Gonzalo Schmidt\",\"image\":{\"@type\":\"ImageObject\",\"inLanguage\":\"es\",\"@id\":\"https:\\\/\\\/secure.gravatar.com\\\/avatar\\\/31a1a7b66ff2de83bd0e9fd79d026630d2d99e55e8bfe501287647b4fd9743de?s=96&d=mm&r=g\",\"url\":\"https:\\\/\\\/secure.gravatar.com\\\/avatar\\\/31a1a7b66ff2de83bd0e9fd79d026630d2d99e55e8bfe501287647b4fd9743de?s=96&d=mm&r=g\",\"contentUrl\":\"https:\\\/\\\/secure.gravatar.com\\\/avatar\\\/31a1a7b66ff2de83bd0e9fd79d026630d2d99e55e8bfe501287647b4fd9743de?s=96&d=mm&r=g\",\"caption\":\"Gonzalo Schmidt\"},\"description\":\"Sitio web de noticias de la provincia de Entre R\u00edos, Argentina. Informaci\u00f3n y entretenimiento. Informe Litoral, nos informamos.\",\"sameAs\":[\"http:\\\/\\\/www.isletasnoticias.com.ar\"],\"url\":\"https:\\\/\\\/informelitoral.com.ar\\\/author\\\/gonzalo\\\/\"}]}<\/script>","yoast_head_json":{"title":"Mar\u00eda Eugenia Vidal, la primera gobernadora no peronista en la historia de Buenos Aires - Informe Litoral","robots":{"index":"index","follow":"follow","max-snippet":"max-snippet:-1","max-image-preview":"max-image-preview:large","max-video-preview":"max-video-preview:-1"},"canonical":"https:\/\/informelitoral.com.ar\/maria-eugenia-vidal-la-primera-gobernadora-no-peronista-en-la-historia-de-buenos-aires\/","og_locale":"es_ES","og_type":"article","og_title":"Mar\u00eda Eugenia Vidal, la primera gobernadora no peronista en la historia de Buenos Aires - Informe Litoral","og_description":"La candidata de Cambiemos super&oacute; a An&iacute;bal Fern&aacute;ndez y acab&oacute; con la hegemon&iacute;a del PJ, partido que gobernaba el territorio bonaerense desde 1987 sin interrupciones. Obtuvo m&aacute;s votos que Mauricio Macri. El resultado de la elecci&oacute;n en la provincia de Buenos Aires fue la sorpresa de una jornada en donde se defini&oacute; que habr&aacute; ballotage [&hellip;]","og_url":"https:\/\/informelitoral.com.ar\/maria-eugenia-vidal-la-primera-gobernadora-no-peronista-en-la-historia-de-buenos-aires\/","og_site_name":"Informe Litoral","article_publisher":"https:\/\/www.facebook.com\/informelitoral\/","article_published_time":"2015-10-26T10:49:53+00:00","article_modified_time":"2015-10-26T10:50:31+00:00","og_image":[{"width":770,"height":433,"url":"https:\/\/informelitoral.com.ar\/%77%70%2d%63%6f%6e%74%65%6e%74\/uploads\/2015\/10\/0013631115.jpg","type":"image\/jpeg"}],"author":"Gonzalo Schmidt","twitter_card":"summary_large_image","twitter_creator":"@InformeLitoral","twitter_site":"@InformeLitoral","twitter_misc":{"Escrito por":"Gonzalo Schmidt","Tiempo de lectura":"3 minutos"},"schema":{"@context":"https:\/\/schema.org","@graph":[{"@type":"Article","@id":"https:\/\/informelitoral.com.ar\/maria-eugenia-vidal-la-primera-gobernadora-no-peronista-en-la-historia-de-buenos-aires\/#article","isPartOf":{"@id":"https:\/\/informelitoral.com.ar\/maria-eugenia-vidal-la-primera-gobernadora-no-peronista-en-la-historia-de-buenos-aires\/"},"author":{"name":"Gonzalo Schmidt","@id":"https:\/\/informelitoral.com.ar\/#\/schema\/person\/b9d00407c836482871ef1d57bf8e3180"},"headline":"Mar\u00eda Eugenia Vidal, la primera gobernadora no peronista en la historia de Buenos Aires","datePublished":"2015-10-26T10:49:53+00:00","dateModified":"2015-10-26T10:50:31+00:00","mainEntityOfPage":{"@id":"https:\/\/informelitoral.com.ar\/maria-eugenia-vidal-la-primera-gobernadora-no-peronista-en-la-historia-de-buenos-aires\/"},"wordCount":625,"commentCount":0,"publisher":{"@id":"https:\/\/informelitoral.com.ar\/#organization"},"image":{"@id":"https:\/\/informelitoral.com.ar\/maria-eugenia-vidal-la-primera-gobernadora-no-peronista-en-la-historia-de-buenos-aires\/#primaryimage"},"thumbnailUrl":"http:\/\/www.isletasnoticias.com.ar\/%77%70%2d%63%6f%6e%74%65%6e%74\/uploads\/2015\/10\/0013631115.jpg","articleSection":["Nacionales","Politica"],"inLanguage":"es","potentialAction":[{"@type":"CommentAction","name":"Comment","target":["https:\/\/informelitoral.com.ar\/maria-eugenia-vidal-la-primera-gobernadora-no-peronista-en-la-historia-de-buenos-aires\/#respond"]}]},{"@type":"WebPage","@id":"https:\/\/informelitoral.com.ar\/maria-eugenia-vidal-la-primera-gobernadora-no-peronista-en-la-historia-de-buenos-aires\/","url":"https:\/\/informelitoral.com.ar\/maria-eugenia-vidal-la-primera-gobernadora-no-peronista-en-la-historia-de-buenos-aires\/","name":"Mar\u00eda Eugenia Vidal, la primera gobernadora no peronista en la historia de Buenos Aires - Informe Litoral","isPartOf":{"@id":"https:\/\/informelitoral.com.ar\/#website"},"primaryImageOfPage":{"@id":"https:\/\/informelitoral.com.ar\/maria-eugenia-vidal-la-primera-gobernadora-no-peronista-en-la-historia-de-buenos-aires\/#primaryimage"},"image":{"@id":"https:\/\/informelitoral.com.ar\/maria-eugenia-vidal-la-primera-gobernadora-no-peronista-en-la-historia-de-buenos-aires\/#primaryimage"},"thumbnailUrl":"http:\/\/www.isletasnoticias.com.ar\/%77%70%2d%63%6f%6e%74%65%6e%74\/uploads\/2015\/10\/0013631115.jpg","datePublished":"2015-10-26T10:49:53+00:00","dateModified":"2015-10-26T10:50:31+00:00","breadcrumb":{"@id":"https:\/\/informelitoral.com.ar\/maria-eugenia-vidal-la-primera-gobernadora-no-peronista-en-la-historia-de-buenos-aires\/#breadcrumb"},"inLanguage":"es","potentialAction":[{"@type":"ReadAction","target":["https:\/\/informelitoral.com.ar\/maria-eugenia-vidal-la-primera-gobernadora-no-peronista-en-la-historia-de-buenos-aires\/"]}]},{"@type":"ImageObject","inLanguage":"es","@id":"https:\/\/informelitoral.com.ar\/maria-eugenia-vidal-la-primera-gobernadora-no-peronista-en-la-historia-de-buenos-aires\/#primaryimage","url":"http:\/\/www.isletasnoticias.com.ar\/%77%70%2d%63%6f%6e%74%65%6e%74\/uploads\/2015\/10\/0013631115.jpg","contentUrl":"http:\/\/www.isletasnoticias.com.ar\/%77%70%2d%63%6f%6e%74%65%6e%74\/uploads\/2015\/10\/0013631115.jpg"},{"@type":"BreadcrumbList","@id":"https:\/\/informelitoral.com.ar\/maria-eugenia-vidal-la-primera-gobernadora-no-peronista-en-la-historia-de-buenos-aires\/#breadcrumb","itemListElement":[{"@type":"ListItem","position":1,"name":"Portada","item":"https:\/\/informelitoral.com.ar\/"},{"@type":"ListItem","position":2,"name":"Mar\u00eda Eugenia Vidal, la primera gobernadora no peronista en la historia de Buenos Aires"}]},{"@type":"WebSite","@id":"https:\/\/informelitoral.com.ar\/#website","url":"https:\/\/informelitoral.com.ar\/","name":"Informe Litoral","description":"&quot;Nos informamos&quot; ","publisher":{"@id":"https:\/\/informelitoral.com.ar\/#organization"},"potentialAction":[{"@type":"SearchAction","target":{"@type":"EntryPoint","urlTemplate":"https:\/\/informelitoral.com.ar\/?s={search_term_string}"},"query-input":{"@type":"PropertyValueSpecification","valueRequired":true,"valueName":"search_term_string"}}],"inLanguage":"es"},{"@type":"Organization","@id":"https:\/\/informelitoral.com.ar\/#organization","name":"Informe Litoral","url":"https:\/\/informelitoral.com.ar\/","logo":{"@type":"ImageObject","inLanguage":"es","@id":"https:\/\/informelitoral.com.ar\/#\/schema\/logo\/image\/","url":"https:\/\/informelitoral.com.ar\/%77%70%2d%63%6f%6e%74%65%6e%74\/uploads\/2021\/01\/circulo.png","contentUrl":"https:\/\/informelitoral.com.ar\/%77%70%2d%63%6f%6e%74%65%6e%74\/uploads\/2021\/01\/circulo.png","width":723,"height":731,"caption":"Informe Litoral"},"image":{"@id":"https:\/\/informelitoral.com.ar\/#\/schema\/logo\/image\/"},"sameAs":["https:\/\/www.facebook.com\/informelitoral\/","https:\/\/x.com\/InformeLitoral","https:\/\/www.instagram.com\/informelitoral\/","https:\/\/www.youtube.com\/channel\/UCua4Qvz8Icb6MYqhoq9xLXw"]},{"@type":"Person","@id":"https:\/\/informelitoral.com.ar\/#\/schema\/person\/b9d00407c836482871ef1d57bf8e3180","name":"Gonzalo Schmidt","image":{"@type":"ImageObject","inLanguage":"es","@id":"https:\/\/secure.gravatar.com\/avatar\/31a1a7b66ff2de83bd0e9fd79d026630d2d99e55e8bfe501287647b4fd9743de?s=96&d=mm&r=g","url":"https:\/\/secure.gravatar.com\/avatar\/31a1a7b66ff2de83bd0e9fd79d026630d2d99e55e8bfe501287647b4fd9743de?s=96&d=mm&r=g","contentUrl":"https:\/\/secure.gravatar.com\/avatar\/31a1a7b66ff2de83bd0e9fd79d026630d2d99e55e8bfe501287647b4fd9743de?s=96&d=mm&r=g","caption":"Gonzalo Schmidt"},"description":"Sitio web de noticias de la provincia de Entre R\u00edos, Argentina. Informaci\u00f3n y entretenimiento. Informe Litoral, nos informamos.","sameAs":["http:\/\/www.isletasnoticias.com.ar"],"url":"https:\/\/informelitoral.com.ar\/author\/gonzalo\/"}]}},"_links":{"self":[{"href":"https:\/\/informelitoral.com.ar\/%77%70%2d%6a%73%6f%6e\/wp\/v2\/posts\/12321","targetHints":{"allow":["GET"]}}],"collection":[{"href":"https:\/\/informelitoral.com.ar\/%77%70%2d%6a%73%6f%6e\/wp\/v2\/posts"}],"about":[{"href":"https:\/\/informelitoral.com.ar\/%77%70%2d%6a%73%6f%6e\/wp\/v2\/types\/post"}],"author":[{"embeddable":true,"href":"https:\/\/informelitoral.com.ar\/%77%70%2d%6a%73%6f%6e\/wp\/v2\/users\/2"}],"replies":[{"embeddable":true,"href":"https:\/\/informelitoral.com.ar\/%77%70%2d%6a%73%6f%6e\/wp\/v2\/comments?post=12321"}],"version-history":[{"count":0,"href":"https:\/\/informelitoral.com.ar\/%77%70%2d%6a%73%6f%6e\/wp\/v2\/posts\/12321\/revisions"}],"wp:attachment":[{"href":"https:\/\/informelitoral.com.ar\/%77%70%2d%6a%73%6f%6e\/wp\/v2\/media?parent=12321"}],"wp:term":[{"taxonomy":"category","embeddable":true,"href":"https:\/\/informelitoral.com.ar\/%77%70%2d%6a%73%6f%6e\/wp\/v2\/categories?post=12321"},{"taxonomy":"post_tag","embeddable":true,"href":"https:\/\/informelitoral.com.ar\/%77%70%2d%6a%73%6f%6e\/wp\/v2\/tags?post=12321"}],"curies":[{"name":"wp","href":"https:\/\/api.w.org\/{rel}","templated":true}]}}