{"id":123050,"date":"2023-03-05T18:33:58","date_gmt":"2023-03-05T21:33:58","guid":{"rendered":"https:\/\/www.informelitoral.com.ar\/?p=123050"},"modified":"2023-03-05T18:33:58","modified_gmt":"2023-03-05T21:33:58","slug":"bordet-dispuso-la-eliminacion-de-la-carga-tributaria-provincial-de-la-tarifa-electrica","status":"publish","type":"post","link":"https:\/\/informelitoral.com.ar\/bordet-dispuso-la-eliminacion-de-la-carga-tributaria-provincial-de-la-tarifa-electrica\/","title":{"rendered":"Bordet dispuso la eliminaci\u00f3n de la carga tributaria provincial de la tarifa el\u00e9ctrica"},"content":{"rendered":"<p>En la norma tambi\u00e9n se invita a los municipios entrerrianos a reducir la carga impositiva que perciben en las facturas por consumos de energ\u00eda el\u00e9ctrica. En tanto, que el art\u00edculo 3, expresa: \u201cInstr\u00fayase al Ente Provincial Regulador de la Energ\u00eda -EPRE- a notificar a todas las empresas y\/o Cooperativas Concesionarias del Servicio P\u00fablico de Distribuci\u00f3n de Energ\u00eda\u201d.<\/p>\n<p>\u201cActuamos para ayudar a las familias entrerrianas ante el impacto que signific\u00f3 la quita de subsidios producto de la segmentaci\u00f3n tarifaria, y cumplimos con la palabra empe\u00f1ada en la Asamblea Legislativa del 15 de febrero. Por eso, primero suspendimos la actualizaci\u00f3n del Valor Agregado de Distribuci\u00f3n (VAD) que estaba previsto para febrero, y ahora eliminamos el impuesto provincial de la tarifa el\u00e9ctrica. De esta manera, no habr\u00e1 ning\u00fan cargo en la boleta de la luz que corresponda a la provincia\u201d, afirm\u00f3 el mandatario.<\/p>\n<p>En ese marco, Bordet resalt\u00f3 que \u201ces injusto que nuestra provincia no reciba beneficios acordes al aporte que hace al sistema energ\u00e9tico nacional a trav\u00e9s de la represa Salto Grande, y m\u00e1s aun siendo que ha quedado excluida de los beneficios de la zona c\u00e1lida del pa\u00eds. A pesar de todo eso, desde el gobierno provincial hacemos el esfuerzo significativo de quitar la carga provincial en la boleta de la luz para ayudar a las familias de nuestra provincia en un contexto dif\u00edcil\u201d.<\/p>\n<p>Asimismo, Bordet puso de relieve que \u201cla carga provincial en la tarifa el\u00e9ctrica tiene como destino constituir el Fondo de Desarrollo Energ\u00e9tico, que es lo que le permiti\u00f3 a la provincia realizar las obras de desarrollo gas\u00edfero y el\u00e9ctrico en todo el territorio. Pero gracias al orden de las cuentas que hemos cuidado todos estos a\u00f1os, hoy podemos cubrirlo con fondos del Tesoro Provincial\u201d.<\/p>\n<p>En otro de sus art\u00edculos, la norma establece que la Secretar\u00eda Ministerial de Energ\u00eda y el Ministerio de Econom\u00eda, Hacienda y Finanzas, \u201cdeber\u00e1n adoptar las medidas pertinentes para la previsi\u00f3n e incorporaci\u00f3n del cr\u00e9dito necesario destinado a la cobertura presupuestaria por la menor recaudaci\u00f3n financiera del Fondo de Desarrollo Energ\u00e9tico que genera el presente acto administrativo, afect\u00e1ndose a tal fin recursos y\/o partidas del Tesoro Provincial, y a los fines de la continuidad en la ejecuci\u00f3n, desarrollo y plan de obras de energ\u00eda el\u00e9ctrica y gas\u00edferas que lleva adelante la Secretar\u00eda Ministerial de Energ\u00eda\u201d.<\/p>\n<p>La misma, se fundamenta en que las altas temperaturas registradas en la provincia y sequ\u00eda extrema generan directamente la necesidad de recurrir a un uso mayor de aparatos el\u00e9ctricos, a lo que se suma la reducci\u00f3n de subsidios en los precios mayoristas.<\/p>\n<p>En virtud de lo explicitado, la reducci\u00f3n de subsidios y el incremento del precio mayorista de la energ\u00eda \u201cestablecidos por el Estado Nacional, ha significado un fuerte incremento en el costo final, implicando un alto grado de incidencia en la tarifa de los usuarios finales, y en el cual la provincia de Entre R\u00edos no tiene injerencia en su determinaci\u00f3n y aplicaci\u00f3n\u201d.<\/p>\n<p>Por tal motivo, es que el Poder Ejecutivo provincial consider\u00f3, \u201coportuno y necesario la adopci\u00f3n de medidas concretas y excepcionales tendientes a disminuir el costo energ\u00e9tico derivado del componente impositivo provincial que incide sobre la facturaci\u00f3n mensual del usuario.\u201d<\/p>\n","protected":false},"excerpt":{"rendered":"<p>El gobernador, Gustavo Bordet, a trav\u00e9s del Decreto N\u00ba 374, dispuso la eliminaci\u00f3n del impuesto provincial en la boleta de la luz. \u201cActuamos para ayudar a las familias entrerrianas. Cumplimos con la palabra empe\u00f1ada y no habr\u00e1 carga provincial en la tarifa el\u00e9ctrica\u201d, expres\u00f3.<\/p>\n","protected":false},"author":2,"featured_media":123051,"comment_status":"open","ping_status":"open","sticky":false,"template":"","format":"standard","meta":{"fifu_image_url":"","fifu_image_alt":"","footnotes":""},"categories":[16],"tags":[627,81,167,257,342],"class_list":{"0":"post-123050","1":"post","2":"type-post","3":"status-publish","4":"format-standard","5":"has-post-thumbnail","7":"category-politi","8":"tag-energia-electrica","9":"tag-entre-rios","10":"tag-gustavo-bordet","11":"tag-luz","12":"tag-tarifa-electrica"},"yoast_head":"<title>Bordet dispuso la eliminaci\u00f3n de la carga tributaria provincial de la tarifa el\u00e9ctrica - Informe Litoral<\/title>\n<meta name=\"robots\" content=\"index, follow, max-snippet:-1, max-image-preview:large, max-video-preview:-1\" \/>\n<link rel=\"canonical\" href=\"https:\/\/informelitoral.com.ar\/bordet-dispuso-la-eliminacion-de-la-carga-tributaria-provincial-de-la-tarifa-electrica\/\" \/>\n<meta property=\"og:locale\" content=\"es_ES\" \/>\n<meta property=\"og:type\" content=\"article\" \/>\n<meta property=\"og:title\" content=\"Bordet dispuso la eliminaci\u00f3n de la carga tributaria provincial de la tarifa el\u00e9ctrica - Informe Litoral\" \/>\n<meta property=\"og:description\" content=\"El gobernador, Gustavo Bordet, a trav\u00e9s del Decreto N\u00ba 374, dispuso la eliminaci\u00f3n del impuesto provincial en la boleta de la luz. \u201cActuamos para ayudar a las familias entrerrianas. Cumplimos con la palabra empe\u00f1ada y no habr\u00e1 carga provincial en la tarifa el\u00e9ctrica\u201d, expres\u00f3.\" \/>\n<meta property=\"og:url\" content=\"https:\/\/informelitoral.com.ar\/bordet-dispuso-la-eliminacion-de-la-carga-tributaria-provincial-de-la-tarifa-electrica\/\" \/>\n<meta property=\"og:site_name\" content=\"Informe Litoral\" \/>\n<meta property=\"article:publisher\" content=\"https:\/\/www.facebook.com\/informelitoral\/\" \/>\n<meta property=\"article:published_time\" content=\"2023-03-05T21:33:58+00:00\" \/>\n<meta property=\"og:image\" content=\"https:\/\/informelitoral.com.ar\/%77%70%2d%63%6f%6e%74%65%6e%74\/uploads\/2023\/03\/1677941881jpg.jpg\" \/>\n\t<meta property=\"og:image:width\" content=\"1920\" \/>\n\t<meta property=\"og:image:height\" content=\"1280\" \/>\n\t<meta property=\"og:image:type\" content=\"image\/jpeg\" \/>\n<meta name=\"author\" content=\"Gonzalo Schmidt\" \/>\n<meta name=\"twitter:card\" content=\"summary_large_image\" \/>\n<meta name=\"twitter:creator\" content=\"@InformeLitoral\" \/>\n<meta name=\"twitter:site\" content=\"@InformeLitoral\" \/>\n<meta name=\"twitter:label1\" content=\"Escrito por\" \/>\n\t<meta name=\"twitter:data1\" content=\"Gonzalo Schmidt\" \/>\n\t<meta name=\"twitter:label2\" content=\"Tiempo de lectura\" \/>\n\t<meta name=\"twitter:data2\" content=\"3 minutos\" \/>\n<script type=\"application\/ld+json\" class=\"yoast-schema-graph\">{\"@context\":\"https:\\\/\\\/schema.org\",\"@graph\":[{\"@type\":\"Article\",\"@id\":\"https:\\\/\\\/informelitoral.com.ar\\\/bordet-dispuso-la-eliminacion-de-la-carga-tributaria-provincial-de-la-tarifa-electrica\\\/#article\",\"isPartOf\":{\"@id\":\"https:\\\/\\\/informelitoral.com.ar\\\/bordet-dispuso-la-eliminacion-de-la-carga-tributaria-provincial-de-la-tarifa-electrica\\\/\"},\"author\":{\"name\":\"Gonzalo Schmidt\",\"@id\":\"https:\\\/\\\/informelitoral.com.ar\\\/#\\\/schema\\\/person\\\/b9d00407c836482871ef1d57bf8e3180\"},\"headline\":\"Bordet dispuso la eliminaci\u00f3n de la carga tributaria provincial de la tarifa el\u00e9ctrica\",\"datePublished\":\"2023-03-05T21:33:58+00:00\",\"mainEntityOfPage\":{\"@id\":\"https:\\\/\\\/informelitoral.com.ar\\\/bordet-dispuso-la-eliminacion-de-la-carga-tributaria-provincial-de-la-tarifa-electrica\\\/\"},\"wordCount\":593,\"commentCount\":0,\"publisher\":{\"@id\":\"https:\\\/\\\/informelitoral.com.ar\\\/#organization\"},\"image\":{\"@id\":\"https:\\\/\\\/informelitoral.com.ar\\\/bordet-dispuso-la-eliminacion-de-la-carga-tributaria-provincial-de-la-tarifa-electrica\\\/#primaryimage\"},\"thumbnailUrl\":\"https:\\\/\\\/informelitoral.com.ar\\\/%77%70%2d%63%6f%6e%74%65%6e%74\\\/uploads\\\/2023\\\/03\\\/1677941881jpg.jpg\",\"keywords\":[\"Energ\u00eda el\u00e9ctrica\",\"Entre R\u00edos\",\"Gustavo Bordet\",\"Luz\",\"Tarifa el\u00e9ctrica\"],\"articleSection\":[\"Politica\"],\"inLanguage\":\"es\",\"potentialAction\":[{\"@type\":\"CommentAction\",\"name\":\"Comment\",\"target\":[\"https:\\\/\\\/informelitoral.com.ar\\\/bordet-dispuso-la-eliminacion-de-la-carga-tributaria-provincial-de-la-tarifa-electrica\\\/#respond\"]}]},{\"@type\":\"WebPage\",\"@id\":\"https:\\\/\\\/informelitoral.com.ar\\\/bordet-dispuso-la-eliminacion-de-la-carga-tributaria-provincial-de-la-tarifa-electrica\\\/\",\"url\":\"https:\\\/\\\/informelitoral.com.ar\\\/bordet-dispuso-la-eliminacion-de-la-carga-tributaria-provincial-de-la-tarifa-electrica\\\/\",\"name\":\"Bordet dispuso la eliminaci\u00f3n de la carga tributaria provincial de la tarifa el\u00e9ctrica - Informe Litoral\",\"isPartOf\":{\"@id\":\"https:\\\/\\\/informelitoral.com.ar\\\/#website\"},\"primaryImageOfPage\":{\"@id\":\"https:\\\/\\\/informelitoral.com.ar\\\/bordet-dispuso-la-eliminacion-de-la-carga-tributaria-provincial-de-la-tarifa-electrica\\\/#primaryimage\"},\"image\":{\"@id\":\"https:\\\/\\\/informelitoral.com.ar\\\/bordet-dispuso-la-eliminacion-de-la-carga-tributaria-provincial-de-la-tarifa-electrica\\\/#primaryimage\"},\"thumbnailUrl\":\"https:\\\/\\\/informelitoral.com.ar\\\/%77%70%2d%63%6f%6e%74%65%6e%74\\\/uploads\\\/2023\\\/03\\\/1677941881jpg.jpg\",\"datePublished\":\"2023-03-05T21:33:58+00:00\",\"breadcrumb\":{\"@id\":\"https:\\\/\\\/informelitoral.com.ar\\\/bordet-dispuso-la-eliminacion-de-la-carga-tributaria-provincial-de-la-tarifa-electrica\\\/#breadcrumb\"},\"inLanguage\":\"es\",\"potentialAction\":[{\"@type\":\"ReadAction\",\"target\":[\"https:\\\/\\\/informelitoral.com.ar\\\/bordet-dispuso-la-eliminacion-de-la-carga-tributaria-provincial-de-la-tarifa-electrica\\\/\"]}]},{\"@type\":\"ImageObject\",\"inLanguage\":\"es\",\"@id\":\"https:\\\/\\\/informelitoral.com.ar\\\/bordet-dispuso-la-eliminacion-de-la-carga-tributaria-provincial-de-la-tarifa-electrica\\\/#primaryimage\",\"url\":\"https:\\\/\\\/informelitoral.com.ar\\\/%77%70%2d%63%6f%6e%74%65%6e%74\\\/uploads\\\/2023\\\/03\\\/1677941881jpg.jpg\",\"contentUrl\":\"https:\\\/\\\/informelitoral.com.ar\\\/%77%70%2d%63%6f%6e%74%65%6e%74\\\/uploads\\\/2023\\\/03\\\/1677941881jpg.jpg\",\"width\":1920,\"height\":1280},{\"@type\":\"BreadcrumbList\",\"@id\":\"https:\\\/\\\/informelitoral.com.ar\\\/bordet-dispuso-la-eliminacion-de-la-carga-tributaria-provincial-de-la-tarifa-electrica\\\/#breadcrumb\",\"itemListElement\":[{\"@type\":\"ListItem\",\"position\":1,\"name\":\"Portada\",\"item\":\"https:\\\/\\\/informelitoral.com.ar\\\/\"},{\"@type\":\"ListItem\",\"position\":2,\"name\":\"Bordet dispuso la eliminaci\u00f3n de la carga tributaria provincial de la tarifa el\u00e9ctrica\"}]},{\"@type\":\"WebSite\",\"@id\":\"https:\\\/\\\/informelitoral.com.ar\\\/#website\",\"url\":\"https:\\\/\\\/informelitoral.com.ar\\\/\",\"name\":\"Informe Litoral\",\"description\":\"&quot;Nos informamos&quot; \",\"publisher\":{\"@id\":\"https:\\\/\\\/informelitoral.com.ar\\\/#organization\"},\"potentialAction\":[{\"@type\":\"SearchAction\",\"target\":{\"@type\":\"EntryPoint\",\"urlTemplate\":\"https:\\\/\\\/informelitoral.com.ar\\\/?s={search_term_string}\"},\"query-input\":{\"@type\":\"PropertyValueSpecification\",\"valueRequired\":true,\"valueName\":\"search_term_string\"}}],\"inLanguage\":\"es\"},{\"@type\":\"Organization\",\"@id\":\"https:\\\/\\\/informelitoral.com.ar\\\/#organization\",\"name\":\"Informe Litoral\",\"url\":\"https:\\\/\\\/informelitoral.com.ar\\\/\",\"logo\":{\"@type\":\"ImageObject\",\"inLanguage\":\"es\",\"@id\":\"https:\\\/\\\/informelitoral.com.ar\\\/#\\\/schema\\\/logo\\\/image\\\/\",\"url\":\"https:\\\/\\\/informelitoral.com.ar\\\/%77%70%2d%63%6f%6e%74%65%6e%74\\\/uploads\\\/2021\\\/01\\\/circulo.png\",\"contentUrl\":\"https:\\\/\\\/informelitoral.com.ar\\\/%77%70%2d%63%6f%6e%74%65%6e%74\\\/uploads\\\/2021\\\/01\\\/circulo.png\",\"width\":723,\"height\":731,\"caption\":\"Informe Litoral\"},\"image\":{\"@id\":\"https:\\\/\\\/informelitoral.com.ar\\\/#\\\/schema\\\/logo\\\/image\\\/\"},\"sameAs\":[\"https:\\\/\\\/www.facebook.com\\\/informelitoral\\\/\",\"https:\\\/\\\/x.com\\\/InformeLitoral\",\"https:\\\/\\\/www.instagram.com\\\/informelitoral\\\/\",\"https:\\\/\\\/www.youtube.com\\\/channel\\\/UCua4Qvz8Icb6MYqhoq9xLXw\"]},{\"@type\":\"Person\",\"@id\":\"https:\\\/\\\/informelitoral.com.ar\\\/#\\\/schema\\\/person\\\/b9d00407c836482871ef1d57bf8e3180\",\"name\":\"Gonzalo Schmidt\",\"image\":{\"@type\":\"ImageObject\",\"inLanguage\":\"es\",\"@id\":\"https:\\\/\\\/secure.gravatar.com\\\/avatar\\\/31a1a7b66ff2de83bd0e9fd79d026630d2d99e55e8bfe501287647b4fd9743de?s=96&d=mm&r=g\",\"url\":\"https:\\\/\\\/secure.gravatar.com\\\/avatar\\\/31a1a7b66ff2de83bd0e9fd79d026630d2d99e55e8bfe501287647b4fd9743de?s=96&d=mm&r=g\",\"contentUrl\":\"https:\\\/\\\/secure.gravatar.com\\\/avatar\\\/31a1a7b66ff2de83bd0e9fd79d026630d2d99e55e8bfe501287647b4fd9743de?s=96&d=mm&r=g\",\"caption\":\"Gonzalo Schmidt\"},\"description\":\"Sitio web de noticias de la provincia de Entre R\u00edos, Argentina. Informaci\u00f3n y entretenimiento. Informe Litoral, nos informamos.\",\"sameAs\":[\"http:\\\/\\\/www.isletasnoticias.com.ar\"],\"url\":\"https:\\\/\\\/informelitoral.com.ar\\\/author\\\/gonzalo\\\/\"}]}<\/script>","yoast_head_json":{"title":"Bordet dispuso la eliminaci\u00f3n de la carga tributaria provincial de la tarifa el\u00e9ctrica - Informe Litoral","robots":{"index":"index","follow":"follow","max-snippet":"max-snippet:-1","max-image-preview":"max-image-preview:large","max-video-preview":"max-video-preview:-1"},"canonical":"https:\/\/informelitoral.com.ar\/bordet-dispuso-la-eliminacion-de-la-carga-tributaria-provincial-de-la-tarifa-electrica\/","og_locale":"es_ES","og_type":"article","og_title":"Bordet dispuso la eliminaci\u00f3n de la carga tributaria provincial de la tarifa el\u00e9ctrica - Informe Litoral","og_description":"El gobernador, Gustavo Bordet, a trav\u00e9s del Decreto N\u00ba 374, dispuso la eliminaci\u00f3n del impuesto provincial en la boleta de la luz. \u201cActuamos para ayudar a las familias entrerrianas. Cumplimos con la palabra empe\u00f1ada y no habr\u00e1 carga provincial en la tarifa el\u00e9ctrica\u201d, expres\u00f3.","og_url":"https:\/\/informelitoral.com.ar\/bordet-dispuso-la-eliminacion-de-la-carga-tributaria-provincial-de-la-tarifa-electrica\/","og_site_name":"Informe Litoral","article_publisher":"https:\/\/www.facebook.com\/informelitoral\/","article_published_time":"2023-03-05T21:33:58+00:00","og_image":[{"width":1920,"height":1280,"url":"https:\/\/informelitoral.com.ar\/%77%70%2d%63%6f%6e%74%65%6e%74\/uploads\/2023\/03\/1677941881jpg.jpg","type":"image\/jpeg"}],"author":"Gonzalo Schmidt","twitter_card":"summary_large_image","twitter_creator":"@InformeLitoral","twitter_site":"@InformeLitoral","twitter_misc":{"Escrito por":"Gonzalo Schmidt","Tiempo de lectura":"3 minutos"},"schema":{"@context":"https:\/\/schema.org","@graph":[{"@type":"Article","@id":"https:\/\/informelitoral.com.ar\/bordet-dispuso-la-eliminacion-de-la-carga-tributaria-provincial-de-la-tarifa-electrica\/#article","isPartOf":{"@id":"https:\/\/informelitoral.com.ar\/bordet-dispuso-la-eliminacion-de-la-carga-tributaria-provincial-de-la-tarifa-electrica\/"},"author":{"name":"Gonzalo Schmidt","@id":"https:\/\/informelitoral.com.ar\/#\/schema\/person\/b9d00407c836482871ef1d57bf8e3180"},"headline":"Bordet dispuso la eliminaci\u00f3n de la carga tributaria provincial de la tarifa el\u00e9ctrica","datePublished":"2023-03-05T21:33:58+00:00","mainEntityOfPage":{"@id":"https:\/\/informelitoral.com.ar\/bordet-dispuso-la-eliminacion-de-la-carga-tributaria-provincial-de-la-tarifa-electrica\/"},"wordCount":593,"commentCount":0,"publisher":{"@id":"https:\/\/informelitoral.com.ar\/#organization"},"image":{"@id":"https:\/\/informelitoral.com.ar\/bordet-dispuso-la-eliminacion-de-la-carga-tributaria-provincial-de-la-tarifa-electrica\/#primaryimage"},"thumbnailUrl":"https:\/\/informelitoral.com.ar\/%77%70%2d%63%6f%6e%74%65%6e%74\/uploads\/2023\/03\/1677941881jpg.jpg","keywords":["Energ\u00eda el\u00e9ctrica","Entre R\u00edos","Gustavo Bordet","Luz","Tarifa el\u00e9ctrica"],"articleSection":["Politica"],"inLanguage":"es","potentialAction":[{"@type":"CommentAction","name":"Comment","target":["https:\/\/informelitoral.com.ar\/bordet-dispuso-la-eliminacion-de-la-carga-tributaria-provincial-de-la-tarifa-electrica\/#respond"]}]},{"@type":"WebPage","@id":"https:\/\/informelitoral.com.ar\/bordet-dispuso-la-eliminacion-de-la-carga-tributaria-provincial-de-la-tarifa-electrica\/","url":"https:\/\/informelitoral.com.ar\/bordet-dispuso-la-eliminacion-de-la-carga-tributaria-provincial-de-la-tarifa-electrica\/","name":"Bordet dispuso la eliminaci\u00f3n de la carga tributaria provincial de la tarifa el\u00e9ctrica - Informe Litoral","isPartOf":{"@id":"https:\/\/informelitoral.com.ar\/#website"},"primaryImageOfPage":{"@id":"https:\/\/informelitoral.com.ar\/bordet-dispuso-la-eliminacion-de-la-carga-tributaria-provincial-de-la-tarifa-electrica\/#primaryimage"},"image":{"@id":"https:\/\/informelitoral.com.ar\/bordet-dispuso-la-eliminacion-de-la-carga-tributaria-provincial-de-la-tarifa-electrica\/#primaryimage"},"thumbnailUrl":"https:\/\/informelitoral.com.ar\/%77%70%2d%63%6f%6e%74%65%6e%74\/uploads\/2023\/03\/1677941881jpg.jpg","datePublished":"2023-03-05T21:33:58+00:00","breadcrumb":{"@id":"https:\/\/informelitoral.com.ar\/bordet-dispuso-la-eliminacion-de-la-carga-tributaria-provincial-de-la-tarifa-electrica\/#breadcrumb"},"inLanguage":"es","potentialAction":[{"@type":"ReadAction","target":["https:\/\/informelitoral.com.ar\/bordet-dispuso-la-eliminacion-de-la-carga-tributaria-provincial-de-la-tarifa-electrica\/"]}]},{"@type":"ImageObject","inLanguage":"es","@id":"https:\/\/informelitoral.com.ar\/bordet-dispuso-la-eliminacion-de-la-carga-tributaria-provincial-de-la-tarifa-electrica\/#primaryimage","url":"https:\/\/informelitoral.com.ar\/%77%70%2d%63%6f%6e%74%65%6e%74\/uploads\/2023\/03\/1677941881jpg.jpg","contentUrl":"https:\/\/informelitoral.com.ar\/%77%70%2d%63%6f%6e%74%65%6e%74\/uploads\/2023\/03\/1677941881jpg.jpg","width":1920,"height":1280},{"@type":"BreadcrumbList","@id":"https:\/\/informelitoral.com.ar\/bordet-dispuso-la-eliminacion-de-la-carga-tributaria-provincial-de-la-tarifa-electrica\/#breadcrumb","itemListElement":[{"@type":"ListItem","position":1,"name":"Portada","item":"https:\/\/informelitoral.com.ar\/"},{"@type":"ListItem","position":2,"name":"Bordet dispuso la eliminaci\u00f3n de la carga tributaria provincial de la tarifa el\u00e9ctrica"}]},{"@type":"WebSite","@id":"https:\/\/informelitoral.com.ar\/#website","url":"https:\/\/informelitoral.com.ar\/","name":"Informe Litoral","description":"&quot;Nos informamos&quot; ","publisher":{"@id":"https:\/\/informelitoral.com.ar\/#organization"},"potentialAction":[{"@type":"SearchAction","target":{"@type":"EntryPoint","urlTemplate":"https:\/\/informelitoral.com.ar\/?s={search_term_string}"},"query-input":{"@type":"PropertyValueSpecification","valueRequired":true,"valueName":"search_term_string"}}],"inLanguage":"es"},{"@type":"Organization","@id":"https:\/\/informelitoral.com.ar\/#organization","name":"Informe Litoral","url":"https:\/\/informelitoral.com.ar\/","logo":{"@type":"ImageObject","inLanguage":"es","@id":"https:\/\/informelitoral.com.ar\/#\/schema\/logo\/image\/","url":"https:\/\/informelitoral.com.ar\/%77%70%2d%63%6f%6e%74%65%6e%74\/uploads\/2021\/01\/circulo.png","contentUrl":"https:\/\/informelitoral.com.ar\/%77%70%2d%63%6f%6e%74%65%6e%74\/uploads\/2021\/01\/circulo.png","width":723,"height":731,"caption":"Informe Litoral"},"image":{"@id":"https:\/\/informelitoral.com.ar\/#\/schema\/logo\/image\/"},"sameAs":["https:\/\/www.facebook.com\/informelitoral\/","https:\/\/x.com\/InformeLitoral","https:\/\/www.instagram.com\/informelitoral\/","https:\/\/www.youtube.com\/channel\/UCua4Qvz8Icb6MYqhoq9xLXw"]},{"@type":"Person","@id":"https:\/\/informelitoral.com.ar\/#\/schema\/person\/b9d00407c836482871ef1d57bf8e3180","name":"Gonzalo Schmidt","image":{"@type":"ImageObject","inLanguage":"es","@id":"https:\/\/secure.gravatar.com\/avatar\/31a1a7b66ff2de83bd0e9fd79d026630d2d99e55e8bfe501287647b4fd9743de?s=96&d=mm&r=g","url":"https:\/\/secure.gravatar.com\/avatar\/31a1a7b66ff2de83bd0e9fd79d026630d2d99e55e8bfe501287647b4fd9743de?s=96&d=mm&r=g","contentUrl":"https:\/\/secure.gravatar.com\/avatar\/31a1a7b66ff2de83bd0e9fd79d026630d2d99e55e8bfe501287647b4fd9743de?s=96&d=mm&r=g","caption":"Gonzalo Schmidt"},"description":"Sitio web de noticias de la provincia de Entre R\u00edos, Argentina. Informaci\u00f3n y entretenimiento. Informe Litoral, nos informamos.","sameAs":["http:\/\/www.isletasnoticias.com.ar"],"url":"https:\/\/informelitoral.com.ar\/author\/gonzalo\/"}]}},"_links":{"self":[{"href":"https:\/\/informelitoral.com.ar\/%77%70%2d%6a%73%6f%6e\/wp\/v2\/posts\/123050","targetHints":{"allow":["GET"]}}],"collection":[{"href":"https:\/\/informelitoral.com.ar\/%77%70%2d%6a%73%6f%6e\/wp\/v2\/posts"}],"about":[{"href":"https:\/\/informelitoral.com.ar\/%77%70%2d%6a%73%6f%6e\/wp\/v2\/types\/post"}],"author":[{"embeddable":true,"href":"https:\/\/informelitoral.com.ar\/%77%70%2d%6a%73%6f%6e\/wp\/v2\/users\/2"}],"replies":[{"embeddable":true,"href":"https:\/\/informelitoral.com.ar\/%77%70%2d%6a%73%6f%6e\/wp\/v2\/comments?post=123050"}],"version-history":[{"count":0,"href":"https:\/\/informelitoral.com.ar\/%77%70%2d%6a%73%6f%6e\/wp\/v2\/posts\/123050\/revisions"}],"wp:featuredmedia":[{"embeddable":true,"href":"https:\/\/informelitoral.com.ar\/%77%70%2d%6a%73%6f%6e\/wp\/v2\/media\/123051"}],"wp:attachment":[{"href":"https:\/\/informelitoral.com.ar\/%77%70%2d%6a%73%6f%6e\/wp\/v2\/media?parent=123050"}],"wp:term":[{"taxonomy":"category","embeddable":true,"href":"https:\/\/informelitoral.com.ar\/%77%70%2d%6a%73%6f%6e\/wp\/v2\/categories?post=123050"},{"taxonomy":"post_tag","embeddable":true,"href":"https:\/\/informelitoral.com.ar\/%77%70%2d%6a%73%6f%6e\/wp\/v2\/tags?post=123050"}],"curies":[{"name":"wp","href":"https:\/\/api.w.org\/{rel}","templated":true}]}}