{"id":123047,"date":"2023-03-05T18:24:21","date_gmt":"2023-03-05T21:24:21","guid":{"rendered":"https:\/\/www.informelitoral.com.ar\/?p=123047"},"modified":"2023-03-05T18:26:07","modified_gmt":"2023-03-05T21:26:07","slug":"este-miercoles-habra-reunion-conjunta-de-las-comisiones-de-legislacion-general-y-de-presupuesto-y-hacienda","status":"publish","type":"post","link":"https:\/\/informelitoral.com.ar\/este-miercoles-habra-reunion-conjunta-de-las-comisiones-de-legislacion-general-y-de-presupuesto-y-hacienda\/","title":{"rendered":"Este mi\u00e9rcoles habr\u00e1 reuni\u00f3n conjunta de las comisiones de Legislaci\u00f3n General y de Presupuesto y Hacienda"},"content":{"rendered":"<p>A las 10 de este mi\u00e9rcoles habr\u00e1 una reuni\u00f3n conjunta entre las comisiones de Legislaci\u00f3n General que preside la senadora <strong>Claudia Gieco<\/strong> y de Presupuesto y Hacienda que encabeza <strong>Amilcar Genre Bert.<\/strong><br aria-hidden=\"true\" \/><br aria-hidden=\"true\" \/>En la oportunidad, <span style=\"background-color: #ffff00;\">habr\u00e1 cuatro expedientes en tratamiento<\/span>: <strong>El N\u00b0 14.334 que es un proyecto de Ley por el que se crea un Juzgado de Primera Instancia del Trabajo con asiento en la ciudad de Concordia,<\/strong> que tendr\u00e1 jurisdicci\u00f3n y competencia territorial en los Departamentos Concordia, Federal y Federaci\u00f3n y <strong>el N\u00b0 14.540 por el que se crean un total de 152 en el \u00e1mbito de la Jurisdicci\u00f3n 02 del Poder Judicial de Entre R\u00edos.<\/strong> Para el abordaje de estas iniciativas concurrir\u00e1 como invitada Elena Salom\u00f3n que es la Secretaria de superintendencia N\u00b01 del Superior Tribunal de Justicia de Entre R\u00edos.<br aria-hidden=\"true\" \/><br aria-hidden=\"true\" \/>Por otro lado, tambi\u00e9n formar\u00e1 parte del temario de la reuni\u00f3n, el tratamiento del <strong>expediente N\u00b0 14.541 que es un proyecto de Ley por el que se crean un total de sesenta y siete cargos en el \u00e1mbito de la Jurisdicci\u00f3n 02 \u2013 Poder Judicial de Entre R\u00edos, Programa 23 del Ministerio P\u00fablico de la Defensa.<\/strong> Para brindar su parecer respecto a este tema, participar\u00e1 como invitado Maximiliano Benitez, Defensor General de la Provincia.<br aria-hidden=\"true\" \/><br aria-hidden=\"true\" \/>En otro orden, tambi\u00e9n <strong>ser\u00e1 tratado el expediente N\u00b0 14.556 que consiste en un proyecto de Ley por el que se crean en la jurisdicci\u00f3n de la Polic\u00eda de la Provincia de Entre R\u00edos, trescientos cargos de agentes de la polic\u00eda,<\/strong> quienes deber\u00e1n abocarse con car\u00e1cter excluyente, a la tarea de seguridad en las distintas dependencias policiales, no pudiendo cumplir tareas administrativas ni de ninguna otra naturaleza.<\/p>\n","protected":false},"excerpt":{"rendered":"<p>Est\u00e1 previsto que trabajen en torno a proyectos que establecen la creaci\u00f3n de cargos en la Justicia y por otro lado, en la Polic\u00eda de Entre R\u00edos. <\/p>\n","protected":false},"author":2,"featured_media":123048,"comment_status":"open","ping_status":"open","sticky":false,"template":"","format":"standard","meta":{"fifu_image_url":"","fifu_image_alt":"","footnotes":""},"categories":[16],"tags":[464],"class_list":{"0":"post-123047","1":"post","2":"type-post","3":"status-publish","4":"format-standard","5":"has-post-thumbnail","7":"category-politi","8":"tag-senado"},"yoast_head":"<title>Este mi\u00e9rcoles habr\u00e1 reuni\u00f3n conjunta de las comisiones de Legislaci\u00f3n General y de Presupuesto y Hacienda - Informe Litoral<\/title>\n<meta name=\"robots\" content=\"index, follow, max-snippet:-1, max-image-preview:large, max-video-preview:-1\" \/>\n<link rel=\"canonical\" href=\"https:\/\/informelitoral.com.ar\/este-miercoles-habra-reunion-conjunta-de-las-comisiones-de-legislacion-general-y-de-presupuesto-y-hacienda\/\" \/>\n<meta property=\"og:locale\" content=\"es_ES\" \/>\n<meta property=\"og:type\" content=\"article\" \/>\n<meta property=\"og:title\" content=\"Este mi\u00e9rcoles habr\u00e1 reuni\u00f3n conjunta de las comisiones de Legislaci\u00f3n General y de Presupuesto y Hacienda - Informe Litoral\" \/>\n<meta property=\"og:description\" content=\"Est\u00e1 previsto que trabajen en torno a proyectos que establecen la creaci\u00f3n de cargos en la Justicia y por otro lado, en la Polic\u00eda de Entre R\u00edos.\" \/>\n<meta property=\"og:url\" content=\"https:\/\/informelitoral.com.ar\/este-miercoles-habra-reunion-conjunta-de-las-comisiones-de-legislacion-general-y-de-presupuesto-y-hacienda\/\" \/>\n<meta property=\"og:site_name\" content=\"Informe Litoral\" \/>\n<meta property=\"article:publisher\" content=\"https:\/\/www.facebook.com\/informelitoral\/\" \/>\n<meta property=\"article:published_time\" content=\"2023-03-05T21:24:21+00:00\" \/>\n<meta property=\"article:modified_time\" content=\"2023-03-05T21:26:07+00:00\" \/>\n<meta property=\"og:image\" content=\"https:\/\/informelitoral.com.ar\/%77%70%2d%63%6f%6e%74%65%6e%74\/uploads\/2023\/03\/8c074d0f-20ec-404a-e41d-18717a5e963c.jpg\" \/>\n\t<meta property=\"og:image:width\" content=\"860\" \/>\n\t<meta property=\"og:image:height\" content=\"573\" \/>\n\t<meta property=\"og:image:type\" content=\"image\/jpeg\" \/>\n<meta name=\"author\" content=\"Gonzalo Schmidt\" \/>\n<meta name=\"twitter:card\" content=\"summary_large_image\" \/>\n<meta name=\"twitter:creator\" content=\"@InformeLitoral\" \/>\n<meta name=\"twitter:site\" content=\"@InformeLitoral\" \/>\n<meta name=\"twitter:label1\" content=\"Escrito por\" \/>\n\t<meta name=\"twitter:data1\" content=\"Gonzalo Schmidt\" \/>\n\t<meta name=\"twitter:label2\" content=\"Tiempo de lectura\" \/>\n\t<meta name=\"twitter:data2\" content=\"1 minuto\" \/>\n<script type=\"application\/ld+json\" class=\"yoast-schema-graph\">{\"@context\":\"https:\\\/\\\/schema.org\",\"@graph\":[{\"@type\":\"Article\",\"@id\":\"https:\\\/\\\/informelitoral.com.ar\\\/este-miercoles-habra-reunion-conjunta-de-las-comisiones-de-legislacion-general-y-de-presupuesto-y-hacienda\\\/#article\",\"isPartOf\":{\"@id\":\"https:\\\/\\\/informelitoral.com.ar\\\/este-miercoles-habra-reunion-conjunta-de-las-comisiones-de-legislacion-general-y-de-presupuesto-y-hacienda\\\/\"},\"author\":{\"name\":\"Gonzalo Schmidt\",\"@id\":\"https:\\\/\\\/informelitoral.com.ar\\\/#\\\/schema\\\/person\\\/b9d00407c836482871ef1d57bf8e3180\"},\"headline\":\"Este mi\u00e9rcoles habr\u00e1 reuni\u00f3n conjunta de las comisiones de Legislaci\u00f3n General y de Presupuesto y Hacienda\",\"datePublished\":\"2023-03-05T21:24:21+00:00\",\"dateModified\":\"2023-03-05T21:26:07+00:00\",\"mainEntityOfPage\":{\"@id\":\"https:\\\/\\\/informelitoral.com.ar\\\/este-miercoles-habra-reunion-conjunta-de-las-comisiones-de-legislacion-general-y-de-presupuesto-y-hacienda\\\/\"},\"wordCount\":304,\"commentCount\":0,\"publisher\":{\"@id\":\"https:\\\/\\\/informelitoral.com.ar\\\/#organization\"},\"image\":{\"@id\":\"https:\\\/\\\/informelitoral.com.ar\\\/este-miercoles-habra-reunion-conjunta-de-las-comisiones-de-legislacion-general-y-de-presupuesto-y-hacienda\\\/#primaryimage\"},\"thumbnailUrl\":\"https:\\\/\\\/informelitoral.com.ar\\\/%77%70%2d%63%6f%6e%74%65%6e%74\\\/uploads\\\/2023\\\/03\\\/8c074d0f-20ec-404a-e41d-18717a5e963c.jpg\",\"keywords\":[\"Senado\"],\"articleSection\":[\"Politica\"],\"inLanguage\":\"es\",\"potentialAction\":[{\"@type\":\"CommentAction\",\"name\":\"Comment\",\"target\":[\"https:\\\/\\\/informelitoral.com.ar\\\/este-miercoles-habra-reunion-conjunta-de-las-comisiones-de-legislacion-general-y-de-presupuesto-y-hacienda\\\/#respond\"]}]},{\"@type\":\"WebPage\",\"@id\":\"https:\\\/\\\/informelitoral.com.ar\\\/este-miercoles-habra-reunion-conjunta-de-las-comisiones-de-legislacion-general-y-de-presupuesto-y-hacienda\\\/\",\"url\":\"https:\\\/\\\/informelitoral.com.ar\\\/este-miercoles-habra-reunion-conjunta-de-las-comisiones-de-legislacion-general-y-de-presupuesto-y-hacienda\\\/\",\"name\":\"Este mi\u00e9rcoles habr\u00e1 reuni\u00f3n conjunta de las comisiones de Legislaci\u00f3n General y de Presupuesto y Hacienda - Informe Litoral\",\"isPartOf\":{\"@id\":\"https:\\\/\\\/informelitoral.com.ar\\\/#website\"},\"primaryImageOfPage\":{\"@id\":\"https:\\\/\\\/informelitoral.com.ar\\\/este-miercoles-habra-reunion-conjunta-de-las-comisiones-de-legislacion-general-y-de-presupuesto-y-hacienda\\\/#primaryimage\"},\"image\":{\"@id\":\"https:\\\/\\\/informelitoral.com.ar\\\/este-miercoles-habra-reunion-conjunta-de-las-comisiones-de-legislacion-general-y-de-presupuesto-y-hacienda\\\/#primaryimage\"},\"thumbnailUrl\":\"https:\\\/\\\/informelitoral.com.ar\\\/%77%70%2d%63%6f%6e%74%65%6e%74\\\/uploads\\\/2023\\\/03\\\/8c074d0f-20ec-404a-e41d-18717a5e963c.jpg\",\"datePublished\":\"2023-03-05T21:24:21+00:00\",\"dateModified\":\"2023-03-05T21:26:07+00:00\",\"breadcrumb\":{\"@id\":\"https:\\\/\\\/informelitoral.com.ar\\\/este-miercoles-habra-reunion-conjunta-de-las-comisiones-de-legislacion-general-y-de-presupuesto-y-hacienda\\\/#breadcrumb\"},\"inLanguage\":\"es\",\"potentialAction\":[{\"@type\":\"ReadAction\",\"target\":[\"https:\\\/\\\/informelitoral.com.ar\\\/este-miercoles-habra-reunion-conjunta-de-las-comisiones-de-legislacion-general-y-de-presupuesto-y-hacienda\\\/\"]}]},{\"@type\":\"ImageObject\",\"inLanguage\":\"es\",\"@id\":\"https:\\\/\\\/informelitoral.com.ar\\\/este-miercoles-habra-reunion-conjunta-de-las-comisiones-de-legislacion-general-y-de-presupuesto-y-hacienda\\\/#primaryimage\",\"url\":\"https:\\\/\\\/informelitoral.com.ar\\\/%77%70%2d%63%6f%6e%74%65%6e%74\\\/uploads\\\/2023\\\/03\\\/8c074d0f-20ec-404a-e41d-18717a5e963c.jpg\",\"contentUrl\":\"https:\\\/\\\/informelitoral.com.ar\\\/%77%70%2d%63%6f%6e%74%65%6e%74\\\/uploads\\\/2023\\\/03\\\/8c074d0f-20ec-404a-e41d-18717a5e963c.jpg\",\"width\":860,\"height\":573},{\"@type\":\"BreadcrumbList\",\"@id\":\"https:\\\/\\\/informelitoral.com.ar\\\/este-miercoles-habra-reunion-conjunta-de-las-comisiones-de-legislacion-general-y-de-presupuesto-y-hacienda\\\/#breadcrumb\",\"itemListElement\":[{\"@type\":\"ListItem\",\"position\":1,\"name\":\"Portada\",\"item\":\"https:\\\/\\\/informelitoral.com.ar\\\/\"},{\"@type\":\"ListItem\",\"position\":2,\"name\":\"Este mi\u00e9rcoles habr\u00e1 reuni\u00f3n conjunta de las comisiones de Legislaci\u00f3n General y de Presupuesto y Hacienda\"}]},{\"@type\":\"WebSite\",\"@id\":\"https:\\\/\\\/informelitoral.com.ar\\\/#website\",\"url\":\"https:\\\/\\\/informelitoral.com.ar\\\/\",\"name\":\"Informe Litoral\",\"description\":\"&quot;Nos informamos&quot; \",\"publisher\":{\"@id\":\"https:\\\/\\\/informelitoral.com.ar\\\/#organization\"},\"potentialAction\":[{\"@type\":\"SearchAction\",\"target\":{\"@type\":\"EntryPoint\",\"urlTemplate\":\"https:\\\/\\\/informelitoral.com.ar\\\/?s={search_term_string}\"},\"query-input\":{\"@type\":\"PropertyValueSpecification\",\"valueRequired\":true,\"valueName\":\"search_term_string\"}}],\"inLanguage\":\"es\"},{\"@type\":\"Organization\",\"@id\":\"https:\\\/\\\/informelitoral.com.ar\\\/#organization\",\"name\":\"Informe Litoral\",\"url\":\"https:\\\/\\\/informelitoral.com.ar\\\/\",\"logo\":{\"@type\":\"ImageObject\",\"inLanguage\":\"es\",\"@id\":\"https:\\\/\\\/informelitoral.com.ar\\\/#\\\/schema\\\/logo\\\/image\\\/\",\"url\":\"https:\\\/\\\/informelitoral.com.ar\\\/%77%70%2d%63%6f%6e%74%65%6e%74\\\/uploads\\\/2021\\\/01\\\/circulo.png\",\"contentUrl\":\"https:\\\/\\\/informelitoral.com.ar\\\/%77%70%2d%63%6f%6e%74%65%6e%74\\\/uploads\\\/2021\\\/01\\\/circulo.png\",\"width\":723,\"height\":731,\"caption\":\"Informe Litoral\"},\"image\":{\"@id\":\"https:\\\/\\\/informelitoral.com.ar\\\/#\\\/schema\\\/logo\\\/image\\\/\"},\"sameAs\":[\"https:\\\/\\\/www.facebook.com\\\/informelitoral\\\/\",\"https:\\\/\\\/x.com\\\/InformeLitoral\",\"https:\\\/\\\/www.instagram.com\\\/informelitoral\\\/\",\"https:\\\/\\\/www.youtube.com\\\/channel\\\/UCua4Qvz8Icb6MYqhoq9xLXw\"]},{\"@type\":\"Person\",\"@id\":\"https:\\\/\\\/informelitoral.com.ar\\\/#\\\/schema\\\/person\\\/b9d00407c836482871ef1d57bf8e3180\",\"name\":\"Gonzalo Schmidt\",\"image\":{\"@type\":\"ImageObject\",\"inLanguage\":\"es\",\"@id\":\"https:\\\/\\\/secure.gravatar.com\\\/avatar\\\/31a1a7b66ff2de83bd0e9fd79d026630d2d99e55e8bfe501287647b4fd9743de?s=96&d=mm&r=g\",\"url\":\"https:\\\/\\\/secure.gravatar.com\\\/avatar\\\/31a1a7b66ff2de83bd0e9fd79d026630d2d99e55e8bfe501287647b4fd9743de?s=96&d=mm&r=g\",\"contentUrl\":\"https:\\\/\\\/secure.gravatar.com\\\/avatar\\\/31a1a7b66ff2de83bd0e9fd79d026630d2d99e55e8bfe501287647b4fd9743de?s=96&d=mm&r=g\",\"caption\":\"Gonzalo Schmidt\"},\"description\":\"Sitio web de noticias de la provincia de Entre R\u00edos, Argentina. Informaci\u00f3n y entretenimiento. Informe Litoral, nos informamos.\",\"sameAs\":[\"http:\\\/\\\/www.isletasnoticias.com.ar\"],\"url\":\"https:\\\/\\\/informelitoral.com.ar\\\/author\\\/gonzalo\\\/\"}]}<\/script>","yoast_head_json":{"title":"Este mi\u00e9rcoles habr\u00e1 reuni\u00f3n conjunta de las comisiones de Legislaci\u00f3n General y de Presupuesto y Hacienda - Informe Litoral","robots":{"index":"index","follow":"follow","max-snippet":"max-snippet:-1","max-image-preview":"max-image-preview:large","max-video-preview":"max-video-preview:-1"},"canonical":"https:\/\/informelitoral.com.ar\/este-miercoles-habra-reunion-conjunta-de-las-comisiones-de-legislacion-general-y-de-presupuesto-y-hacienda\/","og_locale":"es_ES","og_type":"article","og_title":"Este mi\u00e9rcoles habr\u00e1 reuni\u00f3n conjunta de las comisiones de Legislaci\u00f3n General y de Presupuesto y Hacienda - Informe Litoral","og_description":"Est\u00e1 previsto que trabajen en torno a proyectos que establecen la creaci\u00f3n de cargos en la Justicia y por otro lado, en la Polic\u00eda de Entre R\u00edos.","og_url":"https:\/\/informelitoral.com.ar\/este-miercoles-habra-reunion-conjunta-de-las-comisiones-de-legislacion-general-y-de-presupuesto-y-hacienda\/","og_site_name":"Informe Litoral","article_publisher":"https:\/\/www.facebook.com\/informelitoral\/","article_published_time":"2023-03-05T21:24:21+00:00","article_modified_time":"2023-03-05T21:26:07+00:00","og_image":[{"width":860,"height":573,"url":"https:\/\/informelitoral.com.ar\/%77%70%2d%63%6f%6e%74%65%6e%74\/uploads\/2023\/03\/8c074d0f-20ec-404a-e41d-18717a5e963c.jpg","type":"image\/jpeg"}],"author":"Gonzalo Schmidt","twitter_card":"summary_large_image","twitter_creator":"@InformeLitoral","twitter_site":"@InformeLitoral","twitter_misc":{"Escrito por":"Gonzalo Schmidt","Tiempo de lectura":"1 minuto"},"schema":{"@context":"https:\/\/schema.org","@graph":[{"@type":"Article","@id":"https:\/\/informelitoral.com.ar\/este-miercoles-habra-reunion-conjunta-de-las-comisiones-de-legislacion-general-y-de-presupuesto-y-hacienda\/#article","isPartOf":{"@id":"https:\/\/informelitoral.com.ar\/este-miercoles-habra-reunion-conjunta-de-las-comisiones-de-legislacion-general-y-de-presupuesto-y-hacienda\/"},"author":{"name":"Gonzalo Schmidt","@id":"https:\/\/informelitoral.com.ar\/#\/schema\/person\/b9d00407c836482871ef1d57bf8e3180"},"headline":"Este mi\u00e9rcoles habr\u00e1 reuni\u00f3n conjunta de las comisiones de Legislaci\u00f3n General y de Presupuesto y Hacienda","datePublished":"2023-03-05T21:24:21+00:00","dateModified":"2023-03-05T21:26:07+00:00","mainEntityOfPage":{"@id":"https:\/\/informelitoral.com.ar\/este-miercoles-habra-reunion-conjunta-de-las-comisiones-de-legislacion-general-y-de-presupuesto-y-hacienda\/"},"wordCount":304,"commentCount":0,"publisher":{"@id":"https:\/\/informelitoral.com.ar\/#organization"},"image":{"@id":"https:\/\/informelitoral.com.ar\/este-miercoles-habra-reunion-conjunta-de-las-comisiones-de-legislacion-general-y-de-presupuesto-y-hacienda\/#primaryimage"},"thumbnailUrl":"https:\/\/informelitoral.com.ar\/%77%70%2d%63%6f%6e%74%65%6e%74\/uploads\/2023\/03\/8c074d0f-20ec-404a-e41d-18717a5e963c.jpg","keywords":["Senado"],"articleSection":["Politica"],"inLanguage":"es","potentialAction":[{"@type":"CommentAction","name":"Comment","target":["https:\/\/informelitoral.com.ar\/este-miercoles-habra-reunion-conjunta-de-las-comisiones-de-legislacion-general-y-de-presupuesto-y-hacienda\/#respond"]}]},{"@type":"WebPage","@id":"https:\/\/informelitoral.com.ar\/este-miercoles-habra-reunion-conjunta-de-las-comisiones-de-legislacion-general-y-de-presupuesto-y-hacienda\/","url":"https:\/\/informelitoral.com.ar\/este-miercoles-habra-reunion-conjunta-de-las-comisiones-de-legislacion-general-y-de-presupuesto-y-hacienda\/","name":"Este mi\u00e9rcoles habr\u00e1 reuni\u00f3n conjunta de las comisiones de Legislaci\u00f3n General y de Presupuesto y Hacienda - Informe Litoral","isPartOf":{"@id":"https:\/\/informelitoral.com.ar\/#website"},"primaryImageOfPage":{"@id":"https:\/\/informelitoral.com.ar\/este-miercoles-habra-reunion-conjunta-de-las-comisiones-de-legislacion-general-y-de-presupuesto-y-hacienda\/#primaryimage"},"image":{"@id":"https:\/\/informelitoral.com.ar\/este-miercoles-habra-reunion-conjunta-de-las-comisiones-de-legislacion-general-y-de-presupuesto-y-hacienda\/#primaryimage"},"thumbnailUrl":"https:\/\/informelitoral.com.ar\/%77%70%2d%63%6f%6e%74%65%6e%74\/uploads\/2023\/03\/8c074d0f-20ec-404a-e41d-18717a5e963c.jpg","datePublished":"2023-03-05T21:24:21+00:00","dateModified":"2023-03-05T21:26:07+00:00","breadcrumb":{"@id":"https:\/\/informelitoral.com.ar\/este-miercoles-habra-reunion-conjunta-de-las-comisiones-de-legislacion-general-y-de-presupuesto-y-hacienda\/#breadcrumb"},"inLanguage":"es","potentialAction":[{"@type":"ReadAction","target":["https:\/\/informelitoral.com.ar\/este-miercoles-habra-reunion-conjunta-de-las-comisiones-de-legislacion-general-y-de-presupuesto-y-hacienda\/"]}]},{"@type":"ImageObject","inLanguage":"es","@id":"https:\/\/informelitoral.com.ar\/este-miercoles-habra-reunion-conjunta-de-las-comisiones-de-legislacion-general-y-de-presupuesto-y-hacienda\/#primaryimage","url":"https:\/\/informelitoral.com.ar\/%77%70%2d%63%6f%6e%74%65%6e%74\/uploads\/2023\/03\/8c074d0f-20ec-404a-e41d-18717a5e963c.jpg","contentUrl":"https:\/\/informelitoral.com.ar\/%77%70%2d%63%6f%6e%74%65%6e%74\/uploads\/2023\/03\/8c074d0f-20ec-404a-e41d-18717a5e963c.jpg","width":860,"height":573},{"@type":"BreadcrumbList","@id":"https:\/\/informelitoral.com.ar\/este-miercoles-habra-reunion-conjunta-de-las-comisiones-de-legislacion-general-y-de-presupuesto-y-hacienda\/#breadcrumb","itemListElement":[{"@type":"ListItem","position":1,"name":"Portada","item":"https:\/\/informelitoral.com.ar\/"},{"@type":"ListItem","position":2,"name":"Este mi\u00e9rcoles habr\u00e1 reuni\u00f3n conjunta de las comisiones de Legislaci\u00f3n General y de Presupuesto y Hacienda"}]},{"@type":"WebSite","@id":"https:\/\/informelitoral.com.ar\/#website","url":"https:\/\/informelitoral.com.ar\/","name":"Informe Litoral","description":"&quot;Nos informamos&quot; ","publisher":{"@id":"https:\/\/informelitoral.com.ar\/#organization"},"potentialAction":[{"@type":"SearchAction","target":{"@type":"EntryPoint","urlTemplate":"https:\/\/informelitoral.com.ar\/?s={search_term_string}"},"query-input":{"@type":"PropertyValueSpecification","valueRequired":true,"valueName":"search_term_string"}}],"inLanguage":"es"},{"@type":"Organization","@id":"https:\/\/informelitoral.com.ar\/#organization","name":"Informe Litoral","url":"https:\/\/informelitoral.com.ar\/","logo":{"@type":"ImageObject","inLanguage":"es","@id":"https:\/\/informelitoral.com.ar\/#\/schema\/logo\/image\/","url":"https:\/\/informelitoral.com.ar\/%77%70%2d%63%6f%6e%74%65%6e%74\/uploads\/2021\/01\/circulo.png","contentUrl":"https:\/\/informelitoral.com.ar\/%77%70%2d%63%6f%6e%74%65%6e%74\/uploads\/2021\/01\/circulo.png","width":723,"height":731,"caption":"Informe Litoral"},"image":{"@id":"https:\/\/informelitoral.com.ar\/#\/schema\/logo\/image\/"},"sameAs":["https:\/\/www.facebook.com\/informelitoral\/","https:\/\/x.com\/InformeLitoral","https:\/\/www.instagram.com\/informelitoral\/","https:\/\/www.youtube.com\/channel\/UCua4Qvz8Icb6MYqhoq9xLXw"]},{"@type":"Person","@id":"https:\/\/informelitoral.com.ar\/#\/schema\/person\/b9d00407c836482871ef1d57bf8e3180","name":"Gonzalo Schmidt","image":{"@type":"ImageObject","inLanguage":"es","@id":"https:\/\/secure.gravatar.com\/avatar\/31a1a7b66ff2de83bd0e9fd79d026630d2d99e55e8bfe501287647b4fd9743de?s=96&d=mm&r=g","url":"https:\/\/secure.gravatar.com\/avatar\/31a1a7b66ff2de83bd0e9fd79d026630d2d99e55e8bfe501287647b4fd9743de?s=96&d=mm&r=g","contentUrl":"https:\/\/secure.gravatar.com\/avatar\/31a1a7b66ff2de83bd0e9fd79d026630d2d99e55e8bfe501287647b4fd9743de?s=96&d=mm&r=g","caption":"Gonzalo Schmidt"},"description":"Sitio web de noticias de la provincia de Entre R\u00edos, Argentina. Informaci\u00f3n y entretenimiento. Informe Litoral, nos informamos.","sameAs":["http:\/\/www.isletasnoticias.com.ar"],"url":"https:\/\/informelitoral.com.ar\/author\/gonzalo\/"}]}},"_links":{"self":[{"href":"https:\/\/informelitoral.com.ar\/%77%70%2d%6a%73%6f%6e\/wp\/v2\/posts\/123047","targetHints":{"allow":["GET"]}}],"collection":[{"href":"https:\/\/informelitoral.com.ar\/%77%70%2d%6a%73%6f%6e\/wp\/v2\/posts"}],"about":[{"href":"https:\/\/informelitoral.com.ar\/%77%70%2d%6a%73%6f%6e\/wp\/v2\/types\/post"}],"author":[{"embeddable":true,"href":"https:\/\/informelitoral.com.ar\/%77%70%2d%6a%73%6f%6e\/wp\/v2\/users\/2"}],"replies":[{"embeddable":true,"href":"https:\/\/informelitoral.com.ar\/%77%70%2d%6a%73%6f%6e\/wp\/v2\/comments?post=123047"}],"version-history":[{"count":0,"href":"https:\/\/informelitoral.com.ar\/%77%70%2d%6a%73%6f%6e\/wp\/v2\/posts\/123047\/revisions"}],"wp:featuredmedia":[{"embeddable":true,"href":"https:\/\/informelitoral.com.ar\/%77%70%2d%6a%73%6f%6e\/wp\/v2\/media\/123048"}],"wp:attachment":[{"href":"https:\/\/informelitoral.com.ar\/%77%70%2d%6a%73%6f%6e\/wp\/v2\/media?parent=123047"}],"wp:term":[{"taxonomy":"category","embeddable":true,"href":"https:\/\/informelitoral.com.ar\/%77%70%2d%6a%73%6f%6e\/wp\/v2\/categories?post=123047"},{"taxonomy":"post_tag","embeddable":true,"href":"https:\/\/informelitoral.com.ar\/%77%70%2d%6a%73%6f%6e\/wp\/v2\/tags?post=123047"}],"curies":[{"name":"wp","href":"https:\/\/api.w.org\/{rel}","templated":true}]}}