{"id":123044,"date":"2023-03-05T18:20:48","date_gmt":"2023-03-05T21:20:48","guid":{"rendered":"https:\/\/www.informelitoral.com.ar\/?p=123044"},"modified":"2023-03-05T18:20:48","modified_gmt":"2023-03-05T21:20:48","slug":"abrieron-las-preinscripciones-a-la-diplomatura-en-comunicacion-institucional-y-gestion-de-redes-sociales","status":"publish","type":"post","link":"https:\/\/informelitoral.com.ar\/abrieron-las-preinscripciones-a-la-diplomatura-en-comunicacion-institucional-y-gestion-de-redes-sociales\/","title":{"rendered":"Abrieron las preinscripciones a la Diplomatura en Comunicaci\u00f3n Institucional y Gesti\u00f3n de Redes Sociales"},"content":{"rendered":"<p>El lunes 3 de abril dar\u00e1 inici\u00f3 la Diplomatura en Comunicaci\u00f3n Institucional y Gesti\u00f3n de Redes Sociales a cargo del equipo docente de la Facultad de Ciencias de la Educaci\u00f3n de la UNER, y tiene como objetivos que sus egresados generen herramientas para analizar e integrar la comunicaci\u00f3n digital en la gesti\u00f3n de la comunicaci\u00f3n institucional de organizaciones p\u00fablicas y de la sociedad civil, impulsar el desarrollo de criterios claros y estrategias integrales para la gesti\u00f3n, contribuyendo al desarrollo del posicionamiento y la reputaci\u00f3n de las organizaciones promoviendo principalmente la transparencia institucional.<br aria-hidden=\"true\" \/>Est\u00e1 destinada a integrantes de equipos de comunicaci\u00f3n del \u00e1mbito p\u00fablico, organizaciones civiles, estudiantes de comunicaci\u00f3n\/periodismo interesados en la tem\u00e1tica.<br aria-hidden=\"true\" \/>\u00a0<br aria-hidden=\"true\" \/><strong>Cursado y contenido<\/strong><\/p>\n<p>El cursado de la diplomatura ser\u00e1 quincenal, mediante modalidad mixta, es decir que contar\u00e1 con tres (3) encuentros presenciales y se completar\u00e1 con encuentros virtuales sincr\u00f3nicos y asincr\u00f3nicos, a trav\u00e9s del entorno EduVirtual de la Facultad de Ciencias de la Educaci\u00f3n de la UNER. Tiene una carga horaria de 150 horas reloj.<br aria-hidden=\"true\" \/>La certificaci\u00f3n de la Diplomatura se obtendr\u00e1 tras completar una asistencia y aprobaci\u00f3n del 80% de las actividades y la entrega y aprobaci\u00f3n del trabajo final.<br aria-hidden=\"true\" \/>La diplomatura comprende cinco (5) m\u00f3dulos sobre los siguientes ejes tem\u00e1ticos: planificaci\u00f3n en comunicaci\u00f3n institucional, asuntos p\u00fablicos y comunicaci\u00f3n de crisis, comunicaci\u00f3n digital y gesti\u00f3n de redes sociales, narrativas digitales y storytelling y plan de comunicaci\u00f3n aplicado a redes institucionales.<br aria-hidden=\"true\" \/>\u00a0<br aria-hidden=\"true\" \/><strong>Preinscripci\u00f3n<\/strong><\/p>\n<p>Las y los interesadas\/os en preinscribirse (cupo limitado) podr\u00e1n completar el formulario hasta el 19 de marzo que se encuentra en el siguiente link:\u00a0<a href=\"https:\/\/gmail.us4.list-manage.com\/track\/click?u=a7c0b679790824652097654fd&amp;id=d5e2326aad&amp;e=c40a692e11\" target=\"_blank\" rel=\"noreferrer noopener\" data-auth=\"NotApplicable\" data-saferedirecturl=\"https:\/\/www.google.com\/url?q=https:\/\/www.senadoer.gob.ar\/instituto-formacion-legislativa\/inscripciones-sa\/&amp;source=gmail&amp;ust=1677966024859000&amp;usg=AOvVaw2v_vkzdZiG9i7gdV4zALeK\" data-linkindex=\"0\">https:\/\/www.senadoer.gob.ar\/instituto-formacion-legislativa\/inscripciones-sa\/<\/a><\/p>\n","protected":false},"excerpt":{"rendered":"<p>El cursado inicia el lunes 3 de abril de 2023. Tendr\u00e1 modalidad mixta (virtual y presencial), no arancelada y cupo limitado. La propuesta se llevar\u00e1 adelante por la Facultad de Ciencias de la Educaci\u00f3n de la UNER y la Vicegobernaci\u00f3n a trav\u00e9s del Instituto de Formaci\u00f3n Legislativa.<\/p>\n","protected":false},"author":2,"featured_media":123045,"comment_status":"open","ping_status":"open","sticky":false,"template":"","format":"standard","meta":{"fifu_image_url":"","fifu_image_alt":"","footnotes":""},"categories":[6],"tags":[81,62,1654],"class_list":{"0":"post-123044","1":"post","2":"type-post","3":"status-publish","4":"format-standard","5":"has-post-thumbnail","7":"category-entre-rios","8":"tag-entre-rios","9":"tag-uner","10":"tag-vicegobernacion"},"yoast_head":"<title>Abrieron las preinscripciones a la Diplomatura en Comunicaci\u00f3n Institucional y Gesti\u00f3n de Redes Sociales - Informe Litoral<\/title>\n<meta name=\"robots\" content=\"index, follow, max-snippet:-1, max-image-preview:large, max-video-preview:-1\" \/>\n<link rel=\"canonical\" href=\"https:\/\/informelitoral.com.ar\/abrieron-las-preinscripciones-a-la-diplomatura-en-comunicacion-institucional-y-gestion-de-redes-sociales\/\" \/>\n<meta property=\"og:locale\" content=\"es_ES\" \/>\n<meta property=\"og:type\" content=\"article\" \/>\n<meta property=\"og:title\" content=\"Abrieron las preinscripciones a la Diplomatura en Comunicaci\u00f3n Institucional y Gesti\u00f3n de Redes Sociales - Informe Litoral\" \/>\n<meta property=\"og:description\" content=\"El cursado inicia el lunes 3 de abril de 2023. Tendr\u00e1 modalidad mixta (virtual y presencial), no arancelada y cupo limitado. La propuesta se llevar\u00e1 adelante por la Facultad de Ciencias de la Educaci\u00f3n de la UNER y la Vicegobernaci\u00f3n a trav\u00e9s del Instituto de Formaci\u00f3n Legislativa.\" \/>\n<meta property=\"og:url\" content=\"https:\/\/informelitoral.com.ar\/abrieron-las-preinscripciones-a-la-diplomatura-en-comunicacion-institucional-y-gestion-de-redes-sociales\/\" \/>\n<meta property=\"og:site_name\" content=\"Informe Litoral\" \/>\n<meta property=\"article:publisher\" content=\"https:\/\/www.facebook.com\/informelitoral\/\" \/>\n<meta property=\"article:published_time\" content=\"2023-03-05T21:20:48+00:00\" \/>\n<meta property=\"og:image\" content=\"https:\/\/informelitoral.com.ar\/%77%70%2d%63%6f%6e%74%65%6e%74\/uploads\/2023\/03\/b45b48fe-74ce-237b-47c4-ae159241d44a.jpeg\" \/>\n\t<meta property=\"og:image:width\" content=\"1289\" \/>\n\t<meta property=\"og:image:height\" content=\"859\" \/>\n\t<meta property=\"og:image:type\" content=\"image\/jpeg\" \/>\n<meta name=\"author\" content=\"Gonzalo Schmidt\" \/>\n<meta name=\"twitter:card\" content=\"summary_large_image\" \/>\n<meta name=\"twitter:creator\" content=\"@InformeLitoral\" \/>\n<meta name=\"twitter:site\" content=\"@InformeLitoral\" \/>\n<meta name=\"twitter:label1\" content=\"Escrito por\" \/>\n\t<meta name=\"twitter:data1\" content=\"Gonzalo Schmidt\" \/>\n\t<meta name=\"twitter:label2\" content=\"Tiempo de lectura\" \/>\n\t<meta name=\"twitter:data2\" content=\"1 minuto\" \/>\n<script type=\"application\/ld+json\" class=\"yoast-schema-graph\">{\"@context\":\"https:\\\/\\\/schema.org\",\"@graph\":[{\"@type\":\"Article\",\"@id\":\"https:\\\/\\\/informelitoral.com.ar\\\/abrieron-las-preinscripciones-a-la-diplomatura-en-comunicacion-institucional-y-gestion-de-redes-sociales\\\/#article\",\"isPartOf\":{\"@id\":\"https:\\\/\\\/informelitoral.com.ar\\\/abrieron-las-preinscripciones-a-la-diplomatura-en-comunicacion-institucional-y-gestion-de-redes-sociales\\\/\"},\"author\":{\"name\":\"Gonzalo Schmidt\",\"@id\":\"https:\\\/\\\/informelitoral.com.ar\\\/#\\\/schema\\\/person\\\/b9d00407c836482871ef1d57bf8e3180\"},\"headline\":\"Abrieron las preinscripciones a la Diplomatura en Comunicaci\u00f3n Institucional y Gesti\u00f3n de Redes Sociales\",\"datePublished\":\"2023-03-05T21:20:48+00:00\",\"mainEntityOfPage\":{\"@id\":\"https:\\\/\\\/informelitoral.com.ar\\\/abrieron-las-preinscripciones-a-la-diplomatura-en-comunicacion-institucional-y-gestion-de-redes-sociales\\\/\"},\"wordCount\":308,\"commentCount\":0,\"publisher\":{\"@id\":\"https:\\\/\\\/informelitoral.com.ar\\\/#organization\"},\"image\":{\"@id\":\"https:\\\/\\\/informelitoral.com.ar\\\/abrieron-las-preinscripciones-a-la-diplomatura-en-comunicacion-institucional-y-gestion-de-redes-sociales\\\/#primaryimage\"},\"thumbnailUrl\":\"https:\\\/\\\/informelitoral.com.ar\\\/%77%70%2d%63%6f%6e%74%65%6e%74\\\/uploads\\\/2023\\\/03\\\/b45b48fe-74ce-237b-47c4-ae159241d44a.jpeg\",\"keywords\":[\"Entre R\u00edos\",\"UNER\",\"Vicegobernacion\"],\"articleSection\":[\"Entre R\u00edos\"],\"inLanguage\":\"es\",\"potentialAction\":[{\"@type\":\"CommentAction\",\"name\":\"Comment\",\"target\":[\"https:\\\/\\\/informelitoral.com.ar\\\/abrieron-las-preinscripciones-a-la-diplomatura-en-comunicacion-institucional-y-gestion-de-redes-sociales\\\/#respond\"]}]},{\"@type\":\"WebPage\",\"@id\":\"https:\\\/\\\/informelitoral.com.ar\\\/abrieron-las-preinscripciones-a-la-diplomatura-en-comunicacion-institucional-y-gestion-de-redes-sociales\\\/\",\"url\":\"https:\\\/\\\/informelitoral.com.ar\\\/abrieron-las-preinscripciones-a-la-diplomatura-en-comunicacion-institucional-y-gestion-de-redes-sociales\\\/\",\"name\":\"Abrieron las preinscripciones a la Diplomatura en Comunicaci\u00f3n Institucional y Gesti\u00f3n de Redes Sociales - Informe Litoral\",\"isPartOf\":{\"@id\":\"https:\\\/\\\/informelitoral.com.ar\\\/#website\"},\"primaryImageOfPage\":{\"@id\":\"https:\\\/\\\/informelitoral.com.ar\\\/abrieron-las-preinscripciones-a-la-diplomatura-en-comunicacion-institucional-y-gestion-de-redes-sociales\\\/#primaryimage\"},\"image\":{\"@id\":\"https:\\\/\\\/informelitoral.com.ar\\\/abrieron-las-preinscripciones-a-la-diplomatura-en-comunicacion-institucional-y-gestion-de-redes-sociales\\\/#primaryimage\"},\"thumbnailUrl\":\"https:\\\/\\\/informelitoral.com.ar\\\/%77%70%2d%63%6f%6e%74%65%6e%74\\\/uploads\\\/2023\\\/03\\\/b45b48fe-74ce-237b-47c4-ae159241d44a.jpeg\",\"datePublished\":\"2023-03-05T21:20:48+00:00\",\"breadcrumb\":{\"@id\":\"https:\\\/\\\/informelitoral.com.ar\\\/abrieron-las-preinscripciones-a-la-diplomatura-en-comunicacion-institucional-y-gestion-de-redes-sociales\\\/#breadcrumb\"},\"inLanguage\":\"es\",\"potentialAction\":[{\"@type\":\"ReadAction\",\"target\":[\"https:\\\/\\\/informelitoral.com.ar\\\/abrieron-las-preinscripciones-a-la-diplomatura-en-comunicacion-institucional-y-gestion-de-redes-sociales\\\/\"]}]},{\"@type\":\"ImageObject\",\"inLanguage\":\"es\",\"@id\":\"https:\\\/\\\/informelitoral.com.ar\\\/abrieron-las-preinscripciones-a-la-diplomatura-en-comunicacion-institucional-y-gestion-de-redes-sociales\\\/#primaryimage\",\"url\":\"https:\\\/\\\/informelitoral.com.ar\\\/%77%70%2d%63%6f%6e%74%65%6e%74\\\/uploads\\\/2023\\\/03\\\/b45b48fe-74ce-237b-47c4-ae159241d44a.jpeg\",\"contentUrl\":\"https:\\\/\\\/informelitoral.com.ar\\\/%77%70%2d%63%6f%6e%74%65%6e%74\\\/uploads\\\/2023\\\/03\\\/b45b48fe-74ce-237b-47c4-ae159241d44a.jpeg\",\"width\":1289,\"height\":859},{\"@type\":\"BreadcrumbList\",\"@id\":\"https:\\\/\\\/informelitoral.com.ar\\\/abrieron-las-preinscripciones-a-la-diplomatura-en-comunicacion-institucional-y-gestion-de-redes-sociales\\\/#breadcrumb\",\"itemListElement\":[{\"@type\":\"ListItem\",\"position\":1,\"name\":\"Portada\",\"item\":\"https:\\\/\\\/informelitoral.com.ar\\\/\"},{\"@type\":\"ListItem\",\"position\":2,\"name\":\"Abrieron las preinscripciones a la Diplomatura en Comunicaci\u00f3n Institucional y Gesti\u00f3n de Redes Sociales\"}]},{\"@type\":\"WebSite\",\"@id\":\"https:\\\/\\\/informelitoral.com.ar\\\/#website\",\"url\":\"https:\\\/\\\/informelitoral.com.ar\\\/\",\"name\":\"Informe Litoral\",\"description\":\"&quot;Nos informamos&quot; \",\"publisher\":{\"@id\":\"https:\\\/\\\/informelitoral.com.ar\\\/#organization\"},\"potentialAction\":[{\"@type\":\"SearchAction\",\"target\":{\"@type\":\"EntryPoint\",\"urlTemplate\":\"https:\\\/\\\/informelitoral.com.ar\\\/?s={search_term_string}\"},\"query-input\":{\"@type\":\"PropertyValueSpecification\",\"valueRequired\":true,\"valueName\":\"search_term_string\"}}],\"inLanguage\":\"es\"},{\"@type\":\"Organization\",\"@id\":\"https:\\\/\\\/informelitoral.com.ar\\\/#organization\",\"name\":\"Informe Litoral\",\"url\":\"https:\\\/\\\/informelitoral.com.ar\\\/\",\"logo\":{\"@type\":\"ImageObject\",\"inLanguage\":\"es\",\"@id\":\"https:\\\/\\\/informelitoral.com.ar\\\/#\\\/schema\\\/logo\\\/image\\\/\",\"url\":\"https:\\\/\\\/informelitoral.com.ar\\\/%77%70%2d%63%6f%6e%74%65%6e%74\\\/uploads\\\/2021\\\/01\\\/circulo.png\",\"contentUrl\":\"https:\\\/\\\/informelitoral.com.ar\\\/%77%70%2d%63%6f%6e%74%65%6e%74\\\/uploads\\\/2021\\\/01\\\/circulo.png\",\"width\":723,\"height\":731,\"caption\":\"Informe Litoral\"},\"image\":{\"@id\":\"https:\\\/\\\/informelitoral.com.ar\\\/#\\\/schema\\\/logo\\\/image\\\/\"},\"sameAs\":[\"https:\\\/\\\/www.facebook.com\\\/informelitoral\\\/\",\"https:\\\/\\\/x.com\\\/InformeLitoral\",\"https:\\\/\\\/www.instagram.com\\\/informelitoral\\\/\",\"https:\\\/\\\/www.youtube.com\\\/channel\\\/UCua4Qvz8Icb6MYqhoq9xLXw\"]},{\"@type\":\"Person\",\"@id\":\"https:\\\/\\\/informelitoral.com.ar\\\/#\\\/schema\\\/person\\\/b9d00407c836482871ef1d57bf8e3180\",\"name\":\"Gonzalo Schmidt\",\"image\":{\"@type\":\"ImageObject\",\"inLanguage\":\"es\",\"@id\":\"https:\\\/\\\/secure.gravatar.com\\\/avatar\\\/31a1a7b66ff2de83bd0e9fd79d026630d2d99e55e8bfe501287647b4fd9743de?s=96&d=mm&r=g\",\"url\":\"https:\\\/\\\/secure.gravatar.com\\\/avatar\\\/31a1a7b66ff2de83bd0e9fd79d026630d2d99e55e8bfe501287647b4fd9743de?s=96&d=mm&r=g\",\"contentUrl\":\"https:\\\/\\\/secure.gravatar.com\\\/avatar\\\/31a1a7b66ff2de83bd0e9fd79d026630d2d99e55e8bfe501287647b4fd9743de?s=96&d=mm&r=g\",\"caption\":\"Gonzalo Schmidt\"},\"description\":\"Sitio web de noticias de la provincia de Entre R\u00edos, Argentina. Informaci\u00f3n y entretenimiento. Informe Litoral, nos informamos.\",\"sameAs\":[\"http:\\\/\\\/www.isletasnoticias.com.ar\"],\"url\":\"https:\\\/\\\/informelitoral.com.ar\\\/author\\\/gonzalo\\\/\"}]}<\/script>","yoast_head_json":{"title":"Abrieron las preinscripciones a la Diplomatura en Comunicaci\u00f3n Institucional y Gesti\u00f3n de Redes Sociales - Informe Litoral","robots":{"index":"index","follow":"follow","max-snippet":"max-snippet:-1","max-image-preview":"max-image-preview:large","max-video-preview":"max-video-preview:-1"},"canonical":"https:\/\/informelitoral.com.ar\/abrieron-las-preinscripciones-a-la-diplomatura-en-comunicacion-institucional-y-gestion-de-redes-sociales\/","og_locale":"es_ES","og_type":"article","og_title":"Abrieron las preinscripciones a la Diplomatura en Comunicaci\u00f3n Institucional y Gesti\u00f3n de Redes Sociales - Informe Litoral","og_description":"El cursado inicia el lunes 3 de abril de 2023. Tendr\u00e1 modalidad mixta (virtual y presencial), no arancelada y cupo limitado. La propuesta se llevar\u00e1 adelante por la Facultad de Ciencias de la Educaci\u00f3n de la UNER y la Vicegobernaci\u00f3n a trav\u00e9s del Instituto de Formaci\u00f3n Legislativa.","og_url":"https:\/\/informelitoral.com.ar\/abrieron-las-preinscripciones-a-la-diplomatura-en-comunicacion-institucional-y-gestion-de-redes-sociales\/","og_site_name":"Informe Litoral","article_publisher":"https:\/\/www.facebook.com\/informelitoral\/","article_published_time":"2023-03-05T21:20:48+00:00","og_image":[{"width":1289,"height":859,"url":"https:\/\/informelitoral.com.ar\/%77%70%2d%63%6f%6e%74%65%6e%74\/uploads\/2023\/03\/b45b48fe-74ce-237b-47c4-ae159241d44a.jpeg","type":"image\/jpeg"}],"author":"Gonzalo Schmidt","twitter_card":"summary_large_image","twitter_creator":"@InformeLitoral","twitter_site":"@InformeLitoral","twitter_misc":{"Escrito por":"Gonzalo Schmidt","Tiempo de lectura":"1 minuto"},"schema":{"@context":"https:\/\/schema.org","@graph":[{"@type":"Article","@id":"https:\/\/informelitoral.com.ar\/abrieron-las-preinscripciones-a-la-diplomatura-en-comunicacion-institucional-y-gestion-de-redes-sociales\/#article","isPartOf":{"@id":"https:\/\/informelitoral.com.ar\/abrieron-las-preinscripciones-a-la-diplomatura-en-comunicacion-institucional-y-gestion-de-redes-sociales\/"},"author":{"name":"Gonzalo Schmidt","@id":"https:\/\/informelitoral.com.ar\/#\/schema\/person\/b9d00407c836482871ef1d57bf8e3180"},"headline":"Abrieron las preinscripciones a la Diplomatura en Comunicaci\u00f3n Institucional y Gesti\u00f3n de Redes Sociales","datePublished":"2023-03-05T21:20:48+00:00","mainEntityOfPage":{"@id":"https:\/\/informelitoral.com.ar\/abrieron-las-preinscripciones-a-la-diplomatura-en-comunicacion-institucional-y-gestion-de-redes-sociales\/"},"wordCount":308,"commentCount":0,"publisher":{"@id":"https:\/\/informelitoral.com.ar\/#organization"},"image":{"@id":"https:\/\/informelitoral.com.ar\/abrieron-las-preinscripciones-a-la-diplomatura-en-comunicacion-institucional-y-gestion-de-redes-sociales\/#primaryimage"},"thumbnailUrl":"https:\/\/informelitoral.com.ar\/%77%70%2d%63%6f%6e%74%65%6e%74\/uploads\/2023\/03\/b45b48fe-74ce-237b-47c4-ae159241d44a.jpeg","keywords":["Entre R\u00edos","UNER","Vicegobernacion"],"articleSection":["Entre R\u00edos"],"inLanguage":"es","potentialAction":[{"@type":"CommentAction","name":"Comment","target":["https:\/\/informelitoral.com.ar\/abrieron-las-preinscripciones-a-la-diplomatura-en-comunicacion-institucional-y-gestion-de-redes-sociales\/#respond"]}]},{"@type":"WebPage","@id":"https:\/\/informelitoral.com.ar\/abrieron-las-preinscripciones-a-la-diplomatura-en-comunicacion-institucional-y-gestion-de-redes-sociales\/","url":"https:\/\/informelitoral.com.ar\/abrieron-las-preinscripciones-a-la-diplomatura-en-comunicacion-institucional-y-gestion-de-redes-sociales\/","name":"Abrieron las preinscripciones a la Diplomatura en Comunicaci\u00f3n Institucional y Gesti\u00f3n de Redes Sociales - Informe Litoral","isPartOf":{"@id":"https:\/\/informelitoral.com.ar\/#website"},"primaryImageOfPage":{"@id":"https:\/\/informelitoral.com.ar\/abrieron-las-preinscripciones-a-la-diplomatura-en-comunicacion-institucional-y-gestion-de-redes-sociales\/#primaryimage"},"image":{"@id":"https:\/\/informelitoral.com.ar\/abrieron-las-preinscripciones-a-la-diplomatura-en-comunicacion-institucional-y-gestion-de-redes-sociales\/#primaryimage"},"thumbnailUrl":"https:\/\/informelitoral.com.ar\/%77%70%2d%63%6f%6e%74%65%6e%74\/uploads\/2023\/03\/b45b48fe-74ce-237b-47c4-ae159241d44a.jpeg","datePublished":"2023-03-05T21:20:48+00:00","breadcrumb":{"@id":"https:\/\/informelitoral.com.ar\/abrieron-las-preinscripciones-a-la-diplomatura-en-comunicacion-institucional-y-gestion-de-redes-sociales\/#breadcrumb"},"inLanguage":"es","potentialAction":[{"@type":"ReadAction","target":["https:\/\/informelitoral.com.ar\/abrieron-las-preinscripciones-a-la-diplomatura-en-comunicacion-institucional-y-gestion-de-redes-sociales\/"]}]},{"@type":"ImageObject","inLanguage":"es","@id":"https:\/\/informelitoral.com.ar\/abrieron-las-preinscripciones-a-la-diplomatura-en-comunicacion-institucional-y-gestion-de-redes-sociales\/#primaryimage","url":"https:\/\/informelitoral.com.ar\/%77%70%2d%63%6f%6e%74%65%6e%74\/uploads\/2023\/03\/b45b48fe-74ce-237b-47c4-ae159241d44a.jpeg","contentUrl":"https:\/\/informelitoral.com.ar\/%77%70%2d%63%6f%6e%74%65%6e%74\/uploads\/2023\/03\/b45b48fe-74ce-237b-47c4-ae159241d44a.jpeg","width":1289,"height":859},{"@type":"BreadcrumbList","@id":"https:\/\/informelitoral.com.ar\/abrieron-las-preinscripciones-a-la-diplomatura-en-comunicacion-institucional-y-gestion-de-redes-sociales\/#breadcrumb","itemListElement":[{"@type":"ListItem","position":1,"name":"Portada","item":"https:\/\/informelitoral.com.ar\/"},{"@type":"ListItem","position":2,"name":"Abrieron las preinscripciones a la Diplomatura en Comunicaci\u00f3n Institucional y Gesti\u00f3n de Redes Sociales"}]},{"@type":"WebSite","@id":"https:\/\/informelitoral.com.ar\/#website","url":"https:\/\/informelitoral.com.ar\/","name":"Informe Litoral","description":"&quot;Nos informamos&quot; ","publisher":{"@id":"https:\/\/informelitoral.com.ar\/#organization"},"potentialAction":[{"@type":"SearchAction","target":{"@type":"EntryPoint","urlTemplate":"https:\/\/informelitoral.com.ar\/?s={search_term_string}"},"query-input":{"@type":"PropertyValueSpecification","valueRequired":true,"valueName":"search_term_string"}}],"inLanguage":"es"},{"@type":"Organization","@id":"https:\/\/informelitoral.com.ar\/#organization","name":"Informe Litoral","url":"https:\/\/informelitoral.com.ar\/","logo":{"@type":"ImageObject","inLanguage":"es","@id":"https:\/\/informelitoral.com.ar\/#\/schema\/logo\/image\/","url":"https:\/\/informelitoral.com.ar\/%77%70%2d%63%6f%6e%74%65%6e%74\/uploads\/2021\/01\/circulo.png","contentUrl":"https:\/\/informelitoral.com.ar\/%77%70%2d%63%6f%6e%74%65%6e%74\/uploads\/2021\/01\/circulo.png","width":723,"height":731,"caption":"Informe Litoral"},"image":{"@id":"https:\/\/informelitoral.com.ar\/#\/schema\/logo\/image\/"},"sameAs":["https:\/\/www.facebook.com\/informelitoral\/","https:\/\/x.com\/InformeLitoral","https:\/\/www.instagram.com\/informelitoral\/","https:\/\/www.youtube.com\/channel\/UCua4Qvz8Icb6MYqhoq9xLXw"]},{"@type":"Person","@id":"https:\/\/informelitoral.com.ar\/#\/schema\/person\/b9d00407c836482871ef1d57bf8e3180","name":"Gonzalo Schmidt","image":{"@type":"ImageObject","inLanguage":"es","@id":"https:\/\/secure.gravatar.com\/avatar\/31a1a7b66ff2de83bd0e9fd79d026630d2d99e55e8bfe501287647b4fd9743de?s=96&d=mm&r=g","url":"https:\/\/secure.gravatar.com\/avatar\/31a1a7b66ff2de83bd0e9fd79d026630d2d99e55e8bfe501287647b4fd9743de?s=96&d=mm&r=g","contentUrl":"https:\/\/secure.gravatar.com\/avatar\/31a1a7b66ff2de83bd0e9fd79d026630d2d99e55e8bfe501287647b4fd9743de?s=96&d=mm&r=g","caption":"Gonzalo Schmidt"},"description":"Sitio web de noticias de la provincia de Entre R\u00edos, Argentina. Informaci\u00f3n y entretenimiento. Informe Litoral, nos informamos.","sameAs":["http:\/\/www.isletasnoticias.com.ar"],"url":"https:\/\/informelitoral.com.ar\/author\/gonzalo\/"}]}},"_links":{"self":[{"href":"https:\/\/informelitoral.com.ar\/%77%70%2d%6a%73%6f%6e\/wp\/v2\/posts\/123044","targetHints":{"allow":["GET"]}}],"collection":[{"href":"https:\/\/informelitoral.com.ar\/%77%70%2d%6a%73%6f%6e\/wp\/v2\/posts"}],"about":[{"href":"https:\/\/informelitoral.com.ar\/%77%70%2d%6a%73%6f%6e\/wp\/v2\/types\/post"}],"author":[{"embeddable":true,"href":"https:\/\/informelitoral.com.ar\/%77%70%2d%6a%73%6f%6e\/wp\/v2\/users\/2"}],"replies":[{"embeddable":true,"href":"https:\/\/informelitoral.com.ar\/%77%70%2d%6a%73%6f%6e\/wp\/v2\/comments?post=123044"}],"version-history":[{"count":0,"href":"https:\/\/informelitoral.com.ar\/%77%70%2d%6a%73%6f%6e\/wp\/v2\/posts\/123044\/revisions"}],"wp:featuredmedia":[{"embeddable":true,"href":"https:\/\/informelitoral.com.ar\/%77%70%2d%6a%73%6f%6e\/wp\/v2\/media\/123045"}],"wp:attachment":[{"href":"https:\/\/informelitoral.com.ar\/%77%70%2d%6a%73%6f%6e\/wp\/v2\/media?parent=123044"}],"wp:term":[{"taxonomy":"category","embeddable":true,"href":"https:\/\/informelitoral.com.ar\/%77%70%2d%6a%73%6f%6e\/wp\/v2\/categories?post=123044"},{"taxonomy":"post_tag","embeddable":true,"href":"https:\/\/informelitoral.com.ar\/%77%70%2d%6a%73%6f%6e\/wp\/v2\/tags?post=123044"}],"curies":[{"name":"wp","href":"https:\/\/api.w.org\/{rel}","templated":true}]}}