{"id":123041,"date":"2023-03-05T18:13:53","date_gmt":"2023-03-05T21:13:53","guid":{"rendered":"https:\/\/www.informelitoral.com.ar\/?p=123041"},"modified":"2023-03-05T18:13:53","modified_gmt":"2023-03-05T21:13:53","slug":"presentaron-el-proyecto-de-regimen-de-promocion-y-desarrollo-industrial","status":"publish","type":"post","link":"https:\/\/informelitoral.com.ar\/presentaron-el-proyecto-de-regimen-de-promocion-y-desarrollo-industrial\/","title":{"rendered":"Presentaron el proyecto de R\u00e9gimen de Promoci\u00f3n y Desarrollo Industrial"},"content":{"rendered":"<p>El proyecto de \u201cR\u00e9gimen de Promoci\u00f3n y Desarrollo industrial\u201d que el Poder Ejecutivo ingres\u00f3 a la Legislatura se present\u00f3 con la participaci\u00f3n del ministro de Econom\u00eda <strong>Hugo Ballay<\/strong> y la exposici\u00f3n del presidente de la Uni\u00f3n Industrial de Entre R\u00edos (UIER), <strong>Gabriel Bourdin<\/strong>, ante las comisiones de Presupuesto, Hacienda y de Producci\u00f3n e Industria de la C\u00e1mara de Diputados de la Provincia.<\/p>\n<p>El nuevo proyecto de ley cont\u00f3 con la articulaci\u00f3n y trabajo conjunto de autoridades y t\u00e9cnicos de la entidad y funcionarios del Gobierno provincial, quienes realizaron diversos aportes para lograr un r\u00e9gimen que impulse el perfil industrial de la provincia.<\/p>\n<p>En ese marco, se destac\u00f3 que la nueva ley de promoci\u00f3n industrial contempla exenciones impositivas basadas en los incrementos de las inversiones, la actividad, la producci\u00f3n y el empleo. Pero adem\u00e1s, presenta como novedad la promoci\u00f3n de inversiones en proyectos vinculados a la sustentabilidad e industria 4.0, las buenas pr\u00e1cticas industriales y la gesti\u00f3n de la calidad, todos ellos aspectos estrat\u00e9gicos para las necesidades actuales que demanda la industria.<\/p>\n<p>Otro \u00edtem importante que se plante\u00f3 sobre la normativa es que sea m\u00e1s operativa y m\u00e1s simple para las industrias acceder al beneficio. El objetivo, seg\u00fan indicaron, es tambi\u00e9n darle mayor previsibilidad a las micro y peque\u00f1as industrias. Por ello, ante la necesidad de lograr un alcance mayor en cuanto a empresas beneficiarias e impacto directo sobre la industria, es que tambi\u00e9n se consider\u00f3 que resulta clave la adhesi\u00f3n de los municipios.<\/p>\n<p>De la actividad tambi\u00e9n form\u00f3 parte el secretario de la entidad, <strong>Eduardo Tonutti,<\/strong> y el responsable del \u00c1rea de Monitoreo Industrial, <strong>Gabriel Weidmann.<\/strong><\/p>\n<h2><strong>Importancia de la ley<\/strong><\/h2>\n<p>Durante la exposici\u00f3n, se plante\u00f3 la importancia de una nueva ley que contribuya a mejorar el perfil productivo de la provincia, mejore la competitividad de las industrias y se constituya en una herramienta para generar empleo. Sobre este punto, se se\u00f1al\u00f3 el menor desarrollo relativo de Entre R\u00edos en el contexto de la Regi\u00f3n Centro, al contar con una menor incidencia del empleo privado registrado. Precisamente, la incidencia es 26% menor a la de C\u00f3rdoba y 35% a la de Santa Fe. Asimismo, el Valor Agregado per c\u00e1pita provincial es 11% menor al de C\u00f3rdoba y 15% al de Santa Fe.<\/p>\n<p>En la misma l\u00ednea, se record\u00f3 que Entre R\u00edos cuenta con 21 trabajadores industriales cada mil habitantes, cuando C\u00f3rdoba tiene 26 y Santa Fe 38, es decir, 22% y 44% menor respectivamente. Este dato da cuenta de la necesidad de generar pol\u00edticas de promoci\u00f3n de las inversiones industriales, que permitan aumentar el valor agregado generado en la provincia, con su consecuente aumento del empleo industrial, salarios, impuestos, divisas, encadenamientos econ\u00f3micos, entre otros temas.<\/p>\n<p>Desde esta perspectiva, los expositores tambi\u00e9n consideraron que es fundamental atraer y retener inversiones en nuestra provincia, tanto de nuevas empresas como de las industrias que ya desarrollan sus actividades en Entre R\u00edos. Para ello, se dijo que es relevante lograr incentivos orientados a las nuevas realidades de la actividad industrial, que tengan en cuenta que la competitividad hoy est\u00e1 atravesada por la tecnolog\u00eda, la gesti\u00f3n, la calidad y la sustentabilidad.<\/p>\n","protected":false},"excerpt":{"rendered":"<p>La iniciativa para impulsar un nuevo R\u00e9gimen de Promoci\u00f3n fue presentado por el ministro de Econom\u00eda, quien estuvo acompa\u00f1ado por el presidente de la UIER. Tom\u00f3 estado parlamentario en la Legislatura provincial.<\/p>\n","protected":false},"author":2,"featured_media":123042,"comment_status":"open","ping_status":"open","sticky":false,"template":"","format":"standard","meta":{"fifu_image_url":"","fifu_image_alt":"","footnotes":""},"categories":[6],"tags":[196,81,933,1598],"class_list":{"0":"post-123041","1":"post","2":"type-post","3":"status-publish","4":"format-standard","5":"has-post-thumbnail","7":"category-entre-rios","8":"tag-diputados","9":"tag-entre-rios","10":"tag-industria","11":"tag-uier"},"yoast_head":"<title>Presentaron el proyecto de R\u00e9gimen de Promoci\u00f3n y Desarrollo Industrial - Informe Litoral<\/title>\n<meta name=\"robots\" content=\"index, follow, max-snippet:-1, max-image-preview:large, max-video-preview:-1\" \/>\n<link rel=\"canonical\" href=\"https:\/\/informelitoral.com.ar\/presentaron-el-proyecto-de-regimen-de-promocion-y-desarrollo-industrial\/\" \/>\n<meta property=\"og:locale\" content=\"es_ES\" \/>\n<meta property=\"og:type\" content=\"article\" \/>\n<meta property=\"og:title\" content=\"Presentaron el proyecto de R\u00e9gimen de Promoci\u00f3n y Desarrollo Industrial - Informe Litoral\" \/>\n<meta property=\"og:description\" content=\"La iniciativa para impulsar un nuevo R\u00e9gimen de Promoci\u00f3n fue presentado por el ministro de Econom\u00eda, quien estuvo acompa\u00f1ado por el presidente de la UIER. Tom\u00f3 estado parlamentario en la Legislatura provincial.\" \/>\n<meta property=\"og:url\" content=\"https:\/\/informelitoral.com.ar\/presentaron-el-proyecto-de-regimen-de-promocion-y-desarrollo-industrial\/\" \/>\n<meta property=\"og:site_name\" content=\"Informe Litoral\" \/>\n<meta property=\"article:publisher\" content=\"https:\/\/www.facebook.com\/informelitoral\/\" \/>\n<meta property=\"article:published_time\" content=\"2023-03-05T21:13:53+00:00\" \/>\n<meta property=\"og:image\" content=\"https:\/\/informelitoral.com.ar\/%77%70%2d%63%6f%6e%74%65%6e%74\/uploads\/2023\/03\/b2f09be4-993c-304f-678a-d8bcfd68d203.jpeg\" \/>\n\t<meta property=\"og:image:width\" content=\"1200\" \/>\n\t<meta property=\"og:image:height\" content=\"698\" \/>\n\t<meta property=\"og:image:type\" content=\"image\/jpeg\" \/>\n<meta name=\"author\" content=\"Gonzalo Schmidt\" \/>\n<meta name=\"twitter:card\" content=\"summary_large_image\" \/>\n<meta name=\"twitter:creator\" content=\"@InformeLitoral\" \/>\n<meta name=\"twitter:site\" content=\"@InformeLitoral\" \/>\n<meta name=\"twitter:label1\" content=\"Escrito por\" \/>\n\t<meta name=\"twitter:data1\" content=\"Gonzalo Schmidt\" \/>\n\t<meta name=\"twitter:label2\" content=\"Tiempo de lectura\" \/>\n\t<meta name=\"twitter:data2\" content=\"3 minutos\" \/>\n<script type=\"application\/ld+json\" class=\"yoast-schema-graph\">{\"@context\":\"https:\\\/\\\/schema.org\",\"@graph\":[{\"@type\":\"Article\",\"@id\":\"https:\\\/\\\/informelitoral.com.ar\\\/presentaron-el-proyecto-de-regimen-de-promocion-y-desarrollo-industrial\\\/#article\",\"isPartOf\":{\"@id\":\"https:\\\/\\\/informelitoral.com.ar\\\/presentaron-el-proyecto-de-regimen-de-promocion-y-desarrollo-industrial\\\/\"},\"author\":{\"name\":\"Gonzalo Schmidt\",\"@id\":\"https:\\\/\\\/informelitoral.com.ar\\\/#\\\/schema\\\/person\\\/b9d00407c836482871ef1d57bf8e3180\"},\"headline\":\"Presentaron el proyecto de R\u00e9gimen de Promoci\u00f3n y Desarrollo Industrial\",\"datePublished\":\"2023-03-05T21:13:53+00:00\",\"mainEntityOfPage\":{\"@id\":\"https:\\\/\\\/informelitoral.com.ar\\\/presentaron-el-proyecto-de-regimen-de-promocion-y-desarrollo-industrial\\\/\"},\"wordCount\":561,\"commentCount\":0,\"publisher\":{\"@id\":\"https:\\\/\\\/informelitoral.com.ar\\\/#organization\"},\"image\":{\"@id\":\"https:\\\/\\\/informelitoral.com.ar\\\/presentaron-el-proyecto-de-regimen-de-promocion-y-desarrollo-industrial\\\/#primaryimage\"},\"thumbnailUrl\":\"https:\\\/\\\/informelitoral.com.ar\\\/%77%70%2d%63%6f%6e%74%65%6e%74\\\/uploads\\\/2023\\\/03\\\/b2f09be4-993c-304f-678a-d8bcfd68d203.jpeg\",\"keywords\":[\"Diputados\",\"Entre R\u00edos\",\"Industria\",\"Uier\"],\"articleSection\":[\"Entre R\u00edos\"],\"inLanguage\":\"es\",\"potentialAction\":[{\"@type\":\"CommentAction\",\"name\":\"Comment\",\"target\":[\"https:\\\/\\\/informelitoral.com.ar\\\/presentaron-el-proyecto-de-regimen-de-promocion-y-desarrollo-industrial\\\/#respond\"]}]},{\"@type\":\"WebPage\",\"@id\":\"https:\\\/\\\/informelitoral.com.ar\\\/presentaron-el-proyecto-de-regimen-de-promocion-y-desarrollo-industrial\\\/\",\"url\":\"https:\\\/\\\/informelitoral.com.ar\\\/presentaron-el-proyecto-de-regimen-de-promocion-y-desarrollo-industrial\\\/\",\"name\":\"Presentaron el proyecto de R\u00e9gimen de Promoci\u00f3n y Desarrollo Industrial - Informe Litoral\",\"isPartOf\":{\"@id\":\"https:\\\/\\\/informelitoral.com.ar\\\/#website\"},\"primaryImageOfPage\":{\"@id\":\"https:\\\/\\\/informelitoral.com.ar\\\/presentaron-el-proyecto-de-regimen-de-promocion-y-desarrollo-industrial\\\/#primaryimage\"},\"image\":{\"@id\":\"https:\\\/\\\/informelitoral.com.ar\\\/presentaron-el-proyecto-de-regimen-de-promocion-y-desarrollo-industrial\\\/#primaryimage\"},\"thumbnailUrl\":\"https:\\\/\\\/informelitoral.com.ar\\\/%77%70%2d%63%6f%6e%74%65%6e%74\\\/uploads\\\/2023\\\/03\\\/b2f09be4-993c-304f-678a-d8bcfd68d203.jpeg\",\"datePublished\":\"2023-03-05T21:13:53+00:00\",\"breadcrumb\":{\"@id\":\"https:\\\/\\\/informelitoral.com.ar\\\/presentaron-el-proyecto-de-regimen-de-promocion-y-desarrollo-industrial\\\/#breadcrumb\"},\"inLanguage\":\"es\",\"potentialAction\":[{\"@type\":\"ReadAction\",\"target\":[\"https:\\\/\\\/informelitoral.com.ar\\\/presentaron-el-proyecto-de-regimen-de-promocion-y-desarrollo-industrial\\\/\"]}]},{\"@type\":\"ImageObject\",\"inLanguage\":\"es\",\"@id\":\"https:\\\/\\\/informelitoral.com.ar\\\/presentaron-el-proyecto-de-regimen-de-promocion-y-desarrollo-industrial\\\/#primaryimage\",\"url\":\"https:\\\/\\\/informelitoral.com.ar\\\/%77%70%2d%63%6f%6e%74%65%6e%74\\\/uploads\\\/2023\\\/03\\\/b2f09be4-993c-304f-678a-d8bcfd68d203.jpeg\",\"contentUrl\":\"https:\\\/\\\/informelitoral.com.ar\\\/%77%70%2d%63%6f%6e%74%65%6e%74\\\/uploads\\\/2023\\\/03\\\/b2f09be4-993c-304f-678a-d8bcfd68d203.jpeg\",\"width\":1200,\"height\":698},{\"@type\":\"BreadcrumbList\",\"@id\":\"https:\\\/\\\/informelitoral.com.ar\\\/presentaron-el-proyecto-de-regimen-de-promocion-y-desarrollo-industrial\\\/#breadcrumb\",\"itemListElement\":[{\"@type\":\"ListItem\",\"position\":1,\"name\":\"Portada\",\"item\":\"https:\\\/\\\/informelitoral.com.ar\\\/\"},{\"@type\":\"ListItem\",\"position\":2,\"name\":\"Presentaron el proyecto de R\u00e9gimen de Promoci\u00f3n y Desarrollo Industrial\"}]},{\"@type\":\"WebSite\",\"@id\":\"https:\\\/\\\/informelitoral.com.ar\\\/#website\",\"url\":\"https:\\\/\\\/informelitoral.com.ar\\\/\",\"name\":\"Informe Litoral\",\"description\":\"&quot;Nos informamos&quot; \",\"publisher\":{\"@id\":\"https:\\\/\\\/informelitoral.com.ar\\\/#organization\"},\"potentialAction\":[{\"@type\":\"SearchAction\",\"target\":{\"@type\":\"EntryPoint\",\"urlTemplate\":\"https:\\\/\\\/informelitoral.com.ar\\\/?s={search_term_string}\"},\"query-input\":{\"@type\":\"PropertyValueSpecification\",\"valueRequired\":true,\"valueName\":\"search_term_string\"}}],\"inLanguage\":\"es\"},{\"@type\":\"Organization\",\"@id\":\"https:\\\/\\\/informelitoral.com.ar\\\/#organization\",\"name\":\"Informe Litoral\",\"url\":\"https:\\\/\\\/informelitoral.com.ar\\\/\",\"logo\":{\"@type\":\"ImageObject\",\"inLanguage\":\"es\",\"@id\":\"https:\\\/\\\/informelitoral.com.ar\\\/#\\\/schema\\\/logo\\\/image\\\/\",\"url\":\"https:\\\/\\\/informelitoral.com.ar\\\/%77%70%2d%63%6f%6e%74%65%6e%74\\\/uploads\\\/2021\\\/01\\\/circulo.png\",\"contentUrl\":\"https:\\\/\\\/informelitoral.com.ar\\\/%77%70%2d%63%6f%6e%74%65%6e%74\\\/uploads\\\/2021\\\/01\\\/circulo.png\",\"width\":723,\"height\":731,\"caption\":\"Informe Litoral\"},\"image\":{\"@id\":\"https:\\\/\\\/informelitoral.com.ar\\\/#\\\/schema\\\/logo\\\/image\\\/\"},\"sameAs\":[\"https:\\\/\\\/www.facebook.com\\\/informelitoral\\\/\",\"https:\\\/\\\/x.com\\\/InformeLitoral\",\"https:\\\/\\\/www.instagram.com\\\/informelitoral\\\/\",\"https:\\\/\\\/www.youtube.com\\\/channel\\\/UCua4Qvz8Icb6MYqhoq9xLXw\"]},{\"@type\":\"Person\",\"@id\":\"https:\\\/\\\/informelitoral.com.ar\\\/#\\\/schema\\\/person\\\/b9d00407c836482871ef1d57bf8e3180\",\"name\":\"Gonzalo Schmidt\",\"image\":{\"@type\":\"ImageObject\",\"inLanguage\":\"es\",\"@id\":\"https:\\\/\\\/secure.gravatar.com\\\/avatar\\\/31a1a7b66ff2de83bd0e9fd79d026630d2d99e55e8bfe501287647b4fd9743de?s=96&d=mm&r=g\",\"url\":\"https:\\\/\\\/secure.gravatar.com\\\/avatar\\\/31a1a7b66ff2de83bd0e9fd79d026630d2d99e55e8bfe501287647b4fd9743de?s=96&d=mm&r=g\",\"contentUrl\":\"https:\\\/\\\/secure.gravatar.com\\\/avatar\\\/31a1a7b66ff2de83bd0e9fd79d026630d2d99e55e8bfe501287647b4fd9743de?s=96&d=mm&r=g\",\"caption\":\"Gonzalo Schmidt\"},\"description\":\"Sitio web de noticias de la provincia de Entre R\u00edos, Argentina. Informaci\u00f3n y entretenimiento. Informe Litoral, nos informamos.\",\"sameAs\":[\"http:\\\/\\\/www.isletasnoticias.com.ar\"],\"url\":\"https:\\\/\\\/informelitoral.com.ar\\\/author\\\/gonzalo\\\/\"}]}<\/script>","yoast_head_json":{"title":"Presentaron el proyecto de R\u00e9gimen de Promoci\u00f3n y Desarrollo Industrial - Informe Litoral","robots":{"index":"index","follow":"follow","max-snippet":"max-snippet:-1","max-image-preview":"max-image-preview:large","max-video-preview":"max-video-preview:-1"},"canonical":"https:\/\/informelitoral.com.ar\/presentaron-el-proyecto-de-regimen-de-promocion-y-desarrollo-industrial\/","og_locale":"es_ES","og_type":"article","og_title":"Presentaron el proyecto de R\u00e9gimen de Promoci\u00f3n y Desarrollo Industrial - Informe Litoral","og_description":"La iniciativa para impulsar un nuevo R\u00e9gimen de Promoci\u00f3n fue presentado por el ministro de Econom\u00eda, quien estuvo acompa\u00f1ado por el presidente de la UIER. Tom\u00f3 estado parlamentario en la Legislatura provincial.","og_url":"https:\/\/informelitoral.com.ar\/presentaron-el-proyecto-de-regimen-de-promocion-y-desarrollo-industrial\/","og_site_name":"Informe Litoral","article_publisher":"https:\/\/www.facebook.com\/informelitoral\/","article_published_time":"2023-03-05T21:13:53+00:00","og_image":[{"width":1200,"height":698,"url":"https:\/\/informelitoral.com.ar\/%77%70%2d%63%6f%6e%74%65%6e%74\/uploads\/2023\/03\/b2f09be4-993c-304f-678a-d8bcfd68d203.jpeg","type":"image\/jpeg"}],"author":"Gonzalo Schmidt","twitter_card":"summary_large_image","twitter_creator":"@InformeLitoral","twitter_site":"@InformeLitoral","twitter_misc":{"Escrito por":"Gonzalo Schmidt","Tiempo de lectura":"3 minutos"},"schema":{"@context":"https:\/\/schema.org","@graph":[{"@type":"Article","@id":"https:\/\/informelitoral.com.ar\/presentaron-el-proyecto-de-regimen-de-promocion-y-desarrollo-industrial\/#article","isPartOf":{"@id":"https:\/\/informelitoral.com.ar\/presentaron-el-proyecto-de-regimen-de-promocion-y-desarrollo-industrial\/"},"author":{"name":"Gonzalo Schmidt","@id":"https:\/\/informelitoral.com.ar\/#\/schema\/person\/b9d00407c836482871ef1d57bf8e3180"},"headline":"Presentaron el proyecto de R\u00e9gimen de Promoci\u00f3n y Desarrollo Industrial","datePublished":"2023-03-05T21:13:53+00:00","mainEntityOfPage":{"@id":"https:\/\/informelitoral.com.ar\/presentaron-el-proyecto-de-regimen-de-promocion-y-desarrollo-industrial\/"},"wordCount":561,"commentCount":0,"publisher":{"@id":"https:\/\/informelitoral.com.ar\/#organization"},"image":{"@id":"https:\/\/informelitoral.com.ar\/presentaron-el-proyecto-de-regimen-de-promocion-y-desarrollo-industrial\/#primaryimage"},"thumbnailUrl":"https:\/\/informelitoral.com.ar\/%77%70%2d%63%6f%6e%74%65%6e%74\/uploads\/2023\/03\/b2f09be4-993c-304f-678a-d8bcfd68d203.jpeg","keywords":["Diputados","Entre R\u00edos","Industria","Uier"],"articleSection":["Entre R\u00edos"],"inLanguage":"es","potentialAction":[{"@type":"CommentAction","name":"Comment","target":["https:\/\/informelitoral.com.ar\/presentaron-el-proyecto-de-regimen-de-promocion-y-desarrollo-industrial\/#respond"]}]},{"@type":"WebPage","@id":"https:\/\/informelitoral.com.ar\/presentaron-el-proyecto-de-regimen-de-promocion-y-desarrollo-industrial\/","url":"https:\/\/informelitoral.com.ar\/presentaron-el-proyecto-de-regimen-de-promocion-y-desarrollo-industrial\/","name":"Presentaron el proyecto de R\u00e9gimen de Promoci\u00f3n y Desarrollo Industrial - Informe Litoral","isPartOf":{"@id":"https:\/\/informelitoral.com.ar\/#website"},"primaryImageOfPage":{"@id":"https:\/\/informelitoral.com.ar\/presentaron-el-proyecto-de-regimen-de-promocion-y-desarrollo-industrial\/#primaryimage"},"image":{"@id":"https:\/\/informelitoral.com.ar\/presentaron-el-proyecto-de-regimen-de-promocion-y-desarrollo-industrial\/#primaryimage"},"thumbnailUrl":"https:\/\/informelitoral.com.ar\/%77%70%2d%63%6f%6e%74%65%6e%74\/uploads\/2023\/03\/b2f09be4-993c-304f-678a-d8bcfd68d203.jpeg","datePublished":"2023-03-05T21:13:53+00:00","breadcrumb":{"@id":"https:\/\/informelitoral.com.ar\/presentaron-el-proyecto-de-regimen-de-promocion-y-desarrollo-industrial\/#breadcrumb"},"inLanguage":"es","potentialAction":[{"@type":"ReadAction","target":["https:\/\/informelitoral.com.ar\/presentaron-el-proyecto-de-regimen-de-promocion-y-desarrollo-industrial\/"]}]},{"@type":"ImageObject","inLanguage":"es","@id":"https:\/\/informelitoral.com.ar\/presentaron-el-proyecto-de-regimen-de-promocion-y-desarrollo-industrial\/#primaryimage","url":"https:\/\/informelitoral.com.ar\/%77%70%2d%63%6f%6e%74%65%6e%74\/uploads\/2023\/03\/b2f09be4-993c-304f-678a-d8bcfd68d203.jpeg","contentUrl":"https:\/\/informelitoral.com.ar\/%77%70%2d%63%6f%6e%74%65%6e%74\/uploads\/2023\/03\/b2f09be4-993c-304f-678a-d8bcfd68d203.jpeg","width":1200,"height":698},{"@type":"BreadcrumbList","@id":"https:\/\/informelitoral.com.ar\/presentaron-el-proyecto-de-regimen-de-promocion-y-desarrollo-industrial\/#breadcrumb","itemListElement":[{"@type":"ListItem","position":1,"name":"Portada","item":"https:\/\/informelitoral.com.ar\/"},{"@type":"ListItem","position":2,"name":"Presentaron el proyecto de R\u00e9gimen de Promoci\u00f3n y Desarrollo Industrial"}]},{"@type":"WebSite","@id":"https:\/\/informelitoral.com.ar\/#website","url":"https:\/\/informelitoral.com.ar\/","name":"Informe Litoral","description":"&quot;Nos informamos&quot; ","publisher":{"@id":"https:\/\/informelitoral.com.ar\/#organization"},"potentialAction":[{"@type":"SearchAction","target":{"@type":"EntryPoint","urlTemplate":"https:\/\/informelitoral.com.ar\/?s={search_term_string}"},"query-input":{"@type":"PropertyValueSpecification","valueRequired":true,"valueName":"search_term_string"}}],"inLanguage":"es"},{"@type":"Organization","@id":"https:\/\/informelitoral.com.ar\/#organization","name":"Informe Litoral","url":"https:\/\/informelitoral.com.ar\/","logo":{"@type":"ImageObject","inLanguage":"es","@id":"https:\/\/informelitoral.com.ar\/#\/schema\/logo\/image\/","url":"https:\/\/informelitoral.com.ar\/%77%70%2d%63%6f%6e%74%65%6e%74\/uploads\/2021\/01\/circulo.png","contentUrl":"https:\/\/informelitoral.com.ar\/%77%70%2d%63%6f%6e%74%65%6e%74\/uploads\/2021\/01\/circulo.png","width":723,"height":731,"caption":"Informe Litoral"},"image":{"@id":"https:\/\/informelitoral.com.ar\/#\/schema\/logo\/image\/"},"sameAs":["https:\/\/www.facebook.com\/informelitoral\/","https:\/\/x.com\/InformeLitoral","https:\/\/www.instagram.com\/informelitoral\/","https:\/\/www.youtube.com\/channel\/UCua4Qvz8Icb6MYqhoq9xLXw"]},{"@type":"Person","@id":"https:\/\/informelitoral.com.ar\/#\/schema\/person\/b9d00407c836482871ef1d57bf8e3180","name":"Gonzalo Schmidt","image":{"@type":"ImageObject","inLanguage":"es","@id":"https:\/\/secure.gravatar.com\/avatar\/31a1a7b66ff2de83bd0e9fd79d026630d2d99e55e8bfe501287647b4fd9743de?s=96&d=mm&r=g","url":"https:\/\/secure.gravatar.com\/avatar\/31a1a7b66ff2de83bd0e9fd79d026630d2d99e55e8bfe501287647b4fd9743de?s=96&d=mm&r=g","contentUrl":"https:\/\/secure.gravatar.com\/avatar\/31a1a7b66ff2de83bd0e9fd79d026630d2d99e55e8bfe501287647b4fd9743de?s=96&d=mm&r=g","caption":"Gonzalo Schmidt"},"description":"Sitio web de noticias de la provincia de Entre R\u00edos, Argentina. Informaci\u00f3n y entretenimiento. Informe Litoral, nos informamos.","sameAs":["http:\/\/www.isletasnoticias.com.ar"],"url":"https:\/\/informelitoral.com.ar\/author\/gonzalo\/"}]}},"_links":{"self":[{"href":"https:\/\/informelitoral.com.ar\/%77%70%2d%6a%73%6f%6e\/wp\/v2\/posts\/123041","targetHints":{"allow":["GET"]}}],"collection":[{"href":"https:\/\/informelitoral.com.ar\/%77%70%2d%6a%73%6f%6e\/wp\/v2\/posts"}],"about":[{"href":"https:\/\/informelitoral.com.ar\/%77%70%2d%6a%73%6f%6e\/wp\/v2\/types\/post"}],"author":[{"embeddable":true,"href":"https:\/\/informelitoral.com.ar\/%77%70%2d%6a%73%6f%6e\/wp\/v2\/users\/2"}],"replies":[{"embeddable":true,"href":"https:\/\/informelitoral.com.ar\/%77%70%2d%6a%73%6f%6e\/wp\/v2\/comments?post=123041"}],"version-history":[{"count":0,"href":"https:\/\/informelitoral.com.ar\/%77%70%2d%6a%73%6f%6e\/wp\/v2\/posts\/123041\/revisions"}],"wp:featuredmedia":[{"embeddable":true,"href":"https:\/\/informelitoral.com.ar\/%77%70%2d%6a%73%6f%6e\/wp\/v2\/media\/123042"}],"wp:attachment":[{"href":"https:\/\/informelitoral.com.ar\/%77%70%2d%6a%73%6f%6e\/wp\/v2\/media?parent=123041"}],"wp:term":[{"taxonomy":"category","embeddable":true,"href":"https:\/\/informelitoral.com.ar\/%77%70%2d%6a%73%6f%6e\/wp\/v2\/categories?post=123041"},{"taxonomy":"post_tag","embeddable":true,"href":"https:\/\/informelitoral.com.ar\/%77%70%2d%6a%73%6f%6e\/wp\/v2\/tags?post=123041"}],"curies":[{"name":"wp","href":"https:\/\/api.w.org\/{rel}","templated":true}]}}