{"id":122970,"date":"2023-02-22T19:48:40","date_gmt":"2023-02-22T22:48:40","guid":{"rendered":"https:\/\/www.informelitoral.com.ar\/?p=122970"},"modified":"2023-02-22T19:48:40","modified_gmt":"2023-02-22T22:48:40","slug":"el-27-de-febrero-comenzaran-las-inscripciones-para-becas-secundarias-del-instituto-becario","status":"publish","type":"post","link":"https:\/\/informelitoral.com.ar\/el-27-de-febrero-comenzaran-las-inscripciones-para-becas-secundarias-del-instituto-becario\/","title":{"rendered":"El 27 de febrero comenzar\u00e1n las inscripciones para becas secundarias del Instituto Becario"},"content":{"rendered":"<p>\u00abEstamos en la previa a la apertura de inscripciones para becas de nivel secundario que comenzar\u00e1n el 27 de febrero. Las inscripciones son para cualquier estudiante entrerriano que solicite el beneficio y cumpla con los requisitos. En muchos casos son renovaciones y en otros para beneficios nuevos. El a\u00f1o pasado otorgamos casi 3.000 becas nuevas, a las que se sumaron las renovaciones que se sostuvieron\u00bb, dijo el titular del Instituto Becario, <strong>Sebasti\u00e1n B\u00e9rtoli.<\/strong><\/p>\n<p>El titular del ente aut\u00e1rquico aclar\u00f3 que las renovaciones de becas, para cualquiera de los niveles, no es autom\u00e1tica sino que se debe realizar en tr\u00e1mite cada a\u00f1o. Las solicitudes se realizan de manera online a trav\u00e9s de la web del ente aut\u00e1rquico, www.institutobecario.gov.ar, lo cual agiliza y facilita la tramitaci\u00f3n. \u00abSolicitamos l\u00f3gicamente que se cumplan los requisitos para acceder al beneficio, entre ellos un rendimiento acad\u00e9mico sin tener materias previas ni repitencia\u00bb, explic\u00f3 B\u00e9rtoli.<\/p>\n<p>Agreg\u00f3 que durante este a\u00f1o se continuar\u00e1 con el trabajo territorial del organismo, acercando la inscripci\u00f3n en cada uno de los departamentos a trav\u00e9s de abordajes territoriales donde se puede concretar el tr\u00e1mite virtual. \u00abA\u00f1o a a\u00f1o hemos ido incrementando el n\u00famero de beneficiarios. Seguimos trabajando para que m\u00e1s estudiantes accedan a la solicitud de becas, por lo que hasta fin de mayo estaremos enfocados en las becas de nivel secundario y salimos a territorio haciendo abordajes para que quienes no tengan conectividad puedan acercarse y tramitar su beca. El a\u00f1o pasado visitamos los 17 departamentos y este a\u00f1o lo volveremos a realizar\u00bb, detall\u00f3 el director del Becario.<\/p>\n<p>Asimismo, adelant\u00f3 que las solicitudes de becas para estudiantes del nivel superior, terciarios y universitarios, se abrir\u00e1n en el mes de junio para el periodo 2023-2024. De tal manera, hasta junio de este a\u00f1o se contin\u00faa pagando la beca 2022-2023. Esto se da en virtud del periodo de pago que tiene el nivel superior, el cual se abona de agosto hasta diciembre de 2022 y de marzo hasta junio de 2023.<\/p>\n<p>Finalmente, B\u00e9rtoli record\u00f3 que est\u00e1 a disposici\u00f3n en la web del Instituto el chat que funciona de lunes a viernes, de 9 a 13, para que los estudiantes o sus familias puedan realizar sus consultas y despejar dudas, tanto para aquellos que deban renovar su beneficio o los que hagan el tr\u00e1mite por primera vez.<\/p>\n<h4><b><\/b><b>Detalles de la inscripci\u00f3n<\/b><\/h4>\n<p>La modalidad para efectuar el tr\u00e1mite de inscripci\u00f3n es sencilla. Los requisitos son escanear o sacar fotograf\u00edas con una tablet, c\u00e1mara o tel\u00e9fono del documento de identidad (frente y dorso), constancia de CUIL del estudiante y los dos \u00faltimos comprobantes de ingresos de su grupo familiar.<\/p>\n<p>Acerca de la documentaci\u00f3n para el eventual cobro de la beca, cada estudiante menor de 18 a\u00f1os debe adjuntar la fotograf\u00eda del documento de identidad y constancia de CUIL de quien ser\u00e1 el titular de cobro que debe ser mayor de edad.<br \/>\nLa situaci\u00f3n acad\u00e9mica es un requisito indispensable para los estudiantes secundarios, ya que el solicitante deber\u00e1 tener aprobadas la totalidad de las materias. Adem\u00e1s, deber\u00e1n presentar su constancia de alumno regular o la inscripci\u00f3n al ciclo lectivo 2023.<\/p>\n<p>Por \u00faltimo, los aspirantes deber\u00e1n tener tres a\u00f1os de residencia en la provincia comprobable, como m\u00ednimo. En el caso de que esta situaci\u00f3n no figure en el documento de identidad, deber\u00e1 presentar los tres \u00faltimos boletines de calificaciones. Todos estos documentos, deber\u00e1n fotografiarse y enviarse como archivo adjunto del tr\u00e1mite online dentro del mismo sistema.<\/p>\n<p>El per\u00edodo de pago para el nivel secundario comprende nueve meses durante los cuales se abona la beca. Es decir que se paga desde mayo hasta noviembre de 2023 y luego se contin\u00faa desde febrero hasta marzo del a\u00f1o siguiente, completando as\u00ed el periodo del beneficio.<\/p>\n<h3><b>Documentaci\u00f3n obligatoria a digitalizar<\/b><\/h3>\n<p><strong>\u2022 Renovaciones<\/strong><br \/>\n&#8211; Constancia de alumno\/a regular o inscripci\u00f3n al ciclo lectivo a\u00f1o 2023.<br \/>\n&#8211; Bolet\u00edn de calificaciones a\u00f1o 2022 firmado por la autoridad del establecimiento (ambos lados).<br \/>\n&#8211; Titular de cobro: se mantendr\u00e1 el titular vigente a\u00fan cuando el\/la solicitante es mayor de 18 a\u00f1os. En el caso de cambios se debe adjuntar: nota de solicitud de cambio de titular; DNI tarjeta ambos lados y Constancia de CUIL del nuevo titular.<\/p>\n<p><strong>\u2022 Becas nuevas<\/strong><br \/>\n&#8211; DNI tarjeta ambos lados (de el\/la solicitante).<br \/>\n&#8211; Constancia de CUIL (de el\/la solicitante).<br \/>\n&#8211; Constancia de alumno\/a regular o inscripci\u00f3n al ciclo lectivo a\u00f1o 2023.<br \/>\n&#8211; Bolet\u00edn de calificaciones a\u00f1o 2022 firmado por la autoridad del establecimiento (ambos lados).<br \/>\n&#8211; Comprobantes de ingresos del grupo familiar seg\u00fan corresponda:<br \/>\n&#8211; Trabajadores registrados: \u00faltimos dos recibos de sueldos de padres o tutores.<br \/>\n&#8211; Jubilados: \u00faltimo recibo de jubilaci\u00f3n.<br \/>\n&#8211; Asignaci\u00f3n Universal por Hijo \/ otros planes sociales: ticket del \u00faltimo movimiento bancario con fecha 2023 o copia de la tarjeta (no ser\u00e1 considerado v\u00e1lido el ticket de extracci\u00f3n).<br \/>\n&#8211; Trabajadores No registrados: deber\u00e1n adjuntar declaraci\u00f3n jurada realizada en la comisar\u00eda m\u00e1s cercana a su domicilio, en la que debe informar qu\u00e9 actividad efect\u00faa y qu\u00e9 ingreso aproximado mensual percibe.<br \/>\n&#8211; Desocupados: adjuntar Certificaci\u00f3n Negativa Anses actualizada<br \/>\n&#8211; Monotributista: constancia de opci\u00f3n AFIP, donde figura la categor\u00eda.<br \/>\n*En caso de divorcio o separaci\u00f3n de los padres del estudiante, deber\u00e1n acreditar con la correspondiente documentaci\u00f3n. Para el mismo caso, si existe cuota alimentaria, se deber\u00e1 documentar.<br \/>\n-Menores de 18 a\u00f1os deber\u00e1n consignar un\/a titular para el cobro de la beca en el caso de resultar beneficiarios\/as, para lo que debe adjuntar: DNI tarjeta ambos lados (del mayor responsable) y constancia de CUIL (del mayor responsable).<\/p>\n","protected":false},"excerpt":{"rendered":"<p>Las inscripciones se realizan exclusivamente de manera online a trav\u00e9s de la web del ente aut\u00e1rquico. Qu\u00e9 documentaci\u00f3n se debe digitalizar. <\/p>\n","protected":false},"author":2,"featured_media":122971,"comment_status":"open","ping_status":"open","sticky":false,"template":"","format":"standard","meta":{"fifu_image_url":"","fifu_image_alt":"","footnotes":""},"categories":[6],"tags":[381,81,382,418],"class_list":{"0":"post-122970","1":"post","2":"type-post","3":"status-publish","4":"format-standard","5":"has-post-thumbnail","7":"category-entre-rios","8":"tag-becas","9":"tag-entre-rios","10":"tag-inaubepro","11":"tag-instituto-becario"},"yoast_head":"<title>El 27 de febrero comenzar\u00e1n las inscripciones para becas secundarias del Instituto Becario - Informe Litoral<\/title>\n<meta name=\"robots\" content=\"index, follow, max-snippet:-1, max-image-preview:large, max-video-preview:-1\" \/>\n<link rel=\"canonical\" href=\"https:\/\/informelitoral.com.ar\/el-27-de-febrero-comenzaran-las-inscripciones-para-becas-secundarias-del-instituto-becario\/\" \/>\n<meta property=\"og:locale\" content=\"es_ES\" \/>\n<meta property=\"og:type\" content=\"article\" \/>\n<meta property=\"og:title\" content=\"El 27 de febrero comenzar\u00e1n las inscripciones para becas secundarias del Instituto Becario - Informe Litoral\" \/>\n<meta property=\"og:description\" content=\"Las inscripciones se realizan exclusivamente de manera online a trav\u00e9s de la web del ente aut\u00e1rquico. Qu\u00e9 documentaci\u00f3n se debe digitalizar.\" \/>\n<meta property=\"og:url\" content=\"https:\/\/informelitoral.com.ar\/el-27-de-febrero-comenzaran-las-inscripciones-para-becas-secundarias-del-instituto-becario\/\" \/>\n<meta property=\"og:site_name\" content=\"Informe Litoral\" \/>\n<meta property=\"article:publisher\" content=\"https:\/\/www.facebook.com\/informelitoral\/\" \/>\n<meta property=\"article:published_time\" content=\"2023-02-22T22:48:40+00:00\" \/>\n<meta property=\"og:image\" content=\"https:\/\/informelitoral.com.ar\/%77%70%2d%63%6f%6e%74%65%6e%74\/uploads\/2023\/02\/becas-secundarias-entre-rios.jpg\" \/>\n\t<meta property=\"og:image:width\" content=\"1920\" \/>\n\t<meta property=\"og:image:height\" content=\"1280\" \/>\n\t<meta property=\"og:image:type\" content=\"image\/jpeg\" \/>\n<meta name=\"author\" content=\"Gonzalo Schmidt\" \/>\n<meta name=\"twitter:card\" content=\"summary_large_image\" \/>\n<meta name=\"twitter:creator\" content=\"@InformeLitoral\" \/>\n<meta name=\"twitter:site\" content=\"@InformeLitoral\" \/>\n<meta name=\"twitter:label1\" content=\"Escrito por\" \/>\n\t<meta name=\"twitter:data1\" content=\"Gonzalo Schmidt\" \/>\n\t<meta name=\"twitter:label2\" content=\"Tiempo de lectura\" \/>\n\t<meta name=\"twitter:data2\" content=\"5 minutos\" \/>\n<script type=\"application\/ld+json\" class=\"yoast-schema-graph\">{\"@context\":\"https:\\\/\\\/schema.org\",\"@graph\":[{\"@type\":\"Article\",\"@id\":\"https:\\\/\\\/informelitoral.com.ar\\\/el-27-de-febrero-comenzaran-las-inscripciones-para-becas-secundarias-del-instituto-becario\\\/#article\",\"isPartOf\":{\"@id\":\"https:\\\/\\\/informelitoral.com.ar\\\/el-27-de-febrero-comenzaran-las-inscripciones-para-becas-secundarias-del-instituto-becario\\\/\"},\"author\":{\"name\":\"Gonzalo Schmidt\",\"@id\":\"https:\\\/\\\/informelitoral.com.ar\\\/#\\\/schema\\\/person\\\/b9d00407c836482871ef1d57bf8e3180\"},\"headline\":\"El 27 de febrero comenzar\u00e1n las inscripciones para becas secundarias del Instituto Becario\",\"datePublished\":\"2023-02-22T22:48:40+00:00\",\"mainEntityOfPage\":{\"@id\":\"https:\\\/\\\/informelitoral.com.ar\\\/el-27-de-febrero-comenzaran-las-inscripciones-para-becas-secundarias-del-instituto-becario\\\/\"},\"wordCount\":990,\"commentCount\":0,\"publisher\":{\"@id\":\"https:\\\/\\\/informelitoral.com.ar\\\/#organization\"},\"image\":{\"@id\":\"https:\\\/\\\/informelitoral.com.ar\\\/el-27-de-febrero-comenzaran-las-inscripciones-para-becas-secundarias-del-instituto-becario\\\/#primaryimage\"},\"thumbnailUrl\":\"https:\\\/\\\/informelitoral.com.ar\\\/%77%70%2d%63%6f%6e%74%65%6e%74\\\/uploads\\\/2023\\\/02\\\/becas-secundarias-entre-rios.jpg\",\"keywords\":[\"Becas\",\"Entre R\u00edos\",\"InAuBePro\",\"Instituto Becario\"],\"articleSection\":[\"Entre R\u00edos\"],\"inLanguage\":\"es\",\"potentialAction\":[{\"@type\":\"CommentAction\",\"name\":\"Comment\",\"target\":[\"https:\\\/\\\/informelitoral.com.ar\\\/el-27-de-febrero-comenzaran-las-inscripciones-para-becas-secundarias-del-instituto-becario\\\/#respond\"]}]},{\"@type\":\"WebPage\",\"@id\":\"https:\\\/\\\/informelitoral.com.ar\\\/el-27-de-febrero-comenzaran-las-inscripciones-para-becas-secundarias-del-instituto-becario\\\/\",\"url\":\"https:\\\/\\\/informelitoral.com.ar\\\/el-27-de-febrero-comenzaran-las-inscripciones-para-becas-secundarias-del-instituto-becario\\\/\",\"name\":\"El 27 de febrero comenzar\u00e1n las inscripciones para becas secundarias del Instituto Becario - Informe Litoral\",\"isPartOf\":{\"@id\":\"https:\\\/\\\/informelitoral.com.ar\\\/#website\"},\"primaryImageOfPage\":{\"@id\":\"https:\\\/\\\/informelitoral.com.ar\\\/el-27-de-febrero-comenzaran-las-inscripciones-para-becas-secundarias-del-instituto-becario\\\/#primaryimage\"},\"image\":{\"@id\":\"https:\\\/\\\/informelitoral.com.ar\\\/el-27-de-febrero-comenzaran-las-inscripciones-para-becas-secundarias-del-instituto-becario\\\/#primaryimage\"},\"thumbnailUrl\":\"https:\\\/\\\/informelitoral.com.ar\\\/%77%70%2d%63%6f%6e%74%65%6e%74\\\/uploads\\\/2023\\\/02\\\/becas-secundarias-entre-rios.jpg\",\"datePublished\":\"2023-02-22T22:48:40+00:00\",\"breadcrumb\":{\"@id\":\"https:\\\/\\\/informelitoral.com.ar\\\/el-27-de-febrero-comenzaran-las-inscripciones-para-becas-secundarias-del-instituto-becario\\\/#breadcrumb\"},\"inLanguage\":\"es\",\"potentialAction\":[{\"@type\":\"ReadAction\",\"target\":[\"https:\\\/\\\/informelitoral.com.ar\\\/el-27-de-febrero-comenzaran-las-inscripciones-para-becas-secundarias-del-instituto-becario\\\/\"]}]},{\"@type\":\"ImageObject\",\"inLanguage\":\"es\",\"@id\":\"https:\\\/\\\/informelitoral.com.ar\\\/el-27-de-febrero-comenzaran-las-inscripciones-para-becas-secundarias-del-instituto-becario\\\/#primaryimage\",\"url\":\"https:\\\/\\\/informelitoral.com.ar\\\/%77%70%2d%63%6f%6e%74%65%6e%74\\\/uploads\\\/2023\\\/02\\\/becas-secundarias-entre-rios.jpg\",\"contentUrl\":\"https:\\\/\\\/informelitoral.com.ar\\\/%77%70%2d%63%6f%6e%74%65%6e%74\\\/uploads\\\/2023\\\/02\\\/becas-secundarias-entre-rios.jpg\",\"width\":1920,\"height\":1280},{\"@type\":\"BreadcrumbList\",\"@id\":\"https:\\\/\\\/informelitoral.com.ar\\\/el-27-de-febrero-comenzaran-las-inscripciones-para-becas-secundarias-del-instituto-becario\\\/#breadcrumb\",\"itemListElement\":[{\"@type\":\"ListItem\",\"position\":1,\"name\":\"Portada\",\"item\":\"https:\\\/\\\/informelitoral.com.ar\\\/\"},{\"@type\":\"ListItem\",\"position\":2,\"name\":\"El 27 de febrero comenzar\u00e1n las inscripciones para becas secundarias del Instituto Becario\"}]},{\"@type\":\"WebSite\",\"@id\":\"https:\\\/\\\/informelitoral.com.ar\\\/#website\",\"url\":\"https:\\\/\\\/informelitoral.com.ar\\\/\",\"name\":\"Informe Litoral\",\"description\":\"&quot;Nos informamos&quot; \",\"publisher\":{\"@id\":\"https:\\\/\\\/informelitoral.com.ar\\\/#organization\"},\"potentialAction\":[{\"@type\":\"SearchAction\",\"target\":{\"@type\":\"EntryPoint\",\"urlTemplate\":\"https:\\\/\\\/informelitoral.com.ar\\\/?s={search_term_string}\"},\"query-input\":{\"@type\":\"PropertyValueSpecification\",\"valueRequired\":true,\"valueName\":\"search_term_string\"}}],\"inLanguage\":\"es\"},{\"@type\":\"Organization\",\"@id\":\"https:\\\/\\\/informelitoral.com.ar\\\/#organization\",\"name\":\"Informe Litoral\",\"url\":\"https:\\\/\\\/informelitoral.com.ar\\\/\",\"logo\":{\"@type\":\"ImageObject\",\"inLanguage\":\"es\",\"@id\":\"https:\\\/\\\/informelitoral.com.ar\\\/#\\\/schema\\\/logo\\\/image\\\/\",\"url\":\"https:\\\/\\\/informelitoral.com.ar\\\/%77%70%2d%63%6f%6e%74%65%6e%74\\\/uploads\\\/2021\\\/01\\\/circulo.png\",\"contentUrl\":\"https:\\\/\\\/informelitoral.com.ar\\\/%77%70%2d%63%6f%6e%74%65%6e%74\\\/uploads\\\/2021\\\/01\\\/circulo.png\",\"width\":723,\"height\":731,\"caption\":\"Informe Litoral\"},\"image\":{\"@id\":\"https:\\\/\\\/informelitoral.com.ar\\\/#\\\/schema\\\/logo\\\/image\\\/\"},\"sameAs\":[\"https:\\\/\\\/www.facebook.com\\\/informelitoral\\\/\",\"https:\\\/\\\/x.com\\\/InformeLitoral\",\"https:\\\/\\\/www.instagram.com\\\/informelitoral\\\/\",\"https:\\\/\\\/www.youtube.com\\\/channel\\\/UCua4Qvz8Icb6MYqhoq9xLXw\"]},{\"@type\":\"Person\",\"@id\":\"https:\\\/\\\/informelitoral.com.ar\\\/#\\\/schema\\\/person\\\/b9d00407c836482871ef1d57bf8e3180\",\"name\":\"Gonzalo Schmidt\",\"image\":{\"@type\":\"ImageObject\",\"inLanguage\":\"es\",\"@id\":\"https:\\\/\\\/secure.gravatar.com\\\/avatar\\\/31a1a7b66ff2de83bd0e9fd79d026630d2d99e55e8bfe501287647b4fd9743de?s=96&d=mm&r=g\",\"url\":\"https:\\\/\\\/secure.gravatar.com\\\/avatar\\\/31a1a7b66ff2de83bd0e9fd79d026630d2d99e55e8bfe501287647b4fd9743de?s=96&d=mm&r=g\",\"contentUrl\":\"https:\\\/\\\/secure.gravatar.com\\\/avatar\\\/31a1a7b66ff2de83bd0e9fd79d026630d2d99e55e8bfe501287647b4fd9743de?s=96&d=mm&r=g\",\"caption\":\"Gonzalo Schmidt\"},\"description\":\"Sitio web de noticias de la provincia de Entre R\u00edos, Argentina. Informaci\u00f3n y entretenimiento. Informe Litoral, nos informamos.\",\"sameAs\":[\"http:\\\/\\\/www.isletasnoticias.com.ar\"],\"url\":\"https:\\\/\\\/informelitoral.com.ar\\\/author\\\/gonzalo\\\/\"}]}<\/script>","yoast_head_json":{"title":"El 27 de febrero comenzar\u00e1n las inscripciones para becas secundarias del Instituto Becario - Informe Litoral","robots":{"index":"index","follow":"follow","max-snippet":"max-snippet:-1","max-image-preview":"max-image-preview:large","max-video-preview":"max-video-preview:-1"},"canonical":"https:\/\/informelitoral.com.ar\/el-27-de-febrero-comenzaran-las-inscripciones-para-becas-secundarias-del-instituto-becario\/","og_locale":"es_ES","og_type":"article","og_title":"El 27 de febrero comenzar\u00e1n las inscripciones para becas secundarias del Instituto Becario - Informe Litoral","og_description":"Las inscripciones se realizan exclusivamente de manera online a trav\u00e9s de la web del ente aut\u00e1rquico. Qu\u00e9 documentaci\u00f3n se debe digitalizar.","og_url":"https:\/\/informelitoral.com.ar\/el-27-de-febrero-comenzaran-las-inscripciones-para-becas-secundarias-del-instituto-becario\/","og_site_name":"Informe Litoral","article_publisher":"https:\/\/www.facebook.com\/informelitoral\/","article_published_time":"2023-02-22T22:48:40+00:00","og_image":[{"width":1920,"height":1280,"url":"https:\/\/informelitoral.com.ar\/%77%70%2d%63%6f%6e%74%65%6e%74\/uploads\/2023\/02\/becas-secundarias-entre-rios.jpg","type":"image\/jpeg"}],"author":"Gonzalo Schmidt","twitter_card":"summary_large_image","twitter_creator":"@InformeLitoral","twitter_site":"@InformeLitoral","twitter_misc":{"Escrito por":"Gonzalo Schmidt","Tiempo de lectura":"5 minutos"},"schema":{"@context":"https:\/\/schema.org","@graph":[{"@type":"Article","@id":"https:\/\/informelitoral.com.ar\/el-27-de-febrero-comenzaran-las-inscripciones-para-becas-secundarias-del-instituto-becario\/#article","isPartOf":{"@id":"https:\/\/informelitoral.com.ar\/el-27-de-febrero-comenzaran-las-inscripciones-para-becas-secundarias-del-instituto-becario\/"},"author":{"name":"Gonzalo Schmidt","@id":"https:\/\/informelitoral.com.ar\/#\/schema\/person\/b9d00407c836482871ef1d57bf8e3180"},"headline":"El 27 de febrero comenzar\u00e1n las inscripciones para becas secundarias del Instituto Becario","datePublished":"2023-02-22T22:48:40+00:00","mainEntityOfPage":{"@id":"https:\/\/informelitoral.com.ar\/el-27-de-febrero-comenzaran-las-inscripciones-para-becas-secundarias-del-instituto-becario\/"},"wordCount":990,"commentCount":0,"publisher":{"@id":"https:\/\/informelitoral.com.ar\/#organization"},"image":{"@id":"https:\/\/informelitoral.com.ar\/el-27-de-febrero-comenzaran-las-inscripciones-para-becas-secundarias-del-instituto-becario\/#primaryimage"},"thumbnailUrl":"https:\/\/informelitoral.com.ar\/%77%70%2d%63%6f%6e%74%65%6e%74\/uploads\/2023\/02\/becas-secundarias-entre-rios.jpg","keywords":["Becas","Entre R\u00edos","InAuBePro","Instituto Becario"],"articleSection":["Entre R\u00edos"],"inLanguage":"es","potentialAction":[{"@type":"CommentAction","name":"Comment","target":["https:\/\/informelitoral.com.ar\/el-27-de-febrero-comenzaran-las-inscripciones-para-becas-secundarias-del-instituto-becario\/#respond"]}]},{"@type":"WebPage","@id":"https:\/\/informelitoral.com.ar\/el-27-de-febrero-comenzaran-las-inscripciones-para-becas-secundarias-del-instituto-becario\/","url":"https:\/\/informelitoral.com.ar\/el-27-de-febrero-comenzaran-las-inscripciones-para-becas-secundarias-del-instituto-becario\/","name":"El 27 de febrero comenzar\u00e1n las inscripciones para becas secundarias del Instituto Becario - Informe Litoral","isPartOf":{"@id":"https:\/\/informelitoral.com.ar\/#website"},"primaryImageOfPage":{"@id":"https:\/\/informelitoral.com.ar\/el-27-de-febrero-comenzaran-las-inscripciones-para-becas-secundarias-del-instituto-becario\/#primaryimage"},"image":{"@id":"https:\/\/informelitoral.com.ar\/el-27-de-febrero-comenzaran-las-inscripciones-para-becas-secundarias-del-instituto-becario\/#primaryimage"},"thumbnailUrl":"https:\/\/informelitoral.com.ar\/%77%70%2d%63%6f%6e%74%65%6e%74\/uploads\/2023\/02\/becas-secundarias-entre-rios.jpg","datePublished":"2023-02-22T22:48:40+00:00","breadcrumb":{"@id":"https:\/\/informelitoral.com.ar\/el-27-de-febrero-comenzaran-las-inscripciones-para-becas-secundarias-del-instituto-becario\/#breadcrumb"},"inLanguage":"es","potentialAction":[{"@type":"ReadAction","target":["https:\/\/informelitoral.com.ar\/el-27-de-febrero-comenzaran-las-inscripciones-para-becas-secundarias-del-instituto-becario\/"]}]},{"@type":"ImageObject","inLanguage":"es","@id":"https:\/\/informelitoral.com.ar\/el-27-de-febrero-comenzaran-las-inscripciones-para-becas-secundarias-del-instituto-becario\/#primaryimage","url":"https:\/\/informelitoral.com.ar\/%77%70%2d%63%6f%6e%74%65%6e%74\/uploads\/2023\/02\/becas-secundarias-entre-rios.jpg","contentUrl":"https:\/\/informelitoral.com.ar\/%77%70%2d%63%6f%6e%74%65%6e%74\/uploads\/2023\/02\/becas-secundarias-entre-rios.jpg","width":1920,"height":1280},{"@type":"BreadcrumbList","@id":"https:\/\/informelitoral.com.ar\/el-27-de-febrero-comenzaran-las-inscripciones-para-becas-secundarias-del-instituto-becario\/#breadcrumb","itemListElement":[{"@type":"ListItem","position":1,"name":"Portada","item":"https:\/\/informelitoral.com.ar\/"},{"@type":"ListItem","position":2,"name":"El 27 de febrero comenzar\u00e1n las inscripciones para becas secundarias del Instituto Becario"}]},{"@type":"WebSite","@id":"https:\/\/informelitoral.com.ar\/#website","url":"https:\/\/informelitoral.com.ar\/","name":"Informe Litoral","description":"&quot;Nos informamos&quot; ","publisher":{"@id":"https:\/\/informelitoral.com.ar\/#organization"},"potentialAction":[{"@type":"SearchAction","target":{"@type":"EntryPoint","urlTemplate":"https:\/\/informelitoral.com.ar\/?s={search_term_string}"},"query-input":{"@type":"PropertyValueSpecification","valueRequired":true,"valueName":"search_term_string"}}],"inLanguage":"es"},{"@type":"Organization","@id":"https:\/\/informelitoral.com.ar\/#organization","name":"Informe Litoral","url":"https:\/\/informelitoral.com.ar\/","logo":{"@type":"ImageObject","inLanguage":"es","@id":"https:\/\/informelitoral.com.ar\/#\/schema\/logo\/image\/","url":"https:\/\/informelitoral.com.ar\/%77%70%2d%63%6f%6e%74%65%6e%74\/uploads\/2021\/01\/circulo.png","contentUrl":"https:\/\/informelitoral.com.ar\/%77%70%2d%63%6f%6e%74%65%6e%74\/uploads\/2021\/01\/circulo.png","width":723,"height":731,"caption":"Informe Litoral"},"image":{"@id":"https:\/\/informelitoral.com.ar\/#\/schema\/logo\/image\/"},"sameAs":["https:\/\/www.facebook.com\/informelitoral\/","https:\/\/x.com\/InformeLitoral","https:\/\/www.instagram.com\/informelitoral\/","https:\/\/www.youtube.com\/channel\/UCua4Qvz8Icb6MYqhoq9xLXw"]},{"@type":"Person","@id":"https:\/\/informelitoral.com.ar\/#\/schema\/person\/b9d00407c836482871ef1d57bf8e3180","name":"Gonzalo Schmidt","image":{"@type":"ImageObject","inLanguage":"es","@id":"https:\/\/secure.gravatar.com\/avatar\/31a1a7b66ff2de83bd0e9fd79d026630d2d99e55e8bfe501287647b4fd9743de?s=96&d=mm&r=g","url":"https:\/\/secure.gravatar.com\/avatar\/31a1a7b66ff2de83bd0e9fd79d026630d2d99e55e8bfe501287647b4fd9743de?s=96&d=mm&r=g","contentUrl":"https:\/\/secure.gravatar.com\/avatar\/31a1a7b66ff2de83bd0e9fd79d026630d2d99e55e8bfe501287647b4fd9743de?s=96&d=mm&r=g","caption":"Gonzalo Schmidt"},"description":"Sitio web de noticias de la provincia de Entre R\u00edos, Argentina. Informaci\u00f3n y entretenimiento. Informe Litoral, nos informamos.","sameAs":["http:\/\/www.isletasnoticias.com.ar"],"url":"https:\/\/informelitoral.com.ar\/author\/gonzalo\/"}]}},"_links":{"self":[{"href":"https:\/\/informelitoral.com.ar\/%77%70%2d%6a%73%6f%6e\/wp\/v2\/posts\/122970","targetHints":{"allow":["GET"]}}],"collection":[{"href":"https:\/\/informelitoral.com.ar\/%77%70%2d%6a%73%6f%6e\/wp\/v2\/posts"}],"about":[{"href":"https:\/\/informelitoral.com.ar\/%77%70%2d%6a%73%6f%6e\/wp\/v2\/types\/post"}],"author":[{"embeddable":true,"href":"https:\/\/informelitoral.com.ar\/%77%70%2d%6a%73%6f%6e\/wp\/v2\/users\/2"}],"replies":[{"embeddable":true,"href":"https:\/\/informelitoral.com.ar\/%77%70%2d%6a%73%6f%6e\/wp\/v2\/comments?post=122970"}],"version-history":[{"count":0,"href":"https:\/\/informelitoral.com.ar\/%77%70%2d%6a%73%6f%6e\/wp\/v2\/posts\/122970\/revisions"}],"wp:featuredmedia":[{"embeddable":true,"href":"https:\/\/informelitoral.com.ar\/%77%70%2d%6a%73%6f%6e\/wp\/v2\/media\/122971"}],"wp:attachment":[{"href":"https:\/\/informelitoral.com.ar\/%77%70%2d%6a%73%6f%6e\/wp\/v2\/media?parent=122970"}],"wp:term":[{"taxonomy":"category","embeddable":true,"href":"https:\/\/informelitoral.com.ar\/%77%70%2d%6a%73%6f%6e\/wp\/v2\/categories?post=122970"},{"taxonomy":"post_tag","embeddable":true,"href":"https:\/\/informelitoral.com.ar\/%77%70%2d%6a%73%6f%6e\/wp\/v2\/tags?post=122970"}],"curies":[{"name":"wp","href":"https:\/\/api.w.org\/{rel}","templated":true}]}}