{"id":12128,"date":"2015-10-15T19:47:47","date_gmt":"2015-10-15T22:47:47","guid":{"rendered":"http:\/\/www.isletasnoticias.com.ar\/?p=12128"},"modified":"2015-10-15T19:47:47","modified_gmt":"2015-10-15T22:47:47","slug":"isletas-las-coincidencias-entre-alcides-wolf-y-luis-chemez","status":"publish","type":"post","link":"https:\/\/informelitoral.com.ar\/isletas-las-coincidencias-entre-alcides-wolf-y-luis-chemez\/","title":{"rendered":"Isletas: las coincidencias entre Alcides Wolf y Luis Ch\u00e9mez"},"content":{"rendered":"<p><strong>Los aspirantes a presidir la Junta de Gobierno de Isletas por Cambiemos y el Frente para la Victoria, cuentan detalles sobre sus gustos y su vida \u00edntima. Con\u00f3zcalos m\u00e1s en esta nota de <em>IN.\u00a0<a href=\"http:\/\/www.isletasnoticias.com.ar\/%77%70%2d%63%6f%6e%74%65%6e%74\/uploads\/2015\/10\/Untitled-11.jpg\"><img loading=\"lazy\" decoding=\"async\" class=\"aligncenter wp-image-12053 size-medium\" src=\"http:\/\/www.isletasnoticias.com.ar\/%77%70%2d%63%6f%6e%74%65%6e%74\/uploads\/2015\/10\/Untitled-11-300x183.jpg\" alt=\"Untitled-1\" width=\"300\" height=\"183\" srcset=\"https:\/\/informelitoral.com.ar\/%77%70%2d%63%6f%6e%74%65%6e%74\/uploads\/2015\/10\/Untitled-11-300x183.jpg 300w, https:\/\/informelitoral.com.ar\/%77%70%2d%63%6f%6e%74%65%6e%74\/uploads\/2015\/10\/Untitled-11.jpg 565w\" sizes=\"auto, (max-width: 300px) 100vw, 300px\" \/><\/a><\/em><\/strong><\/p>\n<p>Desde<em> ISLETAS NOTICIAS\u00a0<\/em>ya consultamos a los candidatos a presidir la Junta de Gobierno de Isletas\u00a0<a href=\"http:\/\/www.isletasnoticias.com.ar\/?p=12052\">sobre algunos gustos<\/a>;\u00a0como su referente pol\u00edtico, comida preferida, equipo de f\u00fatbol, momento del d\u00eda, m\u00fasica y un sue\u00f1o. Ahora, en esta segunda parte, es momento de conocer otros detalles de su vida.<\/p>\n<p>Tanto <strong>Alcides Wolf<\/strong> de Cambiemos (PRO &#8211; UCR -CC), como <strong>Luis Ch\u00e9mez<\/strong> (FJpV), accedieron a mostrar la persona detr\u00e1s del candidato, respondiendo detalles de su vida, como el lugar donde estudiaron, el mejor y peor recuerdo, la mejor etapa de su vida, la fe en Dios, como avizoran a Isletas dentro de 10 a\u00f1os, entre otros puntos.<\/p>\n<p><strong>Escuela Primaria\u00a0<\/strong><\/p>\n<p>Alcides Wolf:\u00a0Escuela N\u00ba 34 Juan Jos\u00e9 Paso de Distrito Doll<\/p>\n<p>Luis Ch\u00e9mez:\u00a0Escuela N\u00b0 27 Horacio Mann de Isletas<\/p>\n<p><strong>Recuerdo de sus padres<\/strong><\/p>\n<p>Alcides Wolf:\u00a0Los consejos para ser una persona de bien.<\/p>\n<p>Luis Ch\u00e9mez: Cuando \u00edbamos los d\u00edas domingos a jugar al f\u00fatbol en familia. Hoy en d\u00eda me siento muy agradecido de los valores ense\u00f1ados.<\/p>\n<p><strong>Situaci\u00f3n de Isletas en 10 a\u00f1os<\/strong><\/p>\n<p>Alcides Wolf:\u00a0Mejor que ahora y pujante.<\/p>\n<p>Luis Ch\u00e9mez: A Isletas de ac\u00e1 a 10 a\u00f1os me la imagino, como todos quisi\u00e9ramos a nuestra poblaci\u00f3n con respeto, equidad, di\u00e1logo e igualdad, sin perder nuestros principios.<\/p>\n<p><strong>Lo mejor y lo peor que vivieron<\/strong><\/p>\n<p>Alcides Wolf: Mejor: El nacimiento de mi hijo. Lo peor: El servicio militar<\/p>\n<p>Luis Ch\u00e9mez:\u00a0Mejor: Nacimiento de mis tres hijas<\/p>\n<p>Peor: Fallecimiento de mi padre y hermana.<\/p>\n<p><strong>Mejor etapa de sus vidas<\/strong><\/p>\n<p>Alcides Wolf:\u00a0Dir\u00eda que todas, por los amigos cosechados y las experiencias cosechadas.<\/p>\n<p>Luis Ch\u00e9mez: Considero que todos los momentos de la vida son buenos, en el paso de la vida, cometemos errores; de los cuales siempre nos dejan alg\u00fan aprendizaje convirti\u00e9ndose en acciones correctas para el futuro.<\/p>\n<p><strong>Estaci\u00f3n del a\u00f1o\u00a0<\/strong><\/p>\n<p>Alcides Wolf: Verano<\/p>\n<p>Luis Ch\u00e9mez: Verano<\/p>\n<p><strong>\u00bfCreen en Dios?\u00a0<\/strong><\/p>\n<p>Alcides Wolf: si<\/p>\n<p>Luis Ch\u00e9mez: si<\/p>\n<p><strong>\u00bfPractican alg\u00fan deporte?<\/strong><\/p>\n<p>Alcides Wolf: No<\/p>\n<p>Luis Ch\u00e9mez: Si, practico f\u00fatbol.<\/p>\n<p><strong>\u00bfLes gusta salir?<\/strong><\/p>\n<p>Alcides Wolf: S\u00ed<\/p>\n<p>Luis Ch\u00e9mez: S\u00ed<\/p>\n<p><strong>\u00cddolo\u00a0<\/strong><\/p>\n<p>Alcides Wolf:\u00a0Antonio Roma y Omar \u00abGur\u00ed\u00bb Mart\u00ednez.<\/p>\n<p>Luis Ch\u00e9mez:\u00a0Mario Alberto Kempes.<\/p>\n","protected":false},"excerpt":{"rendered":"<p>Los aspirantes a presidir la Junta de Gobierno de Isletas por Cambiemos y el Frente para la Victoria, cuentan detalles sobre sus gustos y su vida &iacute;ntima. Con&oacute;zcalos m&aacute;s en esta nota de IN.&nbsp; Desde ISLETAS NOTICIAS&nbsp;ya consultamos a los candidatos a presidir la Junta de Gobierno de Isletas&nbsp;sobre algunos gustos;&nbsp;como su referente pol&iacute;tico, comida [&hellip;]<\/p>\n","protected":false},"author":2,"featured_media":0,"comment_status":"open","ping_status":"open","sticky":false,"template":"","format":"standard","meta":{"fifu_image_url":"","fifu_image_alt":"","footnotes":""},"categories":[4,16],"tags":[],"class_list":{"0":"post-12128","1":"post","2":"type-post","3":"status-publish","4":"format-standard","6":"category-locales","7":"category-politi"},"yoast_head":"<title>Isletas: las coincidencias entre Alcides Wolf y Luis Ch\u00e9mez - Informe Litoral<\/title>\n<meta name=\"robots\" content=\"index, follow, max-snippet:-1, max-image-preview:large, max-video-preview:-1\" \/>\n<link rel=\"canonical\" href=\"https:\/\/informelitoral.com.ar\/isletas-las-coincidencias-entre-alcides-wolf-y-luis-chemez\/\" \/>\n<meta property=\"og:locale\" content=\"es_ES\" \/>\n<meta property=\"og:type\" content=\"article\" \/>\n<meta property=\"og:title\" content=\"Isletas: las coincidencias entre Alcides Wolf y Luis Ch\u00e9mez - Informe Litoral\" \/>\n<meta property=\"og:description\" content=\"Los aspirantes a presidir la Junta de Gobierno de Isletas por Cambiemos y el Frente para la Victoria, cuentan detalles sobre sus gustos y su vida &iacute;ntima. Con&oacute;zcalos m&aacute;s en esta nota de IN.&nbsp; Desde ISLETAS NOTICIAS&nbsp;ya consultamos a los candidatos a presidir la Junta de Gobierno de Isletas&nbsp;sobre algunos gustos;&nbsp;como su referente pol&iacute;tico, comida [&hellip;]\" \/>\n<meta property=\"og:url\" content=\"https:\/\/informelitoral.com.ar\/isletas-las-coincidencias-entre-alcides-wolf-y-luis-chemez\/\" \/>\n<meta property=\"og:site_name\" content=\"Informe Litoral\" \/>\n<meta property=\"article:publisher\" content=\"https:\/\/www.facebook.com\/informelitoral\/\" \/>\n<meta property=\"article:published_time\" content=\"2015-10-15T22:47:47+00:00\" \/>\n<meta property=\"og:image\" content=\"https:\/\/informelitoral.com.ar\/%77%70%2d%63%6f%6e%74%65%6e%74\/uploads\/2015\/10\/Untitled-11.jpg\" \/>\n\t<meta property=\"og:image:width\" content=\"565\" \/>\n\t<meta property=\"og:image:height\" content=\"344\" \/>\n\t<meta property=\"og:image:type\" content=\"image\/jpeg\" \/>\n<meta name=\"author\" content=\"Gonzalo Schmidt\" \/>\n<meta name=\"twitter:card\" content=\"summary_large_image\" \/>\n<meta name=\"twitter:creator\" content=\"@InformeLitoral\" \/>\n<meta name=\"twitter:site\" content=\"@InformeLitoral\" \/>\n<meta name=\"twitter:label1\" content=\"Escrito por\" \/>\n\t<meta name=\"twitter:data1\" content=\"Gonzalo Schmidt\" \/>\n\t<meta name=\"twitter:label2\" content=\"Tiempo de lectura\" \/>\n\t<meta name=\"twitter:data2\" content=\"2 minutos\" \/>\n<script type=\"application\/ld+json\" class=\"yoast-schema-graph\">{\"@context\":\"https:\\\/\\\/schema.org\",\"@graph\":[{\"@type\":\"Article\",\"@id\":\"https:\\\/\\\/informelitoral.com.ar\\\/isletas-las-coincidencias-entre-alcides-wolf-y-luis-chemez\\\/#article\",\"isPartOf\":{\"@id\":\"https:\\\/\\\/informelitoral.com.ar\\\/isletas-las-coincidencias-entre-alcides-wolf-y-luis-chemez\\\/\"},\"author\":{\"name\":\"Gonzalo Schmidt\",\"@id\":\"https:\\\/\\\/informelitoral.com.ar\\\/#\\\/schema\\\/person\\\/b9d00407c836482871ef1d57bf8e3180\"},\"headline\":\"Isletas: las coincidencias entre Alcides Wolf y Luis Ch\u00e9mez\",\"datePublished\":\"2015-10-15T22:47:47+00:00\",\"mainEntityOfPage\":{\"@id\":\"https:\\\/\\\/informelitoral.com.ar\\\/isletas-las-coincidencias-entre-alcides-wolf-y-luis-chemez\\\/\"},\"wordCount\":424,\"commentCount\":0,\"publisher\":{\"@id\":\"https:\\\/\\\/informelitoral.com.ar\\\/#organization\"},\"image\":{\"@id\":\"https:\\\/\\\/informelitoral.com.ar\\\/isletas-las-coincidencias-entre-alcides-wolf-y-luis-chemez\\\/#primaryimage\"},\"thumbnailUrl\":\"http:\\\/\\\/www.isletasnoticias.com.ar\\\/%77%70%2d%63%6f%6e%74%65%6e%74\\\/uploads\\\/2015\\\/10\\\/Untitled-11-300x183.jpg\",\"articleSection\":[\"Isletas\",\"Politica\"],\"inLanguage\":\"es\",\"potentialAction\":[{\"@type\":\"CommentAction\",\"name\":\"Comment\",\"target\":[\"https:\\\/\\\/informelitoral.com.ar\\\/isletas-las-coincidencias-entre-alcides-wolf-y-luis-chemez\\\/#respond\"]}]},{\"@type\":\"WebPage\",\"@id\":\"https:\\\/\\\/informelitoral.com.ar\\\/isletas-las-coincidencias-entre-alcides-wolf-y-luis-chemez\\\/\",\"url\":\"https:\\\/\\\/informelitoral.com.ar\\\/isletas-las-coincidencias-entre-alcides-wolf-y-luis-chemez\\\/\",\"name\":\"Isletas: las coincidencias entre Alcides Wolf y Luis Ch\u00e9mez - Informe Litoral\",\"isPartOf\":{\"@id\":\"https:\\\/\\\/informelitoral.com.ar\\\/#website\"},\"primaryImageOfPage\":{\"@id\":\"https:\\\/\\\/informelitoral.com.ar\\\/isletas-las-coincidencias-entre-alcides-wolf-y-luis-chemez\\\/#primaryimage\"},\"image\":{\"@id\":\"https:\\\/\\\/informelitoral.com.ar\\\/isletas-las-coincidencias-entre-alcides-wolf-y-luis-chemez\\\/#primaryimage\"},\"thumbnailUrl\":\"http:\\\/\\\/www.isletasnoticias.com.ar\\\/%77%70%2d%63%6f%6e%74%65%6e%74\\\/uploads\\\/2015\\\/10\\\/Untitled-11-300x183.jpg\",\"datePublished\":\"2015-10-15T22:47:47+00:00\",\"breadcrumb\":{\"@id\":\"https:\\\/\\\/informelitoral.com.ar\\\/isletas-las-coincidencias-entre-alcides-wolf-y-luis-chemez\\\/#breadcrumb\"},\"inLanguage\":\"es\",\"potentialAction\":[{\"@type\":\"ReadAction\",\"target\":[\"https:\\\/\\\/informelitoral.com.ar\\\/isletas-las-coincidencias-entre-alcides-wolf-y-luis-chemez\\\/\"]}]},{\"@type\":\"ImageObject\",\"inLanguage\":\"es\",\"@id\":\"https:\\\/\\\/informelitoral.com.ar\\\/isletas-las-coincidencias-entre-alcides-wolf-y-luis-chemez\\\/#primaryimage\",\"url\":\"http:\\\/\\\/www.isletasnoticias.com.ar\\\/%77%70%2d%63%6f%6e%74%65%6e%74\\\/uploads\\\/2015\\\/10\\\/Untitled-11-300x183.jpg\",\"contentUrl\":\"http:\\\/\\\/www.isletasnoticias.com.ar\\\/%77%70%2d%63%6f%6e%74%65%6e%74\\\/uploads\\\/2015\\\/10\\\/Untitled-11-300x183.jpg\"},{\"@type\":\"BreadcrumbList\",\"@id\":\"https:\\\/\\\/informelitoral.com.ar\\\/isletas-las-coincidencias-entre-alcides-wolf-y-luis-chemez\\\/#breadcrumb\",\"itemListElement\":[{\"@type\":\"ListItem\",\"position\":1,\"name\":\"Portada\",\"item\":\"https:\\\/\\\/informelitoral.com.ar\\\/\"},{\"@type\":\"ListItem\",\"position\":2,\"name\":\"Isletas: las coincidencias entre Alcides Wolf y Luis Ch\u00e9mez\"}]},{\"@type\":\"WebSite\",\"@id\":\"https:\\\/\\\/informelitoral.com.ar\\\/#website\",\"url\":\"https:\\\/\\\/informelitoral.com.ar\\\/\",\"name\":\"Informe Litoral\",\"description\":\"&quot;Nos informamos&quot; \",\"publisher\":{\"@id\":\"https:\\\/\\\/informelitoral.com.ar\\\/#organization\"},\"potentialAction\":[{\"@type\":\"SearchAction\",\"target\":{\"@type\":\"EntryPoint\",\"urlTemplate\":\"https:\\\/\\\/informelitoral.com.ar\\\/?s={search_term_string}\"},\"query-input\":{\"@type\":\"PropertyValueSpecification\",\"valueRequired\":true,\"valueName\":\"search_term_string\"}}],\"inLanguage\":\"es\"},{\"@type\":\"Organization\",\"@id\":\"https:\\\/\\\/informelitoral.com.ar\\\/#organization\",\"name\":\"Informe Litoral\",\"url\":\"https:\\\/\\\/informelitoral.com.ar\\\/\",\"logo\":{\"@type\":\"ImageObject\",\"inLanguage\":\"es\",\"@id\":\"https:\\\/\\\/informelitoral.com.ar\\\/#\\\/schema\\\/logo\\\/image\\\/\",\"url\":\"https:\\\/\\\/informelitoral.com.ar\\\/%77%70%2d%63%6f%6e%74%65%6e%74\\\/uploads\\\/2021\\\/01\\\/circulo.png\",\"contentUrl\":\"https:\\\/\\\/informelitoral.com.ar\\\/%77%70%2d%63%6f%6e%74%65%6e%74\\\/uploads\\\/2021\\\/01\\\/circulo.png\",\"width\":723,\"height\":731,\"caption\":\"Informe Litoral\"},\"image\":{\"@id\":\"https:\\\/\\\/informelitoral.com.ar\\\/#\\\/schema\\\/logo\\\/image\\\/\"},\"sameAs\":[\"https:\\\/\\\/www.facebook.com\\\/informelitoral\\\/\",\"https:\\\/\\\/x.com\\\/InformeLitoral\",\"https:\\\/\\\/www.instagram.com\\\/informelitoral\\\/\",\"https:\\\/\\\/www.youtube.com\\\/channel\\\/UCua4Qvz8Icb6MYqhoq9xLXw\"]},{\"@type\":\"Person\",\"@id\":\"https:\\\/\\\/informelitoral.com.ar\\\/#\\\/schema\\\/person\\\/b9d00407c836482871ef1d57bf8e3180\",\"name\":\"Gonzalo Schmidt\",\"image\":{\"@type\":\"ImageObject\",\"inLanguage\":\"es\",\"@id\":\"https:\\\/\\\/secure.gravatar.com\\\/avatar\\\/31a1a7b66ff2de83bd0e9fd79d026630d2d99e55e8bfe501287647b4fd9743de?s=96&d=mm&r=g\",\"url\":\"https:\\\/\\\/secure.gravatar.com\\\/avatar\\\/31a1a7b66ff2de83bd0e9fd79d026630d2d99e55e8bfe501287647b4fd9743de?s=96&d=mm&r=g\",\"contentUrl\":\"https:\\\/\\\/secure.gravatar.com\\\/avatar\\\/31a1a7b66ff2de83bd0e9fd79d026630d2d99e55e8bfe501287647b4fd9743de?s=96&d=mm&r=g\",\"caption\":\"Gonzalo Schmidt\"},\"description\":\"Sitio web de noticias de la provincia de Entre R\u00edos, Argentina. Informaci\u00f3n y entretenimiento. Informe Litoral, nos informamos.\",\"sameAs\":[\"http:\\\/\\\/www.isletasnoticias.com.ar\"],\"url\":\"https:\\\/\\\/informelitoral.com.ar\\\/author\\\/gonzalo\\\/\"}]}<\/script>","yoast_head_json":{"title":"Isletas: las coincidencias entre Alcides Wolf y Luis Ch\u00e9mez - Informe Litoral","robots":{"index":"index","follow":"follow","max-snippet":"max-snippet:-1","max-image-preview":"max-image-preview:large","max-video-preview":"max-video-preview:-1"},"canonical":"https:\/\/informelitoral.com.ar\/isletas-las-coincidencias-entre-alcides-wolf-y-luis-chemez\/","og_locale":"es_ES","og_type":"article","og_title":"Isletas: las coincidencias entre Alcides Wolf y Luis Ch\u00e9mez - Informe Litoral","og_description":"Los aspirantes a presidir la Junta de Gobierno de Isletas por Cambiemos y el Frente para la Victoria, cuentan detalles sobre sus gustos y su vida &iacute;ntima. Con&oacute;zcalos m&aacute;s en esta nota de IN.&nbsp; Desde ISLETAS NOTICIAS&nbsp;ya consultamos a los candidatos a presidir la Junta de Gobierno de Isletas&nbsp;sobre algunos gustos;&nbsp;como su referente pol&iacute;tico, comida [&hellip;]","og_url":"https:\/\/informelitoral.com.ar\/isletas-las-coincidencias-entre-alcides-wolf-y-luis-chemez\/","og_site_name":"Informe Litoral","article_publisher":"https:\/\/www.facebook.com\/informelitoral\/","article_published_time":"2015-10-15T22:47:47+00:00","og_image":[{"width":565,"height":344,"url":"https:\/\/informelitoral.com.ar\/%77%70%2d%63%6f%6e%74%65%6e%74\/uploads\/2015\/10\/Untitled-11.jpg","type":"image\/jpeg"}],"author":"Gonzalo Schmidt","twitter_card":"summary_large_image","twitter_creator":"@InformeLitoral","twitter_site":"@InformeLitoral","twitter_misc":{"Escrito por":"Gonzalo Schmidt","Tiempo de lectura":"2 minutos"},"schema":{"@context":"https:\/\/schema.org","@graph":[{"@type":"Article","@id":"https:\/\/informelitoral.com.ar\/isletas-las-coincidencias-entre-alcides-wolf-y-luis-chemez\/#article","isPartOf":{"@id":"https:\/\/informelitoral.com.ar\/isletas-las-coincidencias-entre-alcides-wolf-y-luis-chemez\/"},"author":{"name":"Gonzalo Schmidt","@id":"https:\/\/informelitoral.com.ar\/#\/schema\/person\/b9d00407c836482871ef1d57bf8e3180"},"headline":"Isletas: las coincidencias entre Alcides Wolf y Luis Ch\u00e9mez","datePublished":"2015-10-15T22:47:47+00:00","mainEntityOfPage":{"@id":"https:\/\/informelitoral.com.ar\/isletas-las-coincidencias-entre-alcides-wolf-y-luis-chemez\/"},"wordCount":424,"commentCount":0,"publisher":{"@id":"https:\/\/informelitoral.com.ar\/#organization"},"image":{"@id":"https:\/\/informelitoral.com.ar\/isletas-las-coincidencias-entre-alcides-wolf-y-luis-chemez\/#primaryimage"},"thumbnailUrl":"http:\/\/www.isletasnoticias.com.ar\/%77%70%2d%63%6f%6e%74%65%6e%74\/uploads\/2015\/10\/Untitled-11-300x183.jpg","articleSection":["Isletas","Politica"],"inLanguage":"es","potentialAction":[{"@type":"CommentAction","name":"Comment","target":["https:\/\/informelitoral.com.ar\/isletas-las-coincidencias-entre-alcides-wolf-y-luis-chemez\/#respond"]}]},{"@type":"WebPage","@id":"https:\/\/informelitoral.com.ar\/isletas-las-coincidencias-entre-alcides-wolf-y-luis-chemez\/","url":"https:\/\/informelitoral.com.ar\/isletas-las-coincidencias-entre-alcides-wolf-y-luis-chemez\/","name":"Isletas: las coincidencias entre Alcides Wolf y Luis Ch\u00e9mez - Informe Litoral","isPartOf":{"@id":"https:\/\/informelitoral.com.ar\/#website"},"primaryImageOfPage":{"@id":"https:\/\/informelitoral.com.ar\/isletas-las-coincidencias-entre-alcides-wolf-y-luis-chemez\/#primaryimage"},"image":{"@id":"https:\/\/informelitoral.com.ar\/isletas-las-coincidencias-entre-alcides-wolf-y-luis-chemez\/#primaryimage"},"thumbnailUrl":"http:\/\/www.isletasnoticias.com.ar\/%77%70%2d%63%6f%6e%74%65%6e%74\/uploads\/2015\/10\/Untitled-11-300x183.jpg","datePublished":"2015-10-15T22:47:47+00:00","breadcrumb":{"@id":"https:\/\/informelitoral.com.ar\/isletas-las-coincidencias-entre-alcides-wolf-y-luis-chemez\/#breadcrumb"},"inLanguage":"es","potentialAction":[{"@type":"ReadAction","target":["https:\/\/informelitoral.com.ar\/isletas-las-coincidencias-entre-alcides-wolf-y-luis-chemez\/"]}]},{"@type":"ImageObject","inLanguage":"es","@id":"https:\/\/informelitoral.com.ar\/isletas-las-coincidencias-entre-alcides-wolf-y-luis-chemez\/#primaryimage","url":"http:\/\/www.isletasnoticias.com.ar\/%77%70%2d%63%6f%6e%74%65%6e%74\/uploads\/2015\/10\/Untitled-11-300x183.jpg","contentUrl":"http:\/\/www.isletasnoticias.com.ar\/%77%70%2d%63%6f%6e%74%65%6e%74\/uploads\/2015\/10\/Untitled-11-300x183.jpg"},{"@type":"BreadcrumbList","@id":"https:\/\/informelitoral.com.ar\/isletas-las-coincidencias-entre-alcides-wolf-y-luis-chemez\/#breadcrumb","itemListElement":[{"@type":"ListItem","position":1,"name":"Portada","item":"https:\/\/informelitoral.com.ar\/"},{"@type":"ListItem","position":2,"name":"Isletas: las coincidencias entre Alcides Wolf y Luis Ch\u00e9mez"}]},{"@type":"WebSite","@id":"https:\/\/informelitoral.com.ar\/#website","url":"https:\/\/informelitoral.com.ar\/","name":"Informe Litoral","description":"&quot;Nos informamos&quot; ","publisher":{"@id":"https:\/\/informelitoral.com.ar\/#organization"},"potentialAction":[{"@type":"SearchAction","target":{"@type":"EntryPoint","urlTemplate":"https:\/\/informelitoral.com.ar\/?s={search_term_string}"},"query-input":{"@type":"PropertyValueSpecification","valueRequired":true,"valueName":"search_term_string"}}],"inLanguage":"es"},{"@type":"Organization","@id":"https:\/\/informelitoral.com.ar\/#organization","name":"Informe Litoral","url":"https:\/\/informelitoral.com.ar\/","logo":{"@type":"ImageObject","inLanguage":"es","@id":"https:\/\/informelitoral.com.ar\/#\/schema\/logo\/image\/","url":"https:\/\/informelitoral.com.ar\/%77%70%2d%63%6f%6e%74%65%6e%74\/uploads\/2021\/01\/circulo.png","contentUrl":"https:\/\/informelitoral.com.ar\/%77%70%2d%63%6f%6e%74%65%6e%74\/uploads\/2021\/01\/circulo.png","width":723,"height":731,"caption":"Informe Litoral"},"image":{"@id":"https:\/\/informelitoral.com.ar\/#\/schema\/logo\/image\/"},"sameAs":["https:\/\/www.facebook.com\/informelitoral\/","https:\/\/x.com\/InformeLitoral","https:\/\/www.instagram.com\/informelitoral\/","https:\/\/www.youtube.com\/channel\/UCua4Qvz8Icb6MYqhoq9xLXw"]},{"@type":"Person","@id":"https:\/\/informelitoral.com.ar\/#\/schema\/person\/b9d00407c836482871ef1d57bf8e3180","name":"Gonzalo Schmidt","image":{"@type":"ImageObject","inLanguage":"es","@id":"https:\/\/secure.gravatar.com\/avatar\/31a1a7b66ff2de83bd0e9fd79d026630d2d99e55e8bfe501287647b4fd9743de?s=96&d=mm&r=g","url":"https:\/\/secure.gravatar.com\/avatar\/31a1a7b66ff2de83bd0e9fd79d026630d2d99e55e8bfe501287647b4fd9743de?s=96&d=mm&r=g","contentUrl":"https:\/\/secure.gravatar.com\/avatar\/31a1a7b66ff2de83bd0e9fd79d026630d2d99e55e8bfe501287647b4fd9743de?s=96&d=mm&r=g","caption":"Gonzalo Schmidt"},"description":"Sitio web de noticias de la provincia de Entre R\u00edos, Argentina. Informaci\u00f3n y entretenimiento. Informe Litoral, nos informamos.","sameAs":["http:\/\/www.isletasnoticias.com.ar"],"url":"https:\/\/informelitoral.com.ar\/author\/gonzalo\/"}]}},"_links":{"self":[{"href":"https:\/\/informelitoral.com.ar\/%77%70%2d%6a%73%6f%6e\/wp\/v2\/posts\/12128","targetHints":{"allow":["GET"]}}],"collection":[{"href":"https:\/\/informelitoral.com.ar\/%77%70%2d%6a%73%6f%6e\/wp\/v2\/posts"}],"about":[{"href":"https:\/\/informelitoral.com.ar\/%77%70%2d%6a%73%6f%6e\/wp\/v2\/types\/post"}],"author":[{"embeddable":true,"href":"https:\/\/informelitoral.com.ar\/%77%70%2d%6a%73%6f%6e\/wp\/v2\/users\/2"}],"replies":[{"embeddable":true,"href":"https:\/\/informelitoral.com.ar\/%77%70%2d%6a%73%6f%6e\/wp\/v2\/comments?post=12128"}],"version-history":[{"count":0,"href":"https:\/\/informelitoral.com.ar\/%77%70%2d%6a%73%6f%6e\/wp\/v2\/posts\/12128\/revisions"}],"wp:attachment":[{"href":"https:\/\/informelitoral.com.ar\/%77%70%2d%6a%73%6f%6e\/wp\/v2\/media?parent=12128"}],"wp:term":[{"taxonomy":"category","embeddable":true,"href":"https:\/\/informelitoral.com.ar\/%77%70%2d%6a%73%6f%6e\/wp\/v2\/categories?post=12128"},{"taxonomy":"post_tag","embeddable":true,"href":"https:\/\/informelitoral.com.ar\/%77%70%2d%6a%73%6f%6e\/wp\/v2\/tags?post=12128"}],"curies":[{"name":"wp","href":"https:\/\/api.w.org\/{rel}","templated":true}]}}