{"id":12098,"date":"2015-10-14T18:20:58","date_gmt":"2015-10-14T21:20:58","guid":{"rendered":"http:\/\/www.isletasnoticias.com.ar\/?p=12098"},"modified":"2015-10-14T22:21:20","modified_gmt":"2015-10-15T01:21:20","slug":"un-cementerio-helado-hay-mas-de-200-cadaveres-en-el-everest-y-se-usan-de-senal","status":"publish","type":"post","link":"https:\/\/informelitoral.com.ar\/un-cementerio-helado-hay-mas-de-200-cadaveres-en-el-everest-y-se-usan-de-senal\/","title":{"rendered":"Un cementerio helado: Hay m\u00e1s de 200 cad\u00e1veres en el Everest y se usan de se\u00f1al"},"content":{"rendered":"<p><strong>Hay m\u00e1s de 200 cad\u00e1veres en el monte Everest, algunos de los cuales nunca se han encontrado. Las rutas de acceso a la cima est\u00e1n plagadas de cuerpos (m\u00e1s de 40) que han quedado en el punto exacto donde murieron. <a href=\"http:\/\/www.isletasnoticias.com.ar\/%77%70%2d%63%6f%6e%74%65%6e%74\/uploads\/2015\/10\/0010069008.jpg\"><img loading=\"lazy\" decoding=\"async\" class=\"aligncenter wp-image-12099 size-medium\" src=\"http:\/\/www.isletasnoticias.com.ar\/%77%70%2d%63%6f%6e%74%65%6e%74\/uploads\/2015\/10\/0010069008-300x226.jpg\" alt=\"0010069008\" width=\"300\" height=\"226\" srcset=\"https:\/\/informelitoral.com.ar\/%77%70%2d%63%6f%6e%74%65%6e%74\/uploads\/2015\/10\/0010069008-300x226.jpg 300w, https:\/\/informelitoral.com.ar\/%77%70%2d%63%6f%6e%74%65%6e%74\/uploads\/2015\/10\/0010069008.jpg 678w\" sizes=\"auto, (max-width: 300px) 100vw, 300px\" \/><\/a><\/strong>Muchos de los cuerpos (al desconocerse de qui\u00e9n se trataba) han sido \u00abbautizados\u00bb y son utilizados como puntos de referencia.<\/p>\n<p>El Everest es la monta\u00f1a m\u00e1s alta del mundo con una altura de 8.848 metros sobre el nivel del mar. Localizada en el Himalaya, marca la frontera entre Nepal y China.<\/p>\n<p><b>En el monte, el clima es extremo. <\/b>En enero, el mes m\u00e1s fr\u00edo, la temperatura promedio en la cumbre es de -36\u00baC , pudiendo llegar incluso a los -60\u00baC. En tanto, en julio, el mes m\u00e1s c\u00e1lido, la temperatura promedio en la cumbre es de -20\u00baC.<\/p>\n","protected":false},"excerpt":{"rendered":"<p>Hay m&aacute;s de 200 cad&aacute;veres en el monte Everest, algunos de los cuales nunca se han encontrado. Las rutas de acceso a la cima est&aacute;n plagadas de cuerpos (m&aacute;s de 40) que han quedado en el punto exacto donde murieron. Muchos de los cuerpos (al desconocerse de qui&eacute;n se trataba) han sido &laquo;bautizados&raquo; y son [&hellip;]<\/p>\n","protected":false},"author":2,"featured_media":0,"comment_status":"open","ping_status":"open","sticky":false,"template":"","format":"standard","meta":{"fifu_image_url":"","fifu_image_alt":"","footnotes":""},"categories":[8],"tags":[],"class_list":{"0":"post-12098","1":"post","2":"type-post","3":"status-publish","4":"format-standard","6":"category-internacionales"},"yoast_head":"<title>Un cementerio helado: Hay m\u00e1s de 200 cad\u00e1veres en el Everest y se usan de se\u00f1al - Informe Litoral<\/title>\n<meta name=\"robots\" content=\"index, follow, max-snippet:-1, max-image-preview:large, max-video-preview:-1\" \/>\n<link rel=\"canonical\" href=\"https:\/\/informelitoral.com.ar\/un-cementerio-helado-hay-mas-de-200-cadaveres-en-el-everest-y-se-usan-de-senal\/\" \/>\n<meta property=\"og:locale\" content=\"es_ES\" \/>\n<meta property=\"og:type\" content=\"article\" \/>\n<meta property=\"og:title\" content=\"Un cementerio helado: Hay m\u00e1s de 200 cad\u00e1veres en el Everest y se usan de se\u00f1al - Informe Litoral\" \/>\n<meta property=\"og:description\" content=\"Hay m&aacute;s de 200 cad&aacute;veres en el monte Everest, algunos de los cuales nunca se han encontrado. Las rutas de acceso a la cima est&aacute;n plagadas de cuerpos (m&aacute;s de 40) que han quedado en el punto exacto donde murieron. Muchos de los cuerpos (al desconocerse de qui&eacute;n se trataba) han sido &laquo;bautizados&raquo; y son [&hellip;]\" \/>\n<meta property=\"og:url\" content=\"https:\/\/informelitoral.com.ar\/un-cementerio-helado-hay-mas-de-200-cadaveres-en-el-everest-y-se-usan-de-senal\/\" \/>\n<meta property=\"og:site_name\" content=\"Informe Litoral\" \/>\n<meta property=\"article:publisher\" content=\"https:\/\/www.facebook.com\/informelitoral\/\" \/>\n<meta property=\"article:published_time\" content=\"2015-10-14T21:20:58+00:00\" \/>\n<meta property=\"article:modified_time\" content=\"2015-10-15T01:21:20+00:00\" \/>\n<meta property=\"og:image\" content=\"https:\/\/informelitoral.com.ar\/%77%70%2d%63%6f%6e%74%65%6e%74\/uploads\/2015\/10\/0010069008.jpg\" \/>\n\t<meta property=\"og:image:width\" content=\"678\" \/>\n\t<meta property=\"og:image:height\" content=\"510\" \/>\n\t<meta property=\"og:image:type\" content=\"image\/jpeg\" \/>\n<meta name=\"author\" content=\"Gonzalo Schmidt\" \/>\n<meta name=\"twitter:card\" content=\"summary_large_image\" \/>\n<meta name=\"twitter:creator\" content=\"@InformeLitoral\" \/>\n<meta name=\"twitter:site\" content=\"@InformeLitoral\" \/>\n<meta name=\"twitter:label1\" content=\"Escrito por\" \/>\n\t<meta name=\"twitter:data1\" content=\"Gonzalo Schmidt\" \/>\n\t<meta name=\"twitter:label2\" content=\"Tiempo de lectura\" \/>\n\t<meta name=\"twitter:data2\" content=\"1 minuto\" \/>\n<script type=\"application\/ld+json\" class=\"yoast-schema-graph\">{\"@context\":\"https:\\\/\\\/schema.org\",\"@graph\":[{\"@type\":\"Article\",\"@id\":\"https:\\\/\\\/informelitoral.com.ar\\\/un-cementerio-helado-hay-mas-de-200-cadaveres-en-el-everest-y-se-usan-de-senal\\\/#article\",\"isPartOf\":{\"@id\":\"https:\\\/\\\/informelitoral.com.ar\\\/un-cementerio-helado-hay-mas-de-200-cadaveres-en-el-everest-y-se-usan-de-senal\\\/\"},\"author\":{\"name\":\"Gonzalo Schmidt\",\"@id\":\"https:\\\/\\\/informelitoral.com.ar\\\/#\\\/schema\\\/person\\\/b9d00407c836482871ef1d57bf8e3180\"},\"headline\":\"Un cementerio helado: Hay m\u00e1s de 200 cad\u00e1veres en el Everest y se usan de se\u00f1al\",\"datePublished\":\"2015-10-14T21:20:58+00:00\",\"dateModified\":\"2015-10-15T01:21:20+00:00\",\"mainEntityOfPage\":{\"@id\":\"https:\\\/\\\/informelitoral.com.ar\\\/un-cementerio-helado-hay-mas-de-200-cadaveres-en-el-everest-y-se-usan-de-senal\\\/\"},\"wordCount\":165,\"commentCount\":0,\"publisher\":{\"@id\":\"https:\\\/\\\/informelitoral.com.ar\\\/#organization\"},\"image\":{\"@id\":\"https:\\\/\\\/informelitoral.com.ar\\\/un-cementerio-helado-hay-mas-de-200-cadaveres-en-el-everest-y-se-usan-de-senal\\\/#primaryimage\"},\"thumbnailUrl\":\"http:\\\/\\\/www.isletasnoticias.com.ar\\\/%77%70%2d%63%6f%6e%74%65%6e%74\\\/uploads\\\/2015\\\/10\\\/0010069008-300x226.jpg\",\"articleSection\":[\"Internacionales\"],\"inLanguage\":\"es\",\"potentialAction\":[{\"@type\":\"CommentAction\",\"name\":\"Comment\",\"target\":[\"https:\\\/\\\/informelitoral.com.ar\\\/un-cementerio-helado-hay-mas-de-200-cadaveres-en-el-everest-y-se-usan-de-senal\\\/#respond\"]}]},{\"@type\":\"WebPage\",\"@id\":\"https:\\\/\\\/informelitoral.com.ar\\\/un-cementerio-helado-hay-mas-de-200-cadaveres-en-el-everest-y-se-usan-de-senal\\\/\",\"url\":\"https:\\\/\\\/informelitoral.com.ar\\\/un-cementerio-helado-hay-mas-de-200-cadaveres-en-el-everest-y-se-usan-de-senal\\\/\",\"name\":\"Un cementerio helado: Hay m\u00e1s de 200 cad\u00e1veres en el Everest y se usan de se\u00f1al - Informe Litoral\",\"isPartOf\":{\"@id\":\"https:\\\/\\\/informelitoral.com.ar\\\/#website\"},\"primaryImageOfPage\":{\"@id\":\"https:\\\/\\\/informelitoral.com.ar\\\/un-cementerio-helado-hay-mas-de-200-cadaveres-en-el-everest-y-se-usan-de-senal\\\/#primaryimage\"},\"image\":{\"@id\":\"https:\\\/\\\/informelitoral.com.ar\\\/un-cementerio-helado-hay-mas-de-200-cadaveres-en-el-everest-y-se-usan-de-senal\\\/#primaryimage\"},\"thumbnailUrl\":\"http:\\\/\\\/www.isletasnoticias.com.ar\\\/%77%70%2d%63%6f%6e%74%65%6e%74\\\/uploads\\\/2015\\\/10\\\/0010069008-300x226.jpg\",\"datePublished\":\"2015-10-14T21:20:58+00:00\",\"dateModified\":\"2015-10-15T01:21:20+00:00\",\"breadcrumb\":{\"@id\":\"https:\\\/\\\/informelitoral.com.ar\\\/un-cementerio-helado-hay-mas-de-200-cadaveres-en-el-everest-y-se-usan-de-senal\\\/#breadcrumb\"},\"inLanguage\":\"es\",\"potentialAction\":[{\"@type\":\"ReadAction\",\"target\":[\"https:\\\/\\\/informelitoral.com.ar\\\/un-cementerio-helado-hay-mas-de-200-cadaveres-en-el-everest-y-se-usan-de-senal\\\/\"]}]},{\"@type\":\"ImageObject\",\"inLanguage\":\"es\",\"@id\":\"https:\\\/\\\/informelitoral.com.ar\\\/un-cementerio-helado-hay-mas-de-200-cadaveres-en-el-everest-y-se-usan-de-senal\\\/#primaryimage\",\"url\":\"http:\\\/\\\/www.isletasnoticias.com.ar\\\/%77%70%2d%63%6f%6e%74%65%6e%74\\\/uploads\\\/2015\\\/10\\\/0010069008-300x226.jpg\",\"contentUrl\":\"http:\\\/\\\/www.isletasnoticias.com.ar\\\/%77%70%2d%63%6f%6e%74%65%6e%74\\\/uploads\\\/2015\\\/10\\\/0010069008-300x226.jpg\"},{\"@type\":\"BreadcrumbList\",\"@id\":\"https:\\\/\\\/informelitoral.com.ar\\\/un-cementerio-helado-hay-mas-de-200-cadaveres-en-el-everest-y-se-usan-de-senal\\\/#breadcrumb\",\"itemListElement\":[{\"@type\":\"ListItem\",\"position\":1,\"name\":\"Portada\",\"item\":\"https:\\\/\\\/informelitoral.com.ar\\\/\"},{\"@type\":\"ListItem\",\"position\":2,\"name\":\"Un cementerio helado: Hay m\u00e1s de 200 cad\u00e1veres en el Everest y se usan de se\u00f1al\"}]},{\"@type\":\"WebSite\",\"@id\":\"https:\\\/\\\/informelitoral.com.ar\\\/#website\",\"url\":\"https:\\\/\\\/informelitoral.com.ar\\\/\",\"name\":\"Informe Litoral\",\"description\":\"&quot;Nos informamos&quot; \",\"publisher\":{\"@id\":\"https:\\\/\\\/informelitoral.com.ar\\\/#organization\"},\"potentialAction\":[{\"@type\":\"SearchAction\",\"target\":{\"@type\":\"EntryPoint\",\"urlTemplate\":\"https:\\\/\\\/informelitoral.com.ar\\\/?s={search_term_string}\"},\"query-input\":{\"@type\":\"PropertyValueSpecification\",\"valueRequired\":true,\"valueName\":\"search_term_string\"}}],\"inLanguage\":\"es\"},{\"@type\":\"Organization\",\"@id\":\"https:\\\/\\\/informelitoral.com.ar\\\/#organization\",\"name\":\"Informe Litoral\",\"url\":\"https:\\\/\\\/informelitoral.com.ar\\\/\",\"logo\":{\"@type\":\"ImageObject\",\"inLanguage\":\"es\",\"@id\":\"https:\\\/\\\/informelitoral.com.ar\\\/#\\\/schema\\\/logo\\\/image\\\/\",\"url\":\"https:\\\/\\\/informelitoral.com.ar\\\/%77%70%2d%63%6f%6e%74%65%6e%74\\\/uploads\\\/2021\\\/01\\\/circulo.png\",\"contentUrl\":\"https:\\\/\\\/informelitoral.com.ar\\\/%77%70%2d%63%6f%6e%74%65%6e%74\\\/uploads\\\/2021\\\/01\\\/circulo.png\",\"width\":723,\"height\":731,\"caption\":\"Informe Litoral\"},\"image\":{\"@id\":\"https:\\\/\\\/informelitoral.com.ar\\\/#\\\/schema\\\/logo\\\/image\\\/\"},\"sameAs\":[\"https:\\\/\\\/www.facebook.com\\\/informelitoral\\\/\",\"https:\\\/\\\/x.com\\\/InformeLitoral\",\"https:\\\/\\\/www.instagram.com\\\/informelitoral\\\/\",\"https:\\\/\\\/www.youtube.com\\\/channel\\\/UCua4Qvz8Icb6MYqhoq9xLXw\"]},{\"@type\":\"Person\",\"@id\":\"https:\\\/\\\/informelitoral.com.ar\\\/#\\\/schema\\\/person\\\/b9d00407c836482871ef1d57bf8e3180\",\"name\":\"Gonzalo Schmidt\",\"image\":{\"@type\":\"ImageObject\",\"inLanguage\":\"es\",\"@id\":\"https:\\\/\\\/secure.gravatar.com\\\/avatar\\\/31a1a7b66ff2de83bd0e9fd79d026630d2d99e55e8bfe501287647b4fd9743de?s=96&d=mm&r=g\",\"url\":\"https:\\\/\\\/secure.gravatar.com\\\/avatar\\\/31a1a7b66ff2de83bd0e9fd79d026630d2d99e55e8bfe501287647b4fd9743de?s=96&d=mm&r=g\",\"contentUrl\":\"https:\\\/\\\/secure.gravatar.com\\\/avatar\\\/31a1a7b66ff2de83bd0e9fd79d026630d2d99e55e8bfe501287647b4fd9743de?s=96&d=mm&r=g\",\"caption\":\"Gonzalo Schmidt\"},\"description\":\"Sitio web de noticias de la provincia de Entre R\u00edos, Argentina. Informaci\u00f3n y entretenimiento. Informe Litoral, nos informamos.\",\"sameAs\":[\"http:\\\/\\\/www.isletasnoticias.com.ar\"],\"url\":\"https:\\\/\\\/informelitoral.com.ar\\\/author\\\/gonzalo\\\/\"}]}<\/script>","yoast_head_json":{"title":"Un cementerio helado: Hay m\u00e1s de 200 cad\u00e1veres en el Everest y se usan de se\u00f1al - Informe Litoral","robots":{"index":"index","follow":"follow","max-snippet":"max-snippet:-1","max-image-preview":"max-image-preview:large","max-video-preview":"max-video-preview:-1"},"canonical":"https:\/\/informelitoral.com.ar\/un-cementerio-helado-hay-mas-de-200-cadaveres-en-el-everest-y-se-usan-de-senal\/","og_locale":"es_ES","og_type":"article","og_title":"Un cementerio helado: Hay m\u00e1s de 200 cad\u00e1veres en el Everest y se usan de se\u00f1al - Informe Litoral","og_description":"Hay m&aacute;s de 200 cad&aacute;veres en el monte Everest, algunos de los cuales nunca se han encontrado. Las rutas de acceso a la cima est&aacute;n plagadas de cuerpos (m&aacute;s de 40) que han quedado en el punto exacto donde murieron. Muchos de los cuerpos (al desconocerse de qui&eacute;n se trataba) han sido &laquo;bautizados&raquo; y son [&hellip;]","og_url":"https:\/\/informelitoral.com.ar\/un-cementerio-helado-hay-mas-de-200-cadaveres-en-el-everest-y-se-usan-de-senal\/","og_site_name":"Informe Litoral","article_publisher":"https:\/\/www.facebook.com\/informelitoral\/","article_published_time":"2015-10-14T21:20:58+00:00","article_modified_time":"2015-10-15T01:21:20+00:00","og_image":[{"width":678,"height":510,"url":"https:\/\/informelitoral.com.ar\/%77%70%2d%63%6f%6e%74%65%6e%74\/uploads\/2015\/10\/0010069008.jpg","type":"image\/jpeg"}],"author":"Gonzalo Schmidt","twitter_card":"summary_large_image","twitter_creator":"@InformeLitoral","twitter_site":"@InformeLitoral","twitter_misc":{"Escrito por":"Gonzalo Schmidt","Tiempo de lectura":"1 minuto"},"schema":{"@context":"https:\/\/schema.org","@graph":[{"@type":"Article","@id":"https:\/\/informelitoral.com.ar\/un-cementerio-helado-hay-mas-de-200-cadaveres-en-el-everest-y-se-usan-de-senal\/#article","isPartOf":{"@id":"https:\/\/informelitoral.com.ar\/un-cementerio-helado-hay-mas-de-200-cadaveres-en-el-everest-y-se-usan-de-senal\/"},"author":{"name":"Gonzalo Schmidt","@id":"https:\/\/informelitoral.com.ar\/#\/schema\/person\/b9d00407c836482871ef1d57bf8e3180"},"headline":"Un cementerio helado: Hay m\u00e1s de 200 cad\u00e1veres en el Everest y se usan de se\u00f1al","datePublished":"2015-10-14T21:20:58+00:00","dateModified":"2015-10-15T01:21:20+00:00","mainEntityOfPage":{"@id":"https:\/\/informelitoral.com.ar\/un-cementerio-helado-hay-mas-de-200-cadaveres-en-el-everest-y-se-usan-de-senal\/"},"wordCount":165,"commentCount":0,"publisher":{"@id":"https:\/\/informelitoral.com.ar\/#organization"},"image":{"@id":"https:\/\/informelitoral.com.ar\/un-cementerio-helado-hay-mas-de-200-cadaveres-en-el-everest-y-se-usan-de-senal\/#primaryimage"},"thumbnailUrl":"http:\/\/www.isletasnoticias.com.ar\/%77%70%2d%63%6f%6e%74%65%6e%74\/uploads\/2015\/10\/0010069008-300x226.jpg","articleSection":["Internacionales"],"inLanguage":"es","potentialAction":[{"@type":"CommentAction","name":"Comment","target":["https:\/\/informelitoral.com.ar\/un-cementerio-helado-hay-mas-de-200-cadaveres-en-el-everest-y-se-usan-de-senal\/#respond"]}]},{"@type":"WebPage","@id":"https:\/\/informelitoral.com.ar\/un-cementerio-helado-hay-mas-de-200-cadaveres-en-el-everest-y-se-usan-de-senal\/","url":"https:\/\/informelitoral.com.ar\/un-cementerio-helado-hay-mas-de-200-cadaveres-en-el-everest-y-se-usan-de-senal\/","name":"Un cementerio helado: Hay m\u00e1s de 200 cad\u00e1veres en el Everest y se usan de se\u00f1al - Informe Litoral","isPartOf":{"@id":"https:\/\/informelitoral.com.ar\/#website"},"primaryImageOfPage":{"@id":"https:\/\/informelitoral.com.ar\/un-cementerio-helado-hay-mas-de-200-cadaveres-en-el-everest-y-se-usan-de-senal\/#primaryimage"},"image":{"@id":"https:\/\/informelitoral.com.ar\/un-cementerio-helado-hay-mas-de-200-cadaveres-en-el-everest-y-se-usan-de-senal\/#primaryimage"},"thumbnailUrl":"http:\/\/www.isletasnoticias.com.ar\/%77%70%2d%63%6f%6e%74%65%6e%74\/uploads\/2015\/10\/0010069008-300x226.jpg","datePublished":"2015-10-14T21:20:58+00:00","dateModified":"2015-10-15T01:21:20+00:00","breadcrumb":{"@id":"https:\/\/informelitoral.com.ar\/un-cementerio-helado-hay-mas-de-200-cadaveres-en-el-everest-y-se-usan-de-senal\/#breadcrumb"},"inLanguage":"es","potentialAction":[{"@type":"ReadAction","target":["https:\/\/informelitoral.com.ar\/un-cementerio-helado-hay-mas-de-200-cadaveres-en-el-everest-y-se-usan-de-senal\/"]}]},{"@type":"ImageObject","inLanguage":"es","@id":"https:\/\/informelitoral.com.ar\/un-cementerio-helado-hay-mas-de-200-cadaveres-en-el-everest-y-se-usan-de-senal\/#primaryimage","url":"http:\/\/www.isletasnoticias.com.ar\/%77%70%2d%63%6f%6e%74%65%6e%74\/uploads\/2015\/10\/0010069008-300x226.jpg","contentUrl":"http:\/\/www.isletasnoticias.com.ar\/%77%70%2d%63%6f%6e%74%65%6e%74\/uploads\/2015\/10\/0010069008-300x226.jpg"},{"@type":"BreadcrumbList","@id":"https:\/\/informelitoral.com.ar\/un-cementerio-helado-hay-mas-de-200-cadaveres-en-el-everest-y-se-usan-de-senal\/#breadcrumb","itemListElement":[{"@type":"ListItem","position":1,"name":"Portada","item":"https:\/\/informelitoral.com.ar\/"},{"@type":"ListItem","position":2,"name":"Un cementerio helado: Hay m\u00e1s de 200 cad\u00e1veres en el Everest y se usan de se\u00f1al"}]},{"@type":"WebSite","@id":"https:\/\/informelitoral.com.ar\/#website","url":"https:\/\/informelitoral.com.ar\/","name":"Informe Litoral","description":"&quot;Nos informamos&quot; ","publisher":{"@id":"https:\/\/informelitoral.com.ar\/#organization"},"potentialAction":[{"@type":"SearchAction","target":{"@type":"EntryPoint","urlTemplate":"https:\/\/informelitoral.com.ar\/?s={search_term_string}"},"query-input":{"@type":"PropertyValueSpecification","valueRequired":true,"valueName":"search_term_string"}}],"inLanguage":"es"},{"@type":"Organization","@id":"https:\/\/informelitoral.com.ar\/#organization","name":"Informe Litoral","url":"https:\/\/informelitoral.com.ar\/","logo":{"@type":"ImageObject","inLanguage":"es","@id":"https:\/\/informelitoral.com.ar\/#\/schema\/logo\/image\/","url":"https:\/\/informelitoral.com.ar\/%77%70%2d%63%6f%6e%74%65%6e%74\/uploads\/2021\/01\/circulo.png","contentUrl":"https:\/\/informelitoral.com.ar\/%77%70%2d%63%6f%6e%74%65%6e%74\/uploads\/2021\/01\/circulo.png","width":723,"height":731,"caption":"Informe Litoral"},"image":{"@id":"https:\/\/informelitoral.com.ar\/#\/schema\/logo\/image\/"},"sameAs":["https:\/\/www.facebook.com\/informelitoral\/","https:\/\/x.com\/InformeLitoral","https:\/\/www.instagram.com\/informelitoral\/","https:\/\/www.youtube.com\/channel\/UCua4Qvz8Icb6MYqhoq9xLXw"]},{"@type":"Person","@id":"https:\/\/informelitoral.com.ar\/#\/schema\/person\/b9d00407c836482871ef1d57bf8e3180","name":"Gonzalo Schmidt","image":{"@type":"ImageObject","inLanguage":"es","@id":"https:\/\/secure.gravatar.com\/avatar\/31a1a7b66ff2de83bd0e9fd79d026630d2d99e55e8bfe501287647b4fd9743de?s=96&d=mm&r=g","url":"https:\/\/secure.gravatar.com\/avatar\/31a1a7b66ff2de83bd0e9fd79d026630d2d99e55e8bfe501287647b4fd9743de?s=96&d=mm&r=g","contentUrl":"https:\/\/secure.gravatar.com\/avatar\/31a1a7b66ff2de83bd0e9fd79d026630d2d99e55e8bfe501287647b4fd9743de?s=96&d=mm&r=g","caption":"Gonzalo Schmidt"},"description":"Sitio web de noticias de la provincia de Entre R\u00edos, Argentina. Informaci\u00f3n y entretenimiento. Informe Litoral, nos informamos.","sameAs":["http:\/\/www.isletasnoticias.com.ar"],"url":"https:\/\/informelitoral.com.ar\/author\/gonzalo\/"}]}},"_links":{"self":[{"href":"https:\/\/informelitoral.com.ar\/%77%70%2d%6a%73%6f%6e\/wp\/v2\/posts\/12098","targetHints":{"allow":["GET"]}}],"collection":[{"href":"https:\/\/informelitoral.com.ar\/%77%70%2d%6a%73%6f%6e\/wp\/v2\/posts"}],"about":[{"href":"https:\/\/informelitoral.com.ar\/%77%70%2d%6a%73%6f%6e\/wp\/v2\/types\/post"}],"author":[{"embeddable":true,"href":"https:\/\/informelitoral.com.ar\/%77%70%2d%6a%73%6f%6e\/wp\/v2\/users\/2"}],"replies":[{"embeddable":true,"href":"https:\/\/informelitoral.com.ar\/%77%70%2d%6a%73%6f%6e\/wp\/v2\/comments?post=12098"}],"version-history":[{"count":0,"href":"https:\/\/informelitoral.com.ar\/%77%70%2d%6a%73%6f%6e\/wp\/v2\/posts\/12098\/revisions"}],"wp:attachment":[{"href":"https:\/\/informelitoral.com.ar\/%77%70%2d%6a%73%6f%6e\/wp\/v2\/media?parent=12098"}],"wp:term":[{"taxonomy":"category","embeddable":true,"href":"https:\/\/informelitoral.com.ar\/%77%70%2d%6a%73%6f%6e\/wp\/v2\/categories?post=12098"},{"taxonomy":"post_tag","embeddable":true,"href":"https:\/\/informelitoral.com.ar\/%77%70%2d%6a%73%6f%6e\/wp\/v2\/tags?post=12098"}],"curies":[{"name":"wp","href":"https:\/\/api.w.org\/{rel}","templated":true}]}}