{"id":12094,"date":"2015-10-14T17:15:15","date_gmt":"2015-10-14T20:15:15","guid":{"rendered":"http:\/\/www.isletasnoticias.com.ar\/?p=12094"},"modified":"2015-10-14T17:15:44","modified_gmt":"2015-10-14T20:15:44","slug":"omienza-la-segunda-campana-de-vacunacion-contra-la-fiebre-aftosa-en-entre-rios","status":"publish","type":"post","link":"https:\/\/informelitoral.com.ar\/omienza-la-segunda-campana-de-vacunacion-contra-la-fiebre-aftosa-en-entre-rios\/","title":{"rendered":"Comenz\u00f3 la segunda campa\u00f1a de vacunaci\u00f3n contra la fiebre aftosa en Entre R\u00edos"},"content":{"rendered":"<p><strong>Desde el 13 de octubre hasta el 14 de diciembre se lleva adelante la Segunda campa\u00f1a de vacunaci\u00f3n contra la fiebre aftosa en Entre R\u00edos. Se trata de una acci\u00f3n sanitaria indispensable para resguardar la inmunidad de la ganader\u00eda.<a href=\"http:\/\/www.isletasnoticias.com.ar\/%77%70%2d%63%6f%6e%74%65%6e%74\/uploads\/2015\/10\/8-AFTOSA.jpg\"><img loading=\"lazy\" decoding=\"async\" class=\"aligncenter wp-image-12095 size-medium\" src=\"http:\/\/www.isletasnoticias.com.ar\/%77%70%2d%63%6f%6e%74%65%6e%74\/uploads\/2015\/10\/8-AFTOSA-300x208.jpg\" alt=\"8-AFTOSA\" width=\"300\" height=\"208\" srcset=\"https:\/\/informelitoral.com.ar\/%77%70%2d%63%6f%6e%74%65%6e%74\/uploads\/2015\/10\/8-AFTOSA-300x208.jpg 300w, https:\/\/informelitoral.com.ar\/%77%70%2d%63%6f%6e%74%65%6e%74\/uploads\/2015\/10\/8-AFTOSA.jpg 800w\" sizes=\"auto, (max-width: 300px) 100vw, 300px\" \/><\/a><\/strong>El Servicio Nacional de Sanidad y Calidad Agroalimentaria (Senasa) inform\u00f3 las fechas de inicio de la segunda campa\u00f1a de vacunaci\u00f3n anual contra la fiebre aftosa en todas aquellas provincias en las que se aplica de forma sistem\u00e1tica. Simult\u00e1neamente, se inocular\u00e1 a las terneras de entre 3 y 8 meses de edad contra la brucelosis, a excepci\u00f3n de la provincia de Tierra del Fuego, reconocida como libre de la enfermedad.<\/p>\n<p>En esta campa\u00f1a se aplicar\u00e1n distintas estrategias de vacunaci\u00f3n, dependiendo del Plan de vacunaci\u00f3n al que responda cada provincia o regi\u00f3n. En las provincias de Buenos Aires (excepto el partido de Patagones), Entre R\u00edos y Corrientes, se vacunar\u00e1n todas las categor\u00edas bovinas\/bubalinas. En el resto de las provincias, la vacunaci\u00f3n incluye solamente la categor\u00eda menores de bovinos\/bubalinos (terneros\/as, vaquillonas, novillos, novillitos y toritos).<\/p>\n<p>En nuestra provincia, seg\u00fan pudo saber esta Agencia, el cronograma de la Segunda campa\u00f1a de vacunaci\u00f3n antiaftosa 2015 se extender\u00e1 desde el 13 de octubre hasta el 14 de diciembre.<\/p>\n<p>La zona denominada Cord\u00f3n Fronterizo contin\u00faa con dos vacunaciones anuales de todas las categor\u00edas bovinas\/bubalinas. Adem\u00e1s, a partir de esta campa\u00f1a tambi\u00e9n vacunar\u00e1n todas las categor\u00edas bovinas\/bubalinas aquellos establecimientos incluidos en la zona de islas de la cuenca del R\u00edo Paran\u00e1.<\/p>\n<p>Por lo tanto, los establecimientos ubicados en la zona de islas de la provincia de Santa Fe deber\u00e1n vacunar todas las categor\u00edas, mientras que en el resto de la Provincia se vacunar\u00e1 s\u00f3lo a las categor\u00edas menores.<\/p>\n<p>La vacunaci\u00f3n contra la fiebre aftosa es una de las principales estrategias de prevenci\u00f3n que permite mantener una situaci\u00f3n epidemiol\u00f3gica estable de esa enfermedad en la Rep\u00fablica Argentina. <em>(APF Digital)<\/em><\/p>\n","protected":false},"excerpt":{"rendered":"<p>Desde el 13 de octubre hasta el 14 de diciembre se lleva adelante la Segunda campa&ntilde;a de vacunaci&oacute;n contra la fiebre aftosa en Entre R&iacute;os. Se trata de una acci&oacute;n sanitaria indispensable para resguardar la inmunidad de la ganader&iacute;a.El Servicio Nacional de Sanidad y Calidad Agroalimentaria (Senasa) inform&oacute; las fechas de inicio de la segunda [&hellip;]<\/p>\n","protected":false},"author":2,"featured_media":0,"comment_status":"open","ping_status":"open","sticky":false,"template":"","format":"standard","meta":{"fifu_image_url":"","fifu_image_alt":"","footnotes":""},"categories":[10],"tags":[],"class_list":{"0":"post-12094","1":"post","2":"type-post","3":"status-publish","4":"format-standard","6":"category-campo"},"yoast_head":"<title>Comenz\u00f3 la segunda campa\u00f1a de vacunaci\u00f3n contra la fiebre aftosa en Entre R\u00edos - Informe Litoral<\/title>\n<meta name=\"robots\" content=\"index, follow, max-snippet:-1, max-image-preview:large, max-video-preview:-1\" \/>\n<link rel=\"canonical\" href=\"https:\/\/informelitoral.com.ar\/omienza-la-segunda-campana-de-vacunacion-contra-la-fiebre-aftosa-en-entre-rios\/\" \/>\n<meta property=\"og:locale\" content=\"es_ES\" \/>\n<meta property=\"og:type\" content=\"article\" \/>\n<meta property=\"og:title\" content=\"Comenz\u00f3 la segunda campa\u00f1a de vacunaci\u00f3n contra la fiebre aftosa en Entre R\u00edos - Informe Litoral\" \/>\n<meta property=\"og:description\" content=\"Desde el 13 de octubre hasta el 14 de diciembre se lleva adelante la Segunda campa&ntilde;a de vacunaci&oacute;n contra la fiebre aftosa en Entre R&iacute;os. Se trata de una acci&oacute;n sanitaria indispensable para resguardar la inmunidad de la ganader&iacute;a.El Servicio Nacional de Sanidad y Calidad Agroalimentaria (Senasa) inform&oacute; las fechas de inicio de la segunda [&hellip;]\" \/>\n<meta property=\"og:url\" content=\"https:\/\/informelitoral.com.ar\/omienza-la-segunda-campana-de-vacunacion-contra-la-fiebre-aftosa-en-entre-rios\/\" \/>\n<meta property=\"og:site_name\" content=\"Informe Litoral\" \/>\n<meta property=\"article:publisher\" content=\"https:\/\/www.facebook.com\/informelitoral\/\" \/>\n<meta property=\"article:published_time\" content=\"2015-10-14T20:15:15+00:00\" \/>\n<meta property=\"article:modified_time\" content=\"2015-10-14T20:15:44+00:00\" \/>\n<meta property=\"og:image\" content=\"https:\/\/informelitoral.com.ar\/%77%70%2d%63%6f%6e%74%65%6e%74\/uploads\/2015\/10\/8-AFTOSA.jpg\" \/>\n\t<meta property=\"og:image:width\" content=\"800\" \/>\n\t<meta property=\"og:image:height\" content=\"554\" \/>\n\t<meta property=\"og:image:type\" content=\"image\/jpeg\" \/>\n<meta name=\"author\" content=\"Gonzalo Schmidt\" \/>\n<meta name=\"twitter:card\" content=\"summary_large_image\" \/>\n<meta name=\"twitter:creator\" content=\"@InformeLitoral\" \/>\n<meta name=\"twitter:site\" content=\"@InformeLitoral\" \/>\n<meta name=\"twitter:label1\" content=\"Escrito por\" \/>\n\t<meta name=\"twitter:data1\" content=\"Gonzalo Schmidt\" \/>\n\t<meta name=\"twitter:label2\" content=\"Tiempo de lectura\" \/>\n\t<meta name=\"twitter:data2\" content=\"2 minutos\" \/>\n<script type=\"application\/ld+json\" class=\"yoast-schema-graph\">{\"@context\":\"https:\\\/\\\/schema.org\",\"@graph\":[{\"@type\":\"Article\",\"@id\":\"https:\\\/\\\/informelitoral.com.ar\\\/omienza-la-segunda-campana-de-vacunacion-contra-la-fiebre-aftosa-en-entre-rios\\\/#article\",\"isPartOf\":{\"@id\":\"https:\\\/\\\/informelitoral.com.ar\\\/omienza-la-segunda-campana-de-vacunacion-contra-la-fiebre-aftosa-en-entre-rios\\\/\"},\"author\":{\"name\":\"Gonzalo Schmidt\",\"@id\":\"https:\\\/\\\/informelitoral.com.ar\\\/#\\\/schema\\\/person\\\/b9d00407c836482871ef1d57bf8e3180\"},\"headline\":\"Comenz\u00f3 la segunda campa\u00f1a de vacunaci\u00f3n contra la fiebre aftosa en Entre R\u00edos\",\"datePublished\":\"2015-10-14T20:15:15+00:00\",\"dateModified\":\"2015-10-14T20:15:44+00:00\",\"mainEntityOfPage\":{\"@id\":\"https:\\\/\\\/informelitoral.com.ar\\\/omienza-la-segunda-campana-de-vacunacion-contra-la-fiebre-aftosa-en-entre-rios\\\/\"},\"wordCount\":364,\"commentCount\":0,\"publisher\":{\"@id\":\"https:\\\/\\\/informelitoral.com.ar\\\/#organization\"},\"image\":{\"@id\":\"https:\\\/\\\/informelitoral.com.ar\\\/omienza-la-segunda-campana-de-vacunacion-contra-la-fiebre-aftosa-en-entre-rios\\\/#primaryimage\"},\"thumbnailUrl\":\"http:\\\/\\\/www.isletasnoticias.com.ar\\\/%77%70%2d%63%6f%6e%74%65%6e%74\\\/uploads\\\/2015\\\/10\\\/8-AFTOSA-300x208.jpg\",\"articleSection\":[\"Campo\"],\"inLanguage\":\"es\",\"potentialAction\":[{\"@type\":\"CommentAction\",\"name\":\"Comment\",\"target\":[\"https:\\\/\\\/informelitoral.com.ar\\\/omienza-la-segunda-campana-de-vacunacion-contra-la-fiebre-aftosa-en-entre-rios\\\/#respond\"]}]},{\"@type\":\"WebPage\",\"@id\":\"https:\\\/\\\/informelitoral.com.ar\\\/omienza-la-segunda-campana-de-vacunacion-contra-la-fiebre-aftosa-en-entre-rios\\\/\",\"url\":\"https:\\\/\\\/informelitoral.com.ar\\\/omienza-la-segunda-campana-de-vacunacion-contra-la-fiebre-aftosa-en-entre-rios\\\/\",\"name\":\"Comenz\u00f3 la segunda campa\u00f1a de vacunaci\u00f3n contra la fiebre aftosa en Entre R\u00edos - Informe Litoral\",\"isPartOf\":{\"@id\":\"https:\\\/\\\/informelitoral.com.ar\\\/#website\"},\"primaryImageOfPage\":{\"@id\":\"https:\\\/\\\/informelitoral.com.ar\\\/omienza-la-segunda-campana-de-vacunacion-contra-la-fiebre-aftosa-en-entre-rios\\\/#primaryimage\"},\"image\":{\"@id\":\"https:\\\/\\\/informelitoral.com.ar\\\/omienza-la-segunda-campana-de-vacunacion-contra-la-fiebre-aftosa-en-entre-rios\\\/#primaryimage\"},\"thumbnailUrl\":\"http:\\\/\\\/www.isletasnoticias.com.ar\\\/%77%70%2d%63%6f%6e%74%65%6e%74\\\/uploads\\\/2015\\\/10\\\/8-AFTOSA-300x208.jpg\",\"datePublished\":\"2015-10-14T20:15:15+00:00\",\"dateModified\":\"2015-10-14T20:15:44+00:00\",\"breadcrumb\":{\"@id\":\"https:\\\/\\\/informelitoral.com.ar\\\/omienza-la-segunda-campana-de-vacunacion-contra-la-fiebre-aftosa-en-entre-rios\\\/#breadcrumb\"},\"inLanguage\":\"es\",\"potentialAction\":[{\"@type\":\"ReadAction\",\"target\":[\"https:\\\/\\\/informelitoral.com.ar\\\/omienza-la-segunda-campana-de-vacunacion-contra-la-fiebre-aftosa-en-entre-rios\\\/\"]}]},{\"@type\":\"ImageObject\",\"inLanguage\":\"es\",\"@id\":\"https:\\\/\\\/informelitoral.com.ar\\\/omienza-la-segunda-campana-de-vacunacion-contra-la-fiebre-aftosa-en-entre-rios\\\/#primaryimage\",\"url\":\"http:\\\/\\\/www.isletasnoticias.com.ar\\\/%77%70%2d%63%6f%6e%74%65%6e%74\\\/uploads\\\/2015\\\/10\\\/8-AFTOSA-300x208.jpg\",\"contentUrl\":\"http:\\\/\\\/www.isletasnoticias.com.ar\\\/%77%70%2d%63%6f%6e%74%65%6e%74\\\/uploads\\\/2015\\\/10\\\/8-AFTOSA-300x208.jpg\"},{\"@type\":\"BreadcrumbList\",\"@id\":\"https:\\\/\\\/informelitoral.com.ar\\\/omienza-la-segunda-campana-de-vacunacion-contra-la-fiebre-aftosa-en-entre-rios\\\/#breadcrumb\",\"itemListElement\":[{\"@type\":\"ListItem\",\"position\":1,\"name\":\"Portada\",\"item\":\"https:\\\/\\\/informelitoral.com.ar\\\/\"},{\"@type\":\"ListItem\",\"position\":2,\"name\":\"Comenz\u00f3 la segunda campa\u00f1a de vacunaci\u00f3n contra la fiebre aftosa en Entre R\u00edos\"}]},{\"@type\":\"WebSite\",\"@id\":\"https:\\\/\\\/informelitoral.com.ar\\\/#website\",\"url\":\"https:\\\/\\\/informelitoral.com.ar\\\/\",\"name\":\"Informe Litoral\",\"description\":\"&quot;Nos informamos&quot; \",\"publisher\":{\"@id\":\"https:\\\/\\\/informelitoral.com.ar\\\/#organization\"},\"potentialAction\":[{\"@type\":\"SearchAction\",\"target\":{\"@type\":\"EntryPoint\",\"urlTemplate\":\"https:\\\/\\\/informelitoral.com.ar\\\/?s={search_term_string}\"},\"query-input\":{\"@type\":\"PropertyValueSpecification\",\"valueRequired\":true,\"valueName\":\"search_term_string\"}}],\"inLanguage\":\"es\"},{\"@type\":\"Organization\",\"@id\":\"https:\\\/\\\/informelitoral.com.ar\\\/#organization\",\"name\":\"Informe Litoral\",\"url\":\"https:\\\/\\\/informelitoral.com.ar\\\/\",\"logo\":{\"@type\":\"ImageObject\",\"inLanguage\":\"es\",\"@id\":\"https:\\\/\\\/informelitoral.com.ar\\\/#\\\/schema\\\/logo\\\/image\\\/\",\"url\":\"https:\\\/\\\/informelitoral.com.ar\\\/%77%70%2d%63%6f%6e%74%65%6e%74\\\/uploads\\\/2021\\\/01\\\/circulo.png\",\"contentUrl\":\"https:\\\/\\\/informelitoral.com.ar\\\/%77%70%2d%63%6f%6e%74%65%6e%74\\\/uploads\\\/2021\\\/01\\\/circulo.png\",\"width\":723,\"height\":731,\"caption\":\"Informe Litoral\"},\"image\":{\"@id\":\"https:\\\/\\\/informelitoral.com.ar\\\/#\\\/schema\\\/logo\\\/image\\\/\"},\"sameAs\":[\"https:\\\/\\\/www.facebook.com\\\/informelitoral\\\/\",\"https:\\\/\\\/x.com\\\/InformeLitoral\",\"https:\\\/\\\/www.instagram.com\\\/informelitoral\\\/\",\"https:\\\/\\\/www.youtube.com\\\/channel\\\/UCua4Qvz8Icb6MYqhoq9xLXw\"]},{\"@type\":\"Person\",\"@id\":\"https:\\\/\\\/informelitoral.com.ar\\\/#\\\/schema\\\/person\\\/b9d00407c836482871ef1d57bf8e3180\",\"name\":\"Gonzalo Schmidt\",\"image\":{\"@type\":\"ImageObject\",\"inLanguage\":\"es\",\"@id\":\"https:\\\/\\\/secure.gravatar.com\\\/avatar\\\/31a1a7b66ff2de83bd0e9fd79d026630d2d99e55e8bfe501287647b4fd9743de?s=96&d=mm&r=g\",\"url\":\"https:\\\/\\\/secure.gravatar.com\\\/avatar\\\/31a1a7b66ff2de83bd0e9fd79d026630d2d99e55e8bfe501287647b4fd9743de?s=96&d=mm&r=g\",\"contentUrl\":\"https:\\\/\\\/secure.gravatar.com\\\/avatar\\\/31a1a7b66ff2de83bd0e9fd79d026630d2d99e55e8bfe501287647b4fd9743de?s=96&d=mm&r=g\",\"caption\":\"Gonzalo Schmidt\"},\"description\":\"Sitio web de noticias de la provincia de Entre R\u00edos, Argentina. Informaci\u00f3n y entretenimiento. Informe Litoral, nos informamos.\",\"sameAs\":[\"http:\\\/\\\/www.isletasnoticias.com.ar\"],\"url\":\"https:\\\/\\\/informelitoral.com.ar\\\/author\\\/gonzalo\\\/\"}]}<\/script>","yoast_head_json":{"title":"Comenz\u00f3 la segunda campa\u00f1a de vacunaci\u00f3n contra la fiebre aftosa en Entre R\u00edos - Informe Litoral","robots":{"index":"index","follow":"follow","max-snippet":"max-snippet:-1","max-image-preview":"max-image-preview:large","max-video-preview":"max-video-preview:-1"},"canonical":"https:\/\/informelitoral.com.ar\/omienza-la-segunda-campana-de-vacunacion-contra-la-fiebre-aftosa-en-entre-rios\/","og_locale":"es_ES","og_type":"article","og_title":"Comenz\u00f3 la segunda campa\u00f1a de vacunaci\u00f3n contra la fiebre aftosa en Entre R\u00edos - Informe Litoral","og_description":"Desde el 13 de octubre hasta el 14 de diciembre se lleva adelante la Segunda campa&ntilde;a de vacunaci&oacute;n contra la fiebre aftosa en Entre R&iacute;os. Se trata de una acci&oacute;n sanitaria indispensable para resguardar la inmunidad de la ganader&iacute;a.El Servicio Nacional de Sanidad y Calidad Agroalimentaria (Senasa) inform&oacute; las fechas de inicio de la segunda [&hellip;]","og_url":"https:\/\/informelitoral.com.ar\/omienza-la-segunda-campana-de-vacunacion-contra-la-fiebre-aftosa-en-entre-rios\/","og_site_name":"Informe Litoral","article_publisher":"https:\/\/www.facebook.com\/informelitoral\/","article_published_time":"2015-10-14T20:15:15+00:00","article_modified_time":"2015-10-14T20:15:44+00:00","og_image":[{"width":800,"height":554,"url":"https:\/\/informelitoral.com.ar\/%77%70%2d%63%6f%6e%74%65%6e%74\/uploads\/2015\/10\/8-AFTOSA.jpg","type":"image\/jpeg"}],"author":"Gonzalo Schmidt","twitter_card":"summary_large_image","twitter_creator":"@InformeLitoral","twitter_site":"@InformeLitoral","twitter_misc":{"Escrito por":"Gonzalo Schmidt","Tiempo de lectura":"2 minutos"},"schema":{"@context":"https:\/\/schema.org","@graph":[{"@type":"Article","@id":"https:\/\/informelitoral.com.ar\/omienza-la-segunda-campana-de-vacunacion-contra-la-fiebre-aftosa-en-entre-rios\/#article","isPartOf":{"@id":"https:\/\/informelitoral.com.ar\/omienza-la-segunda-campana-de-vacunacion-contra-la-fiebre-aftosa-en-entre-rios\/"},"author":{"name":"Gonzalo Schmidt","@id":"https:\/\/informelitoral.com.ar\/#\/schema\/person\/b9d00407c836482871ef1d57bf8e3180"},"headline":"Comenz\u00f3 la segunda campa\u00f1a de vacunaci\u00f3n contra la fiebre aftosa en Entre R\u00edos","datePublished":"2015-10-14T20:15:15+00:00","dateModified":"2015-10-14T20:15:44+00:00","mainEntityOfPage":{"@id":"https:\/\/informelitoral.com.ar\/omienza-la-segunda-campana-de-vacunacion-contra-la-fiebre-aftosa-en-entre-rios\/"},"wordCount":364,"commentCount":0,"publisher":{"@id":"https:\/\/informelitoral.com.ar\/#organization"},"image":{"@id":"https:\/\/informelitoral.com.ar\/omienza-la-segunda-campana-de-vacunacion-contra-la-fiebre-aftosa-en-entre-rios\/#primaryimage"},"thumbnailUrl":"http:\/\/www.isletasnoticias.com.ar\/%77%70%2d%63%6f%6e%74%65%6e%74\/uploads\/2015\/10\/8-AFTOSA-300x208.jpg","articleSection":["Campo"],"inLanguage":"es","potentialAction":[{"@type":"CommentAction","name":"Comment","target":["https:\/\/informelitoral.com.ar\/omienza-la-segunda-campana-de-vacunacion-contra-la-fiebre-aftosa-en-entre-rios\/#respond"]}]},{"@type":"WebPage","@id":"https:\/\/informelitoral.com.ar\/omienza-la-segunda-campana-de-vacunacion-contra-la-fiebre-aftosa-en-entre-rios\/","url":"https:\/\/informelitoral.com.ar\/omienza-la-segunda-campana-de-vacunacion-contra-la-fiebre-aftosa-en-entre-rios\/","name":"Comenz\u00f3 la segunda campa\u00f1a de vacunaci\u00f3n contra la fiebre aftosa en Entre R\u00edos - Informe Litoral","isPartOf":{"@id":"https:\/\/informelitoral.com.ar\/#website"},"primaryImageOfPage":{"@id":"https:\/\/informelitoral.com.ar\/omienza-la-segunda-campana-de-vacunacion-contra-la-fiebre-aftosa-en-entre-rios\/#primaryimage"},"image":{"@id":"https:\/\/informelitoral.com.ar\/omienza-la-segunda-campana-de-vacunacion-contra-la-fiebre-aftosa-en-entre-rios\/#primaryimage"},"thumbnailUrl":"http:\/\/www.isletasnoticias.com.ar\/%77%70%2d%63%6f%6e%74%65%6e%74\/uploads\/2015\/10\/8-AFTOSA-300x208.jpg","datePublished":"2015-10-14T20:15:15+00:00","dateModified":"2015-10-14T20:15:44+00:00","breadcrumb":{"@id":"https:\/\/informelitoral.com.ar\/omienza-la-segunda-campana-de-vacunacion-contra-la-fiebre-aftosa-en-entre-rios\/#breadcrumb"},"inLanguage":"es","potentialAction":[{"@type":"ReadAction","target":["https:\/\/informelitoral.com.ar\/omienza-la-segunda-campana-de-vacunacion-contra-la-fiebre-aftosa-en-entre-rios\/"]}]},{"@type":"ImageObject","inLanguage":"es","@id":"https:\/\/informelitoral.com.ar\/omienza-la-segunda-campana-de-vacunacion-contra-la-fiebre-aftosa-en-entre-rios\/#primaryimage","url":"http:\/\/www.isletasnoticias.com.ar\/%77%70%2d%63%6f%6e%74%65%6e%74\/uploads\/2015\/10\/8-AFTOSA-300x208.jpg","contentUrl":"http:\/\/www.isletasnoticias.com.ar\/%77%70%2d%63%6f%6e%74%65%6e%74\/uploads\/2015\/10\/8-AFTOSA-300x208.jpg"},{"@type":"BreadcrumbList","@id":"https:\/\/informelitoral.com.ar\/omienza-la-segunda-campana-de-vacunacion-contra-la-fiebre-aftosa-en-entre-rios\/#breadcrumb","itemListElement":[{"@type":"ListItem","position":1,"name":"Portada","item":"https:\/\/informelitoral.com.ar\/"},{"@type":"ListItem","position":2,"name":"Comenz\u00f3 la segunda campa\u00f1a de vacunaci\u00f3n contra la fiebre aftosa en Entre R\u00edos"}]},{"@type":"WebSite","@id":"https:\/\/informelitoral.com.ar\/#website","url":"https:\/\/informelitoral.com.ar\/","name":"Informe Litoral","description":"&quot;Nos informamos&quot; ","publisher":{"@id":"https:\/\/informelitoral.com.ar\/#organization"},"potentialAction":[{"@type":"SearchAction","target":{"@type":"EntryPoint","urlTemplate":"https:\/\/informelitoral.com.ar\/?s={search_term_string}"},"query-input":{"@type":"PropertyValueSpecification","valueRequired":true,"valueName":"search_term_string"}}],"inLanguage":"es"},{"@type":"Organization","@id":"https:\/\/informelitoral.com.ar\/#organization","name":"Informe Litoral","url":"https:\/\/informelitoral.com.ar\/","logo":{"@type":"ImageObject","inLanguage":"es","@id":"https:\/\/informelitoral.com.ar\/#\/schema\/logo\/image\/","url":"https:\/\/informelitoral.com.ar\/%77%70%2d%63%6f%6e%74%65%6e%74\/uploads\/2021\/01\/circulo.png","contentUrl":"https:\/\/informelitoral.com.ar\/%77%70%2d%63%6f%6e%74%65%6e%74\/uploads\/2021\/01\/circulo.png","width":723,"height":731,"caption":"Informe Litoral"},"image":{"@id":"https:\/\/informelitoral.com.ar\/#\/schema\/logo\/image\/"},"sameAs":["https:\/\/www.facebook.com\/informelitoral\/","https:\/\/x.com\/InformeLitoral","https:\/\/www.instagram.com\/informelitoral\/","https:\/\/www.youtube.com\/channel\/UCua4Qvz8Icb6MYqhoq9xLXw"]},{"@type":"Person","@id":"https:\/\/informelitoral.com.ar\/#\/schema\/person\/b9d00407c836482871ef1d57bf8e3180","name":"Gonzalo Schmidt","image":{"@type":"ImageObject","inLanguage":"es","@id":"https:\/\/secure.gravatar.com\/avatar\/31a1a7b66ff2de83bd0e9fd79d026630d2d99e55e8bfe501287647b4fd9743de?s=96&d=mm&r=g","url":"https:\/\/secure.gravatar.com\/avatar\/31a1a7b66ff2de83bd0e9fd79d026630d2d99e55e8bfe501287647b4fd9743de?s=96&d=mm&r=g","contentUrl":"https:\/\/secure.gravatar.com\/avatar\/31a1a7b66ff2de83bd0e9fd79d026630d2d99e55e8bfe501287647b4fd9743de?s=96&d=mm&r=g","caption":"Gonzalo Schmidt"},"description":"Sitio web de noticias de la provincia de Entre R\u00edos, Argentina. Informaci\u00f3n y entretenimiento. Informe Litoral, nos informamos.","sameAs":["http:\/\/www.isletasnoticias.com.ar"],"url":"https:\/\/informelitoral.com.ar\/author\/gonzalo\/"}]}},"_links":{"self":[{"href":"https:\/\/informelitoral.com.ar\/%77%70%2d%6a%73%6f%6e\/wp\/v2\/posts\/12094","targetHints":{"allow":["GET"]}}],"collection":[{"href":"https:\/\/informelitoral.com.ar\/%77%70%2d%6a%73%6f%6e\/wp\/v2\/posts"}],"about":[{"href":"https:\/\/informelitoral.com.ar\/%77%70%2d%6a%73%6f%6e\/wp\/v2\/types\/post"}],"author":[{"embeddable":true,"href":"https:\/\/informelitoral.com.ar\/%77%70%2d%6a%73%6f%6e\/wp\/v2\/users\/2"}],"replies":[{"embeddable":true,"href":"https:\/\/informelitoral.com.ar\/%77%70%2d%6a%73%6f%6e\/wp\/v2\/comments?post=12094"}],"version-history":[{"count":0,"href":"https:\/\/informelitoral.com.ar\/%77%70%2d%6a%73%6f%6e\/wp\/v2\/posts\/12094\/revisions"}],"wp:attachment":[{"href":"https:\/\/informelitoral.com.ar\/%77%70%2d%6a%73%6f%6e\/wp\/v2\/media?parent=12094"}],"wp:term":[{"taxonomy":"category","embeddable":true,"href":"https:\/\/informelitoral.com.ar\/%77%70%2d%6a%73%6f%6e\/wp\/v2\/categories?post=12094"},{"taxonomy":"post_tag","embeddable":true,"href":"https:\/\/informelitoral.com.ar\/%77%70%2d%6a%73%6f%6e\/wp\/v2\/tags?post=12094"}],"curies":[{"name":"wp","href":"https:\/\/api.w.org\/{rel}","templated":true}]}}