{"id":12083,"date":"2015-10-14T10:02:40","date_gmt":"2015-10-14T13:02:40","guid":{"rendered":"http:\/\/www.isletasnoticias.com.ar\/?p=12083"},"modified":"2015-10-14T12:31:54","modified_gmt":"2015-10-14T15:31:54","slug":"wolff-me-tienen-que-votar-porque-conozco-las-necesidades-de-los-vecinos-y-tengo-ganas-de-gestionar","status":"publish","type":"post","link":"https:\/\/informelitoral.com.ar\/wolff-me-tienen-que-votar-porque-conozco-las-necesidades-de-los-vecinos-y-tengo-ganas-de-gestionar\/","title":{"rendered":"Wolf: \u201cMe tienen que votar porque conozco las necesidades de los vecinos y tengo ganas de gestionar\u201d"},"content":{"rendered":"<p><strong>El candidato a presidente de la Junta de Gobierno de Isletas por Cambiemos, <em>Alcides Wolf<\/em>, se mostr\u00f3 confiado en mantener el resultado de las PASO y entre sus propuestas destac\u00f3 que \u201cser\u00eda fundamental contar con una motoniveladora en la zona\u201d. En declaraciones a <em>IN,<\/em> prometi\u00f3 hacer un \u201cgobierno abierto\u201d y \u201cgestionar ante quien corresponda\u201d.<a href=\"http:\/\/www.isletasnoticias.com.ar\/%77%70%2d%63%6f%6e%74%65%6e%74\/uploads\/2015\/10\/12025471_905146566237708_715334384_n.jpg\"><img loading=\"lazy\" decoding=\"async\" class=\"aligncenter size-full wp-image-12084\" src=\"http:\/\/www.isletasnoticias.com.ar\/%77%70%2d%63%6f%6e%74%65%6e%74\/uploads\/2015\/10\/12025471_905146566237708_715334384_n.jpg\" alt=\"12025471_905146566237708_715334384_n\" width=\"960\" height=\"639\" srcset=\"https:\/\/informelitoral.com.ar\/%77%70%2d%63%6f%6e%74%65%6e%74\/uploads\/2015\/10\/12025471_905146566237708_715334384_n.jpg 960w, https:\/\/informelitoral.com.ar\/%77%70%2d%63%6f%6e%74%65%6e%74\/uploads\/2015\/10\/12025471_905146566237708_715334384_n-300x200.jpg 300w\" sizes=\"auto, (max-width: 960px) 100vw, 960px\" \/><\/a> <\/strong><\/p>\n<p>En candidato a presidente de la Junta de Gobierno de Isletas, departamento Diamante por Cambiemos (PRO &#8211; UCR &#8211; CC), <strong>Alcides Alejandro Wolf<\/strong>, en una entrevista con <strong><em>ISLETAS NOTICIAS<\/em><\/strong>, mencion\u00f3 algunas de las propuestas del radicalismo en caso de mantener el resultado de las PASO, entre las que incluye dar respuestas a las necesidades de los j\u00f3venes y ancianos. Por otro lado, destac\u00f3 que la actual gesti\u00f3n \u201ccomenz\u00f3 de menor a mayor\u201d y asegur\u00f3 que trabajar\u00e1n en conjunto con el Frente para la Victoria. Respecto al cierre de campa\u00f1a, Wolf indic\u00f3 que \u201cestamos recorriendo casa por casa en dos grupos y fuimos recibidos muy bien en todos los lugares. <u>Queremos que todos conozcan nuestras propuestas para gobernar Isletas<\/u>\u201d.<a href=\"http:\/\/www.isletasnoticias.com.ar\/%77%70%2d%63%6f%6e%74%65%6e%74\/uploads\/2015\/10\/12047702_905164759569222_425191506_n.jpg\"><img loading=\"lazy\" decoding=\"async\" class=\"alignright wp-image-12085 size-medium\" src=\"http:\/\/www.isletasnoticias.com.ar\/%77%70%2d%63%6f%6e%74%65%6e%74\/uploads\/2015\/10\/12047702_905164759569222_425191506_n-300x200.jpg\" alt=\"12047702_905164759569222_425191506_n\" width=\"300\" height=\"200\" srcset=\"https:\/\/informelitoral.com.ar\/%77%70%2d%63%6f%6e%74%65%6e%74\/uploads\/2015\/10\/12047702_905164759569222_425191506_n-300x200.jpg 300w, https:\/\/informelitoral.com.ar\/%77%70%2d%63%6f%6e%74%65%6e%74\/uploads\/2015\/10\/12047702_905164759569222_425191506_n.jpg 960w\" sizes=\"auto, (max-width: 300px) 100vw, 300px\" \/><\/a><\/p>\n<p><strong style=\"line-height: 1.55;\">&#8211;\u00bfEsperaban un triunfo en las PASO?<\/strong><\/p>\n<p>&#8211;S\u00ed. Ten\u00edamos una idea, pero el resultado sobrepas\u00f3 nuestras expectativas. Uno lo va viendo en la aceptaci\u00f3n cuando visita a los vecinos. <u>Hay mucha gente agradecida por lo que se hizo en la actual gesti\u00f3n, que comenz\u00f3 de menor a mayor<\/u>.<\/p>\n<p><strong>&#8212; El senador Daniel Kr\u00e4mer dijo que la actual gesti\u00f3n radical de Isletas no hizo casi nada.<\/strong><\/p>\n<p>&#8212; <u>No me gusta polemizar con nadie porque no es mi estilo. <\/u>De todas formas, lo invito al senador Kr\u00e4mer que se fije en la p\u00e1gina de Facebook de la Junta de Gobierno que es abierta para todos, para que observe qu\u00e9 se hizo y qu\u00e9 no. <u>Hay mucho por hacer, pero decir que no se hizo nada es mentir.<\/u><\/p>\n<p><strong>&#8211;\u00bfCu\u00e1les son las principales propuestas en caso de llegar a la conducci\u00f3n de la Junta?<\/strong><\/p>\n<p><strong>&#8212;<\/strong><u>Nuestra plataforma electoral se hizo en base a las inquietudes de los vecinos<\/u>. Para eso, fueron fundamentales las reuniones zonales, porque por m\u00e1s que uno sepa qu\u00e9 hace falta, <u>no hay nada mejor que el vecino mano a mano diga lo que necesita.<\/u> Nos centramos en algunos ejes como Seguridad, Salud, Educaci\u00f3n, Acci\u00f3n Social y la parte vial. <u>Vamos a hacer una gesti\u00f3n con mucho contacto con la gente<\/u> y sobre eso vamos a trabajar. Somos un amplio grupo y <u>sabemos que estamos para solucionar los problemas. <\/u><\/p>\n<p><strong>&#8212; Hay quienes sostienen que se preocupan solamente por los caminos\u2026<\/strong><\/p>\n<p>&#8211;En las reuniones zonales quisimos hablar de un mont\u00f3n de cosas que no sean los caminos, pero siempre llegamos a ese tema. Creemos que<u> no hay nada posible sino ten\u00e9s un buen camino.<\/u> Es fundamental para la producci\u00f3n de diferente tipo, para la seguridad, la educaci\u00f3n y la salud. <u>No hay nadie que sea del campo y no sepa lo importante que es un camino en buenas condiciones.<\/u><\/p>\n<p><strong>&#8211;\u00bfDe qu\u00e9 forma se proponen mejorar los caminos?<\/strong><\/p>\n<p>&#8212; Va a depender mucho de quien llegue al gobierno provincial. Nuestra idea es colaborar en todo lo que se pueda con Vialidad, tanto con herramientas como con gestiones. <u>Ser\u00eda fundamental contar con una motoniveladora en la zona con un empleado local<\/u>, porque se recuperar\u00edan horas de trabajo y se lograr\u00eda dar respuesta m\u00e1s r\u00e1pidas luego de cada lluvia por ejemplo. Despu\u00e9s para mejorar con broza y ripio, hace falta mucha gesti\u00f3n y una relaci\u00f3n fluida con Vialidad y la Provincia.<\/p>\n<p><strong>&#8212; \u00bfC\u00f3mo har\u00e1n en caso que gane el Frente para la Victoria en Naci\u00f3n, Provincia y Departamento? Kr\u00e4mer en una entrevista con <em>IN<\/em>, hab\u00eda comentado que no trabajar\u00e1 con la Alianza Ramirense y en Isletas podr\u00eda suceder lo mismo en caso que ganen ustedes.<\/strong><\/p>\n<p>&#8211;Me sorprendi\u00f3 lo que dijo el senador y no comparto la idea. Nosotros <u>pensamos hacer un gobierno abierto y si llega a ganar el justicialismo en Naci\u00f3n y Provincia igual vamos a ir a gestionar<\/u> a donde corresponda, sea quien sea el partido. Tenemos que lograr lo mejor para Isletas.<\/p>\n<p><strong>&#8212; \u00bfTrabajar\u00e1n en conjunto con el Frente para la Victoria local, como gobierno u oposici\u00f3n?<\/strong><\/p>\n<p><strong>&#8212; <\/strong><u>No va a haber ning\u00fan tipo de problema de trabajar con el justicialismo, porque la uni\u00f3n hace la fuerza<\/u>, siempre y cuando tengan ideas coherentes y las planteen como corresponde. La idea es escucharlos a todos.<\/p>\n<p><strong>&#8212; \u00bfGanan el 25 de octubre?<\/strong><\/p>\n<p><strong>&#8212; <\/strong>Sin lugar a dudas ganamos.<\/p>\n<p><strong>&#8212; \u00bfPor qu\u00e9 lo tienen que votar a Alcides Wolf?<\/strong><\/p>\n<p><strong>&#8212; <\/strong>Es una pregunta dif\u00edcil, pero creo que est\u00e1 claro el porqu\u00e9. Estoy como colaborador en la actual gesti\u00f3n y he participado de casi todas las reuniones que se hicieron. <u>Me tienen que votar porque conozco las necesidades de los vecinos y tengo ganas de gestionar.<\/u> Vamos a apostar fuertenemente a la juventud y a los ancianos que est\u00e1n bastante olvidados y gracias a ellos estamos nosotros.<\/p>\n<p><strong>&#8211;La JR tiene un integrante en la lista.<\/strong><\/p>\n<p><strong>&#8212; <\/strong>Siempre fue idea m\u00eda integrar a la juventud con los mayores. Nosotros estamos de paso y es fundamental que los j\u00f3venes se involucren. <u>Un presidente de Junta deber\u00eda estar cuatro a\u00f1os y dejarle el lugar a otro, en lo posible m\u00e1s joven<\/u>. Eso de estar 10 0 15 a\u00f1os en un puesto para m\u00ed no sirve.<\/p>\n","protected":false},"excerpt":{"rendered":"<p>El candidato a presidente de la Junta de Gobierno de Isletas por Cambiemos, Alcides Wolf, se mostr&oacute; confiado en mantener el resultado de las PASO y entre sus propuestas destac&oacute; que &ldquo;ser&iacute;a fundamental contar con una motoniveladora en la zona&rdquo;. En declaraciones a IN, prometi&oacute; hacer un &ldquo;gobierno abierto&rdquo; y &ldquo;gestionar ante quien corresponda&rdquo;. En [&hellip;]<\/p>\n","protected":false},"author":2,"featured_media":0,"comment_status":"open","ping_status":"open","sticky":false,"template":"","format":"standard","meta":{"fifu_image_url":"","fifu_image_alt":"","footnotes":""},"categories":[4,16],"tags":[],"class_list":{"0":"post-12083","1":"post","2":"type-post","3":"status-publish","4":"format-standard","6":"category-locales","7":"category-politi"},"yoast_head":"<title>Wolf: \u201cMe tienen que votar porque conozco las necesidades de los vecinos y tengo ganas de gestionar\u201d - Informe Litoral<\/title>\n<meta name=\"robots\" content=\"index, follow, max-snippet:-1, max-image-preview:large, max-video-preview:-1\" \/>\n<link rel=\"canonical\" href=\"https:\/\/informelitoral.com.ar\/wolff-me-tienen-que-votar-porque-conozco-las-necesidades-de-los-vecinos-y-tengo-ganas-de-gestionar\/\" \/>\n<meta property=\"og:locale\" content=\"es_ES\" \/>\n<meta property=\"og:type\" content=\"article\" \/>\n<meta property=\"og:title\" content=\"Wolf: \u201cMe tienen que votar porque conozco las necesidades de los vecinos y tengo ganas de gestionar\u201d - Informe Litoral\" \/>\n<meta property=\"og:description\" content=\"El candidato a presidente de la Junta de Gobierno de Isletas por Cambiemos, Alcides Wolf, se mostr&oacute; confiado en mantener el resultado de las PASO y entre sus propuestas destac&oacute; que &ldquo;ser&iacute;a fundamental contar con una motoniveladora en la zona&rdquo;. En declaraciones a IN, prometi&oacute; hacer un &ldquo;gobierno abierto&rdquo; y &ldquo;gestionar ante quien corresponda&rdquo;. En [&hellip;]\" \/>\n<meta property=\"og:url\" content=\"https:\/\/informelitoral.com.ar\/wolff-me-tienen-que-votar-porque-conozco-las-necesidades-de-los-vecinos-y-tengo-ganas-de-gestionar\/\" \/>\n<meta property=\"og:site_name\" content=\"Informe Litoral\" \/>\n<meta property=\"article:publisher\" content=\"https:\/\/www.facebook.com\/informelitoral\/\" \/>\n<meta property=\"article:published_time\" content=\"2015-10-14T13:02:40+00:00\" \/>\n<meta property=\"article:modified_time\" content=\"2015-10-14T15:31:54+00:00\" \/>\n<meta property=\"og:image\" content=\"https:\/\/informelitoral.com.ar\/%77%70%2d%63%6f%6e%74%65%6e%74\/uploads\/2015\/10\/12025471_905146566237708_715334384_n.jpg\" \/>\n\t<meta property=\"og:image:width\" content=\"960\" \/>\n\t<meta property=\"og:image:height\" content=\"639\" \/>\n\t<meta property=\"og:image:type\" content=\"image\/jpeg\" \/>\n<meta name=\"author\" content=\"Gonzalo Schmidt\" \/>\n<meta name=\"twitter:card\" content=\"summary_large_image\" \/>\n<meta name=\"twitter:creator\" content=\"@InformeLitoral\" \/>\n<meta name=\"twitter:site\" content=\"@InformeLitoral\" \/>\n<meta name=\"twitter:label1\" content=\"Escrito por\" \/>\n\t<meta name=\"twitter:data1\" content=\"Gonzalo Schmidt\" \/>\n\t<meta name=\"twitter:label2\" content=\"Tiempo de lectura\" \/>\n\t<meta name=\"twitter:data2\" content=\"5 minutos\" \/>\n<script type=\"application\/ld+json\" class=\"yoast-schema-graph\">{\"@context\":\"https:\\\/\\\/schema.org\",\"@graph\":[{\"@type\":\"Article\",\"@id\":\"https:\\\/\\\/informelitoral.com.ar\\\/wolff-me-tienen-que-votar-porque-conozco-las-necesidades-de-los-vecinos-y-tengo-ganas-de-gestionar\\\/#article\",\"isPartOf\":{\"@id\":\"https:\\\/\\\/informelitoral.com.ar\\\/wolff-me-tienen-que-votar-porque-conozco-las-necesidades-de-los-vecinos-y-tengo-ganas-de-gestionar\\\/\"},\"author\":{\"name\":\"Gonzalo Schmidt\",\"@id\":\"https:\\\/\\\/informelitoral.com.ar\\\/#\\\/schema\\\/person\\\/b9d00407c836482871ef1d57bf8e3180\"},\"headline\":\"Wolf: \u201cMe tienen que votar porque conozco las necesidades de los vecinos y tengo ganas de gestionar\u201d\",\"datePublished\":\"2015-10-14T13:02:40+00:00\",\"dateModified\":\"2015-10-14T15:31:54+00:00\",\"mainEntityOfPage\":{\"@id\":\"https:\\\/\\\/informelitoral.com.ar\\\/wolff-me-tienen-que-votar-porque-conozco-las-necesidades-de-los-vecinos-y-tengo-ganas-de-gestionar\\\/\"},\"wordCount\":933,\"commentCount\":0,\"publisher\":{\"@id\":\"https:\\\/\\\/informelitoral.com.ar\\\/#organization\"},\"image\":{\"@id\":\"https:\\\/\\\/informelitoral.com.ar\\\/wolff-me-tienen-que-votar-porque-conozco-las-necesidades-de-los-vecinos-y-tengo-ganas-de-gestionar\\\/#primaryimage\"},\"thumbnailUrl\":\"http:\\\/\\\/www.isletasnoticias.com.ar\\\/%77%70%2d%63%6f%6e%74%65%6e%74\\\/uploads\\\/2015\\\/10\\\/12025471_905146566237708_715334384_n.jpg\",\"articleSection\":[\"Isletas\",\"Politica\"],\"inLanguage\":\"es\",\"potentialAction\":[{\"@type\":\"CommentAction\",\"name\":\"Comment\",\"target\":[\"https:\\\/\\\/informelitoral.com.ar\\\/wolff-me-tienen-que-votar-porque-conozco-las-necesidades-de-los-vecinos-y-tengo-ganas-de-gestionar\\\/#respond\"]}]},{\"@type\":\"WebPage\",\"@id\":\"https:\\\/\\\/informelitoral.com.ar\\\/wolff-me-tienen-que-votar-porque-conozco-las-necesidades-de-los-vecinos-y-tengo-ganas-de-gestionar\\\/\",\"url\":\"https:\\\/\\\/informelitoral.com.ar\\\/wolff-me-tienen-que-votar-porque-conozco-las-necesidades-de-los-vecinos-y-tengo-ganas-de-gestionar\\\/\",\"name\":\"Wolf: \u201cMe tienen que votar porque conozco las necesidades de los vecinos y tengo ganas de gestionar\u201d - Informe Litoral\",\"isPartOf\":{\"@id\":\"https:\\\/\\\/informelitoral.com.ar\\\/#website\"},\"primaryImageOfPage\":{\"@id\":\"https:\\\/\\\/informelitoral.com.ar\\\/wolff-me-tienen-que-votar-porque-conozco-las-necesidades-de-los-vecinos-y-tengo-ganas-de-gestionar\\\/#primaryimage\"},\"image\":{\"@id\":\"https:\\\/\\\/informelitoral.com.ar\\\/wolff-me-tienen-que-votar-porque-conozco-las-necesidades-de-los-vecinos-y-tengo-ganas-de-gestionar\\\/#primaryimage\"},\"thumbnailUrl\":\"http:\\\/\\\/www.isletasnoticias.com.ar\\\/%77%70%2d%63%6f%6e%74%65%6e%74\\\/uploads\\\/2015\\\/10\\\/12025471_905146566237708_715334384_n.jpg\",\"datePublished\":\"2015-10-14T13:02:40+00:00\",\"dateModified\":\"2015-10-14T15:31:54+00:00\",\"breadcrumb\":{\"@id\":\"https:\\\/\\\/informelitoral.com.ar\\\/wolff-me-tienen-que-votar-porque-conozco-las-necesidades-de-los-vecinos-y-tengo-ganas-de-gestionar\\\/#breadcrumb\"},\"inLanguage\":\"es\",\"potentialAction\":[{\"@type\":\"ReadAction\",\"target\":[\"https:\\\/\\\/informelitoral.com.ar\\\/wolff-me-tienen-que-votar-porque-conozco-las-necesidades-de-los-vecinos-y-tengo-ganas-de-gestionar\\\/\"]}]},{\"@type\":\"ImageObject\",\"inLanguage\":\"es\",\"@id\":\"https:\\\/\\\/informelitoral.com.ar\\\/wolff-me-tienen-que-votar-porque-conozco-las-necesidades-de-los-vecinos-y-tengo-ganas-de-gestionar\\\/#primaryimage\",\"url\":\"http:\\\/\\\/www.isletasnoticias.com.ar\\\/%77%70%2d%63%6f%6e%74%65%6e%74\\\/uploads\\\/2015\\\/10\\\/12025471_905146566237708_715334384_n.jpg\",\"contentUrl\":\"http:\\\/\\\/www.isletasnoticias.com.ar\\\/%77%70%2d%63%6f%6e%74%65%6e%74\\\/uploads\\\/2015\\\/10\\\/12025471_905146566237708_715334384_n.jpg\"},{\"@type\":\"BreadcrumbList\",\"@id\":\"https:\\\/\\\/informelitoral.com.ar\\\/wolff-me-tienen-que-votar-porque-conozco-las-necesidades-de-los-vecinos-y-tengo-ganas-de-gestionar\\\/#breadcrumb\",\"itemListElement\":[{\"@type\":\"ListItem\",\"position\":1,\"name\":\"Portada\",\"item\":\"https:\\\/\\\/informelitoral.com.ar\\\/\"},{\"@type\":\"ListItem\",\"position\":2,\"name\":\"Wolf: \u201cMe tienen que votar porque conozco las necesidades de los vecinos y tengo ganas de gestionar\u201d\"}]},{\"@type\":\"WebSite\",\"@id\":\"https:\\\/\\\/informelitoral.com.ar\\\/#website\",\"url\":\"https:\\\/\\\/informelitoral.com.ar\\\/\",\"name\":\"Informe Litoral\",\"description\":\"&quot;Nos informamos&quot; \",\"publisher\":{\"@id\":\"https:\\\/\\\/informelitoral.com.ar\\\/#organization\"},\"potentialAction\":[{\"@type\":\"SearchAction\",\"target\":{\"@type\":\"EntryPoint\",\"urlTemplate\":\"https:\\\/\\\/informelitoral.com.ar\\\/?s={search_term_string}\"},\"query-input\":{\"@type\":\"PropertyValueSpecification\",\"valueRequired\":true,\"valueName\":\"search_term_string\"}}],\"inLanguage\":\"es\"},{\"@type\":\"Organization\",\"@id\":\"https:\\\/\\\/informelitoral.com.ar\\\/#organization\",\"name\":\"Informe Litoral\",\"url\":\"https:\\\/\\\/informelitoral.com.ar\\\/\",\"logo\":{\"@type\":\"ImageObject\",\"inLanguage\":\"es\",\"@id\":\"https:\\\/\\\/informelitoral.com.ar\\\/#\\\/schema\\\/logo\\\/image\\\/\",\"url\":\"https:\\\/\\\/informelitoral.com.ar\\\/%77%70%2d%63%6f%6e%74%65%6e%74\\\/uploads\\\/2021\\\/01\\\/circulo.png\",\"contentUrl\":\"https:\\\/\\\/informelitoral.com.ar\\\/%77%70%2d%63%6f%6e%74%65%6e%74\\\/uploads\\\/2021\\\/01\\\/circulo.png\",\"width\":723,\"height\":731,\"caption\":\"Informe Litoral\"},\"image\":{\"@id\":\"https:\\\/\\\/informelitoral.com.ar\\\/#\\\/schema\\\/logo\\\/image\\\/\"},\"sameAs\":[\"https:\\\/\\\/www.facebook.com\\\/informelitoral\\\/\",\"https:\\\/\\\/x.com\\\/InformeLitoral\",\"https:\\\/\\\/www.instagram.com\\\/informelitoral\\\/\",\"https:\\\/\\\/www.youtube.com\\\/channel\\\/UCua4Qvz8Icb6MYqhoq9xLXw\"]},{\"@type\":\"Person\",\"@id\":\"https:\\\/\\\/informelitoral.com.ar\\\/#\\\/schema\\\/person\\\/b9d00407c836482871ef1d57bf8e3180\",\"name\":\"Gonzalo Schmidt\",\"image\":{\"@type\":\"ImageObject\",\"inLanguage\":\"es\",\"@id\":\"https:\\\/\\\/secure.gravatar.com\\\/avatar\\\/31a1a7b66ff2de83bd0e9fd79d026630d2d99e55e8bfe501287647b4fd9743de?s=96&d=mm&r=g\",\"url\":\"https:\\\/\\\/secure.gravatar.com\\\/avatar\\\/31a1a7b66ff2de83bd0e9fd79d026630d2d99e55e8bfe501287647b4fd9743de?s=96&d=mm&r=g\",\"contentUrl\":\"https:\\\/\\\/secure.gravatar.com\\\/avatar\\\/31a1a7b66ff2de83bd0e9fd79d026630d2d99e55e8bfe501287647b4fd9743de?s=96&d=mm&r=g\",\"caption\":\"Gonzalo Schmidt\"},\"description\":\"Sitio web de noticias de la provincia de Entre R\u00edos, Argentina. Informaci\u00f3n y entretenimiento. Informe Litoral, nos informamos.\",\"sameAs\":[\"http:\\\/\\\/www.isletasnoticias.com.ar\"],\"url\":\"https:\\\/\\\/informelitoral.com.ar\\\/author\\\/gonzalo\\\/\"}]}<\/script>","yoast_head_json":{"title":"Wolf: \u201cMe tienen que votar porque conozco las necesidades de los vecinos y tengo ganas de gestionar\u201d - Informe Litoral","robots":{"index":"index","follow":"follow","max-snippet":"max-snippet:-1","max-image-preview":"max-image-preview:large","max-video-preview":"max-video-preview:-1"},"canonical":"https:\/\/informelitoral.com.ar\/wolff-me-tienen-que-votar-porque-conozco-las-necesidades-de-los-vecinos-y-tengo-ganas-de-gestionar\/","og_locale":"es_ES","og_type":"article","og_title":"Wolf: \u201cMe tienen que votar porque conozco las necesidades de los vecinos y tengo ganas de gestionar\u201d - Informe Litoral","og_description":"El candidato a presidente de la Junta de Gobierno de Isletas por Cambiemos, Alcides Wolf, se mostr&oacute; confiado en mantener el resultado de las PASO y entre sus propuestas destac&oacute; que &ldquo;ser&iacute;a fundamental contar con una motoniveladora en la zona&rdquo;. En declaraciones a IN, prometi&oacute; hacer un &ldquo;gobierno abierto&rdquo; y &ldquo;gestionar ante quien corresponda&rdquo;. En [&hellip;]","og_url":"https:\/\/informelitoral.com.ar\/wolff-me-tienen-que-votar-porque-conozco-las-necesidades-de-los-vecinos-y-tengo-ganas-de-gestionar\/","og_site_name":"Informe Litoral","article_publisher":"https:\/\/www.facebook.com\/informelitoral\/","article_published_time":"2015-10-14T13:02:40+00:00","article_modified_time":"2015-10-14T15:31:54+00:00","og_image":[{"width":960,"height":639,"url":"https:\/\/informelitoral.com.ar\/%77%70%2d%63%6f%6e%74%65%6e%74\/uploads\/2015\/10\/12025471_905146566237708_715334384_n.jpg","type":"image\/jpeg"}],"author":"Gonzalo Schmidt","twitter_card":"summary_large_image","twitter_creator":"@InformeLitoral","twitter_site":"@InformeLitoral","twitter_misc":{"Escrito por":"Gonzalo Schmidt","Tiempo de lectura":"5 minutos"},"schema":{"@context":"https:\/\/schema.org","@graph":[{"@type":"Article","@id":"https:\/\/informelitoral.com.ar\/wolff-me-tienen-que-votar-porque-conozco-las-necesidades-de-los-vecinos-y-tengo-ganas-de-gestionar\/#article","isPartOf":{"@id":"https:\/\/informelitoral.com.ar\/wolff-me-tienen-que-votar-porque-conozco-las-necesidades-de-los-vecinos-y-tengo-ganas-de-gestionar\/"},"author":{"name":"Gonzalo Schmidt","@id":"https:\/\/informelitoral.com.ar\/#\/schema\/person\/b9d00407c836482871ef1d57bf8e3180"},"headline":"Wolf: \u201cMe tienen que votar porque conozco las necesidades de los vecinos y tengo ganas de gestionar\u201d","datePublished":"2015-10-14T13:02:40+00:00","dateModified":"2015-10-14T15:31:54+00:00","mainEntityOfPage":{"@id":"https:\/\/informelitoral.com.ar\/wolff-me-tienen-que-votar-porque-conozco-las-necesidades-de-los-vecinos-y-tengo-ganas-de-gestionar\/"},"wordCount":933,"commentCount":0,"publisher":{"@id":"https:\/\/informelitoral.com.ar\/#organization"},"image":{"@id":"https:\/\/informelitoral.com.ar\/wolff-me-tienen-que-votar-porque-conozco-las-necesidades-de-los-vecinos-y-tengo-ganas-de-gestionar\/#primaryimage"},"thumbnailUrl":"http:\/\/www.isletasnoticias.com.ar\/%77%70%2d%63%6f%6e%74%65%6e%74\/uploads\/2015\/10\/12025471_905146566237708_715334384_n.jpg","articleSection":["Isletas","Politica"],"inLanguage":"es","potentialAction":[{"@type":"CommentAction","name":"Comment","target":["https:\/\/informelitoral.com.ar\/wolff-me-tienen-que-votar-porque-conozco-las-necesidades-de-los-vecinos-y-tengo-ganas-de-gestionar\/#respond"]}]},{"@type":"WebPage","@id":"https:\/\/informelitoral.com.ar\/wolff-me-tienen-que-votar-porque-conozco-las-necesidades-de-los-vecinos-y-tengo-ganas-de-gestionar\/","url":"https:\/\/informelitoral.com.ar\/wolff-me-tienen-que-votar-porque-conozco-las-necesidades-de-los-vecinos-y-tengo-ganas-de-gestionar\/","name":"Wolf: \u201cMe tienen que votar porque conozco las necesidades de los vecinos y tengo ganas de gestionar\u201d - Informe Litoral","isPartOf":{"@id":"https:\/\/informelitoral.com.ar\/#website"},"primaryImageOfPage":{"@id":"https:\/\/informelitoral.com.ar\/wolff-me-tienen-que-votar-porque-conozco-las-necesidades-de-los-vecinos-y-tengo-ganas-de-gestionar\/#primaryimage"},"image":{"@id":"https:\/\/informelitoral.com.ar\/wolff-me-tienen-que-votar-porque-conozco-las-necesidades-de-los-vecinos-y-tengo-ganas-de-gestionar\/#primaryimage"},"thumbnailUrl":"http:\/\/www.isletasnoticias.com.ar\/%77%70%2d%63%6f%6e%74%65%6e%74\/uploads\/2015\/10\/12025471_905146566237708_715334384_n.jpg","datePublished":"2015-10-14T13:02:40+00:00","dateModified":"2015-10-14T15:31:54+00:00","breadcrumb":{"@id":"https:\/\/informelitoral.com.ar\/wolff-me-tienen-que-votar-porque-conozco-las-necesidades-de-los-vecinos-y-tengo-ganas-de-gestionar\/#breadcrumb"},"inLanguage":"es","potentialAction":[{"@type":"ReadAction","target":["https:\/\/informelitoral.com.ar\/wolff-me-tienen-que-votar-porque-conozco-las-necesidades-de-los-vecinos-y-tengo-ganas-de-gestionar\/"]}]},{"@type":"ImageObject","inLanguage":"es","@id":"https:\/\/informelitoral.com.ar\/wolff-me-tienen-que-votar-porque-conozco-las-necesidades-de-los-vecinos-y-tengo-ganas-de-gestionar\/#primaryimage","url":"http:\/\/www.isletasnoticias.com.ar\/%77%70%2d%63%6f%6e%74%65%6e%74\/uploads\/2015\/10\/12025471_905146566237708_715334384_n.jpg","contentUrl":"http:\/\/www.isletasnoticias.com.ar\/%77%70%2d%63%6f%6e%74%65%6e%74\/uploads\/2015\/10\/12025471_905146566237708_715334384_n.jpg"},{"@type":"BreadcrumbList","@id":"https:\/\/informelitoral.com.ar\/wolff-me-tienen-que-votar-porque-conozco-las-necesidades-de-los-vecinos-y-tengo-ganas-de-gestionar\/#breadcrumb","itemListElement":[{"@type":"ListItem","position":1,"name":"Portada","item":"https:\/\/informelitoral.com.ar\/"},{"@type":"ListItem","position":2,"name":"Wolf: \u201cMe tienen que votar porque conozco las necesidades de los vecinos y tengo ganas de gestionar\u201d"}]},{"@type":"WebSite","@id":"https:\/\/informelitoral.com.ar\/#website","url":"https:\/\/informelitoral.com.ar\/","name":"Informe Litoral","description":"&quot;Nos informamos&quot; ","publisher":{"@id":"https:\/\/informelitoral.com.ar\/#organization"},"potentialAction":[{"@type":"SearchAction","target":{"@type":"EntryPoint","urlTemplate":"https:\/\/informelitoral.com.ar\/?s={search_term_string}"},"query-input":{"@type":"PropertyValueSpecification","valueRequired":true,"valueName":"search_term_string"}}],"inLanguage":"es"},{"@type":"Organization","@id":"https:\/\/informelitoral.com.ar\/#organization","name":"Informe Litoral","url":"https:\/\/informelitoral.com.ar\/","logo":{"@type":"ImageObject","inLanguage":"es","@id":"https:\/\/informelitoral.com.ar\/#\/schema\/logo\/image\/","url":"https:\/\/informelitoral.com.ar\/%77%70%2d%63%6f%6e%74%65%6e%74\/uploads\/2021\/01\/circulo.png","contentUrl":"https:\/\/informelitoral.com.ar\/%77%70%2d%63%6f%6e%74%65%6e%74\/uploads\/2021\/01\/circulo.png","width":723,"height":731,"caption":"Informe Litoral"},"image":{"@id":"https:\/\/informelitoral.com.ar\/#\/schema\/logo\/image\/"},"sameAs":["https:\/\/www.facebook.com\/informelitoral\/","https:\/\/x.com\/InformeLitoral","https:\/\/www.instagram.com\/informelitoral\/","https:\/\/www.youtube.com\/channel\/UCua4Qvz8Icb6MYqhoq9xLXw"]},{"@type":"Person","@id":"https:\/\/informelitoral.com.ar\/#\/schema\/person\/b9d00407c836482871ef1d57bf8e3180","name":"Gonzalo Schmidt","image":{"@type":"ImageObject","inLanguage":"es","@id":"https:\/\/secure.gravatar.com\/avatar\/31a1a7b66ff2de83bd0e9fd79d026630d2d99e55e8bfe501287647b4fd9743de?s=96&d=mm&r=g","url":"https:\/\/secure.gravatar.com\/avatar\/31a1a7b66ff2de83bd0e9fd79d026630d2d99e55e8bfe501287647b4fd9743de?s=96&d=mm&r=g","contentUrl":"https:\/\/secure.gravatar.com\/avatar\/31a1a7b66ff2de83bd0e9fd79d026630d2d99e55e8bfe501287647b4fd9743de?s=96&d=mm&r=g","caption":"Gonzalo Schmidt"},"description":"Sitio web de noticias de la provincia de Entre R\u00edos, Argentina. Informaci\u00f3n y entretenimiento. Informe Litoral, nos informamos.","sameAs":["http:\/\/www.isletasnoticias.com.ar"],"url":"https:\/\/informelitoral.com.ar\/author\/gonzalo\/"}]}},"_links":{"self":[{"href":"https:\/\/informelitoral.com.ar\/%77%70%2d%6a%73%6f%6e\/wp\/v2\/posts\/12083","targetHints":{"allow":["GET"]}}],"collection":[{"href":"https:\/\/informelitoral.com.ar\/%77%70%2d%6a%73%6f%6e\/wp\/v2\/posts"}],"about":[{"href":"https:\/\/informelitoral.com.ar\/%77%70%2d%6a%73%6f%6e\/wp\/v2\/types\/post"}],"author":[{"embeddable":true,"href":"https:\/\/informelitoral.com.ar\/%77%70%2d%6a%73%6f%6e\/wp\/v2\/users\/2"}],"replies":[{"embeddable":true,"href":"https:\/\/informelitoral.com.ar\/%77%70%2d%6a%73%6f%6e\/wp\/v2\/comments?post=12083"}],"version-history":[{"count":0,"href":"https:\/\/informelitoral.com.ar\/%77%70%2d%6a%73%6f%6e\/wp\/v2\/posts\/12083\/revisions"}],"wp:attachment":[{"href":"https:\/\/informelitoral.com.ar\/%77%70%2d%6a%73%6f%6e\/wp\/v2\/media?parent=12083"}],"wp:term":[{"taxonomy":"category","embeddable":true,"href":"https:\/\/informelitoral.com.ar\/%77%70%2d%6a%73%6f%6e\/wp\/v2\/categories?post=12083"},{"taxonomy":"post_tag","embeddable":true,"href":"https:\/\/informelitoral.com.ar\/%77%70%2d%6a%73%6f%6e\/wp\/v2\/tags?post=12083"}],"curies":[{"name":"wp","href":"https:\/\/api.w.org\/{rel}","templated":true}]}}