{"id":12071,"date":"2015-10-14T08:51:04","date_gmt":"2015-10-14T11:51:04","guid":{"rendered":"http:\/\/www.isletasnoticias.com.ar\/?p=12071"},"modified":"2015-10-14T12:32:29","modified_gmt":"2015-10-14T15:32:29","slug":"chemez-me-tienen-que-votar-porque-bordet-y-bahl-seran-los-ganadores-y-es-una-ventaja-para-isletas","status":"publish","type":"post","link":"https:\/\/informelitoral.com.ar\/chemez-me-tienen-que-votar-porque-bordet-y-bahl-seran-los-ganadores-y-es-una-ventaja-para-isletas\/","title":{"rendered":"Ch\u00e9mez: \u201cMe tienen que votar porque Bordet y Bahl ser\u00e1n los ganadores y es una ventaja para Isletas\u201d"},"content":{"rendered":"<p><strong>El candidato a presidente de la Junta de Gobierno de Isletas, <em>Luis Ch\u00e9mez,<\/em> se mostr\u00f3 confiado en revertir el resultado de las PASO y destac\u00f3 la importancia de que el peronismo gobierne Naci\u00f3n, Provincia y Junta de Gobierno. En declaraciones a <em>IN,<\/em> destac\u00f3 las figuras de <em>Ad\u00e1n Bahl<\/em> y <em>Daniel Kr\u00e4mer<\/em>, mencion\u00f3 algunos proyectos y anunci\u00f3 que tratar\u00e1 de trabajar en conjunto con el radicalismo local, independientemente del resultado electoral.\u00a0<a href=\"http:\/\/www.isletasnoticias.com.ar\/%77%70%2d%63%6f%6e%74%65%6e%74\/uploads\/2015\/10\/12166892_921744954572627_357521409_n.jpg\"><img loading=\"lazy\" decoding=\"async\" class=\"aligncenter size-full wp-image-12072\" src=\"http:\/\/www.isletasnoticias.com.ar\/%77%70%2d%63%6f%6e%74%65%6e%74\/uploads\/2015\/10\/12166892_921744954572627_357521409_n.jpg\" alt=\"12166892_921744954572627_357521409_n\" width=\"960\" height=\"720\" srcset=\"https:\/\/informelitoral.com.ar\/%77%70%2d%63%6f%6e%74%65%6e%74\/uploads\/2015\/10\/12166892_921744954572627_357521409_n.jpg 960w, https:\/\/informelitoral.com.ar\/%77%70%2d%63%6f%6e%74%65%6e%74\/uploads\/2015\/10\/12166892_921744954572627_357521409_n-300x225.jpg 300w\" sizes=\"auto, (max-width: 960px) 100vw, 960px\" \/><\/a><\/strong><\/p>\n<p>El candidato a presidente de la Junta de Gobierno de Isletas, departamento Diamante, por el Frente Justicialista para la Victoria (FJpV), <strong><em>Luis H\u00e9ctor Ch\u00e9mez<\/em><\/strong>, en una entrevista con <strong><em>ISLETAS NOTICIAS,<\/em><\/strong> se mostr\u00f3 esperanzado en que \u00abIsletas va a volver a ser peronista\u00bb. Para ello, deber\u00e1 superar los 49 votos de diferencia con Cambiemos en las PASO. Por otra parte, enumer\u00f3 algunas propuestas y se refiri\u00f3 al cierre de la campa\u00f1a:\u00a0\u201cEs bueno el recibimiento. <u>Nuestro cierre de campa\u00f1a fue una fiesta del peronismo porque ante todo soy peronista<\/u>. Tengo un equipo con el cual trabajamos muy bien y recibimos el apoyo de Daniel (Kr\u00e4mer), lo que es importante\u00bb.<a href=\"http:\/\/www.isletasnoticias.com.ar\/%77%70%2d%63%6f%6e%74%65%6e%74\/uploads\/2015\/10\/12167495_921744981239291_1905434364_n.jpg\"><img loading=\"lazy\" decoding=\"async\" class=\"alignright wp-image-12073 size-medium\" src=\"http:\/\/www.isletasnoticias.com.ar\/%77%70%2d%63%6f%6e%74%65%6e%74\/uploads\/2015\/10\/12167495_921744981239291_1905434364_n-225x300.jpg\" alt=\"12167495_921744981239291_1905434364_n\" width=\"225\" height=\"300\" srcset=\"https:\/\/informelitoral.com.ar\/%77%70%2d%63%6f%6e%74%65%6e%74\/uploads\/2015\/10\/12167495_921744981239291_1905434364_n-225x300.jpg 225w, https:\/\/informelitoral.com.ar\/%77%70%2d%63%6f%6e%74%65%6e%74\/uploads\/2015\/10\/12167495_921744981239291_1905434364_n.jpg 720w\" sizes=\"auto, (max-width: 225px) 100vw, 225px\" \/><\/a><\/p>\n<p><strong>&#8211;\u00bfCu\u00e1les son los principales proyectos del justicialismo?<\/strong><\/p>\n<p>&#8212; Queremos hacer muchas cosas por Isletas. <u>Deseamos traer nuevamente la motoniveladora de Vialidad como uno de nuestros primeros objetivos<\/u> y lo vengo planteando desde hace tiempo. Hay que trabajar en conjunto con Vialidad para seguir mejorando los caminos y al tener una m\u00e1quina en la localidad es una ventaja, porque con el tractor de la Junta de Gobierno no se puede solucionar todo.\u00a0 <u>Hay que trabajar con la juventud para lograr una mayor integraci\u00f3n<\/u>; bajar internet en todas las escuelas, que todav\u00eda no tienen el servicio y que sea abierto, para que cualquier vecino o productor pueda hacer su tr\u00e1mite, para evitar viajes y ahorrar tiempo.<\/p>\n<p><strong>&#8212; En el acto de cierre de campa\u00f1a marcaron la importancia del trabajo Naci\u00f3n &#8211; Provincia &#8211; Departamento &#8211; Junta de Gobierno.<\/strong><\/p>\n<p>&#8212;<u>Siempre va a ser mejor que personas del mismo partido dirijan desde Naci\u00f3n para abajo.<\/u> En lo personal tengo una buena relaci\u00f3n con el ministro Ad\u00e1n Bahl, estuve con \u00e9l como 18 veces y siempre dice que nos acompa\u00f1ar\u00e1n en lo que necesitemos. Es m\u00e1s, como un vecino com\u00fan, a trav\u00e9s del ministro ya hemos conseguido cosas, como el mejorado del camino en la Escuela N\u00b0 20 junto a la Zonal de Vialidad.<\/p>\n<p><strong>&#8212; \u00bfPero se va a terminar la obra de ese camino?<\/strong><\/p>\n<p><strong>&#8212; <\/strong>Si se va a terminar. Sucede que no es ese camino solamente, el departamento es grande y tambi\u00e9n hay que saber esperar. <u>No porque vengan las elecciones hay que hacer todas las obras.<\/u> <u>Siempre suele suceder que antes de los comicios todos piden y todos trabajan, pero hay que hacerlo durante los cuatro a\u00f1os de gobierno.<\/u> Independientemente del gobierno local o provincial que gane, esa obra tiene que terminarse.<\/p>\n<p><strong>&#8212; \u00bfTrabajar\u00e1n en conjunto con el radicalismo, independientemente de quien sea gobierno en Isletas?<\/strong><\/p>\n<p>&#8212; <u>Por supuesto que tiene que haber trabajo en conjunto<\/u>. Vivo en Isletas y <u>voy a seguir trabajando si me toca ganar o perder<\/u>. Si a uno lo tratan bien puede trabajar sin problemas y con Alcides (Wolf) nos conocemos, hemos jugado al f\u00fatbol juntos, vivimos en el mismo lugar y esperemos que se pueda trabajar de buena forma.<\/p>\n<p><strong>&#8212; Parece que se viene una mayor integraci\u00f3n en Isletas\u2026<\/strong><\/p>\n<p>&#8211;Lo \u00fanico que puedo decir es que <u>somos candidatos distintos, pensamos diferente, pero hablando se puede llegar a un acuerdo para trabajar por la gente.<\/u> En mi caso vengo trabajando desde el 2013 y por ah\u00ed les ca\u00ed molesto a algunos integrantes de la Junta, pero fue una ayuda para la gente, hay que pensar en quienes necesitan. <u>Ac\u00e1 los dos partidos podemos necesitar uno del otro para gestionar<\/u>.<\/p>\n<p><strong>&#8212; \u00bfPor qu\u00e9 la gente tiene que votarlo a Luis Ch\u00e9mez?<\/strong><\/p>\n<p>&#8212; <u>Me tienen que votar porque Bordet y Bahl ser\u00e1n los ganadores y es una ventaja para Isletas<\/u> que tenga un gobierno del mismo partido.Vamos a tener lo que pidamos, ese es el compromiso del futuro vicegobernador\u00a0y ya lo demostr\u00f3 porque brind\u00f3 ayudas, como por ejemplo, un freezer para la Escuela N\u00b0 20.\u00a0 <u>Siempre las puertas se abren m\u00e1s r\u00e1pidas cuando uno es del mismo partido<\/u>, eso pasa con todos los gobiernos, no solo con el peronismo.<\/p>\n<p><strong>&#8212; \u00bfGana el Frente para la Victoria en Isletas?<\/strong><\/p>\n<p>&#8212; Si gana. <u>Isletas va a volver a ser peronista<\/u>.<\/p>\n<p><strong>&#8212;\u00a0 \u00bfAlgo m\u00e1s para agregar?<\/strong><\/p>\n<p>&#8212; S\u00ed. Me gustar\u00eda que la gente sepa y vea todo lo que se ha trabajado con <u>Daniel Kr\u00e4mer. Es el primer senador que ha caminado todo el departamento, nadie puede decir lo contrario.<\/u> Estuvo en las ciudades m\u00e1s grandes como en los peque\u00f1os lugares y siempre lo voy a defender porque cuando le ped\u00ed cosas cumpli\u00f3. Carlos Darrich\u00f3n tambi\u00e9n siempre est\u00e1 presente y brind\u00f3 varias ayudas. Desde Naci\u00f3n algunas escuelas recibieron diferentes aportes, <u>hay muchas cosas que no se saben y no hay que esconderlas<\/u>. No est\u00e1 todo mal, por eso son importantes los medios de comunicaci\u00f3n locales como Isletas Noticias para que se sepan algunas cosas. <u>Una promesa es informar todo lo que hagamos y dar nombres de quienes son los beneficiarios<\/u>.<\/p>\n","protected":false},"excerpt":{"rendered":"<p>El candidato a presidente de la Junta de Gobierno de Isletas, Luis Ch&eacute;mez, se mostr&oacute; confiado en revertir el resultado de las PASO y destac&oacute; la importancia de que el peronismo gobierne Naci&oacute;n, Provincia y Junta de Gobierno. En declaraciones a IN, destac&oacute; las figuras de Ad&aacute;n Bahl y Daniel Kr&auml;mer, mencion&oacute; algunos proyectos y [&hellip;]<\/p>\n","protected":false},"author":2,"featured_media":0,"comment_status":"open","ping_status":"open","sticky":false,"template":"","format":"standard","meta":{"fifu_image_url":"","fifu_image_alt":"","footnotes":""},"categories":[4,16],"tags":[],"class_list":{"0":"post-12071","1":"post","2":"type-post","3":"status-publish","4":"format-standard","6":"category-locales","7":"category-politi"},"yoast_head":"<title>Ch\u00e9mez: \u201cMe tienen que votar porque Bordet y Bahl ser\u00e1n los ganadores y es una ventaja para Isletas\u201d - Informe Litoral<\/title>\n<meta name=\"robots\" content=\"index, follow, max-snippet:-1, max-image-preview:large, max-video-preview:-1\" \/>\n<link rel=\"canonical\" href=\"https:\/\/informelitoral.com.ar\/chemez-me-tienen-que-votar-porque-bordet-y-bahl-seran-los-ganadores-y-es-una-ventaja-para-isletas\/\" \/>\n<meta property=\"og:locale\" content=\"es_ES\" \/>\n<meta property=\"og:type\" content=\"article\" \/>\n<meta property=\"og:title\" content=\"Ch\u00e9mez: \u201cMe tienen que votar porque Bordet y Bahl ser\u00e1n los ganadores y es una ventaja para Isletas\u201d - Informe Litoral\" \/>\n<meta property=\"og:description\" content=\"El candidato a presidente de la Junta de Gobierno de Isletas, Luis Ch&eacute;mez, se mostr&oacute; confiado en revertir el resultado de las PASO y destac&oacute; la importancia de que el peronismo gobierne Naci&oacute;n, Provincia y Junta de Gobierno. En declaraciones a IN, destac&oacute; las figuras de Ad&aacute;n Bahl y Daniel Kr&auml;mer, mencion&oacute; algunos proyectos y [&hellip;]\" \/>\n<meta property=\"og:url\" content=\"https:\/\/informelitoral.com.ar\/chemez-me-tienen-que-votar-porque-bordet-y-bahl-seran-los-ganadores-y-es-una-ventaja-para-isletas\/\" \/>\n<meta property=\"og:site_name\" content=\"Informe Litoral\" \/>\n<meta property=\"article:publisher\" content=\"https:\/\/www.facebook.com\/informelitoral\/\" \/>\n<meta property=\"article:published_time\" content=\"2015-10-14T11:51:04+00:00\" \/>\n<meta property=\"article:modified_time\" content=\"2015-10-14T15:32:29+00:00\" \/>\n<meta property=\"og:image\" content=\"https:\/\/informelitoral.com.ar\/%77%70%2d%63%6f%6e%74%65%6e%74\/uploads\/2015\/10\/12166892_921744954572627_357521409_n.jpg\" \/>\n\t<meta property=\"og:image:width\" content=\"960\" \/>\n\t<meta property=\"og:image:height\" content=\"720\" \/>\n\t<meta property=\"og:image:type\" content=\"image\/jpeg\" \/>\n<meta name=\"author\" content=\"Gonzalo Schmidt\" \/>\n<meta name=\"twitter:card\" content=\"summary_large_image\" \/>\n<meta name=\"twitter:creator\" content=\"@InformeLitoral\" \/>\n<meta name=\"twitter:site\" content=\"@InformeLitoral\" \/>\n<meta name=\"twitter:label1\" content=\"Escrito por\" \/>\n\t<meta name=\"twitter:data1\" content=\"Gonzalo Schmidt\" \/>\n\t<meta name=\"twitter:label2\" content=\"Tiempo de lectura\" \/>\n\t<meta name=\"twitter:data2\" content=\"4 minutos\" \/>\n<script type=\"application\/ld+json\" class=\"yoast-schema-graph\">{\"@context\":\"https:\\\/\\\/schema.org\",\"@graph\":[{\"@type\":\"Article\",\"@id\":\"https:\\\/\\\/informelitoral.com.ar\\\/chemez-me-tienen-que-votar-porque-bordet-y-bahl-seran-los-ganadores-y-es-una-ventaja-para-isletas\\\/#article\",\"isPartOf\":{\"@id\":\"https:\\\/\\\/informelitoral.com.ar\\\/chemez-me-tienen-que-votar-porque-bordet-y-bahl-seran-los-ganadores-y-es-una-ventaja-para-isletas\\\/\"},\"author\":{\"name\":\"Gonzalo Schmidt\",\"@id\":\"https:\\\/\\\/informelitoral.com.ar\\\/#\\\/schema\\\/person\\\/b9d00407c836482871ef1d57bf8e3180\"},\"headline\":\"Ch\u00e9mez: \u201cMe tienen que votar porque Bordet y Bahl ser\u00e1n los ganadores y es una ventaja para Isletas\u201d\",\"datePublished\":\"2015-10-14T11:51:04+00:00\",\"dateModified\":\"2015-10-14T15:32:29+00:00\",\"mainEntityOfPage\":{\"@id\":\"https:\\\/\\\/informelitoral.com.ar\\\/chemez-me-tienen-que-votar-porque-bordet-y-bahl-seran-los-ganadores-y-es-una-ventaja-para-isletas\\\/\"},\"wordCount\":916,\"commentCount\":0,\"publisher\":{\"@id\":\"https:\\\/\\\/informelitoral.com.ar\\\/#organization\"},\"image\":{\"@id\":\"https:\\\/\\\/informelitoral.com.ar\\\/chemez-me-tienen-que-votar-porque-bordet-y-bahl-seran-los-ganadores-y-es-una-ventaja-para-isletas\\\/#primaryimage\"},\"thumbnailUrl\":\"http:\\\/\\\/www.isletasnoticias.com.ar\\\/%77%70%2d%63%6f%6e%74%65%6e%74\\\/uploads\\\/2015\\\/10\\\/12166892_921744954572627_357521409_n.jpg\",\"articleSection\":[\"Isletas\",\"Politica\"],\"inLanguage\":\"es\",\"potentialAction\":[{\"@type\":\"CommentAction\",\"name\":\"Comment\",\"target\":[\"https:\\\/\\\/informelitoral.com.ar\\\/chemez-me-tienen-que-votar-porque-bordet-y-bahl-seran-los-ganadores-y-es-una-ventaja-para-isletas\\\/#respond\"]}]},{\"@type\":\"WebPage\",\"@id\":\"https:\\\/\\\/informelitoral.com.ar\\\/chemez-me-tienen-que-votar-porque-bordet-y-bahl-seran-los-ganadores-y-es-una-ventaja-para-isletas\\\/\",\"url\":\"https:\\\/\\\/informelitoral.com.ar\\\/chemez-me-tienen-que-votar-porque-bordet-y-bahl-seran-los-ganadores-y-es-una-ventaja-para-isletas\\\/\",\"name\":\"Ch\u00e9mez: \u201cMe tienen que votar porque Bordet y Bahl ser\u00e1n los ganadores y es una ventaja para Isletas\u201d - Informe Litoral\",\"isPartOf\":{\"@id\":\"https:\\\/\\\/informelitoral.com.ar\\\/#website\"},\"primaryImageOfPage\":{\"@id\":\"https:\\\/\\\/informelitoral.com.ar\\\/chemez-me-tienen-que-votar-porque-bordet-y-bahl-seran-los-ganadores-y-es-una-ventaja-para-isletas\\\/#primaryimage\"},\"image\":{\"@id\":\"https:\\\/\\\/informelitoral.com.ar\\\/chemez-me-tienen-que-votar-porque-bordet-y-bahl-seran-los-ganadores-y-es-una-ventaja-para-isletas\\\/#primaryimage\"},\"thumbnailUrl\":\"http:\\\/\\\/www.isletasnoticias.com.ar\\\/%77%70%2d%63%6f%6e%74%65%6e%74\\\/uploads\\\/2015\\\/10\\\/12166892_921744954572627_357521409_n.jpg\",\"datePublished\":\"2015-10-14T11:51:04+00:00\",\"dateModified\":\"2015-10-14T15:32:29+00:00\",\"breadcrumb\":{\"@id\":\"https:\\\/\\\/informelitoral.com.ar\\\/chemez-me-tienen-que-votar-porque-bordet-y-bahl-seran-los-ganadores-y-es-una-ventaja-para-isletas\\\/#breadcrumb\"},\"inLanguage\":\"es\",\"potentialAction\":[{\"@type\":\"ReadAction\",\"target\":[\"https:\\\/\\\/informelitoral.com.ar\\\/chemez-me-tienen-que-votar-porque-bordet-y-bahl-seran-los-ganadores-y-es-una-ventaja-para-isletas\\\/\"]}]},{\"@type\":\"ImageObject\",\"inLanguage\":\"es\",\"@id\":\"https:\\\/\\\/informelitoral.com.ar\\\/chemez-me-tienen-que-votar-porque-bordet-y-bahl-seran-los-ganadores-y-es-una-ventaja-para-isletas\\\/#primaryimage\",\"url\":\"http:\\\/\\\/www.isletasnoticias.com.ar\\\/%77%70%2d%63%6f%6e%74%65%6e%74\\\/uploads\\\/2015\\\/10\\\/12166892_921744954572627_357521409_n.jpg\",\"contentUrl\":\"http:\\\/\\\/www.isletasnoticias.com.ar\\\/%77%70%2d%63%6f%6e%74%65%6e%74\\\/uploads\\\/2015\\\/10\\\/12166892_921744954572627_357521409_n.jpg\"},{\"@type\":\"BreadcrumbList\",\"@id\":\"https:\\\/\\\/informelitoral.com.ar\\\/chemez-me-tienen-que-votar-porque-bordet-y-bahl-seran-los-ganadores-y-es-una-ventaja-para-isletas\\\/#breadcrumb\",\"itemListElement\":[{\"@type\":\"ListItem\",\"position\":1,\"name\":\"Portada\",\"item\":\"https:\\\/\\\/informelitoral.com.ar\\\/\"},{\"@type\":\"ListItem\",\"position\":2,\"name\":\"Ch\u00e9mez: \u201cMe tienen que votar porque Bordet y Bahl ser\u00e1n los ganadores y es una ventaja para Isletas\u201d\"}]},{\"@type\":\"WebSite\",\"@id\":\"https:\\\/\\\/informelitoral.com.ar\\\/#website\",\"url\":\"https:\\\/\\\/informelitoral.com.ar\\\/\",\"name\":\"Informe Litoral\",\"description\":\"&quot;Nos informamos&quot; \",\"publisher\":{\"@id\":\"https:\\\/\\\/informelitoral.com.ar\\\/#organization\"},\"potentialAction\":[{\"@type\":\"SearchAction\",\"target\":{\"@type\":\"EntryPoint\",\"urlTemplate\":\"https:\\\/\\\/informelitoral.com.ar\\\/?s={search_term_string}\"},\"query-input\":{\"@type\":\"PropertyValueSpecification\",\"valueRequired\":true,\"valueName\":\"search_term_string\"}}],\"inLanguage\":\"es\"},{\"@type\":\"Organization\",\"@id\":\"https:\\\/\\\/informelitoral.com.ar\\\/#organization\",\"name\":\"Informe Litoral\",\"url\":\"https:\\\/\\\/informelitoral.com.ar\\\/\",\"logo\":{\"@type\":\"ImageObject\",\"inLanguage\":\"es\",\"@id\":\"https:\\\/\\\/informelitoral.com.ar\\\/#\\\/schema\\\/logo\\\/image\\\/\",\"url\":\"https:\\\/\\\/informelitoral.com.ar\\\/%77%70%2d%63%6f%6e%74%65%6e%74\\\/uploads\\\/2021\\\/01\\\/circulo.png\",\"contentUrl\":\"https:\\\/\\\/informelitoral.com.ar\\\/%77%70%2d%63%6f%6e%74%65%6e%74\\\/uploads\\\/2021\\\/01\\\/circulo.png\",\"width\":723,\"height\":731,\"caption\":\"Informe Litoral\"},\"image\":{\"@id\":\"https:\\\/\\\/informelitoral.com.ar\\\/#\\\/schema\\\/logo\\\/image\\\/\"},\"sameAs\":[\"https:\\\/\\\/www.facebook.com\\\/informelitoral\\\/\",\"https:\\\/\\\/x.com\\\/InformeLitoral\",\"https:\\\/\\\/www.instagram.com\\\/informelitoral\\\/\",\"https:\\\/\\\/www.youtube.com\\\/channel\\\/UCua4Qvz8Icb6MYqhoq9xLXw\"]},{\"@type\":\"Person\",\"@id\":\"https:\\\/\\\/informelitoral.com.ar\\\/#\\\/schema\\\/person\\\/b9d00407c836482871ef1d57bf8e3180\",\"name\":\"Gonzalo Schmidt\",\"image\":{\"@type\":\"ImageObject\",\"inLanguage\":\"es\",\"@id\":\"https:\\\/\\\/secure.gravatar.com\\\/avatar\\\/31a1a7b66ff2de83bd0e9fd79d026630d2d99e55e8bfe501287647b4fd9743de?s=96&d=mm&r=g\",\"url\":\"https:\\\/\\\/secure.gravatar.com\\\/avatar\\\/31a1a7b66ff2de83bd0e9fd79d026630d2d99e55e8bfe501287647b4fd9743de?s=96&d=mm&r=g\",\"contentUrl\":\"https:\\\/\\\/secure.gravatar.com\\\/avatar\\\/31a1a7b66ff2de83bd0e9fd79d026630d2d99e55e8bfe501287647b4fd9743de?s=96&d=mm&r=g\",\"caption\":\"Gonzalo Schmidt\"},\"description\":\"Sitio web de noticias de la provincia de Entre R\u00edos, Argentina. Informaci\u00f3n y entretenimiento. Informe Litoral, nos informamos.\",\"sameAs\":[\"http:\\\/\\\/www.isletasnoticias.com.ar\"],\"url\":\"https:\\\/\\\/informelitoral.com.ar\\\/author\\\/gonzalo\\\/\"}]}<\/script>","yoast_head_json":{"title":"Ch\u00e9mez: \u201cMe tienen que votar porque Bordet y Bahl ser\u00e1n los ganadores y es una ventaja para Isletas\u201d - Informe Litoral","robots":{"index":"index","follow":"follow","max-snippet":"max-snippet:-1","max-image-preview":"max-image-preview:large","max-video-preview":"max-video-preview:-1"},"canonical":"https:\/\/informelitoral.com.ar\/chemez-me-tienen-que-votar-porque-bordet-y-bahl-seran-los-ganadores-y-es-una-ventaja-para-isletas\/","og_locale":"es_ES","og_type":"article","og_title":"Ch\u00e9mez: \u201cMe tienen que votar porque Bordet y Bahl ser\u00e1n los ganadores y es una ventaja para Isletas\u201d - Informe Litoral","og_description":"El candidato a presidente de la Junta de Gobierno de Isletas, Luis Ch&eacute;mez, se mostr&oacute; confiado en revertir el resultado de las PASO y destac&oacute; la importancia de que el peronismo gobierne Naci&oacute;n, Provincia y Junta de Gobierno. En declaraciones a IN, destac&oacute; las figuras de Ad&aacute;n Bahl y Daniel Kr&auml;mer, mencion&oacute; algunos proyectos y [&hellip;]","og_url":"https:\/\/informelitoral.com.ar\/chemez-me-tienen-que-votar-porque-bordet-y-bahl-seran-los-ganadores-y-es-una-ventaja-para-isletas\/","og_site_name":"Informe Litoral","article_publisher":"https:\/\/www.facebook.com\/informelitoral\/","article_published_time":"2015-10-14T11:51:04+00:00","article_modified_time":"2015-10-14T15:32:29+00:00","og_image":[{"width":960,"height":720,"url":"https:\/\/informelitoral.com.ar\/%77%70%2d%63%6f%6e%74%65%6e%74\/uploads\/2015\/10\/12166892_921744954572627_357521409_n.jpg","type":"image\/jpeg"}],"author":"Gonzalo Schmidt","twitter_card":"summary_large_image","twitter_creator":"@InformeLitoral","twitter_site":"@InformeLitoral","twitter_misc":{"Escrito por":"Gonzalo Schmidt","Tiempo de lectura":"4 minutos"},"schema":{"@context":"https:\/\/schema.org","@graph":[{"@type":"Article","@id":"https:\/\/informelitoral.com.ar\/chemez-me-tienen-que-votar-porque-bordet-y-bahl-seran-los-ganadores-y-es-una-ventaja-para-isletas\/#article","isPartOf":{"@id":"https:\/\/informelitoral.com.ar\/chemez-me-tienen-que-votar-porque-bordet-y-bahl-seran-los-ganadores-y-es-una-ventaja-para-isletas\/"},"author":{"name":"Gonzalo Schmidt","@id":"https:\/\/informelitoral.com.ar\/#\/schema\/person\/b9d00407c836482871ef1d57bf8e3180"},"headline":"Ch\u00e9mez: \u201cMe tienen que votar porque Bordet y Bahl ser\u00e1n los ganadores y es una ventaja para Isletas\u201d","datePublished":"2015-10-14T11:51:04+00:00","dateModified":"2015-10-14T15:32:29+00:00","mainEntityOfPage":{"@id":"https:\/\/informelitoral.com.ar\/chemez-me-tienen-que-votar-porque-bordet-y-bahl-seran-los-ganadores-y-es-una-ventaja-para-isletas\/"},"wordCount":916,"commentCount":0,"publisher":{"@id":"https:\/\/informelitoral.com.ar\/#organization"},"image":{"@id":"https:\/\/informelitoral.com.ar\/chemez-me-tienen-que-votar-porque-bordet-y-bahl-seran-los-ganadores-y-es-una-ventaja-para-isletas\/#primaryimage"},"thumbnailUrl":"http:\/\/www.isletasnoticias.com.ar\/%77%70%2d%63%6f%6e%74%65%6e%74\/uploads\/2015\/10\/12166892_921744954572627_357521409_n.jpg","articleSection":["Isletas","Politica"],"inLanguage":"es","potentialAction":[{"@type":"CommentAction","name":"Comment","target":["https:\/\/informelitoral.com.ar\/chemez-me-tienen-que-votar-porque-bordet-y-bahl-seran-los-ganadores-y-es-una-ventaja-para-isletas\/#respond"]}]},{"@type":"WebPage","@id":"https:\/\/informelitoral.com.ar\/chemez-me-tienen-que-votar-porque-bordet-y-bahl-seran-los-ganadores-y-es-una-ventaja-para-isletas\/","url":"https:\/\/informelitoral.com.ar\/chemez-me-tienen-que-votar-porque-bordet-y-bahl-seran-los-ganadores-y-es-una-ventaja-para-isletas\/","name":"Ch\u00e9mez: \u201cMe tienen que votar porque Bordet y Bahl ser\u00e1n los ganadores y es una ventaja para Isletas\u201d - Informe Litoral","isPartOf":{"@id":"https:\/\/informelitoral.com.ar\/#website"},"primaryImageOfPage":{"@id":"https:\/\/informelitoral.com.ar\/chemez-me-tienen-que-votar-porque-bordet-y-bahl-seran-los-ganadores-y-es-una-ventaja-para-isletas\/#primaryimage"},"image":{"@id":"https:\/\/informelitoral.com.ar\/chemez-me-tienen-que-votar-porque-bordet-y-bahl-seran-los-ganadores-y-es-una-ventaja-para-isletas\/#primaryimage"},"thumbnailUrl":"http:\/\/www.isletasnoticias.com.ar\/%77%70%2d%63%6f%6e%74%65%6e%74\/uploads\/2015\/10\/12166892_921744954572627_357521409_n.jpg","datePublished":"2015-10-14T11:51:04+00:00","dateModified":"2015-10-14T15:32:29+00:00","breadcrumb":{"@id":"https:\/\/informelitoral.com.ar\/chemez-me-tienen-que-votar-porque-bordet-y-bahl-seran-los-ganadores-y-es-una-ventaja-para-isletas\/#breadcrumb"},"inLanguage":"es","potentialAction":[{"@type":"ReadAction","target":["https:\/\/informelitoral.com.ar\/chemez-me-tienen-que-votar-porque-bordet-y-bahl-seran-los-ganadores-y-es-una-ventaja-para-isletas\/"]}]},{"@type":"ImageObject","inLanguage":"es","@id":"https:\/\/informelitoral.com.ar\/chemez-me-tienen-que-votar-porque-bordet-y-bahl-seran-los-ganadores-y-es-una-ventaja-para-isletas\/#primaryimage","url":"http:\/\/www.isletasnoticias.com.ar\/%77%70%2d%63%6f%6e%74%65%6e%74\/uploads\/2015\/10\/12166892_921744954572627_357521409_n.jpg","contentUrl":"http:\/\/www.isletasnoticias.com.ar\/%77%70%2d%63%6f%6e%74%65%6e%74\/uploads\/2015\/10\/12166892_921744954572627_357521409_n.jpg"},{"@type":"BreadcrumbList","@id":"https:\/\/informelitoral.com.ar\/chemez-me-tienen-que-votar-porque-bordet-y-bahl-seran-los-ganadores-y-es-una-ventaja-para-isletas\/#breadcrumb","itemListElement":[{"@type":"ListItem","position":1,"name":"Portada","item":"https:\/\/informelitoral.com.ar\/"},{"@type":"ListItem","position":2,"name":"Ch\u00e9mez: \u201cMe tienen que votar porque Bordet y Bahl ser\u00e1n los ganadores y es una ventaja para Isletas\u201d"}]},{"@type":"WebSite","@id":"https:\/\/informelitoral.com.ar\/#website","url":"https:\/\/informelitoral.com.ar\/","name":"Informe Litoral","description":"&quot;Nos informamos&quot; ","publisher":{"@id":"https:\/\/informelitoral.com.ar\/#organization"},"potentialAction":[{"@type":"SearchAction","target":{"@type":"EntryPoint","urlTemplate":"https:\/\/informelitoral.com.ar\/?s={search_term_string}"},"query-input":{"@type":"PropertyValueSpecification","valueRequired":true,"valueName":"search_term_string"}}],"inLanguage":"es"},{"@type":"Organization","@id":"https:\/\/informelitoral.com.ar\/#organization","name":"Informe Litoral","url":"https:\/\/informelitoral.com.ar\/","logo":{"@type":"ImageObject","inLanguage":"es","@id":"https:\/\/informelitoral.com.ar\/#\/schema\/logo\/image\/","url":"https:\/\/informelitoral.com.ar\/%77%70%2d%63%6f%6e%74%65%6e%74\/uploads\/2021\/01\/circulo.png","contentUrl":"https:\/\/informelitoral.com.ar\/%77%70%2d%63%6f%6e%74%65%6e%74\/uploads\/2021\/01\/circulo.png","width":723,"height":731,"caption":"Informe Litoral"},"image":{"@id":"https:\/\/informelitoral.com.ar\/#\/schema\/logo\/image\/"},"sameAs":["https:\/\/www.facebook.com\/informelitoral\/","https:\/\/x.com\/InformeLitoral","https:\/\/www.instagram.com\/informelitoral\/","https:\/\/www.youtube.com\/channel\/UCua4Qvz8Icb6MYqhoq9xLXw"]},{"@type":"Person","@id":"https:\/\/informelitoral.com.ar\/#\/schema\/person\/b9d00407c836482871ef1d57bf8e3180","name":"Gonzalo Schmidt","image":{"@type":"ImageObject","inLanguage":"es","@id":"https:\/\/secure.gravatar.com\/avatar\/31a1a7b66ff2de83bd0e9fd79d026630d2d99e55e8bfe501287647b4fd9743de?s=96&d=mm&r=g","url":"https:\/\/secure.gravatar.com\/avatar\/31a1a7b66ff2de83bd0e9fd79d026630d2d99e55e8bfe501287647b4fd9743de?s=96&d=mm&r=g","contentUrl":"https:\/\/secure.gravatar.com\/avatar\/31a1a7b66ff2de83bd0e9fd79d026630d2d99e55e8bfe501287647b4fd9743de?s=96&d=mm&r=g","caption":"Gonzalo Schmidt"},"description":"Sitio web de noticias de la provincia de Entre R\u00edos, Argentina. Informaci\u00f3n y entretenimiento. Informe Litoral, nos informamos.","sameAs":["http:\/\/www.isletasnoticias.com.ar"],"url":"https:\/\/informelitoral.com.ar\/author\/gonzalo\/"}]}},"_links":{"self":[{"href":"https:\/\/informelitoral.com.ar\/%77%70%2d%6a%73%6f%6e\/wp\/v2\/posts\/12071","targetHints":{"allow":["GET"]}}],"collection":[{"href":"https:\/\/informelitoral.com.ar\/%77%70%2d%6a%73%6f%6e\/wp\/v2\/posts"}],"about":[{"href":"https:\/\/informelitoral.com.ar\/%77%70%2d%6a%73%6f%6e\/wp\/v2\/types\/post"}],"author":[{"embeddable":true,"href":"https:\/\/informelitoral.com.ar\/%77%70%2d%6a%73%6f%6e\/wp\/v2\/users\/2"}],"replies":[{"embeddable":true,"href":"https:\/\/informelitoral.com.ar\/%77%70%2d%6a%73%6f%6e\/wp\/v2\/comments?post=12071"}],"version-history":[{"count":0,"href":"https:\/\/informelitoral.com.ar\/%77%70%2d%6a%73%6f%6e\/wp\/v2\/posts\/12071\/revisions"}],"wp:attachment":[{"href":"https:\/\/informelitoral.com.ar\/%77%70%2d%6a%73%6f%6e\/wp\/v2\/media?parent=12071"}],"wp:term":[{"taxonomy":"category","embeddable":true,"href":"https:\/\/informelitoral.com.ar\/%77%70%2d%6a%73%6f%6e\/wp\/v2\/categories?post=12071"},{"taxonomy":"post_tag","embeddable":true,"href":"https:\/\/informelitoral.com.ar\/%77%70%2d%6a%73%6f%6e\/wp\/v2\/tags?post=12071"}],"curies":[{"name":"wp","href":"https:\/\/api.w.org\/{rel}","templated":true}]}}