{"id":12066,"date":"2015-10-13T23:32:50","date_gmt":"2015-10-14T02:32:50","guid":{"rendered":"http:\/\/www.isletasnoticias.com.ar\/?p=12066"},"modified":"2015-10-13T23:32:50","modified_gmt":"2015-10-14T02:32:50","slug":"el-poder-de-urribarri-con-scioli-manejaria-51-000-millones-y-mas","status":"publish","type":"post","link":"https:\/\/informelitoral.com.ar\/el-poder-de-urribarri-con-scioli-manejaria-51-000-millones-y-mas\/","title":{"rendered":"El poder de Urribarri con Scioli: manejar\u00eda $51.000 millones y m\u00e1s"},"content":{"rendered":"<p><strong>Si el bonaerense llega a la presidencia el gobernador asumir\u00e1 como ministro del Interior. El ministerio tuvo un presupuesto de $45.000 millones este 2015 y tiene presupuestado m\u00e1s de 51.000 millones para 2016. Atribuciones del cargo.<a href=\"http:\/\/www.isletasnoticias.com.ar\/%77%70%2d%63%6f%6e%74%65%6e%74\/uploads\/2015\/10\/urribarri-scioli.jpg\"><img loading=\"lazy\" decoding=\"async\" class=\"aligncenter wp-image-12067 size-medium\" src=\"http:\/\/www.isletasnoticias.com.ar\/%77%70%2d%63%6f%6e%74%65%6e%74\/uploads\/2015\/10\/urribarri-scioli-300x193.jpg\" alt=\"urribarri-scioli\" width=\"300\" height=\"193\" srcset=\"https:\/\/informelitoral.com.ar\/%77%70%2d%63%6f%6e%74%65%6e%74\/uploads\/2015\/10\/urribarri-scioli-300x193.jpg 300w, https:\/\/informelitoral.com.ar\/%77%70%2d%63%6f%6e%74%65%6e%74\/uploads\/2015\/10\/urribarri-scioli.jpg 623w\" sizes=\"auto, (max-width: 300px) 100vw, 300px\" \/><\/a><\/strong><\/p>\n<p>Si <strong>Daniel Scioli<\/strong> llega a la Rosada, el gobernador de Entre R\u00edos <strong>Sergio Urribarri<\/strong> se convertir\u00e1 en ministro del Interior y Transporte, actual cargo que ostenta <strong>Florencio Randazzo.\u00a0<\/strong><br \/>\nEste martes fue el propio Scioli quien confirm\u00f3 que quiere al mandatario provincial en su Gabinete. El ministerio del Interior cuenta en la actualidad con una abultado presupuesto: 45.074 millones de pesos en 2015, que representan un 3,3% del presupuesto nacional.<\/p>\n<p>Sin embargo esa cifra ser\u00e1 mayor el a\u00f1o que viene, ya que el Presupuesto 2016 -que espera ser aprobado en el Senado-, fija una suma de $51.105 millones para esa cartera, seg\u00fan se publica en el sitio del Ministerio de Econom\u00eda.<\/p>\n<p>El ministerio del Interior es uno de los que m\u00e1s presupuestos tiene. Se ubica en el s\u00e9ptimo lugar \u2013seg\u00fan el Presupuesto 2016-, detr\u00e1s del ministerio de Trabajo (647.178,9), Planificaci\u00f3n (161.912,6), Desarrollo Social (90.787,4), Educaci\u00f3n (82.904,0), Seguridad (74.437,3), y Econom\u00eda (67. 784, 2).<\/p>\n<p><b>Atribuciones del ministerio del Interior<\/b><br \/>\nEn la ley de Ministerios, sancionada el 5 de Diciembre de 2007, se indican la gran cantidad de atribuciones del ministro del Interior.<\/p>\n<p>El art\u00edculo 17 de dicha ley, se\u00f1ala que \u201ccompete al Ministerio del Interior y Transporte asistir al Presidente de la Naci\u00f3n, y al Jefe de Gabinete de Ministros, en orden a sus competencias, en todo lo inherente al gobierno pol\u00edtico interno y al ejercicio pleno de los principios y garant\u00edas constitucionales, asegurando y preservando el r\u00e9gimen republicano, representativo y federal, as\u00ed como en todo lo concerniente al Transporte, y en particular:<\/p>\n<p>\u2022 Entender en la determinaci\u00f3n de los objetivos y pol\u00edticas del \u00e1rea de su competencia.<\/p>\n<p>\u2022 Ejecutar los planes, programas y proyectos del \u00e1rea de su competencia elaborados conforme las directivas que imparta el Poder Ejecutivo nacional.<\/p>\n<p>\u2022 Entender en las cuestiones institucionales en que est\u00e9n en juego los derechos y garant\u00edas de los habitantes de la Rep\u00fablica, y en lo relacionado con la declaraci\u00f3n del estado de sitio y sus efectos.<\/p>\n<p>\u2022 Entender en las propuestas de reforma de la Constituci\u00f3n Nacional y en las relacionadas con las Convenciones que se re\u00fanan al efecto.<\/p>\n<p>\u2022 Entender en las relaciones y en el desenvolvimiento con los gobiernos de las provincias y el de la Ciudad de Buenos Aires, y en las relaciones y cuestiones interjurisdiccionales y coordinar pol\u00edticas que coadyuven y fomenten la formaci\u00f3n de regiones en el territorio nacional, a los fines establecidos en el art\u00edculo 124 de la Constituci\u00f3n Nacional.<\/p>\n<p>\u2022 Intervenir en la elaboraci\u00f3n de la legislaci\u00f3n nacional cuando sea necesario coordinar normas federales y provinciales.<\/p>\n<p>\u2022 Participar en la evaluaci\u00f3n de la estructura econ\u00f3mica-financiera de los estados provinciales y regiones del pa\u00eds, para estar en condiciones de asistir a los mismos.<\/p>\n<p>\u2022 Entender en la implementaci\u00f3n y coordinaci\u00f3n de las pol\u00edticas y acciones tendientes a propiciar la descentralizaci\u00f3n en los gobiernos municipales.<\/p>\n<p>\u2022 Entender, a los efectos prescriptos en los art\u00edculos 37, 38, 39 y 40 de la Constituci\u00f3n Nacional, en lo relacionado con el ejercicio de los derechos pol\u00edticos de los ciudadanos, al r\u00e9gimen electoral, al de los partidos pol\u00edticos y su financiamiento, al derecho de iniciativa y a la consulta popular.<\/p>\n<p>\u2022 Entender en lo relacionado con la programaci\u00f3n y ejecuci\u00f3n de la legislaci\u00f3n electoral, el empadronamiento de los ciudadanos, la organizaci\u00f3n, conducci\u00f3n y control del Registro Nacional de las Personas y las leyes de amnist\u00edas pol\u00edticas.<\/p>\n<p>\u2022 Intervenir en lo relativo a la concesi\u00f3n del derecho de asilo.<\/p>\n<p>\u2022 Entender en lo atinente a la nacionalidad, derechos y obligaciones de los extranjeros y su asimilaci\u00f3n e integraci\u00f3n con la comunidad nacional.<br \/>\n\u2022 Entender en la supervisi\u00f3n del Archivo General de la Naci\u00f3n.<\/p>\n<p>\u2022 Entender en la coordinaci\u00f3n de las acciones tendientes a solucionar situaciones extraordinarias o emergencias que se produzcan en el territorio de la Naci\u00f3n.<\/p>\n<p>\u2022 Entender en los actos de car\u00e1cter patri\u00f3tico, efem\u00e9rides, feriados, custodia de emblemas y s\u00edmbolos nacionales, uso de emblemas y s\u00edmbolos extranjeros e intervenir en lo relativo a la erecci\u00f3n y emplazamiento de monumentos.<\/p>\n<p>\u2022 Intervenir en el r\u00e9gimen jur\u00eddico de las aguas de los r\u00edos interprovinciales y sus afluentes.<\/p>\n<p>\u2022 Entender en la elaboraci\u00f3n y aplicaci\u00f3n de las normas que rijan lo inherente a migraciones internas y externas y en el otorgamiento de la condici\u00f3n de refugiado.<\/p>\n<p>\u2022 Intervenir en la creaci\u00f3n de condiciones favorables para afincar n\u00facleos de poblaci\u00f3n en zonas de baja densidad demogr\u00e1fica y de inter\u00e9s geopol\u00edtico.<\/p>\n<p>\u2022 Intervenir en la elaboraci\u00f3n de las pol\u00edticas para el desarrollo de las \u00e1reas y zonas de frontera y entender en su ejecuci\u00f3n en el \u00e1rea de su competencia.<\/p>\n<p>\u2022 Entender en la intervenci\u00f3n del Gobierno Federal en las provincias y en la Ciudad de Buenos Aires.<\/p>\n<p>\u2022 Entender en la aplicaci\u00f3n de la Ley N\u00b0 22.352 y el Decreto Ley N\u00b0 15.385 (Ley N\u00b0 12.913) en todo lo relacionado con la preservaci\u00f3n de la seguridad de las \u00e1reas y zonas de frontera.<\/p>\n<p>\u2022 Intervenir, juntamente con las \u00e1reas competentes, en la gesti\u00f3n, elaboraci\u00f3n, ejecuci\u00f3n y supervisi\u00f3n de pol\u00edticas de acciones tendientes a optimizar el funcionamiento arm\u00f3nico de los espacios integrados a los efectos previstos en los art\u00edculos 75, inciso 24, y 124 de la Constituci\u00f3n Nacional.<\/p>\n<p>\u2022 Coordinar y ejecutar las acciones de prevenci\u00f3n y respuesta requeridas para la protecci\u00f3n civil de los habitantes ante hechos del hombre y de la naturaleza.<\/p>\n<p>\u2022 Elaborar las medidas necesarias para el cumplimiento de las pol\u00edticas que hacen a la protecci\u00f3n de la comunidad colaborando con los entes nacionales, provinciales o privados, frente a desastres naturales o causados por el hombre, y a il\u00edcitos que por naturaleza sean de su competencia.<\/p>\n<p>\u2022 Coordinar el Sistema Federal de Emergencias (SIFEM) creado por el Decreto N\u00b0 1250 del 28 de octubre de 1999.<\/p>\n<p>\u2022 Entender en la elaboraci\u00f3n y aplicaci\u00f3n de pol\u00edticas estrat\u00e9gicas de armonizaci\u00f3n federal, la coordinaci\u00f3n nacional, la registraci\u00f3n y sistematizaci\u00f3n de datos relativos al Sistema Nacional de la Seguridad Vial; concertar con las respectivas jurisdicciones las medidas tendientes al efectivo cumplimiento de las funciones de prevenci\u00f3n y control del tr\u00e1nsito, sin que el ejercicio de tales funciones desconozcan o alteren las jurisdicciones locales.<\/p>\n<p>\u2022 Ejercer las funciones de Autoridad de Aplicaci\u00f3n de las leyes que regulan el ejercicio de las actividades de su competencia.<\/p>\n<p>\u2022 Intervenir en la elaboraci\u00f3n de las estructuras arancelarias en las \u00e1reas de su competencia.<\/p>\n<p>\u2022 Entender en la elaboraci\u00f3n de las pol\u00edticas y normas de regulaci\u00f3n de los servicios p\u00fablicos del \u00e1rea de su competencia, en la supervisi\u00f3n de los organismos y entes de control de los concesionarios de obra o de servicios p\u00fablicos.<\/p>\n<p>\u2022 Entender en la elaboraci\u00f3n de normas de regulaci\u00f3n de las licencias de servicios p\u00fablicos del \u00e1rea de su competencia, otorgadas por el Estado nacional o las provincias acogidas por convenios, a los reg\u00edmenes federales en la materia.<\/p>\n<p>\u2022 Ejercer, en su \u00e1mbito, facultades de contralor respecto de aquellos entes u organismos de control de las \u00e1reas privatizadas o dadas en concesi\u00f3n en el \u00e1rea de su competencia, as\u00ed como tambi\u00e9n hacer cumplir los marcos regulatorios correspondientes, y entender en los reg\u00edmenes de tarifas, c\u00e1nones, aranceles y tasas de las mismas.<\/p>\n<p>\u2022 Entender en la investigaci\u00f3n y desarrollo tecnol\u00f3gico en las distintas \u00e1reas de su competencia.<\/p>\n<p>\u2022 Entender en la elaboraci\u00f3n y ejecuci\u00f3n de la pol\u00edtica nacional de transporte a\u00e9reo, fluvial, mar\u00edtimo y terrestre, as\u00ed como en su regulaci\u00f3n y coordinaci\u00f3n.<\/p>\n<p>\u2022 Entender en todo lo relacionado con el transporte internacional, terrestre, mar\u00edtimo y fluvial.<\/p>\n<p>\u2022 Entender en la supervisi\u00f3n, el fomento y el desarrollo t\u00e9cnico y econ\u00f3mico de los sistemas de transporte terrestre.<\/p>\n<p>\u2022 Entender en la coordinaci\u00f3n de las tareas de las reparticiones, empresas nacionales o privadas que operan en los puertos y v\u00edas navegables, as\u00ed como en el otorgamiento de las habilitaciones que correspondan y en su fiscalizaci\u00f3n o administraci\u00f3n.<\/p>\n<p>\u2022 Entender en la elaboraci\u00f3n, aplicaci\u00f3n y fiscalizaci\u00f3n del r\u00e9gimen de flotas mercante, fluvial, de cabotaje y ultramar.<\/p>\n<p>\u2022 Entender en la regulaci\u00f3n y coordinaci\u00f3n de los sistemas de transporte terrestre, mar\u00edtimo y fluvial.<\/p>\n<p>\u2022 Entender en la ejecuci\u00f3n de la pol\u00edtica nacional de fletes.<\/p>\n<p>\u2022 Entender en la organizaci\u00f3n, direcci\u00f3n y fiscalizaci\u00f3n del registro de inscripci\u00f3n, fijaci\u00f3n de capacidades y calificaci\u00f3n de las empresas vinculadas a la industria y reparaci\u00f3n naval.<\/p>\n<p>\u2022 Entender en todo lo relacionado con la construcci\u00f3n, habilitaci\u00f3n, administraci\u00f3n y fiscalizaci\u00f3n de puertos y v\u00edas navegables.<\/p>\n<p>\u2022 Entender en la elaboraci\u00f3n y ejecuci\u00f3n de la pol\u00edtica de transporte de carga reservada para la matr\u00edcula nacional.<\/p>\n<p>\u2022 Entender en la homologaci\u00f3n de los acuerdos armatoriales y sus accesorios.<\/p>\n<p>\u2022 Entender en la coordinaci\u00f3n de las tareas de las reparticiones, empresas del Estado y\/o privadas, que integran la comunidad portuaria.<br \/>\n\u2022 Intervenir en la elaboraci\u00f3n y aplicaci\u00f3n de los reg\u00edmenes de trabajo portuario, mar\u00edtimo y fluvial.<\/p>\n<p>\u2022 Intervenir en la compatibilizaci\u00f3n de la navegabilidad de los cursos de agua con su aprovechamiento como fuente de energ\u00eda.<\/p>\n<p>\u2022 Intervenir en la elaboraci\u00f3n y ejecuci\u00f3n de la pol\u00edtica de puertos y v\u00edas navegables.<\/p>\n<p>\u2022 Entender en la administraci\u00f3n, coordinaci\u00f3n y ejecuci\u00f3n de las pol\u00edticas y acciones que hacen al ejercicio de los derechos societarios correspondientes a las participaciones accionarias pertenecientes al Estado Nacional en las empresas de transporte a\u00e9reo comercial. <em>(InformeDigital)<\/em><\/p>\n","protected":false},"excerpt":{"rendered":"<p>Si el bonaerense llega a la presidencia el gobernador asumir&aacute; como ministro del Interior. El ministerio tuvo un presupuesto de $45.000 millones este 2015 y tiene presupuestado m&aacute;s de 51.000 millones para 2016. Atribuciones del cargo. Si Daniel Scioli llega a la Rosada, el gobernador de Entre R&iacute;os Sergio Urribarri se convertir&aacute; en ministro del [&hellip;]<\/p>\n","protected":false},"author":2,"featured_media":0,"comment_status":"open","ping_status":"open","sticky":false,"template":"","format":"standard","meta":{"fifu_image_url":"","fifu_image_alt":"","footnotes":""},"categories":[6,16],"tags":[],"class_list":{"0":"post-12066","1":"post","2":"type-post","3":"status-publish","4":"format-standard","6":"category-entre-rios","7":"category-politi"},"yoast_head":"<title>El poder de Urribarri con Scioli: manejar\u00eda $51.000 millones y m\u00e1s - Informe Litoral<\/title>\n<meta name=\"robots\" content=\"index, follow, max-snippet:-1, max-image-preview:large, max-video-preview:-1\" \/>\n<link rel=\"canonical\" href=\"https:\/\/informelitoral.com.ar\/el-poder-de-urribarri-con-scioli-manejaria-51-000-millones-y-mas\/\" \/>\n<meta property=\"og:locale\" content=\"es_ES\" \/>\n<meta property=\"og:type\" content=\"article\" \/>\n<meta property=\"og:title\" content=\"El poder de Urribarri con Scioli: manejar\u00eda $51.000 millones y m\u00e1s - Informe Litoral\" \/>\n<meta property=\"og:description\" content=\"Si el bonaerense llega a la presidencia el gobernador asumir&aacute; como ministro del Interior. El ministerio tuvo un presupuesto de $45.000 millones este 2015 y tiene presupuestado m&aacute;s de 51.000 millones para 2016. Atribuciones del cargo. Si Daniel Scioli llega a la Rosada, el gobernador de Entre R&iacute;os Sergio Urribarri se convertir&aacute; en ministro del [&hellip;]\" \/>\n<meta property=\"og:url\" content=\"https:\/\/informelitoral.com.ar\/el-poder-de-urribarri-con-scioli-manejaria-51-000-millones-y-mas\/\" \/>\n<meta property=\"og:site_name\" content=\"Informe Litoral\" \/>\n<meta property=\"article:publisher\" content=\"https:\/\/www.facebook.com\/informelitoral\/\" \/>\n<meta property=\"article:published_time\" content=\"2015-10-14T02:32:50+00:00\" \/>\n<meta property=\"og:image\" content=\"https:\/\/informelitoral.com.ar\/%77%70%2d%63%6f%6e%74%65%6e%74\/uploads\/2015\/10\/urribarri-scioli.jpg\" \/>\n\t<meta property=\"og:image:width\" content=\"623\" \/>\n\t<meta property=\"og:image:height\" content=\"400\" \/>\n\t<meta property=\"og:image:type\" content=\"image\/jpeg\" \/>\n<meta name=\"author\" content=\"Gonzalo Schmidt\" \/>\n<meta name=\"twitter:card\" content=\"summary_large_image\" \/>\n<meta name=\"twitter:creator\" content=\"@InformeLitoral\" \/>\n<meta name=\"twitter:site\" content=\"@InformeLitoral\" \/>\n<meta name=\"twitter:label1\" content=\"Escrito por\" \/>\n\t<meta name=\"twitter:data1\" content=\"Gonzalo Schmidt\" \/>\n\t<meta name=\"twitter:label2\" content=\"Tiempo de lectura\" \/>\n\t<meta name=\"twitter:data2\" content=\"8 minutos\" \/>\n<script type=\"application\/ld+json\" class=\"yoast-schema-graph\">{\"@context\":\"https:\\\/\\\/schema.org\",\"@graph\":[{\"@type\":\"Article\",\"@id\":\"https:\\\/\\\/informelitoral.com.ar\\\/el-poder-de-urribarri-con-scioli-manejaria-51-000-millones-y-mas\\\/#article\",\"isPartOf\":{\"@id\":\"https:\\\/\\\/informelitoral.com.ar\\\/el-poder-de-urribarri-con-scioli-manejaria-51-000-millones-y-mas\\\/\"},\"author\":{\"name\":\"Gonzalo Schmidt\",\"@id\":\"https:\\\/\\\/informelitoral.com.ar\\\/#\\\/schema\\\/person\\\/b9d00407c836482871ef1d57bf8e3180\"},\"headline\":\"El poder de Urribarri con Scioli: manejar\u00eda $51.000 millones y m\u00e1s\",\"datePublished\":\"2015-10-14T02:32:50+00:00\",\"mainEntityOfPage\":{\"@id\":\"https:\\\/\\\/informelitoral.com.ar\\\/el-poder-de-urribarri-con-scioli-manejaria-51-000-millones-y-mas\\\/\"},\"wordCount\":1664,\"commentCount\":0,\"publisher\":{\"@id\":\"https:\\\/\\\/informelitoral.com.ar\\\/#organization\"},\"image\":{\"@id\":\"https:\\\/\\\/informelitoral.com.ar\\\/el-poder-de-urribarri-con-scioli-manejaria-51-000-millones-y-mas\\\/#primaryimage\"},\"thumbnailUrl\":\"http:\\\/\\\/www.isletasnoticias.com.ar\\\/%77%70%2d%63%6f%6e%74%65%6e%74\\\/uploads\\\/2015\\\/10\\\/urribarri-scioli-300x193.jpg\",\"articleSection\":[\"Entre R\u00edos\",\"Politica\"],\"inLanguage\":\"es\",\"potentialAction\":[{\"@type\":\"CommentAction\",\"name\":\"Comment\",\"target\":[\"https:\\\/\\\/informelitoral.com.ar\\\/el-poder-de-urribarri-con-scioli-manejaria-51-000-millones-y-mas\\\/#respond\"]}]},{\"@type\":\"WebPage\",\"@id\":\"https:\\\/\\\/informelitoral.com.ar\\\/el-poder-de-urribarri-con-scioli-manejaria-51-000-millones-y-mas\\\/\",\"url\":\"https:\\\/\\\/informelitoral.com.ar\\\/el-poder-de-urribarri-con-scioli-manejaria-51-000-millones-y-mas\\\/\",\"name\":\"El poder de Urribarri con Scioli: manejar\u00eda $51.000 millones y m\u00e1s - Informe Litoral\",\"isPartOf\":{\"@id\":\"https:\\\/\\\/informelitoral.com.ar\\\/#website\"},\"primaryImageOfPage\":{\"@id\":\"https:\\\/\\\/informelitoral.com.ar\\\/el-poder-de-urribarri-con-scioli-manejaria-51-000-millones-y-mas\\\/#primaryimage\"},\"image\":{\"@id\":\"https:\\\/\\\/informelitoral.com.ar\\\/el-poder-de-urribarri-con-scioli-manejaria-51-000-millones-y-mas\\\/#primaryimage\"},\"thumbnailUrl\":\"http:\\\/\\\/www.isletasnoticias.com.ar\\\/%77%70%2d%63%6f%6e%74%65%6e%74\\\/uploads\\\/2015\\\/10\\\/urribarri-scioli-300x193.jpg\",\"datePublished\":\"2015-10-14T02:32:50+00:00\",\"breadcrumb\":{\"@id\":\"https:\\\/\\\/informelitoral.com.ar\\\/el-poder-de-urribarri-con-scioli-manejaria-51-000-millones-y-mas\\\/#breadcrumb\"},\"inLanguage\":\"es\",\"potentialAction\":[{\"@type\":\"ReadAction\",\"target\":[\"https:\\\/\\\/informelitoral.com.ar\\\/el-poder-de-urribarri-con-scioli-manejaria-51-000-millones-y-mas\\\/\"]}]},{\"@type\":\"ImageObject\",\"inLanguage\":\"es\",\"@id\":\"https:\\\/\\\/informelitoral.com.ar\\\/el-poder-de-urribarri-con-scioli-manejaria-51-000-millones-y-mas\\\/#primaryimage\",\"url\":\"http:\\\/\\\/www.isletasnoticias.com.ar\\\/%77%70%2d%63%6f%6e%74%65%6e%74\\\/uploads\\\/2015\\\/10\\\/urribarri-scioli-300x193.jpg\",\"contentUrl\":\"http:\\\/\\\/www.isletasnoticias.com.ar\\\/%77%70%2d%63%6f%6e%74%65%6e%74\\\/uploads\\\/2015\\\/10\\\/urribarri-scioli-300x193.jpg\"},{\"@type\":\"BreadcrumbList\",\"@id\":\"https:\\\/\\\/informelitoral.com.ar\\\/el-poder-de-urribarri-con-scioli-manejaria-51-000-millones-y-mas\\\/#breadcrumb\",\"itemListElement\":[{\"@type\":\"ListItem\",\"position\":1,\"name\":\"Portada\",\"item\":\"https:\\\/\\\/informelitoral.com.ar\\\/\"},{\"@type\":\"ListItem\",\"position\":2,\"name\":\"El poder de Urribarri con Scioli: manejar\u00eda $51.000 millones y m\u00e1s\"}]},{\"@type\":\"WebSite\",\"@id\":\"https:\\\/\\\/informelitoral.com.ar\\\/#website\",\"url\":\"https:\\\/\\\/informelitoral.com.ar\\\/\",\"name\":\"Informe Litoral\",\"description\":\"&quot;Nos informamos&quot; \",\"publisher\":{\"@id\":\"https:\\\/\\\/informelitoral.com.ar\\\/#organization\"},\"potentialAction\":[{\"@type\":\"SearchAction\",\"target\":{\"@type\":\"EntryPoint\",\"urlTemplate\":\"https:\\\/\\\/informelitoral.com.ar\\\/?s={search_term_string}\"},\"query-input\":{\"@type\":\"PropertyValueSpecification\",\"valueRequired\":true,\"valueName\":\"search_term_string\"}}],\"inLanguage\":\"es\"},{\"@type\":\"Organization\",\"@id\":\"https:\\\/\\\/informelitoral.com.ar\\\/#organization\",\"name\":\"Informe Litoral\",\"url\":\"https:\\\/\\\/informelitoral.com.ar\\\/\",\"logo\":{\"@type\":\"ImageObject\",\"inLanguage\":\"es\",\"@id\":\"https:\\\/\\\/informelitoral.com.ar\\\/#\\\/schema\\\/logo\\\/image\\\/\",\"url\":\"https:\\\/\\\/informelitoral.com.ar\\\/%77%70%2d%63%6f%6e%74%65%6e%74\\\/uploads\\\/2021\\\/01\\\/circulo.png\",\"contentUrl\":\"https:\\\/\\\/informelitoral.com.ar\\\/%77%70%2d%63%6f%6e%74%65%6e%74\\\/uploads\\\/2021\\\/01\\\/circulo.png\",\"width\":723,\"height\":731,\"caption\":\"Informe Litoral\"},\"image\":{\"@id\":\"https:\\\/\\\/informelitoral.com.ar\\\/#\\\/schema\\\/logo\\\/image\\\/\"},\"sameAs\":[\"https:\\\/\\\/www.facebook.com\\\/informelitoral\\\/\",\"https:\\\/\\\/x.com\\\/InformeLitoral\",\"https:\\\/\\\/www.instagram.com\\\/informelitoral\\\/\",\"https:\\\/\\\/www.youtube.com\\\/channel\\\/UCua4Qvz8Icb6MYqhoq9xLXw\"]},{\"@type\":\"Person\",\"@id\":\"https:\\\/\\\/informelitoral.com.ar\\\/#\\\/schema\\\/person\\\/b9d00407c836482871ef1d57bf8e3180\",\"name\":\"Gonzalo Schmidt\",\"image\":{\"@type\":\"ImageObject\",\"inLanguage\":\"es\",\"@id\":\"https:\\\/\\\/secure.gravatar.com\\\/avatar\\\/31a1a7b66ff2de83bd0e9fd79d026630d2d99e55e8bfe501287647b4fd9743de?s=96&d=mm&r=g\",\"url\":\"https:\\\/\\\/secure.gravatar.com\\\/avatar\\\/31a1a7b66ff2de83bd0e9fd79d026630d2d99e55e8bfe501287647b4fd9743de?s=96&d=mm&r=g\",\"contentUrl\":\"https:\\\/\\\/secure.gravatar.com\\\/avatar\\\/31a1a7b66ff2de83bd0e9fd79d026630d2d99e55e8bfe501287647b4fd9743de?s=96&d=mm&r=g\",\"caption\":\"Gonzalo Schmidt\"},\"description\":\"Sitio web de noticias de la provincia de Entre R\u00edos, Argentina. Informaci\u00f3n y entretenimiento. Informe Litoral, nos informamos.\",\"sameAs\":[\"http:\\\/\\\/www.isletasnoticias.com.ar\"],\"url\":\"https:\\\/\\\/informelitoral.com.ar\\\/author\\\/gonzalo\\\/\"}]}<\/script>","yoast_head_json":{"title":"El poder de Urribarri con Scioli: manejar\u00eda $51.000 millones y m\u00e1s - Informe Litoral","robots":{"index":"index","follow":"follow","max-snippet":"max-snippet:-1","max-image-preview":"max-image-preview:large","max-video-preview":"max-video-preview:-1"},"canonical":"https:\/\/informelitoral.com.ar\/el-poder-de-urribarri-con-scioli-manejaria-51-000-millones-y-mas\/","og_locale":"es_ES","og_type":"article","og_title":"El poder de Urribarri con Scioli: manejar\u00eda $51.000 millones y m\u00e1s - Informe Litoral","og_description":"Si el bonaerense llega a la presidencia el gobernador asumir&aacute; como ministro del Interior. El ministerio tuvo un presupuesto de $45.000 millones este 2015 y tiene presupuestado m&aacute;s de 51.000 millones para 2016. Atribuciones del cargo. Si Daniel Scioli llega a la Rosada, el gobernador de Entre R&iacute;os Sergio Urribarri se convertir&aacute; en ministro del [&hellip;]","og_url":"https:\/\/informelitoral.com.ar\/el-poder-de-urribarri-con-scioli-manejaria-51-000-millones-y-mas\/","og_site_name":"Informe Litoral","article_publisher":"https:\/\/www.facebook.com\/informelitoral\/","article_published_time":"2015-10-14T02:32:50+00:00","og_image":[{"width":623,"height":400,"url":"https:\/\/informelitoral.com.ar\/%77%70%2d%63%6f%6e%74%65%6e%74\/uploads\/2015\/10\/urribarri-scioli.jpg","type":"image\/jpeg"}],"author":"Gonzalo Schmidt","twitter_card":"summary_large_image","twitter_creator":"@InformeLitoral","twitter_site":"@InformeLitoral","twitter_misc":{"Escrito por":"Gonzalo Schmidt","Tiempo de lectura":"8 minutos"},"schema":{"@context":"https:\/\/schema.org","@graph":[{"@type":"Article","@id":"https:\/\/informelitoral.com.ar\/el-poder-de-urribarri-con-scioli-manejaria-51-000-millones-y-mas\/#article","isPartOf":{"@id":"https:\/\/informelitoral.com.ar\/el-poder-de-urribarri-con-scioli-manejaria-51-000-millones-y-mas\/"},"author":{"name":"Gonzalo Schmidt","@id":"https:\/\/informelitoral.com.ar\/#\/schema\/person\/b9d00407c836482871ef1d57bf8e3180"},"headline":"El poder de Urribarri con Scioli: manejar\u00eda $51.000 millones y m\u00e1s","datePublished":"2015-10-14T02:32:50+00:00","mainEntityOfPage":{"@id":"https:\/\/informelitoral.com.ar\/el-poder-de-urribarri-con-scioli-manejaria-51-000-millones-y-mas\/"},"wordCount":1664,"commentCount":0,"publisher":{"@id":"https:\/\/informelitoral.com.ar\/#organization"},"image":{"@id":"https:\/\/informelitoral.com.ar\/el-poder-de-urribarri-con-scioli-manejaria-51-000-millones-y-mas\/#primaryimage"},"thumbnailUrl":"http:\/\/www.isletasnoticias.com.ar\/%77%70%2d%63%6f%6e%74%65%6e%74\/uploads\/2015\/10\/urribarri-scioli-300x193.jpg","articleSection":["Entre R\u00edos","Politica"],"inLanguage":"es","potentialAction":[{"@type":"CommentAction","name":"Comment","target":["https:\/\/informelitoral.com.ar\/el-poder-de-urribarri-con-scioli-manejaria-51-000-millones-y-mas\/#respond"]}]},{"@type":"WebPage","@id":"https:\/\/informelitoral.com.ar\/el-poder-de-urribarri-con-scioli-manejaria-51-000-millones-y-mas\/","url":"https:\/\/informelitoral.com.ar\/el-poder-de-urribarri-con-scioli-manejaria-51-000-millones-y-mas\/","name":"El poder de Urribarri con Scioli: manejar\u00eda $51.000 millones y m\u00e1s - Informe Litoral","isPartOf":{"@id":"https:\/\/informelitoral.com.ar\/#website"},"primaryImageOfPage":{"@id":"https:\/\/informelitoral.com.ar\/el-poder-de-urribarri-con-scioli-manejaria-51-000-millones-y-mas\/#primaryimage"},"image":{"@id":"https:\/\/informelitoral.com.ar\/el-poder-de-urribarri-con-scioli-manejaria-51-000-millones-y-mas\/#primaryimage"},"thumbnailUrl":"http:\/\/www.isletasnoticias.com.ar\/%77%70%2d%63%6f%6e%74%65%6e%74\/uploads\/2015\/10\/urribarri-scioli-300x193.jpg","datePublished":"2015-10-14T02:32:50+00:00","breadcrumb":{"@id":"https:\/\/informelitoral.com.ar\/el-poder-de-urribarri-con-scioli-manejaria-51-000-millones-y-mas\/#breadcrumb"},"inLanguage":"es","potentialAction":[{"@type":"ReadAction","target":["https:\/\/informelitoral.com.ar\/el-poder-de-urribarri-con-scioli-manejaria-51-000-millones-y-mas\/"]}]},{"@type":"ImageObject","inLanguage":"es","@id":"https:\/\/informelitoral.com.ar\/el-poder-de-urribarri-con-scioli-manejaria-51-000-millones-y-mas\/#primaryimage","url":"http:\/\/www.isletasnoticias.com.ar\/%77%70%2d%63%6f%6e%74%65%6e%74\/uploads\/2015\/10\/urribarri-scioli-300x193.jpg","contentUrl":"http:\/\/www.isletasnoticias.com.ar\/%77%70%2d%63%6f%6e%74%65%6e%74\/uploads\/2015\/10\/urribarri-scioli-300x193.jpg"},{"@type":"BreadcrumbList","@id":"https:\/\/informelitoral.com.ar\/el-poder-de-urribarri-con-scioli-manejaria-51-000-millones-y-mas\/#breadcrumb","itemListElement":[{"@type":"ListItem","position":1,"name":"Portada","item":"https:\/\/informelitoral.com.ar\/"},{"@type":"ListItem","position":2,"name":"El poder de Urribarri con Scioli: manejar\u00eda $51.000 millones y m\u00e1s"}]},{"@type":"WebSite","@id":"https:\/\/informelitoral.com.ar\/#website","url":"https:\/\/informelitoral.com.ar\/","name":"Informe Litoral","description":"&quot;Nos informamos&quot; ","publisher":{"@id":"https:\/\/informelitoral.com.ar\/#organization"},"potentialAction":[{"@type":"SearchAction","target":{"@type":"EntryPoint","urlTemplate":"https:\/\/informelitoral.com.ar\/?s={search_term_string}"},"query-input":{"@type":"PropertyValueSpecification","valueRequired":true,"valueName":"search_term_string"}}],"inLanguage":"es"},{"@type":"Organization","@id":"https:\/\/informelitoral.com.ar\/#organization","name":"Informe Litoral","url":"https:\/\/informelitoral.com.ar\/","logo":{"@type":"ImageObject","inLanguage":"es","@id":"https:\/\/informelitoral.com.ar\/#\/schema\/logo\/image\/","url":"https:\/\/informelitoral.com.ar\/%77%70%2d%63%6f%6e%74%65%6e%74\/uploads\/2021\/01\/circulo.png","contentUrl":"https:\/\/informelitoral.com.ar\/%77%70%2d%63%6f%6e%74%65%6e%74\/uploads\/2021\/01\/circulo.png","width":723,"height":731,"caption":"Informe Litoral"},"image":{"@id":"https:\/\/informelitoral.com.ar\/#\/schema\/logo\/image\/"},"sameAs":["https:\/\/www.facebook.com\/informelitoral\/","https:\/\/x.com\/InformeLitoral","https:\/\/www.instagram.com\/informelitoral\/","https:\/\/www.youtube.com\/channel\/UCua4Qvz8Icb6MYqhoq9xLXw"]},{"@type":"Person","@id":"https:\/\/informelitoral.com.ar\/#\/schema\/person\/b9d00407c836482871ef1d57bf8e3180","name":"Gonzalo Schmidt","image":{"@type":"ImageObject","inLanguage":"es","@id":"https:\/\/secure.gravatar.com\/avatar\/31a1a7b66ff2de83bd0e9fd79d026630d2d99e55e8bfe501287647b4fd9743de?s=96&d=mm&r=g","url":"https:\/\/secure.gravatar.com\/avatar\/31a1a7b66ff2de83bd0e9fd79d026630d2d99e55e8bfe501287647b4fd9743de?s=96&d=mm&r=g","contentUrl":"https:\/\/secure.gravatar.com\/avatar\/31a1a7b66ff2de83bd0e9fd79d026630d2d99e55e8bfe501287647b4fd9743de?s=96&d=mm&r=g","caption":"Gonzalo Schmidt"},"description":"Sitio web de noticias de la provincia de Entre R\u00edos, Argentina. Informaci\u00f3n y entretenimiento. Informe Litoral, nos informamos.","sameAs":["http:\/\/www.isletasnoticias.com.ar"],"url":"https:\/\/informelitoral.com.ar\/author\/gonzalo\/"}]}},"_links":{"self":[{"href":"https:\/\/informelitoral.com.ar\/%77%70%2d%6a%73%6f%6e\/wp\/v2\/posts\/12066","targetHints":{"allow":["GET"]}}],"collection":[{"href":"https:\/\/informelitoral.com.ar\/%77%70%2d%6a%73%6f%6e\/wp\/v2\/posts"}],"about":[{"href":"https:\/\/informelitoral.com.ar\/%77%70%2d%6a%73%6f%6e\/wp\/v2\/types\/post"}],"author":[{"embeddable":true,"href":"https:\/\/informelitoral.com.ar\/%77%70%2d%6a%73%6f%6e\/wp\/v2\/users\/2"}],"replies":[{"embeddable":true,"href":"https:\/\/informelitoral.com.ar\/%77%70%2d%6a%73%6f%6e\/wp\/v2\/comments?post=12066"}],"version-history":[{"count":0,"href":"https:\/\/informelitoral.com.ar\/%77%70%2d%6a%73%6f%6e\/wp\/v2\/posts\/12066\/revisions"}],"wp:attachment":[{"href":"https:\/\/informelitoral.com.ar\/%77%70%2d%6a%73%6f%6e\/wp\/v2\/media?parent=12066"}],"wp:term":[{"taxonomy":"category","embeddable":true,"href":"https:\/\/informelitoral.com.ar\/%77%70%2d%6a%73%6f%6e\/wp\/v2\/categories?post=12066"},{"taxonomy":"post_tag","embeddable":true,"href":"https:\/\/informelitoral.com.ar\/%77%70%2d%6a%73%6f%6e\/wp\/v2\/tags?post=12066"}],"curies":[{"name":"wp","href":"https:\/\/api.w.org\/{rel}","templated":true}]}}