{"id":120514,"date":"2023-02-15T08:15:33","date_gmt":"2023-02-15T11:15:33","guid":{"rendered":"https:\/\/www.informelitoral.com.ar\/?p=120514"},"modified":"2023-02-15T08:58:57","modified_gmt":"2023-02-15T11:58:57","slug":"sigue-el-alivio-frente-frio-que-genero-lluvias-acentuara-baja-de-temperaturas","status":"publish","type":"post","link":"https:\/\/informelitoral.com.ar\/sigue-el-alivio-frente-frio-que-genero-lluvias-acentuara-baja-de-temperaturas\/","title":{"rendered":"Sigue el alivio: frente fr\u00edo que gener\u00f3 lluvias acentuar\u00e1 baja de temperaturas"},"content":{"rendered":"<p>D\u00edas atr\u00e1s el Servicio Meteorol\u00f3gico Nacional confirm\u00f3 que Argentina atraviesa su\u00a0<b>octava ola de calor en lo que va de la temporada estival<\/b>, algo sin precedentes cuando nunca se registraron m\u00e1s que 4 o 5 episodios por temporada.<br \/>\nUna situaci\u00f3n que aqueja frecuentemente al pa\u00eds desde comienzos de noviembre de 2022, y que llev\u00f3 a que\u00a0<b>el \u00faltimo trimestre, noviembre-diciembre-enero, sea el m\u00e1s c\u00e1lido, jam\u00e1s registrado desde 1961 a nivel nacional<\/b>, confirm\u00f3 el meteor\u00f3logo Christian Garavaglia.<\/p>\n<h5>Del calor al alivio<\/h5>\n<p>Y si algo faltaba que sea llamativo respecto al tiempo meteorol\u00f3gico del pa\u00eds, era pasar de un fin de semana con calor hist\u00f3rico,\u00a0<b>a otro siguiente con caracter\u00edsticas fr\u00edas<\/b>. Bueno, algo de eso parece suceder\u00e1 camino hacia el pr\u00f3ximo fin de semana largo de carnaval, anticipa Garavaglia.<br \/>\nEl frente fr\u00edo que gener\u00f3 precipitaciones este martes en gran parte de Entre R\u00edos, es el que definitivamente,\u00a0<b>acentuar\u00e1 el descenso de temperaturas en la franja central del pa\u00eds<\/b> a partir de este mi\u00e9rcoles.<\/p>\n<div class=\"embed\">\n<div class=\"inner-art\">\n<div class=\"clear\"><\/div>\n<\/div>\n<\/div>\n<p>Seg\u00fan se pronostica, el frente fr\u00edo volver\u00eda a generar lluvias, este jueves y un nuevo descenso de temperaturas, seg\u00fan anticiparon los meteor\u00f3logos.\u00a0<b>El alivio podr\u00eda extenderse en lo que resta de la semana<\/b>, con nuevas precipitaciones que contribuir\u00edan a otra baja en los registros t\u00e9rmicos. El SMN pronostica nuevas lluvias en los pr\u00f3ximos d\u00edas y ya emiti\u00f3 nueva alerta por tormentas para Entre R\u00edos.<\/p>\n<h5>Pron\u00f3stico<\/h5>\n<p>En referencia al pron\u00f3stico del tiempo, el Departamento de Meteorolog\u00eda de la Direcci\u00f3n Provincial de Defensa Civil de la provincia, anticipa que este mi\u00e9rcoles, se pronostica \u201c<b>cielo parcialmente nublado a poco nuboso sobre el centro<\/b>\u00a0y sur de la provincia\u201d, se indica.<br \/>\nAdem\u00e1s, se anticipa un mi\u00e9rcoles \u201ccon alta sensaci\u00f3n t\u00e9rmica por la tarde. Humedad en aumento.\u00a0<b>Con temperatura m\u00ednima de 20 grados y m\u00e1xima de 33 grados<\/b>\u201d.<\/p>\n<p>El Departamento de Meteorolog\u00eda de la Direcci\u00f3n Provincial de Defensa Civil de la provincia se\u00f1ala que \u201c<b>el tiempo volver\u00eda ser inestable entre la madrugada y la ma\u00f1ana del jueves, con probabilidad de lluvias y tormentas<\/b>. Algunas localmente importantes. Vientos rotando a regulares y moderados del Sur\u201d.<br \/>\nAsimismo, el SMN pronostica un descenso en las temperaturas tras las probables lluvias del jueves. El organismo indica que la temperatura m\u00ednima\u00a0<b>estar\u00e1 en marcado descenso y tambi\u00e9n con una baja en la m\u00e1xima, las cuales oscilar\u00e1n entre los 20 y los 26 grados<\/b>.<\/p>\n<p>En tanto para el viernes, el Servicio Meteorol\u00f3gico Nacional, pronostica\u00a0<b>una de las temperaturas m\u00ednimas m\u00e1s bajas del mes<\/b>, cuando en la ma\u00f1ana, el term\u00f3metro marque apenas 16 grados.\u00a0<b>El viernes ser\u00eda casi un d\u00eda primavera en cuanto a la temperatura, ya que la m\u00e1xima no superar\u00eda los 25 grados<\/b>, con cielo algo nublado en la capital entrerriana y alrededores. Adem\u00e1s, se anticipa vientos d\u00e9biles del sur rotando hacia el sureste.<\/p>\n<h5>Desmejora el tiempo<\/h5>\n<p>El alivio de las lluvias, cort\u00f3 la agobiante ola de calor con un leve\u00a0<b>descenso de temperatura, que no super\u00f3 los 30 grados en la tarde de este martes y gener\u00f3 un mi\u00e9rcoles que se presenta con caracter\u00edsticas m\u00e1s agradables<\/b>. El SMN anticipa que\u00a0<b>el alivio podr\u00eda extenderse en lo que resta de la semana<\/b>, con nuevas precipitaciones que contribuir\u00edan a otra baja en los registros t\u00e9rmicos.<\/p>\n","protected":false},"excerpt":{"rendered":"<p>El alivio que lleg\u00f3 con las lluvias de este martes, podr\u00eda extenderse en los d\u00edas previos al fin de semana extra largo. El frente fr\u00edo volver\u00eda a generar lluvias y un nuevo descenso de temperaturas, seg\u00fan se anticip\u00f3. El pron\u00f3stico.<\/p>\n","protected":false},"author":8,"featured_media":82543,"comment_status":"open","ping_status":"open","sticky":false,"template":"","format":"standard","meta":{"fifu_image_url":"","fifu_image_alt":"","footnotes":""},"categories":[6],"tags":[113],"class_list":{"0":"post-120514","1":"post","2":"type-post","3":"status-publish","4":"format-standard","5":"has-post-thumbnail","7":"category-entre-rios","8":"tag-smn"},"yoast_head":"<title>Sigue el alivio: frente fr\u00edo que gener\u00f3 lluvias acentuar\u00e1 baja de temperaturas - Informe Litoral<\/title>\n<meta name=\"robots\" content=\"index, follow, max-snippet:-1, max-image-preview:large, max-video-preview:-1\" \/>\n<link rel=\"canonical\" href=\"https:\/\/informelitoral.com.ar\/sigue-el-alivio-frente-frio-que-genero-lluvias-acentuara-baja-de-temperaturas\/\" \/>\n<meta property=\"og:locale\" content=\"es_ES\" \/>\n<meta property=\"og:type\" content=\"article\" \/>\n<meta property=\"og:title\" content=\"Sigue el alivio: frente fr\u00edo que gener\u00f3 lluvias acentuar\u00e1 baja de temperaturas - Informe Litoral\" \/>\n<meta property=\"og:description\" content=\"El alivio que lleg\u00f3 con las lluvias de este martes, podr\u00eda extenderse en los d\u00edas previos al fin de semana extra largo. El frente fr\u00edo volver\u00eda a generar lluvias y un nuevo descenso de temperaturas, seg\u00fan se anticip\u00f3. El pron\u00f3stico.\" \/>\n<meta property=\"og:url\" content=\"https:\/\/informelitoral.com.ar\/sigue-el-alivio-frente-frio-que-genero-lluvias-acentuara-baja-de-temperaturas\/\" \/>\n<meta property=\"og:site_name\" content=\"Informe Litoral\" \/>\n<meta property=\"article:publisher\" content=\"https:\/\/www.facebook.com\/informelitoral\/\" \/>\n<meta property=\"article:published_time\" content=\"2023-02-15T11:15:33+00:00\" \/>\n<meta property=\"article:modified_time\" content=\"2023-02-15T11:58:57+00:00\" \/>\n<meta property=\"og:image\" content=\"https:\/\/informelitoral.com.ar\/%77%70%2d%63%6f%6e%74%65%6e%74\/uploads\/2022\/07\/dia-soleado.jpg\" \/>\n\t<meta property=\"og:image:width\" content=\"800\" \/>\n\t<meta property=\"og:image:height\" content=\"507\" \/>\n\t<meta property=\"og:image:type\" content=\"image\/jpeg\" \/>\n<meta name=\"author\" content=\"Sebastian\" \/>\n<meta name=\"twitter:card\" content=\"summary_large_image\" \/>\n<meta name=\"twitter:creator\" content=\"@InformeLitoral\" \/>\n<meta name=\"twitter:site\" content=\"@InformeLitoral\" \/>\n<meta name=\"twitter:label1\" content=\"Escrito por\" \/>\n\t<meta name=\"twitter:data1\" content=\"Sebastian\" \/>\n\t<meta name=\"twitter:label2\" content=\"Tiempo de lectura\" \/>\n\t<meta name=\"twitter:data2\" content=\"3 minutos\" \/>\n<script type=\"application\/ld+json\" class=\"yoast-schema-graph\">{\"@context\":\"https:\\\/\\\/schema.org\",\"@graph\":[{\"@type\":\"Article\",\"@id\":\"https:\\\/\\\/informelitoral.com.ar\\\/sigue-el-alivio-frente-frio-que-genero-lluvias-acentuara-baja-de-temperaturas\\\/#article\",\"isPartOf\":{\"@id\":\"https:\\\/\\\/informelitoral.com.ar\\\/sigue-el-alivio-frente-frio-que-genero-lluvias-acentuara-baja-de-temperaturas\\\/\"},\"author\":{\"name\":\"Sebastian\",\"@id\":\"https:\\\/\\\/informelitoral.com.ar\\\/#\\\/schema\\\/person\\\/f05f9f461677119578717524b127d6d5\"},\"headline\":\"Sigue el alivio: frente fr\u00edo que gener\u00f3 lluvias acentuar\u00e1 baja de temperaturas\",\"datePublished\":\"2023-02-15T11:15:33+00:00\",\"dateModified\":\"2023-02-15T11:58:57+00:00\",\"mainEntityOfPage\":{\"@id\":\"https:\\\/\\\/informelitoral.com.ar\\\/sigue-el-alivio-frente-frio-que-genero-lluvias-acentuara-baja-de-temperaturas\\\/\"},\"wordCount\":595,\"commentCount\":0,\"publisher\":{\"@id\":\"https:\\\/\\\/informelitoral.com.ar\\\/#organization\"},\"image\":{\"@id\":\"https:\\\/\\\/informelitoral.com.ar\\\/sigue-el-alivio-frente-frio-que-genero-lluvias-acentuara-baja-de-temperaturas\\\/#primaryimage\"},\"thumbnailUrl\":\"https:\\\/\\\/informelitoral.com.ar\\\/%77%70%2d%63%6f%6e%74%65%6e%74\\\/uploads\\\/2022\\\/07\\\/dia-soleado.jpg\",\"keywords\":[\"SMN\"],\"articleSection\":[\"Entre R\u00edos\"],\"inLanguage\":\"es\",\"potentialAction\":[{\"@type\":\"CommentAction\",\"name\":\"Comment\",\"target\":[\"https:\\\/\\\/informelitoral.com.ar\\\/sigue-el-alivio-frente-frio-que-genero-lluvias-acentuara-baja-de-temperaturas\\\/#respond\"]}]},{\"@type\":\"WebPage\",\"@id\":\"https:\\\/\\\/informelitoral.com.ar\\\/sigue-el-alivio-frente-frio-que-genero-lluvias-acentuara-baja-de-temperaturas\\\/\",\"url\":\"https:\\\/\\\/informelitoral.com.ar\\\/sigue-el-alivio-frente-frio-que-genero-lluvias-acentuara-baja-de-temperaturas\\\/\",\"name\":\"Sigue el alivio: frente fr\u00edo que gener\u00f3 lluvias acentuar\u00e1 baja de temperaturas - Informe Litoral\",\"isPartOf\":{\"@id\":\"https:\\\/\\\/informelitoral.com.ar\\\/#website\"},\"primaryImageOfPage\":{\"@id\":\"https:\\\/\\\/informelitoral.com.ar\\\/sigue-el-alivio-frente-frio-que-genero-lluvias-acentuara-baja-de-temperaturas\\\/#primaryimage\"},\"image\":{\"@id\":\"https:\\\/\\\/informelitoral.com.ar\\\/sigue-el-alivio-frente-frio-que-genero-lluvias-acentuara-baja-de-temperaturas\\\/#primaryimage\"},\"thumbnailUrl\":\"https:\\\/\\\/informelitoral.com.ar\\\/%77%70%2d%63%6f%6e%74%65%6e%74\\\/uploads\\\/2022\\\/07\\\/dia-soleado.jpg\",\"datePublished\":\"2023-02-15T11:15:33+00:00\",\"dateModified\":\"2023-02-15T11:58:57+00:00\",\"breadcrumb\":{\"@id\":\"https:\\\/\\\/informelitoral.com.ar\\\/sigue-el-alivio-frente-frio-que-genero-lluvias-acentuara-baja-de-temperaturas\\\/#breadcrumb\"},\"inLanguage\":\"es\",\"potentialAction\":[{\"@type\":\"ReadAction\",\"target\":[\"https:\\\/\\\/informelitoral.com.ar\\\/sigue-el-alivio-frente-frio-que-genero-lluvias-acentuara-baja-de-temperaturas\\\/\"]}]},{\"@type\":\"ImageObject\",\"inLanguage\":\"es\",\"@id\":\"https:\\\/\\\/informelitoral.com.ar\\\/sigue-el-alivio-frente-frio-que-genero-lluvias-acentuara-baja-de-temperaturas\\\/#primaryimage\",\"url\":\"https:\\\/\\\/informelitoral.com.ar\\\/%77%70%2d%63%6f%6e%74%65%6e%74\\\/uploads\\\/2022\\\/07\\\/dia-soleado.jpg\",\"contentUrl\":\"https:\\\/\\\/informelitoral.com.ar\\\/%77%70%2d%63%6f%6e%74%65%6e%74\\\/uploads\\\/2022\\\/07\\\/dia-soleado.jpg\",\"width\":800,\"height\":507},{\"@type\":\"BreadcrumbList\",\"@id\":\"https:\\\/\\\/informelitoral.com.ar\\\/sigue-el-alivio-frente-frio-que-genero-lluvias-acentuara-baja-de-temperaturas\\\/#breadcrumb\",\"itemListElement\":[{\"@type\":\"ListItem\",\"position\":1,\"name\":\"Portada\",\"item\":\"https:\\\/\\\/informelitoral.com.ar\\\/\"},{\"@type\":\"ListItem\",\"position\":2,\"name\":\"Sigue el alivio: frente fr\u00edo que gener\u00f3 lluvias acentuar\u00e1 baja de temperaturas\"}]},{\"@type\":\"WebSite\",\"@id\":\"https:\\\/\\\/informelitoral.com.ar\\\/#website\",\"url\":\"https:\\\/\\\/informelitoral.com.ar\\\/\",\"name\":\"Informe Litoral\",\"description\":\"&quot;Nos informamos&quot; \",\"publisher\":{\"@id\":\"https:\\\/\\\/informelitoral.com.ar\\\/#organization\"},\"potentialAction\":[{\"@type\":\"SearchAction\",\"target\":{\"@type\":\"EntryPoint\",\"urlTemplate\":\"https:\\\/\\\/informelitoral.com.ar\\\/?s={search_term_string}\"},\"query-input\":{\"@type\":\"PropertyValueSpecification\",\"valueRequired\":true,\"valueName\":\"search_term_string\"}}],\"inLanguage\":\"es\"},{\"@type\":\"Organization\",\"@id\":\"https:\\\/\\\/informelitoral.com.ar\\\/#organization\",\"name\":\"Informe Litoral\",\"url\":\"https:\\\/\\\/informelitoral.com.ar\\\/\",\"logo\":{\"@type\":\"ImageObject\",\"inLanguage\":\"es\",\"@id\":\"https:\\\/\\\/informelitoral.com.ar\\\/#\\\/schema\\\/logo\\\/image\\\/\",\"url\":\"https:\\\/\\\/informelitoral.com.ar\\\/%77%70%2d%63%6f%6e%74%65%6e%74\\\/uploads\\\/2021\\\/01\\\/circulo.png\",\"contentUrl\":\"https:\\\/\\\/informelitoral.com.ar\\\/%77%70%2d%63%6f%6e%74%65%6e%74\\\/uploads\\\/2021\\\/01\\\/circulo.png\",\"width\":723,\"height\":731,\"caption\":\"Informe Litoral\"},\"image\":{\"@id\":\"https:\\\/\\\/informelitoral.com.ar\\\/#\\\/schema\\\/logo\\\/image\\\/\"},\"sameAs\":[\"https:\\\/\\\/www.facebook.com\\\/informelitoral\\\/\",\"https:\\\/\\\/x.com\\\/InformeLitoral\",\"https:\\\/\\\/www.instagram.com\\\/informelitoral\\\/\",\"https:\\\/\\\/www.youtube.com\\\/channel\\\/UCua4Qvz8Icb6MYqhoq9xLXw\"]},{\"@type\":\"Person\",\"@id\":\"https:\\\/\\\/informelitoral.com.ar\\\/#\\\/schema\\\/person\\\/f05f9f461677119578717524b127d6d5\",\"name\":\"Sebastian\",\"image\":{\"@type\":\"ImageObject\",\"inLanguage\":\"es\",\"@id\":\"https:\\\/\\\/secure.gravatar.com\\\/avatar\\\/b71bf7481d447dfb9583c7f2798e7cc64de6efb9067b74633ed8c31059a3bd82?s=96&d=mm&r=g\",\"url\":\"https:\\\/\\\/secure.gravatar.com\\\/avatar\\\/b71bf7481d447dfb9583c7f2798e7cc64de6efb9067b74633ed8c31059a3bd82?s=96&d=mm&r=g\",\"contentUrl\":\"https:\\\/\\\/secure.gravatar.com\\\/avatar\\\/b71bf7481d447dfb9583c7f2798e7cc64de6efb9067b74633ed8c31059a3bd82?s=96&d=mm&r=g\",\"caption\":\"Sebastian\"},\"url\":\"https:\\\/\\\/informelitoral.com.ar\\\/author\\\/sebastian\\\/\"}]}<\/script>","yoast_head_json":{"title":"Sigue el alivio: frente fr\u00edo que gener\u00f3 lluvias acentuar\u00e1 baja de temperaturas - Informe Litoral","robots":{"index":"index","follow":"follow","max-snippet":"max-snippet:-1","max-image-preview":"max-image-preview:large","max-video-preview":"max-video-preview:-1"},"canonical":"https:\/\/informelitoral.com.ar\/sigue-el-alivio-frente-frio-que-genero-lluvias-acentuara-baja-de-temperaturas\/","og_locale":"es_ES","og_type":"article","og_title":"Sigue el alivio: frente fr\u00edo que gener\u00f3 lluvias acentuar\u00e1 baja de temperaturas - Informe Litoral","og_description":"El alivio que lleg\u00f3 con las lluvias de este martes, podr\u00eda extenderse en los d\u00edas previos al fin de semana extra largo. El frente fr\u00edo volver\u00eda a generar lluvias y un nuevo descenso de temperaturas, seg\u00fan se anticip\u00f3. El pron\u00f3stico.","og_url":"https:\/\/informelitoral.com.ar\/sigue-el-alivio-frente-frio-que-genero-lluvias-acentuara-baja-de-temperaturas\/","og_site_name":"Informe Litoral","article_publisher":"https:\/\/www.facebook.com\/informelitoral\/","article_published_time":"2023-02-15T11:15:33+00:00","article_modified_time":"2023-02-15T11:58:57+00:00","og_image":[{"width":800,"height":507,"url":"https:\/\/informelitoral.com.ar\/%77%70%2d%63%6f%6e%74%65%6e%74\/uploads\/2022\/07\/dia-soleado.jpg","type":"image\/jpeg"}],"author":"Sebastian","twitter_card":"summary_large_image","twitter_creator":"@InformeLitoral","twitter_site":"@InformeLitoral","twitter_misc":{"Escrito por":"Sebastian","Tiempo de lectura":"3 minutos"},"schema":{"@context":"https:\/\/schema.org","@graph":[{"@type":"Article","@id":"https:\/\/informelitoral.com.ar\/sigue-el-alivio-frente-frio-que-genero-lluvias-acentuara-baja-de-temperaturas\/#article","isPartOf":{"@id":"https:\/\/informelitoral.com.ar\/sigue-el-alivio-frente-frio-que-genero-lluvias-acentuara-baja-de-temperaturas\/"},"author":{"name":"Sebastian","@id":"https:\/\/informelitoral.com.ar\/#\/schema\/person\/f05f9f461677119578717524b127d6d5"},"headline":"Sigue el alivio: frente fr\u00edo que gener\u00f3 lluvias acentuar\u00e1 baja de temperaturas","datePublished":"2023-02-15T11:15:33+00:00","dateModified":"2023-02-15T11:58:57+00:00","mainEntityOfPage":{"@id":"https:\/\/informelitoral.com.ar\/sigue-el-alivio-frente-frio-que-genero-lluvias-acentuara-baja-de-temperaturas\/"},"wordCount":595,"commentCount":0,"publisher":{"@id":"https:\/\/informelitoral.com.ar\/#organization"},"image":{"@id":"https:\/\/informelitoral.com.ar\/sigue-el-alivio-frente-frio-que-genero-lluvias-acentuara-baja-de-temperaturas\/#primaryimage"},"thumbnailUrl":"https:\/\/informelitoral.com.ar\/%77%70%2d%63%6f%6e%74%65%6e%74\/uploads\/2022\/07\/dia-soleado.jpg","keywords":["SMN"],"articleSection":["Entre R\u00edos"],"inLanguage":"es","potentialAction":[{"@type":"CommentAction","name":"Comment","target":["https:\/\/informelitoral.com.ar\/sigue-el-alivio-frente-frio-que-genero-lluvias-acentuara-baja-de-temperaturas\/#respond"]}]},{"@type":"WebPage","@id":"https:\/\/informelitoral.com.ar\/sigue-el-alivio-frente-frio-que-genero-lluvias-acentuara-baja-de-temperaturas\/","url":"https:\/\/informelitoral.com.ar\/sigue-el-alivio-frente-frio-que-genero-lluvias-acentuara-baja-de-temperaturas\/","name":"Sigue el alivio: frente fr\u00edo que gener\u00f3 lluvias acentuar\u00e1 baja de temperaturas - Informe Litoral","isPartOf":{"@id":"https:\/\/informelitoral.com.ar\/#website"},"primaryImageOfPage":{"@id":"https:\/\/informelitoral.com.ar\/sigue-el-alivio-frente-frio-que-genero-lluvias-acentuara-baja-de-temperaturas\/#primaryimage"},"image":{"@id":"https:\/\/informelitoral.com.ar\/sigue-el-alivio-frente-frio-que-genero-lluvias-acentuara-baja-de-temperaturas\/#primaryimage"},"thumbnailUrl":"https:\/\/informelitoral.com.ar\/%77%70%2d%63%6f%6e%74%65%6e%74\/uploads\/2022\/07\/dia-soleado.jpg","datePublished":"2023-02-15T11:15:33+00:00","dateModified":"2023-02-15T11:58:57+00:00","breadcrumb":{"@id":"https:\/\/informelitoral.com.ar\/sigue-el-alivio-frente-frio-que-genero-lluvias-acentuara-baja-de-temperaturas\/#breadcrumb"},"inLanguage":"es","potentialAction":[{"@type":"ReadAction","target":["https:\/\/informelitoral.com.ar\/sigue-el-alivio-frente-frio-que-genero-lluvias-acentuara-baja-de-temperaturas\/"]}]},{"@type":"ImageObject","inLanguage":"es","@id":"https:\/\/informelitoral.com.ar\/sigue-el-alivio-frente-frio-que-genero-lluvias-acentuara-baja-de-temperaturas\/#primaryimage","url":"https:\/\/informelitoral.com.ar\/%77%70%2d%63%6f%6e%74%65%6e%74\/uploads\/2022\/07\/dia-soleado.jpg","contentUrl":"https:\/\/informelitoral.com.ar\/%77%70%2d%63%6f%6e%74%65%6e%74\/uploads\/2022\/07\/dia-soleado.jpg","width":800,"height":507},{"@type":"BreadcrumbList","@id":"https:\/\/informelitoral.com.ar\/sigue-el-alivio-frente-frio-que-genero-lluvias-acentuara-baja-de-temperaturas\/#breadcrumb","itemListElement":[{"@type":"ListItem","position":1,"name":"Portada","item":"https:\/\/informelitoral.com.ar\/"},{"@type":"ListItem","position":2,"name":"Sigue el alivio: frente fr\u00edo que gener\u00f3 lluvias acentuar\u00e1 baja de temperaturas"}]},{"@type":"WebSite","@id":"https:\/\/informelitoral.com.ar\/#website","url":"https:\/\/informelitoral.com.ar\/","name":"Informe Litoral","description":"&quot;Nos informamos&quot; ","publisher":{"@id":"https:\/\/informelitoral.com.ar\/#organization"},"potentialAction":[{"@type":"SearchAction","target":{"@type":"EntryPoint","urlTemplate":"https:\/\/informelitoral.com.ar\/?s={search_term_string}"},"query-input":{"@type":"PropertyValueSpecification","valueRequired":true,"valueName":"search_term_string"}}],"inLanguage":"es"},{"@type":"Organization","@id":"https:\/\/informelitoral.com.ar\/#organization","name":"Informe Litoral","url":"https:\/\/informelitoral.com.ar\/","logo":{"@type":"ImageObject","inLanguage":"es","@id":"https:\/\/informelitoral.com.ar\/#\/schema\/logo\/image\/","url":"https:\/\/informelitoral.com.ar\/%77%70%2d%63%6f%6e%74%65%6e%74\/uploads\/2021\/01\/circulo.png","contentUrl":"https:\/\/informelitoral.com.ar\/%77%70%2d%63%6f%6e%74%65%6e%74\/uploads\/2021\/01\/circulo.png","width":723,"height":731,"caption":"Informe Litoral"},"image":{"@id":"https:\/\/informelitoral.com.ar\/#\/schema\/logo\/image\/"},"sameAs":["https:\/\/www.facebook.com\/informelitoral\/","https:\/\/x.com\/InformeLitoral","https:\/\/www.instagram.com\/informelitoral\/","https:\/\/www.youtube.com\/channel\/UCua4Qvz8Icb6MYqhoq9xLXw"]},{"@type":"Person","@id":"https:\/\/informelitoral.com.ar\/#\/schema\/person\/f05f9f461677119578717524b127d6d5","name":"Sebastian","image":{"@type":"ImageObject","inLanguage":"es","@id":"https:\/\/secure.gravatar.com\/avatar\/b71bf7481d447dfb9583c7f2798e7cc64de6efb9067b74633ed8c31059a3bd82?s=96&d=mm&r=g","url":"https:\/\/secure.gravatar.com\/avatar\/b71bf7481d447dfb9583c7f2798e7cc64de6efb9067b74633ed8c31059a3bd82?s=96&d=mm&r=g","contentUrl":"https:\/\/secure.gravatar.com\/avatar\/b71bf7481d447dfb9583c7f2798e7cc64de6efb9067b74633ed8c31059a3bd82?s=96&d=mm&r=g","caption":"Sebastian"},"url":"https:\/\/informelitoral.com.ar\/author\/sebastian\/"}]}},"_links":{"self":[{"href":"https:\/\/informelitoral.com.ar\/%77%70%2d%6a%73%6f%6e\/wp\/v2\/posts\/120514","targetHints":{"allow":["GET"]}}],"collection":[{"href":"https:\/\/informelitoral.com.ar\/%77%70%2d%6a%73%6f%6e\/wp\/v2\/posts"}],"about":[{"href":"https:\/\/informelitoral.com.ar\/%77%70%2d%6a%73%6f%6e\/wp\/v2\/types\/post"}],"author":[{"embeddable":true,"href":"https:\/\/informelitoral.com.ar\/%77%70%2d%6a%73%6f%6e\/wp\/v2\/users\/8"}],"replies":[{"embeddable":true,"href":"https:\/\/informelitoral.com.ar\/%77%70%2d%6a%73%6f%6e\/wp\/v2\/comments?post=120514"}],"version-history":[{"count":0,"href":"https:\/\/informelitoral.com.ar\/%77%70%2d%6a%73%6f%6e\/wp\/v2\/posts\/120514\/revisions"}],"wp:featuredmedia":[{"embeddable":true,"href":"https:\/\/informelitoral.com.ar\/%77%70%2d%6a%73%6f%6e\/wp\/v2\/media\/82543"}],"wp:attachment":[{"href":"https:\/\/informelitoral.com.ar\/%77%70%2d%6a%73%6f%6e\/wp\/v2\/media?parent=120514"}],"wp:term":[{"taxonomy":"category","embeddable":true,"href":"https:\/\/informelitoral.com.ar\/%77%70%2d%6a%73%6f%6e\/wp\/v2\/categories?post=120514"},{"taxonomy":"post_tag","embeddable":true,"href":"https:\/\/informelitoral.com.ar\/%77%70%2d%6a%73%6f%6e\/wp\/v2\/tags?post=120514"}],"curies":[{"name":"wp","href":"https:\/\/api.w.org\/{rel}","templated":true}]}}