{"id":12027,"date":"2015-10-06T14:23:34","date_gmt":"2015-10-06T17:23:34","guid":{"rendered":"http:\/\/www.isletasnoticias.com.ar\/?p=12027"},"modified":"2015-10-06T14:23:34","modified_gmt":"2015-10-06T17:23:34","slug":"aseguran-que-el-periodista-jorge-lanata-se-va-del-pais-en-2016","status":"publish","type":"post","link":"https:\/\/informelitoral.com.ar\/aseguran-que-el-periodista-jorge-lanata-se-va-del-pais-en-2016\/","title":{"rendered":"Aseguran que el periodista Jorge Lanata se va del pa\u00eds en 2016"},"content":{"rendered":"<p><strong>Abandonar\u00e1 la Argentina con un ambicioso objetivo mientras mezcla trabajo con descanso por sus problemas de salud.<a href=\"http:\/\/www.isletasnoticias.com.ar\/%77%70%2d%63%6f%6e%74%65%6e%74\/uploads\/2015\/10\/0000144851.jpg\"><img loading=\"lazy\" decoding=\"async\" class=\"aligncenter wp-image-12028 size-medium\" src=\"http:\/\/www.isletasnoticias.com.ar\/%77%70%2d%63%6f%6e%74%65%6e%74\/uploads\/2015\/10\/0000144851-300x184.jpg\" alt=\"0000144851\" width=\"300\" height=\"184\" srcset=\"https:\/\/informelitoral.com.ar\/%77%70%2d%63%6f%6e%74%65%6e%74\/uploads\/2015\/10\/0000144851-300x184.jpg 300w, https:\/\/informelitoral.com.ar\/%77%70%2d%63%6f%6e%74%65%6e%74\/uploads\/2015\/10\/0000144851.jpg 770w\" sizes=\"auto, (max-width: 300px) 100vw, 300px\" \/><\/a><\/strong><\/p>\n<p>Jorge Lanata tendr\u00e1 un 2016 distinto. Se ocupar\u00e1 de descansar tras los reiterados problemas de salud que sufri\u00f3 este a\u00f1o pero sin dejar de lado su rol de periodista y emprendedor ya que, para el a\u00f1o pr\u00f3ximo, tiene planeado fundar un portal de noticias internacional.<\/p>\n<p>El periodista terminar\u00e1 su ciclo televisivo el \u00faltimo d\u00eda de noviembre y a partir del 1 de diciembre su familia se mudar\u00e1 a Miami para establecerse un largo tiempo en el estado de Florida.<\/p>\n<p>Como anticip\u00f3 el periodista \u00c1ngel de Brito, en el portal Ciudad -del Grupo Clar\u00edn- el plan de Lanata es retomar el trabajo reci\u00e9n en marzo, pero desde Estados Unidos y acord\u00f3 con las autoridades de Mitre, en 2016 solo estar\u00e1 de lunes a viernes de 10 a 11, haciendo el famoso \u00abpase\u00bb con Marcelo Longobardi. Luego, el resto del programa quedar\u00e1 en manos de Alfredo y Diego Leuco.<\/p>\n<p>En cuanto a la televisi\u00f3n, ya cerr\u00f3 su contrato con El Trece para reaparecer con un nuevo ciclo que ser\u00e1 muy distinto a Periodismo Para Todos ya que el nuevo programa mezclar\u00e1 entrevistas, informes, investigaciones y tendr\u00e1 un tono menos informativo y m\u00e1s informal y durar\u00e1 solo 26 emisiones.<\/p>\n<p>Mientras est\u00e9 radicado en Miami, el periodista planea fundar un portal de noticias internacional, no s\u00f3lo para Latinoam\u00e9rica sino tambi\u00e9n apuntado a todo el mundo anglosaj\u00f3n. <em>(El Destape)<\/em><\/p>\n","protected":false},"excerpt":{"rendered":"<p>Abandonar&aacute; la Argentina con un ambicioso objetivo mientras mezcla trabajo con descanso por sus problemas de salud. Jorge Lanata tendr&aacute; un 2016 distinto. Se ocupar&aacute; de descansar tras los reiterados problemas de salud que sufri&oacute; este a&ntilde;o pero sin dejar de lado su rol de periodista y emprendedor ya que, para el a&ntilde;o pr&oacute;ximo, tiene [&hellip;]<\/p>\n","protected":false},"author":2,"featured_media":0,"comment_status":"open","ping_status":"open","sticky":false,"template":"","format":"standard","meta":{"fifu_image_url":"","fifu_image_alt":"","footnotes":""},"categories":[12],"tags":[],"class_list":{"0":"post-12027","1":"post","2":"type-post","3":"status-publish","4":"format-standard","6":"category-espectaculos"},"yoast_head":"<title>Aseguran que el periodista Jorge Lanata se va del pa\u00eds en 2016 - Informe Litoral<\/title>\n<meta name=\"robots\" content=\"index, follow, max-snippet:-1, max-image-preview:large, max-video-preview:-1\" \/>\n<link rel=\"canonical\" href=\"https:\/\/informelitoral.com.ar\/aseguran-que-el-periodista-jorge-lanata-se-va-del-pais-en-2016\/\" \/>\n<meta property=\"og:locale\" content=\"es_ES\" \/>\n<meta property=\"og:type\" content=\"article\" \/>\n<meta property=\"og:title\" content=\"Aseguran que el periodista Jorge Lanata se va del pa\u00eds en 2016 - Informe Litoral\" \/>\n<meta property=\"og:description\" content=\"Abandonar&aacute; la Argentina con un ambicioso objetivo mientras mezcla trabajo con descanso por sus problemas de salud. Jorge Lanata tendr&aacute; un 2016 distinto. Se ocupar&aacute; de descansar tras los reiterados problemas de salud que sufri&oacute; este a&ntilde;o pero sin dejar de lado su rol de periodista y emprendedor ya que, para el a&ntilde;o pr&oacute;ximo, tiene [&hellip;]\" \/>\n<meta property=\"og:url\" content=\"https:\/\/informelitoral.com.ar\/aseguran-que-el-periodista-jorge-lanata-se-va-del-pais-en-2016\/\" \/>\n<meta property=\"og:site_name\" content=\"Informe Litoral\" \/>\n<meta property=\"article:publisher\" content=\"https:\/\/www.facebook.com\/informelitoral\/\" \/>\n<meta property=\"article:published_time\" content=\"2015-10-06T17:23:34+00:00\" \/>\n<meta property=\"og:image\" content=\"https:\/\/informelitoral.com.ar\/%77%70%2d%63%6f%6e%74%65%6e%74\/uploads\/2015\/10\/0000144851.jpg\" \/>\n\t<meta property=\"og:image:width\" content=\"770\" \/>\n\t<meta property=\"og:image:height\" content=\"471\" \/>\n\t<meta property=\"og:image:type\" content=\"image\/jpeg\" \/>\n<meta name=\"author\" content=\"Gonzalo Schmidt\" \/>\n<meta name=\"twitter:card\" content=\"summary_large_image\" \/>\n<meta name=\"twitter:creator\" content=\"@InformeLitoral\" \/>\n<meta name=\"twitter:site\" content=\"@InformeLitoral\" \/>\n<meta name=\"twitter:label1\" content=\"Escrito por\" \/>\n\t<meta name=\"twitter:data1\" content=\"Gonzalo Schmidt\" \/>\n\t<meta name=\"twitter:label2\" content=\"Tiempo de lectura\" \/>\n\t<meta name=\"twitter:data2\" content=\"1 minuto\" \/>\n<script type=\"application\/ld+json\" class=\"yoast-schema-graph\">{\"@context\":\"https:\\\/\\\/schema.org\",\"@graph\":[{\"@type\":\"Article\",\"@id\":\"https:\\\/\\\/informelitoral.com.ar\\\/aseguran-que-el-periodista-jorge-lanata-se-va-del-pais-en-2016\\\/#article\",\"isPartOf\":{\"@id\":\"https:\\\/\\\/informelitoral.com.ar\\\/aseguran-que-el-periodista-jorge-lanata-se-va-del-pais-en-2016\\\/\"},\"author\":{\"name\":\"Gonzalo Schmidt\",\"@id\":\"https:\\\/\\\/informelitoral.com.ar\\\/#\\\/schema\\\/person\\\/b9d00407c836482871ef1d57bf8e3180\"},\"headline\":\"Aseguran que el periodista Jorge Lanata se va del pa\u00eds en 2016\",\"datePublished\":\"2015-10-06T17:23:34+00:00\",\"mainEntityOfPage\":{\"@id\":\"https:\\\/\\\/informelitoral.com.ar\\\/aseguran-que-el-periodista-jorge-lanata-se-va-del-pais-en-2016\\\/\"},\"wordCount\":259,\"commentCount\":0,\"publisher\":{\"@id\":\"https:\\\/\\\/informelitoral.com.ar\\\/#organization\"},\"image\":{\"@id\":\"https:\\\/\\\/informelitoral.com.ar\\\/aseguran-que-el-periodista-jorge-lanata-se-va-del-pais-en-2016\\\/#primaryimage\"},\"thumbnailUrl\":\"http:\\\/\\\/www.isletasnoticias.com.ar\\\/%77%70%2d%63%6f%6e%74%65%6e%74\\\/uploads\\\/2015\\\/10\\\/0000144851-300x184.jpg\",\"articleSection\":[\"Espect\u00e1culos\"],\"inLanguage\":\"es\",\"potentialAction\":[{\"@type\":\"CommentAction\",\"name\":\"Comment\",\"target\":[\"https:\\\/\\\/informelitoral.com.ar\\\/aseguran-que-el-periodista-jorge-lanata-se-va-del-pais-en-2016\\\/#respond\"]}]},{\"@type\":\"WebPage\",\"@id\":\"https:\\\/\\\/informelitoral.com.ar\\\/aseguran-que-el-periodista-jorge-lanata-se-va-del-pais-en-2016\\\/\",\"url\":\"https:\\\/\\\/informelitoral.com.ar\\\/aseguran-que-el-periodista-jorge-lanata-se-va-del-pais-en-2016\\\/\",\"name\":\"Aseguran que el periodista Jorge Lanata se va del pa\u00eds en 2016 - Informe Litoral\",\"isPartOf\":{\"@id\":\"https:\\\/\\\/informelitoral.com.ar\\\/#website\"},\"primaryImageOfPage\":{\"@id\":\"https:\\\/\\\/informelitoral.com.ar\\\/aseguran-que-el-periodista-jorge-lanata-se-va-del-pais-en-2016\\\/#primaryimage\"},\"image\":{\"@id\":\"https:\\\/\\\/informelitoral.com.ar\\\/aseguran-que-el-periodista-jorge-lanata-se-va-del-pais-en-2016\\\/#primaryimage\"},\"thumbnailUrl\":\"http:\\\/\\\/www.isletasnoticias.com.ar\\\/%77%70%2d%63%6f%6e%74%65%6e%74\\\/uploads\\\/2015\\\/10\\\/0000144851-300x184.jpg\",\"datePublished\":\"2015-10-06T17:23:34+00:00\",\"breadcrumb\":{\"@id\":\"https:\\\/\\\/informelitoral.com.ar\\\/aseguran-que-el-periodista-jorge-lanata-se-va-del-pais-en-2016\\\/#breadcrumb\"},\"inLanguage\":\"es\",\"potentialAction\":[{\"@type\":\"ReadAction\",\"target\":[\"https:\\\/\\\/informelitoral.com.ar\\\/aseguran-que-el-periodista-jorge-lanata-se-va-del-pais-en-2016\\\/\"]}]},{\"@type\":\"ImageObject\",\"inLanguage\":\"es\",\"@id\":\"https:\\\/\\\/informelitoral.com.ar\\\/aseguran-que-el-periodista-jorge-lanata-se-va-del-pais-en-2016\\\/#primaryimage\",\"url\":\"http:\\\/\\\/www.isletasnoticias.com.ar\\\/%77%70%2d%63%6f%6e%74%65%6e%74\\\/uploads\\\/2015\\\/10\\\/0000144851-300x184.jpg\",\"contentUrl\":\"http:\\\/\\\/www.isletasnoticias.com.ar\\\/%77%70%2d%63%6f%6e%74%65%6e%74\\\/uploads\\\/2015\\\/10\\\/0000144851-300x184.jpg\"},{\"@type\":\"BreadcrumbList\",\"@id\":\"https:\\\/\\\/informelitoral.com.ar\\\/aseguran-que-el-periodista-jorge-lanata-se-va-del-pais-en-2016\\\/#breadcrumb\",\"itemListElement\":[{\"@type\":\"ListItem\",\"position\":1,\"name\":\"Portada\",\"item\":\"https:\\\/\\\/informelitoral.com.ar\\\/\"},{\"@type\":\"ListItem\",\"position\":2,\"name\":\"Aseguran que el periodista Jorge Lanata se va del pa\u00eds en 2016\"}]},{\"@type\":\"WebSite\",\"@id\":\"https:\\\/\\\/informelitoral.com.ar\\\/#website\",\"url\":\"https:\\\/\\\/informelitoral.com.ar\\\/\",\"name\":\"Informe Litoral\",\"description\":\"&quot;Nos informamos&quot; \",\"publisher\":{\"@id\":\"https:\\\/\\\/informelitoral.com.ar\\\/#organization\"},\"potentialAction\":[{\"@type\":\"SearchAction\",\"target\":{\"@type\":\"EntryPoint\",\"urlTemplate\":\"https:\\\/\\\/informelitoral.com.ar\\\/?s={search_term_string}\"},\"query-input\":{\"@type\":\"PropertyValueSpecification\",\"valueRequired\":true,\"valueName\":\"search_term_string\"}}],\"inLanguage\":\"es\"},{\"@type\":\"Organization\",\"@id\":\"https:\\\/\\\/informelitoral.com.ar\\\/#organization\",\"name\":\"Informe Litoral\",\"url\":\"https:\\\/\\\/informelitoral.com.ar\\\/\",\"logo\":{\"@type\":\"ImageObject\",\"inLanguage\":\"es\",\"@id\":\"https:\\\/\\\/informelitoral.com.ar\\\/#\\\/schema\\\/logo\\\/image\\\/\",\"url\":\"https:\\\/\\\/informelitoral.com.ar\\\/%77%70%2d%63%6f%6e%74%65%6e%74\\\/uploads\\\/2021\\\/01\\\/circulo.png\",\"contentUrl\":\"https:\\\/\\\/informelitoral.com.ar\\\/%77%70%2d%63%6f%6e%74%65%6e%74\\\/uploads\\\/2021\\\/01\\\/circulo.png\",\"width\":723,\"height\":731,\"caption\":\"Informe Litoral\"},\"image\":{\"@id\":\"https:\\\/\\\/informelitoral.com.ar\\\/#\\\/schema\\\/logo\\\/image\\\/\"},\"sameAs\":[\"https:\\\/\\\/www.facebook.com\\\/informelitoral\\\/\",\"https:\\\/\\\/x.com\\\/InformeLitoral\",\"https:\\\/\\\/www.instagram.com\\\/informelitoral\\\/\",\"https:\\\/\\\/www.youtube.com\\\/channel\\\/UCua4Qvz8Icb6MYqhoq9xLXw\"]},{\"@type\":\"Person\",\"@id\":\"https:\\\/\\\/informelitoral.com.ar\\\/#\\\/schema\\\/person\\\/b9d00407c836482871ef1d57bf8e3180\",\"name\":\"Gonzalo Schmidt\",\"image\":{\"@type\":\"ImageObject\",\"inLanguage\":\"es\",\"@id\":\"https:\\\/\\\/secure.gravatar.com\\\/avatar\\\/31a1a7b66ff2de83bd0e9fd79d026630d2d99e55e8bfe501287647b4fd9743de?s=96&d=mm&r=g\",\"url\":\"https:\\\/\\\/secure.gravatar.com\\\/avatar\\\/31a1a7b66ff2de83bd0e9fd79d026630d2d99e55e8bfe501287647b4fd9743de?s=96&d=mm&r=g\",\"contentUrl\":\"https:\\\/\\\/secure.gravatar.com\\\/avatar\\\/31a1a7b66ff2de83bd0e9fd79d026630d2d99e55e8bfe501287647b4fd9743de?s=96&d=mm&r=g\",\"caption\":\"Gonzalo Schmidt\"},\"description\":\"Sitio web de noticias de la provincia de Entre R\u00edos, Argentina. Informaci\u00f3n y entretenimiento. Informe Litoral, nos informamos.\",\"sameAs\":[\"http:\\\/\\\/www.isletasnoticias.com.ar\"],\"url\":\"https:\\\/\\\/informelitoral.com.ar\\\/author\\\/gonzalo\\\/\"}]}<\/script>","yoast_head_json":{"title":"Aseguran que el periodista Jorge Lanata se va del pa\u00eds en 2016 - Informe Litoral","robots":{"index":"index","follow":"follow","max-snippet":"max-snippet:-1","max-image-preview":"max-image-preview:large","max-video-preview":"max-video-preview:-1"},"canonical":"https:\/\/informelitoral.com.ar\/aseguran-que-el-periodista-jorge-lanata-se-va-del-pais-en-2016\/","og_locale":"es_ES","og_type":"article","og_title":"Aseguran que el periodista Jorge Lanata se va del pa\u00eds en 2016 - Informe Litoral","og_description":"Abandonar&aacute; la Argentina con un ambicioso objetivo mientras mezcla trabajo con descanso por sus problemas de salud. Jorge Lanata tendr&aacute; un 2016 distinto. Se ocupar&aacute; de descansar tras los reiterados problemas de salud que sufri&oacute; este a&ntilde;o pero sin dejar de lado su rol de periodista y emprendedor ya que, para el a&ntilde;o pr&oacute;ximo, tiene [&hellip;]","og_url":"https:\/\/informelitoral.com.ar\/aseguran-que-el-periodista-jorge-lanata-se-va-del-pais-en-2016\/","og_site_name":"Informe Litoral","article_publisher":"https:\/\/www.facebook.com\/informelitoral\/","article_published_time":"2015-10-06T17:23:34+00:00","og_image":[{"width":770,"height":471,"url":"https:\/\/informelitoral.com.ar\/%77%70%2d%63%6f%6e%74%65%6e%74\/uploads\/2015\/10\/0000144851.jpg","type":"image\/jpeg"}],"author":"Gonzalo Schmidt","twitter_card":"summary_large_image","twitter_creator":"@InformeLitoral","twitter_site":"@InformeLitoral","twitter_misc":{"Escrito por":"Gonzalo Schmidt","Tiempo de lectura":"1 minuto"},"schema":{"@context":"https:\/\/schema.org","@graph":[{"@type":"Article","@id":"https:\/\/informelitoral.com.ar\/aseguran-que-el-periodista-jorge-lanata-se-va-del-pais-en-2016\/#article","isPartOf":{"@id":"https:\/\/informelitoral.com.ar\/aseguran-que-el-periodista-jorge-lanata-se-va-del-pais-en-2016\/"},"author":{"name":"Gonzalo Schmidt","@id":"https:\/\/informelitoral.com.ar\/#\/schema\/person\/b9d00407c836482871ef1d57bf8e3180"},"headline":"Aseguran que el periodista Jorge Lanata se va del pa\u00eds en 2016","datePublished":"2015-10-06T17:23:34+00:00","mainEntityOfPage":{"@id":"https:\/\/informelitoral.com.ar\/aseguran-que-el-periodista-jorge-lanata-se-va-del-pais-en-2016\/"},"wordCount":259,"commentCount":0,"publisher":{"@id":"https:\/\/informelitoral.com.ar\/#organization"},"image":{"@id":"https:\/\/informelitoral.com.ar\/aseguran-que-el-periodista-jorge-lanata-se-va-del-pais-en-2016\/#primaryimage"},"thumbnailUrl":"http:\/\/www.isletasnoticias.com.ar\/%77%70%2d%63%6f%6e%74%65%6e%74\/uploads\/2015\/10\/0000144851-300x184.jpg","articleSection":["Espect\u00e1culos"],"inLanguage":"es","potentialAction":[{"@type":"CommentAction","name":"Comment","target":["https:\/\/informelitoral.com.ar\/aseguran-que-el-periodista-jorge-lanata-se-va-del-pais-en-2016\/#respond"]}]},{"@type":"WebPage","@id":"https:\/\/informelitoral.com.ar\/aseguran-que-el-periodista-jorge-lanata-se-va-del-pais-en-2016\/","url":"https:\/\/informelitoral.com.ar\/aseguran-que-el-periodista-jorge-lanata-se-va-del-pais-en-2016\/","name":"Aseguran que el periodista Jorge Lanata se va del pa\u00eds en 2016 - Informe Litoral","isPartOf":{"@id":"https:\/\/informelitoral.com.ar\/#website"},"primaryImageOfPage":{"@id":"https:\/\/informelitoral.com.ar\/aseguran-que-el-periodista-jorge-lanata-se-va-del-pais-en-2016\/#primaryimage"},"image":{"@id":"https:\/\/informelitoral.com.ar\/aseguran-que-el-periodista-jorge-lanata-se-va-del-pais-en-2016\/#primaryimage"},"thumbnailUrl":"http:\/\/www.isletasnoticias.com.ar\/%77%70%2d%63%6f%6e%74%65%6e%74\/uploads\/2015\/10\/0000144851-300x184.jpg","datePublished":"2015-10-06T17:23:34+00:00","breadcrumb":{"@id":"https:\/\/informelitoral.com.ar\/aseguran-que-el-periodista-jorge-lanata-se-va-del-pais-en-2016\/#breadcrumb"},"inLanguage":"es","potentialAction":[{"@type":"ReadAction","target":["https:\/\/informelitoral.com.ar\/aseguran-que-el-periodista-jorge-lanata-se-va-del-pais-en-2016\/"]}]},{"@type":"ImageObject","inLanguage":"es","@id":"https:\/\/informelitoral.com.ar\/aseguran-que-el-periodista-jorge-lanata-se-va-del-pais-en-2016\/#primaryimage","url":"http:\/\/www.isletasnoticias.com.ar\/%77%70%2d%63%6f%6e%74%65%6e%74\/uploads\/2015\/10\/0000144851-300x184.jpg","contentUrl":"http:\/\/www.isletasnoticias.com.ar\/%77%70%2d%63%6f%6e%74%65%6e%74\/uploads\/2015\/10\/0000144851-300x184.jpg"},{"@type":"BreadcrumbList","@id":"https:\/\/informelitoral.com.ar\/aseguran-que-el-periodista-jorge-lanata-se-va-del-pais-en-2016\/#breadcrumb","itemListElement":[{"@type":"ListItem","position":1,"name":"Portada","item":"https:\/\/informelitoral.com.ar\/"},{"@type":"ListItem","position":2,"name":"Aseguran que el periodista Jorge Lanata se va del pa\u00eds en 2016"}]},{"@type":"WebSite","@id":"https:\/\/informelitoral.com.ar\/#website","url":"https:\/\/informelitoral.com.ar\/","name":"Informe Litoral","description":"&quot;Nos informamos&quot; ","publisher":{"@id":"https:\/\/informelitoral.com.ar\/#organization"},"potentialAction":[{"@type":"SearchAction","target":{"@type":"EntryPoint","urlTemplate":"https:\/\/informelitoral.com.ar\/?s={search_term_string}"},"query-input":{"@type":"PropertyValueSpecification","valueRequired":true,"valueName":"search_term_string"}}],"inLanguage":"es"},{"@type":"Organization","@id":"https:\/\/informelitoral.com.ar\/#organization","name":"Informe Litoral","url":"https:\/\/informelitoral.com.ar\/","logo":{"@type":"ImageObject","inLanguage":"es","@id":"https:\/\/informelitoral.com.ar\/#\/schema\/logo\/image\/","url":"https:\/\/informelitoral.com.ar\/%77%70%2d%63%6f%6e%74%65%6e%74\/uploads\/2021\/01\/circulo.png","contentUrl":"https:\/\/informelitoral.com.ar\/%77%70%2d%63%6f%6e%74%65%6e%74\/uploads\/2021\/01\/circulo.png","width":723,"height":731,"caption":"Informe Litoral"},"image":{"@id":"https:\/\/informelitoral.com.ar\/#\/schema\/logo\/image\/"},"sameAs":["https:\/\/www.facebook.com\/informelitoral\/","https:\/\/x.com\/InformeLitoral","https:\/\/www.instagram.com\/informelitoral\/","https:\/\/www.youtube.com\/channel\/UCua4Qvz8Icb6MYqhoq9xLXw"]},{"@type":"Person","@id":"https:\/\/informelitoral.com.ar\/#\/schema\/person\/b9d00407c836482871ef1d57bf8e3180","name":"Gonzalo Schmidt","image":{"@type":"ImageObject","inLanguage":"es","@id":"https:\/\/secure.gravatar.com\/avatar\/31a1a7b66ff2de83bd0e9fd79d026630d2d99e55e8bfe501287647b4fd9743de?s=96&d=mm&r=g","url":"https:\/\/secure.gravatar.com\/avatar\/31a1a7b66ff2de83bd0e9fd79d026630d2d99e55e8bfe501287647b4fd9743de?s=96&d=mm&r=g","contentUrl":"https:\/\/secure.gravatar.com\/avatar\/31a1a7b66ff2de83bd0e9fd79d026630d2d99e55e8bfe501287647b4fd9743de?s=96&d=mm&r=g","caption":"Gonzalo Schmidt"},"description":"Sitio web de noticias de la provincia de Entre R\u00edos, Argentina. Informaci\u00f3n y entretenimiento. Informe Litoral, nos informamos.","sameAs":["http:\/\/www.isletasnoticias.com.ar"],"url":"https:\/\/informelitoral.com.ar\/author\/gonzalo\/"}]}},"_links":{"self":[{"href":"https:\/\/informelitoral.com.ar\/%77%70%2d%6a%73%6f%6e\/wp\/v2\/posts\/12027","targetHints":{"allow":["GET"]}}],"collection":[{"href":"https:\/\/informelitoral.com.ar\/%77%70%2d%6a%73%6f%6e\/wp\/v2\/posts"}],"about":[{"href":"https:\/\/informelitoral.com.ar\/%77%70%2d%6a%73%6f%6e\/wp\/v2\/types\/post"}],"author":[{"embeddable":true,"href":"https:\/\/informelitoral.com.ar\/%77%70%2d%6a%73%6f%6e\/wp\/v2\/users\/2"}],"replies":[{"embeddable":true,"href":"https:\/\/informelitoral.com.ar\/%77%70%2d%6a%73%6f%6e\/wp\/v2\/comments?post=12027"}],"version-history":[{"count":0,"href":"https:\/\/informelitoral.com.ar\/%77%70%2d%6a%73%6f%6e\/wp\/v2\/posts\/12027\/revisions"}],"wp:attachment":[{"href":"https:\/\/informelitoral.com.ar\/%77%70%2d%6a%73%6f%6e\/wp\/v2\/media?parent=12027"}],"wp:term":[{"taxonomy":"category","embeddable":true,"href":"https:\/\/informelitoral.com.ar\/%77%70%2d%6a%73%6f%6e\/wp\/v2\/categories?post=12027"},{"taxonomy":"post_tag","embeddable":true,"href":"https:\/\/informelitoral.com.ar\/%77%70%2d%6a%73%6f%6e\/wp\/v2\/tags?post=12027"}],"curies":[{"name":"wp","href":"https:\/\/api.w.org\/{rel}","templated":true}]}}