{"id":12020,"date":"2015-10-05T00:39:40","date_gmt":"2015-10-05T03:39:40","guid":{"rendered":"http:\/\/www.isletasnoticias.com.ar\/?p=12020"},"modified":"2015-10-04T23:48:31","modified_gmt":"2015-10-05T02:48:31","slug":"gustavo-vergara-el-25-de-octubre-gana-la-alianza-la-calle-lo-esta-marcando","status":"publish","type":"post","link":"https:\/\/informelitoral.com.ar\/gustavo-vergara-el-25-de-octubre-gana-la-alianza-la-calle-lo-esta-marcando\/","title":{"rendered":"Gustavo Vergara: \u201cEl 25 de octubre gana la Alianza, la calle lo est\u00e1 marcando\u201d"},"content":{"rendered":"<p><b>El candidato a intendente de Ram\u00edrez por la Alianza Ramirense (Cambiemos), <em>Gustavo Vergara<\/em>, reconoci\u00f3 que los sorprendi\u00f3 el resultado de las PASO y se mostr\u00f3 confiado en llegar a la intendencia, aunque indic\u00f3 que \u00absomos muy prudentes\u00bb. En declaraciones a <em>IN, <\/em>asegur\u00f3 que quieren \u00abuna ciudad integrada\u00bb y opt\u00f3 por poner pa\u00f1os fr\u00edos a las cr\u00edticas recibidas.\u00a0<a href=\"http:\/\/www.isletasnoticias.com.ar\/%77%70%2d%63%6f%6e%74%65%6e%74\/uploads\/2015\/10\/Foto0597.jpg\"><img loading=\"lazy\" decoding=\"async\" class=\"aligncenter size-full wp-image-12021\" src=\"http:\/\/www.isletasnoticias.com.ar\/%77%70%2d%63%6f%6e%74%65%6e%74\/uploads\/2015\/10\/Foto0597.jpg\" alt=\"Foto0597\" width=\"2048\" height=\"1536\" srcset=\"https:\/\/informelitoral.com.ar\/%77%70%2d%63%6f%6e%74%65%6e%74\/uploads\/2015\/10\/Foto0597.jpg 2048w, https:\/\/informelitoral.com.ar\/%77%70%2d%63%6f%6e%74%65%6e%74\/uploads\/2015\/10\/Foto0597-300x225.jpg 300w, https:\/\/informelitoral.com.ar\/%77%70%2d%63%6f%6e%74%65%6e%74\/uploads\/2015\/10\/Foto0597-1024x768.jpg 1024w\" sizes=\"auto, (max-width: 2048px) 100vw, 2048px\" \/><\/a><\/b><\/p>\n<p>El candidato a intendente de Gral. Ram\u00edrez, por la Alianza Ramirense (UCR &#8211; Nuevo Espacio),\u00a0<strong>Gustavo Vergara<\/strong>, en una entrevista con <em><strong>ISLETAS NOTICIAS<\/strong><\/em>, se mostr\u00f3 sorprendido por el resultado de las Elecciones Primarias, donde en la categor\u00eda intendente, superaron por 1131 votos al Frente para la Victoria. El representante de Cambiemos, si bien eligi\u00f3 poner pa\u00f1os frios a las cr\u00edticas recibidas desde el oficialismo, asegur\u00f3 que \u00abnadie le puede negar el apoyo a Ram\u00edrez\u00bb, en caso que lleguen a la intendencia.<a href=\"http:\/\/www.isletasnoticias.com.ar\/%77%70%2d%63%6f%6e%74%65%6e%74\/uploads\/2015\/10\/Foto0596.jpg\"><img loading=\"lazy\" decoding=\"async\" class=\"alignright wp-image-12023 size-medium\" src=\"http:\/\/www.isletasnoticias.com.ar\/%77%70%2d%63%6f%6e%74%65%6e%74\/uploads\/2015\/10\/Foto0596-300x225.jpg\" alt=\"Foto0596\" width=\"300\" height=\"225\" srcset=\"https:\/\/informelitoral.com.ar\/%77%70%2d%63%6f%6e%74%65%6e%74\/uploads\/2015\/10\/Foto0596-300x225.jpg 300w, https:\/\/informelitoral.com.ar\/%77%70%2d%63%6f%6e%74%65%6e%74\/uploads\/2015\/10\/Foto0596-1024x768.jpg 1024w, https:\/\/informelitoral.com.ar\/%77%70%2d%63%6f%6e%74%65%6e%74\/uploads\/2015\/10\/Foto0596.jpg 2048w\" sizes=\"auto, (max-width: 300px) 100vw, 300px\" \/><\/a><\/p>\n<p><strong>&#8212; \u00bfC\u00f3mo encuentran a la ciudad y cu\u00e1les son los planteos de los vecinos?<\/strong><\/p>\n<p>&#8212; La ciudad se encuentra revolucionada por el resultado electoral y b\u00e1sicamente los vecinos esperan propuestas. Hay muchos reclamos de diversa \u00edndole y <u>nosotros les proponemos una Municipalidad con un perfil totalmente diferente al actual<\/u>.<\/p>\n<p><strong>&#8212; \u00bfLo sorprendi\u00f3 el resultado del 9 de agosto?<\/strong><\/p>\n<p><strong>&#8212; <\/strong>Nosotros ten\u00edamos buenas expectativas en base al trabajo realizado durante los cuatro a\u00f1os de gesti\u00f3n por parte de nuestros concejales y todo lo que hizo el resto del equipo. No obstante, <u>el resultado contundente nos sorprendi\u00f3 a todos<\/u>.<\/p>\n<p><strong>&#8212; \u00bfCu\u00e1les ser\u00edan los principales ejes de un posible gobierno?<\/strong><\/p>\n<p>&#8212; <u>El eje principal es el de una ciudad integrada<\/u>. Queremos hacer una gesti\u00f3n de gobierno sin distinci\u00f3n de bander\u00edas pol\u00edticas, que integre a todos los barrios que hoy est\u00e1n separados y les faltan muchos servicios. Nosotros nos consideramos servidores p\u00fablicos, por eso <u>desde el intendente hasta el \u00faltimo empleado tienen que estar para brindarle servicios y respuestas al contribuyente<\/u>.<\/p>\n<p><strong>&#8212; \u00bfC\u00f3mo es la aceptaci\u00f3n de sus propuestas por parte de los vecinos? <\/strong><\/p>\n<p><strong>&#8212; <\/strong>Hasta el 9 de agosto ya nos hab\u00edamos sorprendido con la inserci\u00f3n que ten\u00eda la Alianza Ramirense. Luego, con la actitud que tuvieron los votantes en las Elecciones Primarias estamos muy agradecidos. Nosotros queremos darle la esperanza de que va a haber un gobierno para todos.\u00a0\u00a0\u00a0\u00a0\u00a0\u00a0\u00a0\u00a0\u00a0\u00a0\u00a0\u00a0\u00a0\u00a0\u00a0\u00a0\u00a0\u00a0\u00a0\u00a0\u00a0\u00a0 <strong>\u00a0\u00a0\u00a0\u00a0\u00a0\u00a0\u00a0\u00a0\u00a0\u00a0\u00a0 <\/strong><\/p>\n<p><strong>&#8212; El intendente Edelmiro Kr\u00e4mer en una entrevista con <em>IN<\/em>, hab\u00eda comentado que ustedes tienen m\u00e1s cr\u00edticas a la actual gesti\u00f3n que propuestas.<\/strong><\/p>\n<p><strong>&#8212; <\/strong><u>Siempre hemos sido muy prudentes y respetuosos de las actuales autoridades<\/u>. Ya en la campa\u00f1a anterior se han explicitado nuestras propuestas y <u>nuestro bloque en el Concejo fue el que m\u00e1s proyectos present\u00f3<\/u>. Ahora nuevamente <u>tenemos un plan estrat\u00e9gico para que Ram\u00edrez est\u00e9 posicionada como una de las ciudades m\u00e1s importantes de la provincia<\/u>.<\/p>\n<p><strong>&#8212; En caso que llegue al gobierno, \u00bfC\u00f3mo se imagina la relaci\u00f3n con la oposici\u00f3n\u00a0 local?<\/strong><\/p>\n<p><strong>&#8212; <\/strong>Vamos a intentar de que el Concejo Deliberante sea el \u00f3rgano de resonancia de toda la voluntad de Ram\u00edrez. Por eso le tendremos un gran respeto y le daremos la participaci\u00f3n que se merece.<\/p>\n<p>&#8212; <strong>El senador Daniel Kr\u00e4mer en una entrevista con <em>IN,<\/em> dijo que no est\u00e1 dispuesto a trabajar en conjunto con ustedes, debido a que hasta lo habr\u00edan tratado de \u201cdelincuente\u201d<\/strong><\/p>\n<p>&#8212; Creemos que <u>en la campa\u00f1a se dicen cosas de las cuales uno luego puede arrepentirse<\/u>. Estamos en un sistema democr\u00e1tico donde tenemos que saber entendernos y aceptar nuestras diferencias. Adem\u00e1s, creemos que est\u00e1 en condiciones de acceder a la senadur\u00eda Omar Schild. De todas maneras, n<u>adie le puede negar el apoyo a Ram\u00edrez<\/u>, cuando uno plantea cuestiones personales por sobre las cuestiones de la ciudad se est\u00e1 equivocando.<\/p>\n<p><strong>&#8212; \u00bfDe qu\u00e9 forma resolver\u00edan la situaci\u00f3n de los trabajadores municipales?<\/strong><\/p>\n<p><strong>&#8212; <\/strong>Es un tema muy delicado y <u>nos comprometimos a mantener las fuentes de trabajo porque no venimos a quitar derechos<\/u>. Tambi\u00e9n somos conscientes que hay que hacer obras y brindar mejores servicios, por eso <u>vamos a tomar medidas para que progresivamente el gasto se vaya adecuando sin dejar a nadie en la calle<\/u>. Seguramente a mediados del a\u00f1o que viene nos encontrar\u00e1n con una situaci\u00f3n m\u00e1s ordenada.<\/p>\n<p><strong>&#8212; \u00bfPor qu\u00e9 lo deben elegir a Gustavo Vergara?<\/strong><\/p>\n<p><strong>&#8212; <\/strong>B\u00e1sicamente porque <u>tenemos un proyecto que es amplio y contiene a todos los ramirenses<\/u>. Contamos con un equipo capacitado que est\u00e1 comprometido con una administraci\u00f3n transparente.<strong>\u00a0\u00a0 <\/strong><\/p>\n<p><strong>&#8212; \u00bfGana la Alianza Ramirense el domingo 25 de octubre?<\/strong><\/p>\n<p><strong>&#8212; <\/strong>En lo personal creo que<u> el 25 de octubre gana la Alianza, la calle lo est\u00e1 marcando<\/u><strong>. <\/strong>De todas formas, somos muy prudentes y queremos que la gente se exprese con tranquilidad.<\/p>\n","protected":false},"excerpt":{"rendered":"<p>El candidato a intendente de Ram&iacute;rez por la Alianza Ramirense (Cambiemos), Gustavo Vergara, reconoci&oacute; que los sorprendi&oacute; el resultado de las PASO y se mostr&oacute; confiado en llegar a la intendencia, aunque indic&oacute; que &laquo;somos muy prudentes&raquo;. En declaraciones a IN, asegur&oacute; que quieren &laquo;una ciudad integrada&raquo; y opt&oacute; por poner pa&ntilde;os fr&iacute;os a las [&hellip;]<\/p>\n","protected":false},"author":2,"featured_media":0,"comment_status":"open","ping_status":"open","sticky":false,"template":"","format":"standard","meta":{"fifu_image_url":"","fifu_image_alt":"","footnotes":""},"categories":[5,16],"tags":[],"class_list":{"0":"post-12020","1":"post","2":"type-post","3":"status-publish","4":"format-standard","6":"category-zonales","7":"category-politi"},"yoast_head":"<title>Gustavo Vergara: \u201cEl 25 de octubre gana la Alianza, la calle lo est\u00e1 marcando\u201d - Informe Litoral<\/title>\n<meta name=\"robots\" content=\"index, follow, max-snippet:-1, max-image-preview:large, max-video-preview:-1\" \/>\n<link rel=\"canonical\" href=\"https:\/\/informelitoral.com.ar\/gustavo-vergara-el-25-de-octubre-gana-la-alianza-la-calle-lo-esta-marcando\/\" \/>\n<meta property=\"og:locale\" content=\"es_ES\" \/>\n<meta property=\"og:type\" content=\"article\" \/>\n<meta property=\"og:title\" content=\"Gustavo Vergara: \u201cEl 25 de octubre gana la Alianza, la calle lo est\u00e1 marcando\u201d - Informe Litoral\" \/>\n<meta property=\"og:description\" content=\"El candidato a intendente de Ram&iacute;rez por la Alianza Ramirense (Cambiemos), Gustavo Vergara, reconoci&oacute; que los sorprendi&oacute; el resultado de las PASO y se mostr&oacute; confiado en llegar a la intendencia, aunque indic&oacute; que &laquo;somos muy prudentes&raquo;. En declaraciones a IN, asegur&oacute; que quieren &laquo;una ciudad integrada&raquo; y opt&oacute; por poner pa&ntilde;os fr&iacute;os a las [&hellip;]\" \/>\n<meta property=\"og:url\" content=\"https:\/\/informelitoral.com.ar\/gustavo-vergara-el-25-de-octubre-gana-la-alianza-la-calle-lo-esta-marcando\/\" \/>\n<meta property=\"og:site_name\" content=\"Informe Litoral\" \/>\n<meta property=\"article:publisher\" content=\"https:\/\/www.facebook.com\/informelitoral\/\" \/>\n<meta property=\"article:published_time\" content=\"2015-10-05T03:39:40+00:00\" \/>\n<meta property=\"og:image\" content=\"https:\/\/informelitoral.com.ar\/%77%70%2d%63%6f%6e%74%65%6e%74\/uploads\/2015\/10\/Foto0597.jpg\" \/>\n\t<meta property=\"og:image:width\" content=\"2048\" \/>\n\t<meta property=\"og:image:height\" content=\"1536\" \/>\n\t<meta property=\"og:image:type\" content=\"image\/jpeg\" \/>\n<meta name=\"author\" content=\"Gonzalo Schmidt\" \/>\n<meta name=\"twitter:card\" content=\"summary_large_image\" \/>\n<meta name=\"twitter:creator\" content=\"@InformeLitoral\" \/>\n<meta name=\"twitter:site\" content=\"@InformeLitoral\" \/>\n<meta name=\"twitter:label1\" content=\"Escrito por\" \/>\n\t<meta name=\"twitter:data1\" content=\"Gonzalo Schmidt\" \/>\n\t<meta name=\"twitter:label2\" content=\"Tiempo de lectura\" \/>\n\t<meta name=\"twitter:data2\" content=\"4 minutos\" \/>\n<script type=\"application\/ld+json\" class=\"yoast-schema-graph\">{\"@context\":\"https:\\\/\\\/schema.org\",\"@graph\":[{\"@type\":\"Article\",\"@id\":\"https:\\\/\\\/informelitoral.com.ar\\\/gustavo-vergara-el-25-de-octubre-gana-la-alianza-la-calle-lo-esta-marcando\\\/#article\",\"isPartOf\":{\"@id\":\"https:\\\/\\\/informelitoral.com.ar\\\/gustavo-vergara-el-25-de-octubre-gana-la-alianza-la-calle-lo-esta-marcando\\\/\"},\"author\":{\"name\":\"Gonzalo Schmidt\",\"@id\":\"https:\\\/\\\/informelitoral.com.ar\\\/#\\\/schema\\\/person\\\/b9d00407c836482871ef1d57bf8e3180\"},\"headline\":\"Gustavo Vergara: \u201cEl 25 de octubre gana la Alianza, la calle lo est\u00e1 marcando\u201d\",\"datePublished\":\"2015-10-05T03:39:40+00:00\",\"mainEntityOfPage\":{\"@id\":\"https:\\\/\\\/informelitoral.com.ar\\\/gustavo-vergara-el-25-de-octubre-gana-la-alianza-la-calle-lo-esta-marcando\\\/\"},\"wordCount\":818,\"commentCount\":0,\"publisher\":{\"@id\":\"https:\\\/\\\/informelitoral.com.ar\\\/#organization\"},\"image\":{\"@id\":\"https:\\\/\\\/informelitoral.com.ar\\\/gustavo-vergara-el-25-de-octubre-gana-la-alianza-la-calle-lo-esta-marcando\\\/#primaryimage\"},\"thumbnailUrl\":\"http:\\\/\\\/www.isletasnoticias.com.ar\\\/%77%70%2d%63%6f%6e%74%65%6e%74\\\/uploads\\\/2015\\\/10\\\/Foto0597.jpg\",\"articleSection\":[\"Departamento Diamante\",\"Politica\"],\"inLanguage\":\"es\",\"potentialAction\":[{\"@type\":\"CommentAction\",\"name\":\"Comment\",\"target\":[\"https:\\\/\\\/informelitoral.com.ar\\\/gustavo-vergara-el-25-de-octubre-gana-la-alianza-la-calle-lo-esta-marcando\\\/#respond\"]}]},{\"@type\":\"WebPage\",\"@id\":\"https:\\\/\\\/informelitoral.com.ar\\\/gustavo-vergara-el-25-de-octubre-gana-la-alianza-la-calle-lo-esta-marcando\\\/\",\"url\":\"https:\\\/\\\/informelitoral.com.ar\\\/gustavo-vergara-el-25-de-octubre-gana-la-alianza-la-calle-lo-esta-marcando\\\/\",\"name\":\"Gustavo Vergara: \u201cEl 25 de octubre gana la Alianza, la calle lo est\u00e1 marcando\u201d - Informe Litoral\",\"isPartOf\":{\"@id\":\"https:\\\/\\\/informelitoral.com.ar\\\/#website\"},\"primaryImageOfPage\":{\"@id\":\"https:\\\/\\\/informelitoral.com.ar\\\/gustavo-vergara-el-25-de-octubre-gana-la-alianza-la-calle-lo-esta-marcando\\\/#primaryimage\"},\"image\":{\"@id\":\"https:\\\/\\\/informelitoral.com.ar\\\/gustavo-vergara-el-25-de-octubre-gana-la-alianza-la-calle-lo-esta-marcando\\\/#primaryimage\"},\"thumbnailUrl\":\"http:\\\/\\\/www.isletasnoticias.com.ar\\\/%77%70%2d%63%6f%6e%74%65%6e%74\\\/uploads\\\/2015\\\/10\\\/Foto0597.jpg\",\"datePublished\":\"2015-10-05T03:39:40+00:00\",\"breadcrumb\":{\"@id\":\"https:\\\/\\\/informelitoral.com.ar\\\/gustavo-vergara-el-25-de-octubre-gana-la-alianza-la-calle-lo-esta-marcando\\\/#breadcrumb\"},\"inLanguage\":\"es\",\"potentialAction\":[{\"@type\":\"ReadAction\",\"target\":[\"https:\\\/\\\/informelitoral.com.ar\\\/gustavo-vergara-el-25-de-octubre-gana-la-alianza-la-calle-lo-esta-marcando\\\/\"]}]},{\"@type\":\"ImageObject\",\"inLanguage\":\"es\",\"@id\":\"https:\\\/\\\/informelitoral.com.ar\\\/gustavo-vergara-el-25-de-octubre-gana-la-alianza-la-calle-lo-esta-marcando\\\/#primaryimage\",\"url\":\"http:\\\/\\\/www.isletasnoticias.com.ar\\\/%77%70%2d%63%6f%6e%74%65%6e%74\\\/uploads\\\/2015\\\/10\\\/Foto0597.jpg\",\"contentUrl\":\"http:\\\/\\\/www.isletasnoticias.com.ar\\\/%77%70%2d%63%6f%6e%74%65%6e%74\\\/uploads\\\/2015\\\/10\\\/Foto0597.jpg\"},{\"@type\":\"BreadcrumbList\",\"@id\":\"https:\\\/\\\/informelitoral.com.ar\\\/gustavo-vergara-el-25-de-octubre-gana-la-alianza-la-calle-lo-esta-marcando\\\/#breadcrumb\",\"itemListElement\":[{\"@type\":\"ListItem\",\"position\":1,\"name\":\"Portada\",\"item\":\"https:\\\/\\\/informelitoral.com.ar\\\/\"},{\"@type\":\"ListItem\",\"position\":2,\"name\":\"Gustavo Vergara: \u201cEl 25 de octubre gana la Alianza, la calle lo est\u00e1 marcando\u201d\"}]},{\"@type\":\"WebSite\",\"@id\":\"https:\\\/\\\/informelitoral.com.ar\\\/#website\",\"url\":\"https:\\\/\\\/informelitoral.com.ar\\\/\",\"name\":\"Informe Litoral\",\"description\":\"&quot;Nos informamos&quot; \",\"publisher\":{\"@id\":\"https:\\\/\\\/informelitoral.com.ar\\\/#organization\"},\"potentialAction\":[{\"@type\":\"SearchAction\",\"target\":{\"@type\":\"EntryPoint\",\"urlTemplate\":\"https:\\\/\\\/informelitoral.com.ar\\\/?s={search_term_string}\"},\"query-input\":{\"@type\":\"PropertyValueSpecification\",\"valueRequired\":true,\"valueName\":\"search_term_string\"}}],\"inLanguage\":\"es\"},{\"@type\":\"Organization\",\"@id\":\"https:\\\/\\\/informelitoral.com.ar\\\/#organization\",\"name\":\"Informe Litoral\",\"url\":\"https:\\\/\\\/informelitoral.com.ar\\\/\",\"logo\":{\"@type\":\"ImageObject\",\"inLanguage\":\"es\",\"@id\":\"https:\\\/\\\/informelitoral.com.ar\\\/#\\\/schema\\\/logo\\\/image\\\/\",\"url\":\"https:\\\/\\\/informelitoral.com.ar\\\/%77%70%2d%63%6f%6e%74%65%6e%74\\\/uploads\\\/2021\\\/01\\\/circulo.png\",\"contentUrl\":\"https:\\\/\\\/informelitoral.com.ar\\\/%77%70%2d%63%6f%6e%74%65%6e%74\\\/uploads\\\/2021\\\/01\\\/circulo.png\",\"width\":723,\"height\":731,\"caption\":\"Informe Litoral\"},\"image\":{\"@id\":\"https:\\\/\\\/informelitoral.com.ar\\\/#\\\/schema\\\/logo\\\/image\\\/\"},\"sameAs\":[\"https:\\\/\\\/www.facebook.com\\\/informelitoral\\\/\",\"https:\\\/\\\/x.com\\\/InformeLitoral\",\"https:\\\/\\\/www.instagram.com\\\/informelitoral\\\/\",\"https:\\\/\\\/www.youtube.com\\\/channel\\\/UCua4Qvz8Icb6MYqhoq9xLXw\"]},{\"@type\":\"Person\",\"@id\":\"https:\\\/\\\/informelitoral.com.ar\\\/#\\\/schema\\\/person\\\/b9d00407c836482871ef1d57bf8e3180\",\"name\":\"Gonzalo Schmidt\",\"image\":{\"@type\":\"ImageObject\",\"inLanguage\":\"es\",\"@id\":\"https:\\\/\\\/secure.gravatar.com\\\/avatar\\\/31a1a7b66ff2de83bd0e9fd79d026630d2d99e55e8bfe501287647b4fd9743de?s=96&d=mm&r=g\",\"url\":\"https:\\\/\\\/secure.gravatar.com\\\/avatar\\\/31a1a7b66ff2de83bd0e9fd79d026630d2d99e55e8bfe501287647b4fd9743de?s=96&d=mm&r=g\",\"contentUrl\":\"https:\\\/\\\/secure.gravatar.com\\\/avatar\\\/31a1a7b66ff2de83bd0e9fd79d026630d2d99e55e8bfe501287647b4fd9743de?s=96&d=mm&r=g\",\"caption\":\"Gonzalo Schmidt\"},\"description\":\"Sitio web de noticias de la provincia de Entre R\u00edos, Argentina. Informaci\u00f3n y entretenimiento. Informe Litoral, nos informamos.\",\"sameAs\":[\"http:\\\/\\\/www.isletasnoticias.com.ar\"],\"url\":\"https:\\\/\\\/informelitoral.com.ar\\\/author\\\/gonzalo\\\/\"}]}<\/script>","yoast_head_json":{"title":"Gustavo Vergara: \u201cEl 25 de octubre gana la Alianza, la calle lo est\u00e1 marcando\u201d - Informe Litoral","robots":{"index":"index","follow":"follow","max-snippet":"max-snippet:-1","max-image-preview":"max-image-preview:large","max-video-preview":"max-video-preview:-1"},"canonical":"https:\/\/informelitoral.com.ar\/gustavo-vergara-el-25-de-octubre-gana-la-alianza-la-calle-lo-esta-marcando\/","og_locale":"es_ES","og_type":"article","og_title":"Gustavo Vergara: \u201cEl 25 de octubre gana la Alianza, la calle lo est\u00e1 marcando\u201d - Informe Litoral","og_description":"El candidato a intendente de Ram&iacute;rez por la Alianza Ramirense (Cambiemos), Gustavo Vergara, reconoci&oacute; que los sorprendi&oacute; el resultado de las PASO y se mostr&oacute; confiado en llegar a la intendencia, aunque indic&oacute; que &laquo;somos muy prudentes&raquo;. En declaraciones a IN, asegur&oacute; que quieren &laquo;una ciudad integrada&raquo; y opt&oacute; por poner pa&ntilde;os fr&iacute;os a las [&hellip;]","og_url":"https:\/\/informelitoral.com.ar\/gustavo-vergara-el-25-de-octubre-gana-la-alianza-la-calle-lo-esta-marcando\/","og_site_name":"Informe Litoral","article_publisher":"https:\/\/www.facebook.com\/informelitoral\/","article_published_time":"2015-10-05T03:39:40+00:00","og_image":[{"width":2048,"height":1536,"url":"https:\/\/informelitoral.com.ar\/%77%70%2d%63%6f%6e%74%65%6e%74\/uploads\/2015\/10\/Foto0597.jpg","type":"image\/jpeg"}],"author":"Gonzalo Schmidt","twitter_card":"summary_large_image","twitter_creator":"@InformeLitoral","twitter_site":"@InformeLitoral","twitter_misc":{"Escrito por":"Gonzalo Schmidt","Tiempo de lectura":"4 minutos"},"schema":{"@context":"https:\/\/schema.org","@graph":[{"@type":"Article","@id":"https:\/\/informelitoral.com.ar\/gustavo-vergara-el-25-de-octubre-gana-la-alianza-la-calle-lo-esta-marcando\/#article","isPartOf":{"@id":"https:\/\/informelitoral.com.ar\/gustavo-vergara-el-25-de-octubre-gana-la-alianza-la-calle-lo-esta-marcando\/"},"author":{"name":"Gonzalo Schmidt","@id":"https:\/\/informelitoral.com.ar\/#\/schema\/person\/b9d00407c836482871ef1d57bf8e3180"},"headline":"Gustavo Vergara: \u201cEl 25 de octubre gana la Alianza, la calle lo est\u00e1 marcando\u201d","datePublished":"2015-10-05T03:39:40+00:00","mainEntityOfPage":{"@id":"https:\/\/informelitoral.com.ar\/gustavo-vergara-el-25-de-octubre-gana-la-alianza-la-calle-lo-esta-marcando\/"},"wordCount":818,"commentCount":0,"publisher":{"@id":"https:\/\/informelitoral.com.ar\/#organization"},"image":{"@id":"https:\/\/informelitoral.com.ar\/gustavo-vergara-el-25-de-octubre-gana-la-alianza-la-calle-lo-esta-marcando\/#primaryimage"},"thumbnailUrl":"http:\/\/www.isletasnoticias.com.ar\/%77%70%2d%63%6f%6e%74%65%6e%74\/uploads\/2015\/10\/Foto0597.jpg","articleSection":["Departamento Diamante","Politica"],"inLanguage":"es","potentialAction":[{"@type":"CommentAction","name":"Comment","target":["https:\/\/informelitoral.com.ar\/gustavo-vergara-el-25-de-octubre-gana-la-alianza-la-calle-lo-esta-marcando\/#respond"]}]},{"@type":"WebPage","@id":"https:\/\/informelitoral.com.ar\/gustavo-vergara-el-25-de-octubre-gana-la-alianza-la-calle-lo-esta-marcando\/","url":"https:\/\/informelitoral.com.ar\/gustavo-vergara-el-25-de-octubre-gana-la-alianza-la-calle-lo-esta-marcando\/","name":"Gustavo Vergara: \u201cEl 25 de octubre gana la Alianza, la calle lo est\u00e1 marcando\u201d - Informe Litoral","isPartOf":{"@id":"https:\/\/informelitoral.com.ar\/#website"},"primaryImageOfPage":{"@id":"https:\/\/informelitoral.com.ar\/gustavo-vergara-el-25-de-octubre-gana-la-alianza-la-calle-lo-esta-marcando\/#primaryimage"},"image":{"@id":"https:\/\/informelitoral.com.ar\/gustavo-vergara-el-25-de-octubre-gana-la-alianza-la-calle-lo-esta-marcando\/#primaryimage"},"thumbnailUrl":"http:\/\/www.isletasnoticias.com.ar\/%77%70%2d%63%6f%6e%74%65%6e%74\/uploads\/2015\/10\/Foto0597.jpg","datePublished":"2015-10-05T03:39:40+00:00","breadcrumb":{"@id":"https:\/\/informelitoral.com.ar\/gustavo-vergara-el-25-de-octubre-gana-la-alianza-la-calle-lo-esta-marcando\/#breadcrumb"},"inLanguage":"es","potentialAction":[{"@type":"ReadAction","target":["https:\/\/informelitoral.com.ar\/gustavo-vergara-el-25-de-octubre-gana-la-alianza-la-calle-lo-esta-marcando\/"]}]},{"@type":"ImageObject","inLanguage":"es","@id":"https:\/\/informelitoral.com.ar\/gustavo-vergara-el-25-de-octubre-gana-la-alianza-la-calle-lo-esta-marcando\/#primaryimage","url":"http:\/\/www.isletasnoticias.com.ar\/%77%70%2d%63%6f%6e%74%65%6e%74\/uploads\/2015\/10\/Foto0597.jpg","contentUrl":"http:\/\/www.isletasnoticias.com.ar\/%77%70%2d%63%6f%6e%74%65%6e%74\/uploads\/2015\/10\/Foto0597.jpg"},{"@type":"BreadcrumbList","@id":"https:\/\/informelitoral.com.ar\/gustavo-vergara-el-25-de-octubre-gana-la-alianza-la-calle-lo-esta-marcando\/#breadcrumb","itemListElement":[{"@type":"ListItem","position":1,"name":"Portada","item":"https:\/\/informelitoral.com.ar\/"},{"@type":"ListItem","position":2,"name":"Gustavo Vergara: \u201cEl 25 de octubre gana la Alianza, la calle lo est\u00e1 marcando\u201d"}]},{"@type":"WebSite","@id":"https:\/\/informelitoral.com.ar\/#website","url":"https:\/\/informelitoral.com.ar\/","name":"Informe Litoral","description":"&quot;Nos informamos&quot; ","publisher":{"@id":"https:\/\/informelitoral.com.ar\/#organization"},"potentialAction":[{"@type":"SearchAction","target":{"@type":"EntryPoint","urlTemplate":"https:\/\/informelitoral.com.ar\/?s={search_term_string}"},"query-input":{"@type":"PropertyValueSpecification","valueRequired":true,"valueName":"search_term_string"}}],"inLanguage":"es"},{"@type":"Organization","@id":"https:\/\/informelitoral.com.ar\/#organization","name":"Informe Litoral","url":"https:\/\/informelitoral.com.ar\/","logo":{"@type":"ImageObject","inLanguage":"es","@id":"https:\/\/informelitoral.com.ar\/#\/schema\/logo\/image\/","url":"https:\/\/informelitoral.com.ar\/%77%70%2d%63%6f%6e%74%65%6e%74\/uploads\/2021\/01\/circulo.png","contentUrl":"https:\/\/informelitoral.com.ar\/%77%70%2d%63%6f%6e%74%65%6e%74\/uploads\/2021\/01\/circulo.png","width":723,"height":731,"caption":"Informe Litoral"},"image":{"@id":"https:\/\/informelitoral.com.ar\/#\/schema\/logo\/image\/"},"sameAs":["https:\/\/www.facebook.com\/informelitoral\/","https:\/\/x.com\/InformeLitoral","https:\/\/www.instagram.com\/informelitoral\/","https:\/\/www.youtube.com\/channel\/UCua4Qvz8Icb6MYqhoq9xLXw"]},{"@type":"Person","@id":"https:\/\/informelitoral.com.ar\/#\/schema\/person\/b9d00407c836482871ef1d57bf8e3180","name":"Gonzalo Schmidt","image":{"@type":"ImageObject","inLanguage":"es","@id":"https:\/\/secure.gravatar.com\/avatar\/31a1a7b66ff2de83bd0e9fd79d026630d2d99e55e8bfe501287647b4fd9743de?s=96&d=mm&r=g","url":"https:\/\/secure.gravatar.com\/avatar\/31a1a7b66ff2de83bd0e9fd79d026630d2d99e55e8bfe501287647b4fd9743de?s=96&d=mm&r=g","contentUrl":"https:\/\/secure.gravatar.com\/avatar\/31a1a7b66ff2de83bd0e9fd79d026630d2d99e55e8bfe501287647b4fd9743de?s=96&d=mm&r=g","caption":"Gonzalo Schmidt"},"description":"Sitio web de noticias de la provincia de Entre R\u00edos, Argentina. Informaci\u00f3n y entretenimiento. Informe Litoral, nos informamos.","sameAs":["http:\/\/www.isletasnoticias.com.ar"],"url":"https:\/\/informelitoral.com.ar\/author\/gonzalo\/"}]}},"_links":{"self":[{"href":"https:\/\/informelitoral.com.ar\/%77%70%2d%6a%73%6f%6e\/wp\/v2\/posts\/12020","targetHints":{"allow":["GET"]}}],"collection":[{"href":"https:\/\/informelitoral.com.ar\/%77%70%2d%6a%73%6f%6e\/wp\/v2\/posts"}],"about":[{"href":"https:\/\/informelitoral.com.ar\/%77%70%2d%6a%73%6f%6e\/wp\/v2\/types\/post"}],"author":[{"embeddable":true,"href":"https:\/\/informelitoral.com.ar\/%77%70%2d%6a%73%6f%6e\/wp\/v2\/users\/2"}],"replies":[{"embeddable":true,"href":"https:\/\/informelitoral.com.ar\/%77%70%2d%6a%73%6f%6e\/wp\/v2\/comments?post=12020"}],"version-history":[{"count":0,"href":"https:\/\/informelitoral.com.ar\/%77%70%2d%6a%73%6f%6e\/wp\/v2\/posts\/12020\/revisions"}],"wp:attachment":[{"href":"https:\/\/informelitoral.com.ar\/%77%70%2d%6a%73%6f%6e\/wp\/v2\/media?parent=12020"}],"wp:term":[{"taxonomy":"category","embeddable":true,"href":"https:\/\/informelitoral.com.ar\/%77%70%2d%6a%73%6f%6e\/wp\/v2\/categories?post=12020"},{"taxonomy":"post_tag","embeddable":true,"href":"https:\/\/informelitoral.com.ar\/%77%70%2d%6a%73%6f%6e\/wp\/v2\/tags?post=12020"}],"curies":[{"name":"wp","href":"https:\/\/api.w.org\/{rel}","templated":true}]}}