{"id":12002,"date":"2015-10-04T20:18:40","date_gmt":"2015-10-04T23:18:40","guid":{"rendered":"http:\/\/www.isletasnoticias.com.ar\/?p=12002"},"modified":"2015-10-04T20:48:20","modified_gmt":"2015-10-04T23:48:20","slug":"sin-scioli-el-debate-presidencial-se-vera-por-america-y-la-web","status":"publish","type":"post","link":"https:\/\/informelitoral.com.ar\/sin-scioli-el-debate-presidencial-se-vera-por-america-y-la-web\/","title":{"rendered":"Sin Scioli, el debate presidencial se ver\u00e1 por Am\u00e9rica y la web"},"content":{"rendered":"<p><strong>Los organizadores continuaban hablando ayer con canales de cable, aunque hasta anoche s\u00f3lo hab\u00edan confirmado a Am\u00e9rica y CNN en Espa\u00f1ol, que se sumar\u00e1 mostrando algunos tramos de la discusi\u00f3n. Ser\u00e1 este domingo 4 de octubre desde<\/strong><strong> las 21.00.\u00a0<a href=\"http:\/\/www.isletasnoticias.com.ar\/%77%70%2d%63%6f%6e%74%65%6e%74\/uploads\/2015\/10\/Camara_-_IMG_crop_1355171704336.jpg_1328648940.jpg\"><img loading=\"lazy\" decoding=\"async\" class=\"aligncenter wp-image-12003 size-medium\" src=\"http:\/\/www.isletasnoticias.com.ar\/%77%70%2d%63%6f%6e%74%65%6e%74\/uploads\/2015\/10\/Camara_-_IMG_crop_1355171704336.jpg_1328648940-300x169.jpg\" alt=\"Camara_-_IMG_crop_1355171704336.jpg_1328648940\" width=\"300\" height=\"169\" srcset=\"https:\/\/informelitoral.com.ar\/%77%70%2d%63%6f%6e%74%65%6e%74\/uploads\/2015\/10\/Camara_-_IMG_crop_1355171704336.jpg_1328648940-300x169.jpg 300w, https:\/\/informelitoral.com.ar\/%77%70%2d%63%6f%6e%74%65%6e%74\/uploads\/2015\/10\/Camara_-_IMG_crop_1355171704336.jpg_1328648940.jpg 620w\" sizes=\"auto, (max-width: 300px) 100vw, 300px\" \/><\/a><\/strong>La antesala del primer debate presidencial de la Argentina no pudo tener m\u00e1s incertidumbre. A la ausencia del candidato presidencial del oficialismo y ganador de las elecciones primarias, Daniel Scioli, se le sum\u00f3 la decisi\u00f3n de varios de los canales de televisi\u00f3n que se hab\u00edan comprometido a transmitir el evento y en los \u00faltimos d\u00edas deshicieron ese pacto. Anoche, la Fundaci\u00f3n Argentina Debate logr\u00f3 finalmente acordar que al menos un canal de aire, Am\u00e9rica, transmitir\u00e1 el evento de este domingo a la noche, mientras continuaba negociando con otras se\u00f1ales de aire y de cable. La discusi\u00f3n tambi\u00e9n se podr\u00e1 ver en varios sitios webs, entre ellos el de El Cronista, y adem\u00e1s CNN en espa\u00f1ol se sumar\u00e1 con algunos tramos a la transmisi\u00f3n.<\/p>\n<p>Las negociaciones con los canales se intensificaron en la tarde de ayer y continuar\u00e1n hoy, aunque este diario pudo confirmar de fuentes de la organizaci\u00f3n y del canal Am\u00e9rica que la se\u00f1al est\u00e1 confirmada en la transmisi\u00f3n del debate. Ser\u00e1 desde las 21 del domingo y durante dos horas. Cada bloque del env\u00edo abarcar\u00e1 un eje tem\u00e1tico: desarrollo econ\u00f3mico y humano; educaci\u00f3n e infancia; seguridad y derechos humanos; y fortalecimiento democr\u00e1tico. Adem\u00e1s, habr\u00e1 un quinto bloque que ser\u00e1 multitem\u00e1tico y que incluir\u00e1 temas de coyuntura, como la discusi\u00f3n por el sistema electoral, medio ambiente y violencia de g\u00e9nero, entre otros.<br \/>\nEn paralelo con la incertidumbre por la televisaci\u00f3n, ayer continu\u00f3 repercutiendo en el escenario pol\u00edtico la decisi\u00f3n de Scioli de ausentarse del encuentro a pesar de que sus equipos de campa\u00f1a participaron, junto a los de los otros candidatos, de todas las instancias de organizaci\u00f3n del evento. El gobernador bonaerense defendi\u00f3 su faltazo al se\u00f1alar que su programa de gobierno \u00abest\u00e1 claro\u00bb y lo dem\u00e1s \u00abes chamuyo\u00bb. Sus rivales no lo tomaron nada bien.<br \/>\n\u00abEs un insulto para los votantes y para la democracia\u00bb, se quej\u00f3 el candidato presidencial de UNA, Sergio Massa, quien apuesta fuerte a salir como el mejor parado del debate. En su entorno creen que el tigrense tiene \u00abtodo para ganar\u00bb dada su destreza oratoria. Envalentonado por las \u00faltimas encuestas, que lo muestran repuntando, Massa buscar\u00e1 socavar a Mauricio Macri, quien hoy por hoy aparece como mejor posicionado para intentar forzar una segunda vuelta electoral frente a Scioli.<br \/>\nEl PRO tampoco dej\u00f3 pasar los dichos de Scioli. \u00abNegarse a debatir s\u00f3lo se entiende si uno tiene cosas que esconder\u00bb, fustig\u00f3 la candidata a vicepresidenta por Cambiemos, Gabriela Michetti, quien lament\u00f3 que Scioli le \u00abreste a los ciudadanos la posibilidad de ver un debate\u00bb.<\/p>\n<p>Se sum\u00f3 a las cr\u00edticas el senador Adolfo Rodr\u00edguez Sa\u00e1, candidato de Compromiso Federal, para quien la decisi\u00f3n del bonaerense \u00abes un error\u00bb. A su vez, Margarita Stolbizer, postulante de Progresistas, enfatiz\u00f3 que Scioli no tiene \u00abcapacidad de di\u00e1logo\u00bb, mientras que Nicol\u00e1s del Ca\u00f1o, del Frente de Izquierda, apunt\u00f3 que el oficialista \u00abno participa porque tiene posturas muy similares a las de Macri y Massa\u00bb. <em>(El Cronista)<\/em><\/p>\n","protected":false},"excerpt":{"rendered":"<p>Los organizadores continuaban hablando ayer con canales de cable, aunque hasta anoche s&oacute;lo hab&iacute;an confirmado a Am&eacute;rica y CNN en Espa&ntilde;ol, que se sumar&aacute; mostrando algunos tramos de la discusi&oacute;n. Ser&aacute; este domingo 4 de octubre desde las 21.00.&nbsp;La antesala del primer debate presidencial de la Argentina no pudo tener m&aacute;s incertidumbre. A la ausencia [&hellip;]<\/p>\n","protected":false},"author":2,"featured_media":0,"comment_status":"open","ping_status":"open","sticky":false,"template":"","format":"standard","meta":{"fifu_image_url":"","fifu_image_alt":"","footnotes":""},"categories":[7,16],"tags":[],"class_list":{"0":"post-12002","1":"post","2":"type-post","3":"status-publish","4":"format-standard","6":"category-nacionales","7":"category-politi"},"yoast_head":"<title>Sin Scioli, el debate presidencial se ver\u00e1 por Am\u00e9rica y la web - Informe Litoral<\/title>\n<meta name=\"robots\" content=\"index, follow, max-snippet:-1, max-image-preview:large, max-video-preview:-1\" \/>\n<link rel=\"canonical\" href=\"https:\/\/informelitoral.com.ar\/sin-scioli-el-debate-presidencial-se-vera-por-america-y-la-web\/\" \/>\n<meta property=\"og:locale\" content=\"es_ES\" \/>\n<meta property=\"og:type\" content=\"article\" \/>\n<meta property=\"og:title\" content=\"Sin Scioli, el debate presidencial se ver\u00e1 por Am\u00e9rica y la web - Informe Litoral\" \/>\n<meta property=\"og:description\" content=\"Los organizadores continuaban hablando ayer con canales de cable, aunque hasta anoche s&oacute;lo hab&iacute;an confirmado a Am&eacute;rica y CNN en Espa&ntilde;ol, que se sumar&aacute; mostrando algunos tramos de la discusi&oacute;n. Ser&aacute; este domingo 4 de octubre desde las 21.00.&nbsp;La antesala del primer debate presidencial de la Argentina no pudo tener m&aacute;s incertidumbre. A la ausencia [&hellip;]\" \/>\n<meta property=\"og:url\" content=\"https:\/\/informelitoral.com.ar\/sin-scioli-el-debate-presidencial-se-vera-por-america-y-la-web\/\" \/>\n<meta property=\"og:site_name\" content=\"Informe Litoral\" \/>\n<meta property=\"article:publisher\" content=\"https:\/\/www.facebook.com\/informelitoral\/\" \/>\n<meta property=\"article:published_time\" content=\"2015-10-04T23:18:40+00:00\" \/>\n<meta property=\"article:modified_time\" content=\"2015-10-04T23:48:20+00:00\" \/>\n<meta property=\"og:image\" content=\"https:\/\/informelitoral.com.ar\/%77%70%2d%63%6f%6e%74%65%6e%74\/uploads\/2015\/10\/Camara_-_IMG_crop_1355171704336.jpg_1328648940.jpg\" \/>\n\t<meta property=\"og:image:width\" content=\"620\" \/>\n\t<meta property=\"og:image:height\" content=\"350\" \/>\n\t<meta property=\"og:image:type\" content=\"image\/jpeg\" \/>\n<meta name=\"author\" content=\"Gonzalo Schmidt\" \/>\n<meta name=\"twitter:card\" content=\"summary_large_image\" \/>\n<meta name=\"twitter:creator\" content=\"@InformeLitoral\" \/>\n<meta name=\"twitter:site\" content=\"@InformeLitoral\" \/>\n<meta name=\"twitter:label1\" content=\"Escrito por\" \/>\n\t<meta name=\"twitter:data1\" content=\"Gonzalo Schmidt\" \/>\n\t<meta name=\"twitter:label2\" content=\"Tiempo de lectura\" \/>\n\t<meta name=\"twitter:data2\" content=\"3 minutos\" \/>\n<script type=\"application\/ld+json\" class=\"yoast-schema-graph\">{\"@context\":\"https:\\\/\\\/schema.org\",\"@graph\":[{\"@type\":\"Article\",\"@id\":\"https:\\\/\\\/informelitoral.com.ar\\\/sin-scioli-el-debate-presidencial-se-vera-por-america-y-la-web\\\/#article\",\"isPartOf\":{\"@id\":\"https:\\\/\\\/informelitoral.com.ar\\\/sin-scioli-el-debate-presidencial-se-vera-por-america-y-la-web\\\/\"},\"author\":{\"name\":\"Gonzalo Schmidt\",\"@id\":\"https:\\\/\\\/informelitoral.com.ar\\\/#\\\/schema\\\/person\\\/b9d00407c836482871ef1d57bf8e3180\"},\"headline\":\"Sin Scioli, el debate presidencial se ver\u00e1 por Am\u00e9rica y la web\",\"datePublished\":\"2015-10-04T23:18:40+00:00\",\"dateModified\":\"2015-10-04T23:48:20+00:00\",\"mainEntityOfPage\":{\"@id\":\"https:\\\/\\\/informelitoral.com.ar\\\/sin-scioli-el-debate-presidencial-se-vera-por-america-y-la-web\\\/\"},\"wordCount\":582,\"commentCount\":0,\"publisher\":{\"@id\":\"https:\\\/\\\/informelitoral.com.ar\\\/#organization\"},\"image\":{\"@id\":\"https:\\\/\\\/informelitoral.com.ar\\\/sin-scioli-el-debate-presidencial-se-vera-por-america-y-la-web\\\/#primaryimage\"},\"thumbnailUrl\":\"http:\\\/\\\/www.isletasnoticias.com.ar\\\/%77%70%2d%63%6f%6e%74%65%6e%74\\\/uploads\\\/2015\\\/10\\\/Camara_-_IMG_crop_1355171704336.jpg_1328648940-300x169.jpg\",\"articleSection\":[\"Nacionales\",\"Politica\"],\"inLanguage\":\"es\",\"potentialAction\":[{\"@type\":\"CommentAction\",\"name\":\"Comment\",\"target\":[\"https:\\\/\\\/informelitoral.com.ar\\\/sin-scioli-el-debate-presidencial-se-vera-por-america-y-la-web\\\/#respond\"]}]},{\"@type\":\"WebPage\",\"@id\":\"https:\\\/\\\/informelitoral.com.ar\\\/sin-scioli-el-debate-presidencial-se-vera-por-america-y-la-web\\\/\",\"url\":\"https:\\\/\\\/informelitoral.com.ar\\\/sin-scioli-el-debate-presidencial-se-vera-por-america-y-la-web\\\/\",\"name\":\"Sin Scioli, el debate presidencial se ver\u00e1 por Am\u00e9rica y la web - Informe Litoral\",\"isPartOf\":{\"@id\":\"https:\\\/\\\/informelitoral.com.ar\\\/#website\"},\"primaryImageOfPage\":{\"@id\":\"https:\\\/\\\/informelitoral.com.ar\\\/sin-scioli-el-debate-presidencial-se-vera-por-america-y-la-web\\\/#primaryimage\"},\"image\":{\"@id\":\"https:\\\/\\\/informelitoral.com.ar\\\/sin-scioli-el-debate-presidencial-se-vera-por-america-y-la-web\\\/#primaryimage\"},\"thumbnailUrl\":\"http:\\\/\\\/www.isletasnoticias.com.ar\\\/%77%70%2d%63%6f%6e%74%65%6e%74\\\/uploads\\\/2015\\\/10\\\/Camara_-_IMG_crop_1355171704336.jpg_1328648940-300x169.jpg\",\"datePublished\":\"2015-10-04T23:18:40+00:00\",\"dateModified\":\"2015-10-04T23:48:20+00:00\",\"breadcrumb\":{\"@id\":\"https:\\\/\\\/informelitoral.com.ar\\\/sin-scioli-el-debate-presidencial-se-vera-por-america-y-la-web\\\/#breadcrumb\"},\"inLanguage\":\"es\",\"potentialAction\":[{\"@type\":\"ReadAction\",\"target\":[\"https:\\\/\\\/informelitoral.com.ar\\\/sin-scioli-el-debate-presidencial-se-vera-por-america-y-la-web\\\/\"]}]},{\"@type\":\"ImageObject\",\"inLanguage\":\"es\",\"@id\":\"https:\\\/\\\/informelitoral.com.ar\\\/sin-scioli-el-debate-presidencial-se-vera-por-america-y-la-web\\\/#primaryimage\",\"url\":\"http:\\\/\\\/www.isletasnoticias.com.ar\\\/%77%70%2d%63%6f%6e%74%65%6e%74\\\/uploads\\\/2015\\\/10\\\/Camara_-_IMG_crop_1355171704336.jpg_1328648940-300x169.jpg\",\"contentUrl\":\"http:\\\/\\\/www.isletasnoticias.com.ar\\\/%77%70%2d%63%6f%6e%74%65%6e%74\\\/uploads\\\/2015\\\/10\\\/Camara_-_IMG_crop_1355171704336.jpg_1328648940-300x169.jpg\"},{\"@type\":\"BreadcrumbList\",\"@id\":\"https:\\\/\\\/informelitoral.com.ar\\\/sin-scioli-el-debate-presidencial-se-vera-por-america-y-la-web\\\/#breadcrumb\",\"itemListElement\":[{\"@type\":\"ListItem\",\"position\":1,\"name\":\"Portada\",\"item\":\"https:\\\/\\\/informelitoral.com.ar\\\/\"},{\"@type\":\"ListItem\",\"position\":2,\"name\":\"Sin Scioli, el debate presidencial se ver\u00e1 por Am\u00e9rica y la web\"}]},{\"@type\":\"WebSite\",\"@id\":\"https:\\\/\\\/informelitoral.com.ar\\\/#website\",\"url\":\"https:\\\/\\\/informelitoral.com.ar\\\/\",\"name\":\"Informe Litoral\",\"description\":\"&quot;Nos informamos&quot; \",\"publisher\":{\"@id\":\"https:\\\/\\\/informelitoral.com.ar\\\/#organization\"},\"potentialAction\":[{\"@type\":\"SearchAction\",\"target\":{\"@type\":\"EntryPoint\",\"urlTemplate\":\"https:\\\/\\\/informelitoral.com.ar\\\/?s={search_term_string}\"},\"query-input\":{\"@type\":\"PropertyValueSpecification\",\"valueRequired\":true,\"valueName\":\"search_term_string\"}}],\"inLanguage\":\"es\"},{\"@type\":\"Organization\",\"@id\":\"https:\\\/\\\/informelitoral.com.ar\\\/#organization\",\"name\":\"Informe Litoral\",\"url\":\"https:\\\/\\\/informelitoral.com.ar\\\/\",\"logo\":{\"@type\":\"ImageObject\",\"inLanguage\":\"es\",\"@id\":\"https:\\\/\\\/informelitoral.com.ar\\\/#\\\/schema\\\/logo\\\/image\\\/\",\"url\":\"https:\\\/\\\/informelitoral.com.ar\\\/%77%70%2d%63%6f%6e%74%65%6e%74\\\/uploads\\\/2021\\\/01\\\/circulo.png\",\"contentUrl\":\"https:\\\/\\\/informelitoral.com.ar\\\/%77%70%2d%63%6f%6e%74%65%6e%74\\\/uploads\\\/2021\\\/01\\\/circulo.png\",\"width\":723,\"height\":731,\"caption\":\"Informe Litoral\"},\"image\":{\"@id\":\"https:\\\/\\\/informelitoral.com.ar\\\/#\\\/schema\\\/logo\\\/image\\\/\"},\"sameAs\":[\"https:\\\/\\\/www.facebook.com\\\/informelitoral\\\/\",\"https:\\\/\\\/x.com\\\/InformeLitoral\",\"https:\\\/\\\/www.instagram.com\\\/informelitoral\\\/\",\"https:\\\/\\\/www.youtube.com\\\/channel\\\/UCua4Qvz8Icb6MYqhoq9xLXw\"]},{\"@type\":\"Person\",\"@id\":\"https:\\\/\\\/informelitoral.com.ar\\\/#\\\/schema\\\/person\\\/b9d00407c836482871ef1d57bf8e3180\",\"name\":\"Gonzalo Schmidt\",\"image\":{\"@type\":\"ImageObject\",\"inLanguage\":\"es\",\"@id\":\"https:\\\/\\\/secure.gravatar.com\\\/avatar\\\/31a1a7b66ff2de83bd0e9fd79d026630d2d99e55e8bfe501287647b4fd9743de?s=96&d=mm&r=g\",\"url\":\"https:\\\/\\\/secure.gravatar.com\\\/avatar\\\/31a1a7b66ff2de83bd0e9fd79d026630d2d99e55e8bfe501287647b4fd9743de?s=96&d=mm&r=g\",\"contentUrl\":\"https:\\\/\\\/secure.gravatar.com\\\/avatar\\\/31a1a7b66ff2de83bd0e9fd79d026630d2d99e55e8bfe501287647b4fd9743de?s=96&d=mm&r=g\",\"caption\":\"Gonzalo Schmidt\"},\"description\":\"Sitio web de noticias de la provincia de Entre R\u00edos, Argentina. Informaci\u00f3n y entretenimiento. Informe Litoral, nos informamos.\",\"sameAs\":[\"http:\\\/\\\/www.isletasnoticias.com.ar\"],\"url\":\"https:\\\/\\\/informelitoral.com.ar\\\/author\\\/gonzalo\\\/\"}]}<\/script>","yoast_head_json":{"title":"Sin Scioli, el debate presidencial se ver\u00e1 por Am\u00e9rica y la web - Informe Litoral","robots":{"index":"index","follow":"follow","max-snippet":"max-snippet:-1","max-image-preview":"max-image-preview:large","max-video-preview":"max-video-preview:-1"},"canonical":"https:\/\/informelitoral.com.ar\/sin-scioli-el-debate-presidencial-se-vera-por-america-y-la-web\/","og_locale":"es_ES","og_type":"article","og_title":"Sin Scioli, el debate presidencial se ver\u00e1 por Am\u00e9rica y la web - Informe Litoral","og_description":"Los organizadores continuaban hablando ayer con canales de cable, aunque hasta anoche s&oacute;lo hab&iacute;an confirmado a Am&eacute;rica y CNN en Espa&ntilde;ol, que se sumar&aacute; mostrando algunos tramos de la discusi&oacute;n. Ser&aacute; este domingo 4 de octubre desde las 21.00.&nbsp;La antesala del primer debate presidencial de la Argentina no pudo tener m&aacute;s incertidumbre. A la ausencia [&hellip;]","og_url":"https:\/\/informelitoral.com.ar\/sin-scioli-el-debate-presidencial-se-vera-por-america-y-la-web\/","og_site_name":"Informe Litoral","article_publisher":"https:\/\/www.facebook.com\/informelitoral\/","article_published_time":"2015-10-04T23:18:40+00:00","article_modified_time":"2015-10-04T23:48:20+00:00","og_image":[{"width":620,"height":350,"url":"https:\/\/informelitoral.com.ar\/%77%70%2d%63%6f%6e%74%65%6e%74\/uploads\/2015\/10\/Camara_-_IMG_crop_1355171704336.jpg_1328648940.jpg","type":"image\/jpeg"}],"author":"Gonzalo Schmidt","twitter_card":"summary_large_image","twitter_creator":"@InformeLitoral","twitter_site":"@InformeLitoral","twitter_misc":{"Escrito por":"Gonzalo Schmidt","Tiempo de lectura":"3 minutos"},"schema":{"@context":"https:\/\/schema.org","@graph":[{"@type":"Article","@id":"https:\/\/informelitoral.com.ar\/sin-scioli-el-debate-presidencial-se-vera-por-america-y-la-web\/#article","isPartOf":{"@id":"https:\/\/informelitoral.com.ar\/sin-scioli-el-debate-presidencial-se-vera-por-america-y-la-web\/"},"author":{"name":"Gonzalo Schmidt","@id":"https:\/\/informelitoral.com.ar\/#\/schema\/person\/b9d00407c836482871ef1d57bf8e3180"},"headline":"Sin Scioli, el debate presidencial se ver\u00e1 por Am\u00e9rica y la web","datePublished":"2015-10-04T23:18:40+00:00","dateModified":"2015-10-04T23:48:20+00:00","mainEntityOfPage":{"@id":"https:\/\/informelitoral.com.ar\/sin-scioli-el-debate-presidencial-se-vera-por-america-y-la-web\/"},"wordCount":582,"commentCount":0,"publisher":{"@id":"https:\/\/informelitoral.com.ar\/#organization"},"image":{"@id":"https:\/\/informelitoral.com.ar\/sin-scioli-el-debate-presidencial-se-vera-por-america-y-la-web\/#primaryimage"},"thumbnailUrl":"http:\/\/www.isletasnoticias.com.ar\/%77%70%2d%63%6f%6e%74%65%6e%74\/uploads\/2015\/10\/Camara_-_IMG_crop_1355171704336.jpg_1328648940-300x169.jpg","articleSection":["Nacionales","Politica"],"inLanguage":"es","potentialAction":[{"@type":"CommentAction","name":"Comment","target":["https:\/\/informelitoral.com.ar\/sin-scioli-el-debate-presidencial-se-vera-por-america-y-la-web\/#respond"]}]},{"@type":"WebPage","@id":"https:\/\/informelitoral.com.ar\/sin-scioli-el-debate-presidencial-se-vera-por-america-y-la-web\/","url":"https:\/\/informelitoral.com.ar\/sin-scioli-el-debate-presidencial-se-vera-por-america-y-la-web\/","name":"Sin Scioli, el debate presidencial se ver\u00e1 por Am\u00e9rica y la web - Informe Litoral","isPartOf":{"@id":"https:\/\/informelitoral.com.ar\/#website"},"primaryImageOfPage":{"@id":"https:\/\/informelitoral.com.ar\/sin-scioli-el-debate-presidencial-se-vera-por-america-y-la-web\/#primaryimage"},"image":{"@id":"https:\/\/informelitoral.com.ar\/sin-scioli-el-debate-presidencial-se-vera-por-america-y-la-web\/#primaryimage"},"thumbnailUrl":"http:\/\/www.isletasnoticias.com.ar\/%77%70%2d%63%6f%6e%74%65%6e%74\/uploads\/2015\/10\/Camara_-_IMG_crop_1355171704336.jpg_1328648940-300x169.jpg","datePublished":"2015-10-04T23:18:40+00:00","dateModified":"2015-10-04T23:48:20+00:00","breadcrumb":{"@id":"https:\/\/informelitoral.com.ar\/sin-scioli-el-debate-presidencial-se-vera-por-america-y-la-web\/#breadcrumb"},"inLanguage":"es","potentialAction":[{"@type":"ReadAction","target":["https:\/\/informelitoral.com.ar\/sin-scioli-el-debate-presidencial-se-vera-por-america-y-la-web\/"]}]},{"@type":"ImageObject","inLanguage":"es","@id":"https:\/\/informelitoral.com.ar\/sin-scioli-el-debate-presidencial-se-vera-por-america-y-la-web\/#primaryimage","url":"http:\/\/www.isletasnoticias.com.ar\/%77%70%2d%63%6f%6e%74%65%6e%74\/uploads\/2015\/10\/Camara_-_IMG_crop_1355171704336.jpg_1328648940-300x169.jpg","contentUrl":"http:\/\/www.isletasnoticias.com.ar\/%77%70%2d%63%6f%6e%74%65%6e%74\/uploads\/2015\/10\/Camara_-_IMG_crop_1355171704336.jpg_1328648940-300x169.jpg"},{"@type":"BreadcrumbList","@id":"https:\/\/informelitoral.com.ar\/sin-scioli-el-debate-presidencial-se-vera-por-america-y-la-web\/#breadcrumb","itemListElement":[{"@type":"ListItem","position":1,"name":"Portada","item":"https:\/\/informelitoral.com.ar\/"},{"@type":"ListItem","position":2,"name":"Sin Scioli, el debate presidencial se ver\u00e1 por Am\u00e9rica y la web"}]},{"@type":"WebSite","@id":"https:\/\/informelitoral.com.ar\/#website","url":"https:\/\/informelitoral.com.ar\/","name":"Informe Litoral","description":"&quot;Nos informamos&quot; ","publisher":{"@id":"https:\/\/informelitoral.com.ar\/#organization"},"potentialAction":[{"@type":"SearchAction","target":{"@type":"EntryPoint","urlTemplate":"https:\/\/informelitoral.com.ar\/?s={search_term_string}"},"query-input":{"@type":"PropertyValueSpecification","valueRequired":true,"valueName":"search_term_string"}}],"inLanguage":"es"},{"@type":"Organization","@id":"https:\/\/informelitoral.com.ar\/#organization","name":"Informe Litoral","url":"https:\/\/informelitoral.com.ar\/","logo":{"@type":"ImageObject","inLanguage":"es","@id":"https:\/\/informelitoral.com.ar\/#\/schema\/logo\/image\/","url":"https:\/\/informelitoral.com.ar\/%77%70%2d%63%6f%6e%74%65%6e%74\/uploads\/2021\/01\/circulo.png","contentUrl":"https:\/\/informelitoral.com.ar\/%77%70%2d%63%6f%6e%74%65%6e%74\/uploads\/2021\/01\/circulo.png","width":723,"height":731,"caption":"Informe Litoral"},"image":{"@id":"https:\/\/informelitoral.com.ar\/#\/schema\/logo\/image\/"},"sameAs":["https:\/\/www.facebook.com\/informelitoral\/","https:\/\/x.com\/InformeLitoral","https:\/\/www.instagram.com\/informelitoral\/","https:\/\/www.youtube.com\/channel\/UCua4Qvz8Icb6MYqhoq9xLXw"]},{"@type":"Person","@id":"https:\/\/informelitoral.com.ar\/#\/schema\/person\/b9d00407c836482871ef1d57bf8e3180","name":"Gonzalo Schmidt","image":{"@type":"ImageObject","inLanguage":"es","@id":"https:\/\/secure.gravatar.com\/avatar\/31a1a7b66ff2de83bd0e9fd79d026630d2d99e55e8bfe501287647b4fd9743de?s=96&d=mm&r=g","url":"https:\/\/secure.gravatar.com\/avatar\/31a1a7b66ff2de83bd0e9fd79d026630d2d99e55e8bfe501287647b4fd9743de?s=96&d=mm&r=g","contentUrl":"https:\/\/secure.gravatar.com\/avatar\/31a1a7b66ff2de83bd0e9fd79d026630d2d99e55e8bfe501287647b4fd9743de?s=96&d=mm&r=g","caption":"Gonzalo Schmidt"},"description":"Sitio web de noticias de la provincia de Entre R\u00edos, Argentina. Informaci\u00f3n y entretenimiento. Informe Litoral, nos informamos.","sameAs":["http:\/\/www.isletasnoticias.com.ar"],"url":"https:\/\/informelitoral.com.ar\/author\/gonzalo\/"}]}},"_links":{"self":[{"href":"https:\/\/informelitoral.com.ar\/%77%70%2d%6a%73%6f%6e\/wp\/v2\/posts\/12002","targetHints":{"allow":["GET"]}}],"collection":[{"href":"https:\/\/informelitoral.com.ar\/%77%70%2d%6a%73%6f%6e\/wp\/v2\/posts"}],"about":[{"href":"https:\/\/informelitoral.com.ar\/%77%70%2d%6a%73%6f%6e\/wp\/v2\/types\/post"}],"author":[{"embeddable":true,"href":"https:\/\/informelitoral.com.ar\/%77%70%2d%6a%73%6f%6e\/wp\/v2\/users\/2"}],"replies":[{"embeddable":true,"href":"https:\/\/informelitoral.com.ar\/%77%70%2d%6a%73%6f%6e\/wp\/v2\/comments?post=12002"}],"version-history":[{"count":0,"href":"https:\/\/informelitoral.com.ar\/%77%70%2d%6a%73%6f%6e\/wp\/v2\/posts\/12002\/revisions"}],"wp:attachment":[{"href":"https:\/\/informelitoral.com.ar\/%77%70%2d%6a%73%6f%6e\/wp\/v2\/media?parent=12002"}],"wp:term":[{"taxonomy":"category","embeddable":true,"href":"https:\/\/informelitoral.com.ar\/%77%70%2d%6a%73%6f%6e\/wp\/v2\/categories?post=12002"},{"taxonomy":"post_tag","embeddable":true,"href":"https:\/\/informelitoral.com.ar\/%77%70%2d%6a%73%6f%6e\/wp\/v2\/tags?post=12002"}],"curies":[{"name":"wp","href":"https:\/\/api.w.org\/{rel}","templated":true}]}}