{"id":120016,"date":"2023-02-13T18:21:04","date_gmt":"2023-02-13T21:21:04","guid":{"rendered":"https:\/\/www.informelitoral.com.ar\/?p=120016"},"modified":"2023-02-13T18:34:21","modified_gmt":"2023-02-13T21:34:21","slug":"los-tipitos-sera-el-numero-central-del-ramirez-festeja-2023","status":"publish","type":"post","link":"https:\/\/informelitoral.com.ar\/los-tipitos-sera-el-numero-central-del-ramirez-festeja-2023\/","title":{"rendered":"Los Tipitos ser\u00e1 el n\u00famero central del Ram\u00edrez Festeja 2023"},"content":{"rendered":"<p>En <strong>General Ram\u00edrez<\/strong> preparan una nueva edici\u00f3n del <a href=\"https:\/\/www.instagram.com\/ramirez_festeja\/?hl=es\"><strong><em>Ram\u00edrez Festeja<\/em><\/strong><\/a>, con motivo del <strong>135 aniversario<\/strong> de esa ciudad del departamento Diamante. El festival se realizar\u00e1 dentro de un mes, el pr\u00f3ximo <strong>10, 11 y 12 de marzo<\/strong> y ya se confirm\u00f3 la grilla de artistas para los tres d\u00edas.<\/p>\n<figure id=\"attachment_120018\" aria-describedby=\"caption-attachment-120018\" style=\"width: 630px\" class=\"wp-caption aligncenter\"><a href=\"http:\/\/www.informelitoral.com.ar\/%77%70%2d%63%6f%6e%74%65%6e%74\/uploads\/2023\/02\/Ramirez-festeja-5-630x420-1.jpg\"><img loading=\"lazy\" decoding=\"async\" class=\"wp-image-120018 size-full\" src=\"http:\/\/www.informelitoral.com.ar\/%77%70%2d%63%6f%6e%74%65%6e%74\/uploads\/2023\/02\/Ramirez-festeja-5-630x420-1.jpg\" alt=\"\" width=\"630\" height=\"420\" srcset=\"https:\/\/informelitoral.com.ar\/%77%70%2d%63%6f%6e%74%65%6e%74\/uploads\/2023\/02\/Ramirez-festeja-5-630x420-1.jpg 630w, https:\/\/informelitoral.com.ar\/%77%70%2d%63%6f%6e%74%65%6e%74\/uploads\/2023\/02\/Ramirez-festeja-5-630x420-1-300x200.jpg 300w\" sizes=\"auto, (max-width: 630px) 100vw, 630px\" \/><\/a><figcaption id=\"caption-attachment-120018\" class=\"wp-caption-text\">Las tres noches de escenario ser\u00e1n transmitidas en vivo por Canal 6 Entre R\u00edos TV.<\/figcaption><\/figure>\n<h4><strong>CRONOGRAMA DEL RAM\u00cdREZ FESTEJA 2023<\/strong><\/h4>\n<h4><strong>Viernes 10<\/strong><\/h4>\n<figure id=\"attachment_120019\" aria-describedby=\"caption-attachment-120019\" style=\"width: 960px\" class=\"wp-caption aligncenter\"><a href=\"http:\/\/www.informelitoral.com.ar\/%77%70%2d%63%6f%6e%74%65%6e%74\/uploads\/2023\/02\/306722034_636996581134788_6583013489257321507_n.jpg\"><img loading=\"lazy\" decoding=\"async\" class=\"wp-image-120019 size-full\" src=\"http:\/\/www.informelitoral.com.ar\/%77%70%2d%63%6f%6e%74%65%6e%74\/uploads\/2023\/02\/306722034_636996581134788_6583013489257321507_n.jpg\" alt=\"\" width=\"960\" height=\"591\" srcset=\"https:\/\/informelitoral.com.ar\/%77%70%2d%63%6f%6e%74%65%6e%74\/uploads\/2023\/02\/306722034_636996581134788_6583013489257321507_n.jpg 960w, https:\/\/informelitoral.com.ar\/%77%70%2d%63%6f%6e%74%65%6e%74\/uploads\/2023\/02\/306722034_636996581134788_6583013489257321507_n-300x185.jpg 300w, https:\/\/informelitoral.com.ar\/%77%70%2d%63%6f%6e%74%65%6e%74\/uploads\/2023\/02\/306722034_636996581134788_6583013489257321507_n-768x473.jpg 768w, https:\/\/informelitoral.com.ar\/%77%70%2d%63%6f%6e%74%65%6e%74\/uploads\/2023\/02\/306722034_636996581134788_6583013489257321507_n-696x428.jpg 696w, https:\/\/informelitoral.com.ar\/%77%70%2d%63%6f%6e%74%65%6e%74\/uploads\/2023\/02\/306722034_636996581134788_6583013489257321507_n-682x420.jpg 682w, https:\/\/informelitoral.com.ar\/%77%70%2d%63%6f%6e%74%65%6e%74\/uploads\/2023\/02\/306722034_636996581134788_6583013489257321507_n-356x220.jpg 356w\" sizes=\"auto, (max-width: 960px) 100vw, 960px\" \/><\/a><figcaption id=\"caption-attachment-120019\" class=\"wp-caption-text\">Los tipitos ser\u00e1n el n\u00famero central del Ram\u00edrez Festeja 2023.<\/figcaption><\/figure>\n<p><strong><span style=\"background-color: #ffff00;\">Los tipitos<\/span><\/strong>, ganador del <a href=\"https:\/\/www.informelitoral.com.ar\/ramirez-festeja-2023-ya-se-pueden-postular-las-bandas\/\">concurso Prebandas,<\/a> Sublevados, Vivre, Fe Siega, La Vuelta y Postmortem.<\/p>\n<h4><strong>S\u00e1bado 11<\/strong><\/h4>\n<figure id=\"attachment_120020\" aria-describedby=\"caption-attachment-120020\" style=\"width: 1600px\" class=\"wp-caption aligncenter\"><a href=\"http:\/\/www.informelitoral.com.ar\/%77%70%2d%63%6f%6e%74%65%6e%74\/uploads\/2023\/02\/67231910_2359590664256615_7130997273143541760_n.jpg\"><img loading=\"lazy\" decoding=\"async\" class=\"wp-image-120020 size-full\" src=\"http:\/\/www.informelitoral.com.ar\/%77%70%2d%63%6f%6e%74%65%6e%74\/uploads\/2023\/02\/67231910_2359590664256615_7130997273143541760_n.jpg\" alt=\"\" width=\"1600\" height=\"1600\" srcset=\"https:\/\/informelitoral.com.ar\/%77%70%2d%63%6f%6e%74%65%6e%74\/uploads\/2023\/02\/67231910_2359590664256615_7130997273143541760_n.jpg 1600w, https:\/\/informelitoral.com.ar\/%77%70%2d%63%6f%6e%74%65%6e%74\/uploads\/2023\/02\/67231910_2359590664256615_7130997273143541760_n-300x300.jpg 300w, https:\/\/informelitoral.com.ar\/%77%70%2d%63%6f%6e%74%65%6e%74\/uploads\/2023\/02\/67231910_2359590664256615_7130997273143541760_n-1024x1024.jpg 1024w, https:\/\/informelitoral.com.ar\/%77%70%2d%63%6f%6e%74%65%6e%74\/uploads\/2023\/02\/67231910_2359590664256615_7130997273143541760_n-150x150.jpg 150w, https:\/\/informelitoral.com.ar\/%77%70%2d%63%6f%6e%74%65%6e%74\/uploads\/2023\/02\/67231910_2359590664256615_7130997273143541760_n-768x768.jpg 768w, https:\/\/informelitoral.com.ar\/%77%70%2d%63%6f%6e%74%65%6e%74\/uploads\/2023\/02\/67231910_2359590664256615_7130997273143541760_n-1536x1536.jpg 1536w, https:\/\/informelitoral.com.ar\/%77%70%2d%63%6f%6e%74%65%6e%74\/uploads\/2023\/02\/67231910_2359590664256615_7130997273143541760_n-696x696.jpg 696w, https:\/\/informelitoral.com.ar\/%77%70%2d%63%6f%6e%74%65%6e%74\/uploads\/2023\/02\/67231910_2359590664256615_7130997273143541760_n-1068x1068.jpg 1068w, https:\/\/informelitoral.com.ar\/%77%70%2d%63%6f%6e%74%65%6e%74\/uploads\/2023\/02\/67231910_2359590664256615_7130997273143541760_n-420x420.jpg 420w\" sizes=\"auto, (max-width: 1600px) 100vw, 1600px\" \/><\/a><figcaption id=\"caption-attachment-120020\" class=\"wp-caption-text\">La Contra ser\u00e1 el n\u00famero central del s\u00e1bado.<\/figcaption><\/figure>\n<p><strong><span style=\"background-color: #ffff00;\">La Contra,<\/span><\/strong> Gaby y Los Aut\u00e9nticos, Cable a Tierra (tributo a Cerati), Ensamble RF, Amigos del Litoral, Miqueas Leyria &amp; Nadia St\u00fcrtz, Dj Ema M\u00fcller, Siempre Tarde, Gas7son FT. Pablo R\u00edos, Marcapasos, Reflejos de Tradici\u00f3n, Camila Buxman y Valentina Grun M\u00e9ndez.<\/p>\n<h4><strong>Domingo 12<\/strong><\/h4>\n<figure id=\"attachment_120021\" aria-describedby=\"caption-attachment-120021\" style=\"width: 1600px\" class=\"wp-caption aligncenter\"><a href=\"http:\/\/www.informelitoral.com.ar\/%77%70%2d%63%6f%6e%74%65%6e%74\/uploads\/2023\/02\/311695997_662037662151594_418098842815664582_n.jpg\"><img loading=\"lazy\" decoding=\"async\" class=\"wp-image-120021 size-full\" src=\"http:\/\/www.informelitoral.com.ar\/%77%70%2d%63%6f%6e%74%65%6e%74\/uploads\/2023\/02\/311695997_662037662151594_418098842815664582_n.jpg\" alt=\"\" width=\"1600\" height=\"1200\" srcset=\"https:\/\/informelitoral.com.ar\/%77%70%2d%63%6f%6e%74%65%6e%74\/uploads\/2023\/02\/311695997_662037662151594_418098842815664582_n.jpg 1600w, https:\/\/informelitoral.com.ar\/%77%70%2d%63%6f%6e%74%65%6e%74\/uploads\/2023\/02\/311695997_662037662151594_418098842815664582_n-300x225.jpg 300w, https:\/\/informelitoral.com.ar\/%77%70%2d%63%6f%6e%74%65%6e%74\/uploads\/2023\/02\/311695997_662037662151594_418098842815664582_n-1024x768.jpg 1024w, https:\/\/informelitoral.com.ar\/%77%70%2d%63%6f%6e%74%65%6e%74\/uploads\/2023\/02\/311695997_662037662151594_418098842815664582_n-768x576.jpg 768w, https:\/\/informelitoral.com.ar\/%77%70%2d%63%6f%6e%74%65%6e%74\/uploads\/2023\/02\/311695997_662037662151594_418098842815664582_n-1536x1152.jpg 1536w, https:\/\/informelitoral.com.ar\/%77%70%2d%63%6f%6e%74%65%6e%74\/uploads\/2023\/02\/311695997_662037662151594_418098842815664582_n-696x522.jpg 696w, https:\/\/informelitoral.com.ar\/%77%70%2d%63%6f%6e%74%65%6e%74\/uploads\/2023\/02\/311695997_662037662151594_418098842815664582_n-1068x801.jpg 1068w, https:\/\/informelitoral.com.ar\/%77%70%2d%63%6f%6e%74%65%6e%74\/uploads\/2023\/02\/311695997_662037662151594_418098842815664582_n-560x420.jpg 560w, https:\/\/informelitoral.com.ar\/%77%70%2d%63%6f%6e%74%65%6e%74\/uploads\/2023\/02\/311695997_662037662151594_418098842815664582_n-80x60.jpg 80w, https:\/\/informelitoral.com.ar\/%77%70%2d%63%6f%6e%74%65%6e%74\/uploads\/2023\/02\/311695997_662037662151594_418098842815664582_n-265x198.jpg 265w\" sizes=\"auto, (max-width: 1600px) 100vw, 1600px\" \/><\/a><figcaption id=\"caption-attachment-120021\" class=\"wp-caption-text\">Ahyre es un grupo formado por ex integrantes de Los Huayra y posee 15 a\u00f1os de trayectoria en los escenarios.<\/figcaption><\/figure>\n<p><span style=\"background-color: #ffff00;\"><strong>Ahyre<\/strong><\/span>, Litoral Tag\u00fc\u00e9, Maravillas Alemanas, La Sin Nombre, Nuevo Encuentro, X-Pressi\u00f3n (danzas), Eclipse (danzas), los Lungos, Nuevas Ra\u00edces (danzas), Revoluci\u00f3n Federal (danzas), Linares Entrerrianos, Ritmos Latinos Laura Sandillu, Hera (danzas), Pitu Mart\u00ednez (ritmos), D\u00fao En Armon\u00eda, Toby Gim\u00e9nez, Isletas Litoral y Maia Videla.<\/p>\n<p>Las actividades ser\u00e1n con <strong>entrada libre y gratuita<\/strong> y este a\u00f1o las tres noches de escenario contar\u00e1n con la <strong>transmisi\u00f3n en vivo de<\/strong><em><strong> Canal 6 Entre R\u00edos TV<\/strong><\/em>, supo <em>Informe Litoral.<\/em><\/p>\n<h4><em><strong>TE PUEDE INTERESAR:<\/strong><\/em><\/h4>\n<blockquote class=\"wp-embedded-content\" data-secret=\"ZaPji2H1Tx\"><p><a href=\"https:\/\/www.informelitoral.com.ar\/ramirez-festeja-2023-ya-se-pueden-postular-las-bandas\/\">Ram\u00edrez Festeja 2023: ya se pueden postular las bandas<\/a><\/p><\/blockquote>\n<p><iframe loading=\"lazy\" class=\"wp-embedded-content\" sandbox=\"allow-scripts\" security=\"restricted\" style=\"position: absolute; clip: rect(1px, 1px, 1px, 1px);\" title=\"\u00abRam\u00edrez Festeja 2023: ya se pueden postular las bandas\u00bb \u2014 Informe Litoral\" src=\"https:\/\/www.informelitoral.com.ar\/ramirez-festeja-2023-ya-se-pueden-postular-las-bandas\/embed\/#?secret=nyEaSKb2na#?secret=ZaPji2H1Tx\" data-secret=\"ZaPji2H1Tx\" width=\"600\" height=\"338\" frameborder=\"0\" marginwidth=\"0\" marginheight=\"0\" scrolling=\"no\"><\/iframe><\/p>\n","protected":false},"excerpt":{"rendered":"<p>El festival se desarrollar\u00e1 el 10, 11 y 12 de marzo en el marco del 135 aniversario de la ciudad. Con entrada libre y gratuita tambi\u00e9n estar\u00e1n sobre el escenario La Contra, Ahyre y muchos artistas locales. Los detalles en esta nota. <\/p>\n","protected":false},"author":2,"featured_media":120017,"comment_status":"open","ping_status":"open","sticky":false,"template":"","format":"standard","meta":{"fifu_image_url":"","fifu_image_alt":"","footnotes":""},"categories":[5],"tags":[556,4136,27,1286],"class_list":{"0":"post-120016","1":"post","2":"type-post","3":"status-publish","4":"format-standard","5":"has-post-thumbnail","7":"category-zonales","8":"tag-general-ramirez","9":"tag-los-tipitos","10":"tag-ramirez","11":"tag-ramirez-festeja"},"yoast_head":"<title>Los Tipitos ser\u00e1 el n\u00famero central del Ram\u00edrez Festeja 2023 - Informe Litoral<\/title>\n<meta name=\"robots\" content=\"index, follow, max-snippet:-1, max-image-preview:large, max-video-preview:-1\" \/>\n<link rel=\"canonical\" href=\"https:\/\/informelitoral.com.ar\/los-tipitos-sera-el-numero-central-del-ramirez-festeja-2023\/\" \/>\n<meta property=\"og:locale\" content=\"es_ES\" \/>\n<meta property=\"og:type\" content=\"article\" \/>\n<meta property=\"og:title\" content=\"Los Tipitos ser\u00e1 el n\u00famero central del Ram\u00edrez Festeja 2023 - Informe Litoral\" \/>\n<meta property=\"og:description\" content=\"El festival se desarrollar\u00e1 el 10, 11 y 12 de marzo en el marco del 135 aniversario de la ciudad. Con entrada libre y gratuita tambi\u00e9n estar\u00e1n sobre el escenario La Contra, Ahyre y muchos artistas locales. Los detalles en esta nota.\" \/>\n<meta property=\"og:url\" content=\"https:\/\/informelitoral.com.ar\/los-tipitos-sera-el-numero-central-del-ramirez-festeja-2023\/\" \/>\n<meta property=\"og:site_name\" content=\"Informe Litoral\" \/>\n<meta property=\"article:publisher\" content=\"https:\/\/www.facebook.com\/informelitoral\/\" \/>\n<meta property=\"article:published_time\" content=\"2023-02-13T21:21:04+00:00\" \/>\n<meta property=\"article:modified_time\" content=\"2023-02-13T21:34:21+00:00\" \/>\n<meta property=\"og:image\" content=\"https:\/\/informelitoral.com.ar\/%77%70%2d%63%6f%6e%74%65%6e%74\/uploads\/2023\/02\/ramirez-festeja-2023.jpg\" \/>\n\t<meta property=\"og:image:width\" content=\"1076\" \/>\n\t<meta property=\"og:image:height\" content=\"1072\" \/>\n\t<meta property=\"og:image:type\" content=\"image\/jpeg\" \/>\n<meta name=\"author\" content=\"Gonzalo Schmidt\" \/>\n<meta name=\"twitter:card\" content=\"summary_large_image\" \/>\n<meta name=\"twitter:creator\" content=\"@InformeLitoral\" \/>\n<meta name=\"twitter:site\" content=\"@InformeLitoral\" \/>\n<meta name=\"twitter:label1\" content=\"Escrito por\" \/>\n\t<meta name=\"twitter:data1\" content=\"Gonzalo Schmidt\" \/>\n\t<meta name=\"twitter:label2\" content=\"Tiempo de lectura\" \/>\n\t<meta name=\"twitter:data2\" content=\"2 minutos\" \/>\n<script type=\"application\/ld+json\" class=\"yoast-schema-graph\">{\"@context\":\"https:\\\/\\\/schema.org\",\"@graph\":[{\"@type\":\"Article\",\"@id\":\"https:\\\/\\\/informelitoral.com.ar\\\/los-tipitos-sera-el-numero-central-del-ramirez-festeja-2023\\\/#article\",\"isPartOf\":{\"@id\":\"https:\\\/\\\/informelitoral.com.ar\\\/los-tipitos-sera-el-numero-central-del-ramirez-festeja-2023\\\/\"},\"author\":{\"name\":\"Gonzalo Schmidt\",\"@id\":\"https:\\\/\\\/informelitoral.com.ar\\\/#\\\/schema\\\/person\\\/b9d00407c836482871ef1d57bf8e3180\"},\"headline\":\"Los Tipitos ser\u00e1 el n\u00famero central del Ram\u00edrez Festeja 2023\",\"datePublished\":\"2023-02-13T21:21:04+00:00\",\"dateModified\":\"2023-02-13T21:34:21+00:00\",\"mainEntityOfPage\":{\"@id\":\"https:\\\/\\\/informelitoral.com.ar\\\/los-tipitos-sera-el-numero-central-del-ramirez-festeja-2023\\\/\"},\"wordCount\":313,\"commentCount\":0,\"publisher\":{\"@id\":\"https:\\\/\\\/informelitoral.com.ar\\\/#organization\"},\"image\":{\"@id\":\"https:\\\/\\\/informelitoral.com.ar\\\/los-tipitos-sera-el-numero-central-del-ramirez-festeja-2023\\\/#primaryimage\"},\"thumbnailUrl\":\"https:\\\/\\\/informelitoral.com.ar\\\/%77%70%2d%63%6f%6e%74%65%6e%74\\\/uploads\\\/2023\\\/02\\\/ramirez-festeja-2023.jpg\",\"keywords\":[\"General Ram\u00edrez\",\"Los Tipitos\",\"Ram\u00edrez\",\"Ram\u00edrez Festeja\"],\"articleSection\":[\"Departamento Diamante\"],\"inLanguage\":\"es\",\"potentialAction\":[{\"@type\":\"CommentAction\",\"name\":\"Comment\",\"target\":[\"https:\\\/\\\/informelitoral.com.ar\\\/los-tipitos-sera-el-numero-central-del-ramirez-festeja-2023\\\/#respond\"]}]},{\"@type\":\"WebPage\",\"@id\":\"https:\\\/\\\/informelitoral.com.ar\\\/los-tipitos-sera-el-numero-central-del-ramirez-festeja-2023\\\/\",\"url\":\"https:\\\/\\\/informelitoral.com.ar\\\/los-tipitos-sera-el-numero-central-del-ramirez-festeja-2023\\\/\",\"name\":\"Los Tipitos ser\u00e1 el n\u00famero central del Ram\u00edrez Festeja 2023 - Informe Litoral\",\"isPartOf\":{\"@id\":\"https:\\\/\\\/informelitoral.com.ar\\\/#website\"},\"primaryImageOfPage\":{\"@id\":\"https:\\\/\\\/informelitoral.com.ar\\\/los-tipitos-sera-el-numero-central-del-ramirez-festeja-2023\\\/#primaryimage\"},\"image\":{\"@id\":\"https:\\\/\\\/informelitoral.com.ar\\\/los-tipitos-sera-el-numero-central-del-ramirez-festeja-2023\\\/#primaryimage\"},\"thumbnailUrl\":\"https:\\\/\\\/informelitoral.com.ar\\\/%77%70%2d%63%6f%6e%74%65%6e%74\\\/uploads\\\/2023\\\/02\\\/ramirez-festeja-2023.jpg\",\"datePublished\":\"2023-02-13T21:21:04+00:00\",\"dateModified\":\"2023-02-13T21:34:21+00:00\",\"breadcrumb\":{\"@id\":\"https:\\\/\\\/informelitoral.com.ar\\\/los-tipitos-sera-el-numero-central-del-ramirez-festeja-2023\\\/#breadcrumb\"},\"inLanguage\":\"es\",\"potentialAction\":[{\"@type\":\"ReadAction\",\"target\":[\"https:\\\/\\\/informelitoral.com.ar\\\/los-tipitos-sera-el-numero-central-del-ramirez-festeja-2023\\\/\"]}]},{\"@type\":\"ImageObject\",\"inLanguage\":\"es\",\"@id\":\"https:\\\/\\\/informelitoral.com.ar\\\/los-tipitos-sera-el-numero-central-del-ramirez-festeja-2023\\\/#primaryimage\",\"url\":\"https:\\\/\\\/informelitoral.com.ar\\\/%77%70%2d%63%6f%6e%74%65%6e%74\\\/uploads\\\/2023\\\/02\\\/ramirez-festeja-2023.jpg\",\"contentUrl\":\"https:\\\/\\\/informelitoral.com.ar\\\/%77%70%2d%63%6f%6e%74%65%6e%74\\\/uploads\\\/2023\\\/02\\\/ramirez-festeja-2023.jpg\",\"width\":1076,\"height\":1072},{\"@type\":\"BreadcrumbList\",\"@id\":\"https:\\\/\\\/informelitoral.com.ar\\\/los-tipitos-sera-el-numero-central-del-ramirez-festeja-2023\\\/#breadcrumb\",\"itemListElement\":[{\"@type\":\"ListItem\",\"position\":1,\"name\":\"Portada\",\"item\":\"https:\\\/\\\/informelitoral.com.ar\\\/\"},{\"@type\":\"ListItem\",\"position\":2,\"name\":\"Los Tipitos ser\u00e1 el n\u00famero central del Ram\u00edrez Festeja 2023\"}]},{\"@type\":\"WebSite\",\"@id\":\"https:\\\/\\\/informelitoral.com.ar\\\/#website\",\"url\":\"https:\\\/\\\/informelitoral.com.ar\\\/\",\"name\":\"Informe Litoral\",\"description\":\"&quot;Nos informamos&quot; \",\"publisher\":{\"@id\":\"https:\\\/\\\/informelitoral.com.ar\\\/#organization\"},\"potentialAction\":[{\"@type\":\"SearchAction\",\"target\":{\"@type\":\"EntryPoint\",\"urlTemplate\":\"https:\\\/\\\/informelitoral.com.ar\\\/?s={search_term_string}\"},\"query-input\":{\"@type\":\"PropertyValueSpecification\",\"valueRequired\":true,\"valueName\":\"search_term_string\"}}],\"inLanguage\":\"es\"},{\"@type\":\"Organization\",\"@id\":\"https:\\\/\\\/informelitoral.com.ar\\\/#organization\",\"name\":\"Informe Litoral\",\"url\":\"https:\\\/\\\/informelitoral.com.ar\\\/\",\"logo\":{\"@type\":\"ImageObject\",\"inLanguage\":\"es\",\"@id\":\"https:\\\/\\\/informelitoral.com.ar\\\/#\\\/schema\\\/logo\\\/image\\\/\",\"url\":\"https:\\\/\\\/informelitoral.com.ar\\\/%77%70%2d%63%6f%6e%74%65%6e%74\\\/uploads\\\/2021\\\/01\\\/circulo.png\",\"contentUrl\":\"https:\\\/\\\/informelitoral.com.ar\\\/%77%70%2d%63%6f%6e%74%65%6e%74\\\/uploads\\\/2021\\\/01\\\/circulo.png\",\"width\":723,\"height\":731,\"caption\":\"Informe Litoral\"},\"image\":{\"@id\":\"https:\\\/\\\/informelitoral.com.ar\\\/#\\\/schema\\\/logo\\\/image\\\/\"},\"sameAs\":[\"https:\\\/\\\/www.facebook.com\\\/informelitoral\\\/\",\"https:\\\/\\\/x.com\\\/InformeLitoral\",\"https:\\\/\\\/www.instagram.com\\\/informelitoral\\\/\",\"https:\\\/\\\/www.youtube.com\\\/channel\\\/UCua4Qvz8Icb6MYqhoq9xLXw\"]},{\"@type\":\"Person\",\"@id\":\"https:\\\/\\\/informelitoral.com.ar\\\/#\\\/schema\\\/person\\\/b9d00407c836482871ef1d57bf8e3180\",\"name\":\"Gonzalo Schmidt\",\"image\":{\"@type\":\"ImageObject\",\"inLanguage\":\"es\",\"@id\":\"https:\\\/\\\/secure.gravatar.com\\\/avatar\\\/31a1a7b66ff2de83bd0e9fd79d026630d2d99e55e8bfe501287647b4fd9743de?s=96&d=mm&r=g\",\"url\":\"https:\\\/\\\/secure.gravatar.com\\\/avatar\\\/31a1a7b66ff2de83bd0e9fd79d026630d2d99e55e8bfe501287647b4fd9743de?s=96&d=mm&r=g\",\"contentUrl\":\"https:\\\/\\\/secure.gravatar.com\\\/avatar\\\/31a1a7b66ff2de83bd0e9fd79d026630d2d99e55e8bfe501287647b4fd9743de?s=96&d=mm&r=g\",\"caption\":\"Gonzalo Schmidt\"},\"description\":\"Sitio web de noticias de la provincia de Entre R\u00edos, Argentina. Informaci\u00f3n y entretenimiento. Informe Litoral, nos informamos.\",\"sameAs\":[\"http:\\\/\\\/www.isletasnoticias.com.ar\"],\"url\":\"https:\\\/\\\/informelitoral.com.ar\\\/author\\\/gonzalo\\\/\"}]}<\/script>","yoast_head_json":{"title":"Los Tipitos ser\u00e1 el n\u00famero central del Ram\u00edrez Festeja 2023 - Informe Litoral","robots":{"index":"index","follow":"follow","max-snippet":"max-snippet:-1","max-image-preview":"max-image-preview:large","max-video-preview":"max-video-preview:-1"},"canonical":"https:\/\/informelitoral.com.ar\/los-tipitos-sera-el-numero-central-del-ramirez-festeja-2023\/","og_locale":"es_ES","og_type":"article","og_title":"Los Tipitos ser\u00e1 el n\u00famero central del Ram\u00edrez Festeja 2023 - Informe Litoral","og_description":"El festival se desarrollar\u00e1 el 10, 11 y 12 de marzo en el marco del 135 aniversario de la ciudad. Con entrada libre y gratuita tambi\u00e9n estar\u00e1n sobre el escenario La Contra, Ahyre y muchos artistas locales. Los detalles en esta nota.","og_url":"https:\/\/informelitoral.com.ar\/los-tipitos-sera-el-numero-central-del-ramirez-festeja-2023\/","og_site_name":"Informe Litoral","article_publisher":"https:\/\/www.facebook.com\/informelitoral\/","article_published_time":"2023-02-13T21:21:04+00:00","article_modified_time":"2023-02-13T21:34:21+00:00","og_image":[{"width":1076,"height":1072,"url":"https:\/\/informelitoral.com.ar\/%77%70%2d%63%6f%6e%74%65%6e%74\/uploads\/2023\/02\/ramirez-festeja-2023.jpg","type":"image\/jpeg"}],"author":"Gonzalo Schmidt","twitter_card":"summary_large_image","twitter_creator":"@InformeLitoral","twitter_site":"@InformeLitoral","twitter_misc":{"Escrito por":"Gonzalo Schmidt","Tiempo de lectura":"2 minutos"},"schema":{"@context":"https:\/\/schema.org","@graph":[{"@type":"Article","@id":"https:\/\/informelitoral.com.ar\/los-tipitos-sera-el-numero-central-del-ramirez-festeja-2023\/#article","isPartOf":{"@id":"https:\/\/informelitoral.com.ar\/los-tipitos-sera-el-numero-central-del-ramirez-festeja-2023\/"},"author":{"name":"Gonzalo Schmidt","@id":"https:\/\/informelitoral.com.ar\/#\/schema\/person\/b9d00407c836482871ef1d57bf8e3180"},"headline":"Los Tipitos ser\u00e1 el n\u00famero central del Ram\u00edrez Festeja 2023","datePublished":"2023-02-13T21:21:04+00:00","dateModified":"2023-02-13T21:34:21+00:00","mainEntityOfPage":{"@id":"https:\/\/informelitoral.com.ar\/los-tipitos-sera-el-numero-central-del-ramirez-festeja-2023\/"},"wordCount":313,"commentCount":0,"publisher":{"@id":"https:\/\/informelitoral.com.ar\/#organization"},"image":{"@id":"https:\/\/informelitoral.com.ar\/los-tipitos-sera-el-numero-central-del-ramirez-festeja-2023\/#primaryimage"},"thumbnailUrl":"https:\/\/informelitoral.com.ar\/%77%70%2d%63%6f%6e%74%65%6e%74\/uploads\/2023\/02\/ramirez-festeja-2023.jpg","keywords":["General Ram\u00edrez","Los Tipitos","Ram\u00edrez","Ram\u00edrez Festeja"],"articleSection":["Departamento Diamante"],"inLanguage":"es","potentialAction":[{"@type":"CommentAction","name":"Comment","target":["https:\/\/informelitoral.com.ar\/los-tipitos-sera-el-numero-central-del-ramirez-festeja-2023\/#respond"]}]},{"@type":"WebPage","@id":"https:\/\/informelitoral.com.ar\/los-tipitos-sera-el-numero-central-del-ramirez-festeja-2023\/","url":"https:\/\/informelitoral.com.ar\/los-tipitos-sera-el-numero-central-del-ramirez-festeja-2023\/","name":"Los Tipitos ser\u00e1 el n\u00famero central del Ram\u00edrez Festeja 2023 - Informe Litoral","isPartOf":{"@id":"https:\/\/informelitoral.com.ar\/#website"},"primaryImageOfPage":{"@id":"https:\/\/informelitoral.com.ar\/los-tipitos-sera-el-numero-central-del-ramirez-festeja-2023\/#primaryimage"},"image":{"@id":"https:\/\/informelitoral.com.ar\/los-tipitos-sera-el-numero-central-del-ramirez-festeja-2023\/#primaryimage"},"thumbnailUrl":"https:\/\/informelitoral.com.ar\/%77%70%2d%63%6f%6e%74%65%6e%74\/uploads\/2023\/02\/ramirez-festeja-2023.jpg","datePublished":"2023-02-13T21:21:04+00:00","dateModified":"2023-02-13T21:34:21+00:00","breadcrumb":{"@id":"https:\/\/informelitoral.com.ar\/los-tipitos-sera-el-numero-central-del-ramirez-festeja-2023\/#breadcrumb"},"inLanguage":"es","potentialAction":[{"@type":"ReadAction","target":["https:\/\/informelitoral.com.ar\/los-tipitos-sera-el-numero-central-del-ramirez-festeja-2023\/"]}]},{"@type":"ImageObject","inLanguage":"es","@id":"https:\/\/informelitoral.com.ar\/los-tipitos-sera-el-numero-central-del-ramirez-festeja-2023\/#primaryimage","url":"https:\/\/informelitoral.com.ar\/%77%70%2d%63%6f%6e%74%65%6e%74\/uploads\/2023\/02\/ramirez-festeja-2023.jpg","contentUrl":"https:\/\/informelitoral.com.ar\/%77%70%2d%63%6f%6e%74%65%6e%74\/uploads\/2023\/02\/ramirez-festeja-2023.jpg","width":1076,"height":1072},{"@type":"BreadcrumbList","@id":"https:\/\/informelitoral.com.ar\/los-tipitos-sera-el-numero-central-del-ramirez-festeja-2023\/#breadcrumb","itemListElement":[{"@type":"ListItem","position":1,"name":"Portada","item":"https:\/\/informelitoral.com.ar\/"},{"@type":"ListItem","position":2,"name":"Los Tipitos ser\u00e1 el n\u00famero central del Ram\u00edrez Festeja 2023"}]},{"@type":"WebSite","@id":"https:\/\/informelitoral.com.ar\/#website","url":"https:\/\/informelitoral.com.ar\/","name":"Informe Litoral","description":"&quot;Nos informamos&quot; ","publisher":{"@id":"https:\/\/informelitoral.com.ar\/#organization"},"potentialAction":[{"@type":"SearchAction","target":{"@type":"EntryPoint","urlTemplate":"https:\/\/informelitoral.com.ar\/?s={search_term_string}"},"query-input":{"@type":"PropertyValueSpecification","valueRequired":true,"valueName":"search_term_string"}}],"inLanguage":"es"},{"@type":"Organization","@id":"https:\/\/informelitoral.com.ar\/#organization","name":"Informe Litoral","url":"https:\/\/informelitoral.com.ar\/","logo":{"@type":"ImageObject","inLanguage":"es","@id":"https:\/\/informelitoral.com.ar\/#\/schema\/logo\/image\/","url":"https:\/\/informelitoral.com.ar\/%77%70%2d%63%6f%6e%74%65%6e%74\/uploads\/2021\/01\/circulo.png","contentUrl":"https:\/\/informelitoral.com.ar\/%77%70%2d%63%6f%6e%74%65%6e%74\/uploads\/2021\/01\/circulo.png","width":723,"height":731,"caption":"Informe Litoral"},"image":{"@id":"https:\/\/informelitoral.com.ar\/#\/schema\/logo\/image\/"},"sameAs":["https:\/\/www.facebook.com\/informelitoral\/","https:\/\/x.com\/InformeLitoral","https:\/\/www.instagram.com\/informelitoral\/","https:\/\/www.youtube.com\/channel\/UCua4Qvz8Icb6MYqhoq9xLXw"]},{"@type":"Person","@id":"https:\/\/informelitoral.com.ar\/#\/schema\/person\/b9d00407c836482871ef1d57bf8e3180","name":"Gonzalo Schmidt","image":{"@type":"ImageObject","inLanguage":"es","@id":"https:\/\/secure.gravatar.com\/avatar\/31a1a7b66ff2de83bd0e9fd79d026630d2d99e55e8bfe501287647b4fd9743de?s=96&d=mm&r=g","url":"https:\/\/secure.gravatar.com\/avatar\/31a1a7b66ff2de83bd0e9fd79d026630d2d99e55e8bfe501287647b4fd9743de?s=96&d=mm&r=g","contentUrl":"https:\/\/secure.gravatar.com\/avatar\/31a1a7b66ff2de83bd0e9fd79d026630d2d99e55e8bfe501287647b4fd9743de?s=96&d=mm&r=g","caption":"Gonzalo Schmidt"},"description":"Sitio web de noticias de la provincia de Entre R\u00edos, Argentina. Informaci\u00f3n y entretenimiento. Informe Litoral, nos informamos.","sameAs":["http:\/\/www.isletasnoticias.com.ar"],"url":"https:\/\/informelitoral.com.ar\/author\/gonzalo\/"}]}},"_links":{"self":[{"href":"https:\/\/informelitoral.com.ar\/%77%70%2d%6a%73%6f%6e\/wp\/v2\/posts\/120016","targetHints":{"allow":["GET"]}}],"collection":[{"href":"https:\/\/informelitoral.com.ar\/%77%70%2d%6a%73%6f%6e\/wp\/v2\/posts"}],"about":[{"href":"https:\/\/informelitoral.com.ar\/%77%70%2d%6a%73%6f%6e\/wp\/v2\/types\/post"}],"author":[{"embeddable":true,"href":"https:\/\/informelitoral.com.ar\/%77%70%2d%6a%73%6f%6e\/wp\/v2\/users\/2"}],"replies":[{"embeddable":true,"href":"https:\/\/informelitoral.com.ar\/%77%70%2d%6a%73%6f%6e\/wp\/v2\/comments?post=120016"}],"version-history":[{"count":0,"href":"https:\/\/informelitoral.com.ar\/%77%70%2d%6a%73%6f%6e\/wp\/v2\/posts\/120016\/revisions"}],"wp:featuredmedia":[{"embeddable":true,"href":"https:\/\/informelitoral.com.ar\/%77%70%2d%6a%73%6f%6e\/wp\/v2\/media\/120017"}],"wp:attachment":[{"href":"https:\/\/informelitoral.com.ar\/%77%70%2d%6a%73%6f%6e\/wp\/v2\/media?parent=120016"}],"wp:term":[{"taxonomy":"category","embeddable":true,"href":"https:\/\/informelitoral.com.ar\/%77%70%2d%6a%73%6f%6e\/wp\/v2\/categories?post=120016"},{"taxonomy":"post_tag","embeddable":true,"href":"https:\/\/informelitoral.com.ar\/%77%70%2d%6a%73%6f%6e\/wp\/v2\/tags?post=120016"}],"curies":[{"name":"wp","href":"https:\/\/api.w.org\/{rel}","templated":true}]}}