{"id":120005,"date":"2023-02-13T14:16:01","date_gmt":"2023-02-13T17:16:01","guid":{"rendered":"https:\/\/www.informelitoral.com.ar\/?p=120005"},"modified":"2023-02-13T14:22:16","modified_gmt":"2023-02-13T17:22:16","slug":"la-afip-refuerza-controles-en-el-iva-e-impuesto-a-las-ganancias-2","status":"publish","type":"post","link":"https:\/\/informelitoral.com.ar\/la-afip-refuerza-controles-en-el-iva-e-impuesto-a-las-ganancias-2\/","title":{"rendered":"La AFIP refuerza controles en el IVA e Impuesto a las Ganancias"},"content":{"rendered":"<p>La Administraci\u00f3n Federal de Ingresos P\u00fablicos (AFIP) implement\u00f3 un nuevo programa llamado \u00abPrograma de Monitoreo Fiscal\u00bb a trav\u00e9s de la Resoluci\u00f3n General 5329.<br \/>\nEl programa tiene como objetivo optimizar la capacidad operativa y de control de la AFIP, contribuyendo a una gesti\u00f3n m\u00e1s eficiente de los tributos.<br \/>\n\u00abEl programa permitir\u00e1 al Fisco controlar en tiempo real las declaraciones juradas presentadas por los contribuyentes y responsables, y se complementar\u00e1 con las restantes acciones de investigaci\u00f3n y fiscalizaci\u00f3n que se ejecutan regularmente\u00bb, se\u00f1al\u00f3 el tributarista Sebasti\u00e1n Dom\u00ednguez.<\/p>\n<p>El analista asegur\u00f3 que \u00abuno de los objetivos principales cuando se establece este tipo de controles es que los contribuyentes y responsables adviertan un ambiente de riesgo y de control que los haga cumplir voluntariamente con sus obligaciones fiscales\u00bb.<br \/>\n\u00abEl programa se instrumentar\u00e1 a trav\u00e9s de una \u00b4Matriz de Riesgo de Indicadores Fiscales\u00b4, que determinar\u00e1 un \u00edndice aplicable para el control de las declaraciones juradas presentadas por los contribuyentes y responsables\u00bb, dijo Dom\u00ednguez.<\/p>\n<figure class=\"embed\"><img decoding=\"async\" title=\"\" src=\"https:\/\/elonce-media.elonce.com\/fotos-nuevo\/2022\/05\/23\/o_1653294730.jpg\" alt=\"\" width=\"640\" \/><\/figure>\n<p>En una primera etapa, el programa controlar\u00e1 solamente las declaraciones juradas de los Impuestos al Valor Agregado (IVA) y a las Ganancias presentadas por personas jur\u00eddicas.<br \/>\nPara establecer el \u00edndice, considerar\u00e1 las declaraciones juradas del IVA presentadas en los \u00faltimos 12 meses y las declaraciones juradas de Ganancias presentadas en los \u00faltimos 3 a\u00f1os.<\/p>\n<p>Respecto al IVA se analizar\u00e1 la relaci\u00f3n entre d\u00e9bitos y cr\u00e9ditos fiscales de cada actividad econ\u00f3mica que se realice, entre otras variables.<br \/>\nEl socio de SDC Asesores Tributarios indic\u00f3 que \u00aben cuanto a Ganancias, se relacionar\u00e1 el impuesto determinado y el total de los ingresos declarados de cada per\u00edodo fiscal por actividad econ\u00f3mica, entre otras variables\u00bb.<\/p>\n<p>Seg\u00fan se\u00f1al\u00f3 en el futuro, \u00abseguramente se incorporar\u00e1 el an\u00e1lisis de las declaraciones juradas de otros impuestos y se ampliar\u00e1 el control a las personas humanas y sucesiones indivisas\u00bb.<br \/>\n\u00abLa Resoluci\u00f3n menciona que este programa mejorar\u00e1 la transparencia en la relaci\u00f3n entre la AFIP y los contribuyentes\u00bb, se\u00f1al\u00f3 el tributarista.<br \/>\nDom\u00ednguez destac\u00f3 que es importante se\u00f1alar que el programa \u00abno cambia la manera en que los contribuyentes deben cumplir con sus obligaciones fiscales, sino que tiene como objetivo para la AFIP controlarlas de manera m\u00e1s eficiente\u00bb.<\/p>\n","protected":false},"excerpt":{"rendered":"<p>El programa tiene como objetivo optimizar la capacidad operativa y de control de la AFIP. Permitir\u00e1 al Fisco controlar en tiempo real las declaraciones juradas presentadas por los contribuyentes y responsables, explicaron.<\/p>\n","protected":false},"author":8,"featured_media":49380,"comment_status":"open","ping_status":"open","sticky":false,"template":"","format":"standard","meta":{"fifu_image_url":"","fifu_image_alt":"","footnotes":""},"categories":[1594],"tags":[158],"class_list":{"0":"post-120005","1":"post","2":"type-post","3":"status-publish","4":"format-standard","5":"has-post-thumbnail","7":"category-economia","8":"tag-afip"},"yoast_head":"<title>La AFIP refuerza controles en el IVA e Impuesto a las Ganancias - Informe Litoral<\/title>\n<meta name=\"robots\" content=\"index, follow, max-snippet:-1, max-image-preview:large, max-video-preview:-1\" \/>\n<link rel=\"canonical\" href=\"https:\/\/informelitoral.com.ar\/la-afip-refuerza-controles-en-el-iva-e-impuesto-a-las-ganancias-2\/\" \/>\n<meta property=\"og:locale\" content=\"es_ES\" \/>\n<meta property=\"og:type\" content=\"article\" \/>\n<meta property=\"og:title\" content=\"La AFIP refuerza controles en el IVA e Impuesto a las Ganancias - Informe Litoral\" \/>\n<meta property=\"og:description\" content=\"El programa tiene como objetivo optimizar la capacidad operativa y de control de la AFIP. Permitir\u00e1 al Fisco controlar en tiempo real las declaraciones juradas presentadas por los contribuyentes y responsables, explicaron.\" \/>\n<meta property=\"og:url\" content=\"https:\/\/informelitoral.com.ar\/la-afip-refuerza-controles-en-el-iva-e-impuesto-a-las-ganancias-2\/\" \/>\n<meta property=\"og:site_name\" content=\"Informe Litoral\" \/>\n<meta property=\"article:publisher\" content=\"https:\/\/www.facebook.com\/informelitoral\/\" \/>\n<meta property=\"article:published_time\" content=\"2023-02-13T17:16:01+00:00\" \/>\n<meta property=\"article:modified_time\" content=\"2023-02-13T17:22:16+00:00\" \/>\n<meta property=\"og:image\" content=\"https:\/\/informelitoral.com.ar\/%77%70%2d%63%6f%6e%74%65%6e%74\/uploads\/2020\/09\/Afip.jpg\" \/>\n\t<meta property=\"og:image:width\" content=\"1330\" \/>\n\t<meta property=\"og:image:height\" content=\"880\" \/>\n\t<meta property=\"og:image:type\" content=\"image\/jpeg\" \/>\n<meta name=\"author\" content=\"Sebastian\" \/>\n<meta name=\"twitter:card\" content=\"summary_large_image\" \/>\n<meta name=\"twitter:creator\" content=\"@InformeLitoral\" \/>\n<meta name=\"twitter:site\" content=\"@InformeLitoral\" \/>\n<meta name=\"twitter:label1\" content=\"Escrito por\" \/>\n\t<meta name=\"twitter:data1\" content=\"Sebastian\" \/>\n\t<meta name=\"twitter:label2\" content=\"Tiempo de lectura\" \/>\n\t<meta name=\"twitter:data2\" content=\"2 minutos\" \/>\n<script type=\"application\/ld+json\" class=\"yoast-schema-graph\">{\"@context\":\"https:\\\/\\\/schema.org\",\"@graph\":[{\"@type\":\"Article\",\"@id\":\"https:\\\/\\\/informelitoral.com.ar\\\/la-afip-refuerza-controles-en-el-iva-e-impuesto-a-las-ganancias-2\\\/#article\",\"isPartOf\":{\"@id\":\"https:\\\/\\\/informelitoral.com.ar\\\/la-afip-refuerza-controles-en-el-iva-e-impuesto-a-las-ganancias-2\\\/\"},\"author\":{\"name\":\"Sebastian\",\"@id\":\"https:\\\/\\\/informelitoral.com.ar\\\/#\\\/schema\\\/person\\\/f05f9f461677119578717524b127d6d5\"},\"headline\":\"La AFIP refuerza controles en el IVA e Impuesto a las Ganancias\",\"datePublished\":\"2023-02-13T17:16:01+00:00\",\"dateModified\":\"2023-02-13T17:22:16+00:00\",\"mainEntityOfPage\":{\"@id\":\"https:\\\/\\\/informelitoral.com.ar\\\/la-afip-refuerza-controles-en-el-iva-e-impuesto-a-las-ganancias-2\\\/\"},\"wordCount\":393,\"commentCount\":0,\"publisher\":{\"@id\":\"https:\\\/\\\/informelitoral.com.ar\\\/#organization\"},\"image\":{\"@id\":\"https:\\\/\\\/informelitoral.com.ar\\\/la-afip-refuerza-controles-en-el-iva-e-impuesto-a-las-ganancias-2\\\/#primaryimage\"},\"thumbnailUrl\":\"https:\\\/\\\/informelitoral.com.ar\\\/%77%70%2d%63%6f%6e%74%65%6e%74\\\/uploads\\\/2020\\\/09\\\/Afip.jpg\",\"keywords\":[\"AFIP\"],\"articleSection\":[\"Econom\u00eda\"],\"inLanguage\":\"es\",\"potentialAction\":[{\"@type\":\"CommentAction\",\"name\":\"Comment\",\"target\":[\"https:\\\/\\\/informelitoral.com.ar\\\/la-afip-refuerza-controles-en-el-iva-e-impuesto-a-las-ganancias-2\\\/#respond\"]}]},{\"@type\":\"WebPage\",\"@id\":\"https:\\\/\\\/informelitoral.com.ar\\\/la-afip-refuerza-controles-en-el-iva-e-impuesto-a-las-ganancias-2\\\/\",\"url\":\"https:\\\/\\\/informelitoral.com.ar\\\/la-afip-refuerza-controles-en-el-iva-e-impuesto-a-las-ganancias-2\\\/\",\"name\":\"La AFIP refuerza controles en el IVA e Impuesto a las Ganancias - Informe Litoral\",\"isPartOf\":{\"@id\":\"https:\\\/\\\/informelitoral.com.ar\\\/#website\"},\"primaryImageOfPage\":{\"@id\":\"https:\\\/\\\/informelitoral.com.ar\\\/la-afip-refuerza-controles-en-el-iva-e-impuesto-a-las-ganancias-2\\\/#primaryimage\"},\"image\":{\"@id\":\"https:\\\/\\\/informelitoral.com.ar\\\/la-afip-refuerza-controles-en-el-iva-e-impuesto-a-las-ganancias-2\\\/#primaryimage\"},\"thumbnailUrl\":\"https:\\\/\\\/informelitoral.com.ar\\\/%77%70%2d%63%6f%6e%74%65%6e%74\\\/uploads\\\/2020\\\/09\\\/Afip.jpg\",\"datePublished\":\"2023-02-13T17:16:01+00:00\",\"dateModified\":\"2023-02-13T17:22:16+00:00\",\"breadcrumb\":{\"@id\":\"https:\\\/\\\/informelitoral.com.ar\\\/la-afip-refuerza-controles-en-el-iva-e-impuesto-a-las-ganancias-2\\\/#breadcrumb\"},\"inLanguage\":\"es\",\"potentialAction\":[{\"@type\":\"ReadAction\",\"target\":[\"https:\\\/\\\/informelitoral.com.ar\\\/la-afip-refuerza-controles-en-el-iva-e-impuesto-a-las-ganancias-2\\\/\"]}]},{\"@type\":\"ImageObject\",\"inLanguage\":\"es\",\"@id\":\"https:\\\/\\\/informelitoral.com.ar\\\/la-afip-refuerza-controles-en-el-iva-e-impuesto-a-las-ganancias-2\\\/#primaryimage\",\"url\":\"https:\\\/\\\/informelitoral.com.ar\\\/%77%70%2d%63%6f%6e%74%65%6e%74\\\/uploads\\\/2020\\\/09\\\/Afip.jpg\",\"contentUrl\":\"https:\\\/\\\/informelitoral.com.ar\\\/%77%70%2d%63%6f%6e%74%65%6e%74\\\/uploads\\\/2020\\\/09\\\/Afip.jpg\",\"width\":1330,\"height\":880},{\"@type\":\"BreadcrumbList\",\"@id\":\"https:\\\/\\\/informelitoral.com.ar\\\/la-afip-refuerza-controles-en-el-iva-e-impuesto-a-las-ganancias-2\\\/#breadcrumb\",\"itemListElement\":[{\"@type\":\"ListItem\",\"position\":1,\"name\":\"Portada\",\"item\":\"https:\\\/\\\/informelitoral.com.ar\\\/\"},{\"@type\":\"ListItem\",\"position\":2,\"name\":\"La AFIP refuerza controles en el IVA e Impuesto a las Ganancias\"}]},{\"@type\":\"WebSite\",\"@id\":\"https:\\\/\\\/informelitoral.com.ar\\\/#website\",\"url\":\"https:\\\/\\\/informelitoral.com.ar\\\/\",\"name\":\"Informe Litoral\",\"description\":\"&quot;Nos informamos&quot; \",\"publisher\":{\"@id\":\"https:\\\/\\\/informelitoral.com.ar\\\/#organization\"},\"potentialAction\":[{\"@type\":\"SearchAction\",\"target\":{\"@type\":\"EntryPoint\",\"urlTemplate\":\"https:\\\/\\\/informelitoral.com.ar\\\/?s={search_term_string}\"},\"query-input\":{\"@type\":\"PropertyValueSpecification\",\"valueRequired\":true,\"valueName\":\"search_term_string\"}}],\"inLanguage\":\"es\"},{\"@type\":\"Organization\",\"@id\":\"https:\\\/\\\/informelitoral.com.ar\\\/#organization\",\"name\":\"Informe Litoral\",\"url\":\"https:\\\/\\\/informelitoral.com.ar\\\/\",\"logo\":{\"@type\":\"ImageObject\",\"inLanguage\":\"es\",\"@id\":\"https:\\\/\\\/informelitoral.com.ar\\\/#\\\/schema\\\/logo\\\/image\\\/\",\"url\":\"https:\\\/\\\/informelitoral.com.ar\\\/%77%70%2d%63%6f%6e%74%65%6e%74\\\/uploads\\\/2021\\\/01\\\/circulo.png\",\"contentUrl\":\"https:\\\/\\\/informelitoral.com.ar\\\/%77%70%2d%63%6f%6e%74%65%6e%74\\\/uploads\\\/2021\\\/01\\\/circulo.png\",\"width\":723,\"height\":731,\"caption\":\"Informe Litoral\"},\"image\":{\"@id\":\"https:\\\/\\\/informelitoral.com.ar\\\/#\\\/schema\\\/logo\\\/image\\\/\"},\"sameAs\":[\"https:\\\/\\\/www.facebook.com\\\/informelitoral\\\/\",\"https:\\\/\\\/x.com\\\/InformeLitoral\",\"https:\\\/\\\/www.instagram.com\\\/informelitoral\\\/\",\"https:\\\/\\\/www.youtube.com\\\/channel\\\/UCua4Qvz8Icb6MYqhoq9xLXw\"]},{\"@type\":\"Person\",\"@id\":\"https:\\\/\\\/informelitoral.com.ar\\\/#\\\/schema\\\/person\\\/f05f9f461677119578717524b127d6d5\",\"name\":\"Sebastian\",\"image\":{\"@type\":\"ImageObject\",\"inLanguage\":\"es\",\"@id\":\"https:\\\/\\\/secure.gravatar.com\\\/avatar\\\/b71bf7481d447dfb9583c7f2798e7cc64de6efb9067b74633ed8c31059a3bd82?s=96&d=mm&r=g\",\"url\":\"https:\\\/\\\/secure.gravatar.com\\\/avatar\\\/b71bf7481d447dfb9583c7f2798e7cc64de6efb9067b74633ed8c31059a3bd82?s=96&d=mm&r=g\",\"contentUrl\":\"https:\\\/\\\/secure.gravatar.com\\\/avatar\\\/b71bf7481d447dfb9583c7f2798e7cc64de6efb9067b74633ed8c31059a3bd82?s=96&d=mm&r=g\",\"caption\":\"Sebastian\"},\"url\":\"https:\\\/\\\/informelitoral.com.ar\\\/author\\\/sebastian\\\/\"}]}<\/script>","yoast_head_json":{"title":"La AFIP refuerza controles en el IVA e Impuesto a las Ganancias - Informe Litoral","robots":{"index":"index","follow":"follow","max-snippet":"max-snippet:-1","max-image-preview":"max-image-preview:large","max-video-preview":"max-video-preview:-1"},"canonical":"https:\/\/informelitoral.com.ar\/la-afip-refuerza-controles-en-el-iva-e-impuesto-a-las-ganancias-2\/","og_locale":"es_ES","og_type":"article","og_title":"La AFIP refuerza controles en el IVA e Impuesto a las Ganancias - Informe Litoral","og_description":"El programa tiene como objetivo optimizar la capacidad operativa y de control de la AFIP. Permitir\u00e1 al Fisco controlar en tiempo real las declaraciones juradas presentadas por los contribuyentes y responsables, explicaron.","og_url":"https:\/\/informelitoral.com.ar\/la-afip-refuerza-controles-en-el-iva-e-impuesto-a-las-ganancias-2\/","og_site_name":"Informe Litoral","article_publisher":"https:\/\/www.facebook.com\/informelitoral\/","article_published_time":"2023-02-13T17:16:01+00:00","article_modified_time":"2023-02-13T17:22:16+00:00","og_image":[{"width":1330,"height":880,"url":"https:\/\/informelitoral.com.ar\/%77%70%2d%63%6f%6e%74%65%6e%74\/uploads\/2020\/09\/Afip.jpg","type":"image\/jpeg"}],"author":"Sebastian","twitter_card":"summary_large_image","twitter_creator":"@InformeLitoral","twitter_site":"@InformeLitoral","twitter_misc":{"Escrito por":"Sebastian","Tiempo de lectura":"2 minutos"},"schema":{"@context":"https:\/\/schema.org","@graph":[{"@type":"Article","@id":"https:\/\/informelitoral.com.ar\/la-afip-refuerza-controles-en-el-iva-e-impuesto-a-las-ganancias-2\/#article","isPartOf":{"@id":"https:\/\/informelitoral.com.ar\/la-afip-refuerza-controles-en-el-iva-e-impuesto-a-las-ganancias-2\/"},"author":{"name":"Sebastian","@id":"https:\/\/informelitoral.com.ar\/#\/schema\/person\/f05f9f461677119578717524b127d6d5"},"headline":"La AFIP refuerza controles en el IVA e Impuesto a las Ganancias","datePublished":"2023-02-13T17:16:01+00:00","dateModified":"2023-02-13T17:22:16+00:00","mainEntityOfPage":{"@id":"https:\/\/informelitoral.com.ar\/la-afip-refuerza-controles-en-el-iva-e-impuesto-a-las-ganancias-2\/"},"wordCount":393,"commentCount":0,"publisher":{"@id":"https:\/\/informelitoral.com.ar\/#organization"},"image":{"@id":"https:\/\/informelitoral.com.ar\/la-afip-refuerza-controles-en-el-iva-e-impuesto-a-las-ganancias-2\/#primaryimage"},"thumbnailUrl":"https:\/\/informelitoral.com.ar\/%77%70%2d%63%6f%6e%74%65%6e%74\/uploads\/2020\/09\/Afip.jpg","keywords":["AFIP"],"articleSection":["Econom\u00eda"],"inLanguage":"es","potentialAction":[{"@type":"CommentAction","name":"Comment","target":["https:\/\/informelitoral.com.ar\/la-afip-refuerza-controles-en-el-iva-e-impuesto-a-las-ganancias-2\/#respond"]}]},{"@type":"WebPage","@id":"https:\/\/informelitoral.com.ar\/la-afip-refuerza-controles-en-el-iva-e-impuesto-a-las-ganancias-2\/","url":"https:\/\/informelitoral.com.ar\/la-afip-refuerza-controles-en-el-iva-e-impuesto-a-las-ganancias-2\/","name":"La AFIP refuerza controles en el IVA e Impuesto a las Ganancias - Informe Litoral","isPartOf":{"@id":"https:\/\/informelitoral.com.ar\/#website"},"primaryImageOfPage":{"@id":"https:\/\/informelitoral.com.ar\/la-afip-refuerza-controles-en-el-iva-e-impuesto-a-las-ganancias-2\/#primaryimage"},"image":{"@id":"https:\/\/informelitoral.com.ar\/la-afip-refuerza-controles-en-el-iva-e-impuesto-a-las-ganancias-2\/#primaryimage"},"thumbnailUrl":"https:\/\/informelitoral.com.ar\/%77%70%2d%63%6f%6e%74%65%6e%74\/uploads\/2020\/09\/Afip.jpg","datePublished":"2023-02-13T17:16:01+00:00","dateModified":"2023-02-13T17:22:16+00:00","breadcrumb":{"@id":"https:\/\/informelitoral.com.ar\/la-afip-refuerza-controles-en-el-iva-e-impuesto-a-las-ganancias-2\/#breadcrumb"},"inLanguage":"es","potentialAction":[{"@type":"ReadAction","target":["https:\/\/informelitoral.com.ar\/la-afip-refuerza-controles-en-el-iva-e-impuesto-a-las-ganancias-2\/"]}]},{"@type":"ImageObject","inLanguage":"es","@id":"https:\/\/informelitoral.com.ar\/la-afip-refuerza-controles-en-el-iva-e-impuesto-a-las-ganancias-2\/#primaryimage","url":"https:\/\/informelitoral.com.ar\/%77%70%2d%63%6f%6e%74%65%6e%74\/uploads\/2020\/09\/Afip.jpg","contentUrl":"https:\/\/informelitoral.com.ar\/%77%70%2d%63%6f%6e%74%65%6e%74\/uploads\/2020\/09\/Afip.jpg","width":1330,"height":880},{"@type":"BreadcrumbList","@id":"https:\/\/informelitoral.com.ar\/la-afip-refuerza-controles-en-el-iva-e-impuesto-a-las-ganancias-2\/#breadcrumb","itemListElement":[{"@type":"ListItem","position":1,"name":"Portada","item":"https:\/\/informelitoral.com.ar\/"},{"@type":"ListItem","position":2,"name":"La AFIP refuerza controles en el IVA e Impuesto a las Ganancias"}]},{"@type":"WebSite","@id":"https:\/\/informelitoral.com.ar\/#website","url":"https:\/\/informelitoral.com.ar\/","name":"Informe Litoral","description":"&quot;Nos informamos&quot; ","publisher":{"@id":"https:\/\/informelitoral.com.ar\/#organization"},"potentialAction":[{"@type":"SearchAction","target":{"@type":"EntryPoint","urlTemplate":"https:\/\/informelitoral.com.ar\/?s={search_term_string}"},"query-input":{"@type":"PropertyValueSpecification","valueRequired":true,"valueName":"search_term_string"}}],"inLanguage":"es"},{"@type":"Organization","@id":"https:\/\/informelitoral.com.ar\/#organization","name":"Informe Litoral","url":"https:\/\/informelitoral.com.ar\/","logo":{"@type":"ImageObject","inLanguage":"es","@id":"https:\/\/informelitoral.com.ar\/#\/schema\/logo\/image\/","url":"https:\/\/informelitoral.com.ar\/%77%70%2d%63%6f%6e%74%65%6e%74\/uploads\/2021\/01\/circulo.png","contentUrl":"https:\/\/informelitoral.com.ar\/%77%70%2d%63%6f%6e%74%65%6e%74\/uploads\/2021\/01\/circulo.png","width":723,"height":731,"caption":"Informe Litoral"},"image":{"@id":"https:\/\/informelitoral.com.ar\/#\/schema\/logo\/image\/"},"sameAs":["https:\/\/www.facebook.com\/informelitoral\/","https:\/\/x.com\/InformeLitoral","https:\/\/www.instagram.com\/informelitoral\/","https:\/\/www.youtube.com\/channel\/UCua4Qvz8Icb6MYqhoq9xLXw"]},{"@type":"Person","@id":"https:\/\/informelitoral.com.ar\/#\/schema\/person\/f05f9f461677119578717524b127d6d5","name":"Sebastian","image":{"@type":"ImageObject","inLanguage":"es","@id":"https:\/\/secure.gravatar.com\/avatar\/b71bf7481d447dfb9583c7f2798e7cc64de6efb9067b74633ed8c31059a3bd82?s=96&d=mm&r=g","url":"https:\/\/secure.gravatar.com\/avatar\/b71bf7481d447dfb9583c7f2798e7cc64de6efb9067b74633ed8c31059a3bd82?s=96&d=mm&r=g","contentUrl":"https:\/\/secure.gravatar.com\/avatar\/b71bf7481d447dfb9583c7f2798e7cc64de6efb9067b74633ed8c31059a3bd82?s=96&d=mm&r=g","caption":"Sebastian"},"url":"https:\/\/informelitoral.com.ar\/author\/sebastian\/"}]}},"_links":{"self":[{"href":"https:\/\/informelitoral.com.ar\/%77%70%2d%6a%73%6f%6e\/wp\/v2\/posts\/120005","targetHints":{"allow":["GET"]}}],"collection":[{"href":"https:\/\/informelitoral.com.ar\/%77%70%2d%6a%73%6f%6e\/wp\/v2\/posts"}],"about":[{"href":"https:\/\/informelitoral.com.ar\/%77%70%2d%6a%73%6f%6e\/wp\/v2\/types\/post"}],"author":[{"embeddable":true,"href":"https:\/\/informelitoral.com.ar\/%77%70%2d%6a%73%6f%6e\/wp\/v2\/users\/8"}],"replies":[{"embeddable":true,"href":"https:\/\/informelitoral.com.ar\/%77%70%2d%6a%73%6f%6e\/wp\/v2\/comments?post=120005"}],"version-history":[{"count":0,"href":"https:\/\/informelitoral.com.ar\/%77%70%2d%6a%73%6f%6e\/wp\/v2\/posts\/120005\/revisions"}],"wp:featuredmedia":[{"embeddable":true,"href":"https:\/\/informelitoral.com.ar\/%77%70%2d%6a%73%6f%6e\/wp\/v2\/media\/49380"}],"wp:attachment":[{"href":"https:\/\/informelitoral.com.ar\/%77%70%2d%6a%73%6f%6e\/wp\/v2\/media?parent=120005"}],"wp:term":[{"taxonomy":"category","embeddable":true,"href":"https:\/\/informelitoral.com.ar\/%77%70%2d%6a%73%6f%6e\/wp\/v2\/categories?post=120005"},{"taxonomy":"post_tag","embeddable":true,"href":"https:\/\/informelitoral.com.ar\/%77%70%2d%6a%73%6f%6e\/wp\/v2\/tags?post=120005"}],"curies":[{"name":"wp","href":"https:\/\/api.w.org\/{rel}","templated":true}]}}