{"id":11999,"date":"2015-10-04T20:25:45","date_gmt":"2015-10-04T23:25:45","guid":{"rendered":"http:\/\/www.isletasnoticias.com.ar\/?p=11999"},"modified":"2015-10-04T20:27:18","modified_gmt":"2015-10-04T23:27:18","slug":"un-teologo-y-sacerdote-gay-irrita-al-vaticano","status":"publish","type":"post","link":"https:\/\/informelitoral.com.ar\/un-teologo-y-sacerdote-gay-irrita-al-vaticano\/","title":{"rendered":"Un te\u00f3logo y sacerdote gay irrita al Vaticano"},"content":{"rendered":"<p><strong>Un d\u00eda antes del inicio del s\u00ednodo, confes\u00f3 que vive en pareja con otro hombre.<a href=\"http:\/\/www.isletasnoticias.com.ar\/%77%70%2d%63%6f%6e%74%65%6e%74\/uploads\/2015\/10\/2100295h349.jpg\"><img loading=\"lazy\" decoding=\"async\" class=\"aligncenter wp-image-12000 size-medium\" src=\"http:\/\/www.isletasnoticias.com.ar\/%77%70%2d%63%6f%6e%74%65%6e%74\/uploads\/2015\/10\/2100295h349-300x169.jpg\" alt=\"2100295h349\" width=\"300\" height=\"169\" srcset=\"https:\/\/informelitoral.com.ar\/%77%70%2d%63%6f%6e%74%65%6e%74\/uploads\/2015\/10\/2100295h349-300x169.jpg 300w, https:\/\/informelitoral.com.ar\/%77%70%2d%63%6f%6e%74%65%6e%74\/uploads\/2015\/10\/2100295h349.jpg 620w\" sizes=\"auto, (max-width: 300px) 100vw, 300px\" \/><\/a><\/strong>Peor (o mejor) momento no pod\u00eda haber elegido para hacer su <i>coming out<\/i>, es decir, para salir del armario.<\/p>\n<p>Apenas un d\u00eda antes de que empiece el s\u00ednodo de obispos, que durante tres semanas debatir\u00e1 temas asociados a la familia -incluso la cuesti\u00f3n de los homosexuales en su seno-, un te\u00f3logo del Vaticano desat\u00f3 ayer un esc\u00e1ndalo gigantesco al revelar que es gay y que vive con su novio.<\/p>\n<p>\u00abQuiero que la Iglesia y mi comunidad sepan qui\u00e9n soy: un sacerdote homosexual, feliz y orgulloso de su propia identidad\u00bb, confes\u00f3 monse\u00f1or <strong>Krzysztof Charamsa<\/strong>, polaco de 43 a\u00f1os, residente en Roma, funcionario de la Congregaci\u00f3n para la Doctrina de la Fe -el ex Santo Oficio- y secretario adjunto de la Comisi\u00f3n Teol\u00f3gica Internacional.<\/p>\n<aside class=\"banner caja3\" data-adpos=\"caja3\">\n<div id=\"eplAdDivcaja3\"><\/div>\n<\/aside>\n<p>\u00abEstoy listo para pagar las consecuencias, pero es el momento que la Iglesia abra los ojos frente a los gays creyentes y entienda que la soluci\u00f3n que les propone, la abstinencia total de la vida de amor, es inhumana\u00bb, asegur\u00f3 el sacerdote, que ense\u00f1a teolog\u00eda en la Pontificia Universidad Gregoriana y en el Pontificio Ateneo Regina Apostolorum, en entrevistas concedidas al Corriere della Sera y a Newsweek.<\/p>\n<p>Las declaraciones de Chamarasa cayeron como una bomba en el Vaticano. Un dur\u00edsimo comunicado de la sala de prensa anunci\u00f3 su expulsi\u00f3n de todos sus cargos.<\/p>\n<p>\u00abA pesar del respeto que merecen los hechos y circunstancias personales y las reflexiones sobre ellos, la elecci\u00f3n de monse\u00f1or Charamsa de declarar algo tan clamoroso en v\u00edsperas de la apertura de s\u00ednodo resulta muy grave y no responsable\u00bb, indic\u00f3 un comunicado del padre Federico Lombardi.<\/p>\n<p>\u00abMonse\u00f1or Charamsa no podr\u00e1 seguir desempe\u00f1ando las tareas precedentes en la Congregaci\u00f3n para la Doctrina de la Fe y las universidades pontificias, mientras que los otros aspectos de su situaci\u00f3n competen a su ordinario diocesano\u00bb, agreg\u00f3, aludiendo al obispo de Peplin, la di\u00f3cesis polaca en la que se orden\u00f3 en 1997.<\/p>\n<p>Charamsa hab\u00eda previsto la remoci\u00f3n. \u00abS\u00e9 que voy a tener que renunciar a mi ministerio. La Iglesia va a verme como alguien que no supo cumplir su deber, alguien que se perdi\u00f3 y, peor, no con una mujer, sino con un hombre. Pero yo no hago esto para poder vivir con mi compa\u00f1ero. Se trata de una decisi\u00f3n mucho m\u00e1s amplia que surge de la reflexi\u00f3n sobre el pensamiento de la Iglesia\u00bb, explic\u00f3.<\/p>\n<p>Pese a su inmediata expulsi\u00f3n, en un encuentro con la prensa en un restaurante de Roma, el te\u00f3logo polaco se manifest\u00f3 \u00abfeliz\u00bb y present\u00f3 en sociedad a su novio, Eduard, de origen catal\u00e1n. Al margen de alentar a seguir su ejemplo a \u00abtant\u00edsimos sacerdotes homosexuales que no tienen la fuerza de salir del armario\u00bb, Charamsa acus\u00f3 al Vaticano de homofobia.<\/p>\n<p>\u00abPido perd\u00f3n por todos los a\u00f1os durante los que sufr\u00ed en silencio ante la paranoia, la homofobia, el odio y el rechazo a los homosexuales que viv\u00ed en el seno de la Congregaci\u00f3n para la Doctrina de la Fe, que es el coraz\u00f3n de la homofobia en la Iglesia. No podemos seguir odiando a las minor\u00edas sexuales, porque as\u00ed odiamos a una parte de la humanidad\u00bb, acus\u00f3.<\/p>\n<p>Monse\u00f1or Charamsa no eligi\u00f3 casualmente esta fecha para salir a decir su verdad. \u00abQuisiera decirle al s\u00ednodo que el amor homosexual es un amor familiar, que necesita de una familia. Cada persona, tambi\u00e9n los gays, las lesbianas, los transexuales, lleva en el coraz\u00f3n un deseo de amor y familiaridad. Cada persona tiene derecho al amor y ese amor debe ser protegido por la sociedad, por las leyes\u00bb, dijo, seg\u00fan reprodujo <em>La Naci\u00f3n.<\/em><\/p>\n<p>\u00abUna pareja de lesbianas o de homosexuales debe poder decirle a su Iglesia: nosotros caminamos seg\u00fan nuestra naturaleza y este bien de nuestro amor se lo ofrecemos a los dem\u00e1s, porque es un hecho p\u00fablico, no privado y no es una b\u00fasqueda exasperada del placer\u00bb, asegur\u00f3, al denunciar, por otro lado, un retraso en la doctrina de la Iglesia. Anunci\u00f3, adem\u00e1s, que le escribir\u00e1 una carta al Papa.<\/p>\n","protected":false},"excerpt":{"rendered":"<p>Un d&iacute;a antes del inicio del s&iacute;nodo, confes&oacute; que vive en pareja con otro hombre.Peor (o mejor) momento no pod&iacute;a haber elegido para hacer su coming out, es decir, para salir del armario. Apenas un d&iacute;a antes de que empiece el s&iacute;nodo de obispos, que durante tres semanas debatir&aacute; temas asociados a la familia -incluso [&hellip;]<\/p>\n","protected":false},"author":2,"featured_media":0,"comment_status":"open","ping_status":"open","sticky":false,"template":"","format":"standard","meta":{"fifu_image_url":"","fifu_image_alt":"","footnotes":""},"categories":[8,9],"tags":[],"class_list":{"0":"post-11999","1":"post","2":"type-post","3":"status-publish","4":"format-standard","6":"category-internacionales","7":"category-sociedad"},"yoast_head":"<title>Un te\u00f3logo y sacerdote gay irrita al Vaticano - Informe Litoral<\/title>\n<meta name=\"robots\" content=\"index, follow, max-snippet:-1, max-image-preview:large, max-video-preview:-1\" \/>\n<link rel=\"canonical\" href=\"https:\/\/informelitoral.com.ar\/un-teologo-y-sacerdote-gay-irrita-al-vaticano\/\" \/>\n<meta property=\"og:locale\" content=\"es_ES\" \/>\n<meta property=\"og:type\" content=\"article\" \/>\n<meta property=\"og:title\" content=\"Un te\u00f3logo y sacerdote gay irrita al Vaticano - Informe Litoral\" \/>\n<meta property=\"og:description\" content=\"Un d&iacute;a antes del inicio del s&iacute;nodo, confes&oacute; que vive en pareja con otro hombre.Peor (o mejor) momento no pod&iacute;a haber elegido para hacer su coming out, es decir, para salir del armario. Apenas un d&iacute;a antes de que empiece el s&iacute;nodo de obispos, que durante tres semanas debatir&aacute; temas asociados a la familia -incluso [&hellip;]\" \/>\n<meta property=\"og:url\" content=\"https:\/\/informelitoral.com.ar\/un-teologo-y-sacerdote-gay-irrita-al-vaticano\/\" \/>\n<meta property=\"og:site_name\" content=\"Informe Litoral\" \/>\n<meta property=\"article:publisher\" content=\"https:\/\/www.facebook.com\/informelitoral\/\" \/>\n<meta property=\"article:published_time\" content=\"2015-10-04T23:25:45+00:00\" \/>\n<meta property=\"article:modified_time\" content=\"2015-10-04T23:27:18+00:00\" \/>\n<meta property=\"og:image\" content=\"https:\/\/informelitoral.com.ar\/%77%70%2d%63%6f%6e%74%65%6e%74\/uploads\/2015\/10\/2100295h349.jpg\" \/>\n\t<meta property=\"og:image:width\" content=\"620\" \/>\n\t<meta property=\"og:image:height\" content=\"349\" \/>\n\t<meta property=\"og:image:type\" content=\"image\/jpeg\" \/>\n<meta name=\"author\" content=\"Gonzalo Schmidt\" \/>\n<meta name=\"twitter:card\" content=\"summary_large_image\" \/>\n<meta name=\"twitter:creator\" content=\"@InformeLitoral\" \/>\n<meta name=\"twitter:site\" content=\"@InformeLitoral\" \/>\n<meta name=\"twitter:label1\" content=\"Escrito por\" \/>\n\t<meta name=\"twitter:data1\" content=\"Gonzalo Schmidt\" \/>\n\t<meta name=\"twitter:label2\" content=\"Tiempo de lectura\" \/>\n\t<meta name=\"twitter:data2\" content=\"4 minutos\" \/>\n<script type=\"application\/ld+json\" class=\"yoast-schema-graph\">{\"@context\":\"https:\\\/\\\/schema.org\",\"@graph\":[{\"@type\":\"Article\",\"@id\":\"https:\\\/\\\/informelitoral.com.ar\\\/un-teologo-y-sacerdote-gay-irrita-al-vaticano\\\/#article\",\"isPartOf\":{\"@id\":\"https:\\\/\\\/informelitoral.com.ar\\\/un-teologo-y-sacerdote-gay-irrita-al-vaticano\\\/\"},\"author\":{\"name\":\"Gonzalo Schmidt\",\"@id\":\"https:\\\/\\\/informelitoral.com.ar\\\/#\\\/schema\\\/person\\\/b9d00407c836482871ef1d57bf8e3180\"},\"headline\":\"Un te\u00f3logo y sacerdote gay irrita al Vaticano\",\"datePublished\":\"2015-10-04T23:25:45+00:00\",\"dateModified\":\"2015-10-04T23:27:18+00:00\",\"mainEntityOfPage\":{\"@id\":\"https:\\\/\\\/informelitoral.com.ar\\\/un-teologo-y-sacerdote-gay-irrita-al-vaticano\\\/\"},\"wordCount\":728,\"commentCount\":0,\"publisher\":{\"@id\":\"https:\\\/\\\/informelitoral.com.ar\\\/#organization\"},\"image\":{\"@id\":\"https:\\\/\\\/informelitoral.com.ar\\\/un-teologo-y-sacerdote-gay-irrita-al-vaticano\\\/#primaryimage\"},\"thumbnailUrl\":\"http:\\\/\\\/www.isletasnoticias.com.ar\\\/%77%70%2d%63%6f%6e%74%65%6e%74\\\/uploads\\\/2015\\\/10\\\/2100295h349-300x169.jpg\",\"articleSection\":[\"Internacionales\",\"Sociedad\"],\"inLanguage\":\"es\",\"potentialAction\":[{\"@type\":\"CommentAction\",\"name\":\"Comment\",\"target\":[\"https:\\\/\\\/informelitoral.com.ar\\\/un-teologo-y-sacerdote-gay-irrita-al-vaticano\\\/#respond\"]}]},{\"@type\":\"WebPage\",\"@id\":\"https:\\\/\\\/informelitoral.com.ar\\\/un-teologo-y-sacerdote-gay-irrita-al-vaticano\\\/\",\"url\":\"https:\\\/\\\/informelitoral.com.ar\\\/un-teologo-y-sacerdote-gay-irrita-al-vaticano\\\/\",\"name\":\"Un te\u00f3logo y sacerdote gay irrita al Vaticano - Informe Litoral\",\"isPartOf\":{\"@id\":\"https:\\\/\\\/informelitoral.com.ar\\\/#website\"},\"primaryImageOfPage\":{\"@id\":\"https:\\\/\\\/informelitoral.com.ar\\\/un-teologo-y-sacerdote-gay-irrita-al-vaticano\\\/#primaryimage\"},\"image\":{\"@id\":\"https:\\\/\\\/informelitoral.com.ar\\\/un-teologo-y-sacerdote-gay-irrita-al-vaticano\\\/#primaryimage\"},\"thumbnailUrl\":\"http:\\\/\\\/www.isletasnoticias.com.ar\\\/%77%70%2d%63%6f%6e%74%65%6e%74\\\/uploads\\\/2015\\\/10\\\/2100295h349-300x169.jpg\",\"datePublished\":\"2015-10-04T23:25:45+00:00\",\"dateModified\":\"2015-10-04T23:27:18+00:00\",\"breadcrumb\":{\"@id\":\"https:\\\/\\\/informelitoral.com.ar\\\/un-teologo-y-sacerdote-gay-irrita-al-vaticano\\\/#breadcrumb\"},\"inLanguage\":\"es\",\"potentialAction\":[{\"@type\":\"ReadAction\",\"target\":[\"https:\\\/\\\/informelitoral.com.ar\\\/un-teologo-y-sacerdote-gay-irrita-al-vaticano\\\/\"]}]},{\"@type\":\"ImageObject\",\"inLanguage\":\"es\",\"@id\":\"https:\\\/\\\/informelitoral.com.ar\\\/un-teologo-y-sacerdote-gay-irrita-al-vaticano\\\/#primaryimage\",\"url\":\"http:\\\/\\\/www.isletasnoticias.com.ar\\\/%77%70%2d%63%6f%6e%74%65%6e%74\\\/uploads\\\/2015\\\/10\\\/2100295h349-300x169.jpg\",\"contentUrl\":\"http:\\\/\\\/www.isletasnoticias.com.ar\\\/%77%70%2d%63%6f%6e%74%65%6e%74\\\/uploads\\\/2015\\\/10\\\/2100295h349-300x169.jpg\"},{\"@type\":\"BreadcrumbList\",\"@id\":\"https:\\\/\\\/informelitoral.com.ar\\\/un-teologo-y-sacerdote-gay-irrita-al-vaticano\\\/#breadcrumb\",\"itemListElement\":[{\"@type\":\"ListItem\",\"position\":1,\"name\":\"Portada\",\"item\":\"https:\\\/\\\/informelitoral.com.ar\\\/\"},{\"@type\":\"ListItem\",\"position\":2,\"name\":\"Un te\u00f3logo y sacerdote gay irrita al Vaticano\"}]},{\"@type\":\"WebSite\",\"@id\":\"https:\\\/\\\/informelitoral.com.ar\\\/#website\",\"url\":\"https:\\\/\\\/informelitoral.com.ar\\\/\",\"name\":\"Informe Litoral\",\"description\":\"&quot;Nos informamos&quot; \",\"publisher\":{\"@id\":\"https:\\\/\\\/informelitoral.com.ar\\\/#organization\"},\"potentialAction\":[{\"@type\":\"SearchAction\",\"target\":{\"@type\":\"EntryPoint\",\"urlTemplate\":\"https:\\\/\\\/informelitoral.com.ar\\\/?s={search_term_string}\"},\"query-input\":{\"@type\":\"PropertyValueSpecification\",\"valueRequired\":true,\"valueName\":\"search_term_string\"}}],\"inLanguage\":\"es\"},{\"@type\":\"Organization\",\"@id\":\"https:\\\/\\\/informelitoral.com.ar\\\/#organization\",\"name\":\"Informe Litoral\",\"url\":\"https:\\\/\\\/informelitoral.com.ar\\\/\",\"logo\":{\"@type\":\"ImageObject\",\"inLanguage\":\"es\",\"@id\":\"https:\\\/\\\/informelitoral.com.ar\\\/#\\\/schema\\\/logo\\\/image\\\/\",\"url\":\"https:\\\/\\\/informelitoral.com.ar\\\/%77%70%2d%63%6f%6e%74%65%6e%74\\\/uploads\\\/2021\\\/01\\\/circulo.png\",\"contentUrl\":\"https:\\\/\\\/informelitoral.com.ar\\\/%77%70%2d%63%6f%6e%74%65%6e%74\\\/uploads\\\/2021\\\/01\\\/circulo.png\",\"width\":723,\"height\":731,\"caption\":\"Informe Litoral\"},\"image\":{\"@id\":\"https:\\\/\\\/informelitoral.com.ar\\\/#\\\/schema\\\/logo\\\/image\\\/\"},\"sameAs\":[\"https:\\\/\\\/www.facebook.com\\\/informelitoral\\\/\",\"https:\\\/\\\/x.com\\\/InformeLitoral\",\"https:\\\/\\\/www.instagram.com\\\/informelitoral\\\/\",\"https:\\\/\\\/www.youtube.com\\\/channel\\\/UCua4Qvz8Icb6MYqhoq9xLXw\"]},{\"@type\":\"Person\",\"@id\":\"https:\\\/\\\/informelitoral.com.ar\\\/#\\\/schema\\\/person\\\/b9d00407c836482871ef1d57bf8e3180\",\"name\":\"Gonzalo Schmidt\",\"image\":{\"@type\":\"ImageObject\",\"inLanguage\":\"es\",\"@id\":\"https:\\\/\\\/secure.gravatar.com\\\/avatar\\\/31a1a7b66ff2de83bd0e9fd79d026630d2d99e55e8bfe501287647b4fd9743de?s=96&d=mm&r=g\",\"url\":\"https:\\\/\\\/secure.gravatar.com\\\/avatar\\\/31a1a7b66ff2de83bd0e9fd79d026630d2d99e55e8bfe501287647b4fd9743de?s=96&d=mm&r=g\",\"contentUrl\":\"https:\\\/\\\/secure.gravatar.com\\\/avatar\\\/31a1a7b66ff2de83bd0e9fd79d026630d2d99e55e8bfe501287647b4fd9743de?s=96&d=mm&r=g\",\"caption\":\"Gonzalo Schmidt\"},\"description\":\"Sitio web de noticias de la provincia de Entre R\u00edos, Argentina. Informaci\u00f3n y entretenimiento. Informe Litoral, nos informamos.\",\"sameAs\":[\"http:\\\/\\\/www.isletasnoticias.com.ar\"],\"url\":\"https:\\\/\\\/informelitoral.com.ar\\\/author\\\/gonzalo\\\/\"}]}<\/script>","yoast_head_json":{"title":"Un te\u00f3logo y sacerdote gay irrita al Vaticano - Informe Litoral","robots":{"index":"index","follow":"follow","max-snippet":"max-snippet:-1","max-image-preview":"max-image-preview:large","max-video-preview":"max-video-preview:-1"},"canonical":"https:\/\/informelitoral.com.ar\/un-teologo-y-sacerdote-gay-irrita-al-vaticano\/","og_locale":"es_ES","og_type":"article","og_title":"Un te\u00f3logo y sacerdote gay irrita al Vaticano - Informe Litoral","og_description":"Un d&iacute;a antes del inicio del s&iacute;nodo, confes&oacute; que vive en pareja con otro hombre.Peor (o mejor) momento no pod&iacute;a haber elegido para hacer su coming out, es decir, para salir del armario. Apenas un d&iacute;a antes de que empiece el s&iacute;nodo de obispos, que durante tres semanas debatir&aacute; temas asociados a la familia -incluso [&hellip;]","og_url":"https:\/\/informelitoral.com.ar\/un-teologo-y-sacerdote-gay-irrita-al-vaticano\/","og_site_name":"Informe Litoral","article_publisher":"https:\/\/www.facebook.com\/informelitoral\/","article_published_time":"2015-10-04T23:25:45+00:00","article_modified_time":"2015-10-04T23:27:18+00:00","og_image":[{"width":620,"height":349,"url":"https:\/\/informelitoral.com.ar\/%77%70%2d%63%6f%6e%74%65%6e%74\/uploads\/2015\/10\/2100295h349.jpg","type":"image\/jpeg"}],"author":"Gonzalo Schmidt","twitter_card":"summary_large_image","twitter_creator":"@InformeLitoral","twitter_site":"@InformeLitoral","twitter_misc":{"Escrito por":"Gonzalo Schmidt","Tiempo de lectura":"4 minutos"},"schema":{"@context":"https:\/\/schema.org","@graph":[{"@type":"Article","@id":"https:\/\/informelitoral.com.ar\/un-teologo-y-sacerdote-gay-irrita-al-vaticano\/#article","isPartOf":{"@id":"https:\/\/informelitoral.com.ar\/un-teologo-y-sacerdote-gay-irrita-al-vaticano\/"},"author":{"name":"Gonzalo Schmidt","@id":"https:\/\/informelitoral.com.ar\/#\/schema\/person\/b9d00407c836482871ef1d57bf8e3180"},"headline":"Un te\u00f3logo y sacerdote gay irrita al Vaticano","datePublished":"2015-10-04T23:25:45+00:00","dateModified":"2015-10-04T23:27:18+00:00","mainEntityOfPage":{"@id":"https:\/\/informelitoral.com.ar\/un-teologo-y-sacerdote-gay-irrita-al-vaticano\/"},"wordCount":728,"commentCount":0,"publisher":{"@id":"https:\/\/informelitoral.com.ar\/#organization"},"image":{"@id":"https:\/\/informelitoral.com.ar\/un-teologo-y-sacerdote-gay-irrita-al-vaticano\/#primaryimage"},"thumbnailUrl":"http:\/\/www.isletasnoticias.com.ar\/%77%70%2d%63%6f%6e%74%65%6e%74\/uploads\/2015\/10\/2100295h349-300x169.jpg","articleSection":["Internacionales","Sociedad"],"inLanguage":"es","potentialAction":[{"@type":"CommentAction","name":"Comment","target":["https:\/\/informelitoral.com.ar\/un-teologo-y-sacerdote-gay-irrita-al-vaticano\/#respond"]}]},{"@type":"WebPage","@id":"https:\/\/informelitoral.com.ar\/un-teologo-y-sacerdote-gay-irrita-al-vaticano\/","url":"https:\/\/informelitoral.com.ar\/un-teologo-y-sacerdote-gay-irrita-al-vaticano\/","name":"Un te\u00f3logo y sacerdote gay irrita al Vaticano - Informe Litoral","isPartOf":{"@id":"https:\/\/informelitoral.com.ar\/#website"},"primaryImageOfPage":{"@id":"https:\/\/informelitoral.com.ar\/un-teologo-y-sacerdote-gay-irrita-al-vaticano\/#primaryimage"},"image":{"@id":"https:\/\/informelitoral.com.ar\/un-teologo-y-sacerdote-gay-irrita-al-vaticano\/#primaryimage"},"thumbnailUrl":"http:\/\/www.isletasnoticias.com.ar\/%77%70%2d%63%6f%6e%74%65%6e%74\/uploads\/2015\/10\/2100295h349-300x169.jpg","datePublished":"2015-10-04T23:25:45+00:00","dateModified":"2015-10-04T23:27:18+00:00","breadcrumb":{"@id":"https:\/\/informelitoral.com.ar\/un-teologo-y-sacerdote-gay-irrita-al-vaticano\/#breadcrumb"},"inLanguage":"es","potentialAction":[{"@type":"ReadAction","target":["https:\/\/informelitoral.com.ar\/un-teologo-y-sacerdote-gay-irrita-al-vaticano\/"]}]},{"@type":"ImageObject","inLanguage":"es","@id":"https:\/\/informelitoral.com.ar\/un-teologo-y-sacerdote-gay-irrita-al-vaticano\/#primaryimage","url":"http:\/\/www.isletasnoticias.com.ar\/%77%70%2d%63%6f%6e%74%65%6e%74\/uploads\/2015\/10\/2100295h349-300x169.jpg","contentUrl":"http:\/\/www.isletasnoticias.com.ar\/%77%70%2d%63%6f%6e%74%65%6e%74\/uploads\/2015\/10\/2100295h349-300x169.jpg"},{"@type":"BreadcrumbList","@id":"https:\/\/informelitoral.com.ar\/un-teologo-y-sacerdote-gay-irrita-al-vaticano\/#breadcrumb","itemListElement":[{"@type":"ListItem","position":1,"name":"Portada","item":"https:\/\/informelitoral.com.ar\/"},{"@type":"ListItem","position":2,"name":"Un te\u00f3logo y sacerdote gay irrita al Vaticano"}]},{"@type":"WebSite","@id":"https:\/\/informelitoral.com.ar\/#website","url":"https:\/\/informelitoral.com.ar\/","name":"Informe Litoral","description":"&quot;Nos informamos&quot; ","publisher":{"@id":"https:\/\/informelitoral.com.ar\/#organization"},"potentialAction":[{"@type":"SearchAction","target":{"@type":"EntryPoint","urlTemplate":"https:\/\/informelitoral.com.ar\/?s={search_term_string}"},"query-input":{"@type":"PropertyValueSpecification","valueRequired":true,"valueName":"search_term_string"}}],"inLanguage":"es"},{"@type":"Organization","@id":"https:\/\/informelitoral.com.ar\/#organization","name":"Informe Litoral","url":"https:\/\/informelitoral.com.ar\/","logo":{"@type":"ImageObject","inLanguage":"es","@id":"https:\/\/informelitoral.com.ar\/#\/schema\/logo\/image\/","url":"https:\/\/informelitoral.com.ar\/%77%70%2d%63%6f%6e%74%65%6e%74\/uploads\/2021\/01\/circulo.png","contentUrl":"https:\/\/informelitoral.com.ar\/%77%70%2d%63%6f%6e%74%65%6e%74\/uploads\/2021\/01\/circulo.png","width":723,"height":731,"caption":"Informe Litoral"},"image":{"@id":"https:\/\/informelitoral.com.ar\/#\/schema\/logo\/image\/"},"sameAs":["https:\/\/www.facebook.com\/informelitoral\/","https:\/\/x.com\/InformeLitoral","https:\/\/www.instagram.com\/informelitoral\/","https:\/\/www.youtube.com\/channel\/UCua4Qvz8Icb6MYqhoq9xLXw"]},{"@type":"Person","@id":"https:\/\/informelitoral.com.ar\/#\/schema\/person\/b9d00407c836482871ef1d57bf8e3180","name":"Gonzalo Schmidt","image":{"@type":"ImageObject","inLanguage":"es","@id":"https:\/\/secure.gravatar.com\/avatar\/31a1a7b66ff2de83bd0e9fd79d026630d2d99e55e8bfe501287647b4fd9743de?s=96&d=mm&r=g","url":"https:\/\/secure.gravatar.com\/avatar\/31a1a7b66ff2de83bd0e9fd79d026630d2d99e55e8bfe501287647b4fd9743de?s=96&d=mm&r=g","contentUrl":"https:\/\/secure.gravatar.com\/avatar\/31a1a7b66ff2de83bd0e9fd79d026630d2d99e55e8bfe501287647b4fd9743de?s=96&d=mm&r=g","caption":"Gonzalo Schmidt"},"description":"Sitio web de noticias de la provincia de Entre R\u00edos, Argentina. Informaci\u00f3n y entretenimiento. Informe Litoral, nos informamos.","sameAs":["http:\/\/www.isletasnoticias.com.ar"],"url":"https:\/\/informelitoral.com.ar\/author\/gonzalo\/"}]}},"_links":{"self":[{"href":"https:\/\/informelitoral.com.ar\/%77%70%2d%6a%73%6f%6e\/wp\/v2\/posts\/11999","targetHints":{"allow":["GET"]}}],"collection":[{"href":"https:\/\/informelitoral.com.ar\/%77%70%2d%6a%73%6f%6e\/wp\/v2\/posts"}],"about":[{"href":"https:\/\/informelitoral.com.ar\/%77%70%2d%6a%73%6f%6e\/wp\/v2\/types\/post"}],"author":[{"embeddable":true,"href":"https:\/\/informelitoral.com.ar\/%77%70%2d%6a%73%6f%6e\/wp\/v2\/users\/2"}],"replies":[{"embeddable":true,"href":"https:\/\/informelitoral.com.ar\/%77%70%2d%6a%73%6f%6e\/wp\/v2\/comments?post=11999"}],"version-history":[{"count":0,"href":"https:\/\/informelitoral.com.ar\/%77%70%2d%6a%73%6f%6e\/wp\/v2\/posts\/11999\/revisions"}],"wp:attachment":[{"href":"https:\/\/informelitoral.com.ar\/%77%70%2d%6a%73%6f%6e\/wp\/v2\/media?parent=11999"}],"wp:term":[{"taxonomy":"category","embeddable":true,"href":"https:\/\/informelitoral.com.ar\/%77%70%2d%6a%73%6f%6e\/wp\/v2\/categories?post=11999"},{"taxonomy":"post_tag","embeddable":true,"href":"https:\/\/informelitoral.com.ar\/%77%70%2d%6a%73%6f%6e\/wp\/v2\/tags?post=11999"}],"curies":[{"name":"wp","href":"https:\/\/api.w.org\/{rel}","templated":true}]}}