{"id":11997,"date":"2015-10-04T20:56:24","date_gmt":"2015-10-04T23:56:24","guid":{"rendered":"http:\/\/www.isletasnoticias.com.ar\/?p=11997"},"modified":"2015-10-09T17:07:24","modified_gmt":"2015-10-09T20:07:24","slug":"lucas-eichman-no-pretendemos-nada-mas-que-resolverles-los-problemas-a-nuestros-vecinos-e-integrarlos","status":"publish","type":"post","link":"https:\/\/informelitoral.com.ar\/lucas-eichman-no-pretendemos-nada-mas-que-resolverles-los-problemas-a-nuestros-vecinos-e-integrarlos\/","title":{"rendered":"Lucas Eichmann: \u201cNo pretendemos nada m\u00e1s que resolverles los problemas a nuestros vecinos e integrarlos\u201d"},"content":{"rendered":"<p><strong>El presidente de la Juventud Radical e integrante de la lista de Cambiemos, <em>Lucas Fabricio Eichmann<\/em>, destac\u00f3 la importancia de involucrarse en la pol\u00edtica y asegur\u00f3 que en caso que gane Alcides Wolff, luchar\u00e1n \u201ctodos los d\u00edas por nuestra gente sin distinci\u00f3n\u00bb. En lo personal, adelant\u00f3 que har\u00e1 hincapi\u00e9 en la Educaci\u00f3n y mencion\u00f3 a su posible reemplazante en la conducci\u00f3n de la JR. Por \u00faltimo, inst\u00f3 a \u201cconcurrir a sufragar libremente\u201d. <\/strong><\/p>\n<figure id=\"attachment_593\" aria-describedby=\"caption-attachment-593\" style=\"width: 577px\" class=\"wp-caption aligncenter\"><a href=\"http:\/\/www.isletasnoticias.com.ar\/%77%70%2d%63%6f%6e%74%65%6e%74\/uploads\/2013\/03\/lucas-e-y-yo.jpg\"><img loading=\"lazy\" decoding=\"async\" class=\"wp-image-593\" src=\"http:\/\/www.isletasnoticias.com.ar\/%77%70%2d%63%6f%6e%74%65%6e%74\/uploads\/2013\/03\/lucas-e-y-yo.jpg\" alt=\"Lucas Eichmann en di\u00e1logo con IN\" width=\"577\" height=\"344\" srcset=\"https:\/\/informelitoral.com.ar\/%77%70%2d%63%6f%6e%74%65%6e%74\/uploads\/2013\/03\/lucas-e-y-yo.jpg 960w, https:\/\/informelitoral.com.ar\/%77%70%2d%63%6f%6e%74%65%6e%74\/uploads\/2013\/03\/lucas-e-y-yo-300x179.jpg 300w\" sizes=\"auto, (max-width: 577px) 100vw, 577px\" \/><\/a><figcaption id=\"caption-attachment-593\" class=\"wp-caption-text\">(Imagen de archivo)<\/figcaption><\/figure>\n<p>El presidente de la Juventud Radical de Isletas,<strong> Lucas Fabricio Eichmann<\/strong>, cuyo segundo mandato finaliza en 2016, en una entrevista con<strong><em> IN<\/em><\/strong>, habl\u00f3 sobre el trabajo de la agrupaci\u00f3n pol\u00edtica juvenil y su posible participaci\u00f3n en la Junta de Gobierno a partir del 10 de diciembre.\u00a0<a href=\"http:\/\/www.isletasnoticias.com.ar\/%77%70%2d%63%6f%6e%74%65%6e%74\/uploads\/2015\/10\/eichmann.jpg\"><img loading=\"lazy\" decoding=\"async\" class=\"alignright wp-image-12015 size-medium\" src=\"http:\/\/www.isletasnoticias.com.ar\/%77%70%2d%63%6f%6e%74%65%6e%74\/uploads\/2015\/10\/eichmann-196x300.jpg\" alt=\"eichmann\" width=\"196\" height=\"300\" srcset=\"https:\/\/informelitoral.com.ar\/%77%70%2d%63%6f%6e%74%65%6e%74\/uploads\/2015\/10\/eichmann-196x300.jpg 196w, https:\/\/informelitoral.com.ar\/%77%70%2d%63%6f%6e%74%65%6e%74\/uploads\/2015\/10\/eichmann.jpg 456w\" sizes=\"auto, (max-width: 196px) 100vw, 196px\" \/><\/a><\/p>\n<p><strong>&#8212; Es la primera vez que la militancia joven est\u00e1 representada en una f\u00f3rmula. \u00bfC\u00f3mo tomaste la decisi\u00f3n?<\/strong><\/p>\n<p>&#8212; S\u00ed. En nuestro caso es la primera vez que tenemos la posibilidad de participar. En esta oportunidad me toc\u00f3 a m\u00ed, pero seguramente en los pr\u00f3ximos a\u00f1os seremos m\u00e1s.\u00a0 La decisi\u00f3n la tomamos con plena convicci\u00f3n, dado que <u>nuestra intenci\u00f3n es aportar a la construcci\u00f3n de una sociedad mejor y para eso nos debemos involucrar<\/u>. Las cosas se cambian desde adentro; la pol\u00edtica requiere de los j\u00f3venes y en Isletas m\u00e1s a\u00fan. Hay mucho por hacer, estamos comprometidos y dispuestos a llevar adelante nuestra tarea con la mayor responsabilidad pol\u00edtica e institucional.<\/p>\n<p><strong>&#8212; \u00bfCrees que tus ideas ser\u00e1n escuchadas en caso que gane Alcides Wolff?<\/strong><\/p>\n<p>&#8212; S\u00ed. No tengo dudas. No ser\u00e1n mis ideas personales sino la de los j\u00f3venes a los que represento; como as\u00ed tambi\u00e9n las ideas o proyectos de todos los vecinos<strong>. <\/strong><u>La apertura al di\u00e1logo ser\u00e1 sustancial en nuestra gesti\u00f3n en el caso de ser gobierno.<\/u> Nuestro equipo \u00a0garantiza la posibilidad de proponer por parte de la gente, e incluso tambi\u00e9n de poder criticar constructivamente nuestros actos, para que podamos mejorar d\u00eda a d\u00eda.<\/p>\n<p><strong>&#8212; \u00bfSegu\u00eds como presidente en caso que sean electos?<\/strong><\/p>\n<p><strong>&#8212; <\/strong>No lo s\u00e9 aun, es un tema que ser\u00e1 analizado con quienes integramos la Juventud. <u>Probablemente, si soy electo, no siga y sea nuestro vicepresidente (Facundo Sosa) quien tome la conducci\u00f3n, como corresponde<\/u>. De todas maneras s\u00ed seguir\u00e9 participando activamente.<\/p>\n<p><strong>&#8212; Si bien es la primera vez que se form\u00f3 una JR y una JP en Isletas. \u00bfExiste una cierta p\u00e9rdida de protagonismo de ambas o no lo ves as\u00ed?<\/strong><\/p>\n<p><u>&#8212; Es posible que en los \u00faltimos tiempos haya existido esa p\u00e9rdida de protagonismo de la cual hablas, pero nunca perdimos de vista los objetivos propuestos<\/u>, que son justamente\u00a0 estar junto a la gente y a las instituciones colaborando en lo que estuviera a nuestro alcance.\u00a0 <u>En nuestro caso hemos estado presentes llevando adelante labores comunitarias importantes,<\/u> como por ejemplo, pintar parques y edificios de Escuelas.<\/p>\n<p><u>Los vecinos valoran de nosotros la permanencia en las actividades, comenzamos en el 2012 y trabajamos continuamente sin detenernos. No lo hacemos solo dos o tres meses antes de las elecciones. <\/u><\/p>\n<p><strong>&#8212; \u00bfQu\u00e9 esperas para Isletas? <\/strong><\/p>\n<p>&#8212; Lo que espero y por lo que vamos a trabajar incansablemente, es que podamos seguir creciendo. Creo <u>es necesario aunar esfuerzos y luchar todos los d\u00edas por nuestra gente sin distinci\u00f3n alguna<\/u>.<\/p>\n<p><u>Hoy tenemos un pa\u00eds divido en dos, esa es una herencia que nos deja el kirchnerismo y que debemos erradicar.<\/u> Una sociedad con odio es una sociedad perdida. Es mucho lo que a\u00fan puede hacerse, <u>en el caso de ganar, nuestra gesti\u00f3n ser\u00e1 integral<\/u>. Tenemos proyectos para todas las \u00e1reas y eso habla de la seriedad con la hemos encarado esta tarea.<\/p>\n<p>Debemos continuar con las gestiones en lo que refiere a caminos, salud, seguridad, acci\u00f3n social, cultura, y <u>en lo personal, tengo muchas ganas de trabajar por la educaci\u00f3n en la localidad<\/u>, dado que ella constituye un pilar fundamental para el desarrollo de los pueblos. <u>Tenemos la responsabilidad de retener a los j\u00f3venes en el campo<\/u>, y estamos obligados a brindarles las herramientas para que puedan crecer y auto sustentarse. Hoy tenemos en Isletas muchas escuelas primarias a las cuales hay que asistir en lo que est\u00e9 a nuestro alcance y a la \u00fanica escuela con modalidad agrot\u00e9cnica del Departamento, eso es sumamente importante. Nuestro objetivo es poder articular una agenda de trabajo en conjunto con el equipo directivo y especialmente con quienes integran el \u00e1rea did\u00e1ctico &#8211; productiva, para poder ejecutar proyectos en beneficios de los alumnos y de la comunidad toda.<\/p>\n<p><strong>&#8212; \u00bfPor qu\u00e9 el votante isletense tiene que elegir a la lista encabezada por Alcides Wolff?<\/strong><\/p>\n<p>&#8212; Porque <u>la lista garantiza una gesti\u00f3n con honradez administrativa<\/u>. Hemos conformado un equipo de trabajo muy destacado, con personas due\u00f1as de una gran calidad humana y plenamente convencidas de que la pol\u00edtica es estar al servicio del pueblo. <u>No pretendemos nada m\u00e1s que resolverles los problemas a nuestros vecinos e integrarlos<\/u>.<\/p>\n<p><strong>&#8212; \u00bfAlgo m\u00e1s para agregar?<\/strong><\/p>\n<p>&#8212; <u>Aprovechemos la oportunidad para hacer uso de nuestro derecho a votar, que es el acto fundamental y fundacional de la Democracia<\/u>; no lo veamos como una obligaci\u00f3n. Con \u00e9l decidimos nuestro futuro y el de nuestros hijos. Desde nuestro m\u00e1s humilde lugar, <u>instamos al electorado a concurrir a sufragar libremente<\/u> el pr\u00f3ximo 25 de octubre y a que todos juntos velemos por la paz social en nuestra Naci\u00f3n.<\/p>\n","protected":false},"excerpt":{"rendered":"<p>El presidente de la Juventud Radical e integrante de la lista de Cambiemos, Lucas Fabricio Eichmann, destac&oacute; la importancia de involucrarse en la pol&iacute;tica y asegur&oacute; que en caso que gane Alcides Wolff, luchar&aacute;n &ldquo;todos los d&iacute;as por nuestra gente sin distinci&oacute;n&raquo;. En lo personal, adelant&oacute; que har&aacute; hincapi&eacute; en la Educaci&oacute;n y mencion&oacute; a [&hellip;]<\/p>\n","protected":false},"author":2,"featured_media":0,"comment_status":"open","ping_status":"open","sticky":false,"template":"","format":"standard","meta":{"fifu_image_url":"","fifu_image_alt":"","footnotes":""},"categories":[4,16],"tags":[],"class_list":{"0":"post-11997","1":"post","2":"type-post","3":"status-publish","4":"format-standard","6":"category-locales","7":"category-politi"},"yoast_head":"<title>Lucas Eichmann: \u201cNo pretendemos nada m\u00e1s que resolverles los problemas a nuestros vecinos e integrarlos\u201d - Informe Litoral<\/title>\n<meta name=\"robots\" content=\"index, follow, max-snippet:-1, max-image-preview:large, max-video-preview:-1\" \/>\n<link rel=\"canonical\" href=\"https:\/\/informelitoral.com.ar\/lucas-eichman-no-pretendemos-nada-mas-que-resolverles-los-problemas-a-nuestros-vecinos-e-integrarlos\/\" \/>\n<meta property=\"og:locale\" content=\"es_ES\" \/>\n<meta property=\"og:type\" content=\"article\" \/>\n<meta property=\"og:title\" content=\"Lucas Eichmann: \u201cNo pretendemos nada m\u00e1s que resolverles los problemas a nuestros vecinos e integrarlos\u201d - Informe Litoral\" \/>\n<meta property=\"og:description\" content=\"El presidente de la Juventud Radical e integrante de la lista de Cambiemos, Lucas Fabricio Eichmann, destac&oacute; la importancia de involucrarse en la pol&iacute;tica y asegur&oacute; que en caso que gane Alcides Wolff, luchar&aacute;n &ldquo;todos los d&iacute;as por nuestra gente sin distinci&oacute;n&raquo;. En lo personal, adelant&oacute; que har&aacute; hincapi&eacute; en la Educaci&oacute;n y mencion&oacute; a [&hellip;]\" \/>\n<meta property=\"og:url\" content=\"https:\/\/informelitoral.com.ar\/lucas-eichman-no-pretendemos-nada-mas-que-resolverles-los-problemas-a-nuestros-vecinos-e-integrarlos\/\" \/>\n<meta property=\"og:site_name\" content=\"Informe Litoral\" \/>\n<meta property=\"article:publisher\" content=\"https:\/\/www.facebook.com\/informelitoral\/\" \/>\n<meta property=\"article:published_time\" content=\"2015-10-04T23:56:24+00:00\" \/>\n<meta property=\"article:modified_time\" content=\"2015-10-09T20:07:24+00:00\" \/>\n<meta property=\"og:image\" content=\"https:\/\/informelitoral.com.ar\/%77%70%2d%63%6f%6e%74%65%6e%74\/uploads\/2013\/03\/lucas-e-y-yo.jpg\" \/>\n\t<meta property=\"og:image:width\" content=\"960\" \/>\n\t<meta property=\"og:image:height\" content=\"573\" \/>\n\t<meta property=\"og:image:type\" content=\"image\/jpeg\" \/>\n<meta name=\"author\" content=\"Gonzalo Schmidt\" \/>\n<meta name=\"twitter:card\" content=\"summary_large_image\" \/>\n<meta name=\"twitter:creator\" content=\"@InformeLitoral\" \/>\n<meta name=\"twitter:site\" content=\"@InformeLitoral\" \/>\n<meta name=\"twitter:label1\" content=\"Escrito por\" \/>\n\t<meta name=\"twitter:data1\" content=\"Gonzalo Schmidt\" \/>\n\t<meta name=\"twitter:label2\" content=\"Tiempo de lectura\" \/>\n\t<meta name=\"twitter:data2\" content=\"5 minutos\" \/>\n<script type=\"application\/ld+json\" class=\"yoast-schema-graph\">{\"@context\":\"https:\\\/\\\/schema.org\",\"@graph\":[{\"@type\":\"Article\",\"@id\":\"https:\\\/\\\/informelitoral.com.ar\\\/lucas-eichman-no-pretendemos-nada-mas-que-resolverles-los-problemas-a-nuestros-vecinos-e-integrarlos\\\/#article\",\"isPartOf\":{\"@id\":\"https:\\\/\\\/informelitoral.com.ar\\\/lucas-eichman-no-pretendemos-nada-mas-que-resolverles-los-problemas-a-nuestros-vecinos-e-integrarlos\\\/\"},\"author\":{\"name\":\"Gonzalo Schmidt\",\"@id\":\"https:\\\/\\\/informelitoral.com.ar\\\/#\\\/schema\\\/person\\\/b9d00407c836482871ef1d57bf8e3180\"},\"headline\":\"Lucas Eichmann: \u201cNo pretendemos nada m\u00e1s que resolverles los problemas a nuestros vecinos e integrarlos\u201d\",\"datePublished\":\"2015-10-04T23:56:24+00:00\",\"dateModified\":\"2015-10-09T20:07:24+00:00\",\"mainEntityOfPage\":{\"@id\":\"https:\\\/\\\/informelitoral.com.ar\\\/lucas-eichman-no-pretendemos-nada-mas-que-resolverles-los-problemas-a-nuestros-vecinos-e-integrarlos\\\/\"},\"wordCount\":954,\"commentCount\":0,\"publisher\":{\"@id\":\"https:\\\/\\\/informelitoral.com.ar\\\/#organization\"},\"image\":{\"@id\":\"https:\\\/\\\/informelitoral.com.ar\\\/lucas-eichman-no-pretendemos-nada-mas-que-resolverles-los-problemas-a-nuestros-vecinos-e-integrarlos\\\/#primaryimage\"},\"thumbnailUrl\":\"http:\\\/\\\/www.isletasnoticias.com.ar\\\/%77%70%2d%63%6f%6e%74%65%6e%74\\\/uploads\\\/2013\\\/03\\\/lucas-e-y-yo.jpg\",\"articleSection\":[\"Isletas\",\"Politica\"],\"inLanguage\":\"es\",\"potentialAction\":[{\"@type\":\"CommentAction\",\"name\":\"Comment\",\"target\":[\"https:\\\/\\\/informelitoral.com.ar\\\/lucas-eichman-no-pretendemos-nada-mas-que-resolverles-los-problemas-a-nuestros-vecinos-e-integrarlos\\\/#respond\"]}]},{\"@type\":\"WebPage\",\"@id\":\"https:\\\/\\\/informelitoral.com.ar\\\/lucas-eichman-no-pretendemos-nada-mas-que-resolverles-los-problemas-a-nuestros-vecinos-e-integrarlos\\\/\",\"url\":\"https:\\\/\\\/informelitoral.com.ar\\\/lucas-eichman-no-pretendemos-nada-mas-que-resolverles-los-problemas-a-nuestros-vecinos-e-integrarlos\\\/\",\"name\":\"Lucas Eichmann: \u201cNo pretendemos nada m\u00e1s que resolverles los problemas a nuestros vecinos e integrarlos\u201d - Informe Litoral\",\"isPartOf\":{\"@id\":\"https:\\\/\\\/informelitoral.com.ar\\\/#website\"},\"primaryImageOfPage\":{\"@id\":\"https:\\\/\\\/informelitoral.com.ar\\\/lucas-eichman-no-pretendemos-nada-mas-que-resolverles-los-problemas-a-nuestros-vecinos-e-integrarlos\\\/#primaryimage\"},\"image\":{\"@id\":\"https:\\\/\\\/informelitoral.com.ar\\\/lucas-eichman-no-pretendemos-nada-mas-que-resolverles-los-problemas-a-nuestros-vecinos-e-integrarlos\\\/#primaryimage\"},\"thumbnailUrl\":\"http:\\\/\\\/www.isletasnoticias.com.ar\\\/%77%70%2d%63%6f%6e%74%65%6e%74\\\/uploads\\\/2013\\\/03\\\/lucas-e-y-yo.jpg\",\"datePublished\":\"2015-10-04T23:56:24+00:00\",\"dateModified\":\"2015-10-09T20:07:24+00:00\",\"breadcrumb\":{\"@id\":\"https:\\\/\\\/informelitoral.com.ar\\\/lucas-eichman-no-pretendemos-nada-mas-que-resolverles-los-problemas-a-nuestros-vecinos-e-integrarlos\\\/#breadcrumb\"},\"inLanguage\":\"es\",\"potentialAction\":[{\"@type\":\"ReadAction\",\"target\":[\"https:\\\/\\\/informelitoral.com.ar\\\/lucas-eichman-no-pretendemos-nada-mas-que-resolverles-los-problemas-a-nuestros-vecinos-e-integrarlos\\\/\"]}]},{\"@type\":\"ImageObject\",\"inLanguage\":\"es\",\"@id\":\"https:\\\/\\\/informelitoral.com.ar\\\/lucas-eichman-no-pretendemos-nada-mas-que-resolverles-los-problemas-a-nuestros-vecinos-e-integrarlos\\\/#primaryimage\",\"url\":\"http:\\\/\\\/www.isletasnoticias.com.ar\\\/%77%70%2d%63%6f%6e%74%65%6e%74\\\/uploads\\\/2013\\\/03\\\/lucas-e-y-yo.jpg\",\"contentUrl\":\"http:\\\/\\\/www.isletasnoticias.com.ar\\\/%77%70%2d%63%6f%6e%74%65%6e%74\\\/uploads\\\/2013\\\/03\\\/lucas-e-y-yo.jpg\"},{\"@type\":\"BreadcrumbList\",\"@id\":\"https:\\\/\\\/informelitoral.com.ar\\\/lucas-eichman-no-pretendemos-nada-mas-que-resolverles-los-problemas-a-nuestros-vecinos-e-integrarlos\\\/#breadcrumb\",\"itemListElement\":[{\"@type\":\"ListItem\",\"position\":1,\"name\":\"Portada\",\"item\":\"https:\\\/\\\/informelitoral.com.ar\\\/\"},{\"@type\":\"ListItem\",\"position\":2,\"name\":\"Lucas Eichmann: \u201cNo pretendemos nada m\u00e1s que resolverles los problemas a nuestros vecinos e integrarlos\u201d\"}]},{\"@type\":\"WebSite\",\"@id\":\"https:\\\/\\\/informelitoral.com.ar\\\/#website\",\"url\":\"https:\\\/\\\/informelitoral.com.ar\\\/\",\"name\":\"Informe Litoral\",\"description\":\"&quot;Nos informamos&quot; \",\"publisher\":{\"@id\":\"https:\\\/\\\/informelitoral.com.ar\\\/#organization\"},\"potentialAction\":[{\"@type\":\"SearchAction\",\"target\":{\"@type\":\"EntryPoint\",\"urlTemplate\":\"https:\\\/\\\/informelitoral.com.ar\\\/?s={search_term_string}\"},\"query-input\":{\"@type\":\"PropertyValueSpecification\",\"valueRequired\":true,\"valueName\":\"search_term_string\"}}],\"inLanguage\":\"es\"},{\"@type\":\"Organization\",\"@id\":\"https:\\\/\\\/informelitoral.com.ar\\\/#organization\",\"name\":\"Informe Litoral\",\"url\":\"https:\\\/\\\/informelitoral.com.ar\\\/\",\"logo\":{\"@type\":\"ImageObject\",\"inLanguage\":\"es\",\"@id\":\"https:\\\/\\\/informelitoral.com.ar\\\/#\\\/schema\\\/logo\\\/image\\\/\",\"url\":\"https:\\\/\\\/informelitoral.com.ar\\\/%77%70%2d%63%6f%6e%74%65%6e%74\\\/uploads\\\/2021\\\/01\\\/circulo.png\",\"contentUrl\":\"https:\\\/\\\/informelitoral.com.ar\\\/%77%70%2d%63%6f%6e%74%65%6e%74\\\/uploads\\\/2021\\\/01\\\/circulo.png\",\"width\":723,\"height\":731,\"caption\":\"Informe Litoral\"},\"image\":{\"@id\":\"https:\\\/\\\/informelitoral.com.ar\\\/#\\\/schema\\\/logo\\\/image\\\/\"},\"sameAs\":[\"https:\\\/\\\/www.facebook.com\\\/informelitoral\\\/\",\"https:\\\/\\\/x.com\\\/InformeLitoral\",\"https:\\\/\\\/www.instagram.com\\\/informelitoral\\\/\",\"https:\\\/\\\/www.youtube.com\\\/channel\\\/UCua4Qvz8Icb6MYqhoq9xLXw\"]},{\"@type\":\"Person\",\"@id\":\"https:\\\/\\\/informelitoral.com.ar\\\/#\\\/schema\\\/person\\\/b9d00407c836482871ef1d57bf8e3180\",\"name\":\"Gonzalo Schmidt\",\"image\":{\"@type\":\"ImageObject\",\"inLanguage\":\"es\",\"@id\":\"https:\\\/\\\/secure.gravatar.com\\\/avatar\\\/31a1a7b66ff2de83bd0e9fd79d026630d2d99e55e8bfe501287647b4fd9743de?s=96&d=mm&r=g\",\"url\":\"https:\\\/\\\/secure.gravatar.com\\\/avatar\\\/31a1a7b66ff2de83bd0e9fd79d026630d2d99e55e8bfe501287647b4fd9743de?s=96&d=mm&r=g\",\"contentUrl\":\"https:\\\/\\\/secure.gravatar.com\\\/avatar\\\/31a1a7b66ff2de83bd0e9fd79d026630d2d99e55e8bfe501287647b4fd9743de?s=96&d=mm&r=g\",\"caption\":\"Gonzalo Schmidt\"},\"description\":\"Sitio web de noticias de la provincia de Entre R\u00edos, Argentina. Informaci\u00f3n y entretenimiento. Informe Litoral, nos informamos.\",\"sameAs\":[\"http:\\\/\\\/www.isletasnoticias.com.ar\"],\"url\":\"https:\\\/\\\/informelitoral.com.ar\\\/author\\\/gonzalo\\\/\"}]}<\/script>","yoast_head_json":{"title":"Lucas Eichmann: \u201cNo pretendemos nada m\u00e1s que resolverles los problemas a nuestros vecinos e integrarlos\u201d - Informe Litoral","robots":{"index":"index","follow":"follow","max-snippet":"max-snippet:-1","max-image-preview":"max-image-preview:large","max-video-preview":"max-video-preview:-1"},"canonical":"https:\/\/informelitoral.com.ar\/lucas-eichman-no-pretendemos-nada-mas-que-resolverles-los-problemas-a-nuestros-vecinos-e-integrarlos\/","og_locale":"es_ES","og_type":"article","og_title":"Lucas Eichmann: \u201cNo pretendemos nada m\u00e1s que resolverles los problemas a nuestros vecinos e integrarlos\u201d - Informe Litoral","og_description":"El presidente de la Juventud Radical e integrante de la lista de Cambiemos, Lucas Fabricio Eichmann, destac&oacute; la importancia de involucrarse en la pol&iacute;tica y asegur&oacute; que en caso que gane Alcides Wolff, luchar&aacute;n &ldquo;todos los d&iacute;as por nuestra gente sin distinci&oacute;n&raquo;. En lo personal, adelant&oacute; que har&aacute; hincapi&eacute; en la Educaci&oacute;n y mencion&oacute; a [&hellip;]","og_url":"https:\/\/informelitoral.com.ar\/lucas-eichman-no-pretendemos-nada-mas-que-resolverles-los-problemas-a-nuestros-vecinos-e-integrarlos\/","og_site_name":"Informe Litoral","article_publisher":"https:\/\/www.facebook.com\/informelitoral\/","article_published_time":"2015-10-04T23:56:24+00:00","article_modified_time":"2015-10-09T20:07:24+00:00","og_image":[{"width":960,"height":573,"url":"https:\/\/informelitoral.com.ar\/%77%70%2d%63%6f%6e%74%65%6e%74\/uploads\/2013\/03\/lucas-e-y-yo.jpg","type":"image\/jpeg"}],"author":"Gonzalo Schmidt","twitter_card":"summary_large_image","twitter_creator":"@InformeLitoral","twitter_site":"@InformeLitoral","twitter_misc":{"Escrito por":"Gonzalo Schmidt","Tiempo de lectura":"5 minutos"},"schema":{"@context":"https:\/\/schema.org","@graph":[{"@type":"Article","@id":"https:\/\/informelitoral.com.ar\/lucas-eichman-no-pretendemos-nada-mas-que-resolverles-los-problemas-a-nuestros-vecinos-e-integrarlos\/#article","isPartOf":{"@id":"https:\/\/informelitoral.com.ar\/lucas-eichman-no-pretendemos-nada-mas-que-resolverles-los-problemas-a-nuestros-vecinos-e-integrarlos\/"},"author":{"name":"Gonzalo Schmidt","@id":"https:\/\/informelitoral.com.ar\/#\/schema\/person\/b9d00407c836482871ef1d57bf8e3180"},"headline":"Lucas Eichmann: \u201cNo pretendemos nada m\u00e1s que resolverles los problemas a nuestros vecinos e integrarlos\u201d","datePublished":"2015-10-04T23:56:24+00:00","dateModified":"2015-10-09T20:07:24+00:00","mainEntityOfPage":{"@id":"https:\/\/informelitoral.com.ar\/lucas-eichman-no-pretendemos-nada-mas-que-resolverles-los-problemas-a-nuestros-vecinos-e-integrarlos\/"},"wordCount":954,"commentCount":0,"publisher":{"@id":"https:\/\/informelitoral.com.ar\/#organization"},"image":{"@id":"https:\/\/informelitoral.com.ar\/lucas-eichman-no-pretendemos-nada-mas-que-resolverles-los-problemas-a-nuestros-vecinos-e-integrarlos\/#primaryimage"},"thumbnailUrl":"http:\/\/www.isletasnoticias.com.ar\/%77%70%2d%63%6f%6e%74%65%6e%74\/uploads\/2013\/03\/lucas-e-y-yo.jpg","articleSection":["Isletas","Politica"],"inLanguage":"es","potentialAction":[{"@type":"CommentAction","name":"Comment","target":["https:\/\/informelitoral.com.ar\/lucas-eichman-no-pretendemos-nada-mas-que-resolverles-los-problemas-a-nuestros-vecinos-e-integrarlos\/#respond"]}]},{"@type":"WebPage","@id":"https:\/\/informelitoral.com.ar\/lucas-eichman-no-pretendemos-nada-mas-que-resolverles-los-problemas-a-nuestros-vecinos-e-integrarlos\/","url":"https:\/\/informelitoral.com.ar\/lucas-eichman-no-pretendemos-nada-mas-que-resolverles-los-problemas-a-nuestros-vecinos-e-integrarlos\/","name":"Lucas Eichmann: \u201cNo pretendemos nada m\u00e1s que resolverles los problemas a nuestros vecinos e integrarlos\u201d - Informe Litoral","isPartOf":{"@id":"https:\/\/informelitoral.com.ar\/#website"},"primaryImageOfPage":{"@id":"https:\/\/informelitoral.com.ar\/lucas-eichman-no-pretendemos-nada-mas-que-resolverles-los-problemas-a-nuestros-vecinos-e-integrarlos\/#primaryimage"},"image":{"@id":"https:\/\/informelitoral.com.ar\/lucas-eichman-no-pretendemos-nada-mas-que-resolverles-los-problemas-a-nuestros-vecinos-e-integrarlos\/#primaryimage"},"thumbnailUrl":"http:\/\/www.isletasnoticias.com.ar\/%77%70%2d%63%6f%6e%74%65%6e%74\/uploads\/2013\/03\/lucas-e-y-yo.jpg","datePublished":"2015-10-04T23:56:24+00:00","dateModified":"2015-10-09T20:07:24+00:00","breadcrumb":{"@id":"https:\/\/informelitoral.com.ar\/lucas-eichman-no-pretendemos-nada-mas-que-resolverles-los-problemas-a-nuestros-vecinos-e-integrarlos\/#breadcrumb"},"inLanguage":"es","potentialAction":[{"@type":"ReadAction","target":["https:\/\/informelitoral.com.ar\/lucas-eichman-no-pretendemos-nada-mas-que-resolverles-los-problemas-a-nuestros-vecinos-e-integrarlos\/"]}]},{"@type":"ImageObject","inLanguage":"es","@id":"https:\/\/informelitoral.com.ar\/lucas-eichman-no-pretendemos-nada-mas-que-resolverles-los-problemas-a-nuestros-vecinos-e-integrarlos\/#primaryimage","url":"http:\/\/www.isletasnoticias.com.ar\/%77%70%2d%63%6f%6e%74%65%6e%74\/uploads\/2013\/03\/lucas-e-y-yo.jpg","contentUrl":"http:\/\/www.isletasnoticias.com.ar\/%77%70%2d%63%6f%6e%74%65%6e%74\/uploads\/2013\/03\/lucas-e-y-yo.jpg"},{"@type":"BreadcrumbList","@id":"https:\/\/informelitoral.com.ar\/lucas-eichman-no-pretendemos-nada-mas-que-resolverles-los-problemas-a-nuestros-vecinos-e-integrarlos\/#breadcrumb","itemListElement":[{"@type":"ListItem","position":1,"name":"Portada","item":"https:\/\/informelitoral.com.ar\/"},{"@type":"ListItem","position":2,"name":"Lucas Eichmann: \u201cNo pretendemos nada m\u00e1s que resolverles los problemas a nuestros vecinos e integrarlos\u201d"}]},{"@type":"WebSite","@id":"https:\/\/informelitoral.com.ar\/#website","url":"https:\/\/informelitoral.com.ar\/","name":"Informe Litoral","description":"&quot;Nos informamos&quot; ","publisher":{"@id":"https:\/\/informelitoral.com.ar\/#organization"},"potentialAction":[{"@type":"SearchAction","target":{"@type":"EntryPoint","urlTemplate":"https:\/\/informelitoral.com.ar\/?s={search_term_string}"},"query-input":{"@type":"PropertyValueSpecification","valueRequired":true,"valueName":"search_term_string"}}],"inLanguage":"es"},{"@type":"Organization","@id":"https:\/\/informelitoral.com.ar\/#organization","name":"Informe Litoral","url":"https:\/\/informelitoral.com.ar\/","logo":{"@type":"ImageObject","inLanguage":"es","@id":"https:\/\/informelitoral.com.ar\/#\/schema\/logo\/image\/","url":"https:\/\/informelitoral.com.ar\/%77%70%2d%63%6f%6e%74%65%6e%74\/uploads\/2021\/01\/circulo.png","contentUrl":"https:\/\/informelitoral.com.ar\/%77%70%2d%63%6f%6e%74%65%6e%74\/uploads\/2021\/01\/circulo.png","width":723,"height":731,"caption":"Informe Litoral"},"image":{"@id":"https:\/\/informelitoral.com.ar\/#\/schema\/logo\/image\/"},"sameAs":["https:\/\/www.facebook.com\/informelitoral\/","https:\/\/x.com\/InformeLitoral","https:\/\/www.instagram.com\/informelitoral\/","https:\/\/www.youtube.com\/channel\/UCua4Qvz8Icb6MYqhoq9xLXw"]},{"@type":"Person","@id":"https:\/\/informelitoral.com.ar\/#\/schema\/person\/b9d00407c836482871ef1d57bf8e3180","name":"Gonzalo Schmidt","image":{"@type":"ImageObject","inLanguage":"es","@id":"https:\/\/secure.gravatar.com\/avatar\/31a1a7b66ff2de83bd0e9fd79d026630d2d99e55e8bfe501287647b4fd9743de?s=96&d=mm&r=g","url":"https:\/\/secure.gravatar.com\/avatar\/31a1a7b66ff2de83bd0e9fd79d026630d2d99e55e8bfe501287647b4fd9743de?s=96&d=mm&r=g","contentUrl":"https:\/\/secure.gravatar.com\/avatar\/31a1a7b66ff2de83bd0e9fd79d026630d2d99e55e8bfe501287647b4fd9743de?s=96&d=mm&r=g","caption":"Gonzalo Schmidt"},"description":"Sitio web de noticias de la provincia de Entre R\u00edos, Argentina. Informaci\u00f3n y entretenimiento. Informe Litoral, nos informamos.","sameAs":["http:\/\/www.isletasnoticias.com.ar"],"url":"https:\/\/informelitoral.com.ar\/author\/gonzalo\/"}]}},"_links":{"self":[{"href":"https:\/\/informelitoral.com.ar\/%77%70%2d%6a%73%6f%6e\/wp\/v2\/posts\/11997","targetHints":{"allow":["GET"]}}],"collection":[{"href":"https:\/\/informelitoral.com.ar\/%77%70%2d%6a%73%6f%6e\/wp\/v2\/posts"}],"about":[{"href":"https:\/\/informelitoral.com.ar\/%77%70%2d%6a%73%6f%6e\/wp\/v2\/types\/post"}],"author":[{"embeddable":true,"href":"https:\/\/informelitoral.com.ar\/%77%70%2d%6a%73%6f%6e\/wp\/v2\/users\/2"}],"replies":[{"embeddable":true,"href":"https:\/\/informelitoral.com.ar\/%77%70%2d%6a%73%6f%6e\/wp\/v2\/comments?post=11997"}],"version-history":[{"count":0,"href":"https:\/\/informelitoral.com.ar\/%77%70%2d%6a%73%6f%6e\/wp\/v2\/posts\/11997\/revisions"}],"wp:attachment":[{"href":"https:\/\/informelitoral.com.ar\/%77%70%2d%6a%73%6f%6e\/wp\/v2\/media?parent=11997"}],"wp:term":[{"taxonomy":"category","embeddable":true,"href":"https:\/\/informelitoral.com.ar\/%77%70%2d%6a%73%6f%6e\/wp\/v2\/categories?post=11997"},{"taxonomy":"post_tag","embeddable":true,"href":"https:\/\/informelitoral.com.ar\/%77%70%2d%6a%73%6f%6e\/wp\/v2\/tags?post=11997"}],"curies":[{"name":"wp","href":"https:\/\/api.w.org\/{rel}","templated":true}]}}