{"id":119924,"date":"2023-02-13T10:28:48","date_gmt":"2023-02-13T13:28:48","guid":{"rendered":"https:\/\/www.informelitoral.com.ar\/?p=119924"},"modified":"2023-02-13T12:53:31","modified_gmt":"2023-02-13T15:53:31","slug":"sebastian-villa-le-salio-caro-a-boca-juniors-una-nueva-expulsion-lo-pone-en-el-ojo-del-huracan-2","status":"publish","type":"post","link":"https:\/\/informelitoral.com.ar\/sebastian-villa-le-salio-caro-a-boca-juniors-una-nueva-expulsion-lo-pone-en-el-ojo-del-huracan-2\/","title":{"rendered":"Sebasti\u00e1n Villa le sali\u00f3 caro a Boca Juniors: una nueva expulsi\u00f3n lo pone en el ojo del hurac\u00e1n"},"content":{"rendered":"<p class=\"paragraph\">La\u00a0<b>Liga Profesional Argentina\u00a0<\/b>est\u00e1 en curso y los futbolistas colombianos presentes iniciaron una nueva campa\u00f1a con el objetivo de mejorar sus presentaciones anteriores, no obstante, para aquellos dentro del campe\u00f3n defensor,\u00a0<b>Boca Juniors<\/b>, el arranque ha sido rocoso, especialmente para\u00a0<b>Sebasti\u00e1n Villa<\/b>. El extremo todav\u00eda no consigue sentirse c\u00f3modo en el campo y en su \u00faltimo encuentro ante Talleres se demostr\u00f3 tras salir expulsado.<\/p>\n<p class=\"paragraph\">En el estadio <b>Mario Alberto Kempes<\/b>, el conjunto\u00a0<i>Xeneize\u00a0<\/i>visit\u00f3 al cuadro de C\u00f3rdoba por la jornada n\u00famero 3 del rentado local argentino en busca de su segunda victoria de temporada que le permitiese volver a retomar ritmo, luego de haber ca\u00eddo ante Racing en la Supercopa y empatado ante Central C\u00f3rdoba en la segunda fecha.<\/p>\n<p class=\"paragraph\">No obstante, todo inici\u00f3 con el pie izquierdo para los visitantes. Al minuto 28, luego de un remate potente desde fuera del \u00e1rea, el delantero <b>Michael Santos<\/b> caz\u00f3 el rebote y venci\u00f3 al guardameta Sergio Romero para firmar el 1-0 local sin ning\u00fan problema.<\/p>\n<p class=\"paragraph\">Entrada la segunda parte, los dirigidos por\u00a0<b>Hugo Ibarra\u00a0<\/b>no lograban encontrar opciones para conformar jugadas de ataque peligrosas, Sebasti\u00e1n Villa fue bien neutralizado por la defensa contraria y poco a poco la frustraci\u00f3n de no poder ver de cerca la pelota se fue acumulando en \u00e9l.<\/p>\n<p class=\"paragraph\">Adem\u00e1s, como si fuera poco, al minuto 52 de juego en un contraataque r\u00e1pido, el volante de contenci\u00f3n\u00a0<b>Ezequiel Fern\u00e1ndez<\/b>, que hab\u00eda entrado al c\u00e9sped desde el banquillo, intent\u00f3 puntearle la pelota al rival con tal de dar por muerta la jugada, pero cont\u00f3 con la mala suerte que el impacto se dirigi\u00f3 hacia su propia porter\u00eda y se col\u00f3 al fondo de la red para aumentar la ventaja de Talleres\u00a0<b>2-0.<\/b><\/p>\n<p class=\"paragraph\">Ya con la frustraci\u00f3n en su nivel m\u00e1ximo lleg\u00f3 la jugada de la expulsi\u00f3n. Villa perdi\u00f3 la pelota en el sector izquierdo con el lateral\u00a0<b>Gast\u00f3n Benav\u00eddez,\u00a0<\/b>quien interpuso su cuerpo para proteger la pelota que qued\u00f3 en control de su compa\u00f1ero Mat\u00edas Catal\u00e1n. El extremo antioque\u00f1o se sali\u00f3 de sus casillas tras esta acci\u00f3n defensiva y al chocar con el cuerpo de\u00a0<b>Benav\u00eddez,\u00a0<\/b>aprovech\u00f3 para propinarle una patada en la pierna izquierda, mismas que fue revisada por el VAR y que le trajo como consecuencia la tarjeta roja.<\/p>\n<p class=\"paragraph\">El \u00fanico aspecto positivo del encuentro para el cuadro\u00a0<i>Azul y Oro\u00a0<\/i>lleg\u00f3 al minuto 83 gracias a un pase filtrado de\u00a0<b>Miguel Merentiel\u00a0<\/b>que termin\u00f3 en los pies de\u00a0<b>Luca Langoni<\/b>, quien r\u00e1pidamente defini\u00f3 el descuento del visitante firmando el 2-1 final. Con este resultado, Boca se ubic\u00f3 en la posici\u00f3n n\u00famero 15 de la liga con solo 4 puntos bajo su nombre y tres partidos disputados.<\/p>\n<p class=\"paragraph\">Hasta el momento, el antioque\u00f1o ha jugado un total de 4 partidos y en todos ha iniciado como titular, reflejando la confianza que tiene Ibarra en \u00e9l. No obstante, su inicio ha dejado bastante que desear, solo ha firmado un gol y una tarjeta roja en 321 minutos de juego acumulados. Ahora, deber\u00e1 volver a re-enfocarse en la competencia y asegurarse de no volver a caer en acciones que puedan comprometer a todo el equipo.<\/p>\n<p class=\"paragraph\">El siguiente encuentro del Xeneize por liga argentina, que no contar\u00e1 con la presencia de Sebasti\u00e1n Villa, ser\u00e1 el domingo 19 de febrero ante\u00a0<b>Plantense\u00a0<\/b>en condici\u00f3n de local. El partido se disputar\u00e1 a las 5:15 p. m. hora colombiana. Mientras tanto, Villa no deber\u00eda tener ning\u00fan problema en jugar con el equipo para el partido de\u00a0<b>Copa Argentina<\/b>, que tienen agendado ante\u00a0<b>Olimpo\u00a0<\/b>el mi\u00e9rcoles 15 de febrero.<\/p>\n","protected":false},"excerpt":{"rendered":"<p>El extremo colombiano tuvo un frustrante partido ante Talleres y en una acci\u00f3n aislada se desquit\u00f3 propin\u00e1ndole una patada a un rival. El conjunto \u2018Xeneize\u2019 se llev\u00f3 la derrota y se encuentran en la zona baja de la tabla.<\/p>\n","protected":false},"author":8,"featured_media":119900,"comment_status":"open","ping_status":"open","sticky":false,"template":"","format":"standard","meta":{"fifu_image_url":"","fifu_image_alt":"","footnotes":""},"categories":[13],"tags":[384,3674],"class_list":{"0":"post-119924","1":"post","2":"type-post","3":"status-publish","4":"format-standard","5":"has-post-thumbnail","7":"category-deportes","8":"tag-boca-juniors","9":"tag-sebastian-villa"},"yoast_head":"<title>Sebasti\u00e1n Villa le sali\u00f3 caro a Boca Juniors: una nueva expulsi\u00f3n lo pone en el ojo del hurac\u00e1n - Informe Litoral<\/title>\n<meta name=\"robots\" content=\"index, follow, max-snippet:-1, max-image-preview:large, max-video-preview:-1\" \/>\n<link rel=\"canonical\" href=\"https:\/\/informelitoral.com.ar\/sebastian-villa-le-salio-caro-a-boca-juniors-una-nueva-expulsion-lo-pone-en-el-ojo-del-huracan-2\/\" \/>\n<meta property=\"og:locale\" content=\"es_ES\" \/>\n<meta property=\"og:type\" content=\"article\" \/>\n<meta property=\"og:title\" content=\"Sebasti\u00e1n Villa le sali\u00f3 caro a Boca Juniors: una nueva expulsi\u00f3n lo pone en el ojo del hurac\u00e1n - Informe Litoral\" \/>\n<meta property=\"og:description\" content=\"El extremo colombiano tuvo un frustrante partido ante Talleres y en una acci\u00f3n aislada se desquit\u00f3 propin\u00e1ndole una patada a un rival. El conjunto \u2018Xeneize\u2019 se llev\u00f3 la derrota y se encuentran en la zona baja de la tabla.\" \/>\n<meta property=\"og:url\" content=\"https:\/\/informelitoral.com.ar\/sebastian-villa-le-salio-caro-a-boca-juniors-una-nueva-expulsion-lo-pone-en-el-ojo-del-huracan-2\/\" \/>\n<meta property=\"og:site_name\" content=\"Informe Litoral\" \/>\n<meta property=\"article:publisher\" content=\"https:\/\/www.facebook.com\/informelitoral\/\" \/>\n<meta property=\"article:published_time\" content=\"2023-02-13T13:28:48+00:00\" \/>\n<meta property=\"article:modified_time\" content=\"2023-02-13T15:53:31+00:00\" \/>\n<meta property=\"og:image\" content=\"https:\/\/informelitoral.com.ar\/%77%70%2d%63%6f%6e%74%65%6e%74\/uploads\/2023\/02\/1010x567_sebastian-villa-414425-202454.jpg\" \/>\n\t<meta property=\"og:image:width\" content=\"1010\" \/>\n\t<meta property=\"og:image:height\" content=\"567\" \/>\n\t<meta property=\"og:image:type\" content=\"image\/jpeg\" \/>\n<meta name=\"author\" content=\"Sebastian\" \/>\n<meta name=\"twitter:card\" content=\"summary_large_image\" \/>\n<meta name=\"twitter:creator\" content=\"@InformeLitoral\" \/>\n<meta name=\"twitter:site\" content=\"@InformeLitoral\" \/>\n<meta name=\"twitter:label1\" content=\"Escrito por\" \/>\n\t<meta name=\"twitter:data1\" content=\"Sebastian\" \/>\n\t<meta name=\"twitter:label2\" content=\"Tiempo de lectura\" \/>\n\t<meta name=\"twitter:data2\" content=\"3 minutos\" \/>\n<script type=\"application\/ld+json\" class=\"yoast-schema-graph\">{\"@context\":\"https:\\\/\\\/schema.org\",\"@graph\":[{\"@type\":\"Article\",\"@id\":\"https:\\\/\\\/informelitoral.com.ar\\\/sebastian-villa-le-salio-caro-a-boca-juniors-una-nueva-expulsion-lo-pone-en-el-ojo-del-huracan-2\\\/#article\",\"isPartOf\":{\"@id\":\"https:\\\/\\\/informelitoral.com.ar\\\/sebastian-villa-le-salio-caro-a-boca-juniors-una-nueva-expulsion-lo-pone-en-el-ojo-del-huracan-2\\\/\"},\"author\":{\"name\":\"Sebastian\",\"@id\":\"https:\\\/\\\/informelitoral.com.ar\\\/#\\\/schema\\\/person\\\/f05f9f461677119578717524b127d6d5\"},\"headline\":\"Sebasti\u00e1n Villa le sali\u00f3 caro a Boca Juniors: una nueva expulsi\u00f3n lo pone en el ojo del hurac\u00e1n\",\"datePublished\":\"2023-02-13T13:28:48+00:00\",\"dateModified\":\"2023-02-13T15:53:31+00:00\",\"mainEntityOfPage\":{\"@id\":\"https:\\\/\\\/informelitoral.com.ar\\\/sebastian-villa-le-salio-caro-a-boca-juniors-una-nueva-expulsion-lo-pone-en-el-ojo-del-huracan-2\\\/\"},\"wordCount\":634,\"commentCount\":0,\"publisher\":{\"@id\":\"https:\\\/\\\/informelitoral.com.ar\\\/#organization\"},\"image\":{\"@id\":\"https:\\\/\\\/informelitoral.com.ar\\\/sebastian-villa-le-salio-caro-a-boca-juniors-una-nueva-expulsion-lo-pone-en-el-ojo-del-huracan-2\\\/#primaryimage\"},\"thumbnailUrl\":\"https:\\\/\\\/informelitoral.com.ar\\\/%77%70%2d%63%6f%6e%74%65%6e%74\\\/uploads\\\/2023\\\/02\\\/1010x567_sebastian-villa-414425-202454.jpg\",\"keywords\":[\"Boca Juniors\",\"Sebasti\u00e1n Villa\"],\"articleSection\":[\"Deportes\"],\"inLanguage\":\"es\",\"potentialAction\":[{\"@type\":\"CommentAction\",\"name\":\"Comment\",\"target\":[\"https:\\\/\\\/informelitoral.com.ar\\\/sebastian-villa-le-salio-caro-a-boca-juniors-una-nueva-expulsion-lo-pone-en-el-ojo-del-huracan-2\\\/#respond\"]}]},{\"@type\":\"WebPage\",\"@id\":\"https:\\\/\\\/informelitoral.com.ar\\\/sebastian-villa-le-salio-caro-a-boca-juniors-una-nueva-expulsion-lo-pone-en-el-ojo-del-huracan-2\\\/\",\"url\":\"https:\\\/\\\/informelitoral.com.ar\\\/sebastian-villa-le-salio-caro-a-boca-juniors-una-nueva-expulsion-lo-pone-en-el-ojo-del-huracan-2\\\/\",\"name\":\"Sebasti\u00e1n Villa le sali\u00f3 caro a Boca Juniors: una nueva expulsi\u00f3n lo pone en el ojo del hurac\u00e1n - Informe Litoral\",\"isPartOf\":{\"@id\":\"https:\\\/\\\/informelitoral.com.ar\\\/#website\"},\"primaryImageOfPage\":{\"@id\":\"https:\\\/\\\/informelitoral.com.ar\\\/sebastian-villa-le-salio-caro-a-boca-juniors-una-nueva-expulsion-lo-pone-en-el-ojo-del-huracan-2\\\/#primaryimage\"},\"image\":{\"@id\":\"https:\\\/\\\/informelitoral.com.ar\\\/sebastian-villa-le-salio-caro-a-boca-juniors-una-nueva-expulsion-lo-pone-en-el-ojo-del-huracan-2\\\/#primaryimage\"},\"thumbnailUrl\":\"https:\\\/\\\/informelitoral.com.ar\\\/%77%70%2d%63%6f%6e%74%65%6e%74\\\/uploads\\\/2023\\\/02\\\/1010x567_sebastian-villa-414425-202454.jpg\",\"datePublished\":\"2023-02-13T13:28:48+00:00\",\"dateModified\":\"2023-02-13T15:53:31+00:00\",\"breadcrumb\":{\"@id\":\"https:\\\/\\\/informelitoral.com.ar\\\/sebastian-villa-le-salio-caro-a-boca-juniors-una-nueva-expulsion-lo-pone-en-el-ojo-del-huracan-2\\\/#breadcrumb\"},\"inLanguage\":\"es\",\"potentialAction\":[{\"@type\":\"ReadAction\",\"target\":[\"https:\\\/\\\/informelitoral.com.ar\\\/sebastian-villa-le-salio-caro-a-boca-juniors-una-nueva-expulsion-lo-pone-en-el-ojo-del-huracan-2\\\/\"]}]},{\"@type\":\"ImageObject\",\"inLanguage\":\"es\",\"@id\":\"https:\\\/\\\/informelitoral.com.ar\\\/sebastian-villa-le-salio-caro-a-boca-juniors-una-nueva-expulsion-lo-pone-en-el-ojo-del-huracan-2\\\/#primaryimage\",\"url\":\"https:\\\/\\\/informelitoral.com.ar\\\/%77%70%2d%63%6f%6e%74%65%6e%74\\\/uploads\\\/2023\\\/02\\\/1010x567_sebastian-villa-414425-202454.jpg\",\"contentUrl\":\"https:\\\/\\\/informelitoral.com.ar\\\/%77%70%2d%63%6f%6e%74%65%6e%74\\\/uploads\\\/2023\\\/02\\\/1010x567_sebastian-villa-414425-202454.jpg\",\"width\":1010,\"height\":567},{\"@type\":\"BreadcrumbList\",\"@id\":\"https:\\\/\\\/informelitoral.com.ar\\\/sebastian-villa-le-salio-caro-a-boca-juniors-una-nueva-expulsion-lo-pone-en-el-ojo-del-huracan-2\\\/#breadcrumb\",\"itemListElement\":[{\"@type\":\"ListItem\",\"position\":1,\"name\":\"Portada\",\"item\":\"https:\\\/\\\/informelitoral.com.ar\\\/\"},{\"@type\":\"ListItem\",\"position\":2,\"name\":\"Sebasti\u00e1n Villa le sali\u00f3 caro a Boca Juniors: una nueva expulsi\u00f3n lo pone en el ojo del hurac\u00e1n\"}]},{\"@type\":\"WebSite\",\"@id\":\"https:\\\/\\\/informelitoral.com.ar\\\/#website\",\"url\":\"https:\\\/\\\/informelitoral.com.ar\\\/\",\"name\":\"Informe Litoral\",\"description\":\"&quot;Nos informamos&quot; \",\"publisher\":{\"@id\":\"https:\\\/\\\/informelitoral.com.ar\\\/#organization\"},\"potentialAction\":[{\"@type\":\"SearchAction\",\"target\":{\"@type\":\"EntryPoint\",\"urlTemplate\":\"https:\\\/\\\/informelitoral.com.ar\\\/?s={search_term_string}\"},\"query-input\":{\"@type\":\"PropertyValueSpecification\",\"valueRequired\":true,\"valueName\":\"search_term_string\"}}],\"inLanguage\":\"es\"},{\"@type\":\"Organization\",\"@id\":\"https:\\\/\\\/informelitoral.com.ar\\\/#organization\",\"name\":\"Informe Litoral\",\"url\":\"https:\\\/\\\/informelitoral.com.ar\\\/\",\"logo\":{\"@type\":\"ImageObject\",\"inLanguage\":\"es\",\"@id\":\"https:\\\/\\\/informelitoral.com.ar\\\/#\\\/schema\\\/logo\\\/image\\\/\",\"url\":\"https:\\\/\\\/informelitoral.com.ar\\\/%77%70%2d%63%6f%6e%74%65%6e%74\\\/uploads\\\/2021\\\/01\\\/circulo.png\",\"contentUrl\":\"https:\\\/\\\/informelitoral.com.ar\\\/%77%70%2d%63%6f%6e%74%65%6e%74\\\/uploads\\\/2021\\\/01\\\/circulo.png\",\"width\":723,\"height\":731,\"caption\":\"Informe Litoral\"},\"image\":{\"@id\":\"https:\\\/\\\/informelitoral.com.ar\\\/#\\\/schema\\\/logo\\\/image\\\/\"},\"sameAs\":[\"https:\\\/\\\/www.facebook.com\\\/informelitoral\\\/\",\"https:\\\/\\\/x.com\\\/InformeLitoral\",\"https:\\\/\\\/www.instagram.com\\\/informelitoral\\\/\",\"https:\\\/\\\/www.youtube.com\\\/channel\\\/UCua4Qvz8Icb6MYqhoq9xLXw\"]},{\"@type\":\"Person\",\"@id\":\"https:\\\/\\\/informelitoral.com.ar\\\/#\\\/schema\\\/person\\\/f05f9f461677119578717524b127d6d5\",\"name\":\"Sebastian\",\"image\":{\"@type\":\"ImageObject\",\"inLanguage\":\"es\",\"@id\":\"https:\\\/\\\/secure.gravatar.com\\\/avatar\\\/b71bf7481d447dfb9583c7f2798e7cc64de6efb9067b74633ed8c31059a3bd82?s=96&d=mm&r=g\",\"url\":\"https:\\\/\\\/secure.gravatar.com\\\/avatar\\\/b71bf7481d447dfb9583c7f2798e7cc64de6efb9067b74633ed8c31059a3bd82?s=96&d=mm&r=g\",\"contentUrl\":\"https:\\\/\\\/secure.gravatar.com\\\/avatar\\\/b71bf7481d447dfb9583c7f2798e7cc64de6efb9067b74633ed8c31059a3bd82?s=96&d=mm&r=g\",\"caption\":\"Sebastian\"},\"url\":\"https:\\\/\\\/informelitoral.com.ar\\\/author\\\/sebastian\\\/\"}]}<\/script>","yoast_head_json":{"title":"Sebasti\u00e1n Villa le sali\u00f3 caro a Boca Juniors: una nueva expulsi\u00f3n lo pone en el ojo del hurac\u00e1n - Informe Litoral","robots":{"index":"index","follow":"follow","max-snippet":"max-snippet:-1","max-image-preview":"max-image-preview:large","max-video-preview":"max-video-preview:-1"},"canonical":"https:\/\/informelitoral.com.ar\/sebastian-villa-le-salio-caro-a-boca-juniors-una-nueva-expulsion-lo-pone-en-el-ojo-del-huracan-2\/","og_locale":"es_ES","og_type":"article","og_title":"Sebasti\u00e1n Villa le sali\u00f3 caro a Boca Juniors: una nueva expulsi\u00f3n lo pone en el ojo del hurac\u00e1n - Informe Litoral","og_description":"El extremo colombiano tuvo un frustrante partido ante Talleres y en una acci\u00f3n aislada se desquit\u00f3 propin\u00e1ndole una patada a un rival. El conjunto \u2018Xeneize\u2019 se llev\u00f3 la derrota y se encuentran en la zona baja de la tabla.","og_url":"https:\/\/informelitoral.com.ar\/sebastian-villa-le-salio-caro-a-boca-juniors-una-nueva-expulsion-lo-pone-en-el-ojo-del-huracan-2\/","og_site_name":"Informe Litoral","article_publisher":"https:\/\/www.facebook.com\/informelitoral\/","article_published_time":"2023-02-13T13:28:48+00:00","article_modified_time":"2023-02-13T15:53:31+00:00","og_image":[{"width":1010,"height":567,"url":"https:\/\/informelitoral.com.ar\/%77%70%2d%63%6f%6e%74%65%6e%74\/uploads\/2023\/02\/1010x567_sebastian-villa-414425-202454.jpg","type":"image\/jpeg"}],"author":"Sebastian","twitter_card":"summary_large_image","twitter_creator":"@InformeLitoral","twitter_site":"@InformeLitoral","twitter_misc":{"Escrito por":"Sebastian","Tiempo de lectura":"3 minutos"},"schema":{"@context":"https:\/\/schema.org","@graph":[{"@type":"Article","@id":"https:\/\/informelitoral.com.ar\/sebastian-villa-le-salio-caro-a-boca-juniors-una-nueva-expulsion-lo-pone-en-el-ojo-del-huracan-2\/#article","isPartOf":{"@id":"https:\/\/informelitoral.com.ar\/sebastian-villa-le-salio-caro-a-boca-juniors-una-nueva-expulsion-lo-pone-en-el-ojo-del-huracan-2\/"},"author":{"name":"Sebastian","@id":"https:\/\/informelitoral.com.ar\/#\/schema\/person\/f05f9f461677119578717524b127d6d5"},"headline":"Sebasti\u00e1n Villa le sali\u00f3 caro a Boca Juniors: una nueva expulsi\u00f3n lo pone en el ojo del hurac\u00e1n","datePublished":"2023-02-13T13:28:48+00:00","dateModified":"2023-02-13T15:53:31+00:00","mainEntityOfPage":{"@id":"https:\/\/informelitoral.com.ar\/sebastian-villa-le-salio-caro-a-boca-juniors-una-nueva-expulsion-lo-pone-en-el-ojo-del-huracan-2\/"},"wordCount":634,"commentCount":0,"publisher":{"@id":"https:\/\/informelitoral.com.ar\/#organization"},"image":{"@id":"https:\/\/informelitoral.com.ar\/sebastian-villa-le-salio-caro-a-boca-juniors-una-nueva-expulsion-lo-pone-en-el-ojo-del-huracan-2\/#primaryimage"},"thumbnailUrl":"https:\/\/informelitoral.com.ar\/%77%70%2d%63%6f%6e%74%65%6e%74\/uploads\/2023\/02\/1010x567_sebastian-villa-414425-202454.jpg","keywords":["Boca Juniors","Sebasti\u00e1n Villa"],"articleSection":["Deportes"],"inLanguage":"es","potentialAction":[{"@type":"CommentAction","name":"Comment","target":["https:\/\/informelitoral.com.ar\/sebastian-villa-le-salio-caro-a-boca-juniors-una-nueva-expulsion-lo-pone-en-el-ojo-del-huracan-2\/#respond"]}]},{"@type":"WebPage","@id":"https:\/\/informelitoral.com.ar\/sebastian-villa-le-salio-caro-a-boca-juniors-una-nueva-expulsion-lo-pone-en-el-ojo-del-huracan-2\/","url":"https:\/\/informelitoral.com.ar\/sebastian-villa-le-salio-caro-a-boca-juniors-una-nueva-expulsion-lo-pone-en-el-ojo-del-huracan-2\/","name":"Sebasti\u00e1n Villa le sali\u00f3 caro a Boca Juniors: una nueva expulsi\u00f3n lo pone en el ojo del hurac\u00e1n - Informe Litoral","isPartOf":{"@id":"https:\/\/informelitoral.com.ar\/#website"},"primaryImageOfPage":{"@id":"https:\/\/informelitoral.com.ar\/sebastian-villa-le-salio-caro-a-boca-juniors-una-nueva-expulsion-lo-pone-en-el-ojo-del-huracan-2\/#primaryimage"},"image":{"@id":"https:\/\/informelitoral.com.ar\/sebastian-villa-le-salio-caro-a-boca-juniors-una-nueva-expulsion-lo-pone-en-el-ojo-del-huracan-2\/#primaryimage"},"thumbnailUrl":"https:\/\/informelitoral.com.ar\/%77%70%2d%63%6f%6e%74%65%6e%74\/uploads\/2023\/02\/1010x567_sebastian-villa-414425-202454.jpg","datePublished":"2023-02-13T13:28:48+00:00","dateModified":"2023-02-13T15:53:31+00:00","breadcrumb":{"@id":"https:\/\/informelitoral.com.ar\/sebastian-villa-le-salio-caro-a-boca-juniors-una-nueva-expulsion-lo-pone-en-el-ojo-del-huracan-2\/#breadcrumb"},"inLanguage":"es","potentialAction":[{"@type":"ReadAction","target":["https:\/\/informelitoral.com.ar\/sebastian-villa-le-salio-caro-a-boca-juniors-una-nueva-expulsion-lo-pone-en-el-ojo-del-huracan-2\/"]}]},{"@type":"ImageObject","inLanguage":"es","@id":"https:\/\/informelitoral.com.ar\/sebastian-villa-le-salio-caro-a-boca-juniors-una-nueva-expulsion-lo-pone-en-el-ojo-del-huracan-2\/#primaryimage","url":"https:\/\/informelitoral.com.ar\/%77%70%2d%63%6f%6e%74%65%6e%74\/uploads\/2023\/02\/1010x567_sebastian-villa-414425-202454.jpg","contentUrl":"https:\/\/informelitoral.com.ar\/%77%70%2d%63%6f%6e%74%65%6e%74\/uploads\/2023\/02\/1010x567_sebastian-villa-414425-202454.jpg","width":1010,"height":567},{"@type":"BreadcrumbList","@id":"https:\/\/informelitoral.com.ar\/sebastian-villa-le-salio-caro-a-boca-juniors-una-nueva-expulsion-lo-pone-en-el-ojo-del-huracan-2\/#breadcrumb","itemListElement":[{"@type":"ListItem","position":1,"name":"Portada","item":"https:\/\/informelitoral.com.ar\/"},{"@type":"ListItem","position":2,"name":"Sebasti\u00e1n Villa le sali\u00f3 caro a Boca Juniors: una nueva expulsi\u00f3n lo pone en el ojo del hurac\u00e1n"}]},{"@type":"WebSite","@id":"https:\/\/informelitoral.com.ar\/#website","url":"https:\/\/informelitoral.com.ar\/","name":"Informe Litoral","description":"&quot;Nos informamos&quot; ","publisher":{"@id":"https:\/\/informelitoral.com.ar\/#organization"},"potentialAction":[{"@type":"SearchAction","target":{"@type":"EntryPoint","urlTemplate":"https:\/\/informelitoral.com.ar\/?s={search_term_string}"},"query-input":{"@type":"PropertyValueSpecification","valueRequired":true,"valueName":"search_term_string"}}],"inLanguage":"es"},{"@type":"Organization","@id":"https:\/\/informelitoral.com.ar\/#organization","name":"Informe Litoral","url":"https:\/\/informelitoral.com.ar\/","logo":{"@type":"ImageObject","inLanguage":"es","@id":"https:\/\/informelitoral.com.ar\/#\/schema\/logo\/image\/","url":"https:\/\/informelitoral.com.ar\/%77%70%2d%63%6f%6e%74%65%6e%74\/uploads\/2021\/01\/circulo.png","contentUrl":"https:\/\/informelitoral.com.ar\/%77%70%2d%63%6f%6e%74%65%6e%74\/uploads\/2021\/01\/circulo.png","width":723,"height":731,"caption":"Informe Litoral"},"image":{"@id":"https:\/\/informelitoral.com.ar\/#\/schema\/logo\/image\/"},"sameAs":["https:\/\/www.facebook.com\/informelitoral\/","https:\/\/x.com\/InformeLitoral","https:\/\/www.instagram.com\/informelitoral\/","https:\/\/www.youtube.com\/channel\/UCua4Qvz8Icb6MYqhoq9xLXw"]},{"@type":"Person","@id":"https:\/\/informelitoral.com.ar\/#\/schema\/person\/f05f9f461677119578717524b127d6d5","name":"Sebastian","image":{"@type":"ImageObject","inLanguage":"es","@id":"https:\/\/secure.gravatar.com\/avatar\/b71bf7481d447dfb9583c7f2798e7cc64de6efb9067b74633ed8c31059a3bd82?s=96&d=mm&r=g","url":"https:\/\/secure.gravatar.com\/avatar\/b71bf7481d447dfb9583c7f2798e7cc64de6efb9067b74633ed8c31059a3bd82?s=96&d=mm&r=g","contentUrl":"https:\/\/secure.gravatar.com\/avatar\/b71bf7481d447dfb9583c7f2798e7cc64de6efb9067b74633ed8c31059a3bd82?s=96&d=mm&r=g","caption":"Sebastian"},"url":"https:\/\/informelitoral.com.ar\/author\/sebastian\/"}]}},"_links":{"self":[{"href":"https:\/\/informelitoral.com.ar\/%77%70%2d%6a%73%6f%6e\/wp\/v2\/posts\/119924","targetHints":{"allow":["GET"]}}],"collection":[{"href":"https:\/\/informelitoral.com.ar\/%77%70%2d%6a%73%6f%6e\/wp\/v2\/posts"}],"about":[{"href":"https:\/\/informelitoral.com.ar\/%77%70%2d%6a%73%6f%6e\/wp\/v2\/types\/post"}],"author":[{"embeddable":true,"href":"https:\/\/informelitoral.com.ar\/%77%70%2d%6a%73%6f%6e\/wp\/v2\/users\/8"}],"replies":[{"embeddable":true,"href":"https:\/\/informelitoral.com.ar\/%77%70%2d%6a%73%6f%6e\/wp\/v2\/comments?post=119924"}],"version-history":[{"count":0,"href":"https:\/\/informelitoral.com.ar\/%77%70%2d%6a%73%6f%6e\/wp\/v2\/posts\/119924\/revisions"}],"wp:featuredmedia":[{"embeddable":true,"href":"https:\/\/informelitoral.com.ar\/%77%70%2d%6a%73%6f%6e\/wp\/v2\/media\/119900"}],"wp:attachment":[{"href":"https:\/\/informelitoral.com.ar\/%77%70%2d%6a%73%6f%6e\/wp\/v2\/media?parent=119924"}],"wp:term":[{"taxonomy":"category","embeddable":true,"href":"https:\/\/informelitoral.com.ar\/%77%70%2d%6a%73%6f%6e\/wp\/v2\/categories?post=119924"},{"taxonomy":"post_tag","embeddable":true,"href":"https:\/\/informelitoral.com.ar\/%77%70%2d%6a%73%6f%6e\/wp\/v2\/tags?post=119924"}],"curies":[{"name":"wp","href":"https:\/\/api.w.org\/{rel}","templated":true}]}}