{"id":11989,"date":"2015-10-02T15:39:52","date_gmt":"2015-10-02T18:39:52","guid":{"rendered":"http:\/\/www.isletasnoticias.com.ar\/?p=11989"},"modified":"2015-10-02T18:30:06","modified_gmt":"2015-10-02T21:30:06","slug":"kramer-se-ve-ganador-en-octubre-y-arremete-contra-cambiemos","status":"publish","type":"post","link":"https:\/\/informelitoral.com.ar\/kramer-se-ve-ganador-en-octubre-y-arremete-contra-cambiemos\/","title":{"rendered":"Kr\u00e4mer se ve ganador en octubre y arremete contra Cambiemos"},"content":{"rendered":"<p><strong>El senador por el departamento Diamante, <em>Daniel Ernesto Kr\u00e4mer<\/em> (FJpV), asegur\u00f3 que conoce las necesidades de cada municipio y Junta de Gobierno. En declaraciones a <em>IN<\/em>, se mostr\u00f3 confiado en revertir el resultado de las PASO porque \u201cel 25 de octubre vamos a estar mano a mano\u201d. Sobre la Alianza Ramirense, asegur\u00f3: \u201cNo me voy a sentar a trabajar con gente que hasta me trata de delincuente\u201d. Respecto a Isletas, indic\u00f3 que Luis Ch\u00e9mez \u201ces la mejor opci\u00f3n\u201d.<a href=\"http:\/\/www.isletasnoticias.com.ar\/%77%70%2d%63%6f%6e%74%65%6e%74\/uploads\/2015\/10\/DSCF4361.jpg\"><img loading=\"lazy\" decoding=\"async\" class=\"aligncenter size-full wp-image-11990\" src=\"http:\/\/www.isletasnoticias.com.ar\/%77%70%2d%63%6f%6e%74%65%6e%74\/uploads\/2015\/10\/DSCF4361.jpg\" alt=\"DSCF4361\" width=\"1283\" height=\"900\" srcset=\"https:\/\/informelitoral.com.ar\/%77%70%2d%63%6f%6e%74%65%6e%74\/uploads\/2015\/10\/DSCF4361.jpg 1283w, https:\/\/informelitoral.com.ar\/%77%70%2d%63%6f%6e%74%65%6e%74\/uploads\/2015\/10\/DSCF4361-300x210.jpg 300w, https:\/\/informelitoral.com.ar\/%77%70%2d%63%6f%6e%74%65%6e%74\/uploads\/2015\/10\/DSCF4361-1024x718.jpg 1024w\" sizes=\"auto, (max-width: 1283px) 100vw, 1283px\" \/><\/a> <\/strong><\/p>\n<p><strong>\u00a0<\/strong>El senador por el Frente Justicialista para la Victoria (FJpV) y candidato a la reelecci\u00f3n, <strong>Daniel Kr\u00e4mer<\/strong>, en una entrevista con <em><strong>ISLETAS NOTICIAS<\/strong>,<\/em> se mostr\u00f3 confiado en revertir el resultado de las Elecciones Primarias, donde fue superado por 366 votos por Cambiemos. En el mismo sentido se manifest\u00f3 con relaci\u00f3n a Ram\u00edrez, donde alert\u00f3 que si gana la Alianza Ramirense (Cambiemos) no habr\u00e1 posibilidad de trabajar en conjunto y lanz\u00f3 cr\u00edticas hacia el diputado Jorge Monge. Entre sus principales proyectos, en caso de ser reelecto, mencion\u00f3 la repavimentaci\u00f3n de la Ruta N\u00b0 11.<a href=\"http:\/\/www.isletasnoticias.com.ar\/%77%70%2d%63%6f%6e%74%65%6e%74\/uploads\/2015\/10\/12003402_10206377753061584_4889532862864200793_n.jpg\"><img loading=\"lazy\" decoding=\"async\" class=\"alignright wp-image-11991 size-medium\" src=\"http:\/\/www.isletasnoticias.com.ar\/%77%70%2d%63%6f%6e%74%65%6e%74\/uploads\/2015\/10\/12003402_10206377753061584_4889532862864200793_n-300x300.jpg\" alt=\"12003402_10206377753061584_4889532862864200793_n\" width=\"300\" height=\"300\" srcset=\"https:\/\/informelitoral.com.ar\/%77%70%2d%63%6f%6e%74%65%6e%74\/uploads\/2015\/10\/12003402_10206377753061584_4889532862864200793_n-300x300.jpg 300w, https:\/\/informelitoral.com.ar\/%77%70%2d%63%6f%6e%74%65%6e%74\/uploads\/2015\/10\/12003402_10206377753061584_4889532862864200793_n-150x150.jpg 150w, https:\/\/informelitoral.com.ar\/%77%70%2d%63%6f%6e%74%65%6e%74\/uploads\/2015\/10\/12003402_10206377753061584_4889532862864200793_n.jpg 695w\" sizes=\"auto, (max-width: 300px) 100vw, 300px\" \/><\/a><\/p>\n<p><strong>&#8212; \u00bfC\u00f3mo viene la campa\u00f1a?<\/strong><\/p>\n<p>&#8212;\u00a0 Estamos visitando diferentes instituciones del departamento y estoy en contacto con los presidentes de las juntas de gobierno, muchos de los cuales van por la reelecci\u00f3n. \u00a0En los \u00faltimos d\u00edas, entre otras cosas, inauguramos la nueva sede de la Junta de Gobierno de Aldea Salto, tratamos de gestionar recursos para la continuidad de la obra del Hospital Fidanza y entregu\u00e9 un aporte para los festejos por el aniversario de Aldea Brasilera. <u>Permanentemente estamos trabajando, gestionando este proyecto, no porque falten 20 d\u00edas para las elecciones nos acordamos de militar.<\/u> Desde diciembre del 2011 recorro a diario diferentes lugares del departamento.<\/p>\n<p><strong>&#8212; \u00bfCu\u00e1les son los principales planteos que le hacen las autoridades locales y los ciudadanos del departamento?<\/strong><\/p>\n<p>&#8212; En las juntas de gobierno el planteo que siempre existi\u00f3 y seguir\u00e1 existiendo son los caminos. Luego de cada lluvia hay que hacer un repaso y son muchos kil\u00f3metros. En las ciudades los reclamos son otros.<\/p>\n<p><strong>&#8212; \u00bfC\u00f3mo analiza su gesti\u00f3n?<\/strong><\/p>\n<p>&#8212; <u>Estoy m\u00e1s que conforme con lo que se logr\u00f3 en la gesti\u00f3n<\/u>. Se hicieron obras en cada municipio y Junta de Gobierno. Destaco las viviendas sociales, la creaci\u00f3n de escuelas secundarias en Aldea Spatzenkutter y Salto; el asfaltado del acceso a Las Cuevas. <u>Sabemos que faltan pilas de cosas<\/u>, nunca se termina porque muchas veces una obra, lleva a la necesidad de hacer otra y as\u00ed.<\/p>\n<p><strong>&#8212; \u00bfQu\u00e9 propone en caso de ser reelecto?<\/strong><\/p>\n<p>&#8212; Seguir trabajando como lo venimos haciendo. <u>Lo que m\u00e1s anhelo es la repavimentaci\u00f3n de la Ruta N\u00b0 11 porque est\u00e1 en muy mal estado<\/u>. Es una materia pendiente y no nos debemos hacer los tontos y dejarlo pasar. Despu\u00e9s hay muchos caminos para mejorar, los accesos a las localidades, construir m\u00e1s viviendas, entre otras cosas. <u>No dudo que con Gustavo Bordet y Ad\u00e1n Bahl vamos a obtener m\u00e1s logros para el departamento<\/u>.<\/p>\n<p><strong>&#8212; Con Ad\u00e1n Bahl tiene una buena relaci\u00f3n\u2026<\/strong><\/p>\n<p>&#8212; Muy buena relaci\u00f3n. Cuando la f\u00f3rmula visit\u00f3 Ram\u00edrez, nuestro futuro gobernador dijo algo muy importante: \u2018Si hay un gobierno justicialista en la ciudad a seguir trabajando a full, pero si no hay un gobierno de nuestro color pol\u00edtico se va a complicar la cosa\u2019. Esto debe ser as\u00ed, porque nosotros defendemos una gesti\u00f3n de gobierno que es un proyecto pol\u00edtico que viene de arriba hacia abajo. <u>No tengo nada en contra de las aspiraciones de la oposici\u00f3n, pero no podes ser hincha de Boca y de River a la vez<\/u>, o sos de uno o de otro. La Alianza Ramirsense plantea que los voten a ellos y que en la Provincia y Naci\u00f3n elijan a quien quieran y no es as\u00ed. <u>Parece que cualquier colectivo les viene bien, no tienen ideales<\/u>.<\/p>\n<p><strong>&#8212; \u00bfCree que en Ram\u00edrez se pueden revertir los resultados de las PASO?<\/strong><\/p>\n<p>&#8212; Totalmente. Estamos trabajando todos los d\u00edas para revertir el resultado del 9 de agosto. Por eso <u>espero con ansias el 25 de octubre, porque vamos a estar mano a mano<\/u>, el votante ya no va a encontrar el pegado con todos, que hizo la oposici\u00f3n. Lo mismo suceder\u00e1 a nivel departamental.<\/p>\n<p><strong>&#8212; En caso que gane la Alianza Ramirense, \u00bfTrabajar\u00e1n en conjunto?<\/strong><\/p>\n<p>&#8212; Conmigo de ninguna manera podr\u00e1n trabajar en conjunto. <u>No me voy a sentar a trabajar con gente que hasta me trata de delincuente<\/u>. Dicen que hicimos todo mal y de golpe quiz\u00e1s cambian y dicen que hicimos todo bien, as\u00ed no va. <u>Cuando no tienen propuestas salen a pegar y criticar al que hace<\/u>. En el departamento Diamante, los \u00fanicos legisladores que nos hemos movido son Carlos Darrich\u00f3n y quien habla, a Monge (Jorge) le florecen las soluciones reci\u00e9n ahora en la campa\u00f1a y durante cuatro a\u00f1os no aparec\u00eda.<\/p>\n<p><strong>&#8212; Jorge Monge fue el diputado que m\u00e1s proyectos present\u00f3.<\/strong><\/p>\n<p>&#8212; Me parece perfecto, si ese es su rol. Yo <u>fui el segundo senador que m\u00e1s proyectos present\u00f3 y eso no me habilita a decir que soy bueno<\/u>. Le sugiero a Monge que adem\u00e1s de legislar, tiene que militar. Hay que preguntarle a la gente qu\u00e9 necesita, como lo hicimos en estos cuatro a\u00f1os, <u>hasta puse plata de mi bolsillo en muchos casos<\/u>. <u>Presentar proyectos so\u00f1adores es muy lindo, pero sino aparecen las soluciones no me sirve<\/u>. Un legislador no solo debe legislar, sino tambi\u00e9n gestionar.<\/p>\n<p><strong>&#8212; El candidato de Cambiemos, Omar Schild, en una entrevista con <em>IN<\/em> dijo que cada cargo tiene su rol y en el caso de los senadores deben legislar\u2026 <\/strong><\/p>\n<p>&#8212; Le dir\u00eda al Dr. Schild que est\u00e1 equivocado de aqu\u00ed a la China. Son visiones que respeto, pero no las comparto.<\/p>\n<p><strong>&#8212; \u00bfVuelve el FpV en Isletas?<\/strong><\/p>\n<p>&#8212; Vamos a andar bien con Luis Ch\u00e9mez y su equipo. Tenemos que trabajar, estamos para eso y lo sabemos. <u>La mejor opci\u00f3n en Isletas es Luis Ch\u00e9mez<\/u>.<\/p>\n<p><strong>&#8212; \u00bfPor qu\u00e9 la gente tiene que votar a Daniel Kr\u00e4mer?<\/strong><\/p>\n<p>&#8212;<u>Me tienen que votar a m\u00ed nuevamente porque he tenido vocaci\u00f3n de servicio en estos a\u00f1os<\/u>. Siempre cuento que cuando fui intendente, era dif\u00edcil acceder a un legislador y hoy la realidad es otra. <u>Tengo una radiograf\u00eda clara de lo que hay que hacer en el departamento,<\/u> hasta el tr\u00e1mite de pensi\u00f3n de una vecina, porque estuve presente y eso elegir\u00e1 la gente el 25 de octubre.<\/p>\n","protected":false},"excerpt":{"rendered":"<p>El senador por el departamento Diamante, Daniel Ernesto Kr&auml;mer (FJpV), asegur&oacute; que conoce las necesidades de cada municipio y Junta de Gobierno. En declaraciones a IN, se mostr&oacute; confiado en revertir el resultado de las PASO porque &ldquo;el 25 de octubre vamos a estar mano a mano&rdquo;. Sobre la Alianza Ramirense, asegur&oacute;: &ldquo;No me voy [&hellip;]<\/p>\n","protected":false},"author":2,"featured_media":0,"comment_status":"open","ping_status":"open","sticky":false,"template":"","format":"standard","meta":{"fifu_image_url":"","fifu_image_alt":"","footnotes":""},"categories":[5,16],"tags":[],"class_list":{"0":"post-11989","1":"post","2":"type-post","3":"status-publish","4":"format-standard","6":"category-zonales","7":"category-politi"},"yoast_head":"<title>Kr\u00e4mer se ve ganador en octubre y arremete contra Cambiemos - Informe Litoral<\/title>\n<meta name=\"robots\" content=\"index, follow, max-snippet:-1, max-image-preview:large, max-video-preview:-1\" \/>\n<link rel=\"canonical\" href=\"https:\/\/informelitoral.com.ar\/kramer-se-ve-ganador-en-octubre-y-arremete-contra-cambiemos\/\" \/>\n<meta property=\"og:locale\" content=\"es_ES\" \/>\n<meta property=\"og:type\" content=\"article\" \/>\n<meta property=\"og:title\" content=\"Kr\u00e4mer se ve ganador en octubre y arremete contra Cambiemos - Informe Litoral\" \/>\n<meta property=\"og:description\" content=\"El senador por el departamento Diamante, Daniel Ernesto Kr&auml;mer (FJpV), asegur&oacute; que conoce las necesidades de cada municipio y Junta de Gobierno. En declaraciones a IN, se mostr&oacute; confiado en revertir el resultado de las PASO porque &ldquo;el 25 de octubre vamos a estar mano a mano&rdquo;. Sobre la Alianza Ramirense, asegur&oacute;: &ldquo;No me voy [&hellip;]\" \/>\n<meta property=\"og:url\" content=\"https:\/\/informelitoral.com.ar\/kramer-se-ve-ganador-en-octubre-y-arremete-contra-cambiemos\/\" \/>\n<meta property=\"og:site_name\" content=\"Informe Litoral\" \/>\n<meta property=\"article:publisher\" content=\"https:\/\/www.facebook.com\/informelitoral\/\" \/>\n<meta property=\"article:published_time\" content=\"2015-10-02T18:39:52+00:00\" \/>\n<meta property=\"article:modified_time\" content=\"2015-10-02T21:30:06+00:00\" \/>\n<meta property=\"og:image\" content=\"https:\/\/informelitoral.com.ar\/%77%70%2d%63%6f%6e%74%65%6e%74\/uploads\/2015\/10\/DSCF4361.jpg\" \/>\n\t<meta property=\"og:image:width\" content=\"1283\" \/>\n\t<meta property=\"og:image:height\" content=\"900\" \/>\n\t<meta property=\"og:image:type\" content=\"image\/jpeg\" \/>\n<meta name=\"author\" content=\"Gonzalo Schmidt\" \/>\n<meta name=\"twitter:card\" content=\"summary_large_image\" \/>\n<meta name=\"twitter:creator\" content=\"@InformeLitoral\" \/>\n<meta name=\"twitter:site\" content=\"@InformeLitoral\" \/>\n<meta name=\"twitter:label1\" content=\"Escrito por\" \/>\n\t<meta name=\"twitter:data1\" content=\"Gonzalo Schmidt\" \/>\n\t<meta name=\"twitter:label2\" content=\"Tiempo de lectura\" \/>\n\t<meta name=\"twitter:data2\" content=\"6 minutos\" \/>\n<script type=\"application\/ld+json\" class=\"yoast-schema-graph\">{\"@context\":\"https:\\\/\\\/schema.org\",\"@graph\":[{\"@type\":\"Article\",\"@id\":\"https:\\\/\\\/informelitoral.com.ar\\\/kramer-se-ve-ganador-en-octubre-y-arremete-contra-cambiemos\\\/#article\",\"isPartOf\":{\"@id\":\"https:\\\/\\\/informelitoral.com.ar\\\/kramer-se-ve-ganador-en-octubre-y-arremete-contra-cambiemos\\\/\"},\"author\":{\"name\":\"Gonzalo Schmidt\",\"@id\":\"https:\\\/\\\/informelitoral.com.ar\\\/#\\\/schema\\\/person\\\/b9d00407c836482871ef1d57bf8e3180\"},\"headline\":\"Kr\u00e4mer se ve ganador en octubre y arremete contra Cambiemos\",\"datePublished\":\"2015-10-02T18:39:52+00:00\",\"dateModified\":\"2015-10-02T21:30:06+00:00\",\"mainEntityOfPage\":{\"@id\":\"https:\\\/\\\/informelitoral.com.ar\\\/kramer-se-ve-ganador-en-octubre-y-arremete-contra-cambiemos\\\/\"},\"wordCount\":1115,\"commentCount\":0,\"publisher\":{\"@id\":\"https:\\\/\\\/informelitoral.com.ar\\\/#organization\"},\"image\":{\"@id\":\"https:\\\/\\\/informelitoral.com.ar\\\/kramer-se-ve-ganador-en-octubre-y-arremete-contra-cambiemos\\\/#primaryimage\"},\"thumbnailUrl\":\"http:\\\/\\\/www.isletasnoticias.com.ar\\\/%77%70%2d%63%6f%6e%74%65%6e%74\\\/uploads\\\/2015\\\/10\\\/DSCF4361.jpg\",\"articleSection\":[\"Departamento Diamante\",\"Politica\"],\"inLanguage\":\"es\",\"potentialAction\":[{\"@type\":\"CommentAction\",\"name\":\"Comment\",\"target\":[\"https:\\\/\\\/informelitoral.com.ar\\\/kramer-se-ve-ganador-en-octubre-y-arremete-contra-cambiemos\\\/#respond\"]}]},{\"@type\":\"WebPage\",\"@id\":\"https:\\\/\\\/informelitoral.com.ar\\\/kramer-se-ve-ganador-en-octubre-y-arremete-contra-cambiemos\\\/\",\"url\":\"https:\\\/\\\/informelitoral.com.ar\\\/kramer-se-ve-ganador-en-octubre-y-arremete-contra-cambiemos\\\/\",\"name\":\"Kr\u00e4mer se ve ganador en octubre y arremete contra Cambiemos - Informe Litoral\",\"isPartOf\":{\"@id\":\"https:\\\/\\\/informelitoral.com.ar\\\/#website\"},\"primaryImageOfPage\":{\"@id\":\"https:\\\/\\\/informelitoral.com.ar\\\/kramer-se-ve-ganador-en-octubre-y-arremete-contra-cambiemos\\\/#primaryimage\"},\"image\":{\"@id\":\"https:\\\/\\\/informelitoral.com.ar\\\/kramer-se-ve-ganador-en-octubre-y-arremete-contra-cambiemos\\\/#primaryimage\"},\"thumbnailUrl\":\"http:\\\/\\\/www.isletasnoticias.com.ar\\\/%77%70%2d%63%6f%6e%74%65%6e%74\\\/uploads\\\/2015\\\/10\\\/DSCF4361.jpg\",\"datePublished\":\"2015-10-02T18:39:52+00:00\",\"dateModified\":\"2015-10-02T21:30:06+00:00\",\"breadcrumb\":{\"@id\":\"https:\\\/\\\/informelitoral.com.ar\\\/kramer-se-ve-ganador-en-octubre-y-arremete-contra-cambiemos\\\/#breadcrumb\"},\"inLanguage\":\"es\",\"potentialAction\":[{\"@type\":\"ReadAction\",\"target\":[\"https:\\\/\\\/informelitoral.com.ar\\\/kramer-se-ve-ganador-en-octubre-y-arremete-contra-cambiemos\\\/\"]}]},{\"@type\":\"ImageObject\",\"inLanguage\":\"es\",\"@id\":\"https:\\\/\\\/informelitoral.com.ar\\\/kramer-se-ve-ganador-en-octubre-y-arremete-contra-cambiemos\\\/#primaryimage\",\"url\":\"http:\\\/\\\/www.isletasnoticias.com.ar\\\/%77%70%2d%63%6f%6e%74%65%6e%74\\\/uploads\\\/2015\\\/10\\\/DSCF4361.jpg\",\"contentUrl\":\"http:\\\/\\\/www.isletasnoticias.com.ar\\\/%77%70%2d%63%6f%6e%74%65%6e%74\\\/uploads\\\/2015\\\/10\\\/DSCF4361.jpg\"},{\"@type\":\"BreadcrumbList\",\"@id\":\"https:\\\/\\\/informelitoral.com.ar\\\/kramer-se-ve-ganador-en-octubre-y-arremete-contra-cambiemos\\\/#breadcrumb\",\"itemListElement\":[{\"@type\":\"ListItem\",\"position\":1,\"name\":\"Portada\",\"item\":\"https:\\\/\\\/informelitoral.com.ar\\\/\"},{\"@type\":\"ListItem\",\"position\":2,\"name\":\"Kr\u00e4mer se ve ganador en octubre y arremete contra Cambiemos\"}]},{\"@type\":\"WebSite\",\"@id\":\"https:\\\/\\\/informelitoral.com.ar\\\/#website\",\"url\":\"https:\\\/\\\/informelitoral.com.ar\\\/\",\"name\":\"Informe Litoral\",\"description\":\"&quot;Nos informamos&quot; \",\"publisher\":{\"@id\":\"https:\\\/\\\/informelitoral.com.ar\\\/#organization\"},\"potentialAction\":[{\"@type\":\"SearchAction\",\"target\":{\"@type\":\"EntryPoint\",\"urlTemplate\":\"https:\\\/\\\/informelitoral.com.ar\\\/?s={search_term_string}\"},\"query-input\":{\"@type\":\"PropertyValueSpecification\",\"valueRequired\":true,\"valueName\":\"search_term_string\"}}],\"inLanguage\":\"es\"},{\"@type\":\"Organization\",\"@id\":\"https:\\\/\\\/informelitoral.com.ar\\\/#organization\",\"name\":\"Informe Litoral\",\"url\":\"https:\\\/\\\/informelitoral.com.ar\\\/\",\"logo\":{\"@type\":\"ImageObject\",\"inLanguage\":\"es\",\"@id\":\"https:\\\/\\\/informelitoral.com.ar\\\/#\\\/schema\\\/logo\\\/image\\\/\",\"url\":\"https:\\\/\\\/informelitoral.com.ar\\\/%77%70%2d%63%6f%6e%74%65%6e%74\\\/uploads\\\/2021\\\/01\\\/circulo.png\",\"contentUrl\":\"https:\\\/\\\/informelitoral.com.ar\\\/%77%70%2d%63%6f%6e%74%65%6e%74\\\/uploads\\\/2021\\\/01\\\/circulo.png\",\"width\":723,\"height\":731,\"caption\":\"Informe Litoral\"},\"image\":{\"@id\":\"https:\\\/\\\/informelitoral.com.ar\\\/#\\\/schema\\\/logo\\\/image\\\/\"},\"sameAs\":[\"https:\\\/\\\/www.facebook.com\\\/informelitoral\\\/\",\"https:\\\/\\\/x.com\\\/InformeLitoral\",\"https:\\\/\\\/www.instagram.com\\\/informelitoral\\\/\",\"https:\\\/\\\/www.youtube.com\\\/channel\\\/UCua4Qvz8Icb6MYqhoq9xLXw\"]},{\"@type\":\"Person\",\"@id\":\"https:\\\/\\\/informelitoral.com.ar\\\/#\\\/schema\\\/person\\\/b9d00407c836482871ef1d57bf8e3180\",\"name\":\"Gonzalo Schmidt\",\"image\":{\"@type\":\"ImageObject\",\"inLanguage\":\"es\",\"@id\":\"https:\\\/\\\/secure.gravatar.com\\\/avatar\\\/31a1a7b66ff2de83bd0e9fd79d026630d2d99e55e8bfe501287647b4fd9743de?s=96&d=mm&r=g\",\"url\":\"https:\\\/\\\/secure.gravatar.com\\\/avatar\\\/31a1a7b66ff2de83bd0e9fd79d026630d2d99e55e8bfe501287647b4fd9743de?s=96&d=mm&r=g\",\"contentUrl\":\"https:\\\/\\\/secure.gravatar.com\\\/avatar\\\/31a1a7b66ff2de83bd0e9fd79d026630d2d99e55e8bfe501287647b4fd9743de?s=96&d=mm&r=g\",\"caption\":\"Gonzalo Schmidt\"},\"description\":\"Sitio web de noticias de la provincia de Entre R\u00edos, Argentina. Informaci\u00f3n y entretenimiento. Informe Litoral, nos informamos.\",\"sameAs\":[\"http:\\\/\\\/www.isletasnoticias.com.ar\"],\"url\":\"https:\\\/\\\/informelitoral.com.ar\\\/author\\\/gonzalo\\\/\"}]}<\/script>","yoast_head_json":{"title":"Kr\u00e4mer se ve ganador en octubre y arremete contra Cambiemos - Informe Litoral","robots":{"index":"index","follow":"follow","max-snippet":"max-snippet:-1","max-image-preview":"max-image-preview:large","max-video-preview":"max-video-preview:-1"},"canonical":"https:\/\/informelitoral.com.ar\/kramer-se-ve-ganador-en-octubre-y-arremete-contra-cambiemos\/","og_locale":"es_ES","og_type":"article","og_title":"Kr\u00e4mer se ve ganador en octubre y arremete contra Cambiemos - Informe Litoral","og_description":"El senador por el departamento Diamante, Daniel Ernesto Kr&auml;mer (FJpV), asegur&oacute; que conoce las necesidades de cada municipio y Junta de Gobierno. En declaraciones a IN, se mostr&oacute; confiado en revertir el resultado de las PASO porque &ldquo;el 25 de octubre vamos a estar mano a mano&rdquo;. Sobre la Alianza Ramirense, asegur&oacute;: &ldquo;No me voy [&hellip;]","og_url":"https:\/\/informelitoral.com.ar\/kramer-se-ve-ganador-en-octubre-y-arremete-contra-cambiemos\/","og_site_name":"Informe Litoral","article_publisher":"https:\/\/www.facebook.com\/informelitoral\/","article_published_time":"2015-10-02T18:39:52+00:00","article_modified_time":"2015-10-02T21:30:06+00:00","og_image":[{"width":1283,"height":900,"url":"https:\/\/informelitoral.com.ar\/%77%70%2d%63%6f%6e%74%65%6e%74\/uploads\/2015\/10\/DSCF4361.jpg","type":"image\/jpeg"}],"author":"Gonzalo Schmidt","twitter_card":"summary_large_image","twitter_creator":"@InformeLitoral","twitter_site":"@InformeLitoral","twitter_misc":{"Escrito por":"Gonzalo Schmidt","Tiempo de lectura":"6 minutos"},"schema":{"@context":"https:\/\/schema.org","@graph":[{"@type":"Article","@id":"https:\/\/informelitoral.com.ar\/kramer-se-ve-ganador-en-octubre-y-arremete-contra-cambiemos\/#article","isPartOf":{"@id":"https:\/\/informelitoral.com.ar\/kramer-se-ve-ganador-en-octubre-y-arremete-contra-cambiemos\/"},"author":{"name":"Gonzalo Schmidt","@id":"https:\/\/informelitoral.com.ar\/#\/schema\/person\/b9d00407c836482871ef1d57bf8e3180"},"headline":"Kr\u00e4mer se ve ganador en octubre y arremete contra Cambiemos","datePublished":"2015-10-02T18:39:52+00:00","dateModified":"2015-10-02T21:30:06+00:00","mainEntityOfPage":{"@id":"https:\/\/informelitoral.com.ar\/kramer-se-ve-ganador-en-octubre-y-arremete-contra-cambiemos\/"},"wordCount":1115,"commentCount":0,"publisher":{"@id":"https:\/\/informelitoral.com.ar\/#organization"},"image":{"@id":"https:\/\/informelitoral.com.ar\/kramer-se-ve-ganador-en-octubre-y-arremete-contra-cambiemos\/#primaryimage"},"thumbnailUrl":"http:\/\/www.isletasnoticias.com.ar\/%77%70%2d%63%6f%6e%74%65%6e%74\/uploads\/2015\/10\/DSCF4361.jpg","articleSection":["Departamento Diamante","Politica"],"inLanguage":"es","potentialAction":[{"@type":"CommentAction","name":"Comment","target":["https:\/\/informelitoral.com.ar\/kramer-se-ve-ganador-en-octubre-y-arremete-contra-cambiemos\/#respond"]}]},{"@type":"WebPage","@id":"https:\/\/informelitoral.com.ar\/kramer-se-ve-ganador-en-octubre-y-arremete-contra-cambiemos\/","url":"https:\/\/informelitoral.com.ar\/kramer-se-ve-ganador-en-octubre-y-arremete-contra-cambiemos\/","name":"Kr\u00e4mer se ve ganador en octubre y arremete contra Cambiemos - Informe Litoral","isPartOf":{"@id":"https:\/\/informelitoral.com.ar\/#website"},"primaryImageOfPage":{"@id":"https:\/\/informelitoral.com.ar\/kramer-se-ve-ganador-en-octubre-y-arremete-contra-cambiemos\/#primaryimage"},"image":{"@id":"https:\/\/informelitoral.com.ar\/kramer-se-ve-ganador-en-octubre-y-arremete-contra-cambiemos\/#primaryimage"},"thumbnailUrl":"http:\/\/www.isletasnoticias.com.ar\/%77%70%2d%63%6f%6e%74%65%6e%74\/uploads\/2015\/10\/DSCF4361.jpg","datePublished":"2015-10-02T18:39:52+00:00","dateModified":"2015-10-02T21:30:06+00:00","breadcrumb":{"@id":"https:\/\/informelitoral.com.ar\/kramer-se-ve-ganador-en-octubre-y-arremete-contra-cambiemos\/#breadcrumb"},"inLanguage":"es","potentialAction":[{"@type":"ReadAction","target":["https:\/\/informelitoral.com.ar\/kramer-se-ve-ganador-en-octubre-y-arremete-contra-cambiemos\/"]}]},{"@type":"ImageObject","inLanguage":"es","@id":"https:\/\/informelitoral.com.ar\/kramer-se-ve-ganador-en-octubre-y-arremete-contra-cambiemos\/#primaryimage","url":"http:\/\/www.isletasnoticias.com.ar\/%77%70%2d%63%6f%6e%74%65%6e%74\/uploads\/2015\/10\/DSCF4361.jpg","contentUrl":"http:\/\/www.isletasnoticias.com.ar\/%77%70%2d%63%6f%6e%74%65%6e%74\/uploads\/2015\/10\/DSCF4361.jpg"},{"@type":"BreadcrumbList","@id":"https:\/\/informelitoral.com.ar\/kramer-se-ve-ganador-en-octubre-y-arremete-contra-cambiemos\/#breadcrumb","itemListElement":[{"@type":"ListItem","position":1,"name":"Portada","item":"https:\/\/informelitoral.com.ar\/"},{"@type":"ListItem","position":2,"name":"Kr\u00e4mer se ve ganador en octubre y arremete contra Cambiemos"}]},{"@type":"WebSite","@id":"https:\/\/informelitoral.com.ar\/#website","url":"https:\/\/informelitoral.com.ar\/","name":"Informe Litoral","description":"&quot;Nos informamos&quot; ","publisher":{"@id":"https:\/\/informelitoral.com.ar\/#organization"},"potentialAction":[{"@type":"SearchAction","target":{"@type":"EntryPoint","urlTemplate":"https:\/\/informelitoral.com.ar\/?s={search_term_string}"},"query-input":{"@type":"PropertyValueSpecification","valueRequired":true,"valueName":"search_term_string"}}],"inLanguage":"es"},{"@type":"Organization","@id":"https:\/\/informelitoral.com.ar\/#organization","name":"Informe Litoral","url":"https:\/\/informelitoral.com.ar\/","logo":{"@type":"ImageObject","inLanguage":"es","@id":"https:\/\/informelitoral.com.ar\/#\/schema\/logo\/image\/","url":"https:\/\/informelitoral.com.ar\/%77%70%2d%63%6f%6e%74%65%6e%74\/uploads\/2021\/01\/circulo.png","contentUrl":"https:\/\/informelitoral.com.ar\/%77%70%2d%63%6f%6e%74%65%6e%74\/uploads\/2021\/01\/circulo.png","width":723,"height":731,"caption":"Informe Litoral"},"image":{"@id":"https:\/\/informelitoral.com.ar\/#\/schema\/logo\/image\/"},"sameAs":["https:\/\/www.facebook.com\/informelitoral\/","https:\/\/x.com\/InformeLitoral","https:\/\/www.instagram.com\/informelitoral\/","https:\/\/www.youtube.com\/channel\/UCua4Qvz8Icb6MYqhoq9xLXw"]},{"@type":"Person","@id":"https:\/\/informelitoral.com.ar\/#\/schema\/person\/b9d00407c836482871ef1d57bf8e3180","name":"Gonzalo Schmidt","image":{"@type":"ImageObject","inLanguage":"es","@id":"https:\/\/secure.gravatar.com\/avatar\/31a1a7b66ff2de83bd0e9fd79d026630d2d99e55e8bfe501287647b4fd9743de?s=96&d=mm&r=g","url":"https:\/\/secure.gravatar.com\/avatar\/31a1a7b66ff2de83bd0e9fd79d026630d2d99e55e8bfe501287647b4fd9743de?s=96&d=mm&r=g","contentUrl":"https:\/\/secure.gravatar.com\/avatar\/31a1a7b66ff2de83bd0e9fd79d026630d2d99e55e8bfe501287647b4fd9743de?s=96&d=mm&r=g","caption":"Gonzalo Schmidt"},"description":"Sitio web de noticias de la provincia de Entre R\u00edos, Argentina. Informaci\u00f3n y entretenimiento. Informe Litoral, nos informamos.","sameAs":["http:\/\/www.isletasnoticias.com.ar"],"url":"https:\/\/informelitoral.com.ar\/author\/gonzalo\/"}]}},"_links":{"self":[{"href":"https:\/\/informelitoral.com.ar\/%77%70%2d%6a%73%6f%6e\/wp\/v2\/posts\/11989","targetHints":{"allow":["GET"]}}],"collection":[{"href":"https:\/\/informelitoral.com.ar\/%77%70%2d%6a%73%6f%6e\/wp\/v2\/posts"}],"about":[{"href":"https:\/\/informelitoral.com.ar\/%77%70%2d%6a%73%6f%6e\/wp\/v2\/types\/post"}],"author":[{"embeddable":true,"href":"https:\/\/informelitoral.com.ar\/%77%70%2d%6a%73%6f%6e\/wp\/v2\/users\/2"}],"replies":[{"embeddable":true,"href":"https:\/\/informelitoral.com.ar\/%77%70%2d%6a%73%6f%6e\/wp\/v2\/comments?post=11989"}],"version-history":[{"count":0,"href":"https:\/\/informelitoral.com.ar\/%77%70%2d%6a%73%6f%6e\/wp\/v2\/posts\/11989\/revisions"}],"wp:attachment":[{"href":"https:\/\/informelitoral.com.ar\/%77%70%2d%6a%73%6f%6e\/wp\/v2\/media?parent=11989"}],"wp:term":[{"taxonomy":"category","embeddable":true,"href":"https:\/\/informelitoral.com.ar\/%77%70%2d%6a%73%6f%6e\/wp\/v2\/categories?post=11989"},{"taxonomy":"post_tag","embeddable":true,"href":"https:\/\/informelitoral.com.ar\/%77%70%2d%6a%73%6f%6e\/wp\/v2\/tags?post=11989"}],"curies":[{"name":"wp","href":"https:\/\/api.w.org\/{rel}","templated":true}]}}