{"id":11981,"date":"2015-10-01T10:32:55","date_gmt":"2015-10-01T13:32:55","guid":{"rendered":"http:\/\/www.isletasnoticias.com.ar\/?p=11981"},"modified":"2015-10-01T10:32:55","modified_gmt":"2015-10-01T13:32:55","slug":"sanz-en-parana-los-radicales-estan-convencidos-de-votar-a-macri","status":"publish","type":"post","link":"https:\/\/informelitoral.com.ar\/sanz-en-parana-los-radicales-estan-convencidos-de-votar-a-macri\/","title":{"rendered":"Sanz en Paran\u00e1: \u201cLos radicales est\u00e1n convencidos de votar a Macri\u201d"},"content":{"rendered":"<p><strong>El senador y referente nacional de la UCR sostuvo que el fundador del PRO representa al radicalismo porque \u201ccombati\u00f3 al kirchnerismo, toda la vida defendi\u00f3 la Rep\u00fablica, la libertad, el progreso y el desarrollo\u201d. Descart\u00f3 que votos radicales vayan par Stolbizer.<a href=\"http:\/\/www.isletasnoticias.com.ar\/%77%70%2d%63%6f%6e%74%65%6e%74\/uploads\/2015\/10\/o_1443660847.jpg\"><img loading=\"lazy\" decoding=\"async\" class=\"aligncenter wp-image-11982 size-medium\" src=\"http:\/\/www.isletasnoticias.com.ar\/%77%70%2d%63%6f%6e%74%65%6e%74\/uploads\/2015\/10\/o_1443660847-300x175.jpg\" alt=\"o_1443660847\" width=\"300\" height=\"175\" srcset=\"https:\/\/informelitoral.com.ar\/%77%70%2d%63%6f%6e%74%65%6e%74\/uploads\/2015\/10\/o_1443660847-300x175.jpg 300w, https:\/\/informelitoral.com.ar\/%77%70%2d%63%6f%6e%74%65%6e%74\/uploads\/2015\/10\/o_1443660847.jpg 600w\" sizes=\"auto, (max-width: 300px) 100vw, 300px\" \/><\/a><\/strong><strong>Mauricio Macri<\/strong> y <strong>Ernesto Sanz<\/strong> llegaron a Paran\u00e1 en el marco de la campa\u00f1a para el 25 de octubre. Estuvieron en el Hotel Howard Johnson como final de una peque\u00f1a gira que se inici\u00f3 en La Paz y Santa Elena. y en la que estuvo el candidato a gobernador, Alfredo De Angeli.<\/p>\n<p>El mendocino, presidente de la Convenci\u00f3n Nacional de la UCR sostuvo que \u201clos radicales est\u00e1n absolutamente convencidos de votar a Macri, porque el m\u00edo es un partido que en los \u00faltimos 12 a\u00f1os combati\u00f3 al kirchnerismo, que toda la vida defendi\u00f3 la Rep\u00fablica, la libertad, el progreso, el desarrollo y todos esos valores hoy est\u00e1n representados en Cambiemos y en la figura de Mauricio Macri\u201d, defini\u00f3.<\/p>\n<p>El jefe de Gobierno porte\u00f1o devolvi\u00f3 la gentileza al decir sentirse \u201chonrado de representar a un partido centenario como el radical. \u201cEstamos listos para, con humildad, representar en una segunda vuelta tambi\u00e9n a los peronistas que no est\u00e1n de acuerdo con el kirchnerismo, al socialismo santafesino, a la izquierda y a toda la comunidad de argentinos que queremos un cambio y que somos la inmensa mayor\u00eda\u201d, se despach\u00f3.<\/p>\n<p>Sanz descart\u00f3 que los votos que obtuvo en las PASO vayan para Margarita Stolbizer. \u201cQuien me vot\u00f3 a m\u00ed sabe que hoy esos mismos valores que yo represent\u00e9 los representa Mauricio como el candidato de todos en una construcci\u00f3n colectiva\u201d, respondi\u00f3.<\/p>\n<p>Macri confirm\u00f3 lo que dej\u00f3 correr hace unos d\u00edas acerca de su posible gabinete si es presidente. Lo confirm\u00f3 al radical como ministro de Justicia. \u201cNo tengo dudas que va a ser el mejor de los \u00faltimos 30 a\u00f1os\u201d, asegur\u00f3. Y agreg\u00f3: \u201cA Esteban Bullrich he propuesto para que sea ministro de Educaci\u00f3n porque el pa\u00eds que queremos se basa en tener una educaci\u00f3n p\u00fablica de calidad y un sistema institucional s\u00f3lido, confiable y previsible\u201d.<\/p>\n<p><b>Entre R\u00edos y Paran\u00e1 <\/b><\/p>\n<p>El presidenciable espera, en caso de llegar a la Casa Rosada, hacer \u201cun acuerdo con los gobernadores para evitar las reelecciones indefinidas, multiplicidad de fechas electorales y que el poder se transfiera entre conyugues, hermanos e hijos. Eso no ayuda a una democracia transparente\u201d, propuso y opin\u00f3.<\/p>\n<p>Y agreg\u00f3: \u201cTambi\u00e9n una Justicia independiente, que es por lo que va a abogar Sanz con jueces que investiguen donde haya que investigar sin que se los acuse de destituyentes\u201d.<\/p>\n<p>Entre de los objetivos que se traz\u00f3 fue \u201cvolver al mundo para obtener financiamiento para todas las obras que Entre R\u00edos necesita , para darle tambi\u00e9n cloaca y agua corriente a todos los que viven en Paran\u00e1 y que todav\u00eda no tienen\u201d. Antes dijo que era de hacer \u201clas cosas muy cuidadosamente\u201d, como lo hizo en su \u201cvida empresaria, en Boca Juniors o el Gobierno de la Ciudad de Buenos Aires\u201d.<\/p>\n<p><b>-\u00bfEspera m\u00e1s campa\u00f1a sucia?<\/b><\/p>\n<p>-Sin duda, es lo que saben hacer. Lo mismo le han hecho a Sergio en Entre R\u00edos. Cuando un gobierno pierde la capacidad de generar esperanza y entusiasmo lo que le queda es agredir, calumniar, generar miedo. Pero esta vez los argentinos sabemos que este cambio no viene a quitar nada, no le vamos a quitar la ayuda a nadie y adem\u00e1s le vamos a dar la oportunidad de trabajar.<\/p>\n<p><b>-\u00bfY las denuncias por las irregularidades en la distribuci\u00f3n de pautas publicitarias? <\/b><\/p>\n<p>-Lo que me informa mi equipo es que somos el \u00fanico gobierno en Argentina que publica todo lo que hace en Internet. No estoy en el detalle de cada contrataci\u00f3n, pero lo hacemos a los mejores precios que hay en el mercado y estamos disponibles para que traigan los n\u00fameros a cu\u00e1nto lo hace la provincia de Entre R\u00edos o Buenos Aires y la Naci\u00f3n y ver quien hace las cosas bien y quien mal. Y si hay un problema de carga equivocada se estar\u00e1 corrigiendo la informaci\u00f3n. Estamos tranquilos porque el equipo de comunicaci\u00f3n de la Ciudad hace las cosas como corresponde.<\/p>\n<p>A las instalaciones del hotel llegaron los radicales que encabezan la boleta. Se sentaron a la mesa ante los periodistas el candidato a diputado nacional, Marcelo Monfort; el candidato a intendente, Sergio Varisco; el candidato a senador por Paran\u00e1, Raymundo Kisser; y el compa\u00f1ero de De Angeli, Juan Carlos Lucio Godoy. Luego de la conferencia Macri iba a encabezar un acto en el Club Olimpia. <em>(P\u00e1gina Pol\u00edtica)<\/em><\/p>\n","protected":false},"excerpt":{"rendered":"<p>El senador y referente nacional de la UCR sostuvo que el fundador del PRO representa al radicalismo porque &ldquo;combati&oacute; al kirchnerismo, toda la vida defendi&oacute; la Rep&uacute;blica, la libertad, el progreso y el desarrollo&rdquo;. Descart&oacute; que votos radicales vayan par Stolbizer.Mauricio Macri y Ernesto Sanz llegaron a Paran&aacute; en el marco de la campa&ntilde;a para [&hellip;]<\/p>\n","protected":false},"author":2,"featured_media":0,"comment_status":"open","ping_status":"open","sticky":false,"template":"","format":"standard","meta":{"fifu_image_url":"","fifu_image_alt":"","footnotes":""},"categories":[6,16],"tags":[],"class_list":{"0":"post-11981","1":"post","2":"type-post","3":"status-publish","4":"format-standard","6":"category-entre-rios","7":"category-politi"},"yoast_head":"<title>Sanz en Paran\u00e1: \u201cLos radicales est\u00e1n convencidos de votar a Macri\u201d - Informe Litoral<\/title>\n<meta name=\"robots\" content=\"index, follow, max-snippet:-1, max-image-preview:large, max-video-preview:-1\" \/>\n<link rel=\"canonical\" href=\"https:\/\/informelitoral.com.ar\/sanz-en-parana-los-radicales-estan-convencidos-de-votar-a-macri\/\" \/>\n<meta property=\"og:locale\" content=\"es_ES\" \/>\n<meta property=\"og:type\" content=\"article\" \/>\n<meta property=\"og:title\" content=\"Sanz en Paran\u00e1: \u201cLos radicales est\u00e1n convencidos de votar a Macri\u201d - Informe Litoral\" \/>\n<meta property=\"og:description\" content=\"El senador y referente nacional de la UCR sostuvo que el fundador del PRO representa al radicalismo porque &ldquo;combati&oacute; al kirchnerismo, toda la vida defendi&oacute; la Rep&uacute;blica, la libertad, el progreso y el desarrollo&rdquo;. Descart&oacute; que votos radicales vayan par Stolbizer.Mauricio Macri y Ernesto Sanz llegaron a Paran&aacute; en el marco de la campa&ntilde;a para [&hellip;]\" \/>\n<meta property=\"og:url\" content=\"https:\/\/informelitoral.com.ar\/sanz-en-parana-los-radicales-estan-convencidos-de-votar-a-macri\/\" \/>\n<meta property=\"og:site_name\" content=\"Informe Litoral\" \/>\n<meta property=\"article:publisher\" content=\"https:\/\/www.facebook.com\/informelitoral\/\" \/>\n<meta property=\"article:published_time\" content=\"2015-10-01T13:32:55+00:00\" \/>\n<meta property=\"og:image\" content=\"https:\/\/informelitoral.com.ar\/%77%70%2d%63%6f%6e%74%65%6e%74\/uploads\/2015\/10\/o_1443660847.jpg\" \/>\n\t<meta property=\"og:image:width\" content=\"600\" \/>\n\t<meta property=\"og:image:height\" content=\"350\" \/>\n\t<meta property=\"og:image:type\" content=\"image\/jpeg\" \/>\n<meta name=\"author\" content=\"Gonzalo Schmidt\" \/>\n<meta name=\"twitter:card\" content=\"summary_large_image\" \/>\n<meta name=\"twitter:creator\" content=\"@InformeLitoral\" \/>\n<meta name=\"twitter:site\" content=\"@InformeLitoral\" \/>\n<meta name=\"twitter:label1\" content=\"Escrito por\" \/>\n\t<meta name=\"twitter:data1\" content=\"Gonzalo Schmidt\" \/>\n\t<meta name=\"twitter:label2\" content=\"Tiempo de lectura\" \/>\n\t<meta name=\"twitter:data2\" content=\"4 minutos\" \/>\n<script type=\"application\/ld+json\" class=\"yoast-schema-graph\">{\"@context\":\"https:\\\/\\\/schema.org\",\"@graph\":[{\"@type\":\"Article\",\"@id\":\"https:\\\/\\\/informelitoral.com.ar\\\/sanz-en-parana-los-radicales-estan-convencidos-de-votar-a-macri\\\/#article\",\"isPartOf\":{\"@id\":\"https:\\\/\\\/informelitoral.com.ar\\\/sanz-en-parana-los-radicales-estan-convencidos-de-votar-a-macri\\\/\"},\"author\":{\"name\":\"Gonzalo Schmidt\",\"@id\":\"https:\\\/\\\/informelitoral.com.ar\\\/#\\\/schema\\\/person\\\/b9d00407c836482871ef1d57bf8e3180\"},\"headline\":\"Sanz en Paran\u00e1: \u201cLos radicales est\u00e1n convencidos de votar a Macri\u201d\",\"datePublished\":\"2015-10-01T13:32:55+00:00\",\"mainEntityOfPage\":{\"@id\":\"https:\\\/\\\/informelitoral.com.ar\\\/sanz-en-parana-los-radicales-estan-convencidos-de-votar-a-macri\\\/\"},\"wordCount\":802,\"commentCount\":0,\"publisher\":{\"@id\":\"https:\\\/\\\/informelitoral.com.ar\\\/#organization\"},\"image\":{\"@id\":\"https:\\\/\\\/informelitoral.com.ar\\\/sanz-en-parana-los-radicales-estan-convencidos-de-votar-a-macri\\\/#primaryimage\"},\"thumbnailUrl\":\"http:\\\/\\\/www.isletasnoticias.com.ar\\\/%77%70%2d%63%6f%6e%74%65%6e%74\\\/uploads\\\/2015\\\/10\\\/o_1443660847-300x175.jpg\",\"articleSection\":[\"Entre R\u00edos\",\"Politica\"],\"inLanguage\":\"es\",\"potentialAction\":[{\"@type\":\"CommentAction\",\"name\":\"Comment\",\"target\":[\"https:\\\/\\\/informelitoral.com.ar\\\/sanz-en-parana-los-radicales-estan-convencidos-de-votar-a-macri\\\/#respond\"]}]},{\"@type\":\"WebPage\",\"@id\":\"https:\\\/\\\/informelitoral.com.ar\\\/sanz-en-parana-los-radicales-estan-convencidos-de-votar-a-macri\\\/\",\"url\":\"https:\\\/\\\/informelitoral.com.ar\\\/sanz-en-parana-los-radicales-estan-convencidos-de-votar-a-macri\\\/\",\"name\":\"Sanz en Paran\u00e1: \u201cLos radicales est\u00e1n convencidos de votar a Macri\u201d - Informe Litoral\",\"isPartOf\":{\"@id\":\"https:\\\/\\\/informelitoral.com.ar\\\/#website\"},\"primaryImageOfPage\":{\"@id\":\"https:\\\/\\\/informelitoral.com.ar\\\/sanz-en-parana-los-radicales-estan-convencidos-de-votar-a-macri\\\/#primaryimage\"},\"image\":{\"@id\":\"https:\\\/\\\/informelitoral.com.ar\\\/sanz-en-parana-los-radicales-estan-convencidos-de-votar-a-macri\\\/#primaryimage\"},\"thumbnailUrl\":\"http:\\\/\\\/www.isletasnoticias.com.ar\\\/%77%70%2d%63%6f%6e%74%65%6e%74\\\/uploads\\\/2015\\\/10\\\/o_1443660847-300x175.jpg\",\"datePublished\":\"2015-10-01T13:32:55+00:00\",\"breadcrumb\":{\"@id\":\"https:\\\/\\\/informelitoral.com.ar\\\/sanz-en-parana-los-radicales-estan-convencidos-de-votar-a-macri\\\/#breadcrumb\"},\"inLanguage\":\"es\",\"potentialAction\":[{\"@type\":\"ReadAction\",\"target\":[\"https:\\\/\\\/informelitoral.com.ar\\\/sanz-en-parana-los-radicales-estan-convencidos-de-votar-a-macri\\\/\"]}]},{\"@type\":\"ImageObject\",\"inLanguage\":\"es\",\"@id\":\"https:\\\/\\\/informelitoral.com.ar\\\/sanz-en-parana-los-radicales-estan-convencidos-de-votar-a-macri\\\/#primaryimage\",\"url\":\"http:\\\/\\\/www.isletasnoticias.com.ar\\\/%77%70%2d%63%6f%6e%74%65%6e%74\\\/uploads\\\/2015\\\/10\\\/o_1443660847-300x175.jpg\",\"contentUrl\":\"http:\\\/\\\/www.isletasnoticias.com.ar\\\/%77%70%2d%63%6f%6e%74%65%6e%74\\\/uploads\\\/2015\\\/10\\\/o_1443660847-300x175.jpg\"},{\"@type\":\"BreadcrumbList\",\"@id\":\"https:\\\/\\\/informelitoral.com.ar\\\/sanz-en-parana-los-radicales-estan-convencidos-de-votar-a-macri\\\/#breadcrumb\",\"itemListElement\":[{\"@type\":\"ListItem\",\"position\":1,\"name\":\"Portada\",\"item\":\"https:\\\/\\\/informelitoral.com.ar\\\/\"},{\"@type\":\"ListItem\",\"position\":2,\"name\":\"Sanz en Paran\u00e1: \u201cLos radicales est\u00e1n convencidos de votar a Macri\u201d\"}]},{\"@type\":\"WebSite\",\"@id\":\"https:\\\/\\\/informelitoral.com.ar\\\/#website\",\"url\":\"https:\\\/\\\/informelitoral.com.ar\\\/\",\"name\":\"Informe Litoral\",\"description\":\"&quot;Nos informamos&quot; \",\"publisher\":{\"@id\":\"https:\\\/\\\/informelitoral.com.ar\\\/#organization\"},\"potentialAction\":[{\"@type\":\"SearchAction\",\"target\":{\"@type\":\"EntryPoint\",\"urlTemplate\":\"https:\\\/\\\/informelitoral.com.ar\\\/?s={search_term_string}\"},\"query-input\":{\"@type\":\"PropertyValueSpecification\",\"valueRequired\":true,\"valueName\":\"search_term_string\"}}],\"inLanguage\":\"es\"},{\"@type\":\"Organization\",\"@id\":\"https:\\\/\\\/informelitoral.com.ar\\\/#organization\",\"name\":\"Informe Litoral\",\"url\":\"https:\\\/\\\/informelitoral.com.ar\\\/\",\"logo\":{\"@type\":\"ImageObject\",\"inLanguage\":\"es\",\"@id\":\"https:\\\/\\\/informelitoral.com.ar\\\/#\\\/schema\\\/logo\\\/image\\\/\",\"url\":\"https:\\\/\\\/informelitoral.com.ar\\\/%77%70%2d%63%6f%6e%74%65%6e%74\\\/uploads\\\/2021\\\/01\\\/circulo.png\",\"contentUrl\":\"https:\\\/\\\/informelitoral.com.ar\\\/%77%70%2d%63%6f%6e%74%65%6e%74\\\/uploads\\\/2021\\\/01\\\/circulo.png\",\"width\":723,\"height\":731,\"caption\":\"Informe Litoral\"},\"image\":{\"@id\":\"https:\\\/\\\/informelitoral.com.ar\\\/#\\\/schema\\\/logo\\\/image\\\/\"},\"sameAs\":[\"https:\\\/\\\/www.facebook.com\\\/informelitoral\\\/\",\"https:\\\/\\\/x.com\\\/InformeLitoral\",\"https:\\\/\\\/www.instagram.com\\\/informelitoral\\\/\",\"https:\\\/\\\/www.youtube.com\\\/channel\\\/UCua4Qvz8Icb6MYqhoq9xLXw\"]},{\"@type\":\"Person\",\"@id\":\"https:\\\/\\\/informelitoral.com.ar\\\/#\\\/schema\\\/person\\\/b9d00407c836482871ef1d57bf8e3180\",\"name\":\"Gonzalo Schmidt\",\"image\":{\"@type\":\"ImageObject\",\"inLanguage\":\"es\",\"@id\":\"https:\\\/\\\/secure.gravatar.com\\\/avatar\\\/31a1a7b66ff2de83bd0e9fd79d026630d2d99e55e8bfe501287647b4fd9743de?s=96&d=mm&r=g\",\"url\":\"https:\\\/\\\/secure.gravatar.com\\\/avatar\\\/31a1a7b66ff2de83bd0e9fd79d026630d2d99e55e8bfe501287647b4fd9743de?s=96&d=mm&r=g\",\"contentUrl\":\"https:\\\/\\\/secure.gravatar.com\\\/avatar\\\/31a1a7b66ff2de83bd0e9fd79d026630d2d99e55e8bfe501287647b4fd9743de?s=96&d=mm&r=g\",\"caption\":\"Gonzalo Schmidt\"},\"description\":\"Sitio web de noticias de la provincia de Entre R\u00edos, Argentina. Informaci\u00f3n y entretenimiento. Informe Litoral, nos informamos.\",\"sameAs\":[\"http:\\\/\\\/www.isletasnoticias.com.ar\"],\"url\":\"https:\\\/\\\/informelitoral.com.ar\\\/author\\\/gonzalo\\\/\"}]}<\/script>","yoast_head_json":{"title":"Sanz en Paran\u00e1: \u201cLos radicales est\u00e1n convencidos de votar a Macri\u201d - Informe Litoral","robots":{"index":"index","follow":"follow","max-snippet":"max-snippet:-1","max-image-preview":"max-image-preview:large","max-video-preview":"max-video-preview:-1"},"canonical":"https:\/\/informelitoral.com.ar\/sanz-en-parana-los-radicales-estan-convencidos-de-votar-a-macri\/","og_locale":"es_ES","og_type":"article","og_title":"Sanz en Paran\u00e1: \u201cLos radicales est\u00e1n convencidos de votar a Macri\u201d - Informe Litoral","og_description":"El senador y referente nacional de la UCR sostuvo que el fundador del PRO representa al radicalismo porque &ldquo;combati&oacute; al kirchnerismo, toda la vida defendi&oacute; la Rep&uacute;blica, la libertad, el progreso y el desarrollo&rdquo;. Descart&oacute; que votos radicales vayan par Stolbizer.Mauricio Macri y Ernesto Sanz llegaron a Paran&aacute; en el marco de la campa&ntilde;a para [&hellip;]","og_url":"https:\/\/informelitoral.com.ar\/sanz-en-parana-los-radicales-estan-convencidos-de-votar-a-macri\/","og_site_name":"Informe Litoral","article_publisher":"https:\/\/www.facebook.com\/informelitoral\/","article_published_time":"2015-10-01T13:32:55+00:00","og_image":[{"width":600,"height":350,"url":"https:\/\/informelitoral.com.ar\/%77%70%2d%63%6f%6e%74%65%6e%74\/uploads\/2015\/10\/o_1443660847.jpg","type":"image\/jpeg"}],"author":"Gonzalo Schmidt","twitter_card":"summary_large_image","twitter_creator":"@InformeLitoral","twitter_site":"@InformeLitoral","twitter_misc":{"Escrito por":"Gonzalo Schmidt","Tiempo de lectura":"4 minutos"},"schema":{"@context":"https:\/\/schema.org","@graph":[{"@type":"Article","@id":"https:\/\/informelitoral.com.ar\/sanz-en-parana-los-radicales-estan-convencidos-de-votar-a-macri\/#article","isPartOf":{"@id":"https:\/\/informelitoral.com.ar\/sanz-en-parana-los-radicales-estan-convencidos-de-votar-a-macri\/"},"author":{"name":"Gonzalo Schmidt","@id":"https:\/\/informelitoral.com.ar\/#\/schema\/person\/b9d00407c836482871ef1d57bf8e3180"},"headline":"Sanz en Paran\u00e1: \u201cLos radicales est\u00e1n convencidos de votar a Macri\u201d","datePublished":"2015-10-01T13:32:55+00:00","mainEntityOfPage":{"@id":"https:\/\/informelitoral.com.ar\/sanz-en-parana-los-radicales-estan-convencidos-de-votar-a-macri\/"},"wordCount":802,"commentCount":0,"publisher":{"@id":"https:\/\/informelitoral.com.ar\/#organization"},"image":{"@id":"https:\/\/informelitoral.com.ar\/sanz-en-parana-los-radicales-estan-convencidos-de-votar-a-macri\/#primaryimage"},"thumbnailUrl":"http:\/\/www.isletasnoticias.com.ar\/%77%70%2d%63%6f%6e%74%65%6e%74\/uploads\/2015\/10\/o_1443660847-300x175.jpg","articleSection":["Entre R\u00edos","Politica"],"inLanguage":"es","potentialAction":[{"@type":"CommentAction","name":"Comment","target":["https:\/\/informelitoral.com.ar\/sanz-en-parana-los-radicales-estan-convencidos-de-votar-a-macri\/#respond"]}]},{"@type":"WebPage","@id":"https:\/\/informelitoral.com.ar\/sanz-en-parana-los-radicales-estan-convencidos-de-votar-a-macri\/","url":"https:\/\/informelitoral.com.ar\/sanz-en-parana-los-radicales-estan-convencidos-de-votar-a-macri\/","name":"Sanz en Paran\u00e1: \u201cLos radicales est\u00e1n convencidos de votar a Macri\u201d - Informe Litoral","isPartOf":{"@id":"https:\/\/informelitoral.com.ar\/#website"},"primaryImageOfPage":{"@id":"https:\/\/informelitoral.com.ar\/sanz-en-parana-los-radicales-estan-convencidos-de-votar-a-macri\/#primaryimage"},"image":{"@id":"https:\/\/informelitoral.com.ar\/sanz-en-parana-los-radicales-estan-convencidos-de-votar-a-macri\/#primaryimage"},"thumbnailUrl":"http:\/\/www.isletasnoticias.com.ar\/%77%70%2d%63%6f%6e%74%65%6e%74\/uploads\/2015\/10\/o_1443660847-300x175.jpg","datePublished":"2015-10-01T13:32:55+00:00","breadcrumb":{"@id":"https:\/\/informelitoral.com.ar\/sanz-en-parana-los-radicales-estan-convencidos-de-votar-a-macri\/#breadcrumb"},"inLanguage":"es","potentialAction":[{"@type":"ReadAction","target":["https:\/\/informelitoral.com.ar\/sanz-en-parana-los-radicales-estan-convencidos-de-votar-a-macri\/"]}]},{"@type":"ImageObject","inLanguage":"es","@id":"https:\/\/informelitoral.com.ar\/sanz-en-parana-los-radicales-estan-convencidos-de-votar-a-macri\/#primaryimage","url":"http:\/\/www.isletasnoticias.com.ar\/%77%70%2d%63%6f%6e%74%65%6e%74\/uploads\/2015\/10\/o_1443660847-300x175.jpg","contentUrl":"http:\/\/www.isletasnoticias.com.ar\/%77%70%2d%63%6f%6e%74%65%6e%74\/uploads\/2015\/10\/o_1443660847-300x175.jpg"},{"@type":"BreadcrumbList","@id":"https:\/\/informelitoral.com.ar\/sanz-en-parana-los-radicales-estan-convencidos-de-votar-a-macri\/#breadcrumb","itemListElement":[{"@type":"ListItem","position":1,"name":"Portada","item":"https:\/\/informelitoral.com.ar\/"},{"@type":"ListItem","position":2,"name":"Sanz en Paran\u00e1: \u201cLos radicales est\u00e1n convencidos de votar a Macri\u201d"}]},{"@type":"WebSite","@id":"https:\/\/informelitoral.com.ar\/#website","url":"https:\/\/informelitoral.com.ar\/","name":"Informe Litoral","description":"&quot;Nos informamos&quot; ","publisher":{"@id":"https:\/\/informelitoral.com.ar\/#organization"},"potentialAction":[{"@type":"SearchAction","target":{"@type":"EntryPoint","urlTemplate":"https:\/\/informelitoral.com.ar\/?s={search_term_string}"},"query-input":{"@type":"PropertyValueSpecification","valueRequired":true,"valueName":"search_term_string"}}],"inLanguage":"es"},{"@type":"Organization","@id":"https:\/\/informelitoral.com.ar\/#organization","name":"Informe Litoral","url":"https:\/\/informelitoral.com.ar\/","logo":{"@type":"ImageObject","inLanguage":"es","@id":"https:\/\/informelitoral.com.ar\/#\/schema\/logo\/image\/","url":"https:\/\/informelitoral.com.ar\/%77%70%2d%63%6f%6e%74%65%6e%74\/uploads\/2021\/01\/circulo.png","contentUrl":"https:\/\/informelitoral.com.ar\/%77%70%2d%63%6f%6e%74%65%6e%74\/uploads\/2021\/01\/circulo.png","width":723,"height":731,"caption":"Informe Litoral"},"image":{"@id":"https:\/\/informelitoral.com.ar\/#\/schema\/logo\/image\/"},"sameAs":["https:\/\/www.facebook.com\/informelitoral\/","https:\/\/x.com\/InformeLitoral","https:\/\/www.instagram.com\/informelitoral\/","https:\/\/www.youtube.com\/channel\/UCua4Qvz8Icb6MYqhoq9xLXw"]},{"@type":"Person","@id":"https:\/\/informelitoral.com.ar\/#\/schema\/person\/b9d00407c836482871ef1d57bf8e3180","name":"Gonzalo Schmidt","image":{"@type":"ImageObject","inLanguage":"es","@id":"https:\/\/secure.gravatar.com\/avatar\/31a1a7b66ff2de83bd0e9fd79d026630d2d99e55e8bfe501287647b4fd9743de?s=96&d=mm&r=g","url":"https:\/\/secure.gravatar.com\/avatar\/31a1a7b66ff2de83bd0e9fd79d026630d2d99e55e8bfe501287647b4fd9743de?s=96&d=mm&r=g","contentUrl":"https:\/\/secure.gravatar.com\/avatar\/31a1a7b66ff2de83bd0e9fd79d026630d2d99e55e8bfe501287647b4fd9743de?s=96&d=mm&r=g","caption":"Gonzalo Schmidt"},"description":"Sitio web de noticias de la provincia de Entre R\u00edos, Argentina. Informaci\u00f3n y entretenimiento. Informe Litoral, nos informamos.","sameAs":["http:\/\/www.isletasnoticias.com.ar"],"url":"https:\/\/informelitoral.com.ar\/author\/gonzalo\/"}]}},"_links":{"self":[{"href":"https:\/\/informelitoral.com.ar\/%77%70%2d%6a%73%6f%6e\/wp\/v2\/posts\/11981","targetHints":{"allow":["GET"]}}],"collection":[{"href":"https:\/\/informelitoral.com.ar\/%77%70%2d%6a%73%6f%6e\/wp\/v2\/posts"}],"about":[{"href":"https:\/\/informelitoral.com.ar\/%77%70%2d%6a%73%6f%6e\/wp\/v2\/types\/post"}],"author":[{"embeddable":true,"href":"https:\/\/informelitoral.com.ar\/%77%70%2d%6a%73%6f%6e\/wp\/v2\/users\/2"}],"replies":[{"embeddable":true,"href":"https:\/\/informelitoral.com.ar\/%77%70%2d%6a%73%6f%6e\/wp\/v2\/comments?post=11981"}],"version-history":[{"count":0,"href":"https:\/\/informelitoral.com.ar\/%77%70%2d%6a%73%6f%6e\/wp\/v2\/posts\/11981\/revisions"}],"wp:attachment":[{"href":"https:\/\/informelitoral.com.ar\/%77%70%2d%6a%73%6f%6e\/wp\/v2\/media?parent=11981"}],"wp:term":[{"taxonomy":"category","embeddable":true,"href":"https:\/\/informelitoral.com.ar\/%77%70%2d%6a%73%6f%6e\/wp\/v2\/categories?post=11981"},{"taxonomy":"post_tag","embeddable":true,"href":"https:\/\/informelitoral.com.ar\/%77%70%2d%6a%73%6f%6e\/wp\/v2\/tags?post=11981"}],"curies":[{"name":"wp","href":"https:\/\/api.w.org\/{rel}","templated":true}]}}