{"id":11976,"date":"2015-10-01T10:19:17","date_gmt":"2015-10-01T13:19:17","guid":{"rendered":"http:\/\/www.isletasnoticias.com.ar\/?p=11976"},"modified":"2015-10-01T10:29:24","modified_gmt":"2015-10-01T13:29:24","slug":"11976","status":"publish","type":"post","link":"https:\/\/informelitoral.com.ar\/11976\/","title":{"rendered":"En Ram\u00edrez, Bordet y Bahl ratificaron que impulsar\u00e1n la foresto-industria"},"content":{"rendered":"<p><strong>\u00abQueremos que nuestro eucaliptus no vaya cortado con el tronco en rollizos, queremos que no salga para hacer pasta de celulosa que sean contaminantes de nuestros r\u00edos, sino que vayan para viviendas de madera, que generen valor y den oportunidad de procesos de inclusi\u00f3n social\u201d, dijo este mi\u00e9rcoles en General Ramirez el candidato a gobernador <em>Gustavo Borde<\/em>t, al recorrer junto a su compa\u00f1ero de f\u00f3rmula,<em> Ad\u00e1n Bahl<\/em> una f\u00e1brica de viviendas alternativas. Tambi\u00e9n inauguraron una\u00a0<span style=\"line-height: 1.55;\">sala de Pediatr\u00eda del Hospital Nuestra Se\u00f1ora de Luj\u00e1n.<a href=\"http:\/\/www.isletasnoticias.com.ar\/%77%70%2d%63%6f%6e%74%65%6e%74\/uploads\/2015\/10\/12046701_900477553377316_3336266673782129704_n.jpg\"><img loading=\"lazy\" decoding=\"async\" class=\"aligncenter wp-image-11977 size-medium\" src=\"http:\/\/www.isletasnoticias.com.ar\/%77%70%2d%63%6f%6e%74%65%6e%74\/uploads\/2015\/10\/12046701_900477553377316_3336266673782129704_n-300x199.jpg\" alt=\"12046701_900477553377316_3336266673782129704_n\" width=\"300\" height=\"199\" srcset=\"https:\/\/informelitoral.com.ar\/%77%70%2d%63%6f%6e%74%65%6e%74\/uploads\/2015\/10\/12046701_900477553377316_3336266673782129704_n-300x199.jpg 300w, https:\/\/informelitoral.com.ar\/%77%70%2d%63%6f%6e%74%65%6e%74\/uploads\/2015\/10\/12046701_900477553377316_3336266673782129704_n.jpg 960w\" sizes=\"auto, (max-width: 300px) 100vw, 300px\" \/><\/a><\/span><\/strong>\u201cVamos a generar desde Entre R\u00edos un gran polo que produzca viviendas de madera. Hoy hay m\u00e1s de 20 industrias en Entre R\u00edos que fabrican viviendas de madera. Tiene que haber mucho m\u00e1s, tiene que aumentarse la escala y el volumen de producci\u00f3n. Tenemos que lograr un gran cluster que agregue ese valor y que se pueda plantar mucho m\u00e1s para genera a su vez un pulm\u00f3n verde en Entre R\u00edos\u00bb, afirm\u00f3 el intendente de Concordia.<\/p>\n<p>Dimarbo se encarga de desarrollar viviendas con sistemas de construcci\u00f3n en seco permitiendo reunir las ventajas de robustez y durabilidad de la edificaci\u00f3n tradicional. \u00abTenemos que agregar valor a la producci\u00f3n local y poder tener en Entre R\u00edos sistemas alternativos a los constructivos tradicionales, es una gran oportunidad\u00bb, se\u00f1al\u00f3 Bordet.<\/p>\n<p>Indic\u00f3 que por ese motivo recorri\u00f3 las instalaciones de Dimarbo que \u00abes una empresa que se caracteriza por este tipo de construcciones que es el futuro, lo que viene. Son construcciones \u00e1giles, que en muy poco tiempo pueden lograr su terminaci\u00f3n y que adem\u00e1s tienen menor costo\u00bb.<\/p>\n<p>En este sentido, afirm\u00f3 que este tipo de vivienda \u00abconserva una alta calidad en cuanto a los sistemas en s\u00ed mismo de materiales que permiten una aislaci\u00f3n del fr\u00edo en invierno y del calor en verano\u00bb.<\/p>\n<p>El candidato enfatiz\u00f3 que en los pr\u00f3ximos cuatro a\u00f1os van a replicar la construcci\u00f3n de viviendas de madera en todo el territorio entrerriano. \u00abSe trata de ir innovando con los adelantos en ciencia y tecnolog\u00eda. Uno viene a una planta como \u00e9sta en Ram\u00edrez y puede ver que las aplicaciones, las normas de seguridad e higiene son \u00f3ptimas, de las mejores\u00bb, dijo.<\/p>\n<p>\u00abEsto habla de la seriedad de la empresa y la responsabilidad social empresaria que implica el cuidado del ambiente\u00bb agreg\u00f3 y resalt\u00f3 que \u00abes lo que viene para el futuro y que en Entre R\u00edos se puedan generar estos sistemas alternativos de construcciones es una ventaja importante porque no s\u00f3lo radica llevar las viviendas al territorio de la provincia, sino tambi\u00e9n a otros lugares del pa\u00eds\u00bb.<\/p>\n<p>Luego de la misi\u00f3n t\u00e9cnica a Canad\u00e1 con empresarios del sector foresto-industrial donde \u201cestuvimos viendo y cotejando qu\u00e9 es lo que se utilizan en pa\u00edses hace m\u00e1s de 100 a\u00f1os atr\u00e1s\u00bb se\u00f1al\u00f3 Bordet y valor\u00f3 que \u00abno estamos nada lejos ni errados por el camino que transitamos\u00bb.<\/p>\n<p><strong>Apostando al desarrollo y la competitividad<\/strong><\/p>\n<p>Por su parte, el candidato a vicegobernador <strong>Ad\u00e1n Bahl<\/strong> manifest\u00f3: \u201cSiempre es un placer venir a visitar la localidad de Ram\u00edrez, en esta oportunidad vinimos a recorrer la empresa Dimarbo, dedicada a la construcci\u00f3n de viviendas. Estamos hoy junto con Gustavo, quien justamente hace unos meses atr\u00e1s particip\u00f3 de una misi\u00f3n comercial organizada en Canad\u00e1, para interiorizarse sobre un sistema de producci\u00f3n aplicada a la construcci\u00f3n de viviendas\u201d.<\/p>\n<p>\u201cEn este caso particular, la tecnolog\u00eda que estos empresarios aplican, no tiene nada que envidiar a otros sistemas, ya que el que ellos utilizan, la construcci\u00f3n en seco, no solo es confiable sino es de muy bajo costo comparado con los tradicionales. Sobre todo porque este tipo de viviendas, son las \u00fanicas de este tipo apta para cr\u00e9ditos como el Procrear\u201d, sostuvo Bahl.<\/p>\n<p>En ese contexto remarc\u00f3 el compromiso asumido como candidatos del Frente para la Victoria para continuar con el desarrollo productivo en la provincia: \u201cEstamos convencidos de que la manera de lograr competitividad es apostar a la tecnolog\u00eda y a profundizar el v\u00ednculo entre el mundo del trabajo y de la educaci\u00f3n. Nuestro compromiso es potenciar los sectores claves y la creaci\u00f3n de valor agregado, que no solo genera m\u00e1s empleo sino que adem\u00e1s significa mejores productos tanto para nuestra sociedad como para comerciar con el resto del mundo\u201d, expres\u00f3.<\/p>\n<p>\u201cDesarrollo significa empleo, mejor calidad de vida y sobre todo, es la construcci\u00f3n de una sociedad m\u00e1s igualitaria, con trabajo digno, con educaci\u00f3n y salud. Este proyecto necesita una nueva relaci\u00f3n de lo p\u00fablico y lo privado, que avance de la mano y est\u00e9 a la altura de los desaf\u00edos\u201d, remarc\u00f3 el candidato a vicegobernador.<\/p>\n<p><strong>Recorrida<\/strong><\/p>\n<p>M\u00e1s adelante, los candidatos participaron de la inauguraci\u00f3n de la nueva sala de Pediatr\u00eda del hospital Nuestra Se\u00f1ora de Luj\u00e1n. Tambi\u00e9n recorrieron las instalaciones del frigor\u00edfico La Esperanza, d\u00f3nde se faena ganado vacuno y pr\u00f3ximamente se incorporar\u00e1 el porcino.<\/p>\n<p>De la jornada participaron el intendente <strong>Edelmiro Kr\u00e4mer<\/strong>; el senador <strong>Daniel Kr\u00e4mer<\/strong> y el diputado <strong>Juan Carlos Darrich\u00f3n<\/strong>, entre otras autoridades, quienes estuvieron presentes en la conferencia de prensa realizada en el Partido Justicialista. <em>(APFDigital)<\/em><\/p>\n","protected":false},"excerpt":{"rendered":"<p>&laquo;Queremos que nuestro eucaliptus no vaya cortado con el tronco en rollizos, queremos que no salga para hacer pasta de celulosa que sean contaminantes de nuestros r&iacute;os, sino que vayan para viviendas de madera, que generen valor y den oportunidad de procesos de inclusi&oacute;n social&rdquo;, dijo este mi&eacute;rcoles en General Ramirez el candidato a gobernador [&hellip;]<\/p>\n","protected":false},"author":2,"featured_media":0,"comment_status":"open","ping_status":"open","sticky":false,"template":"","format":"standard","meta":{"fifu_image_url":"","fifu_image_alt":"","footnotes":""},"categories":[5,6,16],"tags":[],"class_list":{"0":"post-11976","1":"post","2":"type-post","3":"status-publish","4":"format-standard","6":"category-zonales","7":"category-entre-rios","8":"category-politi"},"yoast_head":"<title>En Ram\u00edrez, Bordet y Bahl ratificaron que impulsar\u00e1n la foresto-industria - Informe Litoral<\/title>\n<meta name=\"robots\" content=\"index, follow, max-snippet:-1, max-image-preview:large, max-video-preview:-1\" \/>\n<link rel=\"canonical\" href=\"https:\/\/informelitoral.com.ar\/11976\/\" \/>\n<meta property=\"og:locale\" content=\"es_ES\" \/>\n<meta property=\"og:type\" content=\"article\" \/>\n<meta property=\"og:title\" content=\"En Ram\u00edrez, Bordet y Bahl ratificaron que impulsar\u00e1n la foresto-industria - Informe Litoral\" \/>\n<meta property=\"og:description\" content=\"&laquo;Queremos que nuestro eucaliptus no vaya cortado con el tronco en rollizos, queremos que no salga para hacer pasta de celulosa que sean contaminantes de nuestros r&iacute;os, sino que vayan para viviendas de madera, que generen valor y den oportunidad de procesos de inclusi&oacute;n social&rdquo;, dijo este mi&eacute;rcoles en General Ramirez el candidato a gobernador [&hellip;]\" \/>\n<meta property=\"og:url\" content=\"https:\/\/informelitoral.com.ar\/11976\/\" \/>\n<meta property=\"og:site_name\" content=\"Informe Litoral\" \/>\n<meta property=\"article:publisher\" content=\"https:\/\/www.facebook.com\/informelitoral\/\" \/>\n<meta property=\"article:published_time\" content=\"2015-10-01T13:19:17+00:00\" \/>\n<meta property=\"article:modified_time\" content=\"2015-10-01T13:29:24+00:00\" \/>\n<meta property=\"og:image\" content=\"https:\/\/informelitoral.com.ar\/%77%70%2d%63%6f%6e%74%65%6e%74\/uploads\/2015\/10\/12046701_900477553377316_3336266673782129704_n.jpg\" \/>\n\t<meta property=\"og:image:width\" content=\"960\" \/>\n\t<meta property=\"og:image:height\" content=\"638\" \/>\n\t<meta property=\"og:image:type\" content=\"image\/jpeg\" \/>\n<meta name=\"author\" content=\"Gonzalo Schmidt\" \/>\n<meta name=\"twitter:card\" content=\"summary_large_image\" \/>\n<meta name=\"twitter:creator\" content=\"@InformeLitoral\" \/>\n<meta name=\"twitter:site\" content=\"@InformeLitoral\" \/>\n<meta name=\"twitter:label1\" content=\"Escrito por\" \/>\n\t<meta name=\"twitter:data1\" content=\"Gonzalo Schmidt\" \/>\n\t<meta name=\"twitter:label2\" content=\"Tiempo de lectura\" \/>\n\t<meta name=\"twitter:data2\" content=\"5 minutos\" \/>\n<script type=\"application\/ld+json\" class=\"yoast-schema-graph\">{\"@context\":\"https:\\\/\\\/schema.org\",\"@graph\":[{\"@type\":\"Article\",\"@id\":\"https:\\\/\\\/informelitoral.com.ar\\\/11976\\\/#article\",\"isPartOf\":{\"@id\":\"https:\\\/\\\/informelitoral.com.ar\\\/11976\\\/\"},\"author\":{\"name\":\"Gonzalo Schmidt\",\"@id\":\"https:\\\/\\\/informelitoral.com.ar\\\/#\\\/schema\\\/person\\\/b9d00407c836482871ef1d57bf8e3180\"},\"headline\":\"En Ram\u00edrez, Bordet y Bahl ratificaron que impulsar\u00e1n la foresto-industria\",\"datePublished\":\"2015-10-01T13:19:17+00:00\",\"dateModified\":\"2015-10-01T13:29:24+00:00\",\"mainEntityOfPage\":{\"@id\":\"https:\\\/\\\/informelitoral.com.ar\\\/11976\\\/\"},\"wordCount\":912,\"commentCount\":0,\"publisher\":{\"@id\":\"https:\\\/\\\/informelitoral.com.ar\\\/#organization\"},\"image\":{\"@id\":\"https:\\\/\\\/informelitoral.com.ar\\\/11976\\\/#primaryimage\"},\"thumbnailUrl\":\"http:\\\/\\\/www.isletasnoticias.com.ar\\\/%77%70%2d%63%6f%6e%74%65%6e%74\\\/uploads\\\/2015\\\/10\\\/12046701_900477553377316_3336266673782129704_n-300x199.jpg\",\"articleSection\":[\"Departamento Diamante\",\"Entre R\u00edos\",\"Politica\"],\"inLanguage\":\"es\",\"potentialAction\":[{\"@type\":\"CommentAction\",\"name\":\"Comment\",\"target\":[\"https:\\\/\\\/informelitoral.com.ar\\\/11976\\\/#respond\"]}]},{\"@type\":\"WebPage\",\"@id\":\"https:\\\/\\\/informelitoral.com.ar\\\/11976\\\/\",\"url\":\"https:\\\/\\\/informelitoral.com.ar\\\/11976\\\/\",\"name\":\"En Ram\u00edrez, Bordet y Bahl ratificaron que impulsar\u00e1n la foresto-industria - Informe Litoral\",\"isPartOf\":{\"@id\":\"https:\\\/\\\/informelitoral.com.ar\\\/#website\"},\"primaryImageOfPage\":{\"@id\":\"https:\\\/\\\/informelitoral.com.ar\\\/11976\\\/#primaryimage\"},\"image\":{\"@id\":\"https:\\\/\\\/informelitoral.com.ar\\\/11976\\\/#primaryimage\"},\"thumbnailUrl\":\"http:\\\/\\\/www.isletasnoticias.com.ar\\\/%77%70%2d%63%6f%6e%74%65%6e%74\\\/uploads\\\/2015\\\/10\\\/12046701_900477553377316_3336266673782129704_n-300x199.jpg\",\"datePublished\":\"2015-10-01T13:19:17+00:00\",\"dateModified\":\"2015-10-01T13:29:24+00:00\",\"breadcrumb\":{\"@id\":\"https:\\\/\\\/informelitoral.com.ar\\\/11976\\\/#breadcrumb\"},\"inLanguage\":\"es\",\"potentialAction\":[{\"@type\":\"ReadAction\",\"target\":[\"https:\\\/\\\/informelitoral.com.ar\\\/11976\\\/\"]}]},{\"@type\":\"ImageObject\",\"inLanguage\":\"es\",\"@id\":\"https:\\\/\\\/informelitoral.com.ar\\\/11976\\\/#primaryimage\",\"url\":\"http:\\\/\\\/www.isletasnoticias.com.ar\\\/%77%70%2d%63%6f%6e%74%65%6e%74\\\/uploads\\\/2015\\\/10\\\/12046701_900477553377316_3336266673782129704_n-300x199.jpg\",\"contentUrl\":\"http:\\\/\\\/www.isletasnoticias.com.ar\\\/%77%70%2d%63%6f%6e%74%65%6e%74\\\/uploads\\\/2015\\\/10\\\/12046701_900477553377316_3336266673782129704_n-300x199.jpg\"},{\"@type\":\"BreadcrumbList\",\"@id\":\"https:\\\/\\\/informelitoral.com.ar\\\/11976\\\/#breadcrumb\",\"itemListElement\":[{\"@type\":\"ListItem\",\"position\":1,\"name\":\"Portada\",\"item\":\"https:\\\/\\\/informelitoral.com.ar\\\/\"},{\"@type\":\"ListItem\",\"position\":2,\"name\":\"En Ram\u00edrez, Bordet y Bahl ratificaron que impulsar\u00e1n la foresto-industria\"}]},{\"@type\":\"WebSite\",\"@id\":\"https:\\\/\\\/informelitoral.com.ar\\\/#website\",\"url\":\"https:\\\/\\\/informelitoral.com.ar\\\/\",\"name\":\"Informe Litoral\",\"description\":\"&quot;Nos informamos&quot; \",\"publisher\":{\"@id\":\"https:\\\/\\\/informelitoral.com.ar\\\/#organization\"},\"potentialAction\":[{\"@type\":\"SearchAction\",\"target\":{\"@type\":\"EntryPoint\",\"urlTemplate\":\"https:\\\/\\\/informelitoral.com.ar\\\/?s={search_term_string}\"},\"query-input\":{\"@type\":\"PropertyValueSpecification\",\"valueRequired\":true,\"valueName\":\"search_term_string\"}}],\"inLanguage\":\"es\"},{\"@type\":\"Organization\",\"@id\":\"https:\\\/\\\/informelitoral.com.ar\\\/#organization\",\"name\":\"Informe Litoral\",\"url\":\"https:\\\/\\\/informelitoral.com.ar\\\/\",\"logo\":{\"@type\":\"ImageObject\",\"inLanguage\":\"es\",\"@id\":\"https:\\\/\\\/informelitoral.com.ar\\\/#\\\/schema\\\/logo\\\/image\\\/\",\"url\":\"https:\\\/\\\/informelitoral.com.ar\\\/%77%70%2d%63%6f%6e%74%65%6e%74\\\/uploads\\\/2021\\\/01\\\/circulo.png\",\"contentUrl\":\"https:\\\/\\\/informelitoral.com.ar\\\/%77%70%2d%63%6f%6e%74%65%6e%74\\\/uploads\\\/2021\\\/01\\\/circulo.png\",\"width\":723,\"height\":731,\"caption\":\"Informe Litoral\"},\"image\":{\"@id\":\"https:\\\/\\\/informelitoral.com.ar\\\/#\\\/schema\\\/logo\\\/image\\\/\"},\"sameAs\":[\"https:\\\/\\\/www.facebook.com\\\/informelitoral\\\/\",\"https:\\\/\\\/x.com\\\/InformeLitoral\",\"https:\\\/\\\/www.instagram.com\\\/informelitoral\\\/\",\"https:\\\/\\\/www.youtube.com\\\/channel\\\/UCua4Qvz8Icb6MYqhoq9xLXw\"]},{\"@type\":\"Person\",\"@id\":\"https:\\\/\\\/informelitoral.com.ar\\\/#\\\/schema\\\/person\\\/b9d00407c836482871ef1d57bf8e3180\",\"name\":\"Gonzalo Schmidt\",\"image\":{\"@type\":\"ImageObject\",\"inLanguage\":\"es\",\"@id\":\"https:\\\/\\\/secure.gravatar.com\\\/avatar\\\/31a1a7b66ff2de83bd0e9fd79d026630d2d99e55e8bfe501287647b4fd9743de?s=96&d=mm&r=g\",\"url\":\"https:\\\/\\\/secure.gravatar.com\\\/avatar\\\/31a1a7b66ff2de83bd0e9fd79d026630d2d99e55e8bfe501287647b4fd9743de?s=96&d=mm&r=g\",\"contentUrl\":\"https:\\\/\\\/secure.gravatar.com\\\/avatar\\\/31a1a7b66ff2de83bd0e9fd79d026630d2d99e55e8bfe501287647b4fd9743de?s=96&d=mm&r=g\",\"caption\":\"Gonzalo Schmidt\"},\"description\":\"Sitio web de noticias de la provincia de Entre R\u00edos, Argentina. Informaci\u00f3n y entretenimiento. Informe Litoral, nos informamos.\",\"sameAs\":[\"http:\\\/\\\/www.isletasnoticias.com.ar\"],\"url\":\"https:\\\/\\\/informelitoral.com.ar\\\/author\\\/gonzalo\\\/\"}]}<\/script>","yoast_head_json":{"title":"En Ram\u00edrez, Bordet y Bahl ratificaron que impulsar\u00e1n la foresto-industria - Informe Litoral","robots":{"index":"index","follow":"follow","max-snippet":"max-snippet:-1","max-image-preview":"max-image-preview:large","max-video-preview":"max-video-preview:-1"},"canonical":"https:\/\/informelitoral.com.ar\/11976\/","og_locale":"es_ES","og_type":"article","og_title":"En Ram\u00edrez, Bordet y Bahl ratificaron que impulsar\u00e1n la foresto-industria - Informe Litoral","og_description":"&laquo;Queremos que nuestro eucaliptus no vaya cortado con el tronco en rollizos, queremos que no salga para hacer pasta de celulosa que sean contaminantes de nuestros r&iacute;os, sino que vayan para viviendas de madera, que generen valor y den oportunidad de procesos de inclusi&oacute;n social&rdquo;, dijo este mi&eacute;rcoles en General Ramirez el candidato a gobernador [&hellip;]","og_url":"https:\/\/informelitoral.com.ar\/11976\/","og_site_name":"Informe Litoral","article_publisher":"https:\/\/www.facebook.com\/informelitoral\/","article_published_time":"2015-10-01T13:19:17+00:00","article_modified_time":"2015-10-01T13:29:24+00:00","og_image":[{"width":960,"height":638,"url":"https:\/\/informelitoral.com.ar\/%77%70%2d%63%6f%6e%74%65%6e%74\/uploads\/2015\/10\/12046701_900477553377316_3336266673782129704_n.jpg","type":"image\/jpeg"}],"author":"Gonzalo Schmidt","twitter_card":"summary_large_image","twitter_creator":"@InformeLitoral","twitter_site":"@InformeLitoral","twitter_misc":{"Escrito por":"Gonzalo Schmidt","Tiempo de lectura":"5 minutos"},"schema":{"@context":"https:\/\/schema.org","@graph":[{"@type":"Article","@id":"https:\/\/informelitoral.com.ar\/11976\/#article","isPartOf":{"@id":"https:\/\/informelitoral.com.ar\/11976\/"},"author":{"name":"Gonzalo Schmidt","@id":"https:\/\/informelitoral.com.ar\/#\/schema\/person\/b9d00407c836482871ef1d57bf8e3180"},"headline":"En Ram\u00edrez, Bordet y Bahl ratificaron que impulsar\u00e1n la foresto-industria","datePublished":"2015-10-01T13:19:17+00:00","dateModified":"2015-10-01T13:29:24+00:00","mainEntityOfPage":{"@id":"https:\/\/informelitoral.com.ar\/11976\/"},"wordCount":912,"commentCount":0,"publisher":{"@id":"https:\/\/informelitoral.com.ar\/#organization"},"image":{"@id":"https:\/\/informelitoral.com.ar\/11976\/#primaryimage"},"thumbnailUrl":"http:\/\/www.isletasnoticias.com.ar\/%77%70%2d%63%6f%6e%74%65%6e%74\/uploads\/2015\/10\/12046701_900477553377316_3336266673782129704_n-300x199.jpg","articleSection":["Departamento Diamante","Entre R\u00edos","Politica"],"inLanguage":"es","potentialAction":[{"@type":"CommentAction","name":"Comment","target":["https:\/\/informelitoral.com.ar\/11976\/#respond"]}]},{"@type":"WebPage","@id":"https:\/\/informelitoral.com.ar\/11976\/","url":"https:\/\/informelitoral.com.ar\/11976\/","name":"En Ram\u00edrez, Bordet y Bahl ratificaron que impulsar\u00e1n la foresto-industria - Informe Litoral","isPartOf":{"@id":"https:\/\/informelitoral.com.ar\/#website"},"primaryImageOfPage":{"@id":"https:\/\/informelitoral.com.ar\/11976\/#primaryimage"},"image":{"@id":"https:\/\/informelitoral.com.ar\/11976\/#primaryimage"},"thumbnailUrl":"http:\/\/www.isletasnoticias.com.ar\/%77%70%2d%63%6f%6e%74%65%6e%74\/uploads\/2015\/10\/12046701_900477553377316_3336266673782129704_n-300x199.jpg","datePublished":"2015-10-01T13:19:17+00:00","dateModified":"2015-10-01T13:29:24+00:00","breadcrumb":{"@id":"https:\/\/informelitoral.com.ar\/11976\/#breadcrumb"},"inLanguage":"es","potentialAction":[{"@type":"ReadAction","target":["https:\/\/informelitoral.com.ar\/11976\/"]}]},{"@type":"ImageObject","inLanguage":"es","@id":"https:\/\/informelitoral.com.ar\/11976\/#primaryimage","url":"http:\/\/www.isletasnoticias.com.ar\/%77%70%2d%63%6f%6e%74%65%6e%74\/uploads\/2015\/10\/12046701_900477553377316_3336266673782129704_n-300x199.jpg","contentUrl":"http:\/\/www.isletasnoticias.com.ar\/%77%70%2d%63%6f%6e%74%65%6e%74\/uploads\/2015\/10\/12046701_900477553377316_3336266673782129704_n-300x199.jpg"},{"@type":"BreadcrumbList","@id":"https:\/\/informelitoral.com.ar\/11976\/#breadcrumb","itemListElement":[{"@type":"ListItem","position":1,"name":"Portada","item":"https:\/\/informelitoral.com.ar\/"},{"@type":"ListItem","position":2,"name":"En Ram\u00edrez, Bordet y Bahl ratificaron que impulsar\u00e1n la foresto-industria"}]},{"@type":"WebSite","@id":"https:\/\/informelitoral.com.ar\/#website","url":"https:\/\/informelitoral.com.ar\/","name":"Informe Litoral","description":"&quot;Nos informamos&quot; ","publisher":{"@id":"https:\/\/informelitoral.com.ar\/#organization"},"potentialAction":[{"@type":"SearchAction","target":{"@type":"EntryPoint","urlTemplate":"https:\/\/informelitoral.com.ar\/?s={search_term_string}"},"query-input":{"@type":"PropertyValueSpecification","valueRequired":true,"valueName":"search_term_string"}}],"inLanguage":"es"},{"@type":"Organization","@id":"https:\/\/informelitoral.com.ar\/#organization","name":"Informe Litoral","url":"https:\/\/informelitoral.com.ar\/","logo":{"@type":"ImageObject","inLanguage":"es","@id":"https:\/\/informelitoral.com.ar\/#\/schema\/logo\/image\/","url":"https:\/\/informelitoral.com.ar\/%77%70%2d%63%6f%6e%74%65%6e%74\/uploads\/2021\/01\/circulo.png","contentUrl":"https:\/\/informelitoral.com.ar\/%77%70%2d%63%6f%6e%74%65%6e%74\/uploads\/2021\/01\/circulo.png","width":723,"height":731,"caption":"Informe Litoral"},"image":{"@id":"https:\/\/informelitoral.com.ar\/#\/schema\/logo\/image\/"},"sameAs":["https:\/\/www.facebook.com\/informelitoral\/","https:\/\/x.com\/InformeLitoral","https:\/\/www.instagram.com\/informelitoral\/","https:\/\/www.youtube.com\/channel\/UCua4Qvz8Icb6MYqhoq9xLXw"]},{"@type":"Person","@id":"https:\/\/informelitoral.com.ar\/#\/schema\/person\/b9d00407c836482871ef1d57bf8e3180","name":"Gonzalo Schmidt","image":{"@type":"ImageObject","inLanguage":"es","@id":"https:\/\/secure.gravatar.com\/avatar\/31a1a7b66ff2de83bd0e9fd79d026630d2d99e55e8bfe501287647b4fd9743de?s=96&d=mm&r=g","url":"https:\/\/secure.gravatar.com\/avatar\/31a1a7b66ff2de83bd0e9fd79d026630d2d99e55e8bfe501287647b4fd9743de?s=96&d=mm&r=g","contentUrl":"https:\/\/secure.gravatar.com\/avatar\/31a1a7b66ff2de83bd0e9fd79d026630d2d99e55e8bfe501287647b4fd9743de?s=96&d=mm&r=g","caption":"Gonzalo Schmidt"},"description":"Sitio web de noticias de la provincia de Entre R\u00edos, Argentina. Informaci\u00f3n y entretenimiento. Informe Litoral, nos informamos.","sameAs":["http:\/\/www.isletasnoticias.com.ar"],"url":"https:\/\/informelitoral.com.ar\/author\/gonzalo\/"}]}},"_links":{"self":[{"href":"https:\/\/informelitoral.com.ar\/%77%70%2d%6a%73%6f%6e\/wp\/v2\/posts\/11976","targetHints":{"allow":["GET"]}}],"collection":[{"href":"https:\/\/informelitoral.com.ar\/%77%70%2d%6a%73%6f%6e\/wp\/v2\/posts"}],"about":[{"href":"https:\/\/informelitoral.com.ar\/%77%70%2d%6a%73%6f%6e\/wp\/v2\/types\/post"}],"author":[{"embeddable":true,"href":"https:\/\/informelitoral.com.ar\/%77%70%2d%6a%73%6f%6e\/wp\/v2\/users\/2"}],"replies":[{"embeddable":true,"href":"https:\/\/informelitoral.com.ar\/%77%70%2d%6a%73%6f%6e\/wp\/v2\/comments?post=11976"}],"version-history":[{"count":0,"href":"https:\/\/informelitoral.com.ar\/%77%70%2d%6a%73%6f%6e\/wp\/v2\/posts\/11976\/revisions"}],"wp:attachment":[{"href":"https:\/\/informelitoral.com.ar\/%77%70%2d%6a%73%6f%6e\/wp\/v2\/media?parent=11976"}],"wp:term":[{"taxonomy":"category","embeddable":true,"href":"https:\/\/informelitoral.com.ar\/%77%70%2d%6a%73%6f%6e\/wp\/v2\/categories?post=11976"},{"taxonomy":"post_tag","embeddable":true,"href":"https:\/\/informelitoral.com.ar\/%77%70%2d%6a%73%6f%6e\/wp\/v2\/tags?post=11976"}],"curies":[{"name":"wp","href":"https:\/\/api.w.org\/{rel}","templated":true}]}}