{"id":11973,"date":"2015-10-01T10:03:45","date_gmt":"2015-10-01T13:03:45","guid":{"rendered":"http:\/\/www.isletasnoticias.com.ar\/?p=11973"},"modified":"2015-10-01T10:03:45","modified_gmt":"2015-10-01T13:03:45","slug":"comienza-la-distribucion-de-solicitudes-de-becas-secundarias","status":"publish","type":"post","link":"https:\/\/informelitoral.com.ar\/comienza-la-distribucion-de-solicitudes-de-becas-secundarias\/","title":{"rendered":"Comienza la distribuci\u00f3n de solicitudes de becas secundarias"},"content":{"rendered":"<p><strong>Desde este viernes, la unidad m\u00f3vil del Instituto Aut\u00e1rquico Becario Provincial (Inaubepro) recorrer\u00e1 distintas localidades entrerrianas iniciando la etapa de distribuci\u00f3n de solicitudes de becas secundarias. Las plazas, clubes y vecinales ser\u00e1n los lugares de atenci\u00f3n donde estar\u00e1 instalado el Becariom\u00f3vil. Los interesados deber\u00e1n llevar DNI del alumno. La actividad se iniciar\u00e1 en Paran\u00e1. En las oficinas se podr\u00e1n retirar los formularios desde el martes.<\/strong><br \/>\n<a href=\"http:\/\/www.isletasnoticias.com.ar\/%77%70%2d%63%6f%6e%74%65%6e%74\/uploads\/2015\/10\/b_1443702642.jpg\"><img loading=\"lazy\" decoding=\"async\" class=\"aligncenter size-full wp-image-11974\" src=\"http:\/\/www.isletasnoticias.com.ar\/%77%70%2d%63%6f%6e%74%65%6e%74\/uploads\/2015\/10\/b_1443702642.jpg\" alt=\"b_1443702642\" width=\"492\" height=\"329\" srcset=\"https:\/\/informelitoral.com.ar\/%77%70%2d%63%6f%6e%74%65%6e%74\/uploads\/2015\/10\/b_1443702642.jpg 492w, https:\/\/informelitoral.com.ar\/%77%70%2d%63%6f%6e%74%65%6e%74\/uploads\/2015\/10\/b_1443702642-300x201.jpg 300w\" sizes=\"auto, (max-width: 492px) 100vw, 492px\" \/><\/a> Como cada a\u00f1o, en octubre se iniciauna importante etapa para el Instituto Becario Provincial, con la distribuci\u00f3n de formularios de becas.<\/p>\n<p>A partir de este viernes el organismo comenzar\u00e1 a recorrer puntos de distintas ciudades de la provincia para acercar el Instituto al estudiantado. Alumnos de nivel secundario podr\u00e1n visitar el Becariom\u00f3vil para asesorarse, pedir su formulario y llevarse informaci\u00f3n sobre c\u00f3mo completarlo y cuando presentarlo.<\/p>\n<p>La recorrida se iniciar\u00e1 en Paran\u00e1, este viernes, visitando siete barrios, y se extender\u00e1 a unos 40 puntos en el recorrido provincial.<\/p>\n<p>La directora Ejecutiva del Inaubepro, Mayda Cresto: \u201cVolveremos a trabajar con comisiones vecinales, clubes, y otras instituciones intermedias que nos ayudan en la convocatoria, difusi\u00f3n y desarrollo general de las actividades. La distribuci\u00f3n no es s\u00f3lo una formalidad, sino es un espacio para charlar, para explicar porqu\u00e9 el estudiante est\u00e1 en condiciones de tramitarla o porqu\u00e9 no, porqu\u00e9 se otorga la beca deportiva y a qui\u00e9n est\u00e1 destinada las de mejores promedios\u201d, ejemplific\u00f3 la funcionario.<\/p>\n<p>Dijo que durante esta gesti\u00f3n de gobierno \u201cmejoramos la comunicaci\u00f3n con los entrerrianos y el formulario de beca ahora est\u00e1 al alcance de todos\u201d y detall\u00f3 que los interesados deben acercarse con el DNI del alumno y, respondiendo simples preguntas, se les otorgar\u00e1 el del Programa correspondiente.<\/p>\n<p>La recorrida iniciar\u00e1 este viernes en la capital provincial, tendr\u00e1 continuidad el s\u00e1bado en Victoria y Diamante; lunes y martes volver\u00e1 a Paran\u00e1, el mi\u00e9rcoles en Gualeguaych\u00fa y Concepci\u00f3n del Uruguay; y el jueves y viernes en Concordia.<\/p>\n<p>Por otra parte, la entrega en la Casa Central y en las Delegaciones iniciar\u00e1 el martes 13 de octubre en el horario habitual de oficina, mientras que tambi\u00e9n ir\u00e1n llegando las solicitudes de renovaci\u00f3n a las escuelas y las autoridades educativas continuar\u00e1n haciendo de nexo con los alumnos que ya han sido becados los a\u00f1os previos. Estos tendr\u00e1n su formulario 2016 con una etiqueta con su nombre para que vuelvan a completar y presentar su solicitud.<\/p>\n","protected":false},"excerpt":{"rendered":"<p>Desde este viernes, la unidad m&oacute;vil del Instituto Aut&aacute;rquico Becario Provincial (Inaubepro) recorrer&aacute; distintas localidades entrerrianas iniciando la etapa de distribuci&oacute;n de solicitudes de becas secundarias. Las plazas, clubes y vecinales ser&aacute;n los lugares de atenci&oacute;n donde estar&aacute; instalado el Becariom&oacute;vil. Los interesados deber&aacute;n llevar DNI del alumno. La actividad se iniciar&aacute; en Paran&aacute;. En [&hellip;]<\/p>\n","protected":false},"author":2,"featured_media":0,"comment_status":"open","ping_status":"open","sticky":false,"template":"","format":"standard","meta":{"fifu_image_url":"","fifu_image_alt":"","footnotes":""},"categories":[6],"tags":[],"class_list":{"0":"post-11973","1":"post","2":"type-post","3":"status-publish","4":"format-standard","6":"category-entre-rios"},"yoast_head":"<title>Comienza la distribuci\u00f3n de solicitudes de becas secundarias - Informe Litoral<\/title>\n<meta name=\"robots\" content=\"index, follow, max-snippet:-1, max-image-preview:large, max-video-preview:-1\" \/>\n<link rel=\"canonical\" href=\"https:\/\/informelitoral.com.ar\/comienza-la-distribucion-de-solicitudes-de-becas-secundarias\/\" \/>\n<meta property=\"og:locale\" content=\"es_ES\" \/>\n<meta property=\"og:type\" content=\"article\" \/>\n<meta property=\"og:title\" content=\"Comienza la distribuci\u00f3n de solicitudes de becas secundarias - Informe Litoral\" \/>\n<meta property=\"og:description\" content=\"Desde este viernes, la unidad m&oacute;vil del Instituto Aut&aacute;rquico Becario Provincial (Inaubepro) recorrer&aacute; distintas localidades entrerrianas iniciando la etapa de distribuci&oacute;n de solicitudes de becas secundarias. Las plazas, clubes y vecinales ser&aacute;n los lugares de atenci&oacute;n donde estar&aacute; instalado el Becariom&oacute;vil. Los interesados deber&aacute;n llevar DNI del alumno. La actividad se iniciar&aacute; en Paran&aacute;. En [&hellip;]\" \/>\n<meta property=\"og:url\" content=\"https:\/\/informelitoral.com.ar\/comienza-la-distribucion-de-solicitudes-de-becas-secundarias\/\" \/>\n<meta property=\"og:site_name\" content=\"Informe Litoral\" \/>\n<meta property=\"article:publisher\" content=\"https:\/\/www.facebook.com\/informelitoral\/\" \/>\n<meta property=\"article:published_time\" content=\"2015-10-01T13:03:45+00:00\" \/>\n<meta property=\"og:image\" content=\"https:\/\/informelitoral.com.ar\/%77%70%2d%63%6f%6e%74%65%6e%74\/uploads\/2015\/10\/b_1443702642.jpg\" \/>\n\t<meta property=\"og:image:width\" content=\"492\" \/>\n\t<meta property=\"og:image:height\" content=\"329\" \/>\n\t<meta property=\"og:image:type\" content=\"image\/jpeg\" \/>\n<meta name=\"author\" content=\"Gonzalo Schmidt\" \/>\n<meta name=\"twitter:card\" content=\"summary_large_image\" \/>\n<meta name=\"twitter:creator\" content=\"@InformeLitoral\" \/>\n<meta name=\"twitter:site\" content=\"@InformeLitoral\" \/>\n<meta name=\"twitter:label1\" content=\"Escrito por\" \/>\n\t<meta name=\"twitter:data1\" content=\"Gonzalo Schmidt\" \/>\n\t<meta name=\"twitter:label2\" content=\"Tiempo de lectura\" \/>\n\t<meta name=\"twitter:data2\" content=\"2 minutos\" \/>\n<script type=\"application\/ld+json\" class=\"yoast-schema-graph\">{\"@context\":\"https:\\\/\\\/schema.org\",\"@graph\":[{\"@type\":\"Article\",\"@id\":\"https:\\\/\\\/informelitoral.com.ar\\\/comienza-la-distribucion-de-solicitudes-de-becas-secundarias\\\/#article\",\"isPartOf\":{\"@id\":\"https:\\\/\\\/informelitoral.com.ar\\\/comienza-la-distribucion-de-solicitudes-de-becas-secundarias\\\/\"},\"author\":{\"name\":\"Gonzalo Schmidt\",\"@id\":\"https:\\\/\\\/informelitoral.com.ar\\\/#\\\/schema\\\/person\\\/b9d00407c836482871ef1d57bf8e3180\"},\"headline\":\"Comienza la distribuci\u00f3n de solicitudes de becas secundarias\",\"datePublished\":\"2015-10-01T13:03:45+00:00\",\"mainEntityOfPage\":{\"@id\":\"https:\\\/\\\/informelitoral.com.ar\\\/comienza-la-distribucion-de-solicitudes-de-becas-secundarias\\\/\"},\"wordCount\":424,\"commentCount\":0,\"publisher\":{\"@id\":\"https:\\\/\\\/informelitoral.com.ar\\\/#organization\"},\"image\":{\"@id\":\"https:\\\/\\\/informelitoral.com.ar\\\/comienza-la-distribucion-de-solicitudes-de-becas-secundarias\\\/#primaryimage\"},\"thumbnailUrl\":\"http:\\\/\\\/www.isletasnoticias.com.ar\\\/%77%70%2d%63%6f%6e%74%65%6e%74\\\/uploads\\\/2015\\\/10\\\/b_1443702642.jpg\",\"articleSection\":[\"Entre R\u00edos\"],\"inLanguage\":\"es\",\"potentialAction\":[{\"@type\":\"CommentAction\",\"name\":\"Comment\",\"target\":[\"https:\\\/\\\/informelitoral.com.ar\\\/comienza-la-distribucion-de-solicitudes-de-becas-secundarias\\\/#respond\"]}]},{\"@type\":\"WebPage\",\"@id\":\"https:\\\/\\\/informelitoral.com.ar\\\/comienza-la-distribucion-de-solicitudes-de-becas-secundarias\\\/\",\"url\":\"https:\\\/\\\/informelitoral.com.ar\\\/comienza-la-distribucion-de-solicitudes-de-becas-secundarias\\\/\",\"name\":\"Comienza la distribuci\u00f3n de solicitudes de becas secundarias - Informe Litoral\",\"isPartOf\":{\"@id\":\"https:\\\/\\\/informelitoral.com.ar\\\/#website\"},\"primaryImageOfPage\":{\"@id\":\"https:\\\/\\\/informelitoral.com.ar\\\/comienza-la-distribucion-de-solicitudes-de-becas-secundarias\\\/#primaryimage\"},\"image\":{\"@id\":\"https:\\\/\\\/informelitoral.com.ar\\\/comienza-la-distribucion-de-solicitudes-de-becas-secundarias\\\/#primaryimage\"},\"thumbnailUrl\":\"http:\\\/\\\/www.isletasnoticias.com.ar\\\/%77%70%2d%63%6f%6e%74%65%6e%74\\\/uploads\\\/2015\\\/10\\\/b_1443702642.jpg\",\"datePublished\":\"2015-10-01T13:03:45+00:00\",\"breadcrumb\":{\"@id\":\"https:\\\/\\\/informelitoral.com.ar\\\/comienza-la-distribucion-de-solicitudes-de-becas-secundarias\\\/#breadcrumb\"},\"inLanguage\":\"es\",\"potentialAction\":[{\"@type\":\"ReadAction\",\"target\":[\"https:\\\/\\\/informelitoral.com.ar\\\/comienza-la-distribucion-de-solicitudes-de-becas-secundarias\\\/\"]}]},{\"@type\":\"ImageObject\",\"inLanguage\":\"es\",\"@id\":\"https:\\\/\\\/informelitoral.com.ar\\\/comienza-la-distribucion-de-solicitudes-de-becas-secundarias\\\/#primaryimage\",\"url\":\"http:\\\/\\\/www.isletasnoticias.com.ar\\\/%77%70%2d%63%6f%6e%74%65%6e%74\\\/uploads\\\/2015\\\/10\\\/b_1443702642.jpg\",\"contentUrl\":\"http:\\\/\\\/www.isletasnoticias.com.ar\\\/%77%70%2d%63%6f%6e%74%65%6e%74\\\/uploads\\\/2015\\\/10\\\/b_1443702642.jpg\"},{\"@type\":\"BreadcrumbList\",\"@id\":\"https:\\\/\\\/informelitoral.com.ar\\\/comienza-la-distribucion-de-solicitudes-de-becas-secundarias\\\/#breadcrumb\",\"itemListElement\":[{\"@type\":\"ListItem\",\"position\":1,\"name\":\"Portada\",\"item\":\"https:\\\/\\\/informelitoral.com.ar\\\/\"},{\"@type\":\"ListItem\",\"position\":2,\"name\":\"Comienza la distribuci\u00f3n de solicitudes de becas secundarias\"}]},{\"@type\":\"WebSite\",\"@id\":\"https:\\\/\\\/informelitoral.com.ar\\\/#website\",\"url\":\"https:\\\/\\\/informelitoral.com.ar\\\/\",\"name\":\"Informe Litoral\",\"description\":\"&quot;Nos informamos&quot; \",\"publisher\":{\"@id\":\"https:\\\/\\\/informelitoral.com.ar\\\/#organization\"},\"potentialAction\":[{\"@type\":\"SearchAction\",\"target\":{\"@type\":\"EntryPoint\",\"urlTemplate\":\"https:\\\/\\\/informelitoral.com.ar\\\/?s={search_term_string}\"},\"query-input\":{\"@type\":\"PropertyValueSpecification\",\"valueRequired\":true,\"valueName\":\"search_term_string\"}}],\"inLanguage\":\"es\"},{\"@type\":\"Organization\",\"@id\":\"https:\\\/\\\/informelitoral.com.ar\\\/#organization\",\"name\":\"Informe Litoral\",\"url\":\"https:\\\/\\\/informelitoral.com.ar\\\/\",\"logo\":{\"@type\":\"ImageObject\",\"inLanguage\":\"es\",\"@id\":\"https:\\\/\\\/informelitoral.com.ar\\\/#\\\/schema\\\/logo\\\/image\\\/\",\"url\":\"https:\\\/\\\/informelitoral.com.ar\\\/%77%70%2d%63%6f%6e%74%65%6e%74\\\/uploads\\\/2021\\\/01\\\/circulo.png\",\"contentUrl\":\"https:\\\/\\\/informelitoral.com.ar\\\/%77%70%2d%63%6f%6e%74%65%6e%74\\\/uploads\\\/2021\\\/01\\\/circulo.png\",\"width\":723,\"height\":731,\"caption\":\"Informe Litoral\"},\"image\":{\"@id\":\"https:\\\/\\\/informelitoral.com.ar\\\/#\\\/schema\\\/logo\\\/image\\\/\"},\"sameAs\":[\"https:\\\/\\\/www.facebook.com\\\/informelitoral\\\/\",\"https:\\\/\\\/x.com\\\/InformeLitoral\",\"https:\\\/\\\/www.instagram.com\\\/informelitoral\\\/\",\"https:\\\/\\\/www.youtube.com\\\/channel\\\/UCua4Qvz8Icb6MYqhoq9xLXw\"]},{\"@type\":\"Person\",\"@id\":\"https:\\\/\\\/informelitoral.com.ar\\\/#\\\/schema\\\/person\\\/b9d00407c836482871ef1d57bf8e3180\",\"name\":\"Gonzalo Schmidt\",\"image\":{\"@type\":\"ImageObject\",\"inLanguage\":\"es\",\"@id\":\"https:\\\/\\\/secure.gravatar.com\\\/avatar\\\/31a1a7b66ff2de83bd0e9fd79d026630d2d99e55e8bfe501287647b4fd9743de?s=96&d=mm&r=g\",\"url\":\"https:\\\/\\\/secure.gravatar.com\\\/avatar\\\/31a1a7b66ff2de83bd0e9fd79d026630d2d99e55e8bfe501287647b4fd9743de?s=96&d=mm&r=g\",\"contentUrl\":\"https:\\\/\\\/secure.gravatar.com\\\/avatar\\\/31a1a7b66ff2de83bd0e9fd79d026630d2d99e55e8bfe501287647b4fd9743de?s=96&d=mm&r=g\",\"caption\":\"Gonzalo Schmidt\"},\"description\":\"Sitio web de noticias de la provincia de Entre R\u00edos, Argentina. Informaci\u00f3n y entretenimiento. Informe Litoral, nos informamos.\",\"sameAs\":[\"http:\\\/\\\/www.isletasnoticias.com.ar\"],\"url\":\"https:\\\/\\\/informelitoral.com.ar\\\/author\\\/gonzalo\\\/\"}]}<\/script>","yoast_head_json":{"title":"Comienza la distribuci\u00f3n de solicitudes de becas secundarias - Informe Litoral","robots":{"index":"index","follow":"follow","max-snippet":"max-snippet:-1","max-image-preview":"max-image-preview:large","max-video-preview":"max-video-preview:-1"},"canonical":"https:\/\/informelitoral.com.ar\/comienza-la-distribucion-de-solicitudes-de-becas-secundarias\/","og_locale":"es_ES","og_type":"article","og_title":"Comienza la distribuci\u00f3n de solicitudes de becas secundarias - Informe Litoral","og_description":"Desde este viernes, la unidad m&oacute;vil del Instituto Aut&aacute;rquico Becario Provincial (Inaubepro) recorrer&aacute; distintas localidades entrerrianas iniciando la etapa de distribuci&oacute;n de solicitudes de becas secundarias. Las plazas, clubes y vecinales ser&aacute;n los lugares de atenci&oacute;n donde estar&aacute; instalado el Becariom&oacute;vil. Los interesados deber&aacute;n llevar DNI del alumno. La actividad se iniciar&aacute; en Paran&aacute;. En [&hellip;]","og_url":"https:\/\/informelitoral.com.ar\/comienza-la-distribucion-de-solicitudes-de-becas-secundarias\/","og_site_name":"Informe Litoral","article_publisher":"https:\/\/www.facebook.com\/informelitoral\/","article_published_time":"2015-10-01T13:03:45+00:00","og_image":[{"width":492,"height":329,"url":"https:\/\/informelitoral.com.ar\/%77%70%2d%63%6f%6e%74%65%6e%74\/uploads\/2015\/10\/b_1443702642.jpg","type":"image\/jpeg"}],"author":"Gonzalo Schmidt","twitter_card":"summary_large_image","twitter_creator":"@InformeLitoral","twitter_site":"@InformeLitoral","twitter_misc":{"Escrito por":"Gonzalo Schmidt","Tiempo de lectura":"2 minutos"},"schema":{"@context":"https:\/\/schema.org","@graph":[{"@type":"Article","@id":"https:\/\/informelitoral.com.ar\/comienza-la-distribucion-de-solicitudes-de-becas-secundarias\/#article","isPartOf":{"@id":"https:\/\/informelitoral.com.ar\/comienza-la-distribucion-de-solicitudes-de-becas-secundarias\/"},"author":{"name":"Gonzalo Schmidt","@id":"https:\/\/informelitoral.com.ar\/#\/schema\/person\/b9d00407c836482871ef1d57bf8e3180"},"headline":"Comienza la distribuci\u00f3n de solicitudes de becas secundarias","datePublished":"2015-10-01T13:03:45+00:00","mainEntityOfPage":{"@id":"https:\/\/informelitoral.com.ar\/comienza-la-distribucion-de-solicitudes-de-becas-secundarias\/"},"wordCount":424,"commentCount":0,"publisher":{"@id":"https:\/\/informelitoral.com.ar\/#organization"},"image":{"@id":"https:\/\/informelitoral.com.ar\/comienza-la-distribucion-de-solicitudes-de-becas-secundarias\/#primaryimage"},"thumbnailUrl":"http:\/\/www.isletasnoticias.com.ar\/%77%70%2d%63%6f%6e%74%65%6e%74\/uploads\/2015\/10\/b_1443702642.jpg","articleSection":["Entre R\u00edos"],"inLanguage":"es","potentialAction":[{"@type":"CommentAction","name":"Comment","target":["https:\/\/informelitoral.com.ar\/comienza-la-distribucion-de-solicitudes-de-becas-secundarias\/#respond"]}]},{"@type":"WebPage","@id":"https:\/\/informelitoral.com.ar\/comienza-la-distribucion-de-solicitudes-de-becas-secundarias\/","url":"https:\/\/informelitoral.com.ar\/comienza-la-distribucion-de-solicitudes-de-becas-secundarias\/","name":"Comienza la distribuci\u00f3n de solicitudes de becas secundarias - Informe Litoral","isPartOf":{"@id":"https:\/\/informelitoral.com.ar\/#website"},"primaryImageOfPage":{"@id":"https:\/\/informelitoral.com.ar\/comienza-la-distribucion-de-solicitudes-de-becas-secundarias\/#primaryimage"},"image":{"@id":"https:\/\/informelitoral.com.ar\/comienza-la-distribucion-de-solicitudes-de-becas-secundarias\/#primaryimage"},"thumbnailUrl":"http:\/\/www.isletasnoticias.com.ar\/%77%70%2d%63%6f%6e%74%65%6e%74\/uploads\/2015\/10\/b_1443702642.jpg","datePublished":"2015-10-01T13:03:45+00:00","breadcrumb":{"@id":"https:\/\/informelitoral.com.ar\/comienza-la-distribucion-de-solicitudes-de-becas-secundarias\/#breadcrumb"},"inLanguage":"es","potentialAction":[{"@type":"ReadAction","target":["https:\/\/informelitoral.com.ar\/comienza-la-distribucion-de-solicitudes-de-becas-secundarias\/"]}]},{"@type":"ImageObject","inLanguage":"es","@id":"https:\/\/informelitoral.com.ar\/comienza-la-distribucion-de-solicitudes-de-becas-secundarias\/#primaryimage","url":"http:\/\/www.isletasnoticias.com.ar\/%77%70%2d%63%6f%6e%74%65%6e%74\/uploads\/2015\/10\/b_1443702642.jpg","contentUrl":"http:\/\/www.isletasnoticias.com.ar\/%77%70%2d%63%6f%6e%74%65%6e%74\/uploads\/2015\/10\/b_1443702642.jpg"},{"@type":"BreadcrumbList","@id":"https:\/\/informelitoral.com.ar\/comienza-la-distribucion-de-solicitudes-de-becas-secundarias\/#breadcrumb","itemListElement":[{"@type":"ListItem","position":1,"name":"Portada","item":"https:\/\/informelitoral.com.ar\/"},{"@type":"ListItem","position":2,"name":"Comienza la distribuci\u00f3n de solicitudes de becas secundarias"}]},{"@type":"WebSite","@id":"https:\/\/informelitoral.com.ar\/#website","url":"https:\/\/informelitoral.com.ar\/","name":"Informe Litoral","description":"&quot;Nos informamos&quot; ","publisher":{"@id":"https:\/\/informelitoral.com.ar\/#organization"},"potentialAction":[{"@type":"SearchAction","target":{"@type":"EntryPoint","urlTemplate":"https:\/\/informelitoral.com.ar\/?s={search_term_string}"},"query-input":{"@type":"PropertyValueSpecification","valueRequired":true,"valueName":"search_term_string"}}],"inLanguage":"es"},{"@type":"Organization","@id":"https:\/\/informelitoral.com.ar\/#organization","name":"Informe Litoral","url":"https:\/\/informelitoral.com.ar\/","logo":{"@type":"ImageObject","inLanguage":"es","@id":"https:\/\/informelitoral.com.ar\/#\/schema\/logo\/image\/","url":"https:\/\/informelitoral.com.ar\/%77%70%2d%63%6f%6e%74%65%6e%74\/uploads\/2021\/01\/circulo.png","contentUrl":"https:\/\/informelitoral.com.ar\/%77%70%2d%63%6f%6e%74%65%6e%74\/uploads\/2021\/01\/circulo.png","width":723,"height":731,"caption":"Informe Litoral"},"image":{"@id":"https:\/\/informelitoral.com.ar\/#\/schema\/logo\/image\/"},"sameAs":["https:\/\/www.facebook.com\/informelitoral\/","https:\/\/x.com\/InformeLitoral","https:\/\/www.instagram.com\/informelitoral\/","https:\/\/www.youtube.com\/channel\/UCua4Qvz8Icb6MYqhoq9xLXw"]},{"@type":"Person","@id":"https:\/\/informelitoral.com.ar\/#\/schema\/person\/b9d00407c836482871ef1d57bf8e3180","name":"Gonzalo Schmidt","image":{"@type":"ImageObject","inLanguage":"es","@id":"https:\/\/secure.gravatar.com\/avatar\/31a1a7b66ff2de83bd0e9fd79d026630d2d99e55e8bfe501287647b4fd9743de?s=96&d=mm&r=g","url":"https:\/\/secure.gravatar.com\/avatar\/31a1a7b66ff2de83bd0e9fd79d026630d2d99e55e8bfe501287647b4fd9743de?s=96&d=mm&r=g","contentUrl":"https:\/\/secure.gravatar.com\/avatar\/31a1a7b66ff2de83bd0e9fd79d026630d2d99e55e8bfe501287647b4fd9743de?s=96&d=mm&r=g","caption":"Gonzalo Schmidt"},"description":"Sitio web de noticias de la provincia de Entre R\u00edos, Argentina. Informaci\u00f3n y entretenimiento. Informe Litoral, nos informamos.","sameAs":["http:\/\/www.isletasnoticias.com.ar"],"url":"https:\/\/informelitoral.com.ar\/author\/gonzalo\/"}]}},"_links":{"self":[{"href":"https:\/\/informelitoral.com.ar\/%77%70%2d%6a%73%6f%6e\/wp\/v2\/posts\/11973","targetHints":{"allow":["GET"]}}],"collection":[{"href":"https:\/\/informelitoral.com.ar\/%77%70%2d%6a%73%6f%6e\/wp\/v2\/posts"}],"about":[{"href":"https:\/\/informelitoral.com.ar\/%77%70%2d%6a%73%6f%6e\/wp\/v2\/types\/post"}],"author":[{"embeddable":true,"href":"https:\/\/informelitoral.com.ar\/%77%70%2d%6a%73%6f%6e\/wp\/v2\/users\/2"}],"replies":[{"embeddable":true,"href":"https:\/\/informelitoral.com.ar\/%77%70%2d%6a%73%6f%6e\/wp\/v2\/comments?post=11973"}],"version-history":[{"count":0,"href":"https:\/\/informelitoral.com.ar\/%77%70%2d%6a%73%6f%6e\/wp\/v2\/posts\/11973\/revisions"}],"wp:attachment":[{"href":"https:\/\/informelitoral.com.ar\/%77%70%2d%6a%73%6f%6e\/wp\/v2\/media?parent=11973"}],"wp:term":[{"taxonomy":"category","embeddable":true,"href":"https:\/\/informelitoral.com.ar\/%77%70%2d%6a%73%6f%6e\/wp\/v2\/categories?post=11973"},{"taxonomy":"post_tag","embeddable":true,"href":"https:\/\/informelitoral.com.ar\/%77%70%2d%6a%73%6f%6e\/wp\/v2\/tags?post=11973"}],"curies":[{"name":"wp","href":"https:\/\/api.w.org\/{rel}","templated":true}]}}